{"id":41918,"date":"2023-09-04T09:44:36","date_gmt":"2023-09-04T12:44:36","guid":{"rendered":"http:\/\/www.radiohorizonte.fm\/radio\/?p=41918"},"modified":"2023-09-04T09:44:36","modified_gmt":"2023-09-04T12:44:36","slug":"la-ciudad-de-corrientes-tendra-pasafaunas-para-ayudar-los-monos-caraya","status":"publish","type":"post","link":"http:\/\/www.radiohorizonte.fm\/radio\/2023\/09\/04\/la-ciudad-de-corrientes-tendra-pasafaunas-para-ayudar-los-monos-caraya\/","title":{"rendered":"La ciudad de Corrientes tendr\u00e1 pasafaunas para ayudar a los monos caray\u00e1"},"content":{"rendered":"<div class=\"item is-12 mnp\">\n<div class=\"articulo__intro\">Se trata de un\u00a0proyecto que inici\u00f3 a\u00f1os atr\u00e1s en la localidad de Riachuelo junto a la Estaci\u00f3n Biol\u00f3gica del Conicet.<\/div>\n<\/div>\n<div class=\"item articulo__main\">\u00a0<img loading=\"lazy\" decoding=\"async\" class=\"alignnone size-full wp-image-41919\" src=\"http:\/\/www.radiohorizonte.fm\/radio\/wp-content\/uploads\/2023\/09\/1693756002157.jpg\" alt=\"\" width=\"770\" height=\"440\" srcset=\"http:\/\/www.radiohorizonte.fm\/radio\/wp-content\/uploads\/2023\/09\/1693756002157.jpg 770w, http:\/\/www.radiohorizonte.fm\/radio\/wp-content\/uploads\/2023\/09\/1693756002157-300x171.jpg 300w, http:\/\/www.radiohorizonte.fm\/radio\/wp-content\/uploads\/2023\/09\/1693756002157-768x439.jpg 768w, http:\/\/www.radiohorizonte.fm\/radio\/wp-content\/uploads\/2023\/09\/1693756002157-65x37.jpg 65w, http:\/\/www.radiohorizonte.fm\/radio\/wp-content\/uploads\/2023\/09\/1693756002157-320x183.jpg 320w, http:\/\/www.radiohorizonte.fm\/radio\/wp-content\/uploads\/2023\/09\/1693756002157-85x49.jpg 85w, http:\/\/www.radiohorizonte.fm\/radio\/wp-content\/uploads\/2023\/09\/1693756002157-220x125.jpg 220w, http:\/\/www.radiohorizonte.fm\/radio\/wp-content\/uploads\/2023\/09\/1693756002157-90x51.jpg 90w\" sizes=\"auto, (max-width: 770px) 100vw, 770px\" \/><\/div>\n<div>\n<p>La Estaci\u00f3n Biol\u00f3gica Corrientes (EBCo &#8211; CECOAL &#8211; CONICET &#8211; UNNE) y la Secretaria de Bienestar Animal de la Municipalidad de Corrientes realizaron una actividad en la Escuela Normal Jos\u00e9 Manuel Estrada, junto con estudiantes\u00a0de 5C y la profesora de biolog\u00eda Alicia Carmen Lavrovich.<\/p>\n<p>En conjunto, armaron un pasafauna para que los monos caray\u00e1 puedan desplazarse por sectores urbanos y evitar la v\u00eda p\u00fablica as\u00ed como el tendido de electricidad.<\/p>\n<p>El taller se denomina: &#8220;Conservaci\u00f3n de la biodiversidad, problem\u00e1ticas a nivel regional y local. Monos aulladores negros y dorados (Alouatta caraya) como especie bandera&#8221;. La propuesta surgi\u00f3 a\u00f1os atr\u00e1s y comenz\u00f3 a implementarse inicialmente en la localidad de Riachuelo, cercana a la capital.<\/p>\n<p>Por lo tanto, este es el primer pasafauna que instalar\u00e1n en Corrientes, con la idea de convertirla en una ciudad m\u00e1s amigable con la biodiversidad.<\/p>\n<div class=\"container_publi\" data-tipo=\"tipo_desktop \" data-pos=\"AMP_P1_cuerpo\"><\/div>\n<div class=\"fixed-container f_height\"><img decoding=\"async\" class=\"i-amphtml-fill-content i-amphtml-replaced-content\" src=\"https:\/\/pxc.cdn.ellitoral.com.ar\/litoral\/092023\/1693755288406\/F444EO7XcAA0iEY.webp?cw=1200&amp;ch=874&amp;extw=jpg\" alt=\"La ciudad de Corrientes tendr\u00e1 pasafaunas para ayudar a los monos caray\u00e1\" \/><\/div>\n<p>El proyecto est\u00e1 orientado a preservar las poblaciones de monos de la zona y de otras especies de animales arbor\u00edcolas, que se ven afectadas por el tr\u00e1nsito vehicular.<\/p>\n<p>Incluso el barrio donde est\u00e1 la escuela, a orillas del r\u00edo Paran\u00e1, es un lugar de recurrente aparici\u00f3n de monos caray\u00e1. Aunque, aclararon, todav\u00eda no est\u00e1 definido d\u00f3nde instalar\u00e1n este pasafauna elaborado con estudiantes.<\/p>\n<div class=\"fixed-container f_height\"><img decoding=\"async\" class=\"i-amphtml-fill-content i-amphtml-replaced-content\" src=\"https:\/\/pxc.cdn.ellitoral.com.ar\/litoral\/092023\/1693755309883\/F444FcOXsAAXraK.webp?cw=1200&amp;ch=937&amp;extw=jpg\" alt=\"La ciudad de Corrientes tendr\u00e1 pasafaunas para ayudar a los monos caray\u00e1\" \/><\/div>\n<div class=\"container_publi\" data-tipo=\"tipo_desktop \" data-pos=\"AMP_P2_cuerpo\"><\/div>\n<p>&#8220;Con los alumnxs trabajamos en distintas problem\u00e1ticas que enfrentan a diario los monos aulladores en la provincia y pensamos posibles soluciones. Esperamos que este trabajo se replique en distintas instituciones y podamos trabajar en conjunto por la conservaci\u00f3n de esta especie emblem\u00e1tica de nuestra provincia&#8221;, explicaron desde la EBCo.<\/p>\n<div class=\"fixed-container f_height\"><img decoding=\"async\" class=\"i-amphtml-fill-content i-amphtml-replaced-content\" src=\"https:\/\/pxc.cdn.ellitoral.com.ar\/litoral\/092023\/1693755401404\/WhatsApp%20Image%202023-09-01%20at%208.44.19%20AM.webp?cw=844&amp;ch=1500&amp;extw=jpeg\" alt=\"La ciudad de Corrientes tendr\u00e1 pasafaunas para ayudar a los monos caray\u00e1\" \/><\/div>\n<p>La Estaci\u00f3n Biol\u00f3gica Corrientes depende del Centro de Ecolog\u00eda Aplicada del Litoral (CECOAL) y por ende, del Consejo Nacional de Investigaciones Cient\u00edficas y T\u00e9cnicas (CONICET). Posee unas cien hect\u00e1reas de superficie y su director es el investigador adjunto, doctor Mart\u00edn Kowalewski, quien trabaja all\u00ed con t\u00e9cnicos y becarios.<\/p>\n<p>All\u00ed los estudios est\u00e1n principalmente enfocados en primates, como ser enfermedades infecciosas, relaciones de amistad, perfiles hormonales y estrategias reproductivas, comportamientos juveniles en monos, etc.<\/p>\n<p>Fuente: El Litoral<\/p>\n<\/div>\n","protected":false},"excerpt":{"rendered":"<div class=\"post-excerpt\"><p>Se trata de un\u00a0proyecto que inici\u00f3 a\u00f1os atr\u00e1s en la localidad de Riachuelo junto a la Estaci\u00f3n Biol\u00f3gica del Conicet. \u00a0 La Estaci\u00f3n Biol\u00f3gica Corrientes (EBCo &#8211; CECOAL &#8211; CONICET &#8211; UNNE) y la Secretaria de Bienestar Animal de la Municipalidad de Corrientes realizaron una actividad en la Escuela Normal Jos\u00e9 Manuel Estrada, junto con<\/p>\n<\/div>","protected":false},"author":2,"featured_media":41919,"comment_status":"closed","ping_status":"closed","sticky":false,"template":"","format":"standard","meta":{"_acf_changed":false,"footnotes":""},"categories":[2],"tags":[],"class_list":["post-41918","post","type-post","status-publish","format-standard","has-post-thumbnail","hentry","category-noticias"],"acf":[],"yoast_head":"<!-- This site is optimized with the Yoast SEO plugin v28.1 - https:\/\/yoast.com\/product\/yoast-seo-wordpress\/ -->\n<title>La ciudad de Corrientes tendr\u00e1 pasafaunas para ayudar a los monos caray\u00e1 - Horizonte<\/title>\n<meta name=\"robots\" content=\"index, follow, max-snippet:-1, max-image-preview:large, max-video-preview:-1\" \/>\n<link rel=\"canonical\" href=\"http:\/\/www.radiohorizonte.fm\/radio\/2023\/09\/04\/la-ciudad-de-corrientes-tendra-pasafaunas-para-ayudar-los-monos-caraya\/\" \/>\n<meta property=\"og:locale\" content=\"es_ES\" \/>\n<meta property=\"og:type\" content=\"article\" \/>\n<meta property=\"og:title\" content=\"La ciudad de Corrientes tendr\u00e1 pasafaunas para ayudar a los monos caray\u00e1 - Horizonte\" \/>\n<meta property=\"og:description\" content=\"Se trata de un\u00a0proyecto que inici\u00f3 a\u00f1os atr\u00e1s en la localidad de Riachuelo junto a la Estaci\u00f3n Biol\u00f3gica del Conicet. \u00a0 La Estaci\u00f3n Biol\u00f3gica Corrientes (EBCo &#8211; CECOAL &#8211; CONICET &#8211; UNNE) y la Secretaria de Bienestar Animal de la Municipalidad de Corrientes realizaron una actividad en la Escuela Normal Jos\u00e9 Manuel Estrada, junto con\" \/>\n<meta property=\"og:url\" content=\"http:\/\/www.radiohorizonte.fm\/radio\/2023\/09\/04\/la-ciudad-de-corrientes-tendra-pasafaunas-para-ayudar-los-monos-caraya\/\" \/>\n<meta property=\"og:site_name\" content=\"Horizonte\" \/>\n<meta property=\"article:publisher\" content=\"http:\/\/www.facebook.com\/HORIZONTE106.1\" \/>\n<meta property=\"article:published_time\" content=\"2023-09-04T12:44:36+00:00\" \/>\n<meta property=\"og:image\" content=\"http:\/\/www.radiohorizonte.fm\/radio\/wp-content\/uploads\/2023\/09\/1693756002157.jpg\" \/>\n\t<meta property=\"og:image:width\" content=\"770\" \/>\n\t<meta property=\"og:image:height\" content=\"440\" \/>\n\t<meta property=\"og:image:type\" content=\"image\/jpeg\" \/>\n<meta name=\"author\" content=\"Cristian Galarza\" \/>\n<meta name=\"twitter:card\" content=\"summary_large_image\" \/>\n<meta name=\"twitter:creator\" content=\"@fmhorizonte1061\" \/>\n<meta name=\"twitter:site\" content=\"@fmhorizonte1061\" \/>\n<meta name=\"twitter:label1\" content=\"Escrito por\" \/>\n\t<meta name=\"twitter:data1\" content=\"Cristian Galarza\" \/>\n\t<meta name=\"twitter:label2\" content=\"Tiempo de lectura\" \/>\n\t<meta name=\"twitter:data2\" content=\"2 minutos\" \/>\n<script type=\"application\/ld+json\" class=\"yoast-schema-graph\">{\"@context\":\"https:\\\/\\\/schema.org\",\"@graph\":[{\"@type\":\"Article\",\"@id\":\"http:\\\/\\\/www.radiohorizonte.fm\\\/radio\\\/2023\\\/09\\\/04\\\/la-ciudad-de-corrientes-tendra-pasafaunas-para-ayudar-los-monos-caraya\\\/#article\",\"isPartOf\":{\"@id\":\"http:\\\/\\\/www.radiohorizonte.fm\\\/radio\\\/2023\\\/09\\\/04\\\/la-ciudad-de-corrientes-tendra-pasafaunas-para-ayudar-los-monos-caraya\\\/\"},\"author\":{\"name\":\"Cristian Galarza\",\"@id\":\"http:\\\/\\\/www.radiohorizonte.fm\\\/radio\\\/#\\\/schema\\\/person\\\/f8fa003a405bb86729fd87d15d0ddafa\"},\"headline\":\"La ciudad de Corrientes tendr\u00e1 pasafaunas para ayudar a los monos caray\u00e1\",\"datePublished\":\"2023-09-04T12:44:36+00:00\",\"mainEntityOfPage\":{\"@id\":\"http:\\\/\\\/www.radiohorizonte.fm\\\/radio\\\/2023\\\/09\\\/04\\\/la-ciudad-de-corrientes-tendra-pasafaunas-para-ayudar-los-monos-caraya\\\/\"},\"wordCount\":393,\"publisher\":{\"@id\":\"http:\\\/\\\/www.radiohorizonte.fm\\\/radio\\\/#organization\"},\"image\":{\"@id\":\"http:\\\/\\\/www.radiohorizonte.fm\\\/radio\\\/2023\\\/09\\\/04\\\/la-ciudad-de-corrientes-tendra-pasafaunas-para-ayudar-los-monos-caraya\\\/#primaryimage\"},\"thumbnailUrl\":\"http:\\\/\\\/www.radiohorizonte.fm\\\/radio\\\/wp-content\\\/uploads\\\/2023\\\/09\\\/1693756002157.jpg\",\"articleSection\":[\"Noticias\"],\"inLanguage\":\"es-AR\"},{\"@type\":\"WebPage\",\"@id\":\"http:\\\/\\\/www.radiohorizonte.fm\\\/radio\\\/2023\\\/09\\\/04\\\/la-ciudad-de-corrientes-tendra-pasafaunas-para-ayudar-los-monos-caraya\\\/\",\"url\":\"http:\\\/\\\/www.radiohorizonte.fm\\\/radio\\\/2023\\\/09\\\/04\\\/la-ciudad-de-corrientes-tendra-pasafaunas-para-ayudar-los-monos-caraya\\\/\",\"name\":\"La ciudad de Corrientes tendr\u00e1 pasafaunas para ayudar a los monos caray\u00e1 - Horizonte\",\"isPartOf\":{\"@id\":\"http:\\\/\\\/www.radiohorizonte.fm\\\/radio\\\/#website\"},\"primaryImageOfPage\":{\"@id\":\"http:\\\/\\\/www.radiohorizonte.fm\\\/radio\\\/2023\\\/09\\\/04\\\/la-ciudad-de-corrientes-tendra-pasafaunas-para-ayudar-los-monos-caraya\\\/#primaryimage\"},\"image\":{\"@id\":\"http:\\\/\\\/www.radiohorizonte.fm\\\/radio\\\/2023\\\/09\\\/04\\\/la-ciudad-de-corrientes-tendra-pasafaunas-para-ayudar-los-monos-caraya\\\/#primaryimage\"},\"thumbnailUrl\":\"http:\\\/\\\/www.radiohorizonte.fm\\\/radio\\\/wp-content\\\/uploads\\\/2023\\\/09\\\/1693756002157.jpg\",\"datePublished\":\"2023-09-04T12:44:36+00:00\",\"breadcrumb\":{\"@id\":\"http:\\\/\\\/www.radiohorizonte.fm\\\/radio\\\/2023\\\/09\\\/04\\\/la-ciudad-de-corrientes-tendra-pasafaunas-para-ayudar-los-monos-caraya\\\/#breadcrumb\"},\"inLanguage\":\"es-AR\",\"potentialAction\":[{\"@type\":\"ReadAction\",\"target\":[\"http:\\\/\\\/www.radiohorizonte.fm\\\/radio\\\/2023\\\/09\\\/04\\\/la-ciudad-de-corrientes-tendra-pasafaunas-para-ayudar-los-monos-caraya\\\/\"]}]},{\"@type\":\"ImageObject\",\"inLanguage\":\"es-AR\",\"@id\":\"http:\\\/\\\/www.radiohorizonte.fm\\\/radio\\\/2023\\\/09\\\/04\\\/la-ciudad-de-corrientes-tendra-pasafaunas-para-ayudar-los-monos-caraya\\\/#primaryimage\",\"url\":\"http:\\\/\\\/www.radiohorizonte.fm\\\/radio\\\/wp-content\\\/uploads\\\/2023\\\/09\\\/1693756002157.jpg\",\"contentUrl\":\"http:\\\/\\\/www.radiohorizonte.fm\\\/radio\\\/wp-content\\\/uploads\\\/2023\\\/09\\\/1693756002157.jpg\",\"width\":770,\"height\":440},{\"@type\":\"BreadcrumbList\",\"@id\":\"http:\\\/\\\/www.radiohorizonte.fm\\\/radio\\\/2023\\\/09\\\/04\\\/la-ciudad-de-corrientes-tendra-pasafaunas-para-ayudar-los-monos-caraya\\\/#breadcrumb\",\"itemListElement\":[{\"@type\":\"ListItem\",\"position\":1,\"name\":\"Home\",\"item\":\"http:\\\/\\\/www.radiohorizonte.fm\\\/radio\\\/\"},{\"@type\":\"ListItem\",\"position\":2,\"name\":\"La ciudad de Corrientes tendr\u00e1 pasafaunas para ayudar a los monos caray\u00e1\"}]},{\"@type\":\"WebSite\",\"@id\":\"http:\\\/\\\/www.radiohorizonte.fm\\\/radio\\\/#website\",\"url\":\"http:\\\/\\\/www.radiohorizonte.fm\\\/radio\\\/\",\"name\":\"Horizonte\",\"description\":\"Radio Horizonte 106.1 - Una radio de clasicos\",\"publisher\":{\"@id\":\"http:\\\/\\\/www.radiohorizonte.fm\\\/radio\\\/#organization\"},\"potentialAction\":[{\"@type\":\"SearchAction\",\"target\":{\"@type\":\"EntryPoint\",\"urlTemplate\":\"http:\\\/\\\/www.radiohorizonte.fm\\\/radio\\\/?s={search_term_string}\"},\"query-input\":{\"@type\":\"PropertyValueSpecification\",\"valueRequired\":true,\"valueName\":\"search_term_string\"}}],\"inLanguage\":\"es-AR\"},{\"@type\":\"Organization\",\"@id\":\"http:\\\/\\\/www.radiohorizonte.fm\\\/radio\\\/#organization\",\"name\":\"Horizonte\",\"url\":\"http:\\\/\\\/www.radiohorizonte.fm\\\/radio\\\/\",\"logo\":{\"@type\":\"ImageObject\",\"inLanguage\":\"es-AR\",\"@id\":\"http:\\\/\\\/www.radiohorizonte.fm\\\/radio\\\/#\\\/schema\\\/logo\\\/image\\\/\",\"url\":\"http:\\\/\\\/www.radiohorizonte.fm\\\/radio\\\/wp-content\\\/uploads\\\/2025\\\/06\\\/Portada-FM-Horizonte_modelo-imagen-scaled.jpg\",\"contentUrl\":\"http:\\\/\\\/www.radiohorizonte.fm\\\/radio\\\/wp-content\\\/uploads\\\/2025\\\/06\\\/Portada-FM-Horizonte_modelo-imagen-scaled.jpg\",\"width\":2560,\"height\":1056,\"caption\":\"Horizonte\"},\"image\":{\"@id\":\"http:\\\/\\\/www.radiohorizonte.fm\\\/radio\\\/#\\\/schema\\\/logo\\\/image\\\/\"},\"sameAs\":[\"http:\\\/\\\/www.facebook.com\\\/HORIZONTE106.1\",\"https:\\\/\\\/x.com\\\/fmhorizonte1061\"]},{\"@type\":\"Person\",\"@id\":\"http:\\\/\\\/www.radiohorizonte.fm\\\/radio\\\/#\\\/schema\\\/person\\\/f8fa003a405bb86729fd87d15d0ddafa\",\"name\":\"Cristian Galarza\",\"image\":{\"@type\":\"ImageObject\",\"inLanguage\":\"es-AR\",\"@id\":\"https:\\\/\\\/secure.gravatar.com\\\/avatar\\\/fad34bc2c773209c05d7d53b08a69b680eeb55f3be014e52b31643d20ab65925?s=96&d=mm&r=g\",\"url\":\"https:\\\/\\\/secure.gravatar.com\\\/avatar\\\/fad34bc2c773209c05d7d53b08a69b680eeb55f3be014e52b31643d20ab65925?s=96&d=mm&r=g\",\"contentUrl\":\"https:\\\/\\\/secure.gravatar.com\\\/avatar\\\/fad34bc2c773209c05d7d53b08a69b680eeb55f3be014e52b31643d20ab65925?s=96&d=mm&r=g\",\"caption\":\"Cristian Galarza\"},\"url\":\"http:\\\/\\\/www.radiohorizonte.fm\\\/radio\\\/author\\\/cristian\\\/\"}]}<\/script>\n<!-- \/ Yoast SEO plugin. -->","yoast_head_json":{"title":"La ciudad de Corrientes tendr\u00e1 pasafaunas para ayudar a los monos caray\u00e1 - Horizonte","robots":{"index":"index","follow":"follow","max-snippet":"max-snippet:-1","max-image-preview":"max-image-preview:large","max-video-preview":"max-video-preview:-1"},"canonical":"http:\/\/www.radiohorizonte.fm\/radio\/2023\/09\/04\/la-ciudad-de-corrientes-tendra-pasafaunas-para-ayudar-los-monos-caraya\/","og_locale":"es_ES","og_type":"article","og_title":"La ciudad de Corrientes tendr\u00e1 pasafaunas para ayudar a los monos caray\u00e1 - Horizonte","og_description":"Se trata de un\u00a0proyecto que inici\u00f3 a\u00f1os atr\u00e1s en la localidad de Riachuelo junto a la Estaci\u00f3n Biol\u00f3gica del Conicet. \u00a0 La Estaci\u00f3n Biol\u00f3gica Corrientes (EBCo &#8211; CECOAL &#8211; CONICET &#8211; UNNE) y la Secretaria de Bienestar Animal de la Municipalidad de Corrientes realizaron una actividad en la Escuela Normal Jos\u00e9 Manuel Estrada, junto con","og_url":"http:\/\/www.radiohorizonte.fm\/radio\/2023\/09\/04\/la-ciudad-de-corrientes-tendra-pasafaunas-para-ayudar-los-monos-caraya\/","og_site_name":"Horizonte","article_publisher":"http:\/\/www.facebook.com\/HORIZONTE106.1","article_published_time":"2023-09-04T12:44:36+00:00","og_image":[{"width":770,"height":440,"url":"http:\/\/www.radiohorizonte.fm\/radio\/wp-content\/uploads\/2023\/09\/1693756002157.jpg","type":"image\/jpeg"}],"author":"Cristian Galarza","twitter_card":"summary_large_image","twitter_creator":"@fmhorizonte1061","twitter_site":"@fmhorizonte1061","twitter_misc":{"Escrito por":"Cristian Galarza","Tiempo de lectura":"2 minutos"},"schema":{"@context":"https:\/\/schema.org","@graph":[{"@type":"Article","@id":"http:\/\/www.radiohorizonte.fm\/radio\/2023\/09\/04\/la-ciudad-de-corrientes-tendra-pasafaunas-para-ayudar-los-monos-caraya\/#article","isPartOf":{"@id":"http:\/\/www.radiohorizonte.fm\/radio\/2023\/09\/04\/la-ciudad-de-corrientes-tendra-pasafaunas-para-ayudar-los-monos-caraya\/"},"author":{"name":"Cristian Galarza","@id":"http:\/\/www.radiohorizonte.fm\/radio\/#\/schema\/person\/f8fa003a405bb86729fd87d15d0ddafa"},"headline":"La ciudad de Corrientes tendr\u00e1 pasafaunas para ayudar a los monos caray\u00e1","datePublished":"2023-09-04T12:44:36+00:00","mainEntityOfPage":{"@id":"http:\/\/www.radiohorizonte.fm\/radio\/2023\/09\/04\/la-ciudad-de-corrientes-tendra-pasafaunas-para-ayudar-los-monos-caraya\/"},"wordCount":393,"publisher":{"@id":"http:\/\/www.radiohorizonte.fm\/radio\/#organization"},"image":{"@id":"http:\/\/www.radiohorizonte.fm\/radio\/2023\/09\/04\/la-ciudad-de-corrientes-tendra-pasafaunas-para-ayudar-los-monos-caraya\/#primaryimage"},"thumbnailUrl":"http:\/\/www.radiohorizonte.fm\/radio\/wp-content\/uploads\/2023\/09\/1693756002157.jpg","articleSection":["Noticias"],"inLanguage":"es-AR"},{"@type":"WebPage","@id":"http:\/\/www.radiohorizonte.fm\/radio\/2023\/09\/04\/la-ciudad-de-corrientes-tendra-pasafaunas-para-ayudar-los-monos-caraya\/","url":"http:\/\/www.radiohorizonte.fm\/radio\/2023\/09\/04\/la-ciudad-de-corrientes-tendra-pasafaunas-para-ayudar-los-monos-caraya\/","name":"La ciudad de Corrientes tendr\u00e1 pasafaunas para ayudar a los monos caray\u00e1 - Horizonte","isPartOf":{"@id":"http:\/\/www.radiohorizonte.fm\/radio\/#website"},"primaryImageOfPage":{"@id":"http:\/\/www.radiohorizonte.fm\/radio\/2023\/09\/04\/la-ciudad-de-corrientes-tendra-pasafaunas-para-ayudar-los-monos-caraya\/#primaryimage"},"image":{"@id":"http:\/\/www.radiohorizonte.fm\/radio\/2023\/09\/04\/la-ciudad-de-corrientes-tendra-pasafaunas-para-ayudar-los-monos-caraya\/#primaryimage"},"thumbnailUrl":"http:\/\/www.radiohorizonte.fm\/radio\/wp-content\/uploads\/2023\/09\/1693756002157.jpg","datePublished":"2023-09-04T12:44:36+00:00","breadcrumb":{"@id":"http:\/\/www.radiohorizonte.fm\/radio\/2023\/09\/04\/la-ciudad-de-corrientes-tendra-pasafaunas-para-ayudar-los-monos-caraya\/#breadcrumb"},"inLanguage":"es-AR","potentialAction":[{"@type":"ReadAction","target":["http:\/\/www.radiohorizonte.fm\/radio\/2023\/09\/04\/la-ciudad-de-corrientes-tendra-pasafaunas-para-ayudar-los-monos-caraya\/"]}]},{"@type":"ImageObject","inLanguage":"es-AR","@id":"http:\/\/www.radiohorizonte.fm\/radio\/2023\/09\/04\/la-ciudad-de-corrientes-tendra-pasafaunas-para-ayudar-los-monos-caraya\/#primaryimage","url":"http:\/\/www.radiohorizonte.fm\/radio\/wp-content\/uploads\/2023\/09\/1693756002157.jpg","contentUrl":"http:\/\/www.radiohorizonte.fm\/radio\/wp-content\/uploads\/2023\/09\/1693756002157.jpg","width":770,"height":440},{"@type":"BreadcrumbList","@id":"http:\/\/www.radiohorizonte.fm\/radio\/2023\/09\/04\/la-ciudad-de-corrientes-tendra-pasafaunas-para-ayudar-los-monos-caraya\/#breadcrumb","itemListElement":[{"@type":"ListItem","position":1,"name":"Home","item":"http:\/\/www.radiohorizonte.fm\/radio\/"},{"@type":"ListItem","position":2,"name":"La ciudad de Corrientes tendr\u00e1 pasafaunas para ayudar a los monos caray\u00e1"}]},{"@type":"WebSite","@id":"http:\/\/www.radiohorizonte.fm\/radio\/#website","url":"http:\/\/www.radiohorizonte.fm\/radio\/","name":"Horizonte","description":"Radio Horizonte 106.1 - Una radio de clasicos","publisher":{"@id":"http:\/\/www.radiohorizonte.fm\/radio\/#organization"},"potentialAction":[{"@type":"SearchAction","target":{"@type":"EntryPoint","urlTemplate":"http:\/\/www.radiohorizonte.fm\/radio\/?s={search_term_string}"},"query-input":{"@type":"PropertyValueSpecification","valueRequired":true,"valueName":"search_term_string"}}],"inLanguage":"es-AR"},{"@type":"Organization","@id":"http:\/\/www.radiohorizonte.fm\/radio\/#organization","name":"Horizonte","url":"http:\/\/www.radiohorizonte.fm\/radio\/","logo":{"@type":"ImageObject","inLanguage":"es-AR","@id":"http:\/\/www.radiohorizonte.fm\/radio\/#\/schema\/logo\/image\/","url":"http:\/\/www.radiohorizonte.fm\/radio\/wp-content\/uploads\/2025\/06\/Portada-FM-Horizonte_modelo-imagen-scaled.jpg","contentUrl":"http:\/\/www.radiohorizonte.fm\/radio\/wp-content\/uploads\/2025\/06\/Portada-FM-Horizonte_modelo-imagen-scaled.jpg","width":2560,"height":1056,"caption":"Horizonte"},"image":{"@id":"http:\/\/www.radiohorizonte.fm\/radio\/#\/schema\/logo\/image\/"},"sameAs":["http:\/\/www.facebook.com\/HORIZONTE106.1","https:\/\/x.com\/fmhorizonte1061"]},{"@type":"Person","@id":"http:\/\/www.radiohorizonte.fm\/radio\/#\/schema\/person\/f8fa003a405bb86729fd87d15d0ddafa","name":"Cristian Galarza","image":{"@type":"ImageObject","inLanguage":"es-AR","@id":"https:\/\/secure.gravatar.com\/avatar\/fad34bc2c773209c05d7d53b08a69b680eeb55f3be014e52b31643d20ab65925?s=96&d=mm&r=g","url":"https:\/\/secure.gravatar.com\/avatar\/fad34bc2c773209c05d7d53b08a69b680eeb55f3be014e52b31643d20ab65925?s=96&d=mm&r=g","contentUrl":"https:\/\/secure.gravatar.com\/avatar\/fad34bc2c773209c05d7d53b08a69b680eeb55f3be014e52b31643d20ab65925?s=96&d=mm&r=g","caption":"Cristian Galarza"},"url":"http:\/\/www.radiohorizonte.fm\/radio\/author\/cristian\/"}]}},"_links":{"self":[{"href":"http:\/\/www.radiohorizonte.fm\/radio\/wp-json\/wp\/v2\/posts\/41918","targetHints":{"allow":["GET"]}}],"collection":[{"href":"http:\/\/www.radiohorizonte.fm\/radio\/wp-json\/wp\/v2\/posts"}],"about":[{"href":"http:\/\/www.radiohorizonte.fm\/radio\/wp-json\/wp\/v2\/types\/post"}],"author":[{"embeddable":true,"href":"http:\/\/www.radiohorizonte.fm\/radio\/wp-json\/wp\/v2\/users\/2"}],"replies":[{"embeddable":true,"href":"http:\/\/www.radiohorizonte.fm\/radio\/wp-json\/wp\/v2\/comments?post=41918"}],"version-history":[{"count":1,"href":"http:\/\/www.radiohorizonte.fm\/radio\/wp-json\/wp\/v2\/posts\/41918\/revisions"}],"predecessor-version":[{"id":41920,"href":"http:\/\/www.radiohorizonte.fm\/radio\/wp-json\/wp\/v2\/posts\/41918\/revisions\/41920"}],"wp:featuredmedia":[{"embeddable":true,"href":"http:\/\/www.radiohorizonte.fm\/radio\/wp-json\/wp\/v2\/media\/41919"}],"wp:attachment":[{"href":"http:\/\/www.radiohorizonte.fm\/radio\/wp-json\/wp\/v2\/media?parent=41918"}],"wp:term":[{"taxonomy":"category","embeddable":true,"href":"http:\/\/www.radiohorizonte.fm\/radio\/wp-json\/wp\/v2\/categories?post=41918"},{"taxonomy":"post_tag","embeddable":true,"href":"http:\/\/www.radiohorizonte.fm\/radio\/wp-json\/wp\/v2\/tags?post=41918"}],"curies":[{"name":"wp","href":"https:\/\/api.w.org\/{rel}","templated":true}]}}