{"id":41935,"date":"2023-09-05T20:15:29","date_gmt":"2023-09-05T23:15:29","guid":{"rendered":"http:\/\/www.radiohorizonte.fm\/radio\/?p=41935"},"modified":"2023-09-05T20:15:29","modified_gmt":"2023-09-05T23:15:29","slug":"el-colegio-informatico-arranco-septiembre-con-multiples-actividades","status":"publish","type":"post","link":"http:\/\/www.radiohorizonte.fm\/radio\/2023\/09\/05\/el-colegio-informatico-arranco-septiembre-con-multiples-actividades\/","title":{"rendered":"El Colegio Inform\u00e1tico arranc\u00f3 septiembre con m\u00faltiples actividades"},"content":{"rendered":"<p>Grabaciones en ingl\u00e9s, clases de yoga, y participaci\u00f3n en los Juegos Culturales Correntinos, fueron algunas de las actividades desarrolladas por alumnos del Colegio Inform\u00e1tico San Juan de Vera. Todo lo desarrollado se enmarca en los amplios programas pedag\u00f3gicos que se cumplen dentro de los horarios de clases y con participaci\u00f3n de otros grupos de trabajo que cumplen tareas fuera de la instituci\u00f3n<\/p>\n<p><img loading=\"lazy\" decoding=\"async\" class=\"alignnone size-full wp-image-41936\" src=\"http:\/\/www.radiohorizonte.fm\/radio\/wp-content\/uploads\/2023\/09\/312141086_545239254273437_953983341302741029_n.jpg\" alt=\"\" width=\"1080\" height=\"1350\" srcset=\"http:\/\/www.radiohorizonte.fm\/radio\/wp-content\/uploads\/2023\/09\/312141086_545239254273437_953983341302741029_n.jpg 1080w, http:\/\/www.radiohorizonte.fm\/radio\/wp-content\/uploads\/2023\/09\/312141086_545239254273437_953983341302741029_n-240x300.jpg 240w, http:\/\/www.radiohorizonte.fm\/radio\/wp-content\/uploads\/2023\/09\/312141086_545239254273437_953983341302741029_n-768x960.jpg 768w, http:\/\/www.radiohorizonte.fm\/radio\/wp-content\/uploads\/2023\/09\/312141086_545239254273437_953983341302741029_n-819x1024.jpg 819w, http:\/\/www.radiohorizonte.fm\/radio\/wp-content\/uploads\/2023\/09\/312141086_545239254273437_953983341302741029_n-300x375.jpg 300w, http:\/\/www.radiohorizonte.fm\/radio\/wp-content\/uploads\/2023\/09\/312141086_545239254273437_953983341302741029_n-52x65.jpg 52w, http:\/\/www.radiohorizonte.fm\/radio\/wp-content\/uploads\/2023\/09\/312141086_545239254273437_953983341302741029_n-160x200.jpg 160w, http:\/\/www.radiohorizonte.fm\/radio\/wp-content\/uploads\/2023\/09\/312141086_545239254273437_953983341302741029_n-68x85.jpg 68w, http:\/\/www.radiohorizonte.fm\/radio\/wp-content\/uploads\/2023\/09\/312141086_545239254273437_953983341302741029_n-100x125.jpg 100w, http:\/\/www.radiohorizonte.fm\/radio\/wp-content\/uploads\/2023\/09\/312141086_545239254273437_953983341302741029_n-72x90.jpg 72w\" sizes=\"auto, (max-width: 1080px) 100vw, 1080px\" \/><\/p>\n<p><img loading=\"lazy\" decoding=\"async\" class=\"alignnone size-full wp-image-41937\" src=\"http:\/\/www.radiohorizonte.fm\/radio\/wp-content\/uploads\/2023\/09\/312206908_545239104273452_4478181385073642039_n.jpg\" alt=\"\" width=\"1080\" height=\"1350\" srcset=\"http:\/\/www.radiohorizonte.fm\/radio\/wp-content\/uploads\/2023\/09\/312206908_545239104273452_4478181385073642039_n.jpg 1080w, http:\/\/www.radiohorizonte.fm\/radio\/wp-content\/uploads\/2023\/09\/312206908_545239104273452_4478181385073642039_n-240x300.jpg 240w, http:\/\/www.radiohorizonte.fm\/radio\/wp-content\/uploads\/2023\/09\/312206908_545239104273452_4478181385073642039_n-768x960.jpg 768w, http:\/\/www.radiohorizonte.fm\/radio\/wp-content\/uploads\/2023\/09\/312206908_545239104273452_4478181385073642039_n-819x1024.jpg 819w, http:\/\/www.radiohorizonte.fm\/radio\/wp-content\/uploads\/2023\/09\/312206908_545239104273452_4478181385073642039_n-300x375.jpg 300w, http:\/\/www.radiohorizonte.fm\/radio\/wp-content\/uploads\/2023\/09\/312206908_545239104273452_4478181385073642039_n-52x65.jpg 52w, http:\/\/www.radiohorizonte.fm\/radio\/wp-content\/uploads\/2023\/09\/312206908_545239104273452_4478181385073642039_n-160x200.jpg 160w, http:\/\/www.radiohorizonte.fm\/radio\/wp-content\/uploads\/2023\/09\/312206908_545239104273452_4478181385073642039_n-68x85.jpg 68w, http:\/\/www.radiohorizonte.fm\/radio\/wp-content\/uploads\/2023\/09\/312206908_545239104273452_4478181385073642039_n-100x125.jpg 100w, http:\/\/www.radiohorizonte.fm\/radio\/wp-content\/uploads\/2023\/09\/312206908_545239104273452_4478181385073642039_n-72x90.jpg 72w\" sizes=\"auto, (max-width: 1080px) 100vw, 1080px\" \/><\/p>\n<p><strong>Producciones bibliogr\u00e1ficas del Ministerio de Educaci\u00f3n \u00a0 \u00a0 \u00a0<\/strong><\/p>\n<p>Alumnos de segundo a\u00f1o de la modalidad biling\u00fce trabajaron en conjunto con el EIB del Ministerio de Educaci\u00f3n de Corrientes grabando audios en ingl\u00e9s para sus producciones bibliogr\u00e1ficas.<\/p>\n<p><strong>Clases de Yoga\u00a0<\/strong><\/p>\n<p>Alumnos de sexto grado de la modalidad Biling\u00fce en una clase especial de Yoga donde aprendieron diferentes posturas de Yoga y ejercicios de relajaci\u00f3n junto a la coordinadora y profesora de Yoga Natal\u00ed Mi\u00f1o.<\/p>\n<p><strong>Juegos Culturales Correntinos<\/strong><\/p>\n<p>Vale recordar que d\u00edas atr\u00e1s se realiz\u00f3 la Instancia Regional de los Juegos Culturales Correntinos en la localidad de Ramada Paso, donde participaron los siguientes alumnos del Colegio Inform\u00e1tico:<\/p>\n<p>1-Bentos, Gianna Nerina.<\/p>\n<p>2-Corrales Aguirre, Abril Mar\u00eda Itat\u00ed.<\/p>\n<p>3-G\u00f3mez, Esteban Tahiel Thiago.<\/p>\n<p>4-Manzonillo, Mart\u00edn.<\/p>\n<p>5-Pauligk, Iker Kevin Jeremi.<\/p>\n<p>6-Rodr\u00edguez Josuran, Agostina.<\/p>\n<p>7-Zampa, Franco Agust\u00edn.<\/p>\n<p>8-Zanoli, Felicitas&#8221;<\/p>\n<p>&nbsp;<\/p>\n<p>&nbsp;<\/p>\n","protected":false},"excerpt":{"rendered":"<div class=\"post-excerpt\"><p>Grabaciones en ingl\u00e9s, clases de yoga, y participaci\u00f3n en los Juegos Culturales Correntinos, fueron algunas de las actividades desarrolladas por alumnos del Colegio Inform\u00e1tico San Juan de Vera. Todo lo desarrollado se enmarca en los amplios programas pedag\u00f3gicos que se cumplen dentro de los horarios de clases y con participaci\u00f3n de otros grupos de trabajo<\/p>\n<\/div>","protected":false},"author":2,"featured_media":41936,"comment_status":"closed","ping_status":"closed","sticky":false,"template":"","format":"standard","meta":{"_acf_changed":false,"footnotes":""},"categories":[2],"tags":[],"class_list":["post-41935","post","type-post","status-publish","format-standard","has-post-thumbnail","hentry","category-noticias"],"acf":[],"yoast_head":"<!-- This site is optimized with the Yoast SEO plugin v28.1 - https:\/\/yoast.com\/product\/yoast-seo-wordpress\/ -->\n<title>El Colegio Inform\u00e1tico arranc\u00f3 septiembre con m\u00faltiples actividades - Horizonte<\/title>\n<meta name=\"robots\" content=\"index, follow, max-snippet:-1, max-image-preview:large, max-video-preview:-1\" \/>\n<link rel=\"canonical\" href=\"http:\/\/www.radiohorizonte.fm\/radio\/2023\/09\/05\/el-colegio-informatico-arranco-septiembre-con-multiples-actividades\/\" \/>\n<meta property=\"og:locale\" content=\"es_ES\" \/>\n<meta property=\"og:type\" content=\"article\" \/>\n<meta property=\"og:title\" content=\"El Colegio Inform\u00e1tico arranc\u00f3 septiembre con m\u00faltiples actividades - Horizonte\" \/>\n<meta property=\"og:description\" content=\"Grabaciones en ingl\u00e9s, clases de yoga, y participaci\u00f3n en los Juegos Culturales Correntinos, fueron algunas de las actividades desarrolladas por alumnos del Colegio Inform\u00e1tico San Juan de Vera. Todo lo desarrollado se enmarca en los amplios programas pedag\u00f3gicos que se cumplen dentro de los horarios de clases y con participaci\u00f3n de otros grupos de trabajo\" \/>\n<meta property=\"og:url\" content=\"http:\/\/www.radiohorizonte.fm\/radio\/2023\/09\/05\/el-colegio-informatico-arranco-septiembre-con-multiples-actividades\/\" \/>\n<meta property=\"og:site_name\" content=\"Horizonte\" \/>\n<meta property=\"article:publisher\" content=\"http:\/\/www.facebook.com\/HORIZONTE106.1\" \/>\n<meta property=\"article:published_time\" content=\"2023-09-05T23:15:29+00:00\" \/>\n<meta property=\"og:image\" content=\"http:\/\/www.radiohorizonte.fm\/radio\/wp-content\/uploads\/2023\/09\/312141086_545239254273437_953983341302741029_n.jpg\" \/>\n\t<meta property=\"og:image:width\" content=\"1080\" \/>\n\t<meta property=\"og:image:height\" content=\"1350\" \/>\n\t<meta property=\"og:image:type\" content=\"image\/jpeg\" \/>\n<meta name=\"author\" content=\"Cristian Galarza\" \/>\n<meta name=\"twitter:card\" content=\"summary_large_image\" \/>\n<meta name=\"twitter:creator\" content=\"@fmhorizonte1061\" \/>\n<meta name=\"twitter:site\" content=\"@fmhorizonte1061\" \/>\n<meta name=\"twitter:label1\" content=\"Escrito por\" \/>\n\t<meta name=\"twitter:data1\" content=\"Cristian Galarza\" \/>\n\t<meta name=\"twitter:label2\" content=\"Tiempo de lectura\" \/>\n\t<meta name=\"twitter:data2\" content=\"1 minuto\" \/>\n<script type=\"application\/ld+json\" class=\"yoast-schema-graph\">{\"@context\":\"https:\\\/\\\/schema.org\",\"@graph\":[{\"@type\":\"Article\",\"@id\":\"http:\\\/\\\/www.radiohorizonte.fm\\\/radio\\\/2023\\\/09\\\/05\\\/el-colegio-informatico-arranco-septiembre-con-multiples-actividades\\\/#article\",\"isPartOf\":{\"@id\":\"http:\\\/\\\/www.radiohorizonte.fm\\\/radio\\\/2023\\\/09\\\/05\\\/el-colegio-informatico-arranco-septiembre-con-multiples-actividades\\\/\"},\"author\":{\"name\":\"Cristian Galarza\",\"@id\":\"http:\\\/\\\/www.radiohorizonte.fm\\\/radio\\\/#\\\/schema\\\/person\\\/f8fa003a405bb86729fd87d15d0ddafa\"},\"headline\":\"El Colegio Inform\u00e1tico arranc\u00f3 septiembre con m\u00faltiples actividades\",\"datePublished\":\"2023-09-05T23:15:29+00:00\",\"mainEntityOfPage\":{\"@id\":\"http:\\\/\\\/www.radiohorizonte.fm\\\/radio\\\/2023\\\/09\\\/05\\\/el-colegio-informatico-arranco-septiembre-con-multiples-actividades\\\/\"},\"wordCount\":227,\"publisher\":{\"@id\":\"http:\\\/\\\/www.radiohorizonte.fm\\\/radio\\\/#organization\"},\"image\":{\"@id\":\"http:\\\/\\\/www.radiohorizonte.fm\\\/radio\\\/2023\\\/09\\\/05\\\/el-colegio-informatico-arranco-septiembre-con-multiples-actividades\\\/#primaryimage\"},\"thumbnailUrl\":\"http:\\\/\\\/www.radiohorizonte.fm\\\/radio\\\/wp-content\\\/uploads\\\/2023\\\/09\\\/312141086_545239254273437_953983341302741029_n.jpg\",\"articleSection\":[\"Noticias\"],\"inLanguage\":\"es-AR\"},{\"@type\":\"WebPage\",\"@id\":\"http:\\\/\\\/www.radiohorizonte.fm\\\/radio\\\/2023\\\/09\\\/05\\\/el-colegio-informatico-arranco-septiembre-con-multiples-actividades\\\/\",\"url\":\"http:\\\/\\\/www.radiohorizonte.fm\\\/radio\\\/2023\\\/09\\\/05\\\/el-colegio-informatico-arranco-septiembre-con-multiples-actividades\\\/\",\"name\":\"El Colegio Inform\u00e1tico arranc\u00f3 septiembre con m\u00faltiples actividades - Horizonte\",\"isPartOf\":{\"@id\":\"http:\\\/\\\/www.radiohorizonte.fm\\\/radio\\\/#website\"},\"primaryImageOfPage\":{\"@id\":\"http:\\\/\\\/www.radiohorizonte.fm\\\/radio\\\/2023\\\/09\\\/05\\\/el-colegio-informatico-arranco-septiembre-con-multiples-actividades\\\/#primaryimage\"},\"image\":{\"@id\":\"http:\\\/\\\/www.radiohorizonte.fm\\\/radio\\\/2023\\\/09\\\/05\\\/el-colegio-informatico-arranco-septiembre-con-multiples-actividades\\\/#primaryimage\"},\"thumbnailUrl\":\"http:\\\/\\\/www.radiohorizonte.fm\\\/radio\\\/wp-content\\\/uploads\\\/2023\\\/09\\\/312141086_545239254273437_953983341302741029_n.jpg\",\"datePublished\":\"2023-09-05T23:15:29+00:00\",\"breadcrumb\":{\"@id\":\"http:\\\/\\\/www.radiohorizonte.fm\\\/radio\\\/2023\\\/09\\\/05\\\/el-colegio-informatico-arranco-septiembre-con-multiples-actividades\\\/#breadcrumb\"},\"inLanguage\":\"es-AR\",\"potentialAction\":[{\"@type\":\"ReadAction\",\"target\":[\"http:\\\/\\\/www.radiohorizonte.fm\\\/radio\\\/2023\\\/09\\\/05\\\/el-colegio-informatico-arranco-septiembre-con-multiples-actividades\\\/\"]}]},{\"@type\":\"ImageObject\",\"inLanguage\":\"es-AR\",\"@id\":\"http:\\\/\\\/www.radiohorizonte.fm\\\/radio\\\/2023\\\/09\\\/05\\\/el-colegio-informatico-arranco-septiembre-con-multiples-actividades\\\/#primaryimage\",\"url\":\"http:\\\/\\\/www.radiohorizonte.fm\\\/radio\\\/wp-content\\\/uploads\\\/2023\\\/09\\\/312141086_545239254273437_953983341302741029_n.jpg\",\"contentUrl\":\"http:\\\/\\\/www.radiohorizonte.fm\\\/radio\\\/wp-content\\\/uploads\\\/2023\\\/09\\\/312141086_545239254273437_953983341302741029_n.jpg\",\"width\":1080,\"height\":1350},{\"@type\":\"BreadcrumbList\",\"@id\":\"http:\\\/\\\/www.radiohorizonte.fm\\\/radio\\\/2023\\\/09\\\/05\\\/el-colegio-informatico-arranco-septiembre-con-multiples-actividades\\\/#breadcrumb\",\"itemListElement\":[{\"@type\":\"ListItem\",\"position\":1,\"name\":\"Home\",\"item\":\"http:\\\/\\\/www.radiohorizonte.fm\\\/radio\\\/\"},{\"@type\":\"ListItem\",\"position\":2,\"name\":\"El Colegio Inform\u00e1tico arranc\u00f3 septiembre con m\u00faltiples actividades\"}]},{\"@type\":\"WebSite\",\"@id\":\"http:\\\/\\\/www.radiohorizonte.fm\\\/radio\\\/#website\",\"url\":\"http:\\\/\\\/www.radiohorizonte.fm\\\/radio\\\/\",\"name\":\"Horizonte\",\"description\":\"Radio Horizonte 106.1 - Una radio de clasicos\",\"publisher\":{\"@id\":\"http:\\\/\\\/www.radiohorizonte.fm\\\/radio\\\/#organization\"},\"potentialAction\":[{\"@type\":\"SearchAction\",\"target\":{\"@type\":\"EntryPoint\",\"urlTemplate\":\"http:\\\/\\\/www.radiohorizonte.fm\\\/radio\\\/?s={search_term_string}\"},\"query-input\":{\"@type\":\"PropertyValueSpecification\",\"valueRequired\":true,\"valueName\":\"search_term_string\"}}],\"inLanguage\":\"es-AR\"},{\"@type\":\"Organization\",\"@id\":\"http:\\\/\\\/www.radiohorizonte.fm\\\/radio\\\/#organization\",\"name\":\"Horizonte\",\"url\":\"http:\\\/\\\/www.radiohorizonte.fm\\\/radio\\\/\",\"logo\":{\"@type\":\"ImageObject\",\"inLanguage\":\"es-AR\",\"@id\":\"http:\\\/\\\/www.radiohorizonte.fm\\\/radio\\\/#\\\/schema\\\/logo\\\/image\\\/\",\"url\":\"http:\\\/\\\/www.radiohorizonte.fm\\\/radio\\\/wp-content\\\/uploads\\\/2025\\\/06\\\/Portada-FM-Horizonte_modelo-imagen-scaled.jpg\",\"contentUrl\":\"http:\\\/\\\/www.radiohorizonte.fm\\\/radio\\\/wp-content\\\/uploads\\\/2025\\\/06\\\/Portada-FM-Horizonte_modelo-imagen-scaled.jpg\",\"width\":2560,\"height\":1056,\"caption\":\"Horizonte\"},\"image\":{\"@id\":\"http:\\\/\\\/www.radiohorizonte.fm\\\/radio\\\/#\\\/schema\\\/logo\\\/image\\\/\"},\"sameAs\":[\"http:\\\/\\\/www.facebook.com\\\/HORIZONTE106.1\",\"https:\\\/\\\/x.com\\\/fmhorizonte1061\"]},{\"@type\":\"Person\",\"@id\":\"http:\\\/\\\/www.radiohorizonte.fm\\\/radio\\\/#\\\/schema\\\/person\\\/f8fa003a405bb86729fd87d15d0ddafa\",\"name\":\"Cristian Galarza\",\"image\":{\"@type\":\"ImageObject\",\"inLanguage\":\"es-AR\",\"@id\":\"https:\\\/\\\/secure.gravatar.com\\\/avatar\\\/fad34bc2c773209c05d7d53b08a69b680eeb55f3be014e52b31643d20ab65925?s=96&d=mm&r=g\",\"url\":\"https:\\\/\\\/secure.gravatar.com\\\/avatar\\\/fad34bc2c773209c05d7d53b08a69b680eeb55f3be014e52b31643d20ab65925?s=96&d=mm&r=g\",\"contentUrl\":\"https:\\\/\\\/secure.gravatar.com\\\/avatar\\\/fad34bc2c773209c05d7d53b08a69b680eeb55f3be014e52b31643d20ab65925?s=96&d=mm&r=g\",\"caption\":\"Cristian Galarza\"},\"url\":\"http:\\\/\\\/www.radiohorizonte.fm\\\/radio\\\/author\\\/cristian\\\/\"}]}<\/script>\n<!-- \/ Yoast SEO plugin. -->","yoast_head_json":{"title":"El Colegio Inform\u00e1tico arranc\u00f3 septiembre con m\u00faltiples actividades - Horizonte","robots":{"index":"index","follow":"follow","max-snippet":"max-snippet:-1","max-image-preview":"max-image-preview:large","max-video-preview":"max-video-preview:-1"},"canonical":"http:\/\/www.radiohorizonte.fm\/radio\/2023\/09\/05\/el-colegio-informatico-arranco-septiembre-con-multiples-actividades\/","og_locale":"es_ES","og_type":"article","og_title":"El Colegio Inform\u00e1tico arranc\u00f3 septiembre con m\u00faltiples actividades - Horizonte","og_description":"Grabaciones en ingl\u00e9s, clases de yoga, y participaci\u00f3n en los Juegos Culturales Correntinos, fueron algunas de las actividades desarrolladas por alumnos del Colegio Inform\u00e1tico San Juan de Vera. Todo lo desarrollado se enmarca en los amplios programas pedag\u00f3gicos que se cumplen dentro de los horarios de clases y con participaci\u00f3n de otros grupos de trabajo","og_url":"http:\/\/www.radiohorizonte.fm\/radio\/2023\/09\/05\/el-colegio-informatico-arranco-septiembre-con-multiples-actividades\/","og_site_name":"Horizonte","article_publisher":"http:\/\/www.facebook.com\/HORIZONTE106.1","article_published_time":"2023-09-05T23:15:29+00:00","og_image":[{"width":1080,"height":1350,"url":"http:\/\/www.radiohorizonte.fm\/radio\/wp-content\/uploads\/2023\/09\/312141086_545239254273437_953983341302741029_n.jpg","type":"image\/jpeg"}],"author":"Cristian Galarza","twitter_card":"summary_large_image","twitter_creator":"@fmhorizonte1061","twitter_site":"@fmhorizonte1061","twitter_misc":{"Escrito por":"Cristian Galarza","Tiempo de lectura":"1 minuto"},"schema":{"@context":"https:\/\/schema.org","@graph":[{"@type":"Article","@id":"http:\/\/www.radiohorizonte.fm\/radio\/2023\/09\/05\/el-colegio-informatico-arranco-septiembre-con-multiples-actividades\/#article","isPartOf":{"@id":"http:\/\/www.radiohorizonte.fm\/radio\/2023\/09\/05\/el-colegio-informatico-arranco-septiembre-con-multiples-actividades\/"},"author":{"name":"Cristian Galarza","@id":"http:\/\/www.radiohorizonte.fm\/radio\/#\/schema\/person\/f8fa003a405bb86729fd87d15d0ddafa"},"headline":"El Colegio Inform\u00e1tico arranc\u00f3 septiembre con m\u00faltiples actividades","datePublished":"2023-09-05T23:15:29+00:00","mainEntityOfPage":{"@id":"http:\/\/www.radiohorizonte.fm\/radio\/2023\/09\/05\/el-colegio-informatico-arranco-septiembre-con-multiples-actividades\/"},"wordCount":227,"publisher":{"@id":"http:\/\/www.radiohorizonte.fm\/radio\/#organization"},"image":{"@id":"http:\/\/www.radiohorizonte.fm\/radio\/2023\/09\/05\/el-colegio-informatico-arranco-septiembre-con-multiples-actividades\/#primaryimage"},"thumbnailUrl":"http:\/\/www.radiohorizonte.fm\/radio\/wp-content\/uploads\/2023\/09\/312141086_545239254273437_953983341302741029_n.jpg","articleSection":["Noticias"],"inLanguage":"es-AR"},{"@type":"WebPage","@id":"http:\/\/www.radiohorizonte.fm\/radio\/2023\/09\/05\/el-colegio-informatico-arranco-septiembre-con-multiples-actividades\/","url":"http:\/\/www.radiohorizonte.fm\/radio\/2023\/09\/05\/el-colegio-informatico-arranco-septiembre-con-multiples-actividades\/","name":"El Colegio Inform\u00e1tico arranc\u00f3 septiembre con m\u00faltiples actividades - Horizonte","isPartOf":{"@id":"http:\/\/www.radiohorizonte.fm\/radio\/#website"},"primaryImageOfPage":{"@id":"http:\/\/www.radiohorizonte.fm\/radio\/2023\/09\/05\/el-colegio-informatico-arranco-septiembre-con-multiples-actividades\/#primaryimage"},"image":{"@id":"http:\/\/www.radiohorizonte.fm\/radio\/2023\/09\/05\/el-colegio-informatico-arranco-septiembre-con-multiples-actividades\/#primaryimage"},"thumbnailUrl":"http:\/\/www.radiohorizonte.fm\/radio\/wp-content\/uploads\/2023\/09\/312141086_545239254273437_953983341302741029_n.jpg","datePublished":"2023-09-05T23:15:29+00:00","breadcrumb":{"@id":"http:\/\/www.radiohorizonte.fm\/radio\/2023\/09\/05\/el-colegio-informatico-arranco-septiembre-con-multiples-actividades\/#breadcrumb"},"inLanguage":"es-AR","potentialAction":[{"@type":"ReadAction","target":["http:\/\/www.radiohorizonte.fm\/radio\/2023\/09\/05\/el-colegio-informatico-arranco-septiembre-con-multiples-actividades\/"]}]},{"@type":"ImageObject","inLanguage":"es-AR","@id":"http:\/\/www.radiohorizonte.fm\/radio\/2023\/09\/05\/el-colegio-informatico-arranco-septiembre-con-multiples-actividades\/#primaryimage","url":"http:\/\/www.radiohorizonte.fm\/radio\/wp-content\/uploads\/2023\/09\/312141086_545239254273437_953983341302741029_n.jpg","contentUrl":"http:\/\/www.radiohorizonte.fm\/radio\/wp-content\/uploads\/2023\/09\/312141086_545239254273437_953983341302741029_n.jpg","width":1080,"height":1350},{"@type":"BreadcrumbList","@id":"http:\/\/www.radiohorizonte.fm\/radio\/2023\/09\/05\/el-colegio-informatico-arranco-septiembre-con-multiples-actividades\/#breadcrumb","itemListElement":[{"@type":"ListItem","position":1,"name":"Home","item":"http:\/\/www.radiohorizonte.fm\/radio\/"},{"@type":"ListItem","position":2,"name":"El Colegio Inform\u00e1tico arranc\u00f3 septiembre con m\u00faltiples actividades"}]},{"@type":"WebSite","@id":"http:\/\/www.radiohorizonte.fm\/radio\/#website","url":"http:\/\/www.radiohorizonte.fm\/radio\/","name":"Horizonte","description":"Radio Horizonte 106.1 - Una radio de clasicos","publisher":{"@id":"http:\/\/www.radiohorizonte.fm\/radio\/#organization"},"potentialAction":[{"@type":"SearchAction","target":{"@type":"EntryPoint","urlTemplate":"http:\/\/www.radiohorizonte.fm\/radio\/?s={search_term_string}"},"query-input":{"@type":"PropertyValueSpecification","valueRequired":true,"valueName":"search_term_string"}}],"inLanguage":"es-AR"},{"@type":"Organization","@id":"http:\/\/www.radiohorizonte.fm\/radio\/#organization","name":"Horizonte","url":"http:\/\/www.radiohorizonte.fm\/radio\/","logo":{"@type":"ImageObject","inLanguage":"es-AR","@id":"http:\/\/www.radiohorizonte.fm\/radio\/#\/schema\/logo\/image\/","url":"http:\/\/www.radiohorizonte.fm\/radio\/wp-content\/uploads\/2025\/06\/Portada-FM-Horizonte_modelo-imagen-scaled.jpg","contentUrl":"http:\/\/www.radiohorizonte.fm\/radio\/wp-content\/uploads\/2025\/06\/Portada-FM-Horizonte_modelo-imagen-scaled.jpg","width":2560,"height":1056,"caption":"Horizonte"},"image":{"@id":"http:\/\/www.radiohorizonte.fm\/radio\/#\/schema\/logo\/image\/"},"sameAs":["http:\/\/www.facebook.com\/HORIZONTE106.1","https:\/\/x.com\/fmhorizonte1061"]},{"@type":"Person","@id":"http:\/\/www.radiohorizonte.fm\/radio\/#\/schema\/person\/f8fa003a405bb86729fd87d15d0ddafa","name":"Cristian Galarza","image":{"@type":"ImageObject","inLanguage":"es-AR","@id":"https:\/\/secure.gravatar.com\/avatar\/fad34bc2c773209c05d7d53b08a69b680eeb55f3be014e52b31643d20ab65925?s=96&d=mm&r=g","url":"https:\/\/secure.gravatar.com\/avatar\/fad34bc2c773209c05d7d53b08a69b680eeb55f3be014e52b31643d20ab65925?s=96&d=mm&r=g","contentUrl":"https:\/\/secure.gravatar.com\/avatar\/fad34bc2c773209c05d7d53b08a69b680eeb55f3be014e52b31643d20ab65925?s=96&d=mm&r=g","caption":"Cristian Galarza"},"url":"http:\/\/www.radiohorizonte.fm\/radio\/author\/cristian\/"}]}},"_links":{"self":[{"href":"http:\/\/www.radiohorizonte.fm\/radio\/wp-json\/wp\/v2\/posts\/41935","targetHints":{"allow":["GET"]}}],"collection":[{"href":"http:\/\/www.radiohorizonte.fm\/radio\/wp-json\/wp\/v2\/posts"}],"about":[{"href":"http:\/\/www.radiohorizonte.fm\/radio\/wp-json\/wp\/v2\/types\/post"}],"author":[{"embeddable":true,"href":"http:\/\/www.radiohorizonte.fm\/radio\/wp-json\/wp\/v2\/users\/2"}],"replies":[{"embeddable":true,"href":"http:\/\/www.radiohorizonte.fm\/radio\/wp-json\/wp\/v2\/comments?post=41935"}],"version-history":[{"count":1,"href":"http:\/\/www.radiohorizonte.fm\/radio\/wp-json\/wp\/v2\/posts\/41935\/revisions"}],"predecessor-version":[{"id":41938,"href":"http:\/\/www.radiohorizonte.fm\/radio\/wp-json\/wp\/v2\/posts\/41935\/revisions\/41938"}],"wp:featuredmedia":[{"embeddable":true,"href":"http:\/\/www.radiohorizonte.fm\/radio\/wp-json\/wp\/v2\/media\/41936"}],"wp:attachment":[{"href":"http:\/\/www.radiohorizonte.fm\/radio\/wp-json\/wp\/v2\/media?parent=41935"}],"wp:term":[{"taxonomy":"category","embeddable":true,"href":"http:\/\/www.radiohorizonte.fm\/radio\/wp-json\/wp\/v2\/categories?post=41935"},{"taxonomy":"post_tag","embeddable":true,"href":"http:\/\/www.radiohorizonte.fm\/radio\/wp-json\/wp\/v2\/tags?post=41935"}],"curies":[{"name":"wp","href":"https:\/\/api.w.org\/{rel}","templated":true}]}}