{"id":41939,"date":"2023-09-06T07:15:33","date_gmt":"2023-09-06T10:15:33","guid":{"rendered":"http:\/\/www.radiohorizonte.fm\/radio\/?p=41939"},"modified":"2023-09-06T07:15:33","modified_gmt":"2023-09-06T10:15:33","slug":"en-el-instituto-de-cardiologia-exigen-el-uso-del-barbijo","status":"publish","type":"post","link":"http:\/\/www.radiohorizonte.fm\/radio\/2023\/09\/06\/en-el-instituto-de-cardiologia-exigen-el-uso-del-barbijo\/","title":{"rendered":"En el Instituto de Cardiolog\u00eda exigen el uso del barbijo"},"content":{"rendered":"<p>En la jornada de ayer, el Instituto de Cardiolog\u00eda de Corrientes, por medio de un memor\u00e1ndum, resolvi\u00f3 que tanto el personal como toda persona que ingrese a la instituci\u00f3n deber\u00e1 tener el barbijo puesto debido al complejo escenario que atraviesa la ciudad con casos de coronavirus y enfermedades respiratorias.<\/p>\n<p><img loading=\"lazy\" decoding=\"async\" class=\"alignnone size-full wp-image-29178\" src=\"http:\/\/www.radiohorizonte.fm\/radio\/wp-content\/uploads\/2020\/08\/Tato-ser-operado-del-corazn-este-mircoles-en-el-Instituto-Cardiolgico.jpg\" alt=\"\" width=\"1024\" height=\"684\" srcset=\"http:\/\/www.radiohorizonte.fm\/radio\/wp-content\/uploads\/2020\/08\/Tato-ser-operado-del-corazn-este-mircoles-en-el-Instituto-Cardiolgico.jpg 1024w, http:\/\/www.radiohorizonte.fm\/radio\/wp-content\/uploads\/2020\/08\/Tato-ser-operado-del-corazn-este-mircoles-en-el-Instituto-Cardiolgico-300x200.jpg 300w, http:\/\/www.radiohorizonte.fm\/radio\/wp-content\/uploads\/2020\/08\/Tato-ser-operado-del-corazn-este-mircoles-en-el-Instituto-Cardiolgico-768x513.jpg 768w, http:\/\/www.radiohorizonte.fm\/radio\/wp-content\/uploads\/2020\/08\/Tato-ser-operado-del-corazn-este-mircoles-en-el-Instituto-Cardiolgico-65x43.jpg 65w, http:\/\/www.radiohorizonte.fm\/radio\/wp-content\/uploads\/2020\/08\/Tato-ser-operado-del-corazn-este-mircoles-en-el-Instituto-Cardiolgico-299x200.jpg 299w, http:\/\/www.radiohorizonte.fm\/radio\/wp-content\/uploads\/2020\/08\/Tato-ser-operado-del-corazn-este-mircoles-en-el-Instituto-Cardiolgico-85x57.jpg 85w, http:\/\/www.radiohorizonte.fm\/radio\/wp-content\/uploads\/2020\/08\/Tato-ser-operado-del-corazn-este-mircoles-en-el-Instituto-Cardiolgico-187x125.jpg 187w, http:\/\/www.radiohorizonte.fm\/radio\/wp-content\/uploads\/2020\/08\/Tato-ser-operado-del-corazn-este-mircoles-en-el-Instituto-Cardiolgico-90x60.jpg 90w\" sizes=\"auto, (max-width: 1024px) 100vw, 1024px\" \/><\/p>\n<p>Los casos en la provincia de Corrientes de COVID-19 son oficialmente seis, pero muchas personas optan por no realizarse el testeo de coronavirus por su valor, que oscila los $5 mil, y si lo realizan deciden autoaislarse, por lo que esos positivos no se contabilizan a la hora de darlos a conocer por el Ministerio de Salud de la Provincia.<\/p>\n<p>Desde la instituci\u00f3n, en su comunicado oficial remarcaron: &#8220;Debido al actual escenario epidemiol\u00f3gico de COVID-19, a partir del d\u00eda de la fecha (por ayer, 5 de septiembre) el uso del barbijo es de car\u00e1cter obligatorio para todo el personal interno y toda persona que ingrese a la instituci\u00f3n&#8221;.<\/p>\n<p>En lo que respecta a su personal de planta, aseveraron: &#8220;Ante cualquier s\u00edntoma respiratorio que presente el personal del Instituto, deber\u00e1 comunicarlo inmediatamente a la Divisi\u00f3n de Recursos Humanos&#8221;.<\/p>\n<p>Cabe recordar que una nueva subvariante del coronavirus que presenta 36 mutaciones est\u00e1 bajo monitoreo mundial. Se trata de \u00d3micron BA.2.86, que se encontr\u00f3 en pacientes con COVID-19 de Dinamarca, Israel, Reino Unido y Estados Unidos a mediados de agosto, seg\u00fan inform\u00f3 la Organizaci\u00f3n Mundial de la Salud (OMS).<\/p>\n<p>Lo positivo ser\u00eda que seg\u00fan las investigaciones de dos grupos de estudio, uno en China y otro en Suecia, hasta ahora, los primeros resultados dan cuenta de que BA.2.86 ser\u00eda menos contagiosa de lo que se cre\u00eda.<\/p>\n<p>Fuente: Diario \u00c9poca<\/p>\n","protected":false},"excerpt":{"rendered":"<div class=\"post-excerpt\"><p>En la jornada de ayer, el Instituto de Cardiolog\u00eda de Corrientes, por medio de un memor\u00e1ndum, resolvi\u00f3 que tanto el personal como toda persona que ingrese a la instituci\u00f3n deber\u00e1 tener el barbijo puesto debido al complejo escenario que atraviesa la ciudad con casos de coronavirus y enfermedades respiratorias. Los casos en la provincia de<\/p>\n<\/div>","protected":false},"author":2,"featured_media":29178,"comment_status":"closed","ping_status":"closed","sticky":false,"template":"","format":"standard","meta":{"_acf_changed":false,"footnotes":""},"categories":[2],"tags":[],"class_list":["post-41939","post","type-post","status-publish","format-standard","has-post-thumbnail","hentry","category-noticias"],"acf":[],"yoast_head":"<!-- This site is optimized with the Yoast SEO plugin v28.1 - https:\/\/yoast.com\/product\/yoast-seo-wordpress\/ -->\n<title>En el Instituto de Cardiolog\u00eda exigen el uso del barbijo - Horizonte<\/title>\n<meta name=\"robots\" content=\"index, follow, max-snippet:-1, max-image-preview:large, max-video-preview:-1\" \/>\n<link rel=\"canonical\" href=\"http:\/\/www.radiohorizonte.fm\/radio\/2023\/09\/06\/en-el-instituto-de-cardiologia-exigen-el-uso-del-barbijo\/\" \/>\n<meta property=\"og:locale\" content=\"es_ES\" \/>\n<meta property=\"og:type\" content=\"article\" \/>\n<meta property=\"og:title\" content=\"En el Instituto de Cardiolog\u00eda exigen el uso del barbijo - Horizonte\" \/>\n<meta property=\"og:description\" content=\"En la jornada de ayer, el Instituto de Cardiolog\u00eda de Corrientes, por medio de un memor\u00e1ndum, resolvi\u00f3 que tanto el personal como toda persona que ingrese a la instituci\u00f3n deber\u00e1 tener el barbijo puesto debido al complejo escenario que atraviesa la ciudad con casos de coronavirus y enfermedades respiratorias. Los casos en la provincia de\" \/>\n<meta property=\"og:url\" content=\"http:\/\/www.radiohorizonte.fm\/radio\/2023\/09\/06\/en-el-instituto-de-cardiologia-exigen-el-uso-del-barbijo\/\" \/>\n<meta property=\"og:site_name\" content=\"Horizonte\" \/>\n<meta property=\"article:publisher\" content=\"http:\/\/www.facebook.com\/HORIZONTE106.1\" \/>\n<meta property=\"article:published_time\" content=\"2023-09-06T10:15:33+00:00\" \/>\n<meta property=\"og:image\" content=\"http:\/\/www.radiohorizonte.fm\/radio\/wp-content\/uploads\/2020\/08\/Tato-ser-operado-del-corazn-este-mircoles-en-el-Instituto-Cardiolgico.jpg\" \/>\n\t<meta property=\"og:image:width\" content=\"1024\" \/>\n\t<meta property=\"og:image:height\" content=\"684\" \/>\n\t<meta property=\"og:image:type\" content=\"image\/jpeg\" \/>\n<meta name=\"author\" content=\"Cristian Galarza\" \/>\n<meta name=\"twitter:card\" content=\"summary_large_image\" \/>\n<meta name=\"twitter:creator\" content=\"@fmhorizonte1061\" \/>\n<meta name=\"twitter:site\" content=\"@fmhorizonte1061\" \/>\n<meta name=\"twitter:label1\" content=\"Escrito por\" \/>\n\t<meta name=\"twitter:data1\" content=\"Cristian Galarza\" \/>\n\t<meta name=\"twitter:label2\" content=\"Tiempo de lectura\" \/>\n\t<meta name=\"twitter:data2\" content=\"1 minuto\" \/>\n<script type=\"application\/ld+json\" class=\"yoast-schema-graph\">{\"@context\":\"https:\\\/\\\/schema.org\",\"@graph\":[{\"@type\":\"Article\",\"@id\":\"http:\\\/\\\/www.radiohorizonte.fm\\\/radio\\\/2023\\\/09\\\/06\\\/en-el-instituto-de-cardiologia-exigen-el-uso-del-barbijo\\\/#article\",\"isPartOf\":{\"@id\":\"http:\\\/\\\/www.radiohorizonte.fm\\\/radio\\\/2023\\\/09\\\/06\\\/en-el-instituto-de-cardiologia-exigen-el-uso-del-barbijo\\\/\"},\"author\":{\"name\":\"Cristian Galarza\",\"@id\":\"http:\\\/\\\/www.radiohorizonte.fm\\\/radio\\\/#\\\/schema\\\/person\\\/f8fa003a405bb86729fd87d15d0ddafa\"},\"headline\":\"En el Instituto de Cardiolog\u00eda exigen el uso del barbijo\",\"datePublished\":\"2023-09-06T10:15:33+00:00\",\"mainEntityOfPage\":{\"@id\":\"http:\\\/\\\/www.radiohorizonte.fm\\\/radio\\\/2023\\\/09\\\/06\\\/en-el-instituto-de-cardiologia-exigen-el-uso-del-barbijo\\\/\"},\"wordCount\":299,\"publisher\":{\"@id\":\"http:\\\/\\\/www.radiohorizonte.fm\\\/radio\\\/#organization\"},\"image\":{\"@id\":\"http:\\\/\\\/www.radiohorizonte.fm\\\/radio\\\/2023\\\/09\\\/06\\\/en-el-instituto-de-cardiologia-exigen-el-uso-del-barbijo\\\/#primaryimage\"},\"thumbnailUrl\":\"http:\\\/\\\/www.radiohorizonte.fm\\\/radio\\\/wp-content\\\/uploads\\\/2020\\\/08\\\/Tato-ser-operado-del-corazn-este-mircoles-en-el-Instituto-Cardiolgico.jpg\",\"articleSection\":[\"Noticias\"],\"inLanguage\":\"es-AR\"},{\"@type\":\"WebPage\",\"@id\":\"http:\\\/\\\/www.radiohorizonte.fm\\\/radio\\\/2023\\\/09\\\/06\\\/en-el-instituto-de-cardiologia-exigen-el-uso-del-barbijo\\\/\",\"url\":\"http:\\\/\\\/www.radiohorizonte.fm\\\/radio\\\/2023\\\/09\\\/06\\\/en-el-instituto-de-cardiologia-exigen-el-uso-del-barbijo\\\/\",\"name\":\"En el Instituto de Cardiolog\u00eda exigen el uso del barbijo - Horizonte\",\"isPartOf\":{\"@id\":\"http:\\\/\\\/www.radiohorizonte.fm\\\/radio\\\/#website\"},\"primaryImageOfPage\":{\"@id\":\"http:\\\/\\\/www.radiohorizonte.fm\\\/radio\\\/2023\\\/09\\\/06\\\/en-el-instituto-de-cardiologia-exigen-el-uso-del-barbijo\\\/#primaryimage\"},\"image\":{\"@id\":\"http:\\\/\\\/www.radiohorizonte.fm\\\/radio\\\/2023\\\/09\\\/06\\\/en-el-instituto-de-cardiologia-exigen-el-uso-del-barbijo\\\/#primaryimage\"},\"thumbnailUrl\":\"http:\\\/\\\/www.radiohorizonte.fm\\\/radio\\\/wp-content\\\/uploads\\\/2020\\\/08\\\/Tato-ser-operado-del-corazn-este-mircoles-en-el-Instituto-Cardiolgico.jpg\",\"datePublished\":\"2023-09-06T10:15:33+00:00\",\"breadcrumb\":{\"@id\":\"http:\\\/\\\/www.radiohorizonte.fm\\\/radio\\\/2023\\\/09\\\/06\\\/en-el-instituto-de-cardiologia-exigen-el-uso-del-barbijo\\\/#breadcrumb\"},\"inLanguage\":\"es-AR\",\"potentialAction\":[{\"@type\":\"ReadAction\",\"target\":[\"http:\\\/\\\/www.radiohorizonte.fm\\\/radio\\\/2023\\\/09\\\/06\\\/en-el-instituto-de-cardiologia-exigen-el-uso-del-barbijo\\\/\"]}]},{\"@type\":\"ImageObject\",\"inLanguage\":\"es-AR\",\"@id\":\"http:\\\/\\\/www.radiohorizonte.fm\\\/radio\\\/2023\\\/09\\\/06\\\/en-el-instituto-de-cardiologia-exigen-el-uso-del-barbijo\\\/#primaryimage\",\"url\":\"http:\\\/\\\/www.radiohorizonte.fm\\\/radio\\\/wp-content\\\/uploads\\\/2020\\\/08\\\/Tato-ser-operado-del-corazn-este-mircoles-en-el-Instituto-Cardiolgico.jpg\",\"contentUrl\":\"http:\\\/\\\/www.radiohorizonte.fm\\\/radio\\\/wp-content\\\/uploads\\\/2020\\\/08\\\/Tato-ser-operado-del-corazn-este-mircoles-en-el-Instituto-Cardiolgico.jpg\",\"width\":1024,\"height\":684},{\"@type\":\"BreadcrumbList\",\"@id\":\"http:\\\/\\\/www.radiohorizonte.fm\\\/radio\\\/2023\\\/09\\\/06\\\/en-el-instituto-de-cardiologia-exigen-el-uso-del-barbijo\\\/#breadcrumb\",\"itemListElement\":[{\"@type\":\"ListItem\",\"position\":1,\"name\":\"Home\",\"item\":\"http:\\\/\\\/www.radiohorizonte.fm\\\/radio\\\/\"},{\"@type\":\"ListItem\",\"position\":2,\"name\":\"En el Instituto de Cardiolog\u00eda exigen el uso del barbijo\"}]},{\"@type\":\"WebSite\",\"@id\":\"http:\\\/\\\/www.radiohorizonte.fm\\\/radio\\\/#website\",\"url\":\"http:\\\/\\\/www.radiohorizonte.fm\\\/radio\\\/\",\"name\":\"Horizonte\",\"description\":\"Radio Horizonte 106.1 - Una radio de clasicos\",\"publisher\":{\"@id\":\"http:\\\/\\\/www.radiohorizonte.fm\\\/radio\\\/#organization\"},\"potentialAction\":[{\"@type\":\"SearchAction\",\"target\":{\"@type\":\"EntryPoint\",\"urlTemplate\":\"http:\\\/\\\/www.radiohorizonte.fm\\\/radio\\\/?s={search_term_string}\"},\"query-input\":{\"@type\":\"PropertyValueSpecification\",\"valueRequired\":true,\"valueName\":\"search_term_string\"}}],\"inLanguage\":\"es-AR\"},{\"@type\":\"Organization\",\"@id\":\"http:\\\/\\\/www.radiohorizonte.fm\\\/radio\\\/#organization\",\"name\":\"Horizonte\",\"url\":\"http:\\\/\\\/www.radiohorizonte.fm\\\/radio\\\/\",\"logo\":{\"@type\":\"ImageObject\",\"inLanguage\":\"es-AR\",\"@id\":\"http:\\\/\\\/www.radiohorizonte.fm\\\/radio\\\/#\\\/schema\\\/logo\\\/image\\\/\",\"url\":\"http:\\\/\\\/www.radiohorizonte.fm\\\/radio\\\/wp-content\\\/uploads\\\/2025\\\/06\\\/Portada-FM-Horizonte_modelo-imagen-scaled.jpg\",\"contentUrl\":\"http:\\\/\\\/www.radiohorizonte.fm\\\/radio\\\/wp-content\\\/uploads\\\/2025\\\/06\\\/Portada-FM-Horizonte_modelo-imagen-scaled.jpg\",\"width\":2560,\"height\":1056,\"caption\":\"Horizonte\"},\"image\":{\"@id\":\"http:\\\/\\\/www.radiohorizonte.fm\\\/radio\\\/#\\\/schema\\\/logo\\\/image\\\/\"},\"sameAs\":[\"http:\\\/\\\/www.facebook.com\\\/HORIZONTE106.1\",\"https:\\\/\\\/x.com\\\/fmhorizonte1061\"]},{\"@type\":\"Person\",\"@id\":\"http:\\\/\\\/www.radiohorizonte.fm\\\/radio\\\/#\\\/schema\\\/person\\\/f8fa003a405bb86729fd87d15d0ddafa\",\"name\":\"Cristian Galarza\",\"image\":{\"@type\":\"ImageObject\",\"inLanguage\":\"es-AR\",\"@id\":\"https:\\\/\\\/secure.gravatar.com\\\/avatar\\\/fad34bc2c773209c05d7d53b08a69b680eeb55f3be014e52b31643d20ab65925?s=96&d=mm&r=g\",\"url\":\"https:\\\/\\\/secure.gravatar.com\\\/avatar\\\/fad34bc2c773209c05d7d53b08a69b680eeb55f3be014e52b31643d20ab65925?s=96&d=mm&r=g\",\"contentUrl\":\"https:\\\/\\\/secure.gravatar.com\\\/avatar\\\/fad34bc2c773209c05d7d53b08a69b680eeb55f3be014e52b31643d20ab65925?s=96&d=mm&r=g\",\"caption\":\"Cristian Galarza\"},\"url\":\"http:\\\/\\\/www.radiohorizonte.fm\\\/radio\\\/author\\\/cristian\\\/\"}]}<\/script>\n<!-- \/ Yoast SEO plugin. -->","yoast_head_json":{"title":"En el Instituto de Cardiolog\u00eda exigen el uso del barbijo - Horizonte","robots":{"index":"index","follow":"follow","max-snippet":"max-snippet:-1","max-image-preview":"max-image-preview:large","max-video-preview":"max-video-preview:-1"},"canonical":"http:\/\/www.radiohorizonte.fm\/radio\/2023\/09\/06\/en-el-instituto-de-cardiologia-exigen-el-uso-del-barbijo\/","og_locale":"es_ES","og_type":"article","og_title":"En el Instituto de Cardiolog\u00eda exigen el uso del barbijo - Horizonte","og_description":"En la jornada de ayer, el Instituto de Cardiolog\u00eda de Corrientes, por medio de un memor\u00e1ndum, resolvi\u00f3 que tanto el personal como toda persona que ingrese a la instituci\u00f3n deber\u00e1 tener el barbijo puesto debido al complejo escenario que atraviesa la ciudad con casos de coronavirus y enfermedades respiratorias. Los casos en la provincia de","og_url":"http:\/\/www.radiohorizonte.fm\/radio\/2023\/09\/06\/en-el-instituto-de-cardiologia-exigen-el-uso-del-barbijo\/","og_site_name":"Horizonte","article_publisher":"http:\/\/www.facebook.com\/HORIZONTE106.1","article_published_time":"2023-09-06T10:15:33+00:00","og_image":[{"width":1024,"height":684,"url":"http:\/\/www.radiohorizonte.fm\/radio\/wp-content\/uploads\/2020\/08\/Tato-ser-operado-del-corazn-este-mircoles-en-el-Instituto-Cardiolgico.jpg","type":"image\/jpeg"}],"author":"Cristian Galarza","twitter_card":"summary_large_image","twitter_creator":"@fmhorizonte1061","twitter_site":"@fmhorizonte1061","twitter_misc":{"Escrito por":"Cristian Galarza","Tiempo de lectura":"1 minuto"},"schema":{"@context":"https:\/\/schema.org","@graph":[{"@type":"Article","@id":"http:\/\/www.radiohorizonte.fm\/radio\/2023\/09\/06\/en-el-instituto-de-cardiologia-exigen-el-uso-del-barbijo\/#article","isPartOf":{"@id":"http:\/\/www.radiohorizonte.fm\/radio\/2023\/09\/06\/en-el-instituto-de-cardiologia-exigen-el-uso-del-barbijo\/"},"author":{"name":"Cristian Galarza","@id":"http:\/\/www.radiohorizonte.fm\/radio\/#\/schema\/person\/f8fa003a405bb86729fd87d15d0ddafa"},"headline":"En el Instituto de Cardiolog\u00eda exigen el uso del barbijo","datePublished":"2023-09-06T10:15:33+00:00","mainEntityOfPage":{"@id":"http:\/\/www.radiohorizonte.fm\/radio\/2023\/09\/06\/en-el-instituto-de-cardiologia-exigen-el-uso-del-barbijo\/"},"wordCount":299,"publisher":{"@id":"http:\/\/www.radiohorizonte.fm\/radio\/#organization"},"image":{"@id":"http:\/\/www.radiohorizonte.fm\/radio\/2023\/09\/06\/en-el-instituto-de-cardiologia-exigen-el-uso-del-barbijo\/#primaryimage"},"thumbnailUrl":"http:\/\/www.radiohorizonte.fm\/radio\/wp-content\/uploads\/2020\/08\/Tato-ser-operado-del-corazn-este-mircoles-en-el-Instituto-Cardiolgico.jpg","articleSection":["Noticias"],"inLanguage":"es-AR"},{"@type":"WebPage","@id":"http:\/\/www.radiohorizonte.fm\/radio\/2023\/09\/06\/en-el-instituto-de-cardiologia-exigen-el-uso-del-barbijo\/","url":"http:\/\/www.radiohorizonte.fm\/radio\/2023\/09\/06\/en-el-instituto-de-cardiologia-exigen-el-uso-del-barbijo\/","name":"En el Instituto de Cardiolog\u00eda exigen el uso del barbijo - Horizonte","isPartOf":{"@id":"http:\/\/www.radiohorizonte.fm\/radio\/#website"},"primaryImageOfPage":{"@id":"http:\/\/www.radiohorizonte.fm\/radio\/2023\/09\/06\/en-el-instituto-de-cardiologia-exigen-el-uso-del-barbijo\/#primaryimage"},"image":{"@id":"http:\/\/www.radiohorizonte.fm\/radio\/2023\/09\/06\/en-el-instituto-de-cardiologia-exigen-el-uso-del-barbijo\/#primaryimage"},"thumbnailUrl":"http:\/\/www.radiohorizonte.fm\/radio\/wp-content\/uploads\/2020\/08\/Tato-ser-operado-del-corazn-este-mircoles-en-el-Instituto-Cardiolgico.jpg","datePublished":"2023-09-06T10:15:33+00:00","breadcrumb":{"@id":"http:\/\/www.radiohorizonte.fm\/radio\/2023\/09\/06\/en-el-instituto-de-cardiologia-exigen-el-uso-del-barbijo\/#breadcrumb"},"inLanguage":"es-AR","potentialAction":[{"@type":"ReadAction","target":["http:\/\/www.radiohorizonte.fm\/radio\/2023\/09\/06\/en-el-instituto-de-cardiologia-exigen-el-uso-del-barbijo\/"]}]},{"@type":"ImageObject","inLanguage":"es-AR","@id":"http:\/\/www.radiohorizonte.fm\/radio\/2023\/09\/06\/en-el-instituto-de-cardiologia-exigen-el-uso-del-barbijo\/#primaryimage","url":"http:\/\/www.radiohorizonte.fm\/radio\/wp-content\/uploads\/2020\/08\/Tato-ser-operado-del-corazn-este-mircoles-en-el-Instituto-Cardiolgico.jpg","contentUrl":"http:\/\/www.radiohorizonte.fm\/radio\/wp-content\/uploads\/2020\/08\/Tato-ser-operado-del-corazn-este-mircoles-en-el-Instituto-Cardiolgico.jpg","width":1024,"height":684},{"@type":"BreadcrumbList","@id":"http:\/\/www.radiohorizonte.fm\/radio\/2023\/09\/06\/en-el-instituto-de-cardiologia-exigen-el-uso-del-barbijo\/#breadcrumb","itemListElement":[{"@type":"ListItem","position":1,"name":"Home","item":"http:\/\/www.radiohorizonte.fm\/radio\/"},{"@type":"ListItem","position":2,"name":"En el Instituto de Cardiolog\u00eda exigen el uso del barbijo"}]},{"@type":"WebSite","@id":"http:\/\/www.radiohorizonte.fm\/radio\/#website","url":"http:\/\/www.radiohorizonte.fm\/radio\/","name":"Horizonte","description":"Radio Horizonte 106.1 - Una radio de clasicos","publisher":{"@id":"http:\/\/www.radiohorizonte.fm\/radio\/#organization"},"potentialAction":[{"@type":"SearchAction","target":{"@type":"EntryPoint","urlTemplate":"http:\/\/www.radiohorizonte.fm\/radio\/?s={search_term_string}"},"query-input":{"@type":"PropertyValueSpecification","valueRequired":true,"valueName":"search_term_string"}}],"inLanguage":"es-AR"},{"@type":"Organization","@id":"http:\/\/www.radiohorizonte.fm\/radio\/#organization","name":"Horizonte","url":"http:\/\/www.radiohorizonte.fm\/radio\/","logo":{"@type":"ImageObject","inLanguage":"es-AR","@id":"http:\/\/www.radiohorizonte.fm\/radio\/#\/schema\/logo\/image\/","url":"http:\/\/www.radiohorizonte.fm\/radio\/wp-content\/uploads\/2025\/06\/Portada-FM-Horizonte_modelo-imagen-scaled.jpg","contentUrl":"http:\/\/www.radiohorizonte.fm\/radio\/wp-content\/uploads\/2025\/06\/Portada-FM-Horizonte_modelo-imagen-scaled.jpg","width":2560,"height":1056,"caption":"Horizonte"},"image":{"@id":"http:\/\/www.radiohorizonte.fm\/radio\/#\/schema\/logo\/image\/"},"sameAs":["http:\/\/www.facebook.com\/HORIZONTE106.1","https:\/\/x.com\/fmhorizonte1061"]},{"@type":"Person","@id":"http:\/\/www.radiohorizonte.fm\/radio\/#\/schema\/person\/f8fa003a405bb86729fd87d15d0ddafa","name":"Cristian Galarza","image":{"@type":"ImageObject","inLanguage":"es-AR","@id":"https:\/\/secure.gravatar.com\/avatar\/fad34bc2c773209c05d7d53b08a69b680eeb55f3be014e52b31643d20ab65925?s=96&d=mm&r=g","url":"https:\/\/secure.gravatar.com\/avatar\/fad34bc2c773209c05d7d53b08a69b680eeb55f3be014e52b31643d20ab65925?s=96&d=mm&r=g","contentUrl":"https:\/\/secure.gravatar.com\/avatar\/fad34bc2c773209c05d7d53b08a69b680eeb55f3be014e52b31643d20ab65925?s=96&d=mm&r=g","caption":"Cristian Galarza"},"url":"http:\/\/www.radiohorizonte.fm\/radio\/author\/cristian\/"}]}},"_links":{"self":[{"href":"http:\/\/www.radiohorizonte.fm\/radio\/wp-json\/wp\/v2\/posts\/41939","targetHints":{"allow":["GET"]}}],"collection":[{"href":"http:\/\/www.radiohorizonte.fm\/radio\/wp-json\/wp\/v2\/posts"}],"about":[{"href":"http:\/\/www.radiohorizonte.fm\/radio\/wp-json\/wp\/v2\/types\/post"}],"author":[{"embeddable":true,"href":"http:\/\/www.radiohorizonte.fm\/radio\/wp-json\/wp\/v2\/users\/2"}],"replies":[{"embeddable":true,"href":"http:\/\/www.radiohorizonte.fm\/radio\/wp-json\/wp\/v2\/comments?post=41939"}],"version-history":[{"count":1,"href":"http:\/\/www.radiohorizonte.fm\/radio\/wp-json\/wp\/v2\/posts\/41939\/revisions"}],"predecessor-version":[{"id":41940,"href":"http:\/\/www.radiohorizonte.fm\/radio\/wp-json\/wp\/v2\/posts\/41939\/revisions\/41940"}],"wp:featuredmedia":[{"embeddable":true,"href":"http:\/\/www.radiohorizonte.fm\/radio\/wp-json\/wp\/v2\/media\/29178"}],"wp:attachment":[{"href":"http:\/\/www.radiohorizonte.fm\/radio\/wp-json\/wp\/v2\/media?parent=41939"}],"wp:term":[{"taxonomy":"category","embeddable":true,"href":"http:\/\/www.radiohorizonte.fm\/radio\/wp-json\/wp\/v2\/categories?post=41939"},{"taxonomy":"post_tag","embeddable":true,"href":"http:\/\/www.radiohorizonte.fm\/radio\/wp-json\/wp\/v2\/tags?post=41939"}],"curies":[{"name":"wp","href":"https:\/\/api.w.org\/{rel}","templated":true}]}}