{"id":41945,"date":"2023-09-07T07:19:33","date_gmt":"2023-09-07T10:19:33","guid":{"rendered":"http:\/\/www.radiohorizonte.fm\/radio\/?p=41945"},"modified":"2023-09-07T07:19:33","modified_gmt":"2023-09-07T10:19:33","slug":"condenaron-un-hombre-12-anos-de-prision-por-el-violento-robo-de-una-moto","status":"publish","type":"post","link":"http:\/\/www.radiohorizonte.fm\/radio\/2023\/09\/07\/condenaron-un-hombre-12-anos-de-prision-por-el-violento-robo-de-una-moto\/","title":{"rendered":"Condenaron a un hombre a 12 a\u00f1os de prisi\u00f3n por el violento robo de una moto"},"content":{"rendered":"<div class=\"item is-12 mnp\">\n<div class=\"articulo__intro\">Se trata de Luciano Exequiel Sotelo, quien en marzo de este a\u00f1o cometi\u00f3 el delito con un c\u00f3mplice en una helader\u00eda ubicada en calle Yugoslavia y avenida Cuba.<\/div>\n<div><img loading=\"lazy\" decoding=\"async\" class=\"alignnone size-full wp-image-41946\" src=\"http:\/\/www.radiohorizonte.fm\/radio\/wp-content\/uploads\/2023\/09\/1694048434205.jpg\" alt=\"\" width=\"770\" height=\"440\" srcset=\"http:\/\/www.radiohorizonte.fm\/radio\/wp-content\/uploads\/2023\/09\/1694048434205.jpg 770w, http:\/\/www.radiohorizonte.fm\/radio\/wp-content\/uploads\/2023\/09\/1694048434205-300x171.jpg 300w, http:\/\/www.radiohorizonte.fm\/radio\/wp-content\/uploads\/2023\/09\/1694048434205-768x439.jpg 768w, http:\/\/www.radiohorizonte.fm\/radio\/wp-content\/uploads\/2023\/09\/1694048434205-65x37.jpg 65w, http:\/\/www.radiohorizonte.fm\/radio\/wp-content\/uploads\/2023\/09\/1694048434205-320x183.jpg 320w, http:\/\/www.radiohorizonte.fm\/radio\/wp-content\/uploads\/2023\/09\/1694048434205-85x49.jpg 85w, http:\/\/www.radiohorizonte.fm\/radio\/wp-content\/uploads\/2023\/09\/1694048434205-220x125.jpg 220w, http:\/\/www.radiohorizonte.fm\/radio\/wp-content\/uploads\/2023\/09\/1694048434205-90x51.jpg 90w\" sizes=\"auto, (max-width: 770px) 100vw, 770px\" \/><\/div>\n<\/div>\n<div class=\"item articulo__main\">\n<p>En el primer juicio oral con Tribunal Colegiado de la Capital se conden\u00f3 a un hombre a 12 a\u00f1os de prisi\u00f3n por el violento robo de una motocicleta ocurrido el 1 de marzo de este a\u00f1o en la capital correntina.<\/p>\n<p>Luciano Exequiel Sotelo, fue hallado culpable del delito de robo doblemente calificado por el uso de arma de fuego y por haber causado lesiones en la victima en concurso real con el delito de portaci\u00f3n de arma de fuego (tumbera) y receptaci\u00f3n de elemento proveniente de delito (motocicleta con la que se desplazaban los delincuentes, denunciada como robada en diciembre de 2022) de conformidad a los Art 266 inc. 1 y 2, segundo p\u00e1rrafo; 189 bis y 277 punto 1 inc c) todos del CP en concurso real (Art 55 CP).\u00a0Gonz\u00e1lez cometi\u00f3 el delito junto con otro sujeto de apellido Gonz\u00e1lez (condenado por juicio abreviado pleno).<\/p>\n<p>El juicio se inici\u00f3 el martes a las 8,00hs., despu\u00e9s de presentarse los jueces y las partes (Fiscal y Defensa) e identificar al imputado, se oyeron los alegatos de apertura donde cada una de las partes (fiscal y defensa) expuso sus pretensiones y lo que se compromet\u00edan a probar en juicio (Teor\u00edas del caso). La Fiscal\u00eda sostuvo la intervenci\u00f3n de Sotelo fundado en el testimonio de la v\u00edctima, Roger Courlley, como en el reconocimiento por \u00e1lbum fotogr\u00e1fico de \u00e9ste un d\u00eda despu\u00e9s del hecho, as\u00ed como tambi\u00e9n, por las tareas de investigaci\u00f3n llevadas a cabo por la DIC y la UFIE. La defensa sostuvo la inocencia de Sotelo bas\u00e1ndose en la imprecisi\u00f3n de im\u00e1genes extra\u00eddas de c\u00e1mara de seguridad de la cuadra; como en el hecho de que esa noche comparti\u00f3 una cena con su padre quien tambi\u00e9n depuso como testigo, junto a pareja, de cuyo testimonio la defensa desisti\u00f3.<\/p>\n<p>El Tribunal de Juicio conformado por los Dres. Juan Jos\u00e9 Cochia, Facundo Rom\u00e1n Esquivel y Ariel H\u00e9ctor Azcona, bajo la presidencia de juicio de este \u00faltimo, luego de o\u00edr los alegatos de clausura y pasar a deliberar, entendi\u00f3 que se hallaba acreditada la intervenci\u00f3n de Sotelo en el hecho en calidad de coautor. En uso de lenguaje claro explic\u00f3 al imputado los fundamentos y las pruebas en las que se bas\u00f3 para llegar a este veredicto de responsabilidad por unanimidad, entre ellos, en el testimonio de la v\u00edctima prestado en debate sumado al reconocimiento por fotograf\u00eda llevado a cabo una vez iniciada la investigaci\u00f3n en el marco de lo normado por el Art 196 CPP, as\u00ed como en las tareas de investigaci\u00f3n de la polic\u00eda judicial bajo la direcci\u00f3n del Sr Fiscal de Investigaci\u00f3n en el marco del art 77 CPP de la provincia.<\/p>\n<div class=\"container_publi\" data-tipo=\"tipo_desktop \" data-pos=\"AMP_P1_cuerpo\"><\/div>\n<p>Indic\u00f3 el Tribunal que la participaci\u00f3n de Sotelo adquir\u00eda calidad de coautor\u00eda por divisi\u00f3n de funciones a partir de la valoraci\u00f3n de la conducta conjunta asumida por los agentes de arribar ambos a bordo de una motocicleta (denunciada como robada meses atr\u00e1s), descender Sotelo para dar arranque a la motocicleta propiedad del Sr Courlley y darse a la fuga mientras que Gonz\u00e1lez, al pretender huir y, para lograr su impunidad, empleo un arma de fabricaci\u00f3n casera(tumbera) para amedrentar a terceros que pretend\u00edan demorarlo as\u00ed como embisti\u00f3 con la motocicleta 110 cc al damnificado provoc\u00e1ndole lesi\u00f3n grave (fractura de cadera derecha).<\/p>\n<p>La autor\u00eda de Sotelo se sostuvo en la visualizaci\u00f3n por parte de Courlley del imputado en momentos previos al desapoderamiento cuando, advertido por el empleado de la helader\u00eda mira al imputado y es observado por \u00e9ste como por la posibilidad de identificar sus rasgos fison\u00f3micos al perseguirlo y estar a escasa distancia (de un brazo), sin poder detenerlo. Sumo a esto, el tribunal las tareas de investigaci\u00f3n que llevo adelante la polic\u00eda judicial en relaci\u00f3n al an\u00e1lisis de filmaciones, entrevista de vecinos y reconocimiento por \u00e1lbumes fotogr\u00e1ficos. La conducta en calidad de coautor\u00eda se fundament\u00f3 tambi\u00e9n en el trabajo anal\u00edtico de la UFIE., dependiente del Ministerio Publico en cuanto a partir de las filmaciones se pudo recrear mediante sistema inform\u00e1tico la circunstancia de modo y lugar. El hecho que se juzg\u00f3 se produjo el 1 de marzo pasado en horario de la madrugada, 1,15 horas aproximadamente, en inmediaciones a la helader\u00eda ubicada \u00a0en calles Yugoslavia y avenida Cuba de esta ciudad. \u00a0Sotelo, junto a Gonz\u00e1lez \u00a0sustrajeron una motocicleta marca Honda XR 250 cc. que el propietario hab\u00eda dejado estacionada en la vereda de la helader\u00eda.<\/p>\n<p>Fuente: El Litoral<\/p>\n<\/div>\n","protected":false},"excerpt":{"rendered":"<div class=\"post-excerpt\"><p>Se trata de Luciano Exequiel Sotelo, quien en marzo de este a\u00f1o cometi\u00f3 el delito con un c\u00f3mplice en una helader\u00eda ubicada en calle Yugoslavia y avenida Cuba. En el primer juicio oral con Tribunal Colegiado de la Capital se conden\u00f3 a un hombre a 12 a\u00f1os de prisi\u00f3n por el violento robo de una<\/p>\n<\/div>","protected":false},"author":2,"featured_media":41946,"comment_status":"closed","ping_status":"closed","sticky":false,"template":"","format":"standard","meta":{"_acf_changed":false,"footnotes":""},"categories":[2],"tags":[],"class_list":["post-41945","post","type-post","status-publish","format-standard","has-post-thumbnail","hentry","category-noticias"],"acf":[],"yoast_head":"<!-- This site is optimized with the Yoast SEO plugin v28.1 - https:\/\/yoast.com\/product\/yoast-seo-wordpress\/ -->\n<title>Condenaron a un hombre a 12 a\u00f1os de prisi\u00f3n por el violento robo de una moto - Horizonte<\/title>\n<meta name=\"robots\" content=\"index, follow, max-snippet:-1, max-image-preview:large, max-video-preview:-1\" \/>\n<link rel=\"canonical\" href=\"http:\/\/www.radiohorizonte.fm\/radio\/2023\/09\/07\/condenaron-un-hombre-12-anos-de-prision-por-el-violento-robo-de-una-moto\/\" \/>\n<meta property=\"og:locale\" content=\"es_ES\" \/>\n<meta property=\"og:type\" content=\"article\" \/>\n<meta property=\"og:title\" content=\"Condenaron a un hombre a 12 a\u00f1os de prisi\u00f3n por el violento robo de una moto - Horizonte\" \/>\n<meta property=\"og:description\" content=\"Se trata de Luciano Exequiel Sotelo, quien en marzo de este a\u00f1o cometi\u00f3 el delito con un c\u00f3mplice en una helader\u00eda ubicada en calle Yugoslavia y avenida Cuba. En el primer juicio oral con Tribunal Colegiado de la Capital se conden\u00f3 a un hombre a 12 a\u00f1os de prisi\u00f3n por el violento robo de una\" \/>\n<meta property=\"og:url\" content=\"http:\/\/www.radiohorizonte.fm\/radio\/2023\/09\/07\/condenaron-un-hombre-12-anos-de-prision-por-el-violento-robo-de-una-moto\/\" \/>\n<meta property=\"og:site_name\" content=\"Horizonte\" \/>\n<meta property=\"article:publisher\" content=\"http:\/\/www.facebook.com\/HORIZONTE106.1\" \/>\n<meta property=\"article:published_time\" content=\"2023-09-07T10:19:33+00:00\" \/>\n<meta property=\"og:image\" content=\"http:\/\/www.radiohorizonte.fm\/radio\/wp-content\/uploads\/2023\/09\/1694048434205.jpg\" \/>\n\t<meta property=\"og:image:width\" content=\"770\" \/>\n\t<meta property=\"og:image:height\" content=\"440\" \/>\n\t<meta property=\"og:image:type\" content=\"image\/jpeg\" \/>\n<meta name=\"author\" content=\"Cristian Galarza\" \/>\n<meta name=\"twitter:card\" content=\"summary_large_image\" \/>\n<meta name=\"twitter:creator\" content=\"@fmhorizonte1061\" \/>\n<meta name=\"twitter:site\" content=\"@fmhorizonte1061\" \/>\n<meta name=\"twitter:label1\" content=\"Escrito por\" \/>\n\t<meta name=\"twitter:data1\" content=\"Cristian Galarza\" \/>\n\t<meta name=\"twitter:label2\" content=\"Tiempo de lectura\" \/>\n\t<meta name=\"twitter:data2\" content=\"4 minutos\" \/>\n<script type=\"application\/ld+json\" class=\"yoast-schema-graph\">{\"@context\":\"https:\\\/\\\/schema.org\",\"@graph\":[{\"@type\":\"Article\",\"@id\":\"http:\\\/\\\/www.radiohorizonte.fm\\\/radio\\\/2023\\\/09\\\/07\\\/condenaron-un-hombre-12-anos-de-prision-por-el-violento-robo-de-una-moto\\\/#article\",\"isPartOf\":{\"@id\":\"http:\\\/\\\/www.radiohorizonte.fm\\\/radio\\\/2023\\\/09\\\/07\\\/condenaron-un-hombre-12-anos-de-prision-por-el-violento-robo-de-una-moto\\\/\"},\"author\":{\"name\":\"Cristian Galarza\",\"@id\":\"http:\\\/\\\/www.radiohorizonte.fm\\\/radio\\\/#\\\/schema\\\/person\\\/f8fa003a405bb86729fd87d15d0ddafa\"},\"headline\":\"Condenaron a un hombre a 12 a\u00f1os de prisi\u00f3n por el violento robo de una moto\",\"datePublished\":\"2023-09-07T10:19:33+00:00\",\"mainEntityOfPage\":{\"@id\":\"http:\\\/\\\/www.radiohorizonte.fm\\\/radio\\\/2023\\\/09\\\/07\\\/condenaron-un-hombre-12-anos-de-prision-por-el-violento-robo-de-una-moto\\\/\"},\"wordCount\":826,\"publisher\":{\"@id\":\"http:\\\/\\\/www.radiohorizonte.fm\\\/radio\\\/#organization\"},\"image\":{\"@id\":\"http:\\\/\\\/www.radiohorizonte.fm\\\/radio\\\/2023\\\/09\\\/07\\\/condenaron-un-hombre-12-anos-de-prision-por-el-violento-robo-de-una-moto\\\/#primaryimage\"},\"thumbnailUrl\":\"http:\\\/\\\/www.radiohorizonte.fm\\\/radio\\\/wp-content\\\/uploads\\\/2023\\\/09\\\/1694048434205.jpg\",\"articleSection\":[\"Noticias\"],\"inLanguage\":\"es-AR\"},{\"@type\":\"WebPage\",\"@id\":\"http:\\\/\\\/www.radiohorizonte.fm\\\/radio\\\/2023\\\/09\\\/07\\\/condenaron-un-hombre-12-anos-de-prision-por-el-violento-robo-de-una-moto\\\/\",\"url\":\"http:\\\/\\\/www.radiohorizonte.fm\\\/radio\\\/2023\\\/09\\\/07\\\/condenaron-un-hombre-12-anos-de-prision-por-el-violento-robo-de-una-moto\\\/\",\"name\":\"Condenaron a un hombre a 12 a\u00f1os de prisi\u00f3n por el violento robo de una moto - Horizonte\",\"isPartOf\":{\"@id\":\"http:\\\/\\\/www.radiohorizonte.fm\\\/radio\\\/#website\"},\"primaryImageOfPage\":{\"@id\":\"http:\\\/\\\/www.radiohorizonte.fm\\\/radio\\\/2023\\\/09\\\/07\\\/condenaron-un-hombre-12-anos-de-prision-por-el-violento-robo-de-una-moto\\\/#primaryimage\"},\"image\":{\"@id\":\"http:\\\/\\\/www.radiohorizonte.fm\\\/radio\\\/2023\\\/09\\\/07\\\/condenaron-un-hombre-12-anos-de-prision-por-el-violento-robo-de-una-moto\\\/#primaryimage\"},\"thumbnailUrl\":\"http:\\\/\\\/www.radiohorizonte.fm\\\/radio\\\/wp-content\\\/uploads\\\/2023\\\/09\\\/1694048434205.jpg\",\"datePublished\":\"2023-09-07T10:19:33+00:00\",\"breadcrumb\":{\"@id\":\"http:\\\/\\\/www.radiohorizonte.fm\\\/radio\\\/2023\\\/09\\\/07\\\/condenaron-un-hombre-12-anos-de-prision-por-el-violento-robo-de-una-moto\\\/#breadcrumb\"},\"inLanguage\":\"es-AR\",\"potentialAction\":[{\"@type\":\"ReadAction\",\"target\":[\"http:\\\/\\\/www.radiohorizonte.fm\\\/radio\\\/2023\\\/09\\\/07\\\/condenaron-un-hombre-12-anos-de-prision-por-el-violento-robo-de-una-moto\\\/\"]}]},{\"@type\":\"ImageObject\",\"inLanguage\":\"es-AR\",\"@id\":\"http:\\\/\\\/www.radiohorizonte.fm\\\/radio\\\/2023\\\/09\\\/07\\\/condenaron-un-hombre-12-anos-de-prision-por-el-violento-robo-de-una-moto\\\/#primaryimage\",\"url\":\"http:\\\/\\\/www.radiohorizonte.fm\\\/radio\\\/wp-content\\\/uploads\\\/2023\\\/09\\\/1694048434205.jpg\",\"contentUrl\":\"http:\\\/\\\/www.radiohorizonte.fm\\\/radio\\\/wp-content\\\/uploads\\\/2023\\\/09\\\/1694048434205.jpg\",\"width\":770,\"height\":440},{\"@type\":\"BreadcrumbList\",\"@id\":\"http:\\\/\\\/www.radiohorizonte.fm\\\/radio\\\/2023\\\/09\\\/07\\\/condenaron-un-hombre-12-anos-de-prision-por-el-violento-robo-de-una-moto\\\/#breadcrumb\",\"itemListElement\":[{\"@type\":\"ListItem\",\"position\":1,\"name\":\"Home\",\"item\":\"http:\\\/\\\/www.radiohorizonte.fm\\\/radio\\\/\"},{\"@type\":\"ListItem\",\"position\":2,\"name\":\"Condenaron a un hombre a 12 a\u00f1os de prisi\u00f3n por el violento robo de una moto\"}]},{\"@type\":\"WebSite\",\"@id\":\"http:\\\/\\\/www.radiohorizonte.fm\\\/radio\\\/#website\",\"url\":\"http:\\\/\\\/www.radiohorizonte.fm\\\/radio\\\/\",\"name\":\"Horizonte\",\"description\":\"Radio Horizonte 106.1 - Una radio de clasicos\",\"publisher\":{\"@id\":\"http:\\\/\\\/www.radiohorizonte.fm\\\/radio\\\/#organization\"},\"potentialAction\":[{\"@type\":\"SearchAction\",\"target\":{\"@type\":\"EntryPoint\",\"urlTemplate\":\"http:\\\/\\\/www.radiohorizonte.fm\\\/radio\\\/?s={search_term_string}\"},\"query-input\":{\"@type\":\"PropertyValueSpecification\",\"valueRequired\":true,\"valueName\":\"search_term_string\"}}],\"inLanguage\":\"es-AR\"},{\"@type\":\"Organization\",\"@id\":\"http:\\\/\\\/www.radiohorizonte.fm\\\/radio\\\/#organization\",\"name\":\"Horizonte\",\"url\":\"http:\\\/\\\/www.radiohorizonte.fm\\\/radio\\\/\",\"logo\":{\"@type\":\"ImageObject\",\"inLanguage\":\"es-AR\",\"@id\":\"http:\\\/\\\/www.radiohorizonte.fm\\\/radio\\\/#\\\/schema\\\/logo\\\/image\\\/\",\"url\":\"http:\\\/\\\/www.radiohorizonte.fm\\\/radio\\\/wp-content\\\/uploads\\\/2025\\\/06\\\/Portada-FM-Horizonte_modelo-imagen-scaled.jpg\",\"contentUrl\":\"http:\\\/\\\/www.radiohorizonte.fm\\\/radio\\\/wp-content\\\/uploads\\\/2025\\\/06\\\/Portada-FM-Horizonte_modelo-imagen-scaled.jpg\",\"width\":2560,\"height\":1056,\"caption\":\"Horizonte\"},\"image\":{\"@id\":\"http:\\\/\\\/www.radiohorizonte.fm\\\/radio\\\/#\\\/schema\\\/logo\\\/image\\\/\"},\"sameAs\":[\"http:\\\/\\\/www.facebook.com\\\/HORIZONTE106.1\",\"https:\\\/\\\/x.com\\\/fmhorizonte1061\"]},{\"@type\":\"Person\",\"@id\":\"http:\\\/\\\/www.radiohorizonte.fm\\\/radio\\\/#\\\/schema\\\/person\\\/f8fa003a405bb86729fd87d15d0ddafa\",\"name\":\"Cristian Galarza\",\"image\":{\"@type\":\"ImageObject\",\"inLanguage\":\"es-AR\",\"@id\":\"https:\\\/\\\/secure.gravatar.com\\\/avatar\\\/fad34bc2c773209c05d7d53b08a69b680eeb55f3be014e52b31643d20ab65925?s=96&d=mm&r=g\",\"url\":\"https:\\\/\\\/secure.gravatar.com\\\/avatar\\\/fad34bc2c773209c05d7d53b08a69b680eeb55f3be014e52b31643d20ab65925?s=96&d=mm&r=g\",\"contentUrl\":\"https:\\\/\\\/secure.gravatar.com\\\/avatar\\\/fad34bc2c773209c05d7d53b08a69b680eeb55f3be014e52b31643d20ab65925?s=96&d=mm&r=g\",\"caption\":\"Cristian Galarza\"},\"url\":\"http:\\\/\\\/www.radiohorizonte.fm\\\/radio\\\/author\\\/cristian\\\/\"}]}<\/script>\n<!-- \/ Yoast SEO plugin. -->","yoast_head_json":{"title":"Condenaron a un hombre a 12 a\u00f1os de prisi\u00f3n por el violento robo de una moto - Horizonte","robots":{"index":"index","follow":"follow","max-snippet":"max-snippet:-1","max-image-preview":"max-image-preview:large","max-video-preview":"max-video-preview:-1"},"canonical":"http:\/\/www.radiohorizonte.fm\/radio\/2023\/09\/07\/condenaron-un-hombre-12-anos-de-prision-por-el-violento-robo-de-una-moto\/","og_locale":"es_ES","og_type":"article","og_title":"Condenaron a un hombre a 12 a\u00f1os de prisi\u00f3n por el violento robo de una moto - Horizonte","og_description":"Se trata de Luciano Exequiel Sotelo, quien en marzo de este a\u00f1o cometi\u00f3 el delito con un c\u00f3mplice en una helader\u00eda ubicada en calle Yugoslavia y avenida Cuba. En el primer juicio oral con Tribunal Colegiado de la Capital se conden\u00f3 a un hombre a 12 a\u00f1os de prisi\u00f3n por el violento robo de una","og_url":"http:\/\/www.radiohorizonte.fm\/radio\/2023\/09\/07\/condenaron-un-hombre-12-anos-de-prision-por-el-violento-robo-de-una-moto\/","og_site_name":"Horizonte","article_publisher":"http:\/\/www.facebook.com\/HORIZONTE106.1","article_published_time":"2023-09-07T10:19:33+00:00","og_image":[{"width":770,"height":440,"url":"http:\/\/www.radiohorizonte.fm\/radio\/wp-content\/uploads\/2023\/09\/1694048434205.jpg","type":"image\/jpeg"}],"author":"Cristian Galarza","twitter_card":"summary_large_image","twitter_creator":"@fmhorizonte1061","twitter_site":"@fmhorizonte1061","twitter_misc":{"Escrito por":"Cristian Galarza","Tiempo de lectura":"4 minutos"},"schema":{"@context":"https:\/\/schema.org","@graph":[{"@type":"Article","@id":"http:\/\/www.radiohorizonte.fm\/radio\/2023\/09\/07\/condenaron-un-hombre-12-anos-de-prision-por-el-violento-robo-de-una-moto\/#article","isPartOf":{"@id":"http:\/\/www.radiohorizonte.fm\/radio\/2023\/09\/07\/condenaron-un-hombre-12-anos-de-prision-por-el-violento-robo-de-una-moto\/"},"author":{"name":"Cristian Galarza","@id":"http:\/\/www.radiohorizonte.fm\/radio\/#\/schema\/person\/f8fa003a405bb86729fd87d15d0ddafa"},"headline":"Condenaron a un hombre a 12 a\u00f1os de prisi\u00f3n por el violento robo de una moto","datePublished":"2023-09-07T10:19:33+00:00","mainEntityOfPage":{"@id":"http:\/\/www.radiohorizonte.fm\/radio\/2023\/09\/07\/condenaron-un-hombre-12-anos-de-prision-por-el-violento-robo-de-una-moto\/"},"wordCount":826,"publisher":{"@id":"http:\/\/www.radiohorizonte.fm\/radio\/#organization"},"image":{"@id":"http:\/\/www.radiohorizonte.fm\/radio\/2023\/09\/07\/condenaron-un-hombre-12-anos-de-prision-por-el-violento-robo-de-una-moto\/#primaryimage"},"thumbnailUrl":"http:\/\/www.radiohorizonte.fm\/radio\/wp-content\/uploads\/2023\/09\/1694048434205.jpg","articleSection":["Noticias"],"inLanguage":"es-AR"},{"@type":"WebPage","@id":"http:\/\/www.radiohorizonte.fm\/radio\/2023\/09\/07\/condenaron-un-hombre-12-anos-de-prision-por-el-violento-robo-de-una-moto\/","url":"http:\/\/www.radiohorizonte.fm\/radio\/2023\/09\/07\/condenaron-un-hombre-12-anos-de-prision-por-el-violento-robo-de-una-moto\/","name":"Condenaron a un hombre a 12 a\u00f1os de prisi\u00f3n por el violento robo de una moto - Horizonte","isPartOf":{"@id":"http:\/\/www.radiohorizonte.fm\/radio\/#website"},"primaryImageOfPage":{"@id":"http:\/\/www.radiohorizonte.fm\/radio\/2023\/09\/07\/condenaron-un-hombre-12-anos-de-prision-por-el-violento-robo-de-una-moto\/#primaryimage"},"image":{"@id":"http:\/\/www.radiohorizonte.fm\/radio\/2023\/09\/07\/condenaron-un-hombre-12-anos-de-prision-por-el-violento-robo-de-una-moto\/#primaryimage"},"thumbnailUrl":"http:\/\/www.radiohorizonte.fm\/radio\/wp-content\/uploads\/2023\/09\/1694048434205.jpg","datePublished":"2023-09-07T10:19:33+00:00","breadcrumb":{"@id":"http:\/\/www.radiohorizonte.fm\/radio\/2023\/09\/07\/condenaron-un-hombre-12-anos-de-prision-por-el-violento-robo-de-una-moto\/#breadcrumb"},"inLanguage":"es-AR","potentialAction":[{"@type":"ReadAction","target":["http:\/\/www.radiohorizonte.fm\/radio\/2023\/09\/07\/condenaron-un-hombre-12-anos-de-prision-por-el-violento-robo-de-una-moto\/"]}]},{"@type":"ImageObject","inLanguage":"es-AR","@id":"http:\/\/www.radiohorizonte.fm\/radio\/2023\/09\/07\/condenaron-un-hombre-12-anos-de-prision-por-el-violento-robo-de-una-moto\/#primaryimage","url":"http:\/\/www.radiohorizonte.fm\/radio\/wp-content\/uploads\/2023\/09\/1694048434205.jpg","contentUrl":"http:\/\/www.radiohorizonte.fm\/radio\/wp-content\/uploads\/2023\/09\/1694048434205.jpg","width":770,"height":440},{"@type":"BreadcrumbList","@id":"http:\/\/www.radiohorizonte.fm\/radio\/2023\/09\/07\/condenaron-un-hombre-12-anos-de-prision-por-el-violento-robo-de-una-moto\/#breadcrumb","itemListElement":[{"@type":"ListItem","position":1,"name":"Home","item":"http:\/\/www.radiohorizonte.fm\/radio\/"},{"@type":"ListItem","position":2,"name":"Condenaron a un hombre a 12 a\u00f1os de prisi\u00f3n por el violento robo de una moto"}]},{"@type":"WebSite","@id":"http:\/\/www.radiohorizonte.fm\/radio\/#website","url":"http:\/\/www.radiohorizonte.fm\/radio\/","name":"Horizonte","description":"Radio Horizonte 106.1 - Una radio de clasicos","publisher":{"@id":"http:\/\/www.radiohorizonte.fm\/radio\/#organization"},"potentialAction":[{"@type":"SearchAction","target":{"@type":"EntryPoint","urlTemplate":"http:\/\/www.radiohorizonte.fm\/radio\/?s={search_term_string}"},"query-input":{"@type":"PropertyValueSpecification","valueRequired":true,"valueName":"search_term_string"}}],"inLanguage":"es-AR"},{"@type":"Organization","@id":"http:\/\/www.radiohorizonte.fm\/radio\/#organization","name":"Horizonte","url":"http:\/\/www.radiohorizonte.fm\/radio\/","logo":{"@type":"ImageObject","inLanguage":"es-AR","@id":"http:\/\/www.radiohorizonte.fm\/radio\/#\/schema\/logo\/image\/","url":"http:\/\/www.radiohorizonte.fm\/radio\/wp-content\/uploads\/2025\/06\/Portada-FM-Horizonte_modelo-imagen-scaled.jpg","contentUrl":"http:\/\/www.radiohorizonte.fm\/radio\/wp-content\/uploads\/2025\/06\/Portada-FM-Horizonte_modelo-imagen-scaled.jpg","width":2560,"height":1056,"caption":"Horizonte"},"image":{"@id":"http:\/\/www.radiohorizonte.fm\/radio\/#\/schema\/logo\/image\/"},"sameAs":["http:\/\/www.facebook.com\/HORIZONTE106.1","https:\/\/x.com\/fmhorizonte1061"]},{"@type":"Person","@id":"http:\/\/www.radiohorizonte.fm\/radio\/#\/schema\/person\/f8fa003a405bb86729fd87d15d0ddafa","name":"Cristian Galarza","image":{"@type":"ImageObject","inLanguage":"es-AR","@id":"https:\/\/secure.gravatar.com\/avatar\/fad34bc2c773209c05d7d53b08a69b680eeb55f3be014e52b31643d20ab65925?s=96&d=mm&r=g","url":"https:\/\/secure.gravatar.com\/avatar\/fad34bc2c773209c05d7d53b08a69b680eeb55f3be014e52b31643d20ab65925?s=96&d=mm&r=g","contentUrl":"https:\/\/secure.gravatar.com\/avatar\/fad34bc2c773209c05d7d53b08a69b680eeb55f3be014e52b31643d20ab65925?s=96&d=mm&r=g","caption":"Cristian Galarza"},"url":"http:\/\/www.radiohorizonte.fm\/radio\/author\/cristian\/"}]}},"_links":{"self":[{"href":"http:\/\/www.radiohorizonte.fm\/radio\/wp-json\/wp\/v2\/posts\/41945","targetHints":{"allow":["GET"]}}],"collection":[{"href":"http:\/\/www.radiohorizonte.fm\/radio\/wp-json\/wp\/v2\/posts"}],"about":[{"href":"http:\/\/www.radiohorizonte.fm\/radio\/wp-json\/wp\/v2\/types\/post"}],"author":[{"embeddable":true,"href":"http:\/\/www.radiohorizonte.fm\/radio\/wp-json\/wp\/v2\/users\/2"}],"replies":[{"embeddable":true,"href":"http:\/\/www.radiohorizonte.fm\/radio\/wp-json\/wp\/v2\/comments?post=41945"}],"version-history":[{"count":1,"href":"http:\/\/www.radiohorizonte.fm\/radio\/wp-json\/wp\/v2\/posts\/41945\/revisions"}],"predecessor-version":[{"id":41947,"href":"http:\/\/www.radiohorizonte.fm\/radio\/wp-json\/wp\/v2\/posts\/41945\/revisions\/41947"}],"wp:featuredmedia":[{"embeddable":true,"href":"http:\/\/www.radiohorizonte.fm\/radio\/wp-json\/wp\/v2\/media\/41946"}],"wp:attachment":[{"href":"http:\/\/www.radiohorizonte.fm\/radio\/wp-json\/wp\/v2\/media?parent=41945"}],"wp:term":[{"taxonomy":"category","embeddable":true,"href":"http:\/\/www.radiohorizonte.fm\/radio\/wp-json\/wp\/v2\/categories?post=41945"},{"taxonomy":"post_tag","embeddable":true,"href":"http:\/\/www.radiohorizonte.fm\/radio\/wp-json\/wp\/v2\/tags?post=41945"}],"curies":[{"name":"wp","href":"https:\/\/api.w.org\/{rel}","templated":true}]}}