{"id":41951,"date":"2023-09-07T08:21:59","date_gmt":"2023-09-07T11:21:59","guid":{"rendered":"http:\/\/www.radiohorizonte.fm\/radio\/?p=41951"},"modified":"2023-09-07T08:21:59","modified_gmt":"2023-09-07T11:21:59","slug":"la-municipalidad-lanza-un-concurso-para-ongs-que-promueven-la-tenencia-responsable","status":"publish","type":"post","link":"http:\/\/www.radiohorizonte.fm\/radio\/2023\/09\/07\/la-municipalidad-lanza-un-concurso-para-ongs-que-promueven-la-tenencia-responsable\/","title":{"rendered":"La Municipalidad lanza un concurso para ONGs que promueven la tenencia responsable"},"content":{"rendered":"<p><em>Se premiar\u00e1 a las organizaciones que trabajan en el cuidado y protecci\u00f3n de animales en la capital correntina. Por ello, con la presentaci\u00f3n de un proyecto viable, podr\u00e1n acceder a importantes premios en efectivo. <strong>El periodo de inscripci\u00f3n se extiende hasta el 29 de septiembre de\u00a0\u00a02023.<\/strong><\/em><\/p>\n<p><img loading=\"lazy\" decoding=\"async\" class=\"alignnone size-full wp-image-41952\" src=\"http:\/\/www.radiohorizonte.fm\/radio\/wp-content\/uploads\/2023\/09\/concurso-tenencia_responsable_1_.jpeg\" alt=\"\" width=\"848\" height=\"565\" srcset=\"http:\/\/www.radiohorizonte.fm\/radio\/wp-content\/uploads\/2023\/09\/concurso-tenencia_responsable_1_.jpeg 848w, http:\/\/www.radiohorizonte.fm\/radio\/wp-content\/uploads\/2023\/09\/concurso-tenencia_responsable_1_-300x200.jpeg 300w, http:\/\/www.radiohorizonte.fm\/radio\/wp-content\/uploads\/2023\/09\/concurso-tenencia_responsable_1_-768x512.jpeg 768w, http:\/\/www.radiohorizonte.fm\/radio\/wp-content\/uploads\/2023\/09\/concurso-tenencia_responsable_1_-65x43.jpeg 65w, http:\/\/www.radiohorizonte.fm\/radio\/wp-content\/uploads\/2023\/09\/concurso-tenencia_responsable_1_-85x57.jpeg 85w, http:\/\/www.radiohorizonte.fm\/radio\/wp-content\/uploads\/2023\/09\/concurso-tenencia_responsable_1_-188x125.jpeg 188w, http:\/\/www.radiohorizonte.fm\/radio\/wp-content\/uploads\/2023\/09\/concurso-tenencia_responsable_1_-90x60.jpeg 90w\" sizes=\"auto, (max-width: 848px) 100vw, 848px\" \/><\/p>\n<p>El Municipio de la ciudad de Corrientes, a trav\u00e9s de la Secretar\u00eda de Coordinaci\u00f3n de Gobierno,\u00a0inicia un concurso para reconocer el trabajo de organizaciones de la sociedad civil locales dedicadas a promover la tenencia responsable de los animales dom\u00e9sticos.<\/p>\n<p>El concurso estar\u00e1 destinado a que distintas organizaciones civiles o fundaciones presenten proyectos con impacto socio-comunitario que impliquen la intervenci\u00f3n en una zona o barrio de la ciudad, que se relacione con el eje: Tenencia responsable de Animales Dom\u00e9sticos. Tienen tiempo de hacerlo hasta el 29 de septiembre.<\/p>\n<p>Sobre la iniciativa, Sonia Dolenec, directora general de Innovaci\u00f3n P\u00fablica y Gobierno Abierto municipal coment\u00f3: \u201cDesde el municipio, siempre buscamos ayudar y que sea una ciudad m\u00e1s amigable para todos los habitantes de la ciudad, eso incluye a nuestras mascotas. Por ello queremos premiar a aquellas organizaciones civiles que trabajan en pos de eso, con sensibilizaci\u00f3n en los barrios, que se dediquen a rescatar animales en peligro, entre otras acciones\u201d.<\/p>\n<p>De esta manera, la iniciativa invita a participar a organizaciones sin fines de lucro: esto incluye, asociaciones civiles con personer\u00eda jur\u00eddica (o en formaci\u00f3n), fundaci\u00f3n con personer\u00eda jur\u00eddica (o en formaci\u00f3n) o grupo de personas con un a\u00f1o de trabajo comprobable.<\/p>\n<p>\u201cLa idea es potenciar justamente y felicitar a aquellas que ya trabajan en pos del cuidado y respeto de nuestros animales. Hay un jurado id\u00f3neo que va a evaluar qui\u00e9nes son las m\u00e1s compatibles con el proyecto y hay importantes premios de dinero en efectivo para que puedan potenciar su trabajo, mejorar y decidir en qu\u00e9 destinar este dinero que entendemos que es de mucha ayuda por todo el trabajo que hacen; son grupos de personas que muchas veces lo hacen de coraz\u00f3n, lo hacen sin un acompa\u00f1amiento monetario\u201d.<\/p>\n<p>Cabe enfatizar que la finalidad del Municipio es propiciar una ciudad que tienda al bienestar y la convivencia de los ciudadanos, y teniendo en cuenta que existen varias organizaciones y\u00a0grupo de personas que se encargan de rescatar y dar refugio a los animales que se encuentran en una situaci\u00f3n de peligro: por ello, se quiere reconocer y premiar la entrega, constancia, trabajo e ideas implementadas por los mismos.<\/p>\n<p>Por su parte, la directora general de Promoci\u00f3n de Derecho y Bienestar Animal del municipio, Sandra Olivera, destac\u00f3 esta iniciativa municipal como una posibilidad de acompa\u00f1ar a todas aquellas personas, ONGs y fundaciones que llevan adelante d\u00eda a d\u00eda este trabajo, no solo rescatar animales y darle una segunda oportunidad, sino tambi\u00e9n concientizar d\u00eda a d\u00eda a los tenedores que han decidido ingresar un animal en su vivienda.<\/p>\n<p>\u201cLa Municipalidad, desde hace un tiempo viene trabajando en este sentido, en crear una ciudad cada vez m\u00e1s amigable, no solo estamos pensando en las personas, sino tambi\u00e9n en todos aquellos que cohabitamos dentro de una ciudad y los animales son parte; entonces, premiar esto que vienen haciendo con una ayuda econ\u00f3mica es muy importante porque muchas veces, \u00a0todas estas personas lo hacen con su dinero y destinando tiempo y energ\u00eda a cuidar a nuestros animalitos\u201d, indic\u00f3 la Directora general de Promoci\u00f3n de Derecho y Bienestar Animal.<\/p>\n<p>PREMIOS<\/p>\n<p>Se premiar\u00e1n a tres (3) ONGs seleccionadas por un jurado:<\/p>\n<p>Primer puesto: $250.000 (Doscientos cincuenta mil pesos argentinos)<\/p>\n<p>Segundo Puesto: $200.000 (Doscientos mil pesos argentinos)<\/p>\n<p>Tercer Puesto, $150.000 (Ciento cincuenta mil pesos argentinos)<\/p>\n<p>La inscripci\u00f3n al concurso se har\u00e1 \u00fanicamente mediante el siguiente formulario:\u00a0\u00a0<a href=\"https:\/\/bit.ly\/Inscripcion-Concurso-ONGs2023%C2%A0%C2%A0\" target=\"_blank\" rel=\"noopener\">https:\/\/bit.ly\/Inscripcion-Concurso-ONGs2023\u00a0\u00a0<\/a><\/p>\n<p>Encontr\u00e1 las bases y objetivos del concurso en:\u00a0<a href=\"https:\/\/docs.google.com\/document\/d\/1LL4dK5QGtVWCbd-g1AJex3qIx_SUhy0w4WOfxsHUo6k\/edit?usp=sharing%C2%A0%C2%A0%C2%A0%C2%A0\" target=\"_blank\" rel=\"noopener\">https:\/\/docs.google.com\/document\/d\/1LL4dK5QGtVWCbd-g1AJex3qIx_SUhy0w4WOfxsHUo6k\/edit?usp=sharing\u00a0\u00a0\u00a0\u00a0<\/a><\/p>\n<p>Para participar en el concurso, toda ONG tendr\u00e1 que estar registrada o podr\u00e1 registrarse al momento de inscribirse en el \u201cRegistro Municipal de ONGs\u201d\u00a0<a href=\"https:\/\/forms.gle\/shhHhdCACC4qGbWB9\" target=\"_blank\" rel=\"noopener\">https:\/\/forms.gle\/shhHhdCACC4qGbWB9<\/a><\/p>\n<p>Para consultar si se encuentra registrada pueden ingresar a:\u00a0<a href=\"http:\/\/bit.ly\/ONGsRegistradasMCC%C2%A0%C2%A0\" target=\"_blank\" rel=\"noopener\">http:\/\/bit.ly\/ONGsRegistradasMCC\u00a0\u00a0<\/a><\/p>\n<p>En caso de tener alguna duda respecto a las bases o campos a completar, pueden contactarse al siguiente correo:\u00a0<a href=\"mailto:malvinavictoriac@gmail.com\">malvinavictoriac@gmail.com<\/a>\u00a0o\u00a0<a href=\"mailto:dginnovacionygobiernoabierto@ciudaddecorrientes.gov.ar\">dginnovacionygobiernoabierto@ciudaddecorrientes.gov.ar<\/a><\/p>\n","protected":false},"excerpt":{"rendered":"<div class=\"post-excerpt\"><p>Se premiar\u00e1 a las organizaciones que trabajan en el cuidado y protecci\u00f3n de animales en la capital correntina. Por ello, con la presentaci\u00f3n de un proyecto viable, podr\u00e1n acceder a importantes premios en efectivo. El periodo de inscripci\u00f3n se extiende hasta el 29 de septiembre de\u00a0\u00a02023. El Municipio de la ciudad de Corrientes, a trav\u00e9s<\/p>\n<\/div>","protected":false},"author":2,"featured_media":41952,"comment_status":"closed","ping_status":"closed","sticky":false,"template":"","format":"standard","meta":{"_acf_changed":false,"footnotes":""},"categories":[2],"tags":[],"class_list":["post-41951","post","type-post","status-publish","format-standard","has-post-thumbnail","hentry","category-noticias"],"acf":[],"yoast_head":"<!-- This site is optimized with the Yoast SEO plugin v28.1 - https:\/\/yoast.com\/product\/yoast-seo-wordpress\/ -->\n<title>La Municipalidad lanza un concurso para ONGs que promueven la tenencia responsable - Horizonte<\/title>\n<meta name=\"robots\" content=\"index, follow, max-snippet:-1, max-image-preview:large, max-video-preview:-1\" \/>\n<link rel=\"canonical\" href=\"http:\/\/www.radiohorizonte.fm\/radio\/2023\/09\/07\/la-municipalidad-lanza-un-concurso-para-ongs-que-promueven-la-tenencia-responsable\/\" \/>\n<meta property=\"og:locale\" content=\"es_ES\" \/>\n<meta property=\"og:type\" content=\"article\" \/>\n<meta property=\"og:title\" content=\"La Municipalidad lanza un concurso para ONGs que promueven la tenencia responsable - Horizonte\" \/>\n<meta property=\"og:description\" content=\"Se premiar\u00e1 a las organizaciones que trabajan en el cuidado y protecci\u00f3n de animales en la capital correntina. Por ello, con la presentaci\u00f3n de un proyecto viable, podr\u00e1n acceder a importantes premios en efectivo. El periodo de inscripci\u00f3n se extiende hasta el 29 de septiembre de\u00a0\u00a02023. El Municipio de la ciudad de Corrientes, a trav\u00e9s\" \/>\n<meta property=\"og:url\" content=\"http:\/\/www.radiohorizonte.fm\/radio\/2023\/09\/07\/la-municipalidad-lanza-un-concurso-para-ongs-que-promueven-la-tenencia-responsable\/\" \/>\n<meta property=\"og:site_name\" content=\"Horizonte\" \/>\n<meta property=\"article:publisher\" content=\"http:\/\/www.facebook.com\/HORIZONTE106.1\" \/>\n<meta property=\"article:published_time\" content=\"2023-09-07T11:21:59+00:00\" \/>\n<meta property=\"og:image\" content=\"http:\/\/www.radiohorizonte.fm\/radio\/wp-content\/uploads\/2023\/09\/concurso-tenencia_responsable_1_.jpeg\" \/>\n\t<meta property=\"og:image:width\" content=\"848\" \/>\n\t<meta property=\"og:image:height\" content=\"565\" \/>\n\t<meta property=\"og:image:type\" content=\"image\/jpeg\" \/>\n<meta name=\"author\" content=\"Cristian Galarza\" \/>\n<meta name=\"twitter:card\" content=\"summary_large_image\" \/>\n<meta name=\"twitter:creator\" content=\"@fmhorizonte1061\" \/>\n<meta name=\"twitter:site\" content=\"@fmhorizonte1061\" \/>\n<meta name=\"twitter:label1\" content=\"Escrito por\" \/>\n\t<meta name=\"twitter:data1\" content=\"Cristian Galarza\" \/>\n\t<meta name=\"twitter:label2\" content=\"Tiempo de lectura\" \/>\n\t<meta name=\"twitter:data2\" content=\"4 minutos\" \/>\n<script type=\"application\/ld+json\" class=\"yoast-schema-graph\">{\"@context\":\"https:\\\/\\\/schema.org\",\"@graph\":[{\"@type\":\"Article\",\"@id\":\"http:\\\/\\\/www.radiohorizonte.fm\\\/radio\\\/2023\\\/09\\\/07\\\/la-municipalidad-lanza-un-concurso-para-ongs-que-promueven-la-tenencia-responsable\\\/#article\",\"isPartOf\":{\"@id\":\"http:\\\/\\\/www.radiohorizonte.fm\\\/radio\\\/2023\\\/09\\\/07\\\/la-municipalidad-lanza-un-concurso-para-ongs-que-promueven-la-tenencia-responsable\\\/\"},\"author\":{\"name\":\"Cristian Galarza\",\"@id\":\"http:\\\/\\\/www.radiohorizonte.fm\\\/radio\\\/#\\\/schema\\\/person\\\/f8fa003a405bb86729fd87d15d0ddafa\"},\"headline\":\"La Municipalidad lanza un concurso para ONGs que promueven la tenencia responsable\",\"datePublished\":\"2023-09-07T11:21:59+00:00\",\"mainEntityOfPage\":{\"@id\":\"http:\\\/\\\/www.radiohorizonte.fm\\\/radio\\\/2023\\\/09\\\/07\\\/la-municipalidad-lanza-un-concurso-para-ongs-que-promueven-la-tenencia-responsable\\\/\"},\"wordCount\":750,\"publisher\":{\"@id\":\"http:\\\/\\\/www.radiohorizonte.fm\\\/radio\\\/#organization\"},\"image\":{\"@id\":\"http:\\\/\\\/www.radiohorizonte.fm\\\/radio\\\/2023\\\/09\\\/07\\\/la-municipalidad-lanza-un-concurso-para-ongs-que-promueven-la-tenencia-responsable\\\/#primaryimage\"},\"thumbnailUrl\":\"http:\\\/\\\/www.radiohorizonte.fm\\\/radio\\\/wp-content\\\/uploads\\\/2023\\\/09\\\/concurso-tenencia_responsable_1_.jpeg\",\"articleSection\":[\"Noticias\"],\"inLanguage\":\"es-AR\"},{\"@type\":\"WebPage\",\"@id\":\"http:\\\/\\\/www.radiohorizonte.fm\\\/radio\\\/2023\\\/09\\\/07\\\/la-municipalidad-lanza-un-concurso-para-ongs-que-promueven-la-tenencia-responsable\\\/\",\"url\":\"http:\\\/\\\/www.radiohorizonte.fm\\\/radio\\\/2023\\\/09\\\/07\\\/la-municipalidad-lanza-un-concurso-para-ongs-que-promueven-la-tenencia-responsable\\\/\",\"name\":\"La Municipalidad lanza un concurso para ONGs que promueven la tenencia responsable - Horizonte\",\"isPartOf\":{\"@id\":\"http:\\\/\\\/www.radiohorizonte.fm\\\/radio\\\/#website\"},\"primaryImageOfPage\":{\"@id\":\"http:\\\/\\\/www.radiohorizonte.fm\\\/radio\\\/2023\\\/09\\\/07\\\/la-municipalidad-lanza-un-concurso-para-ongs-que-promueven-la-tenencia-responsable\\\/#primaryimage\"},\"image\":{\"@id\":\"http:\\\/\\\/www.radiohorizonte.fm\\\/radio\\\/2023\\\/09\\\/07\\\/la-municipalidad-lanza-un-concurso-para-ongs-que-promueven-la-tenencia-responsable\\\/#primaryimage\"},\"thumbnailUrl\":\"http:\\\/\\\/www.radiohorizonte.fm\\\/radio\\\/wp-content\\\/uploads\\\/2023\\\/09\\\/concurso-tenencia_responsable_1_.jpeg\",\"datePublished\":\"2023-09-07T11:21:59+00:00\",\"breadcrumb\":{\"@id\":\"http:\\\/\\\/www.radiohorizonte.fm\\\/radio\\\/2023\\\/09\\\/07\\\/la-municipalidad-lanza-un-concurso-para-ongs-que-promueven-la-tenencia-responsable\\\/#breadcrumb\"},\"inLanguage\":\"es-AR\",\"potentialAction\":[{\"@type\":\"ReadAction\",\"target\":[\"http:\\\/\\\/www.radiohorizonte.fm\\\/radio\\\/2023\\\/09\\\/07\\\/la-municipalidad-lanza-un-concurso-para-ongs-que-promueven-la-tenencia-responsable\\\/\"]}]},{\"@type\":\"ImageObject\",\"inLanguage\":\"es-AR\",\"@id\":\"http:\\\/\\\/www.radiohorizonte.fm\\\/radio\\\/2023\\\/09\\\/07\\\/la-municipalidad-lanza-un-concurso-para-ongs-que-promueven-la-tenencia-responsable\\\/#primaryimage\",\"url\":\"http:\\\/\\\/www.radiohorizonte.fm\\\/radio\\\/wp-content\\\/uploads\\\/2023\\\/09\\\/concurso-tenencia_responsable_1_.jpeg\",\"contentUrl\":\"http:\\\/\\\/www.radiohorizonte.fm\\\/radio\\\/wp-content\\\/uploads\\\/2023\\\/09\\\/concurso-tenencia_responsable_1_.jpeg\",\"width\":848,\"height\":565},{\"@type\":\"BreadcrumbList\",\"@id\":\"http:\\\/\\\/www.radiohorizonte.fm\\\/radio\\\/2023\\\/09\\\/07\\\/la-municipalidad-lanza-un-concurso-para-ongs-que-promueven-la-tenencia-responsable\\\/#breadcrumb\",\"itemListElement\":[{\"@type\":\"ListItem\",\"position\":1,\"name\":\"Home\",\"item\":\"http:\\\/\\\/www.radiohorizonte.fm\\\/radio\\\/\"},{\"@type\":\"ListItem\",\"position\":2,\"name\":\"La Municipalidad lanza un concurso para ONGs que promueven la tenencia responsable\"}]},{\"@type\":\"WebSite\",\"@id\":\"http:\\\/\\\/www.radiohorizonte.fm\\\/radio\\\/#website\",\"url\":\"http:\\\/\\\/www.radiohorizonte.fm\\\/radio\\\/\",\"name\":\"Horizonte\",\"description\":\"Radio Horizonte 106.1 - Una radio de clasicos\",\"publisher\":{\"@id\":\"http:\\\/\\\/www.radiohorizonte.fm\\\/radio\\\/#organization\"},\"potentialAction\":[{\"@type\":\"SearchAction\",\"target\":{\"@type\":\"EntryPoint\",\"urlTemplate\":\"http:\\\/\\\/www.radiohorizonte.fm\\\/radio\\\/?s={search_term_string}\"},\"query-input\":{\"@type\":\"PropertyValueSpecification\",\"valueRequired\":true,\"valueName\":\"search_term_string\"}}],\"inLanguage\":\"es-AR\"},{\"@type\":\"Organization\",\"@id\":\"http:\\\/\\\/www.radiohorizonte.fm\\\/radio\\\/#organization\",\"name\":\"Horizonte\",\"url\":\"http:\\\/\\\/www.radiohorizonte.fm\\\/radio\\\/\",\"logo\":{\"@type\":\"ImageObject\",\"inLanguage\":\"es-AR\",\"@id\":\"http:\\\/\\\/www.radiohorizonte.fm\\\/radio\\\/#\\\/schema\\\/logo\\\/image\\\/\",\"url\":\"http:\\\/\\\/www.radiohorizonte.fm\\\/radio\\\/wp-content\\\/uploads\\\/2025\\\/06\\\/Portada-FM-Horizonte_modelo-imagen-scaled.jpg\",\"contentUrl\":\"http:\\\/\\\/www.radiohorizonte.fm\\\/radio\\\/wp-content\\\/uploads\\\/2025\\\/06\\\/Portada-FM-Horizonte_modelo-imagen-scaled.jpg\",\"width\":2560,\"height\":1056,\"caption\":\"Horizonte\"},\"image\":{\"@id\":\"http:\\\/\\\/www.radiohorizonte.fm\\\/radio\\\/#\\\/schema\\\/logo\\\/image\\\/\"},\"sameAs\":[\"http:\\\/\\\/www.facebook.com\\\/HORIZONTE106.1\",\"https:\\\/\\\/x.com\\\/fmhorizonte1061\"]},{\"@type\":\"Person\",\"@id\":\"http:\\\/\\\/www.radiohorizonte.fm\\\/radio\\\/#\\\/schema\\\/person\\\/f8fa003a405bb86729fd87d15d0ddafa\",\"name\":\"Cristian Galarza\",\"image\":{\"@type\":\"ImageObject\",\"inLanguage\":\"es-AR\",\"@id\":\"https:\\\/\\\/secure.gravatar.com\\\/avatar\\\/fad34bc2c773209c05d7d53b08a69b680eeb55f3be014e52b31643d20ab65925?s=96&d=mm&r=g\",\"url\":\"https:\\\/\\\/secure.gravatar.com\\\/avatar\\\/fad34bc2c773209c05d7d53b08a69b680eeb55f3be014e52b31643d20ab65925?s=96&d=mm&r=g\",\"contentUrl\":\"https:\\\/\\\/secure.gravatar.com\\\/avatar\\\/fad34bc2c773209c05d7d53b08a69b680eeb55f3be014e52b31643d20ab65925?s=96&d=mm&r=g\",\"caption\":\"Cristian Galarza\"},\"url\":\"http:\\\/\\\/www.radiohorizonte.fm\\\/radio\\\/author\\\/cristian\\\/\"}]}<\/script>\n<!-- \/ Yoast SEO plugin. -->","yoast_head_json":{"title":"La Municipalidad lanza un concurso para ONGs que promueven la tenencia responsable - Horizonte","robots":{"index":"index","follow":"follow","max-snippet":"max-snippet:-1","max-image-preview":"max-image-preview:large","max-video-preview":"max-video-preview:-1"},"canonical":"http:\/\/www.radiohorizonte.fm\/radio\/2023\/09\/07\/la-municipalidad-lanza-un-concurso-para-ongs-que-promueven-la-tenencia-responsable\/","og_locale":"es_ES","og_type":"article","og_title":"La Municipalidad lanza un concurso para ONGs que promueven la tenencia responsable - Horizonte","og_description":"Se premiar\u00e1 a las organizaciones que trabajan en el cuidado y protecci\u00f3n de animales en la capital correntina. Por ello, con la presentaci\u00f3n de un proyecto viable, podr\u00e1n acceder a importantes premios en efectivo. El periodo de inscripci\u00f3n se extiende hasta el 29 de septiembre de\u00a0\u00a02023. El Municipio de la ciudad de Corrientes, a trav\u00e9s","og_url":"http:\/\/www.radiohorizonte.fm\/radio\/2023\/09\/07\/la-municipalidad-lanza-un-concurso-para-ongs-que-promueven-la-tenencia-responsable\/","og_site_name":"Horizonte","article_publisher":"http:\/\/www.facebook.com\/HORIZONTE106.1","article_published_time":"2023-09-07T11:21:59+00:00","og_image":[{"width":848,"height":565,"url":"http:\/\/www.radiohorizonte.fm\/radio\/wp-content\/uploads\/2023\/09\/concurso-tenencia_responsable_1_.jpeg","type":"image\/jpeg"}],"author":"Cristian Galarza","twitter_card":"summary_large_image","twitter_creator":"@fmhorizonte1061","twitter_site":"@fmhorizonte1061","twitter_misc":{"Escrito por":"Cristian Galarza","Tiempo de lectura":"4 minutos"},"schema":{"@context":"https:\/\/schema.org","@graph":[{"@type":"Article","@id":"http:\/\/www.radiohorizonte.fm\/radio\/2023\/09\/07\/la-municipalidad-lanza-un-concurso-para-ongs-que-promueven-la-tenencia-responsable\/#article","isPartOf":{"@id":"http:\/\/www.radiohorizonte.fm\/radio\/2023\/09\/07\/la-municipalidad-lanza-un-concurso-para-ongs-que-promueven-la-tenencia-responsable\/"},"author":{"name":"Cristian Galarza","@id":"http:\/\/www.radiohorizonte.fm\/radio\/#\/schema\/person\/f8fa003a405bb86729fd87d15d0ddafa"},"headline":"La Municipalidad lanza un concurso para ONGs que promueven la tenencia responsable","datePublished":"2023-09-07T11:21:59+00:00","mainEntityOfPage":{"@id":"http:\/\/www.radiohorizonte.fm\/radio\/2023\/09\/07\/la-municipalidad-lanza-un-concurso-para-ongs-que-promueven-la-tenencia-responsable\/"},"wordCount":750,"publisher":{"@id":"http:\/\/www.radiohorizonte.fm\/radio\/#organization"},"image":{"@id":"http:\/\/www.radiohorizonte.fm\/radio\/2023\/09\/07\/la-municipalidad-lanza-un-concurso-para-ongs-que-promueven-la-tenencia-responsable\/#primaryimage"},"thumbnailUrl":"http:\/\/www.radiohorizonte.fm\/radio\/wp-content\/uploads\/2023\/09\/concurso-tenencia_responsable_1_.jpeg","articleSection":["Noticias"],"inLanguage":"es-AR"},{"@type":"WebPage","@id":"http:\/\/www.radiohorizonte.fm\/radio\/2023\/09\/07\/la-municipalidad-lanza-un-concurso-para-ongs-que-promueven-la-tenencia-responsable\/","url":"http:\/\/www.radiohorizonte.fm\/radio\/2023\/09\/07\/la-municipalidad-lanza-un-concurso-para-ongs-que-promueven-la-tenencia-responsable\/","name":"La Municipalidad lanza un concurso para ONGs que promueven la tenencia responsable - Horizonte","isPartOf":{"@id":"http:\/\/www.radiohorizonte.fm\/radio\/#website"},"primaryImageOfPage":{"@id":"http:\/\/www.radiohorizonte.fm\/radio\/2023\/09\/07\/la-municipalidad-lanza-un-concurso-para-ongs-que-promueven-la-tenencia-responsable\/#primaryimage"},"image":{"@id":"http:\/\/www.radiohorizonte.fm\/radio\/2023\/09\/07\/la-municipalidad-lanza-un-concurso-para-ongs-que-promueven-la-tenencia-responsable\/#primaryimage"},"thumbnailUrl":"http:\/\/www.radiohorizonte.fm\/radio\/wp-content\/uploads\/2023\/09\/concurso-tenencia_responsable_1_.jpeg","datePublished":"2023-09-07T11:21:59+00:00","breadcrumb":{"@id":"http:\/\/www.radiohorizonte.fm\/radio\/2023\/09\/07\/la-municipalidad-lanza-un-concurso-para-ongs-que-promueven-la-tenencia-responsable\/#breadcrumb"},"inLanguage":"es-AR","potentialAction":[{"@type":"ReadAction","target":["http:\/\/www.radiohorizonte.fm\/radio\/2023\/09\/07\/la-municipalidad-lanza-un-concurso-para-ongs-que-promueven-la-tenencia-responsable\/"]}]},{"@type":"ImageObject","inLanguage":"es-AR","@id":"http:\/\/www.radiohorizonte.fm\/radio\/2023\/09\/07\/la-municipalidad-lanza-un-concurso-para-ongs-que-promueven-la-tenencia-responsable\/#primaryimage","url":"http:\/\/www.radiohorizonte.fm\/radio\/wp-content\/uploads\/2023\/09\/concurso-tenencia_responsable_1_.jpeg","contentUrl":"http:\/\/www.radiohorizonte.fm\/radio\/wp-content\/uploads\/2023\/09\/concurso-tenencia_responsable_1_.jpeg","width":848,"height":565},{"@type":"BreadcrumbList","@id":"http:\/\/www.radiohorizonte.fm\/radio\/2023\/09\/07\/la-municipalidad-lanza-un-concurso-para-ongs-que-promueven-la-tenencia-responsable\/#breadcrumb","itemListElement":[{"@type":"ListItem","position":1,"name":"Home","item":"http:\/\/www.radiohorizonte.fm\/radio\/"},{"@type":"ListItem","position":2,"name":"La Municipalidad lanza un concurso para ONGs que promueven la tenencia responsable"}]},{"@type":"WebSite","@id":"http:\/\/www.radiohorizonte.fm\/radio\/#website","url":"http:\/\/www.radiohorizonte.fm\/radio\/","name":"Horizonte","description":"Radio Horizonte 106.1 - Una radio de clasicos","publisher":{"@id":"http:\/\/www.radiohorizonte.fm\/radio\/#organization"},"potentialAction":[{"@type":"SearchAction","target":{"@type":"EntryPoint","urlTemplate":"http:\/\/www.radiohorizonte.fm\/radio\/?s={search_term_string}"},"query-input":{"@type":"PropertyValueSpecification","valueRequired":true,"valueName":"search_term_string"}}],"inLanguage":"es-AR"},{"@type":"Organization","@id":"http:\/\/www.radiohorizonte.fm\/radio\/#organization","name":"Horizonte","url":"http:\/\/www.radiohorizonte.fm\/radio\/","logo":{"@type":"ImageObject","inLanguage":"es-AR","@id":"http:\/\/www.radiohorizonte.fm\/radio\/#\/schema\/logo\/image\/","url":"http:\/\/www.radiohorizonte.fm\/radio\/wp-content\/uploads\/2025\/06\/Portada-FM-Horizonte_modelo-imagen-scaled.jpg","contentUrl":"http:\/\/www.radiohorizonte.fm\/radio\/wp-content\/uploads\/2025\/06\/Portada-FM-Horizonte_modelo-imagen-scaled.jpg","width":2560,"height":1056,"caption":"Horizonte"},"image":{"@id":"http:\/\/www.radiohorizonte.fm\/radio\/#\/schema\/logo\/image\/"},"sameAs":["http:\/\/www.facebook.com\/HORIZONTE106.1","https:\/\/x.com\/fmhorizonte1061"]},{"@type":"Person","@id":"http:\/\/www.radiohorizonte.fm\/radio\/#\/schema\/person\/f8fa003a405bb86729fd87d15d0ddafa","name":"Cristian Galarza","image":{"@type":"ImageObject","inLanguage":"es-AR","@id":"https:\/\/secure.gravatar.com\/avatar\/fad34bc2c773209c05d7d53b08a69b680eeb55f3be014e52b31643d20ab65925?s=96&d=mm&r=g","url":"https:\/\/secure.gravatar.com\/avatar\/fad34bc2c773209c05d7d53b08a69b680eeb55f3be014e52b31643d20ab65925?s=96&d=mm&r=g","contentUrl":"https:\/\/secure.gravatar.com\/avatar\/fad34bc2c773209c05d7d53b08a69b680eeb55f3be014e52b31643d20ab65925?s=96&d=mm&r=g","caption":"Cristian Galarza"},"url":"http:\/\/www.radiohorizonte.fm\/radio\/author\/cristian\/"}]}},"_links":{"self":[{"href":"http:\/\/www.radiohorizonte.fm\/radio\/wp-json\/wp\/v2\/posts\/41951","targetHints":{"allow":["GET"]}}],"collection":[{"href":"http:\/\/www.radiohorizonte.fm\/radio\/wp-json\/wp\/v2\/posts"}],"about":[{"href":"http:\/\/www.radiohorizonte.fm\/radio\/wp-json\/wp\/v2\/types\/post"}],"author":[{"embeddable":true,"href":"http:\/\/www.radiohorizonte.fm\/radio\/wp-json\/wp\/v2\/users\/2"}],"replies":[{"embeddable":true,"href":"http:\/\/www.radiohorizonte.fm\/radio\/wp-json\/wp\/v2\/comments?post=41951"}],"version-history":[{"count":1,"href":"http:\/\/www.radiohorizonte.fm\/radio\/wp-json\/wp\/v2\/posts\/41951\/revisions"}],"predecessor-version":[{"id":41953,"href":"http:\/\/www.radiohorizonte.fm\/radio\/wp-json\/wp\/v2\/posts\/41951\/revisions\/41953"}],"wp:featuredmedia":[{"embeddable":true,"href":"http:\/\/www.radiohorizonte.fm\/radio\/wp-json\/wp\/v2\/media\/41952"}],"wp:attachment":[{"href":"http:\/\/www.radiohorizonte.fm\/radio\/wp-json\/wp\/v2\/media?parent=41951"}],"wp:term":[{"taxonomy":"category","embeddable":true,"href":"http:\/\/www.radiohorizonte.fm\/radio\/wp-json\/wp\/v2\/categories?post=41951"},{"taxonomy":"post_tag","embeddable":true,"href":"http:\/\/www.radiohorizonte.fm\/radio\/wp-json\/wp\/v2\/tags?post=41951"}],"curies":[{"name":"wp","href":"https:\/\/api.w.org\/{rel}","templated":true}]}}