{"id":41956,"date":"2023-09-07T11:57:35","date_gmt":"2023-09-07T14:57:35","guid":{"rendered":"http:\/\/www.radiohorizonte.fm\/radio\/?p=41956"},"modified":"2023-09-07T11:57:35","modified_gmt":"2023-09-07T14:57:35","slug":"telco-acerca-nuevas-tecnologias-y-conocimientos-para-la-industria","status":"publish","type":"post","link":"http:\/\/www.radiohorizonte.fm\/radio\/2023\/09\/07\/telco-acerca-nuevas-tecnologias-y-conocimientos-para-la-industria\/","title":{"rendered":"TelCo acerca nuevas tecnolog\u00edas y conocimientos para la industria"},"content":{"rendered":"<p>En su car\u00e1cter de anfitri\u00f3n del evento, Manuel Vald\u00e9s, presidente de TelCo, dijo en primer lugar que el objetivo es \u201cacercar los avances de las nuevas tecnolog\u00edas que irrumpen en el mercado y ver hacia donde van cada una de ellas\u201d.<\/p>\n<p><img loading=\"lazy\" decoding=\"async\" class=\"alignnone size-full wp-image-41957\" src=\"http:\/\/www.radiohorizonte.fm\/radio\/wp-content\/uploads\/2023\/09\/WhatsApp-Image-2023-09-07-at-10.51.44-1.jpeg\" alt=\"\" width=\"1280\" height=\"853\" srcset=\"http:\/\/www.radiohorizonte.fm\/radio\/wp-content\/uploads\/2023\/09\/WhatsApp-Image-2023-09-07-at-10.51.44-1.jpeg 1280w, http:\/\/www.radiohorizonte.fm\/radio\/wp-content\/uploads\/2023\/09\/WhatsApp-Image-2023-09-07-at-10.51.44-1-300x200.jpeg 300w, http:\/\/www.radiohorizonte.fm\/radio\/wp-content\/uploads\/2023\/09\/WhatsApp-Image-2023-09-07-at-10.51.44-1-768x512.jpeg 768w, http:\/\/www.radiohorizonte.fm\/radio\/wp-content\/uploads\/2023\/09\/WhatsApp-Image-2023-09-07-at-10.51.44-1-1024x682.jpeg 1024w, http:\/\/www.radiohorizonte.fm\/radio\/wp-content\/uploads\/2023\/09\/WhatsApp-Image-2023-09-07-at-10.51.44-1-65x43.jpeg 65w, http:\/\/www.radiohorizonte.fm\/radio\/wp-content\/uploads\/2023\/09\/WhatsApp-Image-2023-09-07-at-10.51.44-1-85x57.jpeg 85w, http:\/\/www.radiohorizonte.fm\/radio\/wp-content\/uploads\/2023\/09\/WhatsApp-Image-2023-09-07-at-10.51.44-1-188x125.jpeg 188w, http:\/\/www.radiohorizonte.fm\/radio\/wp-content\/uploads\/2023\/09\/WhatsApp-Image-2023-09-07-at-10.51.44-1-90x60.jpeg 90w\" sizes=\"auto, (max-width: 1280px) 100vw, 1280px\" \/><br \/>\nEn este sentido se\u00f1al\u00f3 que con la industria 4.0 y la transformaci\u00f3n digital de las empresas, \u201clas tecnolog\u00edas disruptivas van tomando caminos que no siempre son iguales\u201d.<\/p>\n<p><img loading=\"lazy\" decoding=\"async\" class=\"alignnone size-full wp-image-41958\" src=\"http:\/\/www.radiohorizonte.fm\/radio\/wp-content\/uploads\/2023\/09\/WhatsApp-Image-2023-09-07-at-10.51.44.jpeg\" alt=\"\" width=\"1280\" height=\"853\" srcset=\"http:\/\/www.radiohorizonte.fm\/radio\/wp-content\/uploads\/2023\/09\/WhatsApp-Image-2023-09-07-at-10.51.44.jpeg 1280w, http:\/\/www.radiohorizonte.fm\/radio\/wp-content\/uploads\/2023\/09\/WhatsApp-Image-2023-09-07-at-10.51.44-300x200.jpeg 300w, http:\/\/www.radiohorizonte.fm\/radio\/wp-content\/uploads\/2023\/09\/WhatsApp-Image-2023-09-07-at-10.51.44-768x512.jpeg 768w, http:\/\/www.radiohorizonte.fm\/radio\/wp-content\/uploads\/2023\/09\/WhatsApp-Image-2023-09-07-at-10.51.44-1024x682.jpeg 1024w, http:\/\/www.radiohorizonte.fm\/radio\/wp-content\/uploads\/2023\/09\/WhatsApp-Image-2023-09-07-at-10.51.44-65x43.jpeg 65w, http:\/\/www.radiohorizonte.fm\/radio\/wp-content\/uploads\/2023\/09\/WhatsApp-Image-2023-09-07-at-10.51.44-85x57.jpeg 85w, http:\/\/www.radiohorizonte.fm\/radio\/wp-content\/uploads\/2023\/09\/WhatsApp-Image-2023-09-07-at-10.51.44-188x125.jpeg 188w, http:\/\/www.radiohorizonte.fm\/radio\/wp-content\/uploads\/2023\/09\/WhatsApp-Image-2023-09-07-at-10.51.44-90x60.jpeg 90w\" sizes=\"auto, (max-width: 1280px) 100vw, 1280px\" \/><br \/>\nY a manera de ejemplo manifest\u00f3 que con la aplicaci\u00f3n del Chat-Gpt se dispar\u00f3 la tecnolog\u00eda y la inteligencia artificial, \u201dtanto en las empresas como en la vida cotidiana de las personas\u201d.<\/p>\n<p>A su vez, el titular de TelCo puso de relieve que este encuentro tambi\u00e9n apunta a resaltar los cambios que a\u00f1o a a\u00f1o van surgiendo en cada una de las tecnolog\u00edas y coment\u00f3 que \u201cya hemos visto anteriormente lo referente a IA, Blockchain y WEB 3.0 y notamos c\u00f3mo van cambiando y toman otros rumbos porque encuentran un camino mejor en materia tecnol\u00f3gica\u201d.<\/p>\n<p>Tras agradecer la importante participaci\u00f3n los expertos en esta tem\u00e1tica y el acompa\u00f1amiento de los sponsors, Manuel Vald\u00e9s destac\u00f3 el pleno apoyo del Gobierno de Corrientes hacia TelCo, no solamente para ampliar la conectividad en la Provincia, sino tambi\u00e9n para apuntalar los conocimientos y los talentos en materia digital.<\/p>\n","protected":false},"excerpt":{"rendered":"<div class=\"post-excerpt\"><p>En su car\u00e1cter de anfitri\u00f3n del evento, Manuel Vald\u00e9s, presidente de TelCo, dijo en primer lugar que el objetivo es \u201cacercar los avances de las nuevas tecnolog\u00edas que irrumpen en el mercado y ver hacia donde van cada una de ellas\u201d. En este sentido se\u00f1al\u00f3 que con la industria 4.0 y la transformaci\u00f3n digital de<\/p>\n<\/div>","protected":false},"author":2,"featured_media":41957,"comment_status":"closed","ping_status":"closed","sticky":false,"template":"","format":"standard","meta":{"_acf_changed":false,"footnotes":""},"categories":[2],"tags":[],"class_list":["post-41956","post","type-post","status-publish","format-standard","has-post-thumbnail","hentry","category-noticias"],"acf":[],"yoast_head":"<!-- This site is optimized with the Yoast SEO plugin v28.1 - https:\/\/yoast.com\/product\/yoast-seo-wordpress\/ -->\n<title>TelCo acerca nuevas tecnolog\u00edas y conocimientos para la industria - Horizonte<\/title>\n<meta name=\"robots\" content=\"index, follow, max-snippet:-1, max-image-preview:large, max-video-preview:-1\" \/>\n<link rel=\"canonical\" href=\"https:\/\/www.radiohorizonte.fm\/radio\/2023\/09\/07\/telco-acerca-nuevas-tecnologias-y-conocimientos-para-la-industria\/\" \/>\n<meta property=\"og:locale\" content=\"es_ES\" \/>\n<meta property=\"og:type\" content=\"article\" \/>\n<meta property=\"og:title\" content=\"TelCo acerca nuevas tecnolog\u00edas y conocimientos para la industria - Horizonte\" \/>\n<meta property=\"og:description\" content=\"En su car\u00e1cter de anfitri\u00f3n del evento, Manuel Vald\u00e9s, presidente de TelCo, dijo en primer lugar que el objetivo es \u201cacercar los avances de las nuevas tecnolog\u00edas que irrumpen en el mercado y ver hacia donde van cada una de ellas\u201d. En este sentido se\u00f1al\u00f3 que con la industria 4.0 y la transformaci\u00f3n digital de\" \/>\n<meta property=\"og:url\" content=\"https:\/\/www.radiohorizonte.fm\/radio\/2023\/09\/07\/telco-acerca-nuevas-tecnologias-y-conocimientos-para-la-industria\/\" \/>\n<meta property=\"og:site_name\" content=\"Horizonte\" \/>\n<meta property=\"article:publisher\" content=\"http:\/\/www.facebook.com\/HORIZONTE106.1\" \/>\n<meta property=\"article:published_time\" content=\"2023-09-07T14:57:35+00:00\" \/>\n<meta property=\"og:image\" content=\"https:\/\/www.radiohorizonte.fm\/radio\/wp-content\/uploads\/2023\/09\/WhatsApp-Image-2023-09-07-at-10.51.44-1.jpeg\" \/>\n\t<meta property=\"og:image:width\" content=\"1280\" \/>\n\t<meta property=\"og:image:height\" content=\"853\" \/>\n\t<meta property=\"og:image:type\" content=\"image\/jpeg\" \/>\n<meta name=\"author\" content=\"Cristian Galarza\" \/>\n<meta name=\"twitter:card\" content=\"summary_large_image\" \/>\n<meta name=\"twitter:creator\" content=\"@fmhorizonte1061\" \/>\n<meta name=\"twitter:site\" content=\"@fmhorizonte1061\" \/>\n<meta name=\"twitter:label1\" content=\"Escrito por\" \/>\n\t<meta name=\"twitter:data1\" content=\"Cristian Galarza\" \/>\n\t<meta name=\"twitter:label2\" content=\"Tiempo de lectura\" \/>\n\t<meta name=\"twitter:data2\" content=\"1 minuto\" \/>\n<script type=\"application\/ld+json\" class=\"yoast-schema-graph\">{\"@context\":\"https:\\\/\\\/schema.org\",\"@graph\":[{\"@type\":\"Article\",\"@id\":\"https:\\\/\\\/www.radiohorizonte.fm\\\/radio\\\/2023\\\/09\\\/07\\\/telco-acerca-nuevas-tecnologias-y-conocimientos-para-la-industria\\\/#article\",\"isPartOf\":{\"@id\":\"https:\\\/\\\/www.radiohorizonte.fm\\\/radio\\\/2023\\\/09\\\/07\\\/telco-acerca-nuevas-tecnologias-y-conocimientos-para-la-industria\\\/\"},\"author\":{\"name\":\"Cristian Galarza\",\"@id\":\"http:\\\/\\\/www.radiohorizonte.fm\\\/radio\\\/#\\\/schema\\\/person\\\/f8fa003a405bb86729fd87d15d0ddafa\"},\"headline\":\"TelCo acerca nuevas tecnolog\u00edas y conocimientos para la industria\",\"datePublished\":\"2023-09-07T14:57:35+00:00\",\"mainEntityOfPage\":{\"@id\":\"https:\\\/\\\/www.radiohorizonte.fm\\\/radio\\\/2023\\\/09\\\/07\\\/telco-acerca-nuevas-tecnologias-y-conocimientos-para-la-industria\\\/\"},\"wordCount\":240,\"publisher\":{\"@id\":\"http:\\\/\\\/www.radiohorizonte.fm\\\/radio\\\/#organization\"},\"image\":{\"@id\":\"https:\\\/\\\/www.radiohorizonte.fm\\\/radio\\\/2023\\\/09\\\/07\\\/telco-acerca-nuevas-tecnologias-y-conocimientos-para-la-industria\\\/#primaryimage\"},\"thumbnailUrl\":\"http:\\\/\\\/www.radiohorizonte.fm\\\/radio\\\/wp-content\\\/uploads\\\/2023\\\/09\\\/WhatsApp-Image-2023-09-07-at-10.51.44-1.jpeg\",\"articleSection\":[\"Noticias\"],\"inLanguage\":\"es-AR\"},{\"@type\":\"WebPage\",\"@id\":\"https:\\\/\\\/www.radiohorizonte.fm\\\/radio\\\/2023\\\/09\\\/07\\\/telco-acerca-nuevas-tecnologias-y-conocimientos-para-la-industria\\\/\",\"url\":\"https:\\\/\\\/www.radiohorizonte.fm\\\/radio\\\/2023\\\/09\\\/07\\\/telco-acerca-nuevas-tecnologias-y-conocimientos-para-la-industria\\\/\",\"name\":\"TelCo acerca nuevas tecnolog\u00edas y conocimientos para la industria - Horizonte\",\"isPartOf\":{\"@id\":\"http:\\\/\\\/www.radiohorizonte.fm\\\/radio\\\/#website\"},\"primaryImageOfPage\":{\"@id\":\"https:\\\/\\\/www.radiohorizonte.fm\\\/radio\\\/2023\\\/09\\\/07\\\/telco-acerca-nuevas-tecnologias-y-conocimientos-para-la-industria\\\/#primaryimage\"},\"image\":{\"@id\":\"https:\\\/\\\/www.radiohorizonte.fm\\\/radio\\\/2023\\\/09\\\/07\\\/telco-acerca-nuevas-tecnologias-y-conocimientos-para-la-industria\\\/#primaryimage\"},\"thumbnailUrl\":\"http:\\\/\\\/www.radiohorizonte.fm\\\/radio\\\/wp-content\\\/uploads\\\/2023\\\/09\\\/WhatsApp-Image-2023-09-07-at-10.51.44-1.jpeg\",\"datePublished\":\"2023-09-07T14:57:35+00:00\",\"breadcrumb\":{\"@id\":\"https:\\\/\\\/www.radiohorizonte.fm\\\/radio\\\/2023\\\/09\\\/07\\\/telco-acerca-nuevas-tecnologias-y-conocimientos-para-la-industria\\\/#breadcrumb\"},\"inLanguage\":\"es-AR\",\"potentialAction\":[{\"@type\":\"ReadAction\",\"target\":[\"https:\\\/\\\/www.radiohorizonte.fm\\\/radio\\\/2023\\\/09\\\/07\\\/telco-acerca-nuevas-tecnologias-y-conocimientos-para-la-industria\\\/\"]}]},{\"@type\":\"ImageObject\",\"inLanguage\":\"es-AR\",\"@id\":\"https:\\\/\\\/www.radiohorizonte.fm\\\/radio\\\/2023\\\/09\\\/07\\\/telco-acerca-nuevas-tecnologias-y-conocimientos-para-la-industria\\\/#primaryimage\",\"url\":\"http:\\\/\\\/www.radiohorizonte.fm\\\/radio\\\/wp-content\\\/uploads\\\/2023\\\/09\\\/WhatsApp-Image-2023-09-07-at-10.51.44-1.jpeg\",\"contentUrl\":\"http:\\\/\\\/www.radiohorizonte.fm\\\/radio\\\/wp-content\\\/uploads\\\/2023\\\/09\\\/WhatsApp-Image-2023-09-07-at-10.51.44-1.jpeg\",\"width\":1280,\"height\":853},{\"@type\":\"BreadcrumbList\",\"@id\":\"https:\\\/\\\/www.radiohorizonte.fm\\\/radio\\\/2023\\\/09\\\/07\\\/telco-acerca-nuevas-tecnologias-y-conocimientos-para-la-industria\\\/#breadcrumb\",\"itemListElement\":[{\"@type\":\"ListItem\",\"position\":1,\"name\":\"Home\",\"item\":\"http:\\\/\\\/www.radiohorizonte.fm\\\/radio\\\/\"},{\"@type\":\"ListItem\",\"position\":2,\"name\":\"TelCo acerca nuevas tecnolog\u00edas y conocimientos para la industria\"}]},{\"@type\":\"WebSite\",\"@id\":\"http:\\\/\\\/www.radiohorizonte.fm\\\/radio\\\/#website\",\"url\":\"http:\\\/\\\/www.radiohorizonte.fm\\\/radio\\\/\",\"name\":\"Horizonte\",\"description\":\"Radio Horizonte 106.1 - Una radio de clasicos\",\"publisher\":{\"@id\":\"http:\\\/\\\/www.radiohorizonte.fm\\\/radio\\\/#organization\"},\"potentialAction\":[{\"@type\":\"SearchAction\",\"target\":{\"@type\":\"EntryPoint\",\"urlTemplate\":\"http:\\\/\\\/www.radiohorizonte.fm\\\/radio\\\/?s={search_term_string}\"},\"query-input\":{\"@type\":\"PropertyValueSpecification\",\"valueRequired\":true,\"valueName\":\"search_term_string\"}}],\"inLanguage\":\"es-AR\"},{\"@type\":\"Organization\",\"@id\":\"http:\\\/\\\/www.radiohorizonte.fm\\\/radio\\\/#organization\",\"name\":\"Horizonte\",\"url\":\"http:\\\/\\\/www.radiohorizonte.fm\\\/radio\\\/\",\"logo\":{\"@type\":\"ImageObject\",\"inLanguage\":\"es-AR\",\"@id\":\"http:\\\/\\\/www.radiohorizonte.fm\\\/radio\\\/#\\\/schema\\\/logo\\\/image\\\/\",\"url\":\"http:\\\/\\\/www.radiohorizonte.fm\\\/radio\\\/wp-content\\\/uploads\\\/2025\\\/06\\\/Portada-FM-Horizonte_modelo-imagen-scaled.jpg\",\"contentUrl\":\"http:\\\/\\\/www.radiohorizonte.fm\\\/radio\\\/wp-content\\\/uploads\\\/2025\\\/06\\\/Portada-FM-Horizonte_modelo-imagen-scaled.jpg\",\"width\":2560,\"height\":1056,\"caption\":\"Horizonte\"},\"image\":{\"@id\":\"http:\\\/\\\/www.radiohorizonte.fm\\\/radio\\\/#\\\/schema\\\/logo\\\/image\\\/\"},\"sameAs\":[\"http:\\\/\\\/www.facebook.com\\\/HORIZONTE106.1\",\"https:\\\/\\\/x.com\\\/fmhorizonte1061\"]},{\"@type\":\"Person\",\"@id\":\"http:\\\/\\\/www.radiohorizonte.fm\\\/radio\\\/#\\\/schema\\\/person\\\/f8fa003a405bb86729fd87d15d0ddafa\",\"name\":\"Cristian Galarza\",\"image\":{\"@type\":\"ImageObject\",\"inLanguage\":\"es-AR\",\"@id\":\"https:\\\/\\\/secure.gravatar.com\\\/avatar\\\/fad34bc2c773209c05d7d53b08a69b680eeb55f3be014e52b31643d20ab65925?s=96&d=mm&r=g\",\"url\":\"https:\\\/\\\/secure.gravatar.com\\\/avatar\\\/fad34bc2c773209c05d7d53b08a69b680eeb55f3be014e52b31643d20ab65925?s=96&d=mm&r=g\",\"contentUrl\":\"https:\\\/\\\/secure.gravatar.com\\\/avatar\\\/fad34bc2c773209c05d7d53b08a69b680eeb55f3be014e52b31643d20ab65925?s=96&d=mm&r=g\",\"caption\":\"Cristian Galarza\"},\"url\":\"http:\\\/\\\/www.radiohorizonte.fm\\\/radio\\\/author\\\/cristian\\\/\"}]}<\/script>\n<!-- \/ Yoast SEO plugin. -->","yoast_head_json":{"title":"TelCo acerca nuevas tecnolog\u00edas y conocimientos para la industria - Horizonte","robots":{"index":"index","follow":"follow","max-snippet":"max-snippet:-1","max-image-preview":"max-image-preview:large","max-video-preview":"max-video-preview:-1"},"canonical":"https:\/\/www.radiohorizonte.fm\/radio\/2023\/09\/07\/telco-acerca-nuevas-tecnologias-y-conocimientos-para-la-industria\/","og_locale":"es_ES","og_type":"article","og_title":"TelCo acerca nuevas tecnolog\u00edas y conocimientos para la industria - Horizonte","og_description":"En su car\u00e1cter de anfitri\u00f3n del evento, Manuel Vald\u00e9s, presidente de TelCo, dijo en primer lugar que el objetivo es \u201cacercar los avances de las nuevas tecnolog\u00edas que irrumpen en el mercado y ver hacia donde van cada una de ellas\u201d. En este sentido se\u00f1al\u00f3 que con la industria 4.0 y la transformaci\u00f3n digital de","og_url":"https:\/\/www.radiohorizonte.fm\/radio\/2023\/09\/07\/telco-acerca-nuevas-tecnologias-y-conocimientos-para-la-industria\/","og_site_name":"Horizonte","article_publisher":"http:\/\/www.facebook.com\/HORIZONTE106.1","article_published_time":"2023-09-07T14:57:35+00:00","og_image":[{"width":1280,"height":853,"url":"https:\/\/www.radiohorizonte.fm\/radio\/wp-content\/uploads\/2023\/09\/WhatsApp-Image-2023-09-07-at-10.51.44-1.jpeg","type":"image\/jpeg"}],"author":"Cristian Galarza","twitter_card":"summary_large_image","twitter_creator":"@fmhorizonte1061","twitter_site":"@fmhorizonte1061","twitter_misc":{"Escrito por":"Cristian Galarza","Tiempo de lectura":"1 minuto"},"schema":{"@context":"https:\/\/schema.org","@graph":[{"@type":"Article","@id":"https:\/\/www.radiohorizonte.fm\/radio\/2023\/09\/07\/telco-acerca-nuevas-tecnologias-y-conocimientos-para-la-industria\/#article","isPartOf":{"@id":"https:\/\/www.radiohorizonte.fm\/radio\/2023\/09\/07\/telco-acerca-nuevas-tecnologias-y-conocimientos-para-la-industria\/"},"author":{"name":"Cristian Galarza","@id":"http:\/\/www.radiohorizonte.fm\/radio\/#\/schema\/person\/f8fa003a405bb86729fd87d15d0ddafa"},"headline":"TelCo acerca nuevas tecnolog\u00edas y conocimientos para la industria","datePublished":"2023-09-07T14:57:35+00:00","mainEntityOfPage":{"@id":"https:\/\/www.radiohorizonte.fm\/radio\/2023\/09\/07\/telco-acerca-nuevas-tecnologias-y-conocimientos-para-la-industria\/"},"wordCount":240,"publisher":{"@id":"http:\/\/www.radiohorizonte.fm\/radio\/#organization"},"image":{"@id":"https:\/\/www.radiohorizonte.fm\/radio\/2023\/09\/07\/telco-acerca-nuevas-tecnologias-y-conocimientos-para-la-industria\/#primaryimage"},"thumbnailUrl":"http:\/\/www.radiohorizonte.fm\/radio\/wp-content\/uploads\/2023\/09\/WhatsApp-Image-2023-09-07-at-10.51.44-1.jpeg","articleSection":["Noticias"],"inLanguage":"es-AR"},{"@type":"WebPage","@id":"https:\/\/www.radiohorizonte.fm\/radio\/2023\/09\/07\/telco-acerca-nuevas-tecnologias-y-conocimientos-para-la-industria\/","url":"https:\/\/www.radiohorizonte.fm\/radio\/2023\/09\/07\/telco-acerca-nuevas-tecnologias-y-conocimientos-para-la-industria\/","name":"TelCo acerca nuevas tecnolog\u00edas y conocimientos para la industria - Horizonte","isPartOf":{"@id":"http:\/\/www.radiohorizonte.fm\/radio\/#website"},"primaryImageOfPage":{"@id":"https:\/\/www.radiohorizonte.fm\/radio\/2023\/09\/07\/telco-acerca-nuevas-tecnologias-y-conocimientos-para-la-industria\/#primaryimage"},"image":{"@id":"https:\/\/www.radiohorizonte.fm\/radio\/2023\/09\/07\/telco-acerca-nuevas-tecnologias-y-conocimientos-para-la-industria\/#primaryimage"},"thumbnailUrl":"http:\/\/www.radiohorizonte.fm\/radio\/wp-content\/uploads\/2023\/09\/WhatsApp-Image-2023-09-07-at-10.51.44-1.jpeg","datePublished":"2023-09-07T14:57:35+00:00","breadcrumb":{"@id":"https:\/\/www.radiohorizonte.fm\/radio\/2023\/09\/07\/telco-acerca-nuevas-tecnologias-y-conocimientos-para-la-industria\/#breadcrumb"},"inLanguage":"es-AR","potentialAction":[{"@type":"ReadAction","target":["https:\/\/www.radiohorizonte.fm\/radio\/2023\/09\/07\/telco-acerca-nuevas-tecnologias-y-conocimientos-para-la-industria\/"]}]},{"@type":"ImageObject","inLanguage":"es-AR","@id":"https:\/\/www.radiohorizonte.fm\/radio\/2023\/09\/07\/telco-acerca-nuevas-tecnologias-y-conocimientos-para-la-industria\/#primaryimage","url":"http:\/\/www.radiohorizonte.fm\/radio\/wp-content\/uploads\/2023\/09\/WhatsApp-Image-2023-09-07-at-10.51.44-1.jpeg","contentUrl":"http:\/\/www.radiohorizonte.fm\/radio\/wp-content\/uploads\/2023\/09\/WhatsApp-Image-2023-09-07-at-10.51.44-1.jpeg","width":1280,"height":853},{"@type":"BreadcrumbList","@id":"https:\/\/www.radiohorizonte.fm\/radio\/2023\/09\/07\/telco-acerca-nuevas-tecnologias-y-conocimientos-para-la-industria\/#breadcrumb","itemListElement":[{"@type":"ListItem","position":1,"name":"Home","item":"http:\/\/www.radiohorizonte.fm\/radio\/"},{"@type":"ListItem","position":2,"name":"TelCo acerca nuevas tecnolog\u00edas y conocimientos para la industria"}]},{"@type":"WebSite","@id":"http:\/\/www.radiohorizonte.fm\/radio\/#website","url":"http:\/\/www.radiohorizonte.fm\/radio\/","name":"Horizonte","description":"Radio Horizonte 106.1 - Una radio de clasicos","publisher":{"@id":"http:\/\/www.radiohorizonte.fm\/radio\/#organization"},"potentialAction":[{"@type":"SearchAction","target":{"@type":"EntryPoint","urlTemplate":"http:\/\/www.radiohorizonte.fm\/radio\/?s={search_term_string}"},"query-input":{"@type":"PropertyValueSpecification","valueRequired":true,"valueName":"search_term_string"}}],"inLanguage":"es-AR"},{"@type":"Organization","@id":"http:\/\/www.radiohorizonte.fm\/radio\/#organization","name":"Horizonte","url":"http:\/\/www.radiohorizonte.fm\/radio\/","logo":{"@type":"ImageObject","inLanguage":"es-AR","@id":"http:\/\/www.radiohorizonte.fm\/radio\/#\/schema\/logo\/image\/","url":"http:\/\/www.radiohorizonte.fm\/radio\/wp-content\/uploads\/2025\/06\/Portada-FM-Horizonte_modelo-imagen-scaled.jpg","contentUrl":"http:\/\/www.radiohorizonte.fm\/radio\/wp-content\/uploads\/2025\/06\/Portada-FM-Horizonte_modelo-imagen-scaled.jpg","width":2560,"height":1056,"caption":"Horizonte"},"image":{"@id":"http:\/\/www.radiohorizonte.fm\/radio\/#\/schema\/logo\/image\/"},"sameAs":["http:\/\/www.facebook.com\/HORIZONTE106.1","https:\/\/x.com\/fmhorizonte1061"]},{"@type":"Person","@id":"http:\/\/www.radiohorizonte.fm\/radio\/#\/schema\/person\/f8fa003a405bb86729fd87d15d0ddafa","name":"Cristian Galarza","image":{"@type":"ImageObject","inLanguage":"es-AR","@id":"https:\/\/secure.gravatar.com\/avatar\/fad34bc2c773209c05d7d53b08a69b680eeb55f3be014e52b31643d20ab65925?s=96&d=mm&r=g","url":"https:\/\/secure.gravatar.com\/avatar\/fad34bc2c773209c05d7d53b08a69b680eeb55f3be014e52b31643d20ab65925?s=96&d=mm&r=g","contentUrl":"https:\/\/secure.gravatar.com\/avatar\/fad34bc2c773209c05d7d53b08a69b680eeb55f3be014e52b31643d20ab65925?s=96&d=mm&r=g","caption":"Cristian Galarza"},"url":"http:\/\/www.radiohorizonte.fm\/radio\/author\/cristian\/"}]}},"_links":{"self":[{"href":"http:\/\/www.radiohorizonte.fm\/radio\/wp-json\/wp\/v2\/posts\/41956","targetHints":{"allow":["GET"]}}],"collection":[{"href":"http:\/\/www.radiohorizonte.fm\/radio\/wp-json\/wp\/v2\/posts"}],"about":[{"href":"http:\/\/www.radiohorizonte.fm\/radio\/wp-json\/wp\/v2\/types\/post"}],"author":[{"embeddable":true,"href":"http:\/\/www.radiohorizonte.fm\/radio\/wp-json\/wp\/v2\/users\/2"}],"replies":[{"embeddable":true,"href":"http:\/\/www.radiohorizonte.fm\/radio\/wp-json\/wp\/v2\/comments?post=41956"}],"version-history":[{"count":1,"href":"http:\/\/www.radiohorizonte.fm\/radio\/wp-json\/wp\/v2\/posts\/41956\/revisions"}],"predecessor-version":[{"id":41959,"href":"http:\/\/www.radiohorizonte.fm\/radio\/wp-json\/wp\/v2\/posts\/41956\/revisions\/41959"}],"wp:featuredmedia":[{"embeddable":true,"href":"http:\/\/www.radiohorizonte.fm\/radio\/wp-json\/wp\/v2\/media\/41957"}],"wp:attachment":[{"href":"http:\/\/www.radiohorizonte.fm\/radio\/wp-json\/wp\/v2\/media?parent=41956"}],"wp:term":[{"taxonomy":"category","embeddable":true,"href":"http:\/\/www.radiohorizonte.fm\/radio\/wp-json\/wp\/v2\/categories?post=41956"},{"taxonomy":"post_tag","embeddable":true,"href":"http:\/\/www.radiohorizonte.fm\/radio\/wp-json\/wp\/v2\/tags?post=41956"}],"curies":[{"name":"wp","href":"https:\/\/api.w.org\/{rel}","templated":true}]}}