{"id":41963,"date":"2023-09-08T07:17:37","date_gmt":"2023-09-08T10:17:37","guid":{"rendered":"http:\/\/www.radiohorizonte.fm\/radio\/?p=41963"},"modified":"2023-09-08T07:17:37","modified_gmt":"2023-09-08T10:17:37","slug":"corrientes-se-prepara-para-otra-jornada-de-la-noche-de-los-museos","status":"publish","type":"post","link":"http:\/\/www.radiohorizonte.fm\/radio\/2023\/09\/08\/corrientes-se-prepara-para-otra-jornada-de-la-noche-de-los-museos\/","title":{"rendered":"Corrientes se prepara para otra jornada de la Noche de los Museos"},"content":{"rendered":"<p>Esta propuesta cultural se llevar\u00e1 a cabo el 23 de septiembre. &#8220;Cada espacio ya est\u00e1 preparando una agenda de actividades especiales&#8221;, remarc\u00f3 el presidente del Instituto de Cultura, Gabriel Romero.<\/p>\n<p><img loading=\"lazy\" decoding=\"async\" class=\"alignnone size-full wp-image-18446\" src=\"http:\/\/www.radiohorizonte.fm\/radio\/wp-content\/uploads\/2019\/01\/Marat\u00f3n-Chamamecera-en-los-museos.jpg\" alt=\"\" width=\"960\" height=\"720\" srcset=\"http:\/\/www.radiohorizonte.fm\/radio\/wp-content\/uploads\/2019\/01\/Marat\u00f3n-Chamamecera-en-los-museos.jpg 960w, http:\/\/www.radiohorizonte.fm\/radio\/wp-content\/uploads\/2019\/01\/Marat\u00f3n-Chamamecera-en-los-museos-300x225.jpg 300w, http:\/\/www.radiohorizonte.fm\/radio\/wp-content\/uploads\/2019\/01\/Marat\u00f3n-Chamamecera-en-los-museos-768x576.jpg 768w, http:\/\/www.radiohorizonte.fm\/radio\/wp-content\/uploads\/2019\/01\/Marat\u00f3n-Chamamecera-en-los-museos-65x49.jpg 65w, http:\/\/www.radiohorizonte.fm\/radio\/wp-content\/uploads\/2019\/01\/Marat\u00f3n-Chamamecera-en-los-museos-267x200.jpg 267w, http:\/\/www.radiohorizonte.fm\/radio\/wp-content\/uploads\/2019\/01\/Marat\u00f3n-Chamamecera-en-los-museos-85x64.jpg 85w, http:\/\/www.radiohorizonte.fm\/radio\/wp-content\/uploads\/2019\/01\/Marat\u00f3n-Chamamecera-en-los-museos-167x125.jpg 167w, http:\/\/www.radiohorizonte.fm\/radio\/wp-content\/uploads\/2019\/01\/Marat\u00f3n-Chamamecera-en-los-museos-90x68.jpg 90w\" sizes=\"auto, (max-width: 960px) 100vw, 960px\" \/><\/p>\n<p>El Gobierno de la Provincia, a trav\u00e9s del Instituto de Cultura, invita a la comunidad a asistir a una nueva edici\u00f3n de la Noche de los Museos, que se realizar\u00e1 el s\u00e1bado 23 de septiembre, desde las 18 hasta la medianoche, en museos, centros culturales y salas de exposici\u00f3n. Abrir\u00e1n sus puertas para dar a conocer su patrimonio y ofrecer una atractiva programaci\u00f3n de actividades y espect\u00e1culos.<\/p>\n<p>Participar\u00e1n los museos provinciales y est\u00e1 abierta la convocatoria para que se sumen los espacios culturales de Capital y de todo el territorio provincial.<\/p>\n<p>Este evento tiene como principal prop\u00f3sito visibilizar el trabajo que llevan adelante los museos y a sus valiosos patrimonios, propiciando que el p\u00fablico que habitualmente no asiste a estos espacios, lo haga en un horario at\u00edpico. &#8220;Vamos a realizar una nueva edici\u00f3n de la Noche de los Museos, y cada espacio ya est\u00e1 preparando una agenda de actividades especiales para ese d\u00eda. Tambi\u00e9n invitamos a los espacios del Municipio de Corrientes, espacios culturales y a los museos del interior a que se sumen a esta iniciativa&#8221;, destac\u00f3 el presidente del Instituto de Cultura, Gabriel Romero.<\/p>\n<p>Tambi\u00e9n anticip\u00f3 que se espera que confirmen su participaci\u00f3n otros espacios culturales de Capital e interior de la provincia. Es el caso del Museo Antropol\u00f3gico y Arqueol\u00f3gico, Ex Casa Mart\u00ednez, que formar\u00e1 parte de esta velada con una programaci\u00f3n que se anunciar\u00e1 en los pr\u00f3ximos d\u00edas.<\/p>\n<h2>Museo de Bellas Artes<\/h2>\n<p>Las actividades en el Museo de Bellas Artes &#8220;Dr. Juan R. Vidal&#8221; se extender\u00e1n el s\u00e1bado 23 de septiembre, de 18 a 00 con exhibiciones, visitas guiadas y actividades previstas.<\/p>\n<h2>Museo Hist\u00f3rico<\/h2>\n<p>Las actividades en el Museo Hist\u00f3rico dar\u00e1n inicio a las 19:15, con el recorrido &#8220;Humanidad de nuestros pr\u00f3ceres, mito, leyendas y verdades en torno a los pr\u00f3ceres correntinos&#8221;.<\/p>\n<h2>Museo de Artesan\u00edas<\/h2>\n<p>Incluir\u00e1 entre sus propuestas, la muestra de maestros artesanos y aprendices, la transmisi\u00f3n de t\u00e9cnicas, la exposici\u00f3n y ventas de artesan\u00edas tradicionales, l ya presentaci\u00f3n del grupo de danza del Museo, a cargo de la profesora Vanesa Obreg\u00f3n.<\/p>\n<h2>Casa \u00d1anderek\u00f3<\/h2>\n<p>En Casa \u00d1anderek\u00f3, centro de interpretaci\u00f3n del chamam\u00e9, la propuesta ser\u00e1 una noche tradicionalista para conocer dos nuevos espacios: el sal\u00f3n de lectura y consulta sobre chamam\u00e9 y la cultura guaran\u00ed &#8220;Profesor Enrique Pi\u00f1eyro&#8221;, y uno de arte textil aut\u00f3ctono.<\/p>\n<h2>Ciencias Naturales<\/h2>\n<p>En el Museo de Ciencias Naturales &#8220;Doctor Amado Bonpland&#8221;, ubicado en plena Costanera, tambi\u00e9n se est\u00e1n preparando para la Noche de los Museos.<\/p>\n","protected":false},"excerpt":{"rendered":"<div class=\"post-excerpt\"><p>Esta propuesta cultural se llevar\u00e1 a cabo el 23 de septiembre. &#8220;Cada espacio ya est\u00e1 preparando una agenda de actividades especiales&#8221;, remarc\u00f3 el presidente del Instituto de Cultura, Gabriel Romero. El Gobierno de la Provincia, a trav\u00e9s del Instituto de Cultura, invita a la comunidad a asistir a una nueva edici\u00f3n de la Noche de<\/p>\n<\/div>","protected":false},"author":2,"featured_media":18446,"comment_status":"closed","ping_status":"closed","sticky":false,"template":"","format":"standard","meta":{"_acf_changed":false,"footnotes":""},"categories":[2],"tags":[],"class_list":["post-41963","post","type-post","status-publish","format-standard","has-post-thumbnail","hentry","category-noticias"],"acf":[],"yoast_head":"<!-- This site is optimized with the Yoast SEO plugin v28.1 - https:\/\/yoast.com\/product\/yoast-seo-wordpress\/ -->\n<title>Corrientes se prepara para otra jornada de la Noche de los Museos - Horizonte<\/title>\n<meta name=\"robots\" content=\"index, follow, max-snippet:-1, max-image-preview:large, max-video-preview:-1\" \/>\n<link rel=\"canonical\" href=\"http:\/\/www.radiohorizonte.fm\/radio\/2023\/09\/08\/corrientes-se-prepara-para-otra-jornada-de-la-noche-de-los-museos\/\" \/>\n<meta property=\"og:locale\" content=\"es_ES\" \/>\n<meta property=\"og:type\" content=\"article\" \/>\n<meta property=\"og:title\" content=\"Corrientes se prepara para otra jornada de la Noche de los Museos - Horizonte\" \/>\n<meta property=\"og:description\" content=\"Esta propuesta cultural se llevar\u00e1 a cabo el 23 de septiembre. &#8220;Cada espacio ya est\u00e1 preparando una agenda de actividades especiales&#8221;, remarc\u00f3 el presidente del Instituto de Cultura, Gabriel Romero. El Gobierno de la Provincia, a trav\u00e9s del Instituto de Cultura, invita a la comunidad a asistir a una nueva edici\u00f3n de la Noche de\" \/>\n<meta property=\"og:url\" content=\"http:\/\/www.radiohorizonte.fm\/radio\/2023\/09\/08\/corrientes-se-prepara-para-otra-jornada-de-la-noche-de-los-museos\/\" \/>\n<meta property=\"og:site_name\" content=\"Horizonte\" \/>\n<meta property=\"article:publisher\" content=\"http:\/\/www.facebook.com\/HORIZONTE106.1\" \/>\n<meta property=\"article:published_time\" content=\"2023-09-08T10:17:37+00:00\" \/>\n<meta property=\"og:image\" content=\"http:\/\/www.radiohorizonte.fm\/radio\/wp-content\/uploads\/2019\/01\/Marat\u00f3n-Chamamecera-en-los-museos.jpg\" \/>\n\t<meta property=\"og:image:width\" content=\"960\" \/>\n\t<meta property=\"og:image:height\" content=\"720\" \/>\n\t<meta property=\"og:image:type\" content=\"image\/jpeg\" \/>\n<meta name=\"author\" content=\"Cristian Galarza\" \/>\n<meta name=\"twitter:card\" content=\"summary_large_image\" \/>\n<meta name=\"twitter:creator\" content=\"@fmhorizonte1061\" \/>\n<meta name=\"twitter:site\" content=\"@fmhorizonte1061\" \/>\n<meta name=\"twitter:label1\" content=\"Escrito por\" \/>\n\t<meta name=\"twitter:data1\" content=\"Cristian Galarza\" \/>\n\t<meta name=\"twitter:label2\" content=\"Tiempo de lectura\" \/>\n\t<meta name=\"twitter:data2\" content=\"2 minutos\" \/>\n<script type=\"application\/ld+json\" class=\"yoast-schema-graph\">{\"@context\":\"https:\\\/\\\/schema.org\",\"@graph\":[{\"@type\":\"Article\",\"@id\":\"http:\\\/\\\/www.radiohorizonte.fm\\\/radio\\\/2023\\\/09\\\/08\\\/corrientes-se-prepara-para-otra-jornada-de-la-noche-de-los-museos\\\/#article\",\"isPartOf\":{\"@id\":\"http:\\\/\\\/www.radiohorizonte.fm\\\/radio\\\/2023\\\/09\\\/08\\\/corrientes-se-prepara-para-otra-jornada-de-la-noche-de-los-museos\\\/\"},\"author\":{\"name\":\"Cristian Galarza\",\"@id\":\"http:\\\/\\\/www.radiohorizonte.fm\\\/radio\\\/#\\\/schema\\\/person\\\/f8fa003a405bb86729fd87d15d0ddafa\"},\"headline\":\"Corrientes se prepara para otra jornada de la Noche de los Museos\",\"datePublished\":\"2023-09-08T10:17:37+00:00\",\"mainEntityOfPage\":{\"@id\":\"http:\\\/\\\/www.radiohorizonte.fm\\\/radio\\\/2023\\\/09\\\/08\\\/corrientes-se-prepara-para-otra-jornada-de-la-noche-de-los-museos\\\/\"},\"wordCount\":481,\"publisher\":{\"@id\":\"http:\\\/\\\/www.radiohorizonte.fm\\\/radio\\\/#organization\"},\"image\":{\"@id\":\"http:\\\/\\\/www.radiohorizonte.fm\\\/radio\\\/2023\\\/09\\\/08\\\/corrientes-se-prepara-para-otra-jornada-de-la-noche-de-los-museos\\\/#primaryimage\"},\"thumbnailUrl\":\"http:\\\/\\\/www.radiohorizonte.fm\\\/radio\\\/wp-content\\\/uploads\\\/2019\\\/01\\\/Marat\u00f3n-Chamamecera-en-los-museos.jpg\",\"articleSection\":[\"Noticias\"],\"inLanguage\":\"es-AR\"},{\"@type\":\"WebPage\",\"@id\":\"http:\\\/\\\/www.radiohorizonte.fm\\\/radio\\\/2023\\\/09\\\/08\\\/corrientes-se-prepara-para-otra-jornada-de-la-noche-de-los-museos\\\/\",\"url\":\"http:\\\/\\\/www.radiohorizonte.fm\\\/radio\\\/2023\\\/09\\\/08\\\/corrientes-se-prepara-para-otra-jornada-de-la-noche-de-los-museos\\\/\",\"name\":\"Corrientes se prepara para otra jornada de la Noche de los Museos - Horizonte\",\"isPartOf\":{\"@id\":\"http:\\\/\\\/www.radiohorizonte.fm\\\/radio\\\/#website\"},\"primaryImageOfPage\":{\"@id\":\"http:\\\/\\\/www.radiohorizonte.fm\\\/radio\\\/2023\\\/09\\\/08\\\/corrientes-se-prepara-para-otra-jornada-de-la-noche-de-los-museos\\\/#primaryimage\"},\"image\":{\"@id\":\"http:\\\/\\\/www.radiohorizonte.fm\\\/radio\\\/2023\\\/09\\\/08\\\/corrientes-se-prepara-para-otra-jornada-de-la-noche-de-los-museos\\\/#primaryimage\"},\"thumbnailUrl\":\"http:\\\/\\\/www.radiohorizonte.fm\\\/radio\\\/wp-content\\\/uploads\\\/2019\\\/01\\\/Marat\u00f3n-Chamamecera-en-los-museos.jpg\",\"datePublished\":\"2023-09-08T10:17:37+00:00\",\"breadcrumb\":{\"@id\":\"http:\\\/\\\/www.radiohorizonte.fm\\\/radio\\\/2023\\\/09\\\/08\\\/corrientes-se-prepara-para-otra-jornada-de-la-noche-de-los-museos\\\/#breadcrumb\"},\"inLanguage\":\"es-AR\",\"potentialAction\":[{\"@type\":\"ReadAction\",\"target\":[\"http:\\\/\\\/www.radiohorizonte.fm\\\/radio\\\/2023\\\/09\\\/08\\\/corrientes-se-prepara-para-otra-jornada-de-la-noche-de-los-museos\\\/\"]}]},{\"@type\":\"ImageObject\",\"inLanguage\":\"es-AR\",\"@id\":\"http:\\\/\\\/www.radiohorizonte.fm\\\/radio\\\/2023\\\/09\\\/08\\\/corrientes-se-prepara-para-otra-jornada-de-la-noche-de-los-museos\\\/#primaryimage\",\"url\":\"http:\\\/\\\/www.radiohorizonte.fm\\\/radio\\\/wp-content\\\/uploads\\\/2019\\\/01\\\/Marat\u00f3n-Chamamecera-en-los-museos.jpg\",\"contentUrl\":\"http:\\\/\\\/www.radiohorizonte.fm\\\/radio\\\/wp-content\\\/uploads\\\/2019\\\/01\\\/Marat\u00f3n-Chamamecera-en-los-museos.jpg\",\"width\":960,\"height\":720},{\"@type\":\"BreadcrumbList\",\"@id\":\"http:\\\/\\\/www.radiohorizonte.fm\\\/radio\\\/2023\\\/09\\\/08\\\/corrientes-se-prepara-para-otra-jornada-de-la-noche-de-los-museos\\\/#breadcrumb\",\"itemListElement\":[{\"@type\":\"ListItem\",\"position\":1,\"name\":\"Home\",\"item\":\"http:\\\/\\\/www.radiohorizonte.fm\\\/radio\\\/\"},{\"@type\":\"ListItem\",\"position\":2,\"name\":\"Corrientes se prepara para otra jornada de la Noche de los Museos\"}]},{\"@type\":\"WebSite\",\"@id\":\"http:\\\/\\\/www.radiohorizonte.fm\\\/radio\\\/#website\",\"url\":\"http:\\\/\\\/www.radiohorizonte.fm\\\/radio\\\/\",\"name\":\"Horizonte\",\"description\":\"Radio Horizonte 106.1 - Una radio de clasicos\",\"publisher\":{\"@id\":\"http:\\\/\\\/www.radiohorizonte.fm\\\/radio\\\/#organization\"},\"potentialAction\":[{\"@type\":\"SearchAction\",\"target\":{\"@type\":\"EntryPoint\",\"urlTemplate\":\"http:\\\/\\\/www.radiohorizonte.fm\\\/radio\\\/?s={search_term_string}\"},\"query-input\":{\"@type\":\"PropertyValueSpecification\",\"valueRequired\":true,\"valueName\":\"search_term_string\"}}],\"inLanguage\":\"es-AR\"},{\"@type\":\"Organization\",\"@id\":\"http:\\\/\\\/www.radiohorizonte.fm\\\/radio\\\/#organization\",\"name\":\"Horizonte\",\"url\":\"http:\\\/\\\/www.radiohorizonte.fm\\\/radio\\\/\",\"logo\":{\"@type\":\"ImageObject\",\"inLanguage\":\"es-AR\",\"@id\":\"http:\\\/\\\/www.radiohorizonte.fm\\\/radio\\\/#\\\/schema\\\/logo\\\/image\\\/\",\"url\":\"http:\\\/\\\/www.radiohorizonte.fm\\\/radio\\\/wp-content\\\/uploads\\\/2025\\\/06\\\/Portada-FM-Horizonte_modelo-imagen-scaled.jpg\",\"contentUrl\":\"http:\\\/\\\/www.radiohorizonte.fm\\\/radio\\\/wp-content\\\/uploads\\\/2025\\\/06\\\/Portada-FM-Horizonte_modelo-imagen-scaled.jpg\",\"width\":2560,\"height\":1056,\"caption\":\"Horizonte\"},\"image\":{\"@id\":\"http:\\\/\\\/www.radiohorizonte.fm\\\/radio\\\/#\\\/schema\\\/logo\\\/image\\\/\"},\"sameAs\":[\"http:\\\/\\\/www.facebook.com\\\/HORIZONTE106.1\",\"https:\\\/\\\/x.com\\\/fmhorizonte1061\"]},{\"@type\":\"Person\",\"@id\":\"http:\\\/\\\/www.radiohorizonte.fm\\\/radio\\\/#\\\/schema\\\/person\\\/f8fa003a405bb86729fd87d15d0ddafa\",\"name\":\"Cristian Galarza\",\"image\":{\"@type\":\"ImageObject\",\"inLanguage\":\"es-AR\",\"@id\":\"https:\\\/\\\/secure.gravatar.com\\\/avatar\\\/fad34bc2c773209c05d7d53b08a69b680eeb55f3be014e52b31643d20ab65925?s=96&d=mm&r=g\",\"url\":\"https:\\\/\\\/secure.gravatar.com\\\/avatar\\\/fad34bc2c773209c05d7d53b08a69b680eeb55f3be014e52b31643d20ab65925?s=96&d=mm&r=g\",\"contentUrl\":\"https:\\\/\\\/secure.gravatar.com\\\/avatar\\\/fad34bc2c773209c05d7d53b08a69b680eeb55f3be014e52b31643d20ab65925?s=96&d=mm&r=g\",\"caption\":\"Cristian Galarza\"},\"url\":\"http:\\\/\\\/www.radiohorizonte.fm\\\/radio\\\/author\\\/cristian\\\/\"}]}<\/script>\n<!-- \/ Yoast SEO plugin. -->","yoast_head_json":{"title":"Corrientes se prepara para otra jornada de la Noche de los Museos - Horizonte","robots":{"index":"index","follow":"follow","max-snippet":"max-snippet:-1","max-image-preview":"max-image-preview:large","max-video-preview":"max-video-preview:-1"},"canonical":"http:\/\/www.radiohorizonte.fm\/radio\/2023\/09\/08\/corrientes-se-prepara-para-otra-jornada-de-la-noche-de-los-museos\/","og_locale":"es_ES","og_type":"article","og_title":"Corrientes se prepara para otra jornada de la Noche de los Museos - Horizonte","og_description":"Esta propuesta cultural se llevar\u00e1 a cabo el 23 de septiembre. &#8220;Cada espacio ya est\u00e1 preparando una agenda de actividades especiales&#8221;, remarc\u00f3 el presidente del Instituto de Cultura, Gabriel Romero. El Gobierno de la Provincia, a trav\u00e9s del Instituto de Cultura, invita a la comunidad a asistir a una nueva edici\u00f3n de la Noche de","og_url":"http:\/\/www.radiohorizonte.fm\/radio\/2023\/09\/08\/corrientes-se-prepara-para-otra-jornada-de-la-noche-de-los-museos\/","og_site_name":"Horizonte","article_publisher":"http:\/\/www.facebook.com\/HORIZONTE106.1","article_published_time":"2023-09-08T10:17:37+00:00","og_image":[{"width":960,"height":720,"url":"http:\/\/www.radiohorizonte.fm\/radio\/wp-content\/uploads\/2019\/01\/Marat\u00f3n-Chamamecera-en-los-museos.jpg","type":"image\/jpeg"}],"author":"Cristian Galarza","twitter_card":"summary_large_image","twitter_creator":"@fmhorizonte1061","twitter_site":"@fmhorizonte1061","twitter_misc":{"Escrito por":"Cristian Galarza","Tiempo de lectura":"2 minutos"},"schema":{"@context":"https:\/\/schema.org","@graph":[{"@type":"Article","@id":"http:\/\/www.radiohorizonte.fm\/radio\/2023\/09\/08\/corrientes-se-prepara-para-otra-jornada-de-la-noche-de-los-museos\/#article","isPartOf":{"@id":"http:\/\/www.radiohorizonte.fm\/radio\/2023\/09\/08\/corrientes-se-prepara-para-otra-jornada-de-la-noche-de-los-museos\/"},"author":{"name":"Cristian Galarza","@id":"http:\/\/www.radiohorizonte.fm\/radio\/#\/schema\/person\/f8fa003a405bb86729fd87d15d0ddafa"},"headline":"Corrientes se prepara para otra jornada de la Noche de los Museos","datePublished":"2023-09-08T10:17:37+00:00","mainEntityOfPage":{"@id":"http:\/\/www.radiohorizonte.fm\/radio\/2023\/09\/08\/corrientes-se-prepara-para-otra-jornada-de-la-noche-de-los-museos\/"},"wordCount":481,"publisher":{"@id":"http:\/\/www.radiohorizonte.fm\/radio\/#organization"},"image":{"@id":"http:\/\/www.radiohorizonte.fm\/radio\/2023\/09\/08\/corrientes-se-prepara-para-otra-jornada-de-la-noche-de-los-museos\/#primaryimage"},"thumbnailUrl":"http:\/\/www.radiohorizonte.fm\/radio\/wp-content\/uploads\/2019\/01\/Marat\u00f3n-Chamamecera-en-los-museos.jpg","articleSection":["Noticias"],"inLanguage":"es-AR"},{"@type":"WebPage","@id":"http:\/\/www.radiohorizonte.fm\/radio\/2023\/09\/08\/corrientes-se-prepara-para-otra-jornada-de-la-noche-de-los-museos\/","url":"http:\/\/www.radiohorizonte.fm\/radio\/2023\/09\/08\/corrientes-se-prepara-para-otra-jornada-de-la-noche-de-los-museos\/","name":"Corrientes se prepara para otra jornada de la Noche de los Museos - Horizonte","isPartOf":{"@id":"http:\/\/www.radiohorizonte.fm\/radio\/#website"},"primaryImageOfPage":{"@id":"http:\/\/www.radiohorizonte.fm\/radio\/2023\/09\/08\/corrientes-se-prepara-para-otra-jornada-de-la-noche-de-los-museos\/#primaryimage"},"image":{"@id":"http:\/\/www.radiohorizonte.fm\/radio\/2023\/09\/08\/corrientes-se-prepara-para-otra-jornada-de-la-noche-de-los-museos\/#primaryimage"},"thumbnailUrl":"http:\/\/www.radiohorizonte.fm\/radio\/wp-content\/uploads\/2019\/01\/Marat\u00f3n-Chamamecera-en-los-museos.jpg","datePublished":"2023-09-08T10:17:37+00:00","breadcrumb":{"@id":"http:\/\/www.radiohorizonte.fm\/radio\/2023\/09\/08\/corrientes-se-prepara-para-otra-jornada-de-la-noche-de-los-museos\/#breadcrumb"},"inLanguage":"es-AR","potentialAction":[{"@type":"ReadAction","target":["http:\/\/www.radiohorizonte.fm\/radio\/2023\/09\/08\/corrientes-se-prepara-para-otra-jornada-de-la-noche-de-los-museos\/"]}]},{"@type":"ImageObject","inLanguage":"es-AR","@id":"http:\/\/www.radiohorizonte.fm\/radio\/2023\/09\/08\/corrientes-se-prepara-para-otra-jornada-de-la-noche-de-los-museos\/#primaryimage","url":"http:\/\/www.radiohorizonte.fm\/radio\/wp-content\/uploads\/2019\/01\/Marat\u00f3n-Chamamecera-en-los-museos.jpg","contentUrl":"http:\/\/www.radiohorizonte.fm\/radio\/wp-content\/uploads\/2019\/01\/Marat\u00f3n-Chamamecera-en-los-museos.jpg","width":960,"height":720},{"@type":"BreadcrumbList","@id":"http:\/\/www.radiohorizonte.fm\/radio\/2023\/09\/08\/corrientes-se-prepara-para-otra-jornada-de-la-noche-de-los-museos\/#breadcrumb","itemListElement":[{"@type":"ListItem","position":1,"name":"Home","item":"http:\/\/www.radiohorizonte.fm\/radio\/"},{"@type":"ListItem","position":2,"name":"Corrientes se prepara para otra jornada de la Noche de los Museos"}]},{"@type":"WebSite","@id":"http:\/\/www.radiohorizonte.fm\/radio\/#website","url":"http:\/\/www.radiohorizonte.fm\/radio\/","name":"Horizonte","description":"Radio Horizonte 106.1 - Una radio de clasicos","publisher":{"@id":"http:\/\/www.radiohorizonte.fm\/radio\/#organization"},"potentialAction":[{"@type":"SearchAction","target":{"@type":"EntryPoint","urlTemplate":"http:\/\/www.radiohorizonte.fm\/radio\/?s={search_term_string}"},"query-input":{"@type":"PropertyValueSpecification","valueRequired":true,"valueName":"search_term_string"}}],"inLanguage":"es-AR"},{"@type":"Organization","@id":"http:\/\/www.radiohorizonte.fm\/radio\/#organization","name":"Horizonte","url":"http:\/\/www.radiohorizonte.fm\/radio\/","logo":{"@type":"ImageObject","inLanguage":"es-AR","@id":"http:\/\/www.radiohorizonte.fm\/radio\/#\/schema\/logo\/image\/","url":"http:\/\/www.radiohorizonte.fm\/radio\/wp-content\/uploads\/2025\/06\/Portada-FM-Horizonte_modelo-imagen-scaled.jpg","contentUrl":"http:\/\/www.radiohorizonte.fm\/radio\/wp-content\/uploads\/2025\/06\/Portada-FM-Horizonte_modelo-imagen-scaled.jpg","width":2560,"height":1056,"caption":"Horizonte"},"image":{"@id":"http:\/\/www.radiohorizonte.fm\/radio\/#\/schema\/logo\/image\/"},"sameAs":["http:\/\/www.facebook.com\/HORIZONTE106.1","https:\/\/x.com\/fmhorizonte1061"]},{"@type":"Person","@id":"http:\/\/www.radiohorizonte.fm\/radio\/#\/schema\/person\/f8fa003a405bb86729fd87d15d0ddafa","name":"Cristian Galarza","image":{"@type":"ImageObject","inLanguage":"es-AR","@id":"https:\/\/secure.gravatar.com\/avatar\/fad34bc2c773209c05d7d53b08a69b680eeb55f3be014e52b31643d20ab65925?s=96&d=mm&r=g","url":"https:\/\/secure.gravatar.com\/avatar\/fad34bc2c773209c05d7d53b08a69b680eeb55f3be014e52b31643d20ab65925?s=96&d=mm&r=g","contentUrl":"https:\/\/secure.gravatar.com\/avatar\/fad34bc2c773209c05d7d53b08a69b680eeb55f3be014e52b31643d20ab65925?s=96&d=mm&r=g","caption":"Cristian Galarza"},"url":"http:\/\/www.radiohorizonte.fm\/radio\/author\/cristian\/"}]}},"_links":{"self":[{"href":"http:\/\/www.radiohorizonte.fm\/radio\/wp-json\/wp\/v2\/posts\/41963","targetHints":{"allow":["GET"]}}],"collection":[{"href":"http:\/\/www.radiohorizonte.fm\/radio\/wp-json\/wp\/v2\/posts"}],"about":[{"href":"http:\/\/www.radiohorizonte.fm\/radio\/wp-json\/wp\/v2\/types\/post"}],"author":[{"embeddable":true,"href":"http:\/\/www.radiohorizonte.fm\/radio\/wp-json\/wp\/v2\/users\/2"}],"replies":[{"embeddable":true,"href":"http:\/\/www.radiohorizonte.fm\/radio\/wp-json\/wp\/v2\/comments?post=41963"}],"version-history":[{"count":1,"href":"http:\/\/www.radiohorizonte.fm\/radio\/wp-json\/wp\/v2\/posts\/41963\/revisions"}],"predecessor-version":[{"id":41964,"href":"http:\/\/www.radiohorizonte.fm\/radio\/wp-json\/wp\/v2\/posts\/41963\/revisions\/41964"}],"wp:featuredmedia":[{"embeddable":true,"href":"http:\/\/www.radiohorizonte.fm\/radio\/wp-json\/wp\/v2\/media\/18446"}],"wp:attachment":[{"href":"http:\/\/www.radiohorizonte.fm\/radio\/wp-json\/wp\/v2\/media?parent=41963"}],"wp:term":[{"taxonomy":"category","embeddable":true,"href":"http:\/\/www.radiohorizonte.fm\/radio\/wp-json\/wp\/v2\/categories?post=41963"},{"taxonomy":"post_tag","embeddable":true,"href":"http:\/\/www.radiohorizonte.fm\/radio\/wp-json\/wp\/v2\/tags?post=41963"}],"curies":[{"name":"wp","href":"https:\/\/api.w.org\/{rel}","templated":true}]}}