{"id":41966,"date":"2023-09-11T07:06:37","date_gmt":"2023-09-11T10:06:37","guid":{"rendered":"http:\/\/www.radiohorizonte.fm\/radio\/?p=41966"},"modified":"2023-09-11T07:06:37","modified_gmt":"2023-09-11T10:06:37","slug":"inician-proceso-de-evaluacion-de-yaguaretes-en-ibera","status":"publish","type":"post","link":"http:\/\/www.radiohorizonte.fm\/radio\/2023\/09\/11\/inician-proceso-de-evaluacion-de-yaguaretes-en-ibera\/","title":{"rendered":"Inician proceso de evaluaci\u00f3n de yaguaret\u00e9s en Iber\u00e1"},"content":{"rendered":"<p><span lang=\"ES\">La Fundaci\u00f3n Rewilding, con el apoyo del Gobierno de Corrientes, se encuentra llevando a cabo el programa de captura de yaguaret\u00e9s, que habitan los Esteros del Iber\u00e1. El objetivo es colocar a estos felinos radiocollares con tecnolog\u00eda GPS y satelital, para poder llevar un correcto monitoreo de los mismos.<\/span><\/p>\n<p><img loading=\"lazy\" decoding=\"async\" class=\"alignnone size-full wp-image-41967\" src=\"http:\/\/www.radiohorizonte.fm\/radio\/wp-content\/uploads\/2023\/09\/imagen-49486.jpg\" alt=\"\" width=\"1079\" height=\"607\" srcset=\"http:\/\/www.radiohorizonte.fm\/radio\/wp-content\/uploads\/2023\/09\/imagen-49486.jpg 1079w, http:\/\/www.radiohorizonte.fm\/radio\/wp-content\/uploads\/2023\/09\/imagen-49486-300x169.jpg 300w, http:\/\/www.radiohorizonte.fm\/radio\/wp-content\/uploads\/2023\/09\/imagen-49486-768x432.jpg 768w, http:\/\/www.radiohorizonte.fm\/radio\/wp-content\/uploads\/2023\/09\/imagen-49486-1024x576.jpg 1024w, http:\/\/www.radiohorizonte.fm\/radio\/wp-content\/uploads\/2023\/09\/imagen-49486-65x37.jpg 65w, http:\/\/www.radiohorizonte.fm\/radio\/wp-content\/uploads\/2023\/09\/imagen-49486-320x180.jpg 320w, http:\/\/www.radiohorizonte.fm\/radio\/wp-content\/uploads\/2023\/09\/imagen-49486-85x48.jpg 85w, http:\/\/www.radiohorizonte.fm\/radio\/wp-content\/uploads\/2023\/09\/imagen-49486-220x125.jpg 220w, http:\/\/www.radiohorizonte.fm\/radio\/wp-content\/uploads\/2023\/09\/imagen-49486-90x51.jpg 90w\" sizes=\"auto, (max-width: 1079px) 100vw, 1079px\" \/><\/p>\n<p><span lang=\"ES\">En este contexto, mediante un video explicativo en las redes sociales de la Fundaci\u00f3n Rewilding, Emiliano Donad\u00edo, director Cient\u00edfico de la Fundaci\u00f3n explic\u00f3 el proceso de captura de los Yaguaret\u00e9s para la colocaci\u00f3n de radiocollares que llev\u00f3 a cabo, con un grupo de especialistas en la materia, en la Isla de San Alonso, en los Esteros del Iber\u00e1.<\/span><\/p>\n<p><span lang=\"ES\">Al respecto Donad\u00edo explic\u00f3 que \u201cesto lo hacemos por dos motivos, necesitamos ver c\u00f3mo les va a estos yaguaret\u00e9s, y segundo para evaluar si los yaguaret\u00e9s tienen estos efectos de restauraci\u00f3n que los grandes carn\u00edvoros suelen tener en los ecosistemas\u201d, y agreg\u00f3 que \u201cen este momento estamos tratando capturar seis ejemplare,\u00a0<\/span>una ardua tarea que se est\u00e1 llevando a cabo por primera vez<span lang=\"ES\">\u201d.<\/span><\/p>\n<p><span lang=\"ES\">Cabe resaltar que a<\/span>l menos 17 yaguaret\u00e9s viven en total libertad en el Iber\u00e1, algunos de ellos fueron liberados con sus madres cuando eran cachorros y, otros de adultos; y por esto las bater\u00edas de sus collares comienzan a agotarse, por lo que tambi\u00e9n se tratar\u00e1 de recapturarlos para remplazar estos dispositivos.<\/p>\n<p>&nbsp;<\/p>\n<p><strong>Importancia del monitoreo<\/strong><br \/>\n\u201cConocer la ubicaci\u00f3n de los distintos yaguaret\u00e9s es importante porque ayuda a evaluar su estado general, detectar eventos de parici\u00f3n y movimientos de dispersi\u00f3n.\u00a0Esto tambi\u00e9n, es importante para comenzar a estudiar los efectos que el regreso del gran felino americano dispara sobre el ambiente, especialmente sobre la abundancia y comportamiento de sus presas y de depredadores medianos con los que compite\u201d, explicaron desde las redes sociales de Rewilding.<\/p>\n<p>\u201cDe esta forma el yaguaret\u00e9 dispara efectos en cascada que terminan influyendo en la estructura de la vegetaci\u00f3n, en la conservaci\u00f3n de aves de pastizal amenazadas, en la provisi\u00f3n de carro\u00f1a para carro\u00f1eros e incluso en la captura de carbono por parte de la vegetaci\u00f3n y en el ciclado de nutrientes\u201d, aseguraron desde la Fundaci\u00f3n.<\/p>\n","protected":false},"excerpt":{"rendered":"<div class=\"post-excerpt\"><p>La Fundaci\u00f3n Rewilding, con el apoyo del Gobierno de Corrientes, se encuentra llevando a cabo el programa de captura de yaguaret\u00e9s, que habitan los Esteros del Iber\u00e1. El objetivo es colocar a estos felinos radiocollares con tecnolog\u00eda GPS y satelital, para poder llevar un correcto monitoreo de los mismos. En este contexto, mediante un video<\/p>\n<\/div>","protected":false},"author":2,"featured_media":41967,"comment_status":"closed","ping_status":"closed","sticky":false,"template":"","format":"standard","meta":{"_acf_changed":false,"footnotes":""},"categories":[2],"tags":[],"class_list":["post-41966","post","type-post","status-publish","format-standard","has-post-thumbnail","hentry","category-noticias"],"acf":[],"yoast_head":"<!-- This site is optimized with the Yoast SEO plugin v28.1 - https:\/\/yoast.com\/product\/yoast-seo-wordpress\/ -->\n<title>Inician proceso de evaluaci\u00f3n de yaguaret\u00e9s en Iber\u00e1 - Horizonte<\/title>\n<meta name=\"robots\" content=\"index, follow, max-snippet:-1, max-image-preview:large, max-video-preview:-1\" \/>\n<link rel=\"canonical\" href=\"https:\/\/www.radiohorizonte.fm\/radio\/2023\/09\/11\/inician-proceso-de-evaluacion-de-yaguaretes-en-ibera\/\" \/>\n<meta property=\"og:locale\" content=\"es_ES\" \/>\n<meta property=\"og:type\" content=\"article\" \/>\n<meta property=\"og:title\" content=\"Inician proceso de evaluaci\u00f3n de yaguaret\u00e9s en Iber\u00e1 - Horizonte\" \/>\n<meta property=\"og:description\" content=\"La Fundaci\u00f3n Rewilding, con el apoyo del Gobierno de Corrientes, se encuentra llevando a cabo el programa de captura de yaguaret\u00e9s, que habitan los Esteros del Iber\u00e1. El objetivo es colocar a estos felinos radiocollares con tecnolog\u00eda GPS y satelital, para poder llevar un correcto monitoreo de los mismos. En este contexto, mediante un video\" \/>\n<meta property=\"og:url\" content=\"https:\/\/www.radiohorizonte.fm\/radio\/2023\/09\/11\/inician-proceso-de-evaluacion-de-yaguaretes-en-ibera\/\" \/>\n<meta property=\"og:site_name\" content=\"Horizonte\" \/>\n<meta property=\"article:publisher\" content=\"http:\/\/www.facebook.com\/HORIZONTE106.1\" \/>\n<meta property=\"article:published_time\" content=\"2023-09-11T10:06:37+00:00\" \/>\n<meta property=\"og:image\" content=\"https:\/\/www.radiohorizonte.fm\/radio\/wp-content\/uploads\/2023\/09\/imagen-49486.jpg\" \/>\n\t<meta property=\"og:image:width\" content=\"1079\" \/>\n\t<meta property=\"og:image:height\" content=\"607\" \/>\n\t<meta property=\"og:image:type\" content=\"image\/jpeg\" \/>\n<meta name=\"author\" content=\"Cristian Galarza\" \/>\n<meta name=\"twitter:card\" content=\"summary_large_image\" \/>\n<meta name=\"twitter:creator\" content=\"@fmhorizonte1061\" \/>\n<meta name=\"twitter:site\" content=\"@fmhorizonte1061\" \/>\n<meta name=\"twitter:label1\" content=\"Escrito por\" \/>\n\t<meta name=\"twitter:data1\" content=\"Cristian Galarza\" \/>\n\t<meta name=\"twitter:label2\" content=\"Tiempo de lectura\" \/>\n\t<meta name=\"twitter:data2\" content=\"2 minutos\" \/>\n<script type=\"application\/ld+json\" class=\"yoast-schema-graph\">{\"@context\":\"https:\\\/\\\/schema.org\",\"@graph\":[{\"@type\":\"Article\",\"@id\":\"https:\\\/\\\/www.radiohorizonte.fm\\\/radio\\\/2023\\\/09\\\/11\\\/inician-proceso-de-evaluacion-de-yaguaretes-en-ibera\\\/#article\",\"isPartOf\":{\"@id\":\"https:\\\/\\\/www.radiohorizonte.fm\\\/radio\\\/2023\\\/09\\\/11\\\/inician-proceso-de-evaluacion-de-yaguaretes-en-ibera\\\/\"},\"author\":{\"name\":\"Cristian Galarza\",\"@id\":\"http:\\\/\\\/www.radiohorizonte.fm\\\/radio\\\/#\\\/schema\\\/person\\\/f8fa003a405bb86729fd87d15d0ddafa\"},\"headline\":\"Inician proceso de evaluaci\u00f3n de yaguaret\u00e9s en Iber\u00e1\",\"datePublished\":\"2023-09-11T10:06:37+00:00\",\"mainEntityOfPage\":{\"@id\":\"https:\\\/\\\/www.radiohorizonte.fm\\\/radio\\\/2023\\\/09\\\/11\\\/inician-proceso-de-evaluacion-de-yaguaretes-en-ibera\\\/\"},\"wordCount\":389,\"publisher\":{\"@id\":\"http:\\\/\\\/www.radiohorizonte.fm\\\/radio\\\/#organization\"},\"image\":{\"@id\":\"https:\\\/\\\/www.radiohorizonte.fm\\\/radio\\\/2023\\\/09\\\/11\\\/inician-proceso-de-evaluacion-de-yaguaretes-en-ibera\\\/#primaryimage\"},\"thumbnailUrl\":\"http:\\\/\\\/www.radiohorizonte.fm\\\/radio\\\/wp-content\\\/uploads\\\/2023\\\/09\\\/imagen-49486.jpg\",\"articleSection\":[\"Noticias\"],\"inLanguage\":\"es-AR\"},{\"@type\":\"WebPage\",\"@id\":\"https:\\\/\\\/www.radiohorizonte.fm\\\/radio\\\/2023\\\/09\\\/11\\\/inician-proceso-de-evaluacion-de-yaguaretes-en-ibera\\\/\",\"url\":\"https:\\\/\\\/www.radiohorizonte.fm\\\/radio\\\/2023\\\/09\\\/11\\\/inician-proceso-de-evaluacion-de-yaguaretes-en-ibera\\\/\",\"name\":\"Inician proceso de evaluaci\u00f3n de yaguaret\u00e9s en Iber\u00e1 - Horizonte\",\"isPartOf\":{\"@id\":\"http:\\\/\\\/www.radiohorizonte.fm\\\/radio\\\/#website\"},\"primaryImageOfPage\":{\"@id\":\"https:\\\/\\\/www.radiohorizonte.fm\\\/radio\\\/2023\\\/09\\\/11\\\/inician-proceso-de-evaluacion-de-yaguaretes-en-ibera\\\/#primaryimage\"},\"image\":{\"@id\":\"https:\\\/\\\/www.radiohorizonte.fm\\\/radio\\\/2023\\\/09\\\/11\\\/inician-proceso-de-evaluacion-de-yaguaretes-en-ibera\\\/#primaryimage\"},\"thumbnailUrl\":\"http:\\\/\\\/www.radiohorizonte.fm\\\/radio\\\/wp-content\\\/uploads\\\/2023\\\/09\\\/imagen-49486.jpg\",\"datePublished\":\"2023-09-11T10:06:37+00:00\",\"breadcrumb\":{\"@id\":\"https:\\\/\\\/www.radiohorizonte.fm\\\/radio\\\/2023\\\/09\\\/11\\\/inician-proceso-de-evaluacion-de-yaguaretes-en-ibera\\\/#breadcrumb\"},\"inLanguage\":\"es-AR\",\"potentialAction\":[{\"@type\":\"ReadAction\",\"target\":[\"https:\\\/\\\/www.radiohorizonte.fm\\\/radio\\\/2023\\\/09\\\/11\\\/inician-proceso-de-evaluacion-de-yaguaretes-en-ibera\\\/\"]}]},{\"@type\":\"ImageObject\",\"inLanguage\":\"es-AR\",\"@id\":\"https:\\\/\\\/www.radiohorizonte.fm\\\/radio\\\/2023\\\/09\\\/11\\\/inician-proceso-de-evaluacion-de-yaguaretes-en-ibera\\\/#primaryimage\",\"url\":\"http:\\\/\\\/www.radiohorizonte.fm\\\/radio\\\/wp-content\\\/uploads\\\/2023\\\/09\\\/imagen-49486.jpg\",\"contentUrl\":\"http:\\\/\\\/www.radiohorizonte.fm\\\/radio\\\/wp-content\\\/uploads\\\/2023\\\/09\\\/imagen-49486.jpg\",\"width\":1079,\"height\":607},{\"@type\":\"BreadcrumbList\",\"@id\":\"https:\\\/\\\/www.radiohorizonte.fm\\\/radio\\\/2023\\\/09\\\/11\\\/inician-proceso-de-evaluacion-de-yaguaretes-en-ibera\\\/#breadcrumb\",\"itemListElement\":[{\"@type\":\"ListItem\",\"position\":1,\"name\":\"Home\",\"item\":\"http:\\\/\\\/www.radiohorizonte.fm\\\/radio\\\/\"},{\"@type\":\"ListItem\",\"position\":2,\"name\":\"Inician proceso de evaluaci\u00f3n de yaguaret\u00e9s en Iber\u00e1\"}]},{\"@type\":\"WebSite\",\"@id\":\"http:\\\/\\\/www.radiohorizonte.fm\\\/radio\\\/#website\",\"url\":\"http:\\\/\\\/www.radiohorizonte.fm\\\/radio\\\/\",\"name\":\"Horizonte\",\"description\":\"Radio Horizonte 106.1 - Una radio de clasicos\",\"publisher\":{\"@id\":\"http:\\\/\\\/www.radiohorizonte.fm\\\/radio\\\/#organization\"},\"potentialAction\":[{\"@type\":\"SearchAction\",\"target\":{\"@type\":\"EntryPoint\",\"urlTemplate\":\"http:\\\/\\\/www.radiohorizonte.fm\\\/radio\\\/?s={search_term_string}\"},\"query-input\":{\"@type\":\"PropertyValueSpecification\",\"valueRequired\":true,\"valueName\":\"search_term_string\"}}],\"inLanguage\":\"es-AR\"},{\"@type\":\"Organization\",\"@id\":\"http:\\\/\\\/www.radiohorizonte.fm\\\/radio\\\/#organization\",\"name\":\"Horizonte\",\"url\":\"http:\\\/\\\/www.radiohorizonte.fm\\\/radio\\\/\",\"logo\":{\"@type\":\"ImageObject\",\"inLanguage\":\"es-AR\",\"@id\":\"http:\\\/\\\/www.radiohorizonte.fm\\\/radio\\\/#\\\/schema\\\/logo\\\/image\\\/\",\"url\":\"http:\\\/\\\/www.radiohorizonte.fm\\\/radio\\\/wp-content\\\/uploads\\\/2025\\\/06\\\/Portada-FM-Horizonte_modelo-imagen-scaled.jpg\",\"contentUrl\":\"http:\\\/\\\/www.radiohorizonte.fm\\\/radio\\\/wp-content\\\/uploads\\\/2025\\\/06\\\/Portada-FM-Horizonte_modelo-imagen-scaled.jpg\",\"width\":2560,\"height\":1056,\"caption\":\"Horizonte\"},\"image\":{\"@id\":\"http:\\\/\\\/www.radiohorizonte.fm\\\/radio\\\/#\\\/schema\\\/logo\\\/image\\\/\"},\"sameAs\":[\"http:\\\/\\\/www.facebook.com\\\/HORIZONTE106.1\",\"https:\\\/\\\/x.com\\\/fmhorizonte1061\"]},{\"@type\":\"Person\",\"@id\":\"http:\\\/\\\/www.radiohorizonte.fm\\\/radio\\\/#\\\/schema\\\/person\\\/f8fa003a405bb86729fd87d15d0ddafa\",\"name\":\"Cristian Galarza\",\"image\":{\"@type\":\"ImageObject\",\"inLanguage\":\"es-AR\",\"@id\":\"https:\\\/\\\/secure.gravatar.com\\\/avatar\\\/fad34bc2c773209c05d7d53b08a69b680eeb55f3be014e52b31643d20ab65925?s=96&d=mm&r=g\",\"url\":\"https:\\\/\\\/secure.gravatar.com\\\/avatar\\\/fad34bc2c773209c05d7d53b08a69b680eeb55f3be014e52b31643d20ab65925?s=96&d=mm&r=g\",\"contentUrl\":\"https:\\\/\\\/secure.gravatar.com\\\/avatar\\\/fad34bc2c773209c05d7d53b08a69b680eeb55f3be014e52b31643d20ab65925?s=96&d=mm&r=g\",\"caption\":\"Cristian Galarza\"},\"url\":\"http:\\\/\\\/www.radiohorizonte.fm\\\/radio\\\/author\\\/cristian\\\/\"}]}<\/script>\n<!-- \/ Yoast SEO plugin. -->","yoast_head_json":{"title":"Inician proceso de evaluaci\u00f3n de yaguaret\u00e9s en Iber\u00e1 - Horizonte","robots":{"index":"index","follow":"follow","max-snippet":"max-snippet:-1","max-image-preview":"max-image-preview:large","max-video-preview":"max-video-preview:-1"},"canonical":"https:\/\/www.radiohorizonte.fm\/radio\/2023\/09\/11\/inician-proceso-de-evaluacion-de-yaguaretes-en-ibera\/","og_locale":"es_ES","og_type":"article","og_title":"Inician proceso de evaluaci\u00f3n de yaguaret\u00e9s en Iber\u00e1 - Horizonte","og_description":"La Fundaci\u00f3n Rewilding, con el apoyo del Gobierno de Corrientes, se encuentra llevando a cabo el programa de captura de yaguaret\u00e9s, que habitan los Esteros del Iber\u00e1. El objetivo es colocar a estos felinos radiocollares con tecnolog\u00eda GPS y satelital, para poder llevar un correcto monitoreo de los mismos. En este contexto, mediante un video","og_url":"https:\/\/www.radiohorizonte.fm\/radio\/2023\/09\/11\/inician-proceso-de-evaluacion-de-yaguaretes-en-ibera\/","og_site_name":"Horizonte","article_publisher":"http:\/\/www.facebook.com\/HORIZONTE106.1","article_published_time":"2023-09-11T10:06:37+00:00","og_image":[{"width":1079,"height":607,"url":"https:\/\/www.radiohorizonte.fm\/radio\/wp-content\/uploads\/2023\/09\/imagen-49486.jpg","type":"image\/jpeg"}],"author":"Cristian Galarza","twitter_card":"summary_large_image","twitter_creator":"@fmhorizonte1061","twitter_site":"@fmhorizonte1061","twitter_misc":{"Escrito por":"Cristian Galarza","Tiempo de lectura":"2 minutos"},"schema":{"@context":"https:\/\/schema.org","@graph":[{"@type":"Article","@id":"https:\/\/www.radiohorizonte.fm\/radio\/2023\/09\/11\/inician-proceso-de-evaluacion-de-yaguaretes-en-ibera\/#article","isPartOf":{"@id":"https:\/\/www.radiohorizonte.fm\/radio\/2023\/09\/11\/inician-proceso-de-evaluacion-de-yaguaretes-en-ibera\/"},"author":{"name":"Cristian Galarza","@id":"http:\/\/www.radiohorizonte.fm\/radio\/#\/schema\/person\/f8fa003a405bb86729fd87d15d0ddafa"},"headline":"Inician proceso de evaluaci\u00f3n de yaguaret\u00e9s en Iber\u00e1","datePublished":"2023-09-11T10:06:37+00:00","mainEntityOfPage":{"@id":"https:\/\/www.radiohorizonte.fm\/radio\/2023\/09\/11\/inician-proceso-de-evaluacion-de-yaguaretes-en-ibera\/"},"wordCount":389,"publisher":{"@id":"http:\/\/www.radiohorizonte.fm\/radio\/#organization"},"image":{"@id":"https:\/\/www.radiohorizonte.fm\/radio\/2023\/09\/11\/inician-proceso-de-evaluacion-de-yaguaretes-en-ibera\/#primaryimage"},"thumbnailUrl":"http:\/\/www.radiohorizonte.fm\/radio\/wp-content\/uploads\/2023\/09\/imagen-49486.jpg","articleSection":["Noticias"],"inLanguage":"es-AR"},{"@type":"WebPage","@id":"https:\/\/www.radiohorizonte.fm\/radio\/2023\/09\/11\/inician-proceso-de-evaluacion-de-yaguaretes-en-ibera\/","url":"https:\/\/www.radiohorizonte.fm\/radio\/2023\/09\/11\/inician-proceso-de-evaluacion-de-yaguaretes-en-ibera\/","name":"Inician proceso de evaluaci\u00f3n de yaguaret\u00e9s en Iber\u00e1 - Horizonte","isPartOf":{"@id":"http:\/\/www.radiohorizonte.fm\/radio\/#website"},"primaryImageOfPage":{"@id":"https:\/\/www.radiohorizonte.fm\/radio\/2023\/09\/11\/inician-proceso-de-evaluacion-de-yaguaretes-en-ibera\/#primaryimage"},"image":{"@id":"https:\/\/www.radiohorizonte.fm\/radio\/2023\/09\/11\/inician-proceso-de-evaluacion-de-yaguaretes-en-ibera\/#primaryimage"},"thumbnailUrl":"http:\/\/www.radiohorizonte.fm\/radio\/wp-content\/uploads\/2023\/09\/imagen-49486.jpg","datePublished":"2023-09-11T10:06:37+00:00","breadcrumb":{"@id":"https:\/\/www.radiohorizonte.fm\/radio\/2023\/09\/11\/inician-proceso-de-evaluacion-de-yaguaretes-en-ibera\/#breadcrumb"},"inLanguage":"es-AR","potentialAction":[{"@type":"ReadAction","target":["https:\/\/www.radiohorizonte.fm\/radio\/2023\/09\/11\/inician-proceso-de-evaluacion-de-yaguaretes-en-ibera\/"]}]},{"@type":"ImageObject","inLanguage":"es-AR","@id":"https:\/\/www.radiohorizonte.fm\/radio\/2023\/09\/11\/inician-proceso-de-evaluacion-de-yaguaretes-en-ibera\/#primaryimage","url":"http:\/\/www.radiohorizonte.fm\/radio\/wp-content\/uploads\/2023\/09\/imagen-49486.jpg","contentUrl":"http:\/\/www.radiohorizonte.fm\/radio\/wp-content\/uploads\/2023\/09\/imagen-49486.jpg","width":1079,"height":607},{"@type":"BreadcrumbList","@id":"https:\/\/www.radiohorizonte.fm\/radio\/2023\/09\/11\/inician-proceso-de-evaluacion-de-yaguaretes-en-ibera\/#breadcrumb","itemListElement":[{"@type":"ListItem","position":1,"name":"Home","item":"http:\/\/www.radiohorizonte.fm\/radio\/"},{"@type":"ListItem","position":2,"name":"Inician proceso de evaluaci\u00f3n de yaguaret\u00e9s en Iber\u00e1"}]},{"@type":"WebSite","@id":"http:\/\/www.radiohorizonte.fm\/radio\/#website","url":"http:\/\/www.radiohorizonte.fm\/radio\/","name":"Horizonte","description":"Radio Horizonte 106.1 - Una radio de clasicos","publisher":{"@id":"http:\/\/www.radiohorizonte.fm\/radio\/#organization"},"potentialAction":[{"@type":"SearchAction","target":{"@type":"EntryPoint","urlTemplate":"http:\/\/www.radiohorizonte.fm\/radio\/?s={search_term_string}"},"query-input":{"@type":"PropertyValueSpecification","valueRequired":true,"valueName":"search_term_string"}}],"inLanguage":"es-AR"},{"@type":"Organization","@id":"http:\/\/www.radiohorizonte.fm\/radio\/#organization","name":"Horizonte","url":"http:\/\/www.radiohorizonte.fm\/radio\/","logo":{"@type":"ImageObject","inLanguage":"es-AR","@id":"http:\/\/www.radiohorizonte.fm\/radio\/#\/schema\/logo\/image\/","url":"http:\/\/www.radiohorizonte.fm\/radio\/wp-content\/uploads\/2025\/06\/Portada-FM-Horizonte_modelo-imagen-scaled.jpg","contentUrl":"http:\/\/www.radiohorizonte.fm\/radio\/wp-content\/uploads\/2025\/06\/Portada-FM-Horizonte_modelo-imagen-scaled.jpg","width":2560,"height":1056,"caption":"Horizonte"},"image":{"@id":"http:\/\/www.radiohorizonte.fm\/radio\/#\/schema\/logo\/image\/"},"sameAs":["http:\/\/www.facebook.com\/HORIZONTE106.1","https:\/\/x.com\/fmhorizonte1061"]},{"@type":"Person","@id":"http:\/\/www.radiohorizonte.fm\/radio\/#\/schema\/person\/f8fa003a405bb86729fd87d15d0ddafa","name":"Cristian Galarza","image":{"@type":"ImageObject","inLanguage":"es-AR","@id":"https:\/\/secure.gravatar.com\/avatar\/fad34bc2c773209c05d7d53b08a69b680eeb55f3be014e52b31643d20ab65925?s=96&d=mm&r=g","url":"https:\/\/secure.gravatar.com\/avatar\/fad34bc2c773209c05d7d53b08a69b680eeb55f3be014e52b31643d20ab65925?s=96&d=mm&r=g","contentUrl":"https:\/\/secure.gravatar.com\/avatar\/fad34bc2c773209c05d7d53b08a69b680eeb55f3be014e52b31643d20ab65925?s=96&d=mm&r=g","caption":"Cristian Galarza"},"url":"http:\/\/www.radiohorizonte.fm\/radio\/author\/cristian\/"}]}},"_links":{"self":[{"href":"http:\/\/www.radiohorizonte.fm\/radio\/wp-json\/wp\/v2\/posts\/41966","targetHints":{"allow":["GET"]}}],"collection":[{"href":"http:\/\/www.radiohorizonte.fm\/radio\/wp-json\/wp\/v2\/posts"}],"about":[{"href":"http:\/\/www.radiohorizonte.fm\/radio\/wp-json\/wp\/v2\/types\/post"}],"author":[{"embeddable":true,"href":"http:\/\/www.radiohorizonte.fm\/radio\/wp-json\/wp\/v2\/users\/2"}],"replies":[{"embeddable":true,"href":"http:\/\/www.radiohorizonte.fm\/radio\/wp-json\/wp\/v2\/comments?post=41966"}],"version-history":[{"count":1,"href":"http:\/\/www.radiohorizonte.fm\/radio\/wp-json\/wp\/v2\/posts\/41966\/revisions"}],"predecessor-version":[{"id":41968,"href":"http:\/\/www.radiohorizonte.fm\/radio\/wp-json\/wp\/v2\/posts\/41966\/revisions\/41968"}],"wp:featuredmedia":[{"embeddable":true,"href":"http:\/\/www.radiohorizonte.fm\/radio\/wp-json\/wp\/v2\/media\/41967"}],"wp:attachment":[{"href":"http:\/\/www.radiohorizonte.fm\/radio\/wp-json\/wp\/v2\/media?parent=41966"}],"wp:term":[{"taxonomy":"category","embeddable":true,"href":"http:\/\/www.radiohorizonte.fm\/radio\/wp-json\/wp\/v2\/categories?post=41966"},{"taxonomy":"post_tag","embeddable":true,"href":"http:\/\/www.radiohorizonte.fm\/radio\/wp-json\/wp\/v2\/tags?post=41966"}],"curies":[{"name":"wp","href":"https:\/\/api.w.org\/{rel}","templated":true}]}}