{"id":41972,"date":"2023-09-11T07:15:30","date_gmt":"2023-09-11T10:15:30","guid":{"rendered":"http:\/\/www.radiohorizonte.fm\/radio\/?p=41972"},"modified":"2023-09-11T07:15:30","modified_gmt":"2023-09-11T10:15:30","slug":"una-madre-aviso-la-policia-que-su-hijo-le-robo-su-vecino-y-lo-detuvieron","status":"publish","type":"post","link":"http:\/\/www.radiohorizonte.fm\/radio\/2023\/09\/11\/una-madre-aviso-la-policia-que-su-hijo-le-robo-su-vecino-y-lo-detuvieron\/","title":{"rendered":"Una madre avis\u00f3 a la Polic\u00eda que su hijo le rob\u00f3 a su vecino y lo detuvieron"},"content":{"rendered":"<div class=\"item is-12 mnp\">\n<div class=\"articulo__intro\">El robo se produjo ayer a la madrugada en una vivienda ubicada por calle Coronel Baibiene al 2700. Por el caso fue aprehendido un joven de 22 a\u00f1os.<\/div>\n<div><img loading=\"lazy\" decoding=\"async\" class=\"alignnone size-full wp-image-41973\" src=\"http:\/\/www.radiohorizonte.fm\/radio\/wp-content\/uploads\/2023\/09\/1694391728289.jpg\" alt=\"\" width=\"770\" height=\"440\" srcset=\"http:\/\/www.radiohorizonte.fm\/radio\/wp-content\/uploads\/2023\/09\/1694391728289.jpg 770w, http:\/\/www.radiohorizonte.fm\/radio\/wp-content\/uploads\/2023\/09\/1694391728289-300x171.jpg 300w, http:\/\/www.radiohorizonte.fm\/radio\/wp-content\/uploads\/2023\/09\/1694391728289-768x439.jpg 768w, http:\/\/www.radiohorizonte.fm\/radio\/wp-content\/uploads\/2023\/09\/1694391728289-65x37.jpg 65w, http:\/\/www.radiohorizonte.fm\/radio\/wp-content\/uploads\/2023\/09\/1694391728289-320x183.jpg 320w, http:\/\/www.radiohorizonte.fm\/radio\/wp-content\/uploads\/2023\/09\/1694391728289-85x49.jpg 85w, http:\/\/www.radiohorizonte.fm\/radio\/wp-content\/uploads\/2023\/09\/1694391728289-220x125.jpg 220w, http:\/\/www.radiohorizonte.fm\/radio\/wp-content\/uploads\/2023\/09\/1694391728289-90x51.jpg 90w\" sizes=\"auto, (max-width: 770px) 100vw, 770px\" \/><\/div>\n<\/div>\n<div class=\"item articulo__main\">\n<p>Un joven de 22 a\u00f1os fue detenido luego de que su madre lo delatara con la Polic\u00eda por haberle robado un televisor y una consola de video juegos a su vecino.<\/p>\n<p>El procedimiento fue realizado en la madrugada de ayer por efectivos policiales dependientes del Departamento de Distritos Policiales y Unidades Operativas.<\/p>\n<p>Todo comenz\u00f3 cuando alrededor de las 1.30, fueron alertados por el Sistema Integral de Seguridad 911, sobre un il\u00edcito en inmediaciones de calle Coronel Baibiene al 2700, por lo que se dirigen de inmediato al lugar y tras un r\u00e1pido accionar logran obtener datos del lugar donde se podr\u00edan haber llevado las cosas \u2013televisor BGH y videojuegos-.Es as\u00ed, que se dirigen al lugar y tras entrevistarse con una mujer, la misma informa, que su hijo hab\u00eda tra\u00eddo cosas, sin conocer su procedencia y dejado en el patio, por lo que autoriza el ingreso y proceden al secuestro preventivo de las cosas, las cuales habr\u00edan sido sustra\u00eddos minutos antes. En tanto que el presunto autor, no se encontraba en el inmueble; Posteriormente y continuando con las recorridas finalmente lograron la detenci\u00f3n del joven de 22 a\u00f1os.<\/p>\n<p>Fuente: El Litoral<\/p>\n<\/div>\n","protected":false},"excerpt":{"rendered":"<div class=\"post-excerpt\"><p>El robo se produjo ayer a la madrugada en una vivienda ubicada por calle Coronel Baibiene al 2700. Por el caso fue aprehendido un joven de 22 a\u00f1os. Un joven de 22 a\u00f1os fue detenido luego de que su madre lo delatara con la Polic\u00eda por haberle robado un televisor y una consola de video<\/p>\n<\/div>","protected":false},"author":2,"featured_media":41973,"comment_status":"closed","ping_status":"closed","sticky":false,"template":"","format":"standard","meta":{"_acf_changed":false,"footnotes":""},"categories":[2],"tags":[],"class_list":["post-41972","post","type-post","status-publish","format-standard","has-post-thumbnail","hentry","category-noticias"],"acf":[],"yoast_head":"<!-- This site is optimized with the Yoast SEO plugin v28.1 - https:\/\/yoast.com\/product\/yoast-seo-wordpress\/ -->\n<title>Una madre avis\u00f3 a la Polic\u00eda que su hijo le rob\u00f3 a su vecino y lo detuvieron - Horizonte<\/title>\n<meta name=\"robots\" content=\"index, follow, max-snippet:-1, max-image-preview:large, max-video-preview:-1\" \/>\n<link rel=\"canonical\" href=\"http:\/\/www.radiohorizonte.fm\/radio\/2023\/09\/11\/una-madre-aviso-la-policia-que-su-hijo-le-robo-su-vecino-y-lo-detuvieron\/\" \/>\n<meta property=\"og:locale\" content=\"es_ES\" \/>\n<meta property=\"og:type\" content=\"article\" \/>\n<meta property=\"og:title\" content=\"Una madre avis\u00f3 a la Polic\u00eda que su hijo le rob\u00f3 a su vecino y lo detuvieron - Horizonte\" \/>\n<meta property=\"og:description\" content=\"El robo se produjo ayer a la madrugada en una vivienda ubicada por calle Coronel Baibiene al 2700. Por el caso fue aprehendido un joven de 22 a\u00f1os. Un joven de 22 a\u00f1os fue detenido luego de que su madre lo delatara con la Polic\u00eda por haberle robado un televisor y una consola de video\" \/>\n<meta property=\"og:url\" content=\"http:\/\/www.radiohorizonte.fm\/radio\/2023\/09\/11\/una-madre-aviso-la-policia-que-su-hijo-le-robo-su-vecino-y-lo-detuvieron\/\" \/>\n<meta property=\"og:site_name\" content=\"Horizonte\" \/>\n<meta property=\"article:publisher\" content=\"http:\/\/www.facebook.com\/HORIZONTE106.1\" \/>\n<meta property=\"article:published_time\" content=\"2023-09-11T10:15:30+00:00\" \/>\n<meta property=\"og:image\" content=\"http:\/\/www.radiohorizonte.fm\/radio\/wp-content\/uploads\/2023\/09\/1694391728289.jpg\" \/>\n\t<meta property=\"og:image:width\" content=\"770\" \/>\n\t<meta property=\"og:image:height\" content=\"440\" \/>\n\t<meta property=\"og:image:type\" content=\"image\/jpeg\" \/>\n<meta name=\"author\" content=\"Cristian Galarza\" \/>\n<meta name=\"twitter:card\" content=\"summary_large_image\" \/>\n<meta name=\"twitter:creator\" content=\"@fmhorizonte1061\" \/>\n<meta name=\"twitter:site\" content=\"@fmhorizonte1061\" \/>\n<meta name=\"twitter:label1\" content=\"Escrito por\" \/>\n\t<meta name=\"twitter:data1\" content=\"Cristian Galarza\" \/>\n\t<meta name=\"twitter:label2\" content=\"Tiempo de lectura\" \/>\n\t<meta name=\"twitter:data2\" content=\"1 minuto\" \/>\n<script type=\"application\/ld+json\" class=\"yoast-schema-graph\">{\"@context\":\"https:\\\/\\\/schema.org\",\"@graph\":[{\"@type\":\"Article\",\"@id\":\"http:\\\/\\\/www.radiohorizonte.fm\\\/radio\\\/2023\\\/09\\\/11\\\/una-madre-aviso-la-policia-que-su-hijo-le-robo-su-vecino-y-lo-detuvieron\\\/#article\",\"isPartOf\":{\"@id\":\"http:\\\/\\\/www.radiohorizonte.fm\\\/radio\\\/2023\\\/09\\\/11\\\/una-madre-aviso-la-policia-que-su-hijo-le-robo-su-vecino-y-lo-detuvieron\\\/\"},\"author\":{\"name\":\"Cristian Galarza\",\"@id\":\"http:\\\/\\\/www.radiohorizonte.fm\\\/radio\\\/#\\\/schema\\\/person\\\/f8fa003a405bb86729fd87d15d0ddafa\"},\"headline\":\"Una madre avis\u00f3 a la Polic\u00eda que su hijo le rob\u00f3 a su vecino y lo detuvieron\",\"datePublished\":\"2023-09-11T10:15:30+00:00\",\"mainEntityOfPage\":{\"@id\":\"http:\\\/\\\/www.radiohorizonte.fm\\\/radio\\\/2023\\\/09\\\/11\\\/una-madre-aviso-la-policia-que-su-hijo-le-robo-su-vecino-y-lo-detuvieron\\\/\"},\"wordCount\":242,\"publisher\":{\"@id\":\"http:\\\/\\\/www.radiohorizonte.fm\\\/radio\\\/#organization\"},\"image\":{\"@id\":\"http:\\\/\\\/www.radiohorizonte.fm\\\/radio\\\/2023\\\/09\\\/11\\\/una-madre-aviso-la-policia-que-su-hijo-le-robo-su-vecino-y-lo-detuvieron\\\/#primaryimage\"},\"thumbnailUrl\":\"http:\\\/\\\/www.radiohorizonte.fm\\\/radio\\\/wp-content\\\/uploads\\\/2023\\\/09\\\/1694391728289.jpg\",\"articleSection\":[\"Noticias\"],\"inLanguage\":\"es-AR\"},{\"@type\":\"WebPage\",\"@id\":\"http:\\\/\\\/www.radiohorizonte.fm\\\/radio\\\/2023\\\/09\\\/11\\\/una-madre-aviso-la-policia-que-su-hijo-le-robo-su-vecino-y-lo-detuvieron\\\/\",\"url\":\"http:\\\/\\\/www.radiohorizonte.fm\\\/radio\\\/2023\\\/09\\\/11\\\/una-madre-aviso-la-policia-que-su-hijo-le-robo-su-vecino-y-lo-detuvieron\\\/\",\"name\":\"Una madre avis\u00f3 a la Polic\u00eda que su hijo le rob\u00f3 a su vecino y lo detuvieron - Horizonte\",\"isPartOf\":{\"@id\":\"http:\\\/\\\/www.radiohorizonte.fm\\\/radio\\\/#website\"},\"primaryImageOfPage\":{\"@id\":\"http:\\\/\\\/www.radiohorizonte.fm\\\/radio\\\/2023\\\/09\\\/11\\\/una-madre-aviso-la-policia-que-su-hijo-le-robo-su-vecino-y-lo-detuvieron\\\/#primaryimage\"},\"image\":{\"@id\":\"http:\\\/\\\/www.radiohorizonte.fm\\\/radio\\\/2023\\\/09\\\/11\\\/una-madre-aviso-la-policia-que-su-hijo-le-robo-su-vecino-y-lo-detuvieron\\\/#primaryimage\"},\"thumbnailUrl\":\"http:\\\/\\\/www.radiohorizonte.fm\\\/radio\\\/wp-content\\\/uploads\\\/2023\\\/09\\\/1694391728289.jpg\",\"datePublished\":\"2023-09-11T10:15:30+00:00\",\"breadcrumb\":{\"@id\":\"http:\\\/\\\/www.radiohorizonte.fm\\\/radio\\\/2023\\\/09\\\/11\\\/una-madre-aviso-la-policia-que-su-hijo-le-robo-su-vecino-y-lo-detuvieron\\\/#breadcrumb\"},\"inLanguage\":\"es-AR\",\"potentialAction\":[{\"@type\":\"ReadAction\",\"target\":[\"http:\\\/\\\/www.radiohorizonte.fm\\\/radio\\\/2023\\\/09\\\/11\\\/una-madre-aviso-la-policia-que-su-hijo-le-robo-su-vecino-y-lo-detuvieron\\\/\"]}]},{\"@type\":\"ImageObject\",\"inLanguage\":\"es-AR\",\"@id\":\"http:\\\/\\\/www.radiohorizonte.fm\\\/radio\\\/2023\\\/09\\\/11\\\/una-madre-aviso-la-policia-que-su-hijo-le-robo-su-vecino-y-lo-detuvieron\\\/#primaryimage\",\"url\":\"http:\\\/\\\/www.radiohorizonte.fm\\\/radio\\\/wp-content\\\/uploads\\\/2023\\\/09\\\/1694391728289.jpg\",\"contentUrl\":\"http:\\\/\\\/www.radiohorizonte.fm\\\/radio\\\/wp-content\\\/uploads\\\/2023\\\/09\\\/1694391728289.jpg\",\"width\":770,\"height\":440},{\"@type\":\"BreadcrumbList\",\"@id\":\"http:\\\/\\\/www.radiohorizonte.fm\\\/radio\\\/2023\\\/09\\\/11\\\/una-madre-aviso-la-policia-que-su-hijo-le-robo-su-vecino-y-lo-detuvieron\\\/#breadcrumb\",\"itemListElement\":[{\"@type\":\"ListItem\",\"position\":1,\"name\":\"Home\",\"item\":\"http:\\\/\\\/www.radiohorizonte.fm\\\/radio\\\/\"},{\"@type\":\"ListItem\",\"position\":2,\"name\":\"Una madre avis\u00f3 a la Polic\u00eda que su hijo le rob\u00f3 a su vecino y lo detuvieron\"}]},{\"@type\":\"WebSite\",\"@id\":\"http:\\\/\\\/www.radiohorizonte.fm\\\/radio\\\/#website\",\"url\":\"http:\\\/\\\/www.radiohorizonte.fm\\\/radio\\\/\",\"name\":\"Horizonte\",\"description\":\"Radio Horizonte 106.1 - Una radio de clasicos\",\"publisher\":{\"@id\":\"http:\\\/\\\/www.radiohorizonte.fm\\\/radio\\\/#organization\"},\"potentialAction\":[{\"@type\":\"SearchAction\",\"target\":{\"@type\":\"EntryPoint\",\"urlTemplate\":\"http:\\\/\\\/www.radiohorizonte.fm\\\/radio\\\/?s={search_term_string}\"},\"query-input\":{\"@type\":\"PropertyValueSpecification\",\"valueRequired\":true,\"valueName\":\"search_term_string\"}}],\"inLanguage\":\"es-AR\"},{\"@type\":\"Organization\",\"@id\":\"http:\\\/\\\/www.radiohorizonte.fm\\\/radio\\\/#organization\",\"name\":\"Horizonte\",\"url\":\"http:\\\/\\\/www.radiohorizonte.fm\\\/radio\\\/\",\"logo\":{\"@type\":\"ImageObject\",\"inLanguage\":\"es-AR\",\"@id\":\"http:\\\/\\\/www.radiohorizonte.fm\\\/radio\\\/#\\\/schema\\\/logo\\\/image\\\/\",\"url\":\"http:\\\/\\\/www.radiohorizonte.fm\\\/radio\\\/wp-content\\\/uploads\\\/2025\\\/06\\\/Portada-FM-Horizonte_modelo-imagen-scaled.jpg\",\"contentUrl\":\"http:\\\/\\\/www.radiohorizonte.fm\\\/radio\\\/wp-content\\\/uploads\\\/2025\\\/06\\\/Portada-FM-Horizonte_modelo-imagen-scaled.jpg\",\"width\":2560,\"height\":1056,\"caption\":\"Horizonte\"},\"image\":{\"@id\":\"http:\\\/\\\/www.radiohorizonte.fm\\\/radio\\\/#\\\/schema\\\/logo\\\/image\\\/\"},\"sameAs\":[\"http:\\\/\\\/www.facebook.com\\\/HORIZONTE106.1\",\"https:\\\/\\\/x.com\\\/fmhorizonte1061\"]},{\"@type\":\"Person\",\"@id\":\"http:\\\/\\\/www.radiohorizonte.fm\\\/radio\\\/#\\\/schema\\\/person\\\/f8fa003a405bb86729fd87d15d0ddafa\",\"name\":\"Cristian Galarza\",\"image\":{\"@type\":\"ImageObject\",\"inLanguage\":\"es-AR\",\"@id\":\"https:\\\/\\\/secure.gravatar.com\\\/avatar\\\/fad34bc2c773209c05d7d53b08a69b680eeb55f3be014e52b31643d20ab65925?s=96&d=mm&r=g\",\"url\":\"https:\\\/\\\/secure.gravatar.com\\\/avatar\\\/fad34bc2c773209c05d7d53b08a69b680eeb55f3be014e52b31643d20ab65925?s=96&d=mm&r=g\",\"contentUrl\":\"https:\\\/\\\/secure.gravatar.com\\\/avatar\\\/fad34bc2c773209c05d7d53b08a69b680eeb55f3be014e52b31643d20ab65925?s=96&d=mm&r=g\",\"caption\":\"Cristian Galarza\"},\"url\":\"http:\\\/\\\/www.radiohorizonte.fm\\\/radio\\\/author\\\/cristian\\\/\"}]}<\/script>\n<!-- \/ Yoast SEO plugin. -->","yoast_head_json":{"title":"Una madre avis\u00f3 a la Polic\u00eda que su hijo le rob\u00f3 a su vecino y lo detuvieron - Horizonte","robots":{"index":"index","follow":"follow","max-snippet":"max-snippet:-1","max-image-preview":"max-image-preview:large","max-video-preview":"max-video-preview:-1"},"canonical":"http:\/\/www.radiohorizonte.fm\/radio\/2023\/09\/11\/una-madre-aviso-la-policia-que-su-hijo-le-robo-su-vecino-y-lo-detuvieron\/","og_locale":"es_ES","og_type":"article","og_title":"Una madre avis\u00f3 a la Polic\u00eda que su hijo le rob\u00f3 a su vecino y lo detuvieron - Horizonte","og_description":"El robo se produjo ayer a la madrugada en una vivienda ubicada por calle Coronel Baibiene al 2700. Por el caso fue aprehendido un joven de 22 a\u00f1os. Un joven de 22 a\u00f1os fue detenido luego de que su madre lo delatara con la Polic\u00eda por haberle robado un televisor y una consola de video","og_url":"http:\/\/www.radiohorizonte.fm\/radio\/2023\/09\/11\/una-madre-aviso-la-policia-que-su-hijo-le-robo-su-vecino-y-lo-detuvieron\/","og_site_name":"Horizonte","article_publisher":"http:\/\/www.facebook.com\/HORIZONTE106.1","article_published_time":"2023-09-11T10:15:30+00:00","og_image":[{"width":770,"height":440,"url":"http:\/\/www.radiohorizonte.fm\/radio\/wp-content\/uploads\/2023\/09\/1694391728289.jpg","type":"image\/jpeg"}],"author":"Cristian Galarza","twitter_card":"summary_large_image","twitter_creator":"@fmhorizonte1061","twitter_site":"@fmhorizonte1061","twitter_misc":{"Escrito por":"Cristian Galarza","Tiempo de lectura":"1 minuto"},"schema":{"@context":"https:\/\/schema.org","@graph":[{"@type":"Article","@id":"http:\/\/www.radiohorizonte.fm\/radio\/2023\/09\/11\/una-madre-aviso-la-policia-que-su-hijo-le-robo-su-vecino-y-lo-detuvieron\/#article","isPartOf":{"@id":"http:\/\/www.radiohorizonte.fm\/radio\/2023\/09\/11\/una-madre-aviso-la-policia-que-su-hijo-le-robo-su-vecino-y-lo-detuvieron\/"},"author":{"name":"Cristian Galarza","@id":"http:\/\/www.radiohorizonte.fm\/radio\/#\/schema\/person\/f8fa003a405bb86729fd87d15d0ddafa"},"headline":"Una madre avis\u00f3 a la Polic\u00eda que su hijo le rob\u00f3 a su vecino y lo detuvieron","datePublished":"2023-09-11T10:15:30+00:00","mainEntityOfPage":{"@id":"http:\/\/www.radiohorizonte.fm\/radio\/2023\/09\/11\/una-madre-aviso-la-policia-que-su-hijo-le-robo-su-vecino-y-lo-detuvieron\/"},"wordCount":242,"publisher":{"@id":"http:\/\/www.radiohorizonte.fm\/radio\/#organization"},"image":{"@id":"http:\/\/www.radiohorizonte.fm\/radio\/2023\/09\/11\/una-madre-aviso-la-policia-que-su-hijo-le-robo-su-vecino-y-lo-detuvieron\/#primaryimage"},"thumbnailUrl":"http:\/\/www.radiohorizonte.fm\/radio\/wp-content\/uploads\/2023\/09\/1694391728289.jpg","articleSection":["Noticias"],"inLanguage":"es-AR"},{"@type":"WebPage","@id":"http:\/\/www.radiohorizonte.fm\/radio\/2023\/09\/11\/una-madre-aviso-la-policia-que-su-hijo-le-robo-su-vecino-y-lo-detuvieron\/","url":"http:\/\/www.radiohorizonte.fm\/radio\/2023\/09\/11\/una-madre-aviso-la-policia-que-su-hijo-le-robo-su-vecino-y-lo-detuvieron\/","name":"Una madre avis\u00f3 a la Polic\u00eda que su hijo le rob\u00f3 a su vecino y lo detuvieron - Horizonte","isPartOf":{"@id":"http:\/\/www.radiohorizonte.fm\/radio\/#website"},"primaryImageOfPage":{"@id":"http:\/\/www.radiohorizonte.fm\/radio\/2023\/09\/11\/una-madre-aviso-la-policia-que-su-hijo-le-robo-su-vecino-y-lo-detuvieron\/#primaryimage"},"image":{"@id":"http:\/\/www.radiohorizonte.fm\/radio\/2023\/09\/11\/una-madre-aviso-la-policia-que-su-hijo-le-robo-su-vecino-y-lo-detuvieron\/#primaryimage"},"thumbnailUrl":"http:\/\/www.radiohorizonte.fm\/radio\/wp-content\/uploads\/2023\/09\/1694391728289.jpg","datePublished":"2023-09-11T10:15:30+00:00","breadcrumb":{"@id":"http:\/\/www.radiohorizonte.fm\/radio\/2023\/09\/11\/una-madre-aviso-la-policia-que-su-hijo-le-robo-su-vecino-y-lo-detuvieron\/#breadcrumb"},"inLanguage":"es-AR","potentialAction":[{"@type":"ReadAction","target":["http:\/\/www.radiohorizonte.fm\/radio\/2023\/09\/11\/una-madre-aviso-la-policia-que-su-hijo-le-robo-su-vecino-y-lo-detuvieron\/"]}]},{"@type":"ImageObject","inLanguage":"es-AR","@id":"http:\/\/www.radiohorizonte.fm\/radio\/2023\/09\/11\/una-madre-aviso-la-policia-que-su-hijo-le-robo-su-vecino-y-lo-detuvieron\/#primaryimage","url":"http:\/\/www.radiohorizonte.fm\/radio\/wp-content\/uploads\/2023\/09\/1694391728289.jpg","contentUrl":"http:\/\/www.radiohorizonte.fm\/radio\/wp-content\/uploads\/2023\/09\/1694391728289.jpg","width":770,"height":440},{"@type":"BreadcrumbList","@id":"http:\/\/www.radiohorizonte.fm\/radio\/2023\/09\/11\/una-madre-aviso-la-policia-que-su-hijo-le-robo-su-vecino-y-lo-detuvieron\/#breadcrumb","itemListElement":[{"@type":"ListItem","position":1,"name":"Home","item":"http:\/\/www.radiohorizonte.fm\/radio\/"},{"@type":"ListItem","position":2,"name":"Una madre avis\u00f3 a la Polic\u00eda que su hijo le rob\u00f3 a su vecino y lo detuvieron"}]},{"@type":"WebSite","@id":"http:\/\/www.radiohorizonte.fm\/radio\/#website","url":"http:\/\/www.radiohorizonte.fm\/radio\/","name":"Horizonte","description":"Radio Horizonte 106.1 - Una radio de clasicos","publisher":{"@id":"http:\/\/www.radiohorizonte.fm\/radio\/#organization"},"potentialAction":[{"@type":"SearchAction","target":{"@type":"EntryPoint","urlTemplate":"http:\/\/www.radiohorizonte.fm\/radio\/?s={search_term_string}"},"query-input":{"@type":"PropertyValueSpecification","valueRequired":true,"valueName":"search_term_string"}}],"inLanguage":"es-AR"},{"@type":"Organization","@id":"http:\/\/www.radiohorizonte.fm\/radio\/#organization","name":"Horizonte","url":"http:\/\/www.radiohorizonte.fm\/radio\/","logo":{"@type":"ImageObject","inLanguage":"es-AR","@id":"http:\/\/www.radiohorizonte.fm\/radio\/#\/schema\/logo\/image\/","url":"http:\/\/www.radiohorizonte.fm\/radio\/wp-content\/uploads\/2025\/06\/Portada-FM-Horizonte_modelo-imagen-scaled.jpg","contentUrl":"http:\/\/www.radiohorizonte.fm\/radio\/wp-content\/uploads\/2025\/06\/Portada-FM-Horizonte_modelo-imagen-scaled.jpg","width":2560,"height":1056,"caption":"Horizonte"},"image":{"@id":"http:\/\/www.radiohorizonte.fm\/radio\/#\/schema\/logo\/image\/"},"sameAs":["http:\/\/www.facebook.com\/HORIZONTE106.1","https:\/\/x.com\/fmhorizonte1061"]},{"@type":"Person","@id":"http:\/\/www.radiohorizonte.fm\/radio\/#\/schema\/person\/f8fa003a405bb86729fd87d15d0ddafa","name":"Cristian Galarza","image":{"@type":"ImageObject","inLanguage":"es-AR","@id":"https:\/\/secure.gravatar.com\/avatar\/fad34bc2c773209c05d7d53b08a69b680eeb55f3be014e52b31643d20ab65925?s=96&d=mm&r=g","url":"https:\/\/secure.gravatar.com\/avatar\/fad34bc2c773209c05d7d53b08a69b680eeb55f3be014e52b31643d20ab65925?s=96&d=mm&r=g","contentUrl":"https:\/\/secure.gravatar.com\/avatar\/fad34bc2c773209c05d7d53b08a69b680eeb55f3be014e52b31643d20ab65925?s=96&d=mm&r=g","caption":"Cristian Galarza"},"url":"http:\/\/www.radiohorizonte.fm\/radio\/author\/cristian\/"}]}},"_links":{"self":[{"href":"http:\/\/www.radiohorizonte.fm\/radio\/wp-json\/wp\/v2\/posts\/41972","targetHints":{"allow":["GET"]}}],"collection":[{"href":"http:\/\/www.radiohorizonte.fm\/radio\/wp-json\/wp\/v2\/posts"}],"about":[{"href":"http:\/\/www.radiohorizonte.fm\/radio\/wp-json\/wp\/v2\/types\/post"}],"author":[{"embeddable":true,"href":"http:\/\/www.radiohorizonte.fm\/radio\/wp-json\/wp\/v2\/users\/2"}],"replies":[{"embeddable":true,"href":"http:\/\/www.radiohorizonte.fm\/radio\/wp-json\/wp\/v2\/comments?post=41972"}],"version-history":[{"count":1,"href":"http:\/\/www.radiohorizonte.fm\/radio\/wp-json\/wp\/v2\/posts\/41972\/revisions"}],"predecessor-version":[{"id":41974,"href":"http:\/\/www.radiohorizonte.fm\/radio\/wp-json\/wp\/v2\/posts\/41972\/revisions\/41974"}],"wp:featuredmedia":[{"embeddable":true,"href":"http:\/\/www.radiohorizonte.fm\/radio\/wp-json\/wp\/v2\/media\/41973"}],"wp:attachment":[{"href":"http:\/\/www.radiohorizonte.fm\/radio\/wp-json\/wp\/v2\/media?parent=41972"}],"wp:term":[{"taxonomy":"category","embeddable":true,"href":"http:\/\/www.radiohorizonte.fm\/radio\/wp-json\/wp\/v2\/categories?post=41972"},{"taxonomy":"post_tag","embeddable":true,"href":"http:\/\/www.radiohorizonte.fm\/radio\/wp-json\/wp\/v2\/tags?post=41972"}],"curies":[{"name":"wp","href":"https:\/\/api.w.org\/{rel}","templated":true}]}}