{"id":41979,"date":"2023-09-11T11:15:06","date_gmt":"2023-09-11T14:15:06","guid":{"rendered":"http:\/\/www.radiohorizonte.fm\/radio\/?p=41979"},"modified":"2023-09-11T11:15:06","modified_gmt":"2023-09-11T14:15:06","slug":"el-plus-municipales-se-pagara-desde-este-martes-12","status":"publish","type":"post","link":"http:\/\/www.radiohorizonte.fm\/radio\/2023\/09\/11\/el-plus-municipales-se-pagara-desde-este-martes-12\/","title":{"rendered":"El plus a municipales se pagar\u00e1 desde este martes 12"},"content":{"rendered":"<p style=\"font-weight: 400;\"><em>El pago para los trabajadores de planta y contrato se har\u00e1 este martes 12. Los agentes Neike bancarizados tambi\u00e9n tendr\u00e1n depositados sus pluses ese mismo d\u00eda. Por su parte, los Neike no bancarizados cobrar\u00e1n por terminaci\u00f3n del DNI, desde el martes 12 y hasta el jueves 14, en la Caja Municipal de Pr\u00e9stamos.<\/em><\/p>\n<p><img loading=\"lazy\" decoding=\"async\" class=\"alignnone size-full wp-image-27366\" src=\"http:\/\/www.radiohorizonte.fm\/radio\/wp-content\/uploads\/2020\/04\/muni-de-corrientes.jpg\" alt=\"\" width=\"1140\" height=\"698\" srcset=\"http:\/\/www.radiohorizonte.fm\/radio\/wp-content\/uploads\/2020\/04\/muni-de-corrientes.jpg 1140w, http:\/\/www.radiohorizonte.fm\/radio\/wp-content\/uploads\/2020\/04\/muni-de-corrientes-300x184.jpg 300w, http:\/\/www.radiohorizonte.fm\/radio\/wp-content\/uploads\/2020\/04\/muni-de-corrientes-768x470.jpg 768w, http:\/\/www.radiohorizonte.fm\/radio\/wp-content\/uploads\/2020\/04\/muni-de-corrientes-1024x627.jpg 1024w, http:\/\/www.radiohorizonte.fm\/radio\/wp-content\/uploads\/2020\/04\/muni-de-corrientes-65x40.jpg 65w, http:\/\/www.radiohorizonte.fm\/radio\/wp-content\/uploads\/2020\/04\/muni-de-corrientes-320x196.jpg 320w, http:\/\/www.radiohorizonte.fm\/radio\/wp-content\/uploads\/2020\/04\/muni-de-corrientes-85x52.jpg 85w, http:\/\/www.radiohorizonte.fm\/radio\/wp-content\/uploads\/2020\/04\/muni-de-corrientes-204x125.jpg 204w, http:\/\/www.radiohorizonte.fm\/radio\/wp-content\/uploads\/2020\/04\/muni-de-corrientes-90x55.jpg 90w\" sizes=\"auto, (max-width: 1140px) 100vw, 1140px\" \/><\/p>\n<p style=\"font-weight: 400;\">Este martes 12, la Municipalidad de la ciudad de Corrientes iniciar\u00e1 el pago del plus ordinario de septiembre para todo el personal, seg\u00fan inform\u00f3 el intendente Eduardo Tassano.<\/p>\n<p style=\"font-weight: 400;\">Los trabajadores de planta y contrato y los agentes Neike bancarizados tendr\u00e1n depositados los pluses en sus respectivas cuentas bancarias el martes 12, dinero al que podr\u00e1n acceder extray\u00e9ndolo a trav\u00e9s de los cajeros autom\u00e1ticos habilitados.<\/p>\n<p style=\"font-weight: 400;\">Por su parte, aquellos trabajadores Neike que no est\u00e1n bancarizados deber\u00e1n dirigirse a la Caja Municipal de Pr\u00e9stamos (CMP), en su sede central, ubicada en Brasil 1269. Los pagos se har\u00e1n de lunes a viernes, de 7:30 a 12:30 y de 16 a 20:30.<\/p>\n<p style=\"font-weight: 400;\">En este caso, este martes 12 les corresponder\u00e1 cobrar a los trabajadores cuyos DNI terminen en 0, 1 y 2; el mi\u00e9rcoles 13, a los agentes con DNI finalizados en 3, 4, 5 y 6; y el jueves 14, a los que tengan documentos que finalicen en 7, 8 y 9.<\/p>\n","protected":false},"excerpt":{"rendered":"<div class=\"post-excerpt\"><p>El pago para los trabajadores de planta y contrato se har\u00e1 este martes 12. Los agentes Neike bancarizados tambi\u00e9n tendr\u00e1n depositados sus pluses ese mismo d\u00eda. Por su parte, los Neike no bancarizados cobrar\u00e1n por terminaci\u00f3n del DNI, desde el martes 12 y hasta el jueves 14, en la Caja Municipal de Pr\u00e9stamos. Este martes<\/p>\n<\/div>","protected":false},"author":2,"featured_media":27366,"comment_status":"closed","ping_status":"closed","sticky":false,"template":"","format":"standard","meta":{"_acf_changed":false,"footnotes":""},"categories":[2],"tags":[],"class_list":["post-41979","post","type-post","status-publish","format-standard","has-post-thumbnail","hentry","category-noticias"],"acf":[],"yoast_head":"<!-- This site is optimized with the Yoast SEO plugin v28.1 - https:\/\/yoast.com\/product\/yoast-seo-wordpress\/ -->\n<title>El plus a municipales se pagar\u00e1 desde este martes 12 - Horizonte<\/title>\n<meta name=\"robots\" content=\"index, follow, max-snippet:-1, max-image-preview:large, max-video-preview:-1\" \/>\n<link rel=\"canonical\" href=\"http:\/\/www.radiohorizonte.fm\/radio\/2023\/09\/11\/el-plus-municipales-se-pagara-desde-este-martes-12\/\" \/>\n<meta property=\"og:locale\" content=\"es_ES\" \/>\n<meta property=\"og:type\" content=\"article\" \/>\n<meta property=\"og:title\" content=\"El plus a municipales se pagar\u00e1 desde este martes 12 - Horizonte\" \/>\n<meta property=\"og:description\" content=\"El pago para los trabajadores de planta y contrato se har\u00e1 este martes 12. Los agentes Neike bancarizados tambi\u00e9n tendr\u00e1n depositados sus pluses ese mismo d\u00eda. Por su parte, los Neike no bancarizados cobrar\u00e1n por terminaci\u00f3n del DNI, desde el martes 12 y hasta el jueves 14, en la Caja Municipal de Pr\u00e9stamos. Este martes\" \/>\n<meta property=\"og:url\" content=\"http:\/\/www.radiohorizonte.fm\/radio\/2023\/09\/11\/el-plus-municipales-se-pagara-desde-este-martes-12\/\" \/>\n<meta property=\"og:site_name\" content=\"Horizonte\" \/>\n<meta property=\"article:publisher\" content=\"http:\/\/www.facebook.com\/HORIZONTE106.1\" \/>\n<meta property=\"article:published_time\" content=\"2023-09-11T14:15:06+00:00\" \/>\n<meta property=\"og:image\" content=\"http:\/\/www.radiohorizonte.fm\/radio\/wp-content\/uploads\/2020\/04\/muni-de-corrientes.jpg\" \/>\n\t<meta property=\"og:image:width\" content=\"1140\" \/>\n\t<meta property=\"og:image:height\" content=\"698\" \/>\n\t<meta property=\"og:image:type\" content=\"image\/jpeg\" \/>\n<meta name=\"author\" content=\"Cristian Galarza\" \/>\n<meta name=\"twitter:card\" content=\"summary_large_image\" \/>\n<meta name=\"twitter:creator\" content=\"@fmhorizonte1061\" \/>\n<meta name=\"twitter:site\" content=\"@fmhorizonte1061\" \/>\n<meta name=\"twitter:label1\" content=\"Escrito por\" \/>\n\t<meta name=\"twitter:data1\" content=\"Cristian Galarza\" \/>\n\t<meta name=\"twitter:label2\" content=\"Tiempo de lectura\" \/>\n\t<meta name=\"twitter:data2\" content=\"1 minuto\" \/>\n<script type=\"application\/ld+json\" class=\"yoast-schema-graph\">{\"@context\":\"https:\\\/\\\/schema.org\",\"@graph\":[{\"@type\":\"Article\",\"@id\":\"http:\\\/\\\/www.radiohorizonte.fm\\\/radio\\\/2023\\\/09\\\/11\\\/el-plus-municipales-se-pagara-desde-este-martes-12\\\/#article\",\"isPartOf\":{\"@id\":\"http:\\\/\\\/www.radiohorizonte.fm\\\/radio\\\/2023\\\/09\\\/11\\\/el-plus-municipales-se-pagara-desde-este-martes-12\\\/\"},\"author\":{\"name\":\"Cristian Galarza\",\"@id\":\"http:\\\/\\\/www.radiohorizonte.fm\\\/radio\\\/#\\\/schema\\\/person\\\/f8fa003a405bb86729fd87d15d0ddafa\"},\"headline\":\"El plus a municipales se pagar\u00e1 desde este martes 12\",\"datePublished\":\"2023-09-11T14:15:06+00:00\",\"mainEntityOfPage\":{\"@id\":\"http:\\\/\\\/www.radiohorizonte.fm\\\/radio\\\/2023\\\/09\\\/11\\\/el-plus-municipales-se-pagara-desde-este-martes-12\\\/\"},\"wordCount\":215,\"publisher\":{\"@id\":\"http:\\\/\\\/www.radiohorizonte.fm\\\/radio\\\/#organization\"},\"image\":{\"@id\":\"http:\\\/\\\/www.radiohorizonte.fm\\\/radio\\\/2023\\\/09\\\/11\\\/el-plus-municipales-se-pagara-desde-este-martes-12\\\/#primaryimage\"},\"thumbnailUrl\":\"http:\\\/\\\/www.radiohorizonte.fm\\\/radio\\\/wp-content\\\/uploads\\\/2020\\\/04\\\/muni-de-corrientes.jpg\",\"articleSection\":[\"Noticias\"],\"inLanguage\":\"es-AR\"},{\"@type\":\"WebPage\",\"@id\":\"http:\\\/\\\/www.radiohorizonte.fm\\\/radio\\\/2023\\\/09\\\/11\\\/el-plus-municipales-se-pagara-desde-este-martes-12\\\/\",\"url\":\"http:\\\/\\\/www.radiohorizonte.fm\\\/radio\\\/2023\\\/09\\\/11\\\/el-plus-municipales-se-pagara-desde-este-martes-12\\\/\",\"name\":\"El plus a municipales se pagar\u00e1 desde este martes 12 - Horizonte\",\"isPartOf\":{\"@id\":\"http:\\\/\\\/www.radiohorizonte.fm\\\/radio\\\/#website\"},\"primaryImageOfPage\":{\"@id\":\"http:\\\/\\\/www.radiohorizonte.fm\\\/radio\\\/2023\\\/09\\\/11\\\/el-plus-municipales-se-pagara-desde-este-martes-12\\\/#primaryimage\"},\"image\":{\"@id\":\"http:\\\/\\\/www.radiohorizonte.fm\\\/radio\\\/2023\\\/09\\\/11\\\/el-plus-municipales-se-pagara-desde-este-martes-12\\\/#primaryimage\"},\"thumbnailUrl\":\"http:\\\/\\\/www.radiohorizonte.fm\\\/radio\\\/wp-content\\\/uploads\\\/2020\\\/04\\\/muni-de-corrientes.jpg\",\"datePublished\":\"2023-09-11T14:15:06+00:00\",\"breadcrumb\":{\"@id\":\"http:\\\/\\\/www.radiohorizonte.fm\\\/radio\\\/2023\\\/09\\\/11\\\/el-plus-municipales-se-pagara-desde-este-martes-12\\\/#breadcrumb\"},\"inLanguage\":\"es-AR\",\"potentialAction\":[{\"@type\":\"ReadAction\",\"target\":[\"http:\\\/\\\/www.radiohorizonte.fm\\\/radio\\\/2023\\\/09\\\/11\\\/el-plus-municipales-se-pagara-desde-este-martes-12\\\/\"]}]},{\"@type\":\"ImageObject\",\"inLanguage\":\"es-AR\",\"@id\":\"http:\\\/\\\/www.radiohorizonte.fm\\\/radio\\\/2023\\\/09\\\/11\\\/el-plus-municipales-se-pagara-desde-este-martes-12\\\/#primaryimage\",\"url\":\"http:\\\/\\\/www.radiohorizonte.fm\\\/radio\\\/wp-content\\\/uploads\\\/2020\\\/04\\\/muni-de-corrientes.jpg\",\"contentUrl\":\"http:\\\/\\\/www.radiohorizonte.fm\\\/radio\\\/wp-content\\\/uploads\\\/2020\\\/04\\\/muni-de-corrientes.jpg\",\"width\":1140,\"height\":698},{\"@type\":\"BreadcrumbList\",\"@id\":\"http:\\\/\\\/www.radiohorizonte.fm\\\/radio\\\/2023\\\/09\\\/11\\\/el-plus-municipales-se-pagara-desde-este-martes-12\\\/#breadcrumb\",\"itemListElement\":[{\"@type\":\"ListItem\",\"position\":1,\"name\":\"Home\",\"item\":\"http:\\\/\\\/www.radiohorizonte.fm\\\/radio\\\/\"},{\"@type\":\"ListItem\",\"position\":2,\"name\":\"El plus a municipales se pagar\u00e1 desde este martes 12\"}]},{\"@type\":\"WebSite\",\"@id\":\"http:\\\/\\\/www.radiohorizonte.fm\\\/radio\\\/#website\",\"url\":\"http:\\\/\\\/www.radiohorizonte.fm\\\/radio\\\/\",\"name\":\"Horizonte\",\"description\":\"Radio Horizonte 106.1 - Una radio de clasicos\",\"publisher\":{\"@id\":\"http:\\\/\\\/www.radiohorizonte.fm\\\/radio\\\/#organization\"},\"potentialAction\":[{\"@type\":\"SearchAction\",\"target\":{\"@type\":\"EntryPoint\",\"urlTemplate\":\"http:\\\/\\\/www.radiohorizonte.fm\\\/radio\\\/?s={search_term_string}\"},\"query-input\":{\"@type\":\"PropertyValueSpecification\",\"valueRequired\":true,\"valueName\":\"search_term_string\"}}],\"inLanguage\":\"es-AR\"},{\"@type\":\"Organization\",\"@id\":\"http:\\\/\\\/www.radiohorizonte.fm\\\/radio\\\/#organization\",\"name\":\"Horizonte\",\"url\":\"http:\\\/\\\/www.radiohorizonte.fm\\\/radio\\\/\",\"logo\":{\"@type\":\"ImageObject\",\"inLanguage\":\"es-AR\",\"@id\":\"http:\\\/\\\/www.radiohorizonte.fm\\\/radio\\\/#\\\/schema\\\/logo\\\/image\\\/\",\"url\":\"http:\\\/\\\/www.radiohorizonte.fm\\\/radio\\\/wp-content\\\/uploads\\\/2025\\\/06\\\/Portada-FM-Horizonte_modelo-imagen-scaled.jpg\",\"contentUrl\":\"http:\\\/\\\/www.radiohorizonte.fm\\\/radio\\\/wp-content\\\/uploads\\\/2025\\\/06\\\/Portada-FM-Horizonte_modelo-imagen-scaled.jpg\",\"width\":2560,\"height\":1056,\"caption\":\"Horizonte\"},\"image\":{\"@id\":\"http:\\\/\\\/www.radiohorizonte.fm\\\/radio\\\/#\\\/schema\\\/logo\\\/image\\\/\"},\"sameAs\":[\"http:\\\/\\\/www.facebook.com\\\/HORIZONTE106.1\",\"https:\\\/\\\/x.com\\\/fmhorizonte1061\"]},{\"@type\":\"Person\",\"@id\":\"http:\\\/\\\/www.radiohorizonte.fm\\\/radio\\\/#\\\/schema\\\/person\\\/f8fa003a405bb86729fd87d15d0ddafa\",\"name\":\"Cristian Galarza\",\"image\":{\"@type\":\"ImageObject\",\"inLanguage\":\"es-AR\",\"@id\":\"https:\\\/\\\/secure.gravatar.com\\\/avatar\\\/fad34bc2c773209c05d7d53b08a69b680eeb55f3be014e52b31643d20ab65925?s=96&d=mm&r=g\",\"url\":\"https:\\\/\\\/secure.gravatar.com\\\/avatar\\\/fad34bc2c773209c05d7d53b08a69b680eeb55f3be014e52b31643d20ab65925?s=96&d=mm&r=g\",\"contentUrl\":\"https:\\\/\\\/secure.gravatar.com\\\/avatar\\\/fad34bc2c773209c05d7d53b08a69b680eeb55f3be014e52b31643d20ab65925?s=96&d=mm&r=g\",\"caption\":\"Cristian Galarza\"},\"url\":\"http:\\\/\\\/www.radiohorizonte.fm\\\/radio\\\/author\\\/cristian\\\/\"}]}<\/script>\n<!-- \/ Yoast SEO plugin. -->","yoast_head_json":{"title":"El plus a municipales se pagar\u00e1 desde este martes 12 - Horizonte","robots":{"index":"index","follow":"follow","max-snippet":"max-snippet:-1","max-image-preview":"max-image-preview:large","max-video-preview":"max-video-preview:-1"},"canonical":"http:\/\/www.radiohorizonte.fm\/radio\/2023\/09\/11\/el-plus-municipales-se-pagara-desde-este-martes-12\/","og_locale":"es_ES","og_type":"article","og_title":"El plus a municipales se pagar\u00e1 desde este martes 12 - Horizonte","og_description":"El pago para los trabajadores de planta y contrato se har\u00e1 este martes 12. Los agentes Neike bancarizados tambi\u00e9n tendr\u00e1n depositados sus pluses ese mismo d\u00eda. Por su parte, los Neike no bancarizados cobrar\u00e1n por terminaci\u00f3n del DNI, desde el martes 12 y hasta el jueves 14, en la Caja Municipal de Pr\u00e9stamos. Este martes","og_url":"http:\/\/www.radiohorizonte.fm\/radio\/2023\/09\/11\/el-plus-municipales-se-pagara-desde-este-martes-12\/","og_site_name":"Horizonte","article_publisher":"http:\/\/www.facebook.com\/HORIZONTE106.1","article_published_time":"2023-09-11T14:15:06+00:00","og_image":[{"width":1140,"height":698,"url":"http:\/\/www.radiohorizonte.fm\/radio\/wp-content\/uploads\/2020\/04\/muni-de-corrientes.jpg","type":"image\/jpeg"}],"author":"Cristian Galarza","twitter_card":"summary_large_image","twitter_creator":"@fmhorizonte1061","twitter_site":"@fmhorizonte1061","twitter_misc":{"Escrito por":"Cristian Galarza","Tiempo de lectura":"1 minuto"},"schema":{"@context":"https:\/\/schema.org","@graph":[{"@type":"Article","@id":"http:\/\/www.radiohorizonte.fm\/radio\/2023\/09\/11\/el-plus-municipales-se-pagara-desde-este-martes-12\/#article","isPartOf":{"@id":"http:\/\/www.radiohorizonte.fm\/radio\/2023\/09\/11\/el-plus-municipales-se-pagara-desde-este-martes-12\/"},"author":{"name":"Cristian Galarza","@id":"http:\/\/www.radiohorizonte.fm\/radio\/#\/schema\/person\/f8fa003a405bb86729fd87d15d0ddafa"},"headline":"El plus a municipales se pagar\u00e1 desde este martes 12","datePublished":"2023-09-11T14:15:06+00:00","mainEntityOfPage":{"@id":"http:\/\/www.radiohorizonte.fm\/radio\/2023\/09\/11\/el-plus-municipales-se-pagara-desde-este-martes-12\/"},"wordCount":215,"publisher":{"@id":"http:\/\/www.radiohorizonte.fm\/radio\/#organization"},"image":{"@id":"http:\/\/www.radiohorizonte.fm\/radio\/2023\/09\/11\/el-plus-municipales-se-pagara-desde-este-martes-12\/#primaryimage"},"thumbnailUrl":"http:\/\/www.radiohorizonte.fm\/radio\/wp-content\/uploads\/2020\/04\/muni-de-corrientes.jpg","articleSection":["Noticias"],"inLanguage":"es-AR"},{"@type":"WebPage","@id":"http:\/\/www.radiohorizonte.fm\/radio\/2023\/09\/11\/el-plus-municipales-se-pagara-desde-este-martes-12\/","url":"http:\/\/www.radiohorizonte.fm\/radio\/2023\/09\/11\/el-plus-municipales-se-pagara-desde-este-martes-12\/","name":"El plus a municipales se pagar\u00e1 desde este martes 12 - Horizonte","isPartOf":{"@id":"http:\/\/www.radiohorizonte.fm\/radio\/#website"},"primaryImageOfPage":{"@id":"http:\/\/www.radiohorizonte.fm\/radio\/2023\/09\/11\/el-plus-municipales-se-pagara-desde-este-martes-12\/#primaryimage"},"image":{"@id":"http:\/\/www.radiohorizonte.fm\/radio\/2023\/09\/11\/el-plus-municipales-se-pagara-desde-este-martes-12\/#primaryimage"},"thumbnailUrl":"http:\/\/www.radiohorizonte.fm\/radio\/wp-content\/uploads\/2020\/04\/muni-de-corrientes.jpg","datePublished":"2023-09-11T14:15:06+00:00","breadcrumb":{"@id":"http:\/\/www.radiohorizonte.fm\/radio\/2023\/09\/11\/el-plus-municipales-se-pagara-desde-este-martes-12\/#breadcrumb"},"inLanguage":"es-AR","potentialAction":[{"@type":"ReadAction","target":["http:\/\/www.radiohorizonte.fm\/radio\/2023\/09\/11\/el-plus-municipales-se-pagara-desde-este-martes-12\/"]}]},{"@type":"ImageObject","inLanguage":"es-AR","@id":"http:\/\/www.radiohorizonte.fm\/radio\/2023\/09\/11\/el-plus-municipales-se-pagara-desde-este-martes-12\/#primaryimage","url":"http:\/\/www.radiohorizonte.fm\/radio\/wp-content\/uploads\/2020\/04\/muni-de-corrientes.jpg","contentUrl":"http:\/\/www.radiohorizonte.fm\/radio\/wp-content\/uploads\/2020\/04\/muni-de-corrientes.jpg","width":1140,"height":698},{"@type":"BreadcrumbList","@id":"http:\/\/www.radiohorizonte.fm\/radio\/2023\/09\/11\/el-plus-municipales-se-pagara-desde-este-martes-12\/#breadcrumb","itemListElement":[{"@type":"ListItem","position":1,"name":"Home","item":"http:\/\/www.radiohorizonte.fm\/radio\/"},{"@type":"ListItem","position":2,"name":"El plus a municipales se pagar\u00e1 desde este martes 12"}]},{"@type":"WebSite","@id":"http:\/\/www.radiohorizonte.fm\/radio\/#website","url":"http:\/\/www.radiohorizonte.fm\/radio\/","name":"Horizonte","description":"Radio Horizonte 106.1 - Una radio de clasicos","publisher":{"@id":"http:\/\/www.radiohorizonte.fm\/radio\/#organization"},"potentialAction":[{"@type":"SearchAction","target":{"@type":"EntryPoint","urlTemplate":"http:\/\/www.radiohorizonte.fm\/radio\/?s={search_term_string}"},"query-input":{"@type":"PropertyValueSpecification","valueRequired":true,"valueName":"search_term_string"}}],"inLanguage":"es-AR"},{"@type":"Organization","@id":"http:\/\/www.radiohorizonte.fm\/radio\/#organization","name":"Horizonte","url":"http:\/\/www.radiohorizonte.fm\/radio\/","logo":{"@type":"ImageObject","inLanguage":"es-AR","@id":"http:\/\/www.radiohorizonte.fm\/radio\/#\/schema\/logo\/image\/","url":"http:\/\/www.radiohorizonte.fm\/radio\/wp-content\/uploads\/2025\/06\/Portada-FM-Horizonte_modelo-imagen-scaled.jpg","contentUrl":"http:\/\/www.radiohorizonte.fm\/radio\/wp-content\/uploads\/2025\/06\/Portada-FM-Horizonte_modelo-imagen-scaled.jpg","width":2560,"height":1056,"caption":"Horizonte"},"image":{"@id":"http:\/\/www.radiohorizonte.fm\/radio\/#\/schema\/logo\/image\/"},"sameAs":["http:\/\/www.facebook.com\/HORIZONTE106.1","https:\/\/x.com\/fmhorizonte1061"]},{"@type":"Person","@id":"http:\/\/www.radiohorizonte.fm\/radio\/#\/schema\/person\/f8fa003a405bb86729fd87d15d0ddafa","name":"Cristian Galarza","image":{"@type":"ImageObject","inLanguage":"es-AR","@id":"https:\/\/secure.gravatar.com\/avatar\/fad34bc2c773209c05d7d53b08a69b680eeb55f3be014e52b31643d20ab65925?s=96&d=mm&r=g","url":"https:\/\/secure.gravatar.com\/avatar\/fad34bc2c773209c05d7d53b08a69b680eeb55f3be014e52b31643d20ab65925?s=96&d=mm&r=g","contentUrl":"https:\/\/secure.gravatar.com\/avatar\/fad34bc2c773209c05d7d53b08a69b680eeb55f3be014e52b31643d20ab65925?s=96&d=mm&r=g","caption":"Cristian Galarza"},"url":"http:\/\/www.radiohorizonte.fm\/radio\/author\/cristian\/"}]}},"_links":{"self":[{"href":"http:\/\/www.radiohorizonte.fm\/radio\/wp-json\/wp\/v2\/posts\/41979","targetHints":{"allow":["GET"]}}],"collection":[{"href":"http:\/\/www.radiohorizonte.fm\/radio\/wp-json\/wp\/v2\/posts"}],"about":[{"href":"http:\/\/www.radiohorizonte.fm\/radio\/wp-json\/wp\/v2\/types\/post"}],"author":[{"embeddable":true,"href":"http:\/\/www.radiohorizonte.fm\/radio\/wp-json\/wp\/v2\/users\/2"}],"replies":[{"embeddable":true,"href":"http:\/\/www.radiohorizonte.fm\/radio\/wp-json\/wp\/v2\/comments?post=41979"}],"version-history":[{"count":1,"href":"http:\/\/www.radiohorizonte.fm\/radio\/wp-json\/wp\/v2\/posts\/41979\/revisions"}],"predecessor-version":[{"id":41980,"href":"http:\/\/www.radiohorizonte.fm\/radio\/wp-json\/wp\/v2\/posts\/41979\/revisions\/41980"}],"wp:featuredmedia":[{"embeddable":true,"href":"http:\/\/www.radiohorizonte.fm\/radio\/wp-json\/wp\/v2\/media\/27366"}],"wp:attachment":[{"href":"http:\/\/www.radiohorizonte.fm\/radio\/wp-json\/wp\/v2\/media?parent=41979"}],"wp:term":[{"taxonomy":"category","embeddable":true,"href":"http:\/\/www.radiohorizonte.fm\/radio\/wp-json\/wp\/v2\/categories?post=41979"},{"taxonomy":"post_tag","embeddable":true,"href":"http:\/\/www.radiohorizonte.fm\/radio\/wp-json\/wp\/v2\/tags?post=41979"}],"curies":[{"name":"wp","href":"https:\/\/api.w.org\/{rel}","templated":true}]}}