{"id":41987,"date":"2023-09-12T07:50:14","date_gmt":"2023-09-12T10:50:14","guid":{"rendered":"http:\/\/www.radiohorizonte.fm\/radio\/?p=41987"},"modified":"2023-09-12T07:50:14","modified_gmt":"2023-09-12T10:50:14","slug":"nueva-veda-extraordinaria-de-pesca-en-el-parana","status":"publish","type":"post","link":"http:\/\/www.radiohorizonte.fm\/radio\/2023\/09\/12\/nueva-veda-extraordinaria-de-pesca-en-el-parana\/","title":{"rendered":"Nueva veda extraordinaria de pesca en el Paran\u00e1"},"content":{"rendered":"<p>La Direcci\u00f3n de Recursos Naturales de Corrientes inform\u00f3 este lunes que se estableci\u00f3 una \u00a0veda pesquera extraordinaria.<\/p>\n<p><img loading=\"lazy\" decoding=\"async\" class=\"alignnone size-full wp-image-26682\" src=\"http:\/\/www.radiohorizonte.fm\/radio\/wp-content\/uploads\/2020\/02\/pesca.jpg\" alt=\"\" width=\"997\" height=\"674\" srcset=\"http:\/\/www.radiohorizonte.fm\/radio\/wp-content\/uploads\/2020\/02\/pesca.jpg 997w, http:\/\/www.radiohorizonte.fm\/radio\/wp-content\/uploads\/2020\/02\/pesca-300x203.jpg 300w, http:\/\/www.radiohorizonte.fm\/radio\/wp-content\/uploads\/2020\/02\/pesca-768x519.jpg 768w, http:\/\/www.radiohorizonte.fm\/radio\/wp-content\/uploads\/2020\/02\/pesca-65x44.jpg 65w, http:\/\/www.radiohorizonte.fm\/radio\/wp-content\/uploads\/2020\/02\/pesca-296x200.jpg 296w, http:\/\/www.radiohorizonte.fm\/radio\/wp-content\/uploads\/2020\/02\/pesca-85x57.jpg 85w, http:\/\/www.radiohorizonte.fm\/radio\/wp-content\/uploads\/2020\/02\/pesca-185x125.jpg 185w, http:\/\/www.radiohorizonte.fm\/radio\/wp-content\/uploads\/2020\/02\/pesca-90x61.jpg 90w\" sizes=\"auto, (max-width: 997px) 100vw, 997px\" \/><\/p>\n<p>Seg\u00fan la Disposici\u00f3n 989, \u00abest\u00e1 \u00a0prohibida toda modalidad de pesca sobre el cauce del r\u00edo Paran\u00e1 \u00a0entre los kil\u00f3metros comprendidos entre 1238 al 1232 ambos inclusive, zona comprendida entre Caba\u00f1a Don Juli\u00e1n (en una l\u00ednea imaginaria con el destacamento de Prefectura Naval Argentina en Isla del Cerrito) y Punta Santa Ana\u00bb.<\/p>\n<div class=\"9EcEWPtS\"><\/div>\n<p>&nbsp;<\/p>\n<p>El documento indica que esta medida \u00a0\u00abtendr\u00e1 vigencia desde la hora 00 del d\u00eda 12\/09\/2023 y hasta el dictado de un nuevo acto administrativo dejando sin efecto el presente\u00bb.<\/p>\n<p>&nbsp;<\/p>\n<p>Adem\u00e1s se\u00f1alaron que la veda tiene como finalidad \u00abla protecci\u00f3n de los recursos, medida que deber\u00e1 contar el compromiso y responsabilidad de los usuarios del recurso; a quienes se insta a dar cumplimiento con la presente medida y denunciar el incumplimiento de la misma a los canales oficiales de la Direcci\u00f3n recursosnaturalescorrientes@hotmail.com\u00a0o celular 0379-154341357\u00bb.<\/p>\n","protected":false},"excerpt":{"rendered":"<div class=\"post-excerpt\"><p>La Direcci\u00f3n de Recursos Naturales de Corrientes inform\u00f3 este lunes que se estableci\u00f3 una \u00a0veda pesquera extraordinaria. Seg\u00fan la Disposici\u00f3n 989, \u00abest\u00e1 \u00a0prohibida toda modalidad de pesca sobre el cauce del r\u00edo Paran\u00e1 \u00a0entre los kil\u00f3metros comprendidos entre 1238 al 1232 ambos inclusive, zona comprendida entre Caba\u00f1a Don Juli\u00e1n (en una l\u00ednea imaginaria con el<\/p>\n<\/div>","protected":false},"author":2,"featured_media":26682,"comment_status":"closed","ping_status":"closed","sticky":false,"template":"","format":"standard","meta":{"_acf_changed":false,"footnotes":""},"categories":[2],"tags":[],"class_list":["post-41987","post","type-post","status-publish","format-standard","has-post-thumbnail","hentry","category-noticias"],"acf":[],"yoast_head":"<!-- This site is optimized with the Yoast SEO plugin v28.1 - https:\/\/yoast.com\/product\/yoast-seo-wordpress\/ -->\n<title>Nueva veda extraordinaria de pesca en el Paran\u00e1 - Horizonte<\/title>\n<meta name=\"robots\" content=\"index, follow, max-snippet:-1, max-image-preview:large, max-video-preview:-1\" \/>\n<link rel=\"canonical\" href=\"http:\/\/www.radiohorizonte.fm\/radio\/2023\/09\/12\/nueva-veda-extraordinaria-de-pesca-en-el-parana\/\" \/>\n<meta property=\"og:locale\" content=\"es_ES\" \/>\n<meta property=\"og:type\" content=\"article\" \/>\n<meta property=\"og:title\" content=\"Nueva veda extraordinaria de pesca en el Paran\u00e1 - Horizonte\" \/>\n<meta property=\"og:description\" content=\"La Direcci\u00f3n de Recursos Naturales de Corrientes inform\u00f3 este lunes que se estableci\u00f3 una \u00a0veda pesquera extraordinaria. Seg\u00fan la Disposici\u00f3n 989, \u00abest\u00e1 \u00a0prohibida toda modalidad de pesca sobre el cauce del r\u00edo Paran\u00e1 \u00a0entre los kil\u00f3metros comprendidos entre 1238 al 1232 ambos inclusive, zona comprendida entre Caba\u00f1a Don Juli\u00e1n (en una l\u00ednea imaginaria con el\" \/>\n<meta property=\"og:url\" content=\"http:\/\/www.radiohorizonte.fm\/radio\/2023\/09\/12\/nueva-veda-extraordinaria-de-pesca-en-el-parana\/\" \/>\n<meta property=\"og:site_name\" content=\"Horizonte\" \/>\n<meta property=\"article:publisher\" content=\"http:\/\/www.facebook.com\/HORIZONTE106.1\" \/>\n<meta property=\"article:published_time\" content=\"2023-09-12T10:50:14+00:00\" \/>\n<meta property=\"og:image\" content=\"http:\/\/www.radiohorizonte.fm\/radio\/wp-content\/uploads\/2020\/02\/pesca.jpg\" \/>\n\t<meta property=\"og:image:width\" content=\"997\" \/>\n\t<meta property=\"og:image:height\" content=\"674\" \/>\n\t<meta property=\"og:image:type\" content=\"image\/jpeg\" \/>\n<meta name=\"author\" content=\"Cristian Galarza\" \/>\n<meta name=\"twitter:card\" content=\"summary_large_image\" \/>\n<meta name=\"twitter:creator\" content=\"@fmhorizonte1061\" \/>\n<meta name=\"twitter:site\" content=\"@fmhorizonte1061\" \/>\n<meta name=\"twitter:label1\" content=\"Escrito por\" \/>\n\t<meta name=\"twitter:data1\" content=\"Cristian Galarza\" \/>\n\t<meta name=\"twitter:label2\" content=\"Tiempo de lectura\" \/>\n\t<meta name=\"twitter:data2\" content=\"1 minuto\" \/>\n<script type=\"application\/ld+json\" class=\"yoast-schema-graph\">{\"@context\":\"https:\\\/\\\/schema.org\",\"@graph\":[{\"@type\":\"Article\",\"@id\":\"http:\\\/\\\/www.radiohorizonte.fm\\\/radio\\\/2023\\\/09\\\/12\\\/nueva-veda-extraordinaria-de-pesca-en-el-parana\\\/#article\",\"isPartOf\":{\"@id\":\"http:\\\/\\\/www.radiohorizonte.fm\\\/radio\\\/2023\\\/09\\\/12\\\/nueva-veda-extraordinaria-de-pesca-en-el-parana\\\/\"},\"author\":{\"name\":\"Cristian Galarza\",\"@id\":\"http:\\\/\\\/www.radiohorizonte.fm\\\/radio\\\/#\\\/schema\\\/person\\\/f8fa003a405bb86729fd87d15d0ddafa\"},\"headline\":\"Nueva veda extraordinaria de pesca en el Paran\u00e1\",\"datePublished\":\"2023-09-12T10:50:14+00:00\",\"mainEntityOfPage\":{\"@id\":\"http:\\\/\\\/www.radiohorizonte.fm\\\/radio\\\/2023\\\/09\\\/12\\\/nueva-veda-extraordinaria-de-pesca-en-el-parana\\\/\"},\"wordCount\":172,\"publisher\":{\"@id\":\"http:\\\/\\\/www.radiohorizonte.fm\\\/radio\\\/#organization\"},\"image\":{\"@id\":\"http:\\\/\\\/www.radiohorizonte.fm\\\/radio\\\/2023\\\/09\\\/12\\\/nueva-veda-extraordinaria-de-pesca-en-el-parana\\\/#primaryimage\"},\"thumbnailUrl\":\"http:\\\/\\\/www.radiohorizonte.fm\\\/radio\\\/wp-content\\\/uploads\\\/2020\\\/02\\\/pesca.jpg\",\"articleSection\":[\"Noticias\"],\"inLanguage\":\"es-AR\"},{\"@type\":\"WebPage\",\"@id\":\"http:\\\/\\\/www.radiohorizonte.fm\\\/radio\\\/2023\\\/09\\\/12\\\/nueva-veda-extraordinaria-de-pesca-en-el-parana\\\/\",\"url\":\"http:\\\/\\\/www.radiohorizonte.fm\\\/radio\\\/2023\\\/09\\\/12\\\/nueva-veda-extraordinaria-de-pesca-en-el-parana\\\/\",\"name\":\"Nueva veda extraordinaria de pesca en el Paran\u00e1 - Horizonte\",\"isPartOf\":{\"@id\":\"http:\\\/\\\/www.radiohorizonte.fm\\\/radio\\\/#website\"},\"primaryImageOfPage\":{\"@id\":\"http:\\\/\\\/www.radiohorizonte.fm\\\/radio\\\/2023\\\/09\\\/12\\\/nueva-veda-extraordinaria-de-pesca-en-el-parana\\\/#primaryimage\"},\"image\":{\"@id\":\"http:\\\/\\\/www.radiohorizonte.fm\\\/radio\\\/2023\\\/09\\\/12\\\/nueva-veda-extraordinaria-de-pesca-en-el-parana\\\/#primaryimage\"},\"thumbnailUrl\":\"http:\\\/\\\/www.radiohorizonte.fm\\\/radio\\\/wp-content\\\/uploads\\\/2020\\\/02\\\/pesca.jpg\",\"datePublished\":\"2023-09-12T10:50:14+00:00\",\"breadcrumb\":{\"@id\":\"http:\\\/\\\/www.radiohorizonte.fm\\\/radio\\\/2023\\\/09\\\/12\\\/nueva-veda-extraordinaria-de-pesca-en-el-parana\\\/#breadcrumb\"},\"inLanguage\":\"es-AR\",\"potentialAction\":[{\"@type\":\"ReadAction\",\"target\":[\"http:\\\/\\\/www.radiohorizonte.fm\\\/radio\\\/2023\\\/09\\\/12\\\/nueva-veda-extraordinaria-de-pesca-en-el-parana\\\/\"]}]},{\"@type\":\"ImageObject\",\"inLanguage\":\"es-AR\",\"@id\":\"http:\\\/\\\/www.radiohorizonte.fm\\\/radio\\\/2023\\\/09\\\/12\\\/nueva-veda-extraordinaria-de-pesca-en-el-parana\\\/#primaryimage\",\"url\":\"http:\\\/\\\/www.radiohorizonte.fm\\\/radio\\\/wp-content\\\/uploads\\\/2020\\\/02\\\/pesca.jpg\",\"contentUrl\":\"http:\\\/\\\/www.radiohorizonte.fm\\\/radio\\\/wp-content\\\/uploads\\\/2020\\\/02\\\/pesca.jpg\",\"width\":997,\"height\":674},{\"@type\":\"BreadcrumbList\",\"@id\":\"http:\\\/\\\/www.radiohorizonte.fm\\\/radio\\\/2023\\\/09\\\/12\\\/nueva-veda-extraordinaria-de-pesca-en-el-parana\\\/#breadcrumb\",\"itemListElement\":[{\"@type\":\"ListItem\",\"position\":1,\"name\":\"Home\",\"item\":\"http:\\\/\\\/www.radiohorizonte.fm\\\/radio\\\/\"},{\"@type\":\"ListItem\",\"position\":2,\"name\":\"Nueva veda extraordinaria de pesca en el Paran\u00e1\"}]},{\"@type\":\"WebSite\",\"@id\":\"http:\\\/\\\/www.radiohorizonte.fm\\\/radio\\\/#website\",\"url\":\"http:\\\/\\\/www.radiohorizonte.fm\\\/radio\\\/\",\"name\":\"Horizonte\",\"description\":\"Radio Horizonte 106.1 - Una radio de clasicos\",\"publisher\":{\"@id\":\"http:\\\/\\\/www.radiohorizonte.fm\\\/radio\\\/#organization\"},\"potentialAction\":[{\"@type\":\"SearchAction\",\"target\":{\"@type\":\"EntryPoint\",\"urlTemplate\":\"http:\\\/\\\/www.radiohorizonte.fm\\\/radio\\\/?s={search_term_string}\"},\"query-input\":{\"@type\":\"PropertyValueSpecification\",\"valueRequired\":true,\"valueName\":\"search_term_string\"}}],\"inLanguage\":\"es-AR\"},{\"@type\":\"Organization\",\"@id\":\"http:\\\/\\\/www.radiohorizonte.fm\\\/radio\\\/#organization\",\"name\":\"Horizonte\",\"url\":\"http:\\\/\\\/www.radiohorizonte.fm\\\/radio\\\/\",\"logo\":{\"@type\":\"ImageObject\",\"inLanguage\":\"es-AR\",\"@id\":\"http:\\\/\\\/www.radiohorizonte.fm\\\/radio\\\/#\\\/schema\\\/logo\\\/image\\\/\",\"url\":\"http:\\\/\\\/www.radiohorizonte.fm\\\/radio\\\/wp-content\\\/uploads\\\/2025\\\/06\\\/Portada-FM-Horizonte_modelo-imagen-scaled.jpg\",\"contentUrl\":\"http:\\\/\\\/www.radiohorizonte.fm\\\/radio\\\/wp-content\\\/uploads\\\/2025\\\/06\\\/Portada-FM-Horizonte_modelo-imagen-scaled.jpg\",\"width\":2560,\"height\":1056,\"caption\":\"Horizonte\"},\"image\":{\"@id\":\"http:\\\/\\\/www.radiohorizonte.fm\\\/radio\\\/#\\\/schema\\\/logo\\\/image\\\/\"},\"sameAs\":[\"http:\\\/\\\/www.facebook.com\\\/HORIZONTE106.1\",\"https:\\\/\\\/x.com\\\/fmhorizonte1061\"]},{\"@type\":\"Person\",\"@id\":\"http:\\\/\\\/www.radiohorizonte.fm\\\/radio\\\/#\\\/schema\\\/person\\\/f8fa003a405bb86729fd87d15d0ddafa\",\"name\":\"Cristian Galarza\",\"image\":{\"@type\":\"ImageObject\",\"inLanguage\":\"es-AR\",\"@id\":\"https:\\\/\\\/secure.gravatar.com\\\/avatar\\\/fad34bc2c773209c05d7d53b08a69b680eeb55f3be014e52b31643d20ab65925?s=96&d=mm&r=g\",\"url\":\"https:\\\/\\\/secure.gravatar.com\\\/avatar\\\/fad34bc2c773209c05d7d53b08a69b680eeb55f3be014e52b31643d20ab65925?s=96&d=mm&r=g\",\"contentUrl\":\"https:\\\/\\\/secure.gravatar.com\\\/avatar\\\/fad34bc2c773209c05d7d53b08a69b680eeb55f3be014e52b31643d20ab65925?s=96&d=mm&r=g\",\"caption\":\"Cristian Galarza\"},\"url\":\"http:\\\/\\\/www.radiohorizonte.fm\\\/radio\\\/author\\\/cristian\\\/\"}]}<\/script>\n<!-- \/ Yoast SEO plugin. -->","yoast_head_json":{"title":"Nueva veda extraordinaria de pesca en el Paran\u00e1 - Horizonte","robots":{"index":"index","follow":"follow","max-snippet":"max-snippet:-1","max-image-preview":"max-image-preview:large","max-video-preview":"max-video-preview:-1"},"canonical":"http:\/\/www.radiohorizonte.fm\/radio\/2023\/09\/12\/nueva-veda-extraordinaria-de-pesca-en-el-parana\/","og_locale":"es_ES","og_type":"article","og_title":"Nueva veda extraordinaria de pesca en el Paran\u00e1 - Horizonte","og_description":"La Direcci\u00f3n de Recursos Naturales de Corrientes inform\u00f3 este lunes que se estableci\u00f3 una \u00a0veda pesquera extraordinaria. Seg\u00fan la Disposici\u00f3n 989, \u00abest\u00e1 \u00a0prohibida toda modalidad de pesca sobre el cauce del r\u00edo Paran\u00e1 \u00a0entre los kil\u00f3metros comprendidos entre 1238 al 1232 ambos inclusive, zona comprendida entre Caba\u00f1a Don Juli\u00e1n (en una l\u00ednea imaginaria con el","og_url":"http:\/\/www.radiohorizonte.fm\/radio\/2023\/09\/12\/nueva-veda-extraordinaria-de-pesca-en-el-parana\/","og_site_name":"Horizonte","article_publisher":"http:\/\/www.facebook.com\/HORIZONTE106.1","article_published_time":"2023-09-12T10:50:14+00:00","og_image":[{"width":997,"height":674,"url":"http:\/\/www.radiohorizonte.fm\/radio\/wp-content\/uploads\/2020\/02\/pesca.jpg","type":"image\/jpeg"}],"author":"Cristian Galarza","twitter_card":"summary_large_image","twitter_creator":"@fmhorizonte1061","twitter_site":"@fmhorizonte1061","twitter_misc":{"Escrito por":"Cristian Galarza","Tiempo de lectura":"1 minuto"},"schema":{"@context":"https:\/\/schema.org","@graph":[{"@type":"Article","@id":"http:\/\/www.radiohorizonte.fm\/radio\/2023\/09\/12\/nueva-veda-extraordinaria-de-pesca-en-el-parana\/#article","isPartOf":{"@id":"http:\/\/www.radiohorizonte.fm\/radio\/2023\/09\/12\/nueva-veda-extraordinaria-de-pesca-en-el-parana\/"},"author":{"name":"Cristian Galarza","@id":"http:\/\/www.radiohorizonte.fm\/radio\/#\/schema\/person\/f8fa003a405bb86729fd87d15d0ddafa"},"headline":"Nueva veda extraordinaria de pesca en el Paran\u00e1","datePublished":"2023-09-12T10:50:14+00:00","mainEntityOfPage":{"@id":"http:\/\/www.radiohorizonte.fm\/radio\/2023\/09\/12\/nueva-veda-extraordinaria-de-pesca-en-el-parana\/"},"wordCount":172,"publisher":{"@id":"http:\/\/www.radiohorizonte.fm\/radio\/#organization"},"image":{"@id":"http:\/\/www.radiohorizonte.fm\/radio\/2023\/09\/12\/nueva-veda-extraordinaria-de-pesca-en-el-parana\/#primaryimage"},"thumbnailUrl":"http:\/\/www.radiohorizonte.fm\/radio\/wp-content\/uploads\/2020\/02\/pesca.jpg","articleSection":["Noticias"],"inLanguage":"es-AR"},{"@type":"WebPage","@id":"http:\/\/www.radiohorizonte.fm\/radio\/2023\/09\/12\/nueva-veda-extraordinaria-de-pesca-en-el-parana\/","url":"http:\/\/www.radiohorizonte.fm\/radio\/2023\/09\/12\/nueva-veda-extraordinaria-de-pesca-en-el-parana\/","name":"Nueva veda extraordinaria de pesca en el Paran\u00e1 - Horizonte","isPartOf":{"@id":"http:\/\/www.radiohorizonte.fm\/radio\/#website"},"primaryImageOfPage":{"@id":"http:\/\/www.radiohorizonte.fm\/radio\/2023\/09\/12\/nueva-veda-extraordinaria-de-pesca-en-el-parana\/#primaryimage"},"image":{"@id":"http:\/\/www.radiohorizonte.fm\/radio\/2023\/09\/12\/nueva-veda-extraordinaria-de-pesca-en-el-parana\/#primaryimage"},"thumbnailUrl":"http:\/\/www.radiohorizonte.fm\/radio\/wp-content\/uploads\/2020\/02\/pesca.jpg","datePublished":"2023-09-12T10:50:14+00:00","breadcrumb":{"@id":"http:\/\/www.radiohorizonte.fm\/radio\/2023\/09\/12\/nueva-veda-extraordinaria-de-pesca-en-el-parana\/#breadcrumb"},"inLanguage":"es-AR","potentialAction":[{"@type":"ReadAction","target":["http:\/\/www.radiohorizonte.fm\/radio\/2023\/09\/12\/nueva-veda-extraordinaria-de-pesca-en-el-parana\/"]}]},{"@type":"ImageObject","inLanguage":"es-AR","@id":"http:\/\/www.radiohorizonte.fm\/radio\/2023\/09\/12\/nueva-veda-extraordinaria-de-pesca-en-el-parana\/#primaryimage","url":"http:\/\/www.radiohorizonte.fm\/radio\/wp-content\/uploads\/2020\/02\/pesca.jpg","contentUrl":"http:\/\/www.radiohorizonte.fm\/radio\/wp-content\/uploads\/2020\/02\/pesca.jpg","width":997,"height":674},{"@type":"BreadcrumbList","@id":"http:\/\/www.radiohorizonte.fm\/radio\/2023\/09\/12\/nueva-veda-extraordinaria-de-pesca-en-el-parana\/#breadcrumb","itemListElement":[{"@type":"ListItem","position":1,"name":"Home","item":"http:\/\/www.radiohorizonte.fm\/radio\/"},{"@type":"ListItem","position":2,"name":"Nueva veda extraordinaria de pesca en el Paran\u00e1"}]},{"@type":"WebSite","@id":"http:\/\/www.radiohorizonte.fm\/radio\/#website","url":"http:\/\/www.radiohorizonte.fm\/radio\/","name":"Horizonte","description":"Radio Horizonte 106.1 - Una radio de clasicos","publisher":{"@id":"http:\/\/www.radiohorizonte.fm\/radio\/#organization"},"potentialAction":[{"@type":"SearchAction","target":{"@type":"EntryPoint","urlTemplate":"http:\/\/www.radiohorizonte.fm\/radio\/?s={search_term_string}"},"query-input":{"@type":"PropertyValueSpecification","valueRequired":true,"valueName":"search_term_string"}}],"inLanguage":"es-AR"},{"@type":"Organization","@id":"http:\/\/www.radiohorizonte.fm\/radio\/#organization","name":"Horizonte","url":"http:\/\/www.radiohorizonte.fm\/radio\/","logo":{"@type":"ImageObject","inLanguage":"es-AR","@id":"http:\/\/www.radiohorizonte.fm\/radio\/#\/schema\/logo\/image\/","url":"http:\/\/www.radiohorizonte.fm\/radio\/wp-content\/uploads\/2025\/06\/Portada-FM-Horizonte_modelo-imagen-scaled.jpg","contentUrl":"http:\/\/www.radiohorizonte.fm\/radio\/wp-content\/uploads\/2025\/06\/Portada-FM-Horizonte_modelo-imagen-scaled.jpg","width":2560,"height":1056,"caption":"Horizonte"},"image":{"@id":"http:\/\/www.radiohorizonte.fm\/radio\/#\/schema\/logo\/image\/"},"sameAs":["http:\/\/www.facebook.com\/HORIZONTE106.1","https:\/\/x.com\/fmhorizonte1061"]},{"@type":"Person","@id":"http:\/\/www.radiohorizonte.fm\/radio\/#\/schema\/person\/f8fa003a405bb86729fd87d15d0ddafa","name":"Cristian Galarza","image":{"@type":"ImageObject","inLanguage":"es-AR","@id":"https:\/\/secure.gravatar.com\/avatar\/fad34bc2c773209c05d7d53b08a69b680eeb55f3be014e52b31643d20ab65925?s=96&d=mm&r=g","url":"https:\/\/secure.gravatar.com\/avatar\/fad34bc2c773209c05d7d53b08a69b680eeb55f3be014e52b31643d20ab65925?s=96&d=mm&r=g","contentUrl":"https:\/\/secure.gravatar.com\/avatar\/fad34bc2c773209c05d7d53b08a69b680eeb55f3be014e52b31643d20ab65925?s=96&d=mm&r=g","caption":"Cristian Galarza"},"url":"http:\/\/www.radiohorizonte.fm\/radio\/author\/cristian\/"}]}},"_links":{"self":[{"href":"http:\/\/www.radiohorizonte.fm\/radio\/wp-json\/wp\/v2\/posts\/41987","targetHints":{"allow":["GET"]}}],"collection":[{"href":"http:\/\/www.radiohorizonte.fm\/radio\/wp-json\/wp\/v2\/posts"}],"about":[{"href":"http:\/\/www.radiohorizonte.fm\/radio\/wp-json\/wp\/v2\/types\/post"}],"author":[{"embeddable":true,"href":"http:\/\/www.radiohorizonte.fm\/radio\/wp-json\/wp\/v2\/users\/2"}],"replies":[{"embeddable":true,"href":"http:\/\/www.radiohorizonte.fm\/radio\/wp-json\/wp\/v2\/comments?post=41987"}],"version-history":[{"count":1,"href":"http:\/\/www.radiohorizonte.fm\/radio\/wp-json\/wp\/v2\/posts\/41987\/revisions"}],"predecessor-version":[{"id":41988,"href":"http:\/\/www.radiohorizonte.fm\/radio\/wp-json\/wp\/v2\/posts\/41987\/revisions\/41988"}],"wp:featuredmedia":[{"embeddable":true,"href":"http:\/\/www.radiohorizonte.fm\/radio\/wp-json\/wp\/v2\/media\/26682"}],"wp:attachment":[{"href":"http:\/\/www.radiohorizonte.fm\/radio\/wp-json\/wp\/v2\/media?parent=41987"}],"wp:term":[{"taxonomy":"category","embeddable":true,"href":"http:\/\/www.radiohorizonte.fm\/radio\/wp-json\/wp\/v2\/categories?post=41987"},{"taxonomy":"post_tag","embeddable":true,"href":"http:\/\/www.radiohorizonte.fm\/radio\/wp-json\/wp\/v2\/tags?post=41987"}],"curies":[{"name":"wp","href":"https:\/\/api.w.org\/{rel}","templated":true}]}}