{"id":42003,"date":"2023-09-13T12:02:58","date_gmt":"2023-09-13T15:02:58","guid":{"rendered":"http:\/\/www.radiohorizonte.fm\/radio\/?p=42003"},"modified":"2023-09-13T12:02:58","modified_gmt":"2023-09-13T15:02:58","slug":"vuelven-los-piojos-el-guino-de-ciro-martinez-en-pleno-show-en-velez","status":"publish","type":"post","link":"http:\/\/www.radiohorizonte.fm\/radio\/2023\/09\/13\/vuelven-los-piojos-el-guino-de-ciro-martinez-en-pleno-show-en-velez\/","title":{"rendered":"\u00bfVuelven Los Piojos? El gui\u00f1o de Ciro Mart\u00ednez en pleno show en V\u00e9lez"},"content":{"rendered":"<div class=\"entry-top galleryDesktop\">\n<div class=\"title\">\n<p>Andr\u00e9s Ciro Mart\u00ednez protagoniz\u00f3 un momento en medio de su recital en V\u00e9lez que despert\u00f3 un sinf\u00edn de reacciones entre los fan\u00e1ticos.<\/p>\n<p><img loading=\"lazy\" decoding=\"async\" class=\"alignnone size-full wp-image-42004\" src=\"http:\/\/www.radiohorizonte.fm\/radio\/wp-content\/uploads\/2023\/09\/web-CIRO-EN-VELEZ-4-Gentileza-Flow.jpg\" alt=\"\" width=\"1200\" height=\"800\" srcset=\"http:\/\/www.radiohorizonte.fm\/radio\/wp-content\/uploads\/2023\/09\/web-CIRO-EN-VELEZ-4-Gentileza-Flow.jpg 1200w, http:\/\/www.radiohorizonte.fm\/radio\/wp-content\/uploads\/2023\/09\/web-CIRO-EN-VELEZ-4-Gentileza-Flow-300x200.jpg 300w, http:\/\/www.radiohorizonte.fm\/radio\/wp-content\/uploads\/2023\/09\/web-CIRO-EN-VELEZ-4-Gentileza-Flow-768x512.jpg 768w, http:\/\/www.radiohorizonte.fm\/radio\/wp-content\/uploads\/2023\/09\/web-CIRO-EN-VELEZ-4-Gentileza-Flow-1024x683.jpg 1024w, http:\/\/www.radiohorizonte.fm\/radio\/wp-content\/uploads\/2023\/09\/web-CIRO-EN-VELEZ-4-Gentileza-Flow-65x43.jpg 65w, http:\/\/www.radiohorizonte.fm\/radio\/wp-content\/uploads\/2023\/09\/web-CIRO-EN-VELEZ-4-Gentileza-Flow-85x57.jpg 85w, http:\/\/www.radiohorizonte.fm\/radio\/wp-content\/uploads\/2023\/09\/web-CIRO-EN-VELEZ-4-Gentileza-Flow-188x125.jpg 188w, http:\/\/www.radiohorizonte.fm\/radio\/wp-content\/uploads\/2023\/09\/web-CIRO-EN-VELEZ-4-Gentileza-Flow-90x60.jpg 90w\" sizes=\"auto, (max-width: 1200px) 100vw, 1200px\" \/><\/p>\n<\/div>\n<\/div>\n<div class=\"entry-gallery\" data-path=\"\/contenidos\/2023\/09\/12\/noticia_0023.html\" data-galleryinfinite=\"\" data-gallerythumb=\"\" data-thumbclick=\".swiper-slide img\">\u00a0Andr\u00e9s Ciro Mart\u00ednez\u00a0es uno de los artistas m\u00e1s influyentes del\u00a0rock nacional\u00a0tras haber sido el l\u00edder de\u00a0Los Piojos\u00a0desde el a\u00f1o 1988 hasta el 2009, cuando se separaron.\u00a0En medio del\u00a0recital\u00a0de\u00a0Ciro y Los Persas\u00a0en\u00a0V\u00e9lez\u00a0el s\u00e1bado 9 de septiembre por la noche, el cantante enloqueci\u00f3 al p\u00fablico por haber\u00a0hecho un gui\u00f1o a una posible vuelta de la ic\u00f3nica banda argentina.<\/div>\n<div data-path=\"\/contenidos\/2023\/09\/12\/noticia_0023.html\" data-galleryinfinite=\"\" data-gallerythumb=\"\" data-thumbclick=\".swiper-slide img\"><\/div>\n<div data-path=\"\/contenidos\/2023\/09\/12\/noticia_0023.html\" data-galleryinfinite=\"\" data-gallerythumb=\"\" data-thumbclick=\".swiper-slide img\">\n<p>En el recital que brind\u00f3 Ciro y Los Persas en el Estadio Jos\u00e9 Amalfitani de V\u00e9lez Sarsfield, se vivi\u00f3 un momento sumamente conmovedor cuando Ciro Mart\u00ednez les habl\u00f3 a su p\u00fablico para comunicar una noticia.\u00a0&#8220;Vamos a recibir con un gran aplauso a un viejo compa\u00f1ero de aventuras, un viejo amigo para hacer un himno que una vez compuso&#8221;, expres\u00f3 antes de anunciarlo.<\/p>\n<div>\n<div id=\"twitter-84\" class=\"ck-twitter\">\n<div class=\"twitter-tweet twitter-tweet-rendered\"><iframe loading=\"lazy\" id=\"twitter-widget-0\" class=\"\" title=\"Twitter Tweet\" src=\"https:\/\/platform.twitter.com\/embed\/Tweet.html?creatorScreenName=diariodecuyoweb&amp;dnt=false&amp;embedId=twitter-widget-0&amp;features=eyJ0ZndfdGltZWxpbmVfbGlzdCI6eyJidWNrZXQiOltdLCJ2ZXJzaW9uIjpudWxsfSwidGZ3X2ZvbGxvd2VyX2NvdW50X3N1bnNldCI6eyJidWNrZXQiOnRydWUsInZlcnNpb24iOm51bGx9LCJ0ZndfdHdlZXRfZWRpdF9iYWNrZW5kIjp7ImJ1Y2tldCI6Im9uIiwidmVyc2lvbiI6bnVsbH0sInRmd19yZWZzcmNfc2Vzc2lvbiI6eyJidWNrZXQiOiJvbiIsInZlcnNpb24iOm51bGx9LCJ0ZndfZm9zbnJfc29mdF9pbnRlcnZlbnRpb25zX2VuYWJsZWQiOnsiYnVja2V0Ijoib24iLCJ2ZXJzaW9uIjpudWxsfSwidGZ3X21peGVkX21lZGlhXzE1ODk3Ijp7ImJ1Y2tldCI6InRyZWF0bWVudCIsInZlcnNpb24iOm51bGx9LCJ0ZndfZXhwZXJpbWVudHNfY29va2llX2V4cGlyYXRpb24iOnsiYnVja2V0IjoxMjA5NjAwLCJ2ZXJzaW9uIjpudWxsfSwidGZ3X3Nob3dfYmlyZHdhdGNoX3Bpdm90c19lbmFibGVkIjp7ImJ1Y2tldCI6Im9uIiwidmVyc2lvbiI6bnVsbH0sInRmd19kdXBsaWNhdGVfc2NyaWJlc190b19zZXR0aW5ncyI6eyJidWNrZXQiOiJvbiIsInZlcnNpb24iOm51bGx9LCJ0ZndfdXNlX3Byb2ZpbGVfaW1hZ2Vfc2hhcGVfZW5hYmxlZCI6eyJidWNrZXQiOiJvbiIsInZlcnNpb24iOm51bGx9LCJ0ZndfdmlkZW9faGxzX2R5bmFtaWNfbWFuaWZlc3RzXzE1MDgyIjp7ImJ1Y2tldCI6InRydWVfYml0cmF0ZSIsInZlcnNpb24iOm51bGx9LCJ0ZndfbGVnYWN5X3RpbWVsaW5lX3N1bnNldCI6eyJidWNrZXQiOnRydWUsInZlcnNpb24iOm51bGx9LCJ0ZndfdHdlZXRfZWRpdF9mcm9udGVuZCI6eyJidWNrZXQiOiJvbiIsInZlcnNpb24iOm51bGx9fQ%3D%3D&amp;frame=false&amp;hideCard=false&amp;hideThread=false&amp;id=1700716158570152257&amp;lang=en&amp;origin=https%3A%2F%2Fwww.diariodecuyo.com.ar%2Fespectaculos%2FVuelven-Los-Piojos-El-guino-de-Ciro-Martinez-en-pleno-show-en-Velez-20230912-0023.html&amp;sessionId=8a2c10a257e1481414f46aeae18238145e85083c&amp;siteScreenName=diariodecuyoweb&amp;theme=light&amp;widgetsVersion=aaf4084522e3a%3A1674595607486&amp;width=550px\" width=\"300\" height=\"150\" frameborder=\"0\" scrolling=\"no\" allowfullscreen=\"allowfullscreen\" data-gtm-yt-inspected-6=\"true\" data-tweet-id=\"1700716158570152257\"><\/iframe><\/div>\n<\/div>\n<\/div>\n<p>Se trata de la presencia de nada menos que Daniel &#8220;Piti&#8221; Fern\u00e1ndez, exguitarrista de Los Piojos y actual l\u00edder de La Franela. Inmediatamente la gente comenz\u00f3 a gritar de la locura, m\u00e1s teniendo en cuenta que hac\u00eda 15 a\u00f1os que Ciro y &#8220;Piti&#8221; no compart\u00edan escenario, desde la disoluci\u00f3n de la banda que supo tener a Gustavo &#8220;Tavo&#8221; Kupinski como guitarrista, fallecido en 2011 por un accidente de tr\u00e1nsito.<\/p>\n<p>Ciro y &#8220;Piti&#8221; tocaron la canci\u00f3n\u00a0Bicho de ciudad\u00a0compuesta por el guitarrista e hicieron corear a todo el estadio. Ambos se fundieron en un abrazo extenso de varios segundos, l\u00f3gicamente dada la historia que tienen ambos en el mundo de la m\u00fasica.\u00a0Por el fervor que gener\u00f3 este reencuentro, en las redes sociales se despertaron un mont\u00f3n de especulaciones con una posible vuelta de Los Piojos.<\/p>\n<div id=\"lx_699789\" class=\"__lxG__multi __lxG__multi_lx_699789 __lxG__geo_ar __lxG__size_fixed __lxG__loading_block\" data-cnt=\"2\" data-original-id=\"702862\" data-base-original-id=\"635082\" data-width=\"728\" data-height=\"90\"><\/div>\n<\/div>\n","protected":false},"excerpt":{"rendered":"<div class=\"post-excerpt\"><p>Andr\u00e9s Ciro Mart\u00ednez protagoniz\u00f3 un momento en medio de su recital en V\u00e9lez que despert\u00f3 un sinf\u00edn de reacciones entre los fan\u00e1ticos. \u00a0Andr\u00e9s Ciro Mart\u00ednez\u00a0es uno de los artistas m\u00e1s influyentes del\u00a0rock nacional\u00a0tras haber sido el l\u00edder de\u00a0Los Piojos\u00a0desde el a\u00f1o 1988 hasta el 2009, cuando se separaron.\u00a0En medio del\u00a0recital\u00a0de\u00a0Ciro y Los Persas\u00a0en\u00a0V\u00e9lez\u00a0el s\u00e1bado 9<\/p>\n<\/div>","protected":false},"author":2,"featured_media":42004,"comment_status":"closed","ping_status":"closed","sticky":false,"template":"","format":"standard","meta":{"_acf_changed":false,"footnotes":""},"categories":[3],"tags":[],"class_list":["post-42003","post","type-post","status-publish","format-standard","has-post-thumbnail","hentry","category-infomusic"],"acf":[],"yoast_head":"<!-- This site is optimized with the Yoast SEO plugin v28.1 - https:\/\/yoast.com\/product\/yoast-seo-wordpress\/ -->\n<title>\u00bfVuelven Los Piojos? El gui\u00f1o de Ciro Mart\u00ednez en pleno show en V\u00e9lez - Horizonte<\/title>\n<meta name=\"robots\" content=\"index, follow, max-snippet:-1, max-image-preview:large, max-video-preview:-1\" \/>\n<link rel=\"canonical\" href=\"http:\/\/www.radiohorizonte.fm\/radio\/2023\/09\/13\/vuelven-los-piojos-el-guino-de-ciro-martinez-en-pleno-show-en-velez\/\" \/>\n<meta property=\"og:locale\" content=\"es_ES\" \/>\n<meta property=\"og:type\" content=\"article\" \/>\n<meta property=\"og:title\" content=\"\u00bfVuelven Los Piojos? El gui\u00f1o de Ciro Mart\u00ednez en pleno show en V\u00e9lez - Horizonte\" \/>\n<meta property=\"og:description\" content=\"Andr\u00e9s Ciro Mart\u00ednez protagoniz\u00f3 un momento en medio de su recital en V\u00e9lez que despert\u00f3 un sinf\u00edn de reacciones entre los fan\u00e1ticos. \u00a0Andr\u00e9s Ciro Mart\u00ednez\u00a0es uno de los artistas m\u00e1s influyentes del\u00a0rock nacional\u00a0tras haber sido el l\u00edder de\u00a0Los Piojos\u00a0desde el a\u00f1o 1988 hasta el 2009, cuando se separaron.\u00a0En medio del\u00a0recital\u00a0de\u00a0Ciro y Los Persas\u00a0en\u00a0V\u00e9lez\u00a0el s\u00e1bado 9\" \/>\n<meta property=\"og:url\" content=\"http:\/\/www.radiohorizonte.fm\/radio\/2023\/09\/13\/vuelven-los-piojos-el-guino-de-ciro-martinez-en-pleno-show-en-velez\/\" \/>\n<meta property=\"og:site_name\" content=\"Horizonte\" \/>\n<meta property=\"article:publisher\" content=\"http:\/\/www.facebook.com\/HORIZONTE106.1\" \/>\n<meta property=\"article:published_time\" content=\"2023-09-13T15:02:58+00:00\" \/>\n<meta property=\"og:image\" content=\"http:\/\/www.radiohorizonte.fm\/radio\/wp-content\/uploads\/2023\/09\/web-CIRO-EN-VELEZ-4-Gentileza-Flow.jpg\" \/>\n\t<meta property=\"og:image:width\" content=\"1200\" \/>\n\t<meta property=\"og:image:height\" content=\"800\" \/>\n\t<meta property=\"og:image:type\" content=\"image\/jpeg\" \/>\n<meta name=\"author\" content=\"Cristian Galarza\" \/>\n<meta name=\"twitter:card\" content=\"summary_large_image\" \/>\n<meta name=\"twitter:creator\" content=\"@fmhorizonte1061\" \/>\n<meta name=\"twitter:site\" content=\"@fmhorizonte1061\" \/>\n<meta name=\"twitter:label1\" content=\"Escrito por\" \/>\n\t<meta name=\"twitter:data1\" content=\"Cristian Galarza\" \/>\n\t<meta name=\"twitter:label2\" content=\"Tiempo de lectura\" \/>\n\t<meta name=\"twitter:data2\" content=\"2 minutos\" \/>\n<script type=\"application\/ld+json\" class=\"yoast-schema-graph\">{\"@context\":\"https:\\\/\\\/schema.org\",\"@graph\":[{\"@type\":\"Article\",\"@id\":\"http:\\\/\\\/www.radiohorizonte.fm\\\/radio\\\/2023\\\/09\\\/13\\\/vuelven-los-piojos-el-guino-de-ciro-martinez-en-pleno-show-en-velez\\\/#article\",\"isPartOf\":{\"@id\":\"http:\\\/\\\/www.radiohorizonte.fm\\\/radio\\\/2023\\\/09\\\/13\\\/vuelven-los-piojos-el-guino-de-ciro-martinez-en-pleno-show-en-velez\\\/\"},\"author\":{\"name\":\"Cristian Galarza\",\"@id\":\"http:\\\/\\\/www.radiohorizonte.fm\\\/radio\\\/#\\\/schema\\\/person\\\/f8fa003a405bb86729fd87d15d0ddafa\"},\"headline\":\"\u00bfVuelven Los Piojos? El gui\u00f1o de Ciro Mart\u00ednez en pleno show en V\u00e9lez\",\"datePublished\":\"2023-09-13T15:02:58+00:00\",\"mainEntityOfPage\":{\"@id\":\"http:\\\/\\\/www.radiohorizonte.fm\\\/radio\\\/2023\\\/09\\\/13\\\/vuelven-los-piojos-el-guino-de-ciro-martinez-en-pleno-show-en-velez\\\/\"},\"wordCount\":332,\"publisher\":{\"@id\":\"http:\\\/\\\/www.radiohorizonte.fm\\\/radio\\\/#organization\"},\"image\":{\"@id\":\"http:\\\/\\\/www.radiohorizonte.fm\\\/radio\\\/2023\\\/09\\\/13\\\/vuelven-los-piojos-el-guino-de-ciro-martinez-en-pleno-show-en-velez\\\/#primaryimage\"},\"thumbnailUrl\":\"http:\\\/\\\/www.radiohorizonte.fm\\\/radio\\\/wp-content\\\/uploads\\\/2023\\\/09\\\/web-CIRO-EN-VELEZ-4-Gentileza-Flow.jpg\",\"articleSection\":[\"Infomusic\"],\"inLanguage\":\"es-AR\"},{\"@type\":\"WebPage\",\"@id\":\"http:\\\/\\\/www.radiohorizonte.fm\\\/radio\\\/2023\\\/09\\\/13\\\/vuelven-los-piojos-el-guino-de-ciro-martinez-en-pleno-show-en-velez\\\/\",\"url\":\"http:\\\/\\\/www.radiohorizonte.fm\\\/radio\\\/2023\\\/09\\\/13\\\/vuelven-los-piojos-el-guino-de-ciro-martinez-en-pleno-show-en-velez\\\/\",\"name\":\"\u00bfVuelven Los Piojos? El gui\u00f1o de Ciro Mart\u00ednez en pleno show en V\u00e9lez - Horizonte\",\"isPartOf\":{\"@id\":\"http:\\\/\\\/www.radiohorizonte.fm\\\/radio\\\/#website\"},\"primaryImageOfPage\":{\"@id\":\"http:\\\/\\\/www.radiohorizonte.fm\\\/radio\\\/2023\\\/09\\\/13\\\/vuelven-los-piojos-el-guino-de-ciro-martinez-en-pleno-show-en-velez\\\/#primaryimage\"},\"image\":{\"@id\":\"http:\\\/\\\/www.radiohorizonte.fm\\\/radio\\\/2023\\\/09\\\/13\\\/vuelven-los-piojos-el-guino-de-ciro-martinez-en-pleno-show-en-velez\\\/#primaryimage\"},\"thumbnailUrl\":\"http:\\\/\\\/www.radiohorizonte.fm\\\/radio\\\/wp-content\\\/uploads\\\/2023\\\/09\\\/web-CIRO-EN-VELEZ-4-Gentileza-Flow.jpg\",\"datePublished\":\"2023-09-13T15:02:58+00:00\",\"breadcrumb\":{\"@id\":\"http:\\\/\\\/www.radiohorizonte.fm\\\/radio\\\/2023\\\/09\\\/13\\\/vuelven-los-piojos-el-guino-de-ciro-martinez-en-pleno-show-en-velez\\\/#breadcrumb\"},\"inLanguage\":\"es-AR\",\"potentialAction\":[{\"@type\":\"ReadAction\",\"target\":[\"http:\\\/\\\/www.radiohorizonte.fm\\\/radio\\\/2023\\\/09\\\/13\\\/vuelven-los-piojos-el-guino-de-ciro-martinez-en-pleno-show-en-velez\\\/\"]}]},{\"@type\":\"ImageObject\",\"inLanguage\":\"es-AR\",\"@id\":\"http:\\\/\\\/www.radiohorizonte.fm\\\/radio\\\/2023\\\/09\\\/13\\\/vuelven-los-piojos-el-guino-de-ciro-martinez-en-pleno-show-en-velez\\\/#primaryimage\",\"url\":\"http:\\\/\\\/www.radiohorizonte.fm\\\/radio\\\/wp-content\\\/uploads\\\/2023\\\/09\\\/web-CIRO-EN-VELEZ-4-Gentileza-Flow.jpg\",\"contentUrl\":\"http:\\\/\\\/www.radiohorizonte.fm\\\/radio\\\/wp-content\\\/uploads\\\/2023\\\/09\\\/web-CIRO-EN-VELEZ-4-Gentileza-Flow.jpg\",\"width\":1200,\"height\":800},{\"@type\":\"BreadcrumbList\",\"@id\":\"http:\\\/\\\/www.radiohorizonte.fm\\\/radio\\\/2023\\\/09\\\/13\\\/vuelven-los-piojos-el-guino-de-ciro-martinez-en-pleno-show-en-velez\\\/#breadcrumb\",\"itemListElement\":[{\"@type\":\"ListItem\",\"position\":1,\"name\":\"Home\",\"item\":\"http:\\\/\\\/www.radiohorizonte.fm\\\/radio\\\/\"},{\"@type\":\"ListItem\",\"position\":2,\"name\":\"\u00bfVuelven Los Piojos? El gui\u00f1o de Ciro Mart\u00ednez en pleno show en V\u00e9lez\"}]},{\"@type\":\"WebSite\",\"@id\":\"http:\\\/\\\/www.radiohorizonte.fm\\\/radio\\\/#website\",\"url\":\"http:\\\/\\\/www.radiohorizonte.fm\\\/radio\\\/\",\"name\":\"Horizonte\",\"description\":\"Radio Horizonte 106.1 - Una radio de clasicos\",\"publisher\":{\"@id\":\"http:\\\/\\\/www.radiohorizonte.fm\\\/radio\\\/#organization\"},\"potentialAction\":[{\"@type\":\"SearchAction\",\"target\":{\"@type\":\"EntryPoint\",\"urlTemplate\":\"http:\\\/\\\/www.radiohorizonte.fm\\\/radio\\\/?s={search_term_string}\"},\"query-input\":{\"@type\":\"PropertyValueSpecification\",\"valueRequired\":true,\"valueName\":\"search_term_string\"}}],\"inLanguage\":\"es-AR\"},{\"@type\":\"Organization\",\"@id\":\"http:\\\/\\\/www.radiohorizonte.fm\\\/radio\\\/#organization\",\"name\":\"Horizonte\",\"url\":\"http:\\\/\\\/www.radiohorizonte.fm\\\/radio\\\/\",\"logo\":{\"@type\":\"ImageObject\",\"inLanguage\":\"es-AR\",\"@id\":\"http:\\\/\\\/www.radiohorizonte.fm\\\/radio\\\/#\\\/schema\\\/logo\\\/image\\\/\",\"url\":\"http:\\\/\\\/www.radiohorizonte.fm\\\/radio\\\/wp-content\\\/uploads\\\/2025\\\/06\\\/Portada-FM-Horizonte_modelo-imagen-scaled.jpg\",\"contentUrl\":\"http:\\\/\\\/www.radiohorizonte.fm\\\/radio\\\/wp-content\\\/uploads\\\/2025\\\/06\\\/Portada-FM-Horizonte_modelo-imagen-scaled.jpg\",\"width\":2560,\"height\":1056,\"caption\":\"Horizonte\"},\"image\":{\"@id\":\"http:\\\/\\\/www.radiohorizonte.fm\\\/radio\\\/#\\\/schema\\\/logo\\\/image\\\/\"},\"sameAs\":[\"http:\\\/\\\/www.facebook.com\\\/HORIZONTE106.1\",\"https:\\\/\\\/x.com\\\/fmhorizonte1061\"]},{\"@type\":\"Person\",\"@id\":\"http:\\\/\\\/www.radiohorizonte.fm\\\/radio\\\/#\\\/schema\\\/person\\\/f8fa003a405bb86729fd87d15d0ddafa\",\"name\":\"Cristian Galarza\",\"image\":{\"@type\":\"ImageObject\",\"inLanguage\":\"es-AR\",\"@id\":\"https:\\\/\\\/secure.gravatar.com\\\/avatar\\\/fad34bc2c773209c05d7d53b08a69b680eeb55f3be014e52b31643d20ab65925?s=96&d=mm&r=g\",\"url\":\"https:\\\/\\\/secure.gravatar.com\\\/avatar\\\/fad34bc2c773209c05d7d53b08a69b680eeb55f3be014e52b31643d20ab65925?s=96&d=mm&r=g\",\"contentUrl\":\"https:\\\/\\\/secure.gravatar.com\\\/avatar\\\/fad34bc2c773209c05d7d53b08a69b680eeb55f3be014e52b31643d20ab65925?s=96&d=mm&r=g\",\"caption\":\"Cristian Galarza\"},\"url\":\"http:\\\/\\\/www.radiohorizonte.fm\\\/radio\\\/author\\\/cristian\\\/\"}]}<\/script>\n<!-- \/ Yoast SEO plugin. -->","yoast_head_json":{"title":"\u00bfVuelven Los Piojos? El gui\u00f1o de Ciro Mart\u00ednez en pleno show en V\u00e9lez - Horizonte","robots":{"index":"index","follow":"follow","max-snippet":"max-snippet:-1","max-image-preview":"max-image-preview:large","max-video-preview":"max-video-preview:-1"},"canonical":"http:\/\/www.radiohorizonte.fm\/radio\/2023\/09\/13\/vuelven-los-piojos-el-guino-de-ciro-martinez-en-pleno-show-en-velez\/","og_locale":"es_ES","og_type":"article","og_title":"\u00bfVuelven Los Piojos? El gui\u00f1o de Ciro Mart\u00ednez en pleno show en V\u00e9lez - Horizonte","og_description":"Andr\u00e9s Ciro Mart\u00ednez protagoniz\u00f3 un momento en medio de su recital en V\u00e9lez que despert\u00f3 un sinf\u00edn de reacciones entre los fan\u00e1ticos. \u00a0Andr\u00e9s Ciro Mart\u00ednez\u00a0es uno de los artistas m\u00e1s influyentes del\u00a0rock nacional\u00a0tras haber sido el l\u00edder de\u00a0Los Piojos\u00a0desde el a\u00f1o 1988 hasta el 2009, cuando se separaron.\u00a0En medio del\u00a0recital\u00a0de\u00a0Ciro y Los Persas\u00a0en\u00a0V\u00e9lez\u00a0el s\u00e1bado 9","og_url":"http:\/\/www.radiohorizonte.fm\/radio\/2023\/09\/13\/vuelven-los-piojos-el-guino-de-ciro-martinez-en-pleno-show-en-velez\/","og_site_name":"Horizonte","article_publisher":"http:\/\/www.facebook.com\/HORIZONTE106.1","article_published_time":"2023-09-13T15:02:58+00:00","og_image":[{"width":1200,"height":800,"url":"http:\/\/www.radiohorizonte.fm\/radio\/wp-content\/uploads\/2023\/09\/web-CIRO-EN-VELEZ-4-Gentileza-Flow.jpg","type":"image\/jpeg"}],"author":"Cristian Galarza","twitter_card":"summary_large_image","twitter_creator":"@fmhorizonte1061","twitter_site":"@fmhorizonte1061","twitter_misc":{"Escrito por":"Cristian Galarza","Tiempo de lectura":"2 minutos"},"schema":{"@context":"https:\/\/schema.org","@graph":[{"@type":"Article","@id":"http:\/\/www.radiohorizonte.fm\/radio\/2023\/09\/13\/vuelven-los-piojos-el-guino-de-ciro-martinez-en-pleno-show-en-velez\/#article","isPartOf":{"@id":"http:\/\/www.radiohorizonte.fm\/radio\/2023\/09\/13\/vuelven-los-piojos-el-guino-de-ciro-martinez-en-pleno-show-en-velez\/"},"author":{"name":"Cristian Galarza","@id":"http:\/\/www.radiohorizonte.fm\/radio\/#\/schema\/person\/f8fa003a405bb86729fd87d15d0ddafa"},"headline":"\u00bfVuelven Los Piojos? El gui\u00f1o de Ciro Mart\u00ednez en pleno show en V\u00e9lez","datePublished":"2023-09-13T15:02:58+00:00","mainEntityOfPage":{"@id":"http:\/\/www.radiohorizonte.fm\/radio\/2023\/09\/13\/vuelven-los-piojos-el-guino-de-ciro-martinez-en-pleno-show-en-velez\/"},"wordCount":332,"publisher":{"@id":"http:\/\/www.radiohorizonte.fm\/radio\/#organization"},"image":{"@id":"http:\/\/www.radiohorizonte.fm\/radio\/2023\/09\/13\/vuelven-los-piojos-el-guino-de-ciro-martinez-en-pleno-show-en-velez\/#primaryimage"},"thumbnailUrl":"http:\/\/www.radiohorizonte.fm\/radio\/wp-content\/uploads\/2023\/09\/web-CIRO-EN-VELEZ-4-Gentileza-Flow.jpg","articleSection":["Infomusic"],"inLanguage":"es-AR"},{"@type":"WebPage","@id":"http:\/\/www.radiohorizonte.fm\/radio\/2023\/09\/13\/vuelven-los-piojos-el-guino-de-ciro-martinez-en-pleno-show-en-velez\/","url":"http:\/\/www.radiohorizonte.fm\/radio\/2023\/09\/13\/vuelven-los-piojos-el-guino-de-ciro-martinez-en-pleno-show-en-velez\/","name":"\u00bfVuelven Los Piojos? El gui\u00f1o de Ciro Mart\u00ednez en pleno show en V\u00e9lez - Horizonte","isPartOf":{"@id":"http:\/\/www.radiohorizonte.fm\/radio\/#website"},"primaryImageOfPage":{"@id":"http:\/\/www.radiohorizonte.fm\/radio\/2023\/09\/13\/vuelven-los-piojos-el-guino-de-ciro-martinez-en-pleno-show-en-velez\/#primaryimage"},"image":{"@id":"http:\/\/www.radiohorizonte.fm\/radio\/2023\/09\/13\/vuelven-los-piojos-el-guino-de-ciro-martinez-en-pleno-show-en-velez\/#primaryimage"},"thumbnailUrl":"http:\/\/www.radiohorizonte.fm\/radio\/wp-content\/uploads\/2023\/09\/web-CIRO-EN-VELEZ-4-Gentileza-Flow.jpg","datePublished":"2023-09-13T15:02:58+00:00","breadcrumb":{"@id":"http:\/\/www.radiohorizonte.fm\/radio\/2023\/09\/13\/vuelven-los-piojos-el-guino-de-ciro-martinez-en-pleno-show-en-velez\/#breadcrumb"},"inLanguage":"es-AR","potentialAction":[{"@type":"ReadAction","target":["http:\/\/www.radiohorizonte.fm\/radio\/2023\/09\/13\/vuelven-los-piojos-el-guino-de-ciro-martinez-en-pleno-show-en-velez\/"]}]},{"@type":"ImageObject","inLanguage":"es-AR","@id":"http:\/\/www.radiohorizonte.fm\/radio\/2023\/09\/13\/vuelven-los-piojos-el-guino-de-ciro-martinez-en-pleno-show-en-velez\/#primaryimage","url":"http:\/\/www.radiohorizonte.fm\/radio\/wp-content\/uploads\/2023\/09\/web-CIRO-EN-VELEZ-4-Gentileza-Flow.jpg","contentUrl":"http:\/\/www.radiohorizonte.fm\/radio\/wp-content\/uploads\/2023\/09\/web-CIRO-EN-VELEZ-4-Gentileza-Flow.jpg","width":1200,"height":800},{"@type":"BreadcrumbList","@id":"http:\/\/www.radiohorizonte.fm\/radio\/2023\/09\/13\/vuelven-los-piojos-el-guino-de-ciro-martinez-en-pleno-show-en-velez\/#breadcrumb","itemListElement":[{"@type":"ListItem","position":1,"name":"Home","item":"http:\/\/www.radiohorizonte.fm\/radio\/"},{"@type":"ListItem","position":2,"name":"\u00bfVuelven Los Piojos? El gui\u00f1o de Ciro Mart\u00ednez en pleno show en V\u00e9lez"}]},{"@type":"WebSite","@id":"http:\/\/www.radiohorizonte.fm\/radio\/#website","url":"http:\/\/www.radiohorizonte.fm\/radio\/","name":"Horizonte","description":"Radio Horizonte 106.1 - Una radio de clasicos","publisher":{"@id":"http:\/\/www.radiohorizonte.fm\/radio\/#organization"},"potentialAction":[{"@type":"SearchAction","target":{"@type":"EntryPoint","urlTemplate":"http:\/\/www.radiohorizonte.fm\/radio\/?s={search_term_string}"},"query-input":{"@type":"PropertyValueSpecification","valueRequired":true,"valueName":"search_term_string"}}],"inLanguage":"es-AR"},{"@type":"Organization","@id":"http:\/\/www.radiohorizonte.fm\/radio\/#organization","name":"Horizonte","url":"http:\/\/www.radiohorizonte.fm\/radio\/","logo":{"@type":"ImageObject","inLanguage":"es-AR","@id":"http:\/\/www.radiohorizonte.fm\/radio\/#\/schema\/logo\/image\/","url":"http:\/\/www.radiohorizonte.fm\/radio\/wp-content\/uploads\/2025\/06\/Portada-FM-Horizonte_modelo-imagen-scaled.jpg","contentUrl":"http:\/\/www.radiohorizonte.fm\/radio\/wp-content\/uploads\/2025\/06\/Portada-FM-Horizonte_modelo-imagen-scaled.jpg","width":2560,"height":1056,"caption":"Horizonte"},"image":{"@id":"http:\/\/www.radiohorizonte.fm\/radio\/#\/schema\/logo\/image\/"},"sameAs":["http:\/\/www.facebook.com\/HORIZONTE106.1","https:\/\/x.com\/fmhorizonte1061"]},{"@type":"Person","@id":"http:\/\/www.radiohorizonte.fm\/radio\/#\/schema\/person\/f8fa003a405bb86729fd87d15d0ddafa","name":"Cristian Galarza","image":{"@type":"ImageObject","inLanguage":"es-AR","@id":"https:\/\/secure.gravatar.com\/avatar\/fad34bc2c773209c05d7d53b08a69b680eeb55f3be014e52b31643d20ab65925?s=96&d=mm&r=g","url":"https:\/\/secure.gravatar.com\/avatar\/fad34bc2c773209c05d7d53b08a69b680eeb55f3be014e52b31643d20ab65925?s=96&d=mm&r=g","contentUrl":"https:\/\/secure.gravatar.com\/avatar\/fad34bc2c773209c05d7d53b08a69b680eeb55f3be014e52b31643d20ab65925?s=96&d=mm&r=g","caption":"Cristian Galarza"},"url":"http:\/\/www.radiohorizonte.fm\/radio\/author\/cristian\/"}]}},"_links":{"self":[{"href":"http:\/\/www.radiohorizonte.fm\/radio\/wp-json\/wp\/v2\/posts\/42003","targetHints":{"allow":["GET"]}}],"collection":[{"href":"http:\/\/www.radiohorizonte.fm\/radio\/wp-json\/wp\/v2\/posts"}],"about":[{"href":"http:\/\/www.radiohorizonte.fm\/radio\/wp-json\/wp\/v2\/types\/post"}],"author":[{"embeddable":true,"href":"http:\/\/www.radiohorizonte.fm\/radio\/wp-json\/wp\/v2\/users\/2"}],"replies":[{"embeddable":true,"href":"http:\/\/www.radiohorizonte.fm\/radio\/wp-json\/wp\/v2\/comments?post=42003"}],"version-history":[{"count":1,"href":"http:\/\/www.radiohorizonte.fm\/radio\/wp-json\/wp\/v2\/posts\/42003\/revisions"}],"predecessor-version":[{"id":42005,"href":"http:\/\/www.radiohorizonte.fm\/radio\/wp-json\/wp\/v2\/posts\/42003\/revisions\/42005"}],"wp:featuredmedia":[{"embeddable":true,"href":"http:\/\/www.radiohorizonte.fm\/radio\/wp-json\/wp\/v2\/media\/42004"}],"wp:attachment":[{"href":"http:\/\/www.radiohorizonte.fm\/radio\/wp-json\/wp\/v2\/media?parent=42003"}],"wp:term":[{"taxonomy":"category","embeddable":true,"href":"http:\/\/www.radiohorizonte.fm\/radio\/wp-json\/wp\/v2\/categories?post=42003"},{"taxonomy":"post_tag","embeddable":true,"href":"http:\/\/www.radiohorizonte.fm\/radio\/wp-json\/wp\/v2\/tags?post=42003"}],"curies":[{"name":"wp","href":"https:\/\/api.w.org\/{rel}","templated":true}]}}