{"id":42006,"date":"2023-09-15T07:08:17","date_gmt":"2023-09-15T10:08:17","guid":{"rendered":"http:\/\/www.radiohorizonte.fm\/radio\/?p=42006"},"modified":"2023-09-15T07:08:17","modified_gmt":"2023-09-15T10:08:17","slug":"mas-de-400-docentes-de-cdi-provinciales-se-capacitaron-en-el-encuentro-de-nivel-inicial","status":"publish","type":"post","link":"http:\/\/www.radiohorizonte.fm\/radio\/2023\/09\/15\/mas-de-400-docentes-de-cdi-provinciales-se-capacitaron-en-el-encuentro-de-nivel-inicial\/","title":{"rendered":"M\u00e1s de 400 docentes de CDI provinciales se capacitaron en el Encuentro de Nivel Inicial"},"content":{"rendered":"<p>M\u00e1s de 400 docentes de Centros de Desarrollo Infantil (CDI) participaron este jueves del 2\u00b0 Encuentro Interministerial Provincial de Nivel Inicial. Organizado por los Ministerios de Educaci\u00f3n y Desarrollo Social, tuvo lugar en el Sal\u00f3n Auditorio de la Facultad de Derecho\u00a0y Ciencias Sociales y Pol\u00edticas de la Universidad Nacional del Nordeste (UNNE).<\/p>\n<p><img loading=\"lazy\" decoding=\"async\" class=\"alignnone size-full wp-image-42007\" src=\"http:\/\/www.radiohorizonte.fm\/radio\/wp-content\/uploads\/2023\/09\/imagen-49681.jpg\" alt=\"\" width=\"1600\" height=\"1066\" srcset=\"http:\/\/www.radiohorizonte.fm\/radio\/wp-content\/uploads\/2023\/09\/imagen-49681.jpg 1600w, http:\/\/www.radiohorizonte.fm\/radio\/wp-content\/uploads\/2023\/09\/imagen-49681-300x200.jpg 300w, http:\/\/www.radiohorizonte.fm\/radio\/wp-content\/uploads\/2023\/09\/imagen-49681-768x512.jpg 768w, http:\/\/www.radiohorizonte.fm\/radio\/wp-content\/uploads\/2023\/09\/imagen-49681-1024x682.jpg 1024w, http:\/\/www.radiohorizonte.fm\/radio\/wp-content\/uploads\/2023\/09\/imagen-49681-65x43.jpg 65w, http:\/\/www.radiohorizonte.fm\/radio\/wp-content\/uploads\/2023\/09\/imagen-49681-85x57.jpg 85w, http:\/\/www.radiohorizonte.fm\/radio\/wp-content\/uploads\/2023\/09\/imagen-49681-188x125.jpg 188w, http:\/\/www.radiohorizonte.fm\/radio\/wp-content\/uploads\/2023\/09\/imagen-49681-90x60.jpg 90w\" sizes=\"auto, (max-width: 1600px) 100vw, 1600px\" \/><\/p>\n<p>Enabezaron el acto de apertura los ministros Ad\u00e1n Gaya y Pr\u00e1xedes L\u00f3pez; por Desarrollo Social, el director de los Derechos de la Ni\u00f1ez y la Familia, Manuel Santamar\u00eda; y por Educaci\u00f3n, el director de Planeamiento e Investigaci\u00f3n Educativa, Julio Simonit; la presidenta\u00a0del Consejo General de Educaci\u00f3n de Corrientes, Silvina Rollet; el subsecretario de Gesti\u00f3n Educativa, Julio Nav\u00edas; y la directora de Pol\u00edticas Socioeducativas, Silvina Romero.<\/p>\n<p>Participaron de la capacitaci\u00f3n docentes de los CDI de toda la Provincia, la cual estuvo a cargo de las integrantes del equipo t\u00e9cnico de la Direcci\u00f3n Nacional de Nivel Inicial, Anal\u00eda Garc\u00eda, Natalia V\u00e1zquez y Nancy Guti\u00e9rrez. Esta acci\u00f3n se lleva adelante en el marco de un Convenio firmado entre los ministerios del \u00e1rea, en la \u00f3rbita nacional y provincial, para realizar un trabajo coordinado para fortalecer las instituciones.<\/p>\n<p>Garc\u00eda habl\u00f3 del trabajo intersectorial que se viene llevando a cabo en Corrientes desde la firma del Convenio, mientras que Guti\u00e9rrez y V\u00e1zquez realizaron un conversatorio sobre &#8220;Nidos de Lectura&#8221;. Los temas desarrollados espec\u00edficamente fueron: Experiencia del CDI &#8220;Mam\u00e1 Perla&#8221; de Goya; Educaci\u00f3n emocional a cargo de Marly Zacar\u00edas; Importancia de la m\u00fasica en el juego, dictado por Betina Sasson; y la presentaci\u00f3n del Programa Nacional &#8220;Desda la cuna&#8221;, a cargo de la directora de Pol\u00edticas Socioeducativas, el CDI &#8220;Mam\u00e1\u00a0Margarita&#8221; y t\u00e9cnicas del proyecto, Yanina Ver\u00f3n y Betina Sasson.<\/p>\n","protected":false},"excerpt":{"rendered":"<div class=\"post-excerpt\"><p>M\u00e1s de 400 docentes de Centros de Desarrollo Infantil (CDI) participaron este jueves del 2\u00b0 Encuentro Interministerial Provincial de Nivel Inicial. Organizado por los Ministerios de Educaci\u00f3n y Desarrollo Social, tuvo lugar en el Sal\u00f3n Auditorio de la Facultad de Derecho\u00a0y Ciencias Sociales y Pol\u00edticas de la Universidad Nacional del Nordeste (UNNE). Enabezaron el acto<\/p>\n<\/div>","protected":false},"author":2,"featured_media":42007,"comment_status":"closed","ping_status":"closed","sticky":false,"template":"","format":"standard","meta":{"_acf_changed":false,"footnotes":""},"categories":[2],"tags":[],"class_list":["post-42006","post","type-post","status-publish","format-standard","has-post-thumbnail","hentry","category-noticias"],"acf":[],"yoast_head":"<!-- This site is optimized with the Yoast SEO plugin v28.1 - https:\/\/yoast.com\/product\/yoast-seo-wordpress\/ -->\n<title>M\u00e1s de 400 docentes de CDI provinciales se capacitaron en el Encuentro de Nivel Inicial - Horizonte<\/title>\n<meta name=\"robots\" content=\"index, follow, max-snippet:-1, max-image-preview:large, max-video-preview:-1\" \/>\n<link rel=\"canonical\" href=\"http:\/\/www.radiohorizonte.fm\/radio\/2023\/09\/15\/mas-de-400-docentes-de-cdi-provinciales-se-capacitaron-en-el-encuentro-de-nivel-inicial\/\" \/>\n<meta property=\"og:locale\" content=\"es_ES\" \/>\n<meta property=\"og:type\" content=\"article\" \/>\n<meta property=\"og:title\" content=\"M\u00e1s de 400 docentes de CDI provinciales se capacitaron en el Encuentro de Nivel Inicial - Horizonte\" \/>\n<meta property=\"og:description\" content=\"M\u00e1s de 400 docentes de Centros de Desarrollo Infantil (CDI) participaron este jueves del 2\u00b0 Encuentro Interministerial Provincial de Nivel Inicial. Organizado por los Ministerios de Educaci\u00f3n y Desarrollo Social, tuvo lugar en el Sal\u00f3n Auditorio de la Facultad de Derecho\u00a0y Ciencias Sociales y Pol\u00edticas de la Universidad Nacional del Nordeste (UNNE). Enabezaron el acto\" \/>\n<meta property=\"og:url\" content=\"http:\/\/www.radiohorizonte.fm\/radio\/2023\/09\/15\/mas-de-400-docentes-de-cdi-provinciales-se-capacitaron-en-el-encuentro-de-nivel-inicial\/\" \/>\n<meta property=\"og:site_name\" content=\"Horizonte\" \/>\n<meta property=\"article:publisher\" content=\"http:\/\/www.facebook.com\/HORIZONTE106.1\" \/>\n<meta property=\"article:published_time\" content=\"2023-09-15T10:08:17+00:00\" \/>\n<meta property=\"og:image\" content=\"http:\/\/www.radiohorizonte.fm\/radio\/wp-content\/uploads\/2023\/09\/imagen-49681.jpg\" \/>\n\t<meta property=\"og:image:width\" content=\"1600\" \/>\n\t<meta property=\"og:image:height\" content=\"1066\" \/>\n\t<meta property=\"og:image:type\" content=\"image\/jpeg\" \/>\n<meta name=\"author\" content=\"Cristian Galarza\" \/>\n<meta name=\"twitter:card\" content=\"summary_large_image\" \/>\n<meta name=\"twitter:creator\" content=\"@fmhorizonte1061\" \/>\n<meta name=\"twitter:site\" content=\"@fmhorizonte1061\" \/>\n<meta name=\"twitter:label1\" content=\"Escrito por\" \/>\n\t<meta name=\"twitter:data1\" content=\"Cristian Galarza\" \/>\n\t<meta name=\"twitter:label2\" content=\"Tiempo de lectura\" \/>\n\t<meta name=\"twitter:data2\" content=\"2 minutos\" \/>\n<script type=\"application\/ld+json\" class=\"yoast-schema-graph\">{\"@context\":\"https:\\\/\\\/schema.org\",\"@graph\":[{\"@type\":\"Article\",\"@id\":\"http:\\\/\\\/www.radiohorizonte.fm\\\/radio\\\/2023\\\/09\\\/15\\\/mas-de-400-docentes-de-cdi-provinciales-se-capacitaron-en-el-encuentro-de-nivel-inicial\\\/#article\",\"isPartOf\":{\"@id\":\"http:\\\/\\\/www.radiohorizonte.fm\\\/radio\\\/2023\\\/09\\\/15\\\/mas-de-400-docentes-de-cdi-provinciales-se-capacitaron-en-el-encuentro-de-nivel-inicial\\\/\"},\"author\":{\"name\":\"Cristian Galarza\",\"@id\":\"http:\\\/\\\/www.radiohorizonte.fm\\\/radio\\\/#\\\/schema\\\/person\\\/f8fa003a405bb86729fd87d15d0ddafa\"},\"headline\":\"M\u00e1s de 400 docentes de CDI provinciales se capacitaron en el Encuentro de Nivel Inicial\",\"datePublished\":\"2023-09-15T10:08:17+00:00\",\"mainEntityOfPage\":{\"@id\":\"http:\\\/\\\/www.radiohorizonte.fm\\\/radio\\\/2023\\\/09\\\/15\\\/mas-de-400-docentes-de-cdi-provinciales-se-capacitaron-en-el-encuentro-de-nivel-inicial\\\/\"},\"wordCount\":325,\"publisher\":{\"@id\":\"http:\\\/\\\/www.radiohorizonte.fm\\\/radio\\\/#organization\"},\"image\":{\"@id\":\"http:\\\/\\\/www.radiohorizonte.fm\\\/radio\\\/2023\\\/09\\\/15\\\/mas-de-400-docentes-de-cdi-provinciales-se-capacitaron-en-el-encuentro-de-nivel-inicial\\\/#primaryimage\"},\"thumbnailUrl\":\"http:\\\/\\\/www.radiohorizonte.fm\\\/radio\\\/wp-content\\\/uploads\\\/2023\\\/09\\\/imagen-49681.jpg\",\"articleSection\":[\"Noticias\"],\"inLanguage\":\"es-AR\"},{\"@type\":\"WebPage\",\"@id\":\"http:\\\/\\\/www.radiohorizonte.fm\\\/radio\\\/2023\\\/09\\\/15\\\/mas-de-400-docentes-de-cdi-provinciales-se-capacitaron-en-el-encuentro-de-nivel-inicial\\\/\",\"url\":\"http:\\\/\\\/www.radiohorizonte.fm\\\/radio\\\/2023\\\/09\\\/15\\\/mas-de-400-docentes-de-cdi-provinciales-se-capacitaron-en-el-encuentro-de-nivel-inicial\\\/\",\"name\":\"M\u00e1s de 400 docentes de CDI provinciales se capacitaron en el Encuentro de Nivel Inicial - Horizonte\",\"isPartOf\":{\"@id\":\"http:\\\/\\\/www.radiohorizonte.fm\\\/radio\\\/#website\"},\"primaryImageOfPage\":{\"@id\":\"http:\\\/\\\/www.radiohorizonte.fm\\\/radio\\\/2023\\\/09\\\/15\\\/mas-de-400-docentes-de-cdi-provinciales-se-capacitaron-en-el-encuentro-de-nivel-inicial\\\/#primaryimage\"},\"image\":{\"@id\":\"http:\\\/\\\/www.radiohorizonte.fm\\\/radio\\\/2023\\\/09\\\/15\\\/mas-de-400-docentes-de-cdi-provinciales-se-capacitaron-en-el-encuentro-de-nivel-inicial\\\/#primaryimage\"},\"thumbnailUrl\":\"http:\\\/\\\/www.radiohorizonte.fm\\\/radio\\\/wp-content\\\/uploads\\\/2023\\\/09\\\/imagen-49681.jpg\",\"datePublished\":\"2023-09-15T10:08:17+00:00\",\"breadcrumb\":{\"@id\":\"http:\\\/\\\/www.radiohorizonte.fm\\\/radio\\\/2023\\\/09\\\/15\\\/mas-de-400-docentes-de-cdi-provinciales-se-capacitaron-en-el-encuentro-de-nivel-inicial\\\/#breadcrumb\"},\"inLanguage\":\"es-AR\",\"potentialAction\":[{\"@type\":\"ReadAction\",\"target\":[\"http:\\\/\\\/www.radiohorizonte.fm\\\/radio\\\/2023\\\/09\\\/15\\\/mas-de-400-docentes-de-cdi-provinciales-se-capacitaron-en-el-encuentro-de-nivel-inicial\\\/\"]}]},{\"@type\":\"ImageObject\",\"inLanguage\":\"es-AR\",\"@id\":\"http:\\\/\\\/www.radiohorizonte.fm\\\/radio\\\/2023\\\/09\\\/15\\\/mas-de-400-docentes-de-cdi-provinciales-se-capacitaron-en-el-encuentro-de-nivel-inicial\\\/#primaryimage\",\"url\":\"http:\\\/\\\/www.radiohorizonte.fm\\\/radio\\\/wp-content\\\/uploads\\\/2023\\\/09\\\/imagen-49681.jpg\",\"contentUrl\":\"http:\\\/\\\/www.radiohorizonte.fm\\\/radio\\\/wp-content\\\/uploads\\\/2023\\\/09\\\/imagen-49681.jpg\",\"width\":1600,\"height\":1066},{\"@type\":\"BreadcrumbList\",\"@id\":\"http:\\\/\\\/www.radiohorizonte.fm\\\/radio\\\/2023\\\/09\\\/15\\\/mas-de-400-docentes-de-cdi-provinciales-se-capacitaron-en-el-encuentro-de-nivel-inicial\\\/#breadcrumb\",\"itemListElement\":[{\"@type\":\"ListItem\",\"position\":1,\"name\":\"Home\",\"item\":\"http:\\\/\\\/www.radiohorizonte.fm\\\/radio\\\/\"},{\"@type\":\"ListItem\",\"position\":2,\"name\":\"M\u00e1s de 400 docentes de CDI provinciales se capacitaron en el Encuentro de Nivel Inicial\"}]},{\"@type\":\"WebSite\",\"@id\":\"http:\\\/\\\/www.radiohorizonte.fm\\\/radio\\\/#website\",\"url\":\"http:\\\/\\\/www.radiohorizonte.fm\\\/radio\\\/\",\"name\":\"Horizonte\",\"description\":\"Radio Horizonte 106.1 - Una radio de clasicos\",\"publisher\":{\"@id\":\"http:\\\/\\\/www.radiohorizonte.fm\\\/radio\\\/#organization\"},\"potentialAction\":[{\"@type\":\"SearchAction\",\"target\":{\"@type\":\"EntryPoint\",\"urlTemplate\":\"http:\\\/\\\/www.radiohorizonte.fm\\\/radio\\\/?s={search_term_string}\"},\"query-input\":{\"@type\":\"PropertyValueSpecification\",\"valueRequired\":true,\"valueName\":\"search_term_string\"}}],\"inLanguage\":\"es-AR\"},{\"@type\":\"Organization\",\"@id\":\"http:\\\/\\\/www.radiohorizonte.fm\\\/radio\\\/#organization\",\"name\":\"Horizonte\",\"url\":\"http:\\\/\\\/www.radiohorizonte.fm\\\/radio\\\/\",\"logo\":{\"@type\":\"ImageObject\",\"inLanguage\":\"es-AR\",\"@id\":\"http:\\\/\\\/www.radiohorizonte.fm\\\/radio\\\/#\\\/schema\\\/logo\\\/image\\\/\",\"url\":\"http:\\\/\\\/www.radiohorizonte.fm\\\/radio\\\/wp-content\\\/uploads\\\/2025\\\/06\\\/Portada-FM-Horizonte_modelo-imagen-scaled.jpg\",\"contentUrl\":\"http:\\\/\\\/www.radiohorizonte.fm\\\/radio\\\/wp-content\\\/uploads\\\/2025\\\/06\\\/Portada-FM-Horizonte_modelo-imagen-scaled.jpg\",\"width\":2560,\"height\":1056,\"caption\":\"Horizonte\"},\"image\":{\"@id\":\"http:\\\/\\\/www.radiohorizonte.fm\\\/radio\\\/#\\\/schema\\\/logo\\\/image\\\/\"},\"sameAs\":[\"http:\\\/\\\/www.facebook.com\\\/HORIZONTE106.1\",\"https:\\\/\\\/x.com\\\/fmhorizonte1061\"]},{\"@type\":\"Person\",\"@id\":\"http:\\\/\\\/www.radiohorizonte.fm\\\/radio\\\/#\\\/schema\\\/person\\\/f8fa003a405bb86729fd87d15d0ddafa\",\"name\":\"Cristian Galarza\",\"image\":{\"@type\":\"ImageObject\",\"inLanguage\":\"es-AR\",\"@id\":\"https:\\\/\\\/secure.gravatar.com\\\/avatar\\\/fad34bc2c773209c05d7d53b08a69b680eeb55f3be014e52b31643d20ab65925?s=96&d=mm&r=g\",\"url\":\"https:\\\/\\\/secure.gravatar.com\\\/avatar\\\/fad34bc2c773209c05d7d53b08a69b680eeb55f3be014e52b31643d20ab65925?s=96&d=mm&r=g\",\"contentUrl\":\"https:\\\/\\\/secure.gravatar.com\\\/avatar\\\/fad34bc2c773209c05d7d53b08a69b680eeb55f3be014e52b31643d20ab65925?s=96&d=mm&r=g\",\"caption\":\"Cristian Galarza\"},\"url\":\"http:\\\/\\\/www.radiohorizonte.fm\\\/radio\\\/author\\\/cristian\\\/\"}]}<\/script>\n<!-- \/ Yoast SEO plugin. -->","yoast_head_json":{"title":"M\u00e1s de 400 docentes de CDI provinciales se capacitaron en el Encuentro de Nivel Inicial - Horizonte","robots":{"index":"index","follow":"follow","max-snippet":"max-snippet:-1","max-image-preview":"max-image-preview:large","max-video-preview":"max-video-preview:-1"},"canonical":"http:\/\/www.radiohorizonte.fm\/radio\/2023\/09\/15\/mas-de-400-docentes-de-cdi-provinciales-se-capacitaron-en-el-encuentro-de-nivel-inicial\/","og_locale":"es_ES","og_type":"article","og_title":"M\u00e1s de 400 docentes de CDI provinciales se capacitaron en el Encuentro de Nivel Inicial - Horizonte","og_description":"M\u00e1s de 400 docentes de Centros de Desarrollo Infantil (CDI) participaron este jueves del 2\u00b0 Encuentro Interministerial Provincial de Nivel Inicial. Organizado por los Ministerios de Educaci\u00f3n y Desarrollo Social, tuvo lugar en el Sal\u00f3n Auditorio de la Facultad de Derecho\u00a0y Ciencias Sociales y Pol\u00edticas de la Universidad Nacional del Nordeste (UNNE). Enabezaron el acto","og_url":"http:\/\/www.radiohorizonte.fm\/radio\/2023\/09\/15\/mas-de-400-docentes-de-cdi-provinciales-se-capacitaron-en-el-encuentro-de-nivel-inicial\/","og_site_name":"Horizonte","article_publisher":"http:\/\/www.facebook.com\/HORIZONTE106.1","article_published_time":"2023-09-15T10:08:17+00:00","og_image":[{"width":1600,"height":1066,"url":"http:\/\/www.radiohorizonte.fm\/radio\/wp-content\/uploads\/2023\/09\/imagen-49681.jpg","type":"image\/jpeg"}],"author":"Cristian Galarza","twitter_card":"summary_large_image","twitter_creator":"@fmhorizonte1061","twitter_site":"@fmhorizonte1061","twitter_misc":{"Escrito por":"Cristian Galarza","Tiempo de lectura":"2 minutos"},"schema":{"@context":"https:\/\/schema.org","@graph":[{"@type":"Article","@id":"http:\/\/www.radiohorizonte.fm\/radio\/2023\/09\/15\/mas-de-400-docentes-de-cdi-provinciales-se-capacitaron-en-el-encuentro-de-nivel-inicial\/#article","isPartOf":{"@id":"http:\/\/www.radiohorizonte.fm\/radio\/2023\/09\/15\/mas-de-400-docentes-de-cdi-provinciales-se-capacitaron-en-el-encuentro-de-nivel-inicial\/"},"author":{"name":"Cristian Galarza","@id":"http:\/\/www.radiohorizonte.fm\/radio\/#\/schema\/person\/f8fa003a405bb86729fd87d15d0ddafa"},"headline":"M\u00e1s de 400 docentes de CDI provinciales se capacitaron en el Encuentro de Nivel Inicial","datePublished":"2023-09-15T10:08:17+00:00","mainEntityOfPage":{"@id":"http:\/\/www.radiohorizonte.fm\/radio\/2023\/09\/15\/mas-de-400-docentes-de-cdi-provinciales-se-capacitaron-en-el-encuentro-de-nivel-inicial\/"},"wordCount":325,"publisher":{"@id":"http:\/\/www.radiohorizonte.fm\/radio\/#organization"},"image":{"@id":"http:\/\/www.radiohorizonte.fm\/radio\/2023\/09\/15\/mas-de-400-docentes-de-cdi-provinciales-se-capacitaron-en-el-encuentro-de-nivel-inicial\/#primaryimage"},"thumbnailUrl":"http:\/\/www.radiohorizonte.fm\/radio\/wp-content\/uploads\/2023\/09\/imagen-49681.jpg","articleSection":["Noticias"],"inLanguage":"es-AR"},{"@type":"WebPage","@id":"http:\/\/www.radiohorizonte.fm\/radio\/2023\/09\/15\/mas-de-400-docentes-de-cdi-provinciales-se-capacitaron-en-el-encuentro-de-nivel-inicial\/","url":"http:\/\/www.radiohorizonte.fm\/radio\/2023\/09\/15\/mas-de-400-docentes-de-cdi-provinciales-se-capacitaron-en-el-encuentro-de-nivel-inicial\/","name":"M\u00e1s de 400 docentes de CDI provinciales se capacitaron en el Encuentro de Nivel Inicial - Horizonte","isPartOf":{"@id":"http:\/\/www.radiohorizonte.fm\/radio\/#website"},"primaryImageOfPage":{"@id":"http:\/\/www.radiohorizonte.fm\/radio\/2023\/09\/15\/mas-de-400-docentes-de-cdi-provinciales-se-capacitaron-en-el-encuentro-de-nivel-inicial\/#primaryimage"},"image":{"@id":"http:\/\/www.radiohorizonte.fm\/radio\/2023\/09\/15\/mas-de-400-docentes-de-cdi-provinciales-se-capacitaron-en-el-encuentro-de-nivel-inicial\/#primaryimage"},"thumbnailUrl":"http:\/\/www.radiohorizonte.fm\/radio\/wp-content\/uploads\/2023\/09\/imagen-49681.jpg","datePublished":"2023-09-15T10:08:17+00:00","breadcrumb":{"@id":"http:\/\/www.radiohorizonte.fm\/radio\/2023\/09\/15\/mas-de-400-docentes-de-cdi-provinciales-se-capacitaron-en-el-encuentro-de-nivel-inicial\/#breadcrumb"},"inLanguage":"es-AR","potentialAction":[{"@type":"ReadAction","target":["http:\/\/www.radiohorizonte.fm\/radio\/2023\/09\/15\/mas-de-400-docentes-de-cdi-provinciales-se-capacitaron-en-el-encuentro-de-nivel-inicial\/"]}]},{"@type":"ImageObject","inLanguage":"es-AR","@id":"http:\/\/www.radiohorizonte.fm\/radio\/2023\/09\/15\/mas-de-400-docentes-de-cdi-provinciales-se-capacitaron-en-el-encuentro-de-nivel-inicial\/#primaryimage","url":"http:\/\/www.radiohorizonte.fm\/radio\/wp-content\/uploads\/2023\/09\/imagen-49681.jpg","contentUrl":"http:\/\/www.radiohorizonte.fm\/radio\/wp-content\/uploads\/2023\/09\/imagen-49681.jpg","width":1600,"height":1066},{"@type":"BreadcrumbList","@id":"http:\/\/www.radiohorizonte.fm\/radio\/2023\/09\/15\/mas-de-400-docentes-de-cdi-provinciales-se-capacitaron-en-el-encuentro-de-nivel-inicial\/#breadcrumb","itemListElement":[{"@type":"ListItem","position":1,"name":"Home","item":"http:\/\/www.radiohorizonte.fm\/radio\/"},{"@type":"ListItem","position":2,"name":"M\u00e1s de 400 docentes de CDI provinciales se capacitaron en el Encuentro de Nivel Inicial"}]},{"@type":"WebSite","@id":"http:\/\/www.radiohorizonte.fm\/radio\/#website","url":"http:\/\/www.radiohorizonte.fm\/radio\/","name":"Horizonte","description":"Radio Horizonte 106.1 - Una radio de clasicos","publisher":{"@id":"http:\/\/www.radiohorizonte.fm\/radio\/#organization"},"potentialAction":[{"@type":"SearchAction","target":{"@type":"EntryPoint","urlTemplate":"http:\/\/www.radiohorizonte.fm\/radio\/?s={search_term_string}"},"query-input":{"@type":"PropertyValueSpecification","valueRequired":true,"valueName":"search_term_string"}}],"inLanguage":"es-AR"},{"@type":"Organization","@id":"http:\/\/www.radiohorizonte.fm\/radio\/#organization","name":"Horizonte","url":"http:\/\/www.radiohorizonte.fm\/radio\/","logo":{"@type":"ImageObject","inLanguage":"es-AR","@id":"http:\/\/www.radiohorizonte.fm\/radio\/#\/schema\/logo\/image\/","url":"http:\/\/www.radiohorizonte.fm\/radio\/wp-content\/uploads\/2025\/06\/Portada-FM-Horizonte_modelo-imagen-scaled.jpg","contentUrl":"http:\/\/www.radiohorizonte.fm\/radio\/wp-content\/uploads\/2025\/06\/Portada-FM-Horizonte_modelo-imagen-scaled.jpg","width":2560,"height":1056,"caption":"Horizonte"},"image":{"@id":"http:\/\/www.radiohorizonte.fm\/radio\/#\/schema\/logo\/image\/"},"sameAs":["http:\/\/www.facebook.com\/HORIZONTE106.1","https:\/\/x.com\/fmhorizonte1061"]},{"@type":"Person","@id":"http:\/\/www.radiohorizonte.fm\/radio\/#\/schema\/person\/f8fa003a405bb86729fd87d15d0ddafa","name":"Cristian Galarza","image":{"@type":"ImageObject","inLanguage":"es-AR","@id":"https:\/\/secure.gravatar.com\/avatar\/fad34bc2c773209c05d7d53b08a69b680eeb55f3be014e52b31643d20ab65925?s=96&d=mm&r=g","url":"https:\/\/secure.gravatar.com\/avatar\/fad34bc2c773209c05d7d53b08a69b680eeb55f3be014e52b31643d20ab65925?s=96&d=mm&r=g","contentUrl":"https:\/\/secure.gravatar.com\/avatar\/fad34bc2c773209c05d7d53b08a69b680eeb55f3be014e52b31643d20ab65925?s=96&d=mm&r=g","caption":"Cristian Galarza"},"url":"http:\/\/www.radiohorizonte.fm\/radio\/author\/cristian\/"}]}},"_links":{"self":[{"href":"http:\/\/www.radiohorizonte.fm\/radio\/wp-json\/wp\/v2\/posts\/42006","targetHints":{"allow":["GET"]}}],"collection":[{"href":"http:\/\/www.radiohorizonte.fm\/radio\/wp-json\/wp\/v2\/posts"}],"about":[{"href":"http:\/\/www.radiohorizonte.fm\/radio\/wp-json\/wp\/v2\/types\/post"}],"author":[{"embeddable":true,"href":"http:\/\/www.radiohorizonte.fm\/radio\/wp-json\/wp\/v2\/users\/2"}],"replies":[{"embeddable":true,"href":"http:\/\/www.radiohorizonte.fm\/radio\/wp-json\/wp\/v2\/comments?post=42006"}],"version-history":[{"count":1,"href":"http:\/\/www.radiohorizonte.fm\/radio\/wp-json\/wp\/v2\/posts\/42006\/revisions"}],"predecessor-version":[{"id":42008,"href":"http:\/\/www.radiohorizonte.fm\/radio\/wp-json\/wp\/v2\/posts\/42006\/revisions\/42008"}],"wp:featuredmedia":[{"embeddable":true,"href":"http:\/\/www.radiohorizonte.fm\/radio\/wp-json\/wp\/v2\/media\/42007"}],"wp:attachment":[{"href":"http:\/\/www.radiohorizonte.fm\/radio\/wp-json\/wp\/v2\/media?parent=42006"}],"wp:term":[{"taxonomy":"category","embeddable":true,"href":"http:\/\/www.radiohorizonte.fm\/radio\/wp-json\/wp\/v2\/categories?post=42006"},{"taxonomy":"post_tag","embeddable":true,"href":"http:\/\/www.radiohorizonte.fm\/radio\/wp-json\/wp\/v2\/tags?post=42006"}],"curies":[{"name":"wp","href":"https:\/\/api.w.org\/{rel}","templated":true}]}}