{"id":42015,"date":"2023-09-15T08:25:58","date_gmt":"2023-09-15T11:25:58","guid":{"rendered":"http:\/\/www.radiohorizonte.fm\/radio\/?p=42015"},"modified":"2023-09-15T08:25:58","modified_gmt":"2023-09-15T11:25:58","slug":"con-aumento-valdes-anuncia-el-pago-del-plus-de-refuerzo-de-septiembre","status":"publish","type":"post","link":"http:\/\/www.radiohorizonte.fm\/radio\/2023\/09\/15\/con-aumento-valdes-anuncia-el-pago-del-plus-de-refuerzo-de-septiembre\/","title":{"rendered":"Con aumento, Vald\u00e9s anuncia el pago del Plus de Refuerzo de septiembre"},"content":{"rendered":"<p><strong><em>El gobernador Gustavo Vald\u00e9s comunic\u00f3 la liquidaci\u00f3n del beneficio, entre este lunes 18 y viernes 22; el adicional alcanza a los agentes de la administraci\u00f3n p\u00fablica provincial, activos, jubilados y pensionados.<\/em><\/strong><\/p>\n<p><img loading=\"lazy\" decoding=\"async\" class=\"alignnone size-full wp-image-42016\" src=\"http:\/\/www.radiohorizonte.fm\/radio\/wp-content\/uploads\/2023\/09\/imagen-49689.jpg\" alt=\"\" width=\"1080\" height=\"1080\" srcset=\"http:\/\/www.radiohorizonte.fm\/radio\/wp-content\/uploads\/2023\/09\/imagen-49689.jpg 1080w, http:\/\/www.radiohorizonte.fm\/radio\/wp-content\/uploads\/2023\/09\/imagen-49689-150x150.jpg 150w, http:\/\/www.radiohorizonte.fm\/radio\/wp-content\/uploads\/2023\/09\/imagen-49689-300x300.jpg 300w, http:\/\/www.radiohorizonte.fm\/radio\/wp-content\/uploads\/2023\/09\/imagen-49689-768x768.jpg 768w, http:\/\/www.radiohorizonte.fm\/radio\/wp-content\/uploads\/2023\/09\/imagen-49689-1024x1024.jpg 1024w, http:\/\/www.radiohorizonte.fm\/radio\/wp-content\/uploads\/2023\/09\/imagen-49689-65x65.jpg 65w, http:\/\/www.radiohorizonte.fm\/radio\/wp-content\/uploads\/2023\/09\/imagen-49689-200x200.jpg 200w, http:\/\/www.radiohorizonte.fm\/radio\/wp-content\/uploads\/2023\/09\/imagen-49689-85x85.jpg 85w, http:\/\/www.radiohorizonte.fm\/radio\/wp-content\/uploads\/2023\/09\/imagen-49689-125x125.jpg 125w, http:\/\/www.radiohorizonte.fm\/radio\/wp-content\/uploads\/2023\/09\/imagen-49689-90x90.jpg 90w\" sizes=\"auto, (max-width: 1080px) 100vw, 1080px\" \/><br \/>\nA trav\u00e9s de sus redes sociales, el Mandatario correntino anunci\u00f3 que el pago del Plus de Refuerzo de septiembre, que con un aumento de $10.000, pas\u00f3 de $15.000 a $25.000, entre este lunes 18 y el viernes 22.<\/p>\n<p>El primer tramo alcanza a los agentes, activos-jubilados-pensionados, con Documento Nacional de Identidad terminados en n\u00fameros 0 y 1 este lunes 18. Este tramo ya estar\u00e1 disponible a trav\u00e9s de los cajeros autom\u00e1ticos habilitados por el Banco de Corrientes SA, desde el s\u00e1bado 16.<\/p>\n<p>El martes 19, percibir\u00e1n el beneficio aquellos con DNI finalizados en 2 y 3; el mi\u00e9rcoles 20, los agentes con documentos terminados en 4 y 5.\u00a0El jueves 21 cobrar\u00e1n los agentes finalizados en 6 y 7; y el viernes 22, termina el cronograma de pago de este\u00a0Plus de Refuerzo con el pago a los que finalicen en\u00a08 y 9.<\/p>\n","protected":false},"excerpt":{"rendered":"<div class=\"post-excerpt\"><p>El gobernador Gustavo Vald\u00e9s comunic\u00f3 la liquidaci\u00f3n del beneficio, entre este lunes 18 y viernes 22; el adicional alcanza a los agentes de la administraci\u00f3n p\u00fablica provincial, activos, jubilados y pensionados. A trav\u00e9s de sus redes sociales, el Mandatario correntino anunci\u00f3 que el pago del Plus de Refuerzo de septiembre, que con un aumento de<\/p>\n<\/div>","protected":false},"author":2,"featured_media":42016,"comment_status":"closed","ping_status":"closed","sticky":false,"template":"","format":"standard","meta":{"_acf_changed":false,"footnotes":""},"categories":[2],"tags":[],"class_list":["post-42015","post","type-post","status-publish","format-standard","has-post-thumbnail","hentry","category-noticias"],"acf":[],"yoast_head":"<!-- This site is optimized with the Yoast SEO plugin v28.1 - https:\/\/yoast.com\/product\/yoast-seo-wordpress\/ -->\n<title>Con aumento, Vald\u00e9s anuncia el pago del Plus de Refuerzo de septiembre - Horizonte<\/title>\n<meta name=\"robots\" content=\"index, follow, max-snippet:-1, max-image-preview:large, max-video-preview:-1\" \/>\n<link rel=\"canonical\" href=\"https:\/\/www.radiohorizonte.fm\/radio\/2023\/09\/15\/con-aumento-valdes-anuncia-el-pago-del-plus-de-refuerzo-de-septiembre\/\" \/>\n<meta property=\"og:locale\" content=\"es_ES\" \/>\n<meta property=\"og:type\" content=\"article\" \/>\n<meta property=\"og:title\" content=\"Con aumento, Vald\u00e9s anuncia el pago del Plus de Refuerzo de septiembre - Horizonte\" \/>\n<meta property=\"og:description\" content=\"El gobernador Gustavo Vald\u00e9s comunic\u00f3 la liquidaci\u00f3n del beneficio, entre este lunes 18 y viernes 22; el adicional alcanza a los agentes de la administraci\u00f3n p\u00fablica provincial, activos, jubilados y pensionados. A trav\u00e9s de sus redes sociales, el Mandatario correntino anunci\u00f3 que el pago del Plus de Refuerzo de septiembre, que con un aumento de\" \/>\n<meta property=\"og:url\" content=\"https:\/\/www.radiohorizonte.fm\/radio\/2023\/09\/15\/con-aumento-valdes-anuncia-el-pago-del-plus-de-refuerzo-de-septiembre\/\" \/>\n<meta property=\"og:site_name\" content=\"Horizonte\" \/>\n<meta property=\"article:publisher\" content=\"http:\/\/www.facebook.com\/HORIZONTE106.1\" \/>\n<meta property=\"article:published_time\" content=\"2023-09-15T11:25:58+00:00\" \/>\n<meta property=\"og:image\" content=\"https:\/\/www.radiohorizonte.fm\/radio\/wp-content\/uploads\/2023\/09\/imagen-49689.jpg\" \/>\n\t<meta property=\"og:image:width\" content=\"1080\" \/>\n\t<meta property=\"og:image:height\" content=\"1080\" \/>\n\t<meta property=\"og:image:type\" content=\"image\/jpeg\" \/>\n<meta name=\"author\" content=\"Cristian Galarza\" \/>\n<meta name=\"twitter:card\" content=\"summary_large_image\" \/>\n<meta name=\"twitter:creator\" content=\"@fmhorizonte1061\" \/>\n<meta name=\"twitter:site\" content=\"@fmhorizonte1061\" \/>\n<meta name=\"twitter:label1\" content=\"Escrito por\" \/>\n\t<meta name=\"twitter:data1\" content=\"Cristian Galarza\" \/>\n\t<meta name=\"twitter:label2\" content=\"Tiempo de lectura\" \/>\n\t<meta name=\"twitter:data2\" content=\"1 minuto\" \/>\n<script type=\"application\/ld+json\" class=\"yoast-schema-graph\">{\"@context\":\"https:\\\/\\\/schema.org\",\"@graph\":[{\"@type\":\"Article\",\"@id\":\"https:\\\/\\\/www.radiohorizonte.fm\\\/radio\\\/2023\\\/09\\\/15\\\/con-aumento-valdes-anuncia-el-pago-del-plus-de-refuerzo-de-septiembre\\\/#article\",\"isPartOf\":{\"@id\":\"https:\\\/\\\/www.radiohorizonte.fm\\\/radio\\\/2023\\\/09\\\/15\\\/con-aumento-valdes-anuncia-el-pago-del-plus-de-refuerzo-de-septiembre\\\/\"},\"author\":{\"name\":\"Cristian Galarza\",\"@id\":\"http:\\\/\\\/www.radiohorizonte.fm\\\/radio\\\/#\\\/schema\\\/person\\\/f8fa003a405bb86729fd87d15d0ddafa\"},\"headline\":\"Con aumento, Vald\u00e9s anuncia el pago del Plus de Refuerzo de septiembre\",\"datePublished\":\"2023-09-15T11:25:58+00:00\",\"mainEntityOfPage\":{\"@id\":\"https:\\\/\\\/www.radiohorizonte.fm\\\/radio\\\/2023\\\/09\\\/15\\\/con-aumento-valdes-anuncia-el-pago-del-plus-de-refuerzo-de-septiembre\\\/\"},\"wordCount\":177,\"publisher\":{\"@id\":\"http:\\\/\\\/www.radiohorizonte.fm\\\/radio\\\/#organization\"},\"image\":{\"@id\":\"https:\\\/\\\/www.radiohorizonte.fm\\\/radio\\\/2023\\\/09\\\/15\\\/con-aumento-valdes-anuncia-el-pago-del-plus-de-refuerzo-de-septiembre\\\/#primaryimage\"},\"thumbnailUrl\":\"http:\\\/\\\/www.radiohorizonte.fm\\\/radio\\\/wp-content\\\/uploads\\\/2023\\\/09\\\/imagen-49689.jpg\",\"articleSection\":[\"Noticias\"],\"inLanguage\":\"es-AR\"},{\"@type\":\"WebPage\",\"@id\":\"https:\\\/\\\/www.radiohorizonte.fm\\\/radio\\\/2023\\\/09\\\/15\\\/con-aumento-valdes-anuncia-el-pago-del-plus-de-refuerzo-de-septiembre\\\/\",\"url\":\"https:\\\/\\\/www.radiohorizonte.fm\\\/radio\\\/2023\\\/09\\\/15\\\/con-aumento-valdes-anuncia-el-pago-del-plus-de-refuerzo-de-septiembre\\\/\",\"name\":\"Con aumento, Vald\u00e9s anuncia el pago del Plus de Refuerzo de septiembre - Horizonte\",\"isPartOf\":{\"@id\":\"http:\\\/\\\/www.radiohorizonte.fm\\\/radio\\\/#website\"},\"primaryImageOfPage\":{\"@id\":\"https:\\\/\\\/www.radiohorizonte.fm\\\/radio\\\/2023\\\/09\\\/15\\\/con-aumento-valdes-anuncia-el-pago-del-plus-de-refuerzo-de-septiembre\\\/#primaryimage\"},\"image\":{\"@id\":\"https:\\\/\\\/www.radiohorizonte.fm\\\/radio\\\/2023\\\/09\\\/15\\\/con-aumento-valdes-anuncia-el-pago-del-plus-de-refuerzo-de-septiembre\\\/#primaryimage\"},\"thumbnailUrl\":\"http:\\\/\\\/www.radiohorizonte.fm\\\/radio\\\/wp-content\\\/uploads\\\/2023\\\/09\\\/imagen-49689.jpg\",\"datePublished\":\"2023-09-15T11:25:58+00:00\",\"breadcrumb\":{\"@id\":\"https:\\\/\\\/www.radiohorizonte.fm\\\/radio\\\/2023\\\/09\\\/15\\\/con-aumento-valdes-anuncia-el-pago-del-plus-de-refuerzo-de-septiembre\\\/#breadcrumb\"},\"inLanguage\":\"es-AR\",\"potentialAction\":[{\"@type\":\"ReadAction\",\"target\":[\"https:\\\/\\\/www.radiohorizonte.fm\\\/radio\\\/2023\\\/09\\\/15\\\/con-aumento-valdes-anuncia-el-pago-del-plus-de-refuerzo-de-septiembre\\\/\"]}]},{\"@type\":\"ImageObject\",\"inLanguage\":\"es-AR\",\"@id\":\"https:\\\/\\\/www.radiohorizonte.fm\\\/radio\\\/2023\\\/09\\\/15\\\/con-aumento-valdes-anuncia-el-pago-del-plus-de-refuerzo-de-septiembre\\\/#primaryimage\",\"url\":\"http:\\\/\\\/www.radiohorizonte.fm\\\/radio\\\/wp-content\\\/uploads\\\/2023\\\/09\\\/imagen-49689.jpg\",\"contentUrl\":\"http:\\\/\\\/www.radiohorizonte.fm\\\/radio\\\/wp-content\\\/uploads\\\/2023\\\/09\\\/imagen-49689.jpg\",\"width\":1080,\"height\":1080},{\"@type\":\"BreadcrumbList\",\"@id\":\"https:\\\/\\\/www.radiohorizonte.fm\\\/radio\\\/2023\\\/09\\\/15\\\/con-aumento-valdes-anuncia-el-pago-del-plus-de-refuerzo-de-septiembre\\\/#breadcrumb\",\"itemListElement\":[{\"@type\":\"ListItem\",\"position\":1,\"name\":\"Home\",\"item\":\"http:\\\/\\\/www.radiohorizonte.fm\\\/radio\\\/\"},{\"@type\":\"ListItem\",\"position\":2,\"name\":\"Con aumento, Vald\u00e9s anuncia el pago del Plus de Refuerzo de septiembre\"}]},{\"@type\":\"WebSite\",\"@id\":\"http:\\\/\\\/www.radiohorizonte.fm\\\/radio\\\/#website\",\"url\":\"http:\\\/\\\/www.radiohorizonte.fm\\\/radio\\\/\",\"name\":\"Horizonte\",\"description\":\"Radio Horizonte 106.1 - Una radio de clasicos\",\"publisher\":{\"@id\":\"http:\\\/\\\/www.radiohorizonte.fm\\\/radio\\\/#organization\"},\"potentialAction\":[{\"@type\":\"SearchAction\",\"target\":{\"@type\":\"EntryPoint\",\"urlTemplate\":\"http:\\\/\\\/www.radiohorizonte.fm\\\/radio\\\/?s={search_term_string}\"},\"query-input\":{\"@type\":\"PropertyValueSpecification\",\"valueRequired\":true,\"valueName\":\"search_term_string\"}}],\"inLanguage\":\"es-AR\"},{\"@type\":\"Organization\",\"@id\":\"http:\\\/\\\/www.radiohorizonte.fm\\\/radio\\\/#organization\",\"name\":\"Horizonte\",\"url\":\"http:\\\/\\\/www.radiohorizonte.fm\\\/radio\\\/\",\"logo\":{\"@type\":\"ImageObject\",\"inLanguage\":\"es-AR\",\"@id\":\"http:\\\/\\\/www.radiohorizonte.fm\\\/radio\\\/#\\\/schema\\\/logo\\\/image\\\/\",\"url\":\"http:\\\/\\\/www.radiohorizonte.fm\\\/radio\\\/wp-content\\\/uploads\\\/2025\\\/06\\\/Portada-FM-Horizonte_modelo-imagen-scaled.jpg\",\"contentUrl\":\"http:\\\/\\\/www.radiohorizonte.fm\\\/radio\\\/wp-content\\\/uploads\\\/2025\\\/06\\\/Portada-FM-Horizonte_modelo-imagen-scaled.jpg\",\"width\":2560,\"height\":1056,\"caption\":\"Horizonte\"},\"image\":{\"@id\":\"http:\\\/\\\/www.radiohorizonte.fm\\\/radio\\\/#\\\/schema\\\/logo\\\/image\\\/\"},\"sameAs\":[\"http:\\\/\\\/www.facebook.com\\\/HORIZONTE106.1\",\"https:\\\/\\\/x.com\\\/fmhorizonte1061\"]},{\"@type\":\"Person\",\"@id\":\"http:\\\/\\\/www.radiohorizonte.fm\\\/radio\\\/#\\\/schema\\\/person\\\/f8fa003a405bb86729fd87d15d0ddafa\",\"name\":\"Cristian Galarza\",\"image\":{\"@type\":\"ImageObject\",\"inLanguage\":\"es-AR\",\"@id\":\"https:\\\/\\\/secure.gravatar.com\\\/avatar\\\/fad34bc2c773209c05d7d53b08a69b680eeb55f3be014e52b31643d20ab65925?s=96&d=mm&r=g\",\"url\":\"https:\\\/\\\/secure.gravatar.com\\\/avatar\\\/fad34bc2c773209c05d7d53b08a69b680eeb55f3be014e52b31643d20ab65925?s=96&d=mm&r=g\",\"contentUrl\":\"https:\\\/\\\/secure.gravatar.com\\\/avatar\\\/fad34bc2c773209c05d7d53b08a69b680eeb55f3be014e52b31643d20ab65925?s=96&d=mm&r=g\",\"caption\":\"Cristian Galarza\"},\"url\":\"http:\\\/\\\/www.radiohorizonte.fm\\\/radio\\\/author\\\/cristian\\\/\"}]}<\/script>\n<!-- \/ Yoast SEO plugin. -->","yoast_head_json":{"title":"Con aumento, Vald\u00e9s anuncia el pago del Plus de Refuerzo de septiembre - Horizonte","robots":{"index":"index","follow":"follow","max-snippet":"max-snippet:-1","max-image-preview":"max-image-preview:large","max-video-preview":"max-video-preview:-1"},"canonical":"https:\/\/www.radiohorizonte.fm\/radio\/2023\/09\/15\/con-aumento-valdes-anuncia-el-pago-del-plus-de-refuerzo-de-septiembre\/","og_locale":"es_ES","og_type":"article","og_title":"Con aumento, Vald\u00e9s anuncia el pago del Plus de Refuerzo de septiembre - Horizonte","og_description":"El gobernador Gustavo Vald\u00e9s comunic\u00f3 la liquidaci\u00f3n del beneficio, entre este lunes 18 y viernes 22; el adicional alcanza a los agentes de la administraci\u00f3n p\u00fablica provincial, activos, jubilados y pensionados. A trav\u00e9s de sus redes sociales, el Mandatario correntino anunci\u00f3 que el pago del Plus de Refuerzo de septiembre, que con un aumento de","og_url":"https:\/\/www.radiohorizonte.fm\/radio\/2023\/09\/15\/con-aumento-valdes-anuncia-el-pago-del-plus-de-refuerzo-de-septiembre\/","og_site_name":"Horizonte","article_publisher":"http:\/\/www.facebook.com\/HORIZONTE106.1","article_published_time":"2023-09-15T11:25:58+00:00","og_image":[{"width":1080,"height":1080,"url":"https:\/\/www.radiohorizonte.fm\/radio\/wp-content\/uploads\/2023\/09\/imagen-49689.jpg","type":"image\/jpeg"}],"author":"Cristian Galarza","twitter_card":"summary_large_image","twitter_creator":"@fmhorizonte1061","twitter_site":"@fmhorizonte1061","twitter_misc":{"Escrito por":"Cristian Galarza","Tiempo de lectura":"1 minuto"},"schema":{"@context":"https:\/\/schema.org","@graph":[{"@type":"Article","@id":"https:\/\/www.radiohorizonte.fm\/radio\/2023\/09\/15\/con-aumento-valdes-anuncia-el-pago-del-plus-de-refuerzo-de-septiembre\/#article","isPartOf":{"@id":"https:\/\/www.radiohorizonte.fm\/radio\/2023\/09\/15\/con-aumento-valdes-anuncia-el-pago-del-plus-de-refuerzo-de-septiembre\/"},"author":{"name":"Cristian Galarza","@id":"http:\/\/www.radiohorizonte.fm\/radio\/#\/schema\/person\/f8fa003a405bb86729fd87d15d0ddafa"},"headline":"Con aumento, Vald\u00e9s anuncia el pago del Plus de Refuerzo de septiembre","datePublished":"2023-09-15T11:25:58+00:00","mainEntityOfPage":{"@id":"https:\/\/www.radiohorizonte.fm\/radio\/2023\/09\/15\/con-aumento-valdes-anuncia-el-pago-del-plus-de-refuerzo-de-septiembre\/"},"wordCount":177,"publisher":{"@id":"http:\/\/www.radiohorizonte.fm\/radio\/#organization"},"image":{"@id":"https:\/\/www.radiohorizonte.fm\/radio\/2023\/09\/15\/con-aumento-valdes-anuncia-el-pago-del-plus-de-refuerzo-de-septiembre\/#primaryimage"},"thumbnailUrl":"http:\/\/www.radiohorizonte.fm\/radio\/wp-content\/uploads\/2023\/09\/imagen-49689.jpg","articleSection":["Noticias"],"inLanguage":"es-AR"},{"@type":"WebPage","@id":"https:\/\/www.radiohorizonte.fm\/radio\/2023\/09\/15\/con-aumento-valdes-anuncia-el-pago-del-plus-de-refuerzo-de-septiembre\/","url":"https:\/\/www.radiohorizonte.fm\/radio\/2023\/09\/15\/con-aumento-valdes-anuncia-el-pago-del-plus-de-refuerzo-de-septiembre\/","name":"Con aumento, Vald\u00e9s anuncia el pago del Plus de Refuerzo de septiembre - Horizonte","isPartOf":{"@id":"http:\/\/www.radiohorizonte.fm\/radio\/#website"},"primaryImageOfPage":{"@id":"https:\/\/www.radiohorizonte.fm\/radio\/2023\/09\/15\/con-aumento-valdes-anuncia-el-pago-del-plus-de-refuerzo-de-septiembre\/#primaryimage"},"image":{"@id":"https:\/\/www.radiohorizonte.fm\/radio\/2023\/09\/15\/con-aumento-valdes-anuncia-el-pago-del-plus-de-refuerzo-de-septiembre\/#primaryimage"},"thumbnailUrl":"http:\/\/www.radiohorizonte.fm\/radio\/wp-content\/uploads\/2023\/09\/imagen-49689.jpg","datePublished":"2023-09-15T11:25:58+00:00","breadcrumb":{"@id":"https:\/\/www.radiohorizonte.fm\/radio\/2023\/09\/15\/con-aumento-valdes-anuncia-el-pago-del-plus-de-refuerzo-de-septiembre\/#breadcrumb"},"inLanguage":"es-AR","potentialAction":[{"@type":"ReadAction","target":["https:\/\/www.radiohorizonte.fm\/radio\/2023\/09\/15\/con-aumento-valdes-anuncia-el-pago-del-plus-de-refuerzo-de-septiembre\/"]}]},{"@type":"ImageObject","inLanguage":"es-AR","@id":"https:\/\/www.radiohorizonte.fm\/radio\/2023\/09\/15\/con-aumento-valdes-anuncia-el-pago-del-plus-de-refuerzo-de-septiembre\/#primaryimage","url":"http:\/\/www.radiohorizonte.fm\/radio\/wp-content\/uploads\/2023\/09\/imagen-49689.jpg","contentUrl":"http:\/\/www.radiohorizonte.fm\/radio\/wp-content\/uploads\/2023\/09\/imagen-49689.jpg","width":1080,"height":1080},{"@type":"BreadcrumbList","@id":"https:\/\/www.radiohorizonte.fm\/radio\/2023\/09\/15\/con-aumento-valdes-anuncia-el-pago-del-plus-de-refuerzo-de-septiembre\/#breadcrumb","itemListElement":[{"@type":"ListItem","position":1,"name":"Home","item":"http:\/\/www.radiohorizonte.fm\/radio\/"},{"@type":"ListItem","position":2,"name":"Con aumento, Vald\u00e9s anuncia el pago del Plus de Refuerzo de septiembre"}]},{"@type":"WebSite","@id":"http:\/\/www.radiohorizonte.fm\/radio\/#website","url":"http:\/\/www.radiohorizonte.fm\/radio\/","name":"Horizonte","description":"Radio Horizonte 106.1 - Una radio de clasicos","publisher":{"@id":"http:\/\/www.radiohorizonte.fm\/radio\/#organization"},"potentialAction":[{"@type":"SearchAction","target":{"@type":"EntryPoint","urlTemplate":"http:\/\/www.radiohorizonte.fm\/radio\/?s={search_term_string}"},"query-input":{"@type":"PropertyValueSpecification","valueRequired":true,"valueName":"search_term_string"}}],"inLanguage":"es-AR"},{"@type":"Organization","@id":"http:\/\/www.radiohorizonte.fm\/radio\/#organization","name":"Horizonte","url":"http:\/\/www.radiohorizonte.fm\/radio\/","logo":{"@type":"ImageObject","inLanguage":"es-AR","@id":"http:\/\/www.radiohorizonte.fm\/radio\/#\/schema\/logo\/image\/","url":"http:\/\/www.radiohorizonte.fm\/radio\/wp-content\/uploads\/2025\/06\/Portada-FM-Horizonte_modelo-imagen-scaled.jpg","contentUrl":"http:\/\/www.radiohorizonte.fm\/radio\/wp-content\/uploads\/2025\/06\/Portada-FM-Horizonte_modelo-imagen-scaled.jpg","width":2560,"height":1056,"caption":"Horizonte"},"image":{"@id":"http:\/\/www.radiohorizonte.fm\/radio\/#\/schema\/logo\/image\/"},"sameAs":["http:\/\/www.facebook.com\/HORIZONTE106.1","https:\/\/x.com\/fmhorizonte1061"]},{"@type":"Person","@id":"http:\/\/www.radiohorizonte.fm\/radio\/#\/schema\/person\/f8fa003a405bb86729fd87d15d0ddafa","name":"Cristian Galarza","image":{"@type":"ImageObject","inLanguage":"es-AR","@id":"https:\/\/secure.gravatar.com\/avatar\/fad34bc2c773209c05d7d53b08a69b680eeb55f3be014e52b31643d20ab65925?s=96&d=mm&r=g","url":"https:\/\/secure.gravatar.com\/avatar\/fad34bc2c773209c05d7d53b08a69b680eeb55f3be014e52b31643d20ab65925?s=96&d=mm&r=g","contentUrl":"https:\/\/secure.gravatar.com\/avatar\/fad34bc2c773209c05d7d53b08a69b680eeb55f3be014e52b31643d20ab65925?s=96&d=mm&r=g","caption":"Cristian Galarza"},"url":"http:\/\/www.radiohorizonte.fm\/radio\/author\/cristian\/"}]}},"_links":{"self":[{"href":"http:\/\/www.radiohorizonte.fm\/radio\/wp-json\/wp\/v2\/posts\/42015","targetHints":{"allow":["GET"]}}],"collection":[{"href":"http:\/\/www.radiohorizonte.fm\/radio\/wp-json\/wp\/v2\/posts"}],"about":[{"href":"http:\/\/www.radiohorizonte.fm\/radio\/wp-json\/wp\/v2\/types\/post"}],"author":[{"embeddable":true,"href":"http:\/\/www.radiohorizonte.fm\/radio\/wp-json\/wp\/v2\/users\/2"}],"replies":[{"embeddable":true,"href":"http:\/\/www.radiohorizonte.fm\/radio\/wp-json\/wp\/v2\/comments?post=42015"}],"version-history":[{"count":1,"href":"http:\/\/www.radiohorizonte.fm\/radio\/wp-json\/wp\/v2\/posts\/42015\/revisions"}],"predecessor-version":[{"id":42017,"href":"http:\/\/www.radiohorizonte.fm\/radio\/wp-json\/wp\/v2\/posts\/42015\/revisions\/42017"}],"wp:featuredmedia":[{"embeddable":true,"href":"http:\/\/www.radiohorizonte.fm\/radio\/wp-json\/wp\/v2\/media\/42016"}],"wp:attachment":[{"href":"http:\/\/www.radiohorizonte.fm\/radio\/wp-json\/wp\/v2\/media?parent=42015"}],"wp:term":[{"taxonomy":"category","embeddable":true,"href":"http:\/\/www.radiohorizonte.fm\/radio\/wp-json\/wp\/v2\/categories?post=42015"},{"taxonomy":"post_tag","embeddable":true,"href":"http:\/\/www.radiohorizonte.fm\/radio\/wp-json\/wp\/v2\/tags?post=42015"}],"curies":[{"name":"wp","href":"https:\/\/api.w.org\/{rel}","templated":true}]}}