{"id":42018,"date":"2023-09-15T09:40:02","date_gmt":"2023-09-15T12:40:02","guid":{"rendered":"http:\/\/www.radiohorizonte.fm\/radio\/?p=42018"},"modified":"2023-09-15T09:40:02","modified_gmt":"2023-09-15T12:40:02","slug":"elecciones-2023-daran-un-bono-extra-las-autoridades-de-mesa","status":"publish","type":"post","link":"http:\/\/www.radiohorizonte.fm\/radio\/2023\/09\/15\/elecciones-2023-daran-un-bono-extra-las-autoridades-de-mesa\/","title":{"rendered":"Elecciones 2023: dar\u00e1n un bono extra a las autoridades de mesa"},"content":{"rendered":"<div class=\"detail-header-wrapper\">\n<p class=\"excerpt\">Quienes realicen tareas vinculadas al acto electoral recibir\u00e1n un pago, en concepto de vi\u00e1ticos, que variar\u00e1 seg\u00fan la actividad desempe\u00f1ada ese d\u00eda.<\/p>\n<p><img loading=\"lazy\" decoding=\"async\" class=\"alignnone size-full wp-image-21080\" src=\"http:\/\/www.radiohorizonte.fm\/radio\/wp-content\/uploads\/2019\/04\/voto.jpg\" alt=\"\" width=\"640\" height=\"360\" srcset=\"http:\/\/www.radiohorizonte.fm\/radio\/wp-content\/uploads\/2019\/04\/voto.jpg 640w, http:\/\/www.radiohorizonte.fm\/radio\/wp-content\/uploads\/2019\/04\/voto-300x169.jpg 300w, http:\/\/www.radiohorizonte.fm\/radio\/wp-content\/uploads\/2019\/04\/voto-65x37.jpg 65w, http:\/\/www.radiohorizonte.fm\/radio\/wp-content\/uploads\/2019\/04\/voto-320x180.jpg 320w, http:\/\/www.radiohorizonte.fm\/radio\/wp-content\/uploads\/2019\/04\/voto-85x48.jpg 85w, http:\/\/www.radiohorizonte.fm\/radio\/wp-content\/uploads\/2019\/04\/voto-220x125.jpg 220w, http:\/\/www.radiohorizonte.fm\/radio\/wp-content\/uploads\/2019\/04\/voto-90x51.jpg 90w\" sizes=\"auto, (max-width: 640px) 100vw, 640px\" \/><\/p>\n<section class=\"detail-body first-paragraph\">\n<section id=\"note-body\" class=\"body-content note-body content-protected-false\" data-twitter-link=\"https:\/\/twitter.com\/intent\/tweet?url=https:\/\/www.minutouno.com\/c5821573&amp;v\u00eda=Ambitocom&amp;related=MinutoUno&amp;text=\">Con el objetivo de impulsar una \u201cm\u00e1xima asistencia de autoridades de mesa\u201d, el Gobierno Nacional defini\u00f3 establecer\u00a0<strong>una suma adicional al monto que percibir\u00e1n en concepto de vi\u00e1tico<\/strong>\u00a0por desempe\u00f1arse en las elecciones generales del 22 de octubre y en una eventual segunda vuelta fijada para el 19 de noviembre, seg\u00fan se inform\u00f3 hoy oficialmente.<\/p>\n<\/section>\n<\/section>\n<section class=\"detail-body second-paragraph\">\n<section class=\"body-content note-body content-protected-false\">Seg\u00fan la Resoluci\u00f3n 753\/23, publicada hoy en el Bolet\u00edn Oficial, con \u201cel objetivo de impulsar una m\u00e1xima asistencia de autoridades de mesa y garantizar el normal, \u00e1gil y transparente desarrollo de los comicios\u201d, los ciudadanos que desempe\u00f1en y cumplan efectivamente la funci\u00f3n recibir\u00e1n<strong>\u00a0una asignaci\u00f3n adicional de $4.000 por elecci\u00f3n, por lo que el pago en concepto de vi\u00e1tico ascender\u00e1 a $11.000 por elecci\u00f3n<\/strong>, se indic\u00f3.<\/p>\n<p>Ese monto se sumar\u00e1 a los valores establecidos mediante la Resoluci\u00f3n 88\/2023 que fij\u00f3 en\u00a0<strong>$3.000 por elecci\u00f3n por la realizaci\u00f3n de las actividades de capacitaci\u00f3n y $10.000 en concepto de suma adicional\u00a0<\/strong>en caso de cumplir la funci\u00f3n en las tres instancias electorales; si no se celebrara una segunda vuelta, entonces este \u00faltimo importe adicional ser\u00e1 de $7.000.<\/p>\n<p>En un comunicado de prensa del Ministerio del Interior, se indica que la normativa faculta a la Direcci\u00f3n Nacional Electoral (DINE) a liquidar las sumas fijadas en esta resoluci\u00f3n a los ciudadanos y ciudadanas con derecho a percibirlas, las que ser\u00e1n abonadas con posterioridad a cada elecci\u00f3n.<\/p>\n<p>Por \u00faltimo, se establece que las personas con derecho a percibir los vi\u00e1ticos<strong>\u00a0deber\u00e1n concurrir con su DNI al lugar\u00a0<\/strong>y en la forma que oportunamente se indique.<\/p>\n<p>Una vez pasados los 12 meses de la elecci\u00f3n nacional o la eventual segunda vuelta, prescribir\u00e1 el derecho de las autoridades de mesa y delegados a percibir esos vi\u00e1ticos.<\/p>\n<div id=\"7842834-2041380886_wrap\" class=\"embed_cont type_documento\" contenteditable=\"false\">\n<div id=\"7842834-2041380886_content\" class=\"embed_content\">\n<div id=\"7842834-2041380886_embed\"><iframe loading=\"lazy\" class=\"CMSObject_embed\" src=\"https:\/\/www.minutouno.com\/_post\/viewerpdfjs.php?file=https:\/\/media.minutouno.com\/adjuntos\/150\/documentos\/040\/981\/0040981591.pdf?0000-00-00-00-00-00\" width=\"300\" height=\"150\" data-mce-fragment=\"1\"><\/iframe><\/div>\n<\/div>\n<\/div>\n<\/section>\n<\/section>\n<\/div>\n<div class=\"socials-share\"><\/div>\n","protected":false},"excerpt":{"rendered":"<div class=\"post-excerpt\"><p>Quienes realicen tareas vinculadas al acto electoral recibir\u00e1n un pago, en concepto de vi\u00e1ticos, que variar\u00e1 seg\u00fan la actividad desempe\u00f1ada ese d\u00eda. Con el objetivo de impulsar una \u201cm\u00e1xima asistencia de autoridades de mesa\u201d, el Gobierno Nacional defini\u00f3 establecer\u00a0una suma adicional al monto que percibir\u00e1n en concepto de vi\u00e1tico\u00a0por desempe\u00f1arse en las elecciones generales del<\/p>\n<\/div>","protected":false},"author":2,"featured_media":21080,"comment_status":"closed","ping_status":"closed","sticky":false,"template":"","format":"standard","meta":{"_acf_changed":false,"footnotes":""},"categories":[2],"tags":[],"class_list":["post-42018","post","type-post","status-publish","format-standard","has-post-thumbnail","hentry","category-noticias"],"acf":[],"yoast_head":"<!-- This site is optimized with the Yoast SEO plugin v28.1 - https:\/\/yoast.com\/product\/yoast-seo-wordpress\/ -->\n<title>Elecciones 2023: dar\u00e1n un bono extra a las autoridades de mesa - Horizonte<\/title>\n<meta name=\"robots\" content=\"index, follow, max-snippet:-1, max-image-preview:large, max-video-preview:-1\" \/>\n<link rel=\"canonical\" href=\"http:\/\/www.radiohorizonte.fm\/radio\/2023\/09\/15\/elecciones-2023-daran-un-bono-extra-las-autoridades-de-mesa\/\" \/>\n<meta property=\"og:locale\" content=\"es_ES\" \/>\n<meta property=\"og:type\" content=\"article\" \/>\n<meta property=\"og:title\" content=\"Elecciones 2023: dar\u00e1n un bono extra a las autoridades de mesa - Horizonte\" \/>\n<meta property=\"og:description\" content=\"Quienes realicen tareas vinculadas al acto electoral recibir\u00e1n un pago, en concepto de vi\u00e1ticos, que variar\u00e1 seg\u00fan la actividad desempe\u00f1ada ese d\u00eda. Con el objetivo de impulsar una \u201cm\u00e1xima asistencia de autoridades de mesa\u201d, el Gobierno Nacional defini\u00f3 establecer\u00a0una suma adicional al monto que percibir\u00e1n en concepto de vi\u00e1tico\u00a0por desempe\u00f1arse en las elecciones generales del\" \/>\n<meta property=\"og:url\" content=\"http:\/\/www.radiohorizonte.fm\/radio\/2023\/09\/15\/elecciones-2023-daran-un-bono-extra-las-autoridades-de-mesa\/\" \/>\n<meta property=\"og:site_name\" content=\"Horizonte\" \/>\n<meta property=\"article:publisher\" content=\"http:\/\/www.facebook.com\/HORIZONTE106.1\" \/>\n<meta property=\"article:published_time\" content=\"2023-09-15T12:40:02+00:00\" \/>\n<meta property=\"og:image\" content=\"http:\/\/www.radiohorizonte.fm\/radio\/wp-content\/uploads\/2019\/04\/voto.jpg\" \/>\n\t<meta property=\"og:image:width\" content=\"640\" \/>\n\t<meta property=\"og:image:height\" content=\"360\" \/>\n\t<meta property=\"og:image:type\" content=\"image\/jpeg\" \/>\n<meta name=\"author\" content=\"Cristian Galarza\" \/>\n<meta name=\"twitter:card\" content=\"summary_large_image\" \/>\n<meta name=\"twitter:creator\" content=\"@fmhorizonte1061\" \/>\n<meta name=\"twitter:site\" content=\"@fmhorizonte1061\" \/>\n<meta name=\"twitter:label1\" content=\"Escrito por\" \/>\n\t<meta name=\"twitter:data1\" content=\"Cristian Galarza\" \/>\n\t<meta name=\"twitter:label2\" content=\"Tiempo de lectura\" \/>\n\t<meta name=\"twitter:data2\" content=\"2 minutos\" \/>\n<script type=\"application\/ld+json\" class=\"yoast-schema-graph\">{\"@context\":\"https:\\\/\\\/schema.org\",\"@graph\":[{\"@type\":\"Article\",\"@id\":\"http:\\\/\\\/www.radiohorizonte.fm\\\/radio\\\/2023\\\/09\\\/15\\\/elecciones-2023-daran-un-bono-extra-las-autoridades-de-mesa\\\/#article\",\"isPartOf\":{\"@id\":\"http:\\\/\\\/www.radiohorizonte.fm\\\/radio\\\/2023\\\/09\\\/15\\\/elecciones-2023-daran-un-bono-extra-las-autoridades-de-mesa\\\/\"},\"author\":{\"name\":\"Cristian Galarza\",\"@id\":\"http:\\\/\\\/www.radiohorizonte.fm\\\/radio\\\/#\\\/schema\\\/person\\\/f8fa003a405bb86729fd87d15d0ddafa\"},\"headline\":\"Elecciones 2023: dar\u00e1n un bono extra a las autoridades de mesa\",\"datePublished\":\"2023-09-15T12:40:02+00:00\",\"mainEntityOfPage\":{\"@id\":\"http:\\\/\\\/www.radiohorizonte.fm\\\/radio\\\/2023\\\/09\\\/15\\\/elecciones-2023-daran-un-bono-extra-las-autoridades-de-mesa\\\/\"},\"wordCount\":341,\"publisher\":{\"@id\":\"http:\\\/\\\/www.radiohorizonte.fm\\\/radio\\\/#organization\"},\"image\":{\"@id\":\"http:\\\/\\\/www.radiohorizonte.fm\\\/radio\\\/2023\\\/09\\\/15\\\/elecciones-2023-daran-un-bono-extra-las-autoridades-de-mesa\\\/#primaryimage\"},\"thumbnailUrl\":\"http:\\\/\\\/www.radiohorizonte.fm\\\/radio\\\/wp-content\\\/uploads\\\/2019\\\/04\\\/voto.jpg\",\"articleSection\":[\"Noticias\"],\"inLanguage\":\"es-AR\"},{\"@type\":\"WebPage\",\"@id\":\"http:\\\/\\\/www.radiohorizonte.fm\\\/radio\\\/2023\\\/09\\\/15\\\/elecciones-2023-daran-un-bono-extra-las-autoridades-de-mesa\\\/\",\"url\":\"http:\\\/\\\/www.radiohorizonte.fm\\\/radio\\\/2023\\\/09\\\/15\\\/elecciones-2023-daran-un-bono-extra-las-autoridades-de-mesa\\\/\",\"name\":\"Elecciones 2023: dar\u00e1n un bono extra a las autoridades de mesa - Horizonte\",\"isPartOf\":{\"@id\":\"http:\\\/\\\/www.radiohorizonte.fm\\\/radio\\\/#website\"},\"primaryImageOfPage\":{\"@id\":\"http:\\\/\\\/www.radiohorizonte.fm\\\/radio\\\/2023\\\/09\\\/15\\\/elecciones-2023-daran-un-bono-extra-las-autoridades-de-mesa\\\/#primaryimage\"},\"image\":{\"@id\":\"http:\\\/\\\/www.radiohorizonte.fm\\\/radio\\\/2023\\\/09\\\/15\\\/elecciones-2023-daran-un-bono-extra-las-autoridades-de-mesa\\\/#primaryimage\"},\"thumbnailUrl\":\"http:\\\/\\\/www.radiohorizonte.fm\\\/radio\\\/wp-content\\\/uploads\\\/2019\\\/04\\\/voto.jpg\",\"datePublished\":\"2023-09-15T12:40:02+00:00\",\"breadcrumb\":{\"@id\":\"http:\\\/\\\/www.radiohorizonte.fm\\\/radio\\\/2023\\\/09\\\/15\\\/elecciones-2023-daran-un-bono-extra-las-autoridades-de-mesa\\\/#breadcrumb\"},\"inLanguage\":\"es-AR\",\"potentialAction\":[{\"@type\":\"ReadAction\",\"target\":[\"http:\\\/\\\/www.radiohorizonte.fm\\\/radio\\\/2023\\\/09\\\/15\\\/elecciones-2023-daran-un-bono-extra-las-autoridades-de-mesa\\\/\"]}]},{\"@type\":\"ImageObject\",\"inLanguage\":\"es-AR\",\"@id\":\"http:\\\/\\\/www.radiohorizonte.fm\\\/radio\\\/2023\\\/09\\\/15\\\/elecciones-2023-daran-un-bono-extra-las-autoridades-de-mesa\\\/#primaryimage\",\"url\":\"http:\\\/\\\/www.radiohorizonte.fm\\\/radio\\\/wp-content\\\/uploads\\\/2019\\\/04\\\/voto.jpg\",\"contentUrl\":\"http:\\\/\\\/www.radiohorizonte.fm\\\/radio\\\/wp-content\\\/uploads\\\/2019\\\/04\\\/voto.jpg\",\"width\":640,\"height\":360},{\"@type\":\"BreadcrumbList\",\"@id\":\"http:\\\/\\\/www.radiohorizonte.fm\\\/radio\\\/2023\\\/09\\\/15\\\/elecciones-2023-daran-un-bono-extra-las-autoridades-de-mesa\\\/#breadcrumb\",\"itemListElement\":[{\"@type\":\"ListItem\",\"position\":1,\"name\":\"Home\",\"item\":\"http:\\\/\\\/www.radiohorizonte.fm\\\/radio\\\/\"},{\"@type\":\"ListItem\",\"position\":2,\"name\":\"Elecciones 2023: dar\u00e1n un bono extra a las autoridades de mesa\"}]},{\"@type\":\"WebSite\",\"@id\":\"http:\\\/\\\/www.radiohorizonte.fm\\\/radio\\\/#website\",\"url\":\"http:\\\/\\\/www.radiohorizonte.fm\\\/radio\\\/\",\"name\":\"Horizonte\",\"description\":\"Radio Horizonte 106.1 - Una radio de clasicos\",\"publisher\":{\"@id\":\"http:\\\/\\\/www.radiohorizonte.fm\\\/radio\\\/#organization\"},\"potentialAction\":[{\"@type\":\"SearchAction\",\"target\":{\"@type\":\"EntryPoint\",\"urlTemplate\":\"http:\\\/\\\/www.radiohorizonte.fm\\\/radio\\\/?s={search_term_string}\"},\"query-input\":{\"@type\":\"PropertyValueSpecification\",\"valueRequired\":true,\"valueName\":\"search_term_string\"}}],\"inLanguage\":\"es-AR\"},{\"@type\":\"Organization\",\"@id\":\"http:\\\/\\\/www.radiohorizonte.fm\\\/radio\\\/#organization\",\"name\":\"Horizonte\",\"url\":\"http:\\\/\\\/www.radiohorizonte.fm\\\/radio\\\/\",\"logo\":{\"@type\":\"ImageObject\",\"inLanguage\":\"es-AR\",\"@id\":\"http:\\\/\\\/www.radiohorizonte.fm\\\/radio\\\/#\\\/schema\\\/logo\\\/image\\\/\",\"url\":\"http:\\\/\\\/www.radiohorizonte.fm\\\/radio\\\/wp-content\\\/uploads\\\/2025\\\/06\\\/Portada-FM-Horizonte_modelo-imagen-scaled.jpg\",\"contentUrl\":\"http:\\\/\\\/www.radiohorizonte.fm\\\/radio\\\/wp-content\\\/uploads\\\/2025\\\/06\\\/Portada-FM-Horizonte_modelo-imagen-scaled.jpg\",\"width\":2560,\"height\":1056,\"caption\":\"Horizonte\"},\"image\":{\"@id\":\"http:\\\/\\\/www.radiohorizonte.fm\\\/radio\\\/#\\\/schema\\\/logo\\\/image\\\/\"},\"sameAs\":[\"http:\\\/\\\/www.facebook.com\\\/HORIZONTE106.1\",\"https:\\\/\\\/x.com\\\/fmhorizonte1061\"]},{\"@type\":\"Person\",\"@id\":\"http:\\\/\\\/www.radiohorizonte.fm\\\/radio\\\/#\\\/schema\\\/person\\\/f8fa003a405bb86729fd87d15d0ddafa\",\"name\":\"Cristian Galarza\",\"image\":{\"@type\":\"ImageObject\",\"inLanguage\":\"es-AR\",\"@id\":\"https:\\\/\\\/secure.gravatar.com\\\/avatar\\\/fad34bc2c773209c05d7d53b08a69b680eeb55f3be014e52b31643d20ab65925?s=96&d=mm&r=g\",\"url\":\"https:\\\/\\\/secure.gravatar.com\\\/avatar\\\/fad34bc2c773209c05d7d53b08a69b680eeb55f3be014e52b31643d20ab65925?s=96&d=mm&r=g\",\"contentUrl\":\"https:\\\/\\\/secure.gravatar.com\\\/avatar\\\/fad34bc2c773209c05d7d53b08a69b680eeb55f3be014e52b31643d20ab65925?s=96&d=mm&r=g\",\"caption\":\"Cristian Galarza\"},\"url\":\"http:\\\/\\\/www.radiohorizonte.fm\\\/radio\\\/author\\\/cristian\\\/\"}]}<\/script>\n<!-- \/ Yoast SEO plugin. -->","yoast_head_json":{"title":"Elecciones 2023: dar\u00e1n un bono extra a las autoridades de mesa - Horizonte","robots":{"index":"index","follow":"follow","max-snippet":"max-snippet:-1","max-image-preview":"max-image-preview:large","max-video-preview":"max-video-preview:-1"},"canonical":"http:\/\/www.radiohorizonte.fm\/radio\/2023\/09\/15\/elecciones-2023-daran-un-bono-extra-las-autoridades-de-mesa\/","og_locale":"es_ES","og_type":"article","og_title":"Elecciones 2023: dar\u00e1n un bono extra a las autoridades de mesa - Horizonte","og_description":"Quienes realicen tareas vinculadas al acto electoral recibir\u00e1n un pago, en concepto de vi\u00e1ticos, que variar\u00e1 seg\u00fan la actividad desempe\u00f1ada ese d\u00eda. Con el objetivo de impulsar una \u201cm\u00e1xima asistencia de autoridades de mesa\u201d, el Gobierno Nacional defini\u00f3 establecer\u00a0una suma adicional al monto que percibir\u00e1n en concepto de vi\u00e1tico\u00a0por desempe\u00f1arse en las elecciones generales del","og_url":"http:\/\/www.radiohorizonte.fm\/radio\/2023\/09\/15\/elecciones-2023-daran-un-bono-extra-las-autoridades-de-mesa\/","og_site_name":"Horizonte","article_publisher":"http:\/\/www.facebook.com\/HORIZONTE106.1","article_published_time":"2023-09-15T12:40:02+00:00","og_image":[{"width":640,"height":360,"url":"http:\/\/www.radiohorizonte.fm\/radio\/wp-content\/uploads\/2019\/04\/voto.jpg","type":"image\/jpeg"}],"author":"Cristian Galarza","twitter_card":"summary_large_image","twitter_creator":"@fmhorizonte1061","twitter_site":"@fmhorizonte1061","twitter_misc":{"Escrito por":"Cristian Galarza","Tiempo de lectura":"2 minutos"},"schema":{"@context":"https:\/\/schema.org","@graph":[{"@type":"Article","@id":"http:\/\/www.radiohorizonte.fm\/radio\/2023\/09\/15\/elecciones-2023-daran-un-bono-extra-las-autoridades-de-mesa\/#article","isPartOf":{"@id":"http:\/\/www.radiohorizonte.fm\/radio\/2023\/09\/15\/elecciones-2023-daran-un-bono-extra-las-autoridades-de-mesa\/"},"author":{"name":"Cristian Galarza","@id":"http:\/\/www.radiohorizonte.fm\/radio\/#\/schema\/person\/f8fa003a405bb86729fd87d15d0ddafa"},"headline":"Elecciones 2023: dar\u00e1n un bono extra a las autoridades de mesa","datePublished":"2023-09-15T12:40:02+00:00","mainEntityOfPage":{"@id":"http:\/\/www.radiohorizonte.fm\/radio\/2023\/09\/15\/elecciones-2023-daran-un-bono-extra-las-autoridades-de-mesa\/"},"wordCount":341,"publisher":{"@id":"http:\/\/www.radiohorizonte.fm\/radio\/#organization"},"image":{"@id":"http:\/\/www.radiohorizonte.fm\/radio\/2023\/09\/15\/elecciones-2023-daran-un-bono-extra-las-autoridades-de-mesa\/#primaryimage"},"thumbnailUrl":"http:\/\/www.radiohorizonte.fm\/radio\/wp-content\/uploads\/2019\/04\/voto.jpg","articleSection":["Noticias"],"inLanguage":"es-AR"},{"@type":"WebPage","@id":"http:\/\/www.radiohorizonte.fm\/radio\/2023\/09\/15\/elecciones-2023-daran-un-bono-extra-las-autoridades-de-mesa\/","url":"http:\/\/www.radiohorizonte.fm\/radio\/2023\/09\/15\/elecciones-2023-daran-un-bono-extra-las-autoridades-de-mesa\/","name":"Elecciones 2023: dar\u00e1n un bono extra a las autoridades de mesa - Horizonte","isPartOf":{"@id":"http:\/\/www.radiohorizonte.fm\/radio\/#website"},"primaryImageOfPage":{"@id":"http:\/\/www.radiohorizonte.fm\/radio\/2023\/09\/15\/elecciones-2023-daran-un-bono-extra-las-autoridades-de-mesa\/#primaryimage"},"image":{"@id":"http:\/\/www.radiohorizonte.fm\/radio\/2023\/09\/15\/elecciones-2023-daran-un-bono-extra-las-autoridades-de-mesa\/#primaryimage"},"thumbnailUrl":"http:\/\/www.radiohorizonte.fm\/radio\/wp-content\/uploads\/2019\/04\/voto.jpg","datePublished":"2023-09-15T12:40:02+00:00","breadcrumb":{"@id":"http:\/\/www.radiohorizonte.fm\/radio\/2023\/09\/15\/elecciones-2023-daran-un-bono-extra-las-autoridades-de-mesa\/#breadcrumb"},"inLanguage":"es-AR","potentialAction":[{"@type":"ReadAction","target":["http:\/\/www.radiohorizonte.fm\/radio\/2023\/09\/15\/elecciones-2023-daran-un-bono-extra-las-autoridades-de-mesa\/"]}]},{"@type":"ImageObject","inLanguage":"es-AR","@id":"http:\/\/www.radiohorizonte.fm\/radio\/2023\/09\/15\/elecciones-2023-daran-un-bono-extra-las-autoridades-de-mesa\/#primaryimage","url":"http:\/\/www.radiohorizonte.fm\/radio\/wp-content\/uploads\/2019\/04\/voto.jpg","contentUrl":"http:\/\/www.radiohorizonte.fm\/radio\/wp-content\/uploads\/2019\/04\/voto.jpg","width":640,"height":360},{"@type":"BreadcrumbList","@id":"http:\/\/www.radiohorizonte.fm\/radio\/2023\/09\/15\/elecciones-2023-daran-un-bono-extra-las-autoridades-de-mesa\/#breadcrumb","itemListElement":[{"@type":"ListItem","position":1,"name":"Home","item":"http:\/\/www.radiohorizonte.fm\/radio\/"},{"@type":"ListItem","position":2,"name":"Elecciones 2023: dar\u00e1n un bono extra a las autoridades de mesa"}]},{"@type":"WebSite","@id":"http:\/\/www.radiohorizonte.fm\/radio\/#website","url":"http:\/\/www.radiohorizonte.fm\/radio\/","name":"Horizonte","description":"Radio Horizonte 106.1 - Una radio de clasicos","publisher":{"@id":"http:\/\/www.radiohorizonte.fm\/radio\/#organization"},"potentialAction":[{"@type":"SearchAction","target":{"@type":"EntryPoint","urlTemplate":"http:\/\/www.radiohorizonte.fm\/radio\/?s={search_term_string}"},"query-input":{"@type":"PropertyValueSpecification","valueRequired":true,"valueName":"search_term_string"}}],"inLanguage":"es-AR"},{"@type":"Organization","@id":"http:\/\/www.radiohorizonte.fm\/radio\/#organization","name":"Horizonte","url":"http:\/\/www.radiohorizonte.fm\/radio\/","logo":{"@type":"ImageObject","inLanguage":"es-AR","@id":"http:\/\/www.radiohorizonte.fm\/radio\/#\/schema\/logo\/image\/","url":"http:\/\/www.radiohorizonte.fm\/radio\/wp-content\/uploads\/2025\/06\/Portada-FM-Horizonte_modelo-imagen-scaled.jpg","contentUrl":"http:\/\/www.radiohorizonte.fm\/radio\/wp-content\/uploads\/2025\/06\/Portada-FM-Horizonte_modelo-imagen-scaled.jpg","width":2560,"height":1056,"caption":"Horizonte"},"image":{"@id":"http:\/\/www.radiohorizonte.fm\/radio\/#\/schema\/logo\/image\/"},"sameAs":["http:\/\/www.facebook.com\/HORIZONTE106.1","https:\/\/x.com\/fmhorizonte1061"]},{"@type":"Person","@id":"http:\/\/www.radiohorizonte.fm\/radio\/#\/schema\/person\/f8fa003a405bb86729fd87d15d0ddafa","name":"Cristian Galarza","image":{"@type":"ImageObject","inLanguage":"es-AR","@id":"https:\/\/secure.gravatar.com\/avatar\/fad34bc2c773209c05d7d53b08a69b680eeb55f3be014e52b31643d20ab65925?s=96&d=mm&r=g","url":"https:\/\/secure.gravatar.com\/avatar\/fad34bc2c773209c05d7d53b08a69b680eeb55f3be014e52b31643d20ab65925?s=96&d=mm&r=g","contentUrl":"https:\/\/secure.gravatar.com\/avatar\/fad34bc2c773209c05d7d53b08a69b680eeb55f3be014e52b31643d20ab65925?s=96&d=mm&r=g","caption":"Cristian Galarza"},"url":"http:\/\/www.radiohorizonte.fm\/radio\/author\/cristian\/"}]}},"_links":{"self":[{"href":"http:\/\/www.radiohorizonte.fm\/radio\/wp-json\/wp\/v2\/posts\/42018","targetHints":{"allow":["GET"]}}],"collection":[{"href":"http:\/\/www.radiohorizonte.fm\/radio\/wp-json\/wp\/v2\/posts"}],"about":[{"href":"http:\/\/www.radiohorizonte.fm\/radio\/wp-json\/wp\/v2\/types\/post"}],"author":[{"embeddable":true,"href":"http:\/\/www.radiohorizonte.fm\/radio\/wp-json\/wp\/v2\/users\/2"}],"replies":[{"embeddable":true,"href":"http:\/\/www.radiohorizonte.fm\/radio\/wp-json\/wp\/v2\/comments?post=42018"}],"version-history":[{"count":1,"href":"http:\/\/www.radiohorizonte.fm\/radio\/wp-json\/wp\/v2\/posts\/42018\/revisions"}],"predecessor-version":[{"id":42019,"href":"http:\/\/www.radiohorizonte.fm\/radio\/wp-json\/wp\/v2\/posts\/42018\/revisions\/42019"}],"wp:featuredmedia":[{"embeddable":true,"href":"http:\/\/www.radiohorizonte.fm\/radio\/wp-json\/wp\/v2\/media\/21080"}],"wp:attachment":[{"href":"http:\/\/www.radiohorizonte.fm\/radio\/wp-json\/wp\/v2\/media?parent=42018"}],"wp:term":[{"taxonomy":"category","embeddable":true,"href":"http:\/\/www.radiohorizonte.fm\/radio\/wp-json\/wp\/v2\/categories?post=42018"},{"taxonomy":"post_tag","embeddable":true,"href":"http:\/\/www.radiohorizonte.fm\/radio\/wp-json\/wp\/v2\/tags?post=42018"}],"curies":[{"name":"wp","href":"https:\/\/api.w.org\/{rel}","templated":true}]}}