{"id":42027,"date":"2023-09-18T07:20:52","date_gmt":"2023-09-18T10:20:52","guid":{"rendered":"http:\/\/www.radiohorizonte.fm\/radio\/?p=42027"},"modified":"2023-09-18T08:02:59","modified_gmt":"2023-09-18T11:02:59","slug":"nacion-dara-los-jubilados-un-bono-de-15-000-por-hasta-tres-meses","status":"publish","type":"post","link":"http:\/\/www.radiohorizonte.fm\/radio\/2023\/09\/18\/nacion-dara-los-jubilados-un-bono-de-15-000-por-hasta-tres-meses\/","title":{"rendered":"Naci\u00f3n dar\u00e1 a los jubilados un bono de $15.000 por hasta tres meses"},"content":{"rendered":"<div class=\"title\">\n<p>Sergio Massa anunci\u00f3 el pago de un extra de $15.000 para jubilados que cobran hasta un haber y medio. Asegur\u00f3 que, de ser electo presidente, &#8220;privilegiar\u00e1 la inversi\u00f3n en los abuelos&#8221;<\/p>\n<p><img loading=\"lazy\" decoding=\"async\" class=\"alignnone size-full wp-image-42028\" src=\"http:\/\/www.radiohorizonte.fm\/radio\/wp-content\/uploads\/2023\/09\/massa_bono_jubilados.jpeg_966076397.jpeg\" alt=\"\" width=\"970\" height=\"546\" srcset=\"http:\/\/www.radiohorizonte.fm\/radio\/wp-content\/uploads\/2023\/09\/massa_bono_jubilados.jpeg_966076397.jpeg 970w, http:\/\/www.radiohorizonte.fm\/radio\/wp-content\/uploads\/2023\/09\/massa_bono_jubilados.jpeg_966076397-300x169.jpeg 300w, http:\/\/www.radiohorizonte.fm\/radio\/wp-content\/uploads\/2023\/09\/massa_bono_jubilados.jpeg_966076397-768x432.jpeg 768w, http:\/\/www.radiohorizonte.fm\/radio\/wp-content\/uploads\/2023\/09\/massa_bono_jubilados.jpeg_966076397-65x37.jpeg 65w, http:\/\/www.radiohorizonte.fm\/radio\/wp-content\/uploads\/2023\/09\/massa_bono_jubilados.jpeg_966076397-320x180.jpeg 320w, http:\/\/www.radiohorizonte.fm\/radio\/wp-content\/uploads\/2023\/09\/massa_bono_jubilados.jpeg_966076397-85x48.jpeg 85w, http:\/\/www.radiohorizonte.fm\/radio\/wp-content\/uploads\/2023\/09\/massa_bono_jubilados.jpeg_966076397-220x125.jpeg 220w, http:\/\/www.radiohorizonte.fm\/radio\/wp-content\/uploads\/2023\/09\/massa_bono_jubilados.jpeg_966076397-90x51.jpeg 90w\" sizes=\"auto, (max-width: 970px) 100vw, 970px\" \/><\/p>\n<\/div>\n<div class=\"nota-autor-container clearfix\">Luego de la devaluaci\u00f3n, el ministro de Econom\u00eda, Sergio Massa,\u00a0<strong>lanz\u00f3 este domingo un nuevo bono de $15.000 para jubilados de PAMI que regir\u00e1 a partir del primero de octubre<\/strong>\u00a0y\u00a0se sumar\u00e1\u00a0al aumento que ese grupo recibi\u00f3 este mes y al refuerzo de $37.000 que cobrar\u00e1n hasta noviembre. El nuevo extra corresponde al\u00a0<strong>Programa Alimentario del organismo y se acreditar\u00e1 junto a los haberes mensuales\u00a0seg\u00fan calendario de Anses<\/strong>.<\/div>\n<div><\/div>\n<div>Este bono de $15.000 mensuales llega para aquellos afiliados al organismo que cobren hasta $131.190 (haber m\u00ednimo y medio sin el refuerzo de $37.000) en un contexto de\u00a0<strong>inercia inflacionaria producto de la suba del 22% en el d\u00f3lar oficial que r\u00e1pidamente se traslad\u00f3 a los precios\u00a0<\/strong>y dispar\u00f3 el IPC de agosto al 12,4%, con un importante impacto en los alimentos que aumentaron durante el mes pasado el 15,6%, mientras que la\u00a0<strong>Canasta B\u00e1sica Alimentaria, que marca la l\u00ednea de indigencia,\u00a0trep\u00f3 un 17%<\/strong>.<\/div>\n","protected":false},"excerpt":{"rendered":"<div class=\"post-excerpt\"><p>Sergio Massa anunci\u00f3 el pago de un extra de $15.000 para jubilados que cobran hasta un haber y medio. Asegur\u00f3 que, de ser electo presidente, &#8220;privilegiar\u00e1 la inversi\u00f3n en los abuelos&#8221; Luego de la devaluaci\u00f3n, el ministro de Econom\u00eda, Sergio Massa,\u00a0lanz\u00f3 este domingo un nuevo bono de $15.000 para jubilados de PAMI que regir\u00e1 a<\/p>\n<\/div>","protected":false},"author":2,"featured_media":42028,"comment_status":"closed","ping_status":"closed","sticky":false,"template":"","format":"standard","meta":{"_acf_changed":false,"footnotes":""},"categories":[2],"tags":[],"class_list":["post-42027","post","type-post","status-publish","format-standard","has-post-thumbnail","hentry","category-noticias"],"acf":[],"yoast_head":"<!-- This site is optimized with the Yoast SEO plugin v28.1 - https:\/\/yoast.com\/product\/yoast-seo-wordpress\/ -->\n<title>Naci\u00f3n dar\u00e1 a los jubilados un bono de $15.000 por hasta tres meses - Horizonte<\/title>\n<meta name=\"robots\" content=\"index, follow, max-snippet:-1, max-image-preview:large, max-video-preview:-1\" \/>\n<link rel=\"canonical\" href=\"http:\/\/www.radiohorizonte.fm\/radio\/2023\/09\/18\/nacion-dara-los-jubilados-un-bono-de-15-000-por-hasta-tres-meses\/\" \/>\n<meta property=\"og:locale\" content=\"es_ES\" \/>\n<meta property=\"og:type\" content=\"article\" \/>\n<meta property=\"og:title\" content=\"Naci\u00f3n dar\u00e1 a los jubilados un bono de $15.000 por hasta tres meses - Horizonte\" \/>\n<meta property=\"og:description\" content=\"Sergio Massa anunci\u00f3 el pago de un extra de $15.000 para jubilados que cobran hasta un haber y medio. Asegur\u00f3 que, de ser electo presidente, &#8220;privilegiar\u00e1 la inversi\u00f3n en los abuelos&#8221; Luego de la devaluaci\u00f3n, el ministro de Econom\u00eda, Sergio Massa,\u00a0lanz\u00f3 este domingo un nuevo bono de $15.000 para jubilados de PAMI que regir\u00e1 a\" \/>\n<meta property=\"og:url\" content=\"http:\/\/www.radiohorizonte.fm\/radio\/2023\/09\/18\/nacion-dara-los-jubilados-un-bono-de-15-000-por-hasta-tres-meses\/\" \/>\n<meta property=\"og:site_name\" content=\"Horizonte\" \/>\n<meta property=\"article:publisher\" content=\"http:\/\/www.facebook.com\/HORIZONTE106.1\" \/>\n<meta property=\"article:published_time\" content=\"2023-09-18T10:20:52+00:00\" \/>\n<meta property=\"article:modified_time\" content=\"2023-09-18T11:02:59+00:00\" \/>\n<meta property=\"og:image\" content=\"http:\/\/www.radiohorizonte.fm\/radio\/wp-content\/uploads\/2023\/09\/massa_bono_jubilados.jpeg_966076397.jpeg\" \/>\n\t<meta property=\"og:image:width\" content=\"970\" \/>\n\t<meta property=\"og:image:height\" content=\"546\" \/>\n\t<meta property=\"og:image:type\" content=\"image\/jpeg\" \/>\n<meta name=\"author\" content=\"Cristian Galarza\" \/>\n<meta name=\"twitter:card\" content=\"summary_large_image\" \/>\n<meta name=\"twitter:creator\" content=\"@fmhorizonte1061\" \/>\n<meta name=\"twitter:site\" content=\"@fmhorizonte1061\" \/>\n<meta name=\"twitter:label1\" content=\"Escrito por\" \/>\n\t<meta name=\"twitter:data1\" content=\"Cristian Galarza\" \/>\n\t<meta name=\"twitter:label2\" content=\"Tiempo de lectura\" \/>\n\t<meta name=\"twitter:data2\" content=\"1 minuto\" \/>\n<script type=\"application\/ld+json\" class=\"yoast-schema-graph\">{\"@context\":\"https:\\\/\\\/schema.org\",\"@graph\":[{\"@type\":\"Article\",\"@id\":\"http:\\\/\\\/www.radiohorizonte.fm\\\/radio\\\/2023\\\/09\\\/18\\\/nacion-dara-los-jubilados-un-bono-de-15-000-por-hasta-tres-meses\\\/#article\",\"isPartOf\":{\"@id\":\"http:\\\/\\\/www.radiohorizonte.fm\\\/radio\\\/2023\\\/09\\\/18\\\/nacion-dara-los-jubilados-un-bono-de-15-000-por-hasta-tres-meses\\\/\"},\"author\":{\"name\":\"Cristian Galarza\",\"@id\":\"http:\\\/\\\/www.radiohorizonte.fm\\\/radio\\\/#\\\/schema\\\/person\\\/f8fa003a405bb86729fd87d15d0ddafa\"},\"headline\":\"Naci\u00f3n dar\u00e1 a los jubilados un bono de $15.000 por hasta tres meses\",\"datePublished\":\"2023-09-18T10:20:52+00:00\",\"dateModified\":\"2023-09-18T11:02:59+00:00\",\"mainEntityOfPage\":{\"@id\":\"http:\\\/\\\/www.radiohorizonte.fm\\\/radio\\\/2023\\\/09\\\/18\\\/nacion-dara-los-jubilados-un-bono-de-15-000-por-hasta-tres-meses\\\/\"},\"wordCount\":200,\"publisher\":{\"@id\":\"http:\\\/\\\/www.radiohorizonte.fm\\\/radio\\\/#organization\"},\"image\":{\"@id\":\"http:\\\/\\\/www.radiohorizonte.fm\\\/radio\\\/2023\\\/09\\\/18\\\/nacion-dara-los-jubilados-un-bono-de-15-000-por-hasta-tres-meses\\\/#primaryimage\"},\"thumbnailUrl\":\"http:\\\/\\\/www.radiohorizonte.fm\\\/radio\\\/wp-content\\\/uploads\\\/2023\\\/09\\\/massa_bono_jubilados.jpeg_966076397.jpeg\",\"articleSection\":[\"Noticias\"],\"inLanguage\":\"es-AR\"},{\"@type\":\"WebPage\",\"@id\":\"http:\\\/\\\/www.radiohorizonte.fm\\\/radio\\\/2023\\\/09\\\/18\\\/nacion-dara-los-jubilados-un-bono-de-15-000-por-hasta-tres-meses\\\/\",\"url\":\"http:\\\/\\\/www.radiohorizonte.fm\\\/radio\\\/2023\\\/09\\\/18\\\/nacion-dara-los-jubilados-un-bono-de-15-000-por-hasta-tres-meses\\\/\",\"name\":\"Naci\u00f3n dar\u00e1 a los jubilados un bono de $15.000 por hasta tres meses - Horizonte\",\"isPartOf\":{\"@id\":\"http:\\\/\\\/www.radiohorizonte.fm\\\/radio\\\/#website\"},\"primaryImageOfPage\":{\"@id\":\"http:\\\/\\\/www.radiohorizonte.fm\\\/radio\\\/2023\\\/09\\\/18\\\/nacion-dara-los-jubilados-un-bono-de-15-000-por-hasta-tres-meses\\\/#primaryimage\"},\"image\":{\"@id\":\"http:\\\/\\\/www.radiohorizonte.fm\\\/radio\\\/2023\\\/09\\\/18\\\/nacion-dara-los-jubilados-un-bono-de-15-000-por-hasta-tres-meses\\\/#primaryimage\"},\"thumbnailUrl\":\"http:\\\/\\\/www.radiohorizonte.fm\\\/radio\\\/wp-content\\\/uploads\\\/2023\\\/09\\\/massa_bono_jubilados.jpeg_966076397.jpeg\",\"datePublished\":\"2023-09-18T10:20:52+00:00\",\"dateModified\":\"2023-09-18T11:02:59+00:00\",\"breadcrumb\":{\"@id\":\"http:\\\/\\\/www.radiohorizonte.fm\\\/radio\\\/2023\\\/09\\\/18\\\/nacion-dara-los-jubilados-un-bono-de-15-000-por-hasta-tres-meses\\\/#breadcrumb\"},\"inLanguage\":\"es-AR\",\"potentialAction\":[{\"@type\":\"ReadAction\",\"target\":[\"http:\\\/\\\/www.radiohorizonte.fm\\\/radio\\\/2023\\\/09\\\/18\\\/nacion-dara-los-jubilados-un-bono-de-15-000-por-hasta-tres-meses\\\/\"]}]},{\"@type\":\"ImageObject\",\"inLanguage\":\"es-AR\",\"@id\":\"http:\\\/\\\/www.radiohorizonte.fm\\\/radio\\\/2023\\\/09\\\/18\\\/nacion-dara-los-jubilados-un-bono-de-15-000-por-hasta-tres-meses\\\/#primaryimage\",\"url\":\"http:\\\/\\\/www.radiohorizonte.fm\\\/radio\\\/wp-content\\\/uploads\\\/2023\\\/09\\\/massa_bono_jubilados.jpeg_966076397.jpeg\",\"contentUrl\":\"http:\\\/\\\/www.radiohorizonte.fm\\\/radio\\\/wp-content\\\/uploads\\\/2023\\\/09\\\/massa_bono_jubilados.jpeg_966076397.jpeg\",\"width\":970,\"height\":546},{\"@type\":\"BreadcrumbList\",\"@id\":\"http:\\\/\\\/www.radiohorizonte.fm\\\/radio\\\/2023\\\/09\\\/18\\\/nacion-dara-los-jubilados-un-bono-de-15-000-por-hasta-tres-meses\\\/#breadcrumb\",\"itemListElement\":[{\"@type\":\"ListItem\",\"position\":1,\"name\":\"Home\",\"item\":\"http:\\\/\\\/www.radiohorizonte.fm\\\/radio\\\/\"},{\"@type\":\"ListItem\",\"position\":2,\"name\":\"Naci\u00f3n dar\u00e1 a los jubilados un bono de $15.000 por hasta tres meses\"}]},{\"@type\":\"WebSite\",\"@id\":\"http:\\\/\\\/www.radiohorizonte.fm\\\/radio\\\/#website\",\"url\":\"http:\\\/\\\/www.radiohorizonte.fm\\\/radio\\\/\",\"name\":\"Horizonte\",\"description\":\"Radio Horizonte 106.1 - Una radio de clasicos\",\"publisher\":{\"@id\":\"http:\\\/\\\/www.radiohorizonte.fm\\\/radio\\\/#organization\"},\"potentialAction\":[{\"@type\":\"SearchAction\",\"target\":{\"@type\":\"EntryPoint\",\"urlTemplate\":\"http:\\\/\\\/www.radiohorizonte.fm\\\/radio\\\/?s={search_term_string}\"},\"query-input\":{\"@type\":\"PropertyValueSpecification\",\"valueRequired\":true,\"valueName\":\"search_term_string\"}}],\"inLanguage\":\"es-AR\"},{\"@type\":\"Organization\",\"@id\":\"http:\\\/\\\/www.radiohorizonte.fm\\\/radio\\\/#organization\",\"name\":\"Horizonte\",\"url\":\"http:\\\/\\\/www.radiohorizonte.fm\\\/radio\\\/\",\"logo\":{\"@type\":\"ImageObject\",\"inLanguage\":\"es-AR\",\"@id\":\"http:\\\/\\\/www.radiohorizonte.fm\\\/radio\\\/#\\\/schema\\\/logo\\\/image\\\/\",\"url\":\"http:\\\/\\\/www.radiohorizonte.fm\\\/radio\\\/wp-content\\\/uploads\\\/2025\\\/06\\\/Portada-FM-Horizonte_modelo-imagen-scaled.jpg\",\"contentUrl\":\"http:\\\/\\\/www.radiohorizonte.fm\\\/radio\\\/wp-content\\\/uploads\\\/2025\\\/06\\\/Portada-FM-Horizonte_modelo-imagen-scaled.jpg\",\"width\":2560,\"height\":1056,\"caption\":\"Horizonte\"},\"image\":{\"@id\":\"http:\\\/\\\/www.radiohorizonte.fm\\\/radio\\\/#\\\/schema\\\/logo\\\/image\\\/\"},\"sameAs\":[\"http:\\\/\\\/www.facebook.com\\\/HORIZONTE106.1\",\"https:\\\/\\\/x.com\\\/fmhorizonte1061\"]},{\"@type\":\"Person\",\"@id\":\"http:\\\/\\\/www.radiohorizonte.fm\\\/radio\\\/#\\\/schema\\\/person\\\/f8fa003a405bb86729fd87d15d0ddafa\",\"name\":\"Cristian Galarza\",\"image\":{\"@type\":\"ImageObject\",\"inLanguage\":\"es-AR\",\"@id\":\"https:\\\/\\\/secure.gravatar.com\\\/avatar\\\/fad34bc2c773209c05d7d53b08a69b680eeb55f3be014e52b31643d20ab65925?s=96&d=mm&r=g\",\"url\":\"https:\\\/\\\/secure.gravatar.com\\\/avatar\\\/fad34bc2c773209c05d7d53b08a69b680eeb55f3be014e52b31643d20ab65925?s=96&d=mm&r=g\",\"contentUrl\":\"https:\\\/\\\/secure.gravatar.com\\\/avatar\\\/fad34bc2c773209c05d7d53b08a69b680eeb55f3be014e52b31643d20ab65925?s=96&d=mm&r=g\",\"caption\":\"Cristian Galarza\"},\"url\":\"http:\\\/\\\/www.radiohorizonte.fm\\\/radio\\\/author\\\/cristian\\\/\"}]}<\/script>\n<!-- \/ Yoast SEO plugin. -->","yoast_head_json":{"title":"Naci\u00f3n dar\u00e1 a los jubilados un bono de $15.000 por hasta tres meses - Horizonte","robots":{"index":"index","follow":"follow","max-snippet":"max-snippet:-1","max-image-preview":"max-image-preview:large","max-video-preview":"max-video-preview:-1"},"canonical":"http:\/\/www.radiohorizonte.fm\/radio\/2023\/09\/18\/nacion-dara-los-jubilados-un-bono-de-15-000-por-hasta-tres-meses\/","og_locale":"es_ES","og_type":"article","og_title":"Naci\u00f3n dar\u00e1 a los jubilados un bono de $15.000 por hasta tres meses - Horizonte","og_description":"Sergio Massa anunci\u00f3 el pago de un extra de $15.000 para jubilados que cobran hasta un haber y medio. Asegur\u00f3 que, de ser electo presidente, &#8220;privilegiar\u00e1 la inversi\u00f3n en los abuelos&#8221; Luego de la devaluaci\u00f3n, el ministro de Econom\u00eda, Sergio Massa,\u00a0lanz\u00f3 este domingo un nuevo bono de $15.000 para jubilados de PAMI que regir\u00e1 a","og_url":"http:\/\/www.radiohorizonte.fm\/radio\/2023\/09\/18\/nacion-dara-los-jubilados-un-bono-de-15-000-por-hasta-tres-meses\/","og_site_name":"Horizonte","article_publisher":"http:\/\/www.facebook.com\/HORIZONTE106.1","article_published_time":"2023-09-18T10:20:52+00:00","article_modified_time":"2023-09-18T11:02:59+00:00","og_image":[{"width":970,"height":546,"url":"http:\/\/www.radiohorizonte.fm\/radio\/wp-content\/uploads\/2023\/09\/massa_bono_jubilados.jpeg_966076397.jpeg","type":"image\/jpeg"}],"author":"Cristian Galarza","twitter_card":"summary_large_image","twitter_creator":"@fmhorizonte1061","twitter_site":"@fmhorizonte1061","twitter_misc":{"Escrito por":"Cristian Galarza","Tiempo de lectura":"1 minuto"},"schema":{"@context":"https:\/\/schema.org","@graph":[{"@type":"Article","@id":"http:\/\/www.radiohorizonte.fm\/radio\/2023\/09\/18\/nacion-dara-los-jubilados-un-bono-de-15-000-por-hasta-tres-meses\/#article","isPartOf":{"@id":"http:\/\/www.radiohorizonte.fm\/radio\/2023\/09\/18\/nacion-dara-los-jubilados-un-bono-de-15-000-por-hasta-tres-meses\/"},"author":{"name":"Cristian Galarza","@id":"http:\/\/www.radiohorizonte.fm\/radio\/#\/schema\/person\/f8fa003a405bb86729fd87d15d0ddafa"},"headline":"Naci\u00f3n dar\u00e1 a los jubilados un bono de $15.000 por hasta tres meses","datePublished":"2023-09-18T10:20:52+00:00","dateModified":"2023-09-18T11:02:59+00:00","mainEntityOfPage":{"@id":"http:\/\/www.radiohorizonte.fm\/radio\/2023\/09\/18\/nacion-dara-los-jubilados-un-bono-de-15-000-por-hasta-tres-meses\/"},"wordCount":200,"publisher":{"@id":"http:\/\/www.radiohorizonte.fm\/radio\/#organization"},"image":{"@id":"http:\/\/www.radiohorizonte.fm\/radio\/2023\/09\/18\/nacion-dara-los-jubilados-un-bono-de-15-000-por-hasta-tres-meses\/#primaryimage"},"thumbnailUrl":"http:\/\/www.radiohorizonte.fm\/radio\/wp-content\/uploads\/2023\/09\/massa_bono_jubilados.jpeg_966076397.jpeg","articleSection":["Noticias"],"inLanguage":"es-AR"},{"@type":"WebPage","@id":"http:\/\/www.radiohorizonte.fm\/radio\/2023\/09\/18\/nacion-dara-los-jubilados-un-bono-de-15-000-por-hasta-tres-meses\/","url":"http:\/\/www.radiohorizonte.fm\/radio\/2023\/09\/18\/nacion-dara-los-jubilados-un-bono-de-15-000-por-hasta-tres-meses\/","name":"Naci\u00f3n dar\u00e1 a los jubilados un bono de $15.000 por hasta tres meses - Horizonte","isPartOf":{"@id":"http:\/\/www.radiohorizonte.fm\/radio\/#website"},"primaryImageOfPage":{"@id":"http:\/\/www.radiohorizonte.fm\/radio\/2023\/09\/18\/nacion-dara-los-jubilados-un-bono-de-15-000-por-hasta-tres-meses\/#primaryimage"},"image":{"@id":"http:\/\/www.radiohorizonte.fm\/radio\/2023\/09\/18\/nacion-dara-los-jubilados-un-bono-de-15-000-por-hasta-tres-meses\/#primaryimage"},"thumbnailUrl":"http:\/\/www.radiohorizonte.fm\/radio\/wp-content\/uploads\/2023\/09\/massa_bono_jubilados.jpeg_966076397.jpeg","datePublished":"2023-09-18T10:20:52+00:00","dateModified":"2023-09-18T11:02:59+00:00","breadcrumb":{"@id":"http:\/\/www.radiohorizonte.fm\/radio\/2023\/09\/18\/nacion-dara-los-jubilados-un-bono-de-15-000-por-hasta-tres-meses\/#breadcrumb"},"inLanguage":"es-AR","potentialAction":[{"@type":"ReadAction","target":["http:\/\/www.radiohorizonte.fm\/radio\/2023\/09\/18\/nacion-dara-los-jubilados-un-bono-de-15-000-por-hasta-tres-meses\/"]}]},{"@type":"ImageObject","inLanguage":"es-AR","@id":"http:\/\/www.radiohorizonte.fm\/radio\/2023\/09\/18\/nacion-dara-los-jubilados-un-bono-de-15-000-por-hasta-tres-meses\/#primaryimage","url":"http:\/\/www.radiohorizonte.fm\/radio\/wp-content\/uploads\/2023\/09\/massa_bono_jubilados.jpeg_966076397.jpeg","contentUrl":"http:\/\/www.radiohorizonte.fm\/radio\/wp-content\/uploads\/2023\/09\/massa_bono_jubilados.jpeg_966076397.jpeg","width":970,"height":546},{"@type":"BreadcrumbList","@id":"http:\/\/www.radiohorizonte.fm\/radio\/2023\/09\/18\/nacion-dara-los-jubilados-un-bono-de-15-000-por-hasta-tres-meses\/#breadcrumb","itemListElement":[{"@type":"ListItem","position":1,"name":"Home","item":"http:\/\/www.radiohorizonte.fm\/radio\/"},{"@type":"ListItem","position":2,"name":"Naci\u00f3n dar\u00e1 a los jubilados un bono de $15.000 por hasta tres meses"}]},{"@type":"WebSite","@id":"http:\/\/www.radiohorizonte.fm\/radio\/#website","url":"http:\/\/www.radiohorizonte.fm\/radio\/","name":"Horizonte","description":"Radio Horizonte 106.1 - Una radio de clasicos","publisher":{"@id":"http:\/\/www.radiohorizonte.fm\/radio\/#organization"},"potentialAction":[{"@type":"SearchAction","target":{"@type":"EntryPoint","urlTemplate":"http:\/\/www.radiohorizonte.fm\/radio\/?s={search_term_string}"},"query-input":{"@type":"PropertyValueSpecification","valueRequired":true,"valueName":"search_term_string"}}],"inLanguage":"es-AR"},{"@type":"Organization","@id":"http:\/\/www.radiohorizonte.fm\/radio\/#organization","name":"Horizonte","url":"http:\/\/www.radiohorizonte.fm\/radio\/","logo":{"@type":"ImageObject","inLanguage":"es-AR","@id":"http:\/\/www.radiohorizonte.fm\/radio\/#\/schema\/logo\/image\/","url":"http:\/\/www.radiohorizonte.fm\/radio\/wp-content\/uploads\/2025\/06\/Portada-FM-Horizonte_modelo-imagen-scaled.jpg","contentUrl":"http:\/\/www.radiohorizonte.fm\/radio\/wp-content\/uploads\/2025\/06\/Portada-FM-Horizonte_modelo-imagen-scaled.jpg","width":2560,"height":1056,"caption":"Horizonte"},"image":{"@id":"http:\/\/www.radiohorizonte.fm\/radio\/#\/schema\/logo\/image\/"},"sameAs":["http:\/\/www.facebook.com\/HORIZONTE106.1","https:\/\/x.com\/fmhorizonte1061"]},{"@type":"Person","@id":"http:\/\/www.radiohorizonte.fm\/radio\/#\/schema\/person\/f8fa003a405bb86729fd87d15d0ddafa","name":"Cristian Galarza","image":{"@type":"ImageObject","inLanguage":"es-AR","@id":"https:\/\/secure.gravatar.com\/avatar\/fad34bc2c773209c05d7d53b08a69b680eeb55f3be014e52b31643d20ab65925?s=96&d=mm&r=g","url":"https:\/\/secure.gravatar.com\/avatar\/fad34bc2c773209c05d7d53b08a69b680eeb55f3be014e52b31643d20ab65925?s=96&d=mm&r=g","contentUrl":"https:\/\/secure.gravatar.com\/avatar\/fad34bc2c773209c05d7d53b08a69b680eeb55f3be014e52b31643d20ab65925?s=96&d=mm&r=g","caption":"Cristian Galarza"},"url":"http:\/\/www.radiohorizonte.fm\/radio\/author\/cristian\/"}]}},"_links":{"self":[{"href":"http:\/\/www.radiohorizonte.fm\/radio\/wp-json\/wp\/v2\/posts\/42027","targetHints":{"allow":["GET"]}}],"collection":[{"href":"http:\/\/www.radiohorizonte.fm\/radio\/wp-json\/wp\/v2\/posts"}],"about":[{"href":"http:\/\/www.radiohorizonte.fm\/radio\/wp-json\/wp\/v2\/types\/post"}],"author":[{"embeddable":true,"href":"http:\/\/www.radiohorizonte.fm\/radio\/wp-json\/wp\/v2\/users\/2"}],"replies":[{"embeddable":true,"href":"http:\/\/www.radiohorizonte.fm\/radio\/wp-json\/wp\/v2\/comments?post=42027"}],"version-history":[{"count":1,"href":"http:\/\/www.radiohorizonte.fm\/radio\/wp-json\/wp\/v2\/posts\/42027\/revisions"}],"predecessor-version":[{"id":42029,"href":"http:\/\/www.radiohorizonte.fm\/radio\/wp-json\/wp\/v2\/posts\/42027\/revisions\/42029"}],"wp:featuredmedia":[{"embeddable":true,"href":"http:\/\/www.radiohorizonte.fm\/radio\/wp-json\/wp\/v2\/media\/42028"}],"wp:attachment":[{"href":"http:\/\/www.radiohorizonte.fm\/radio\/wp-json\/wp\/v2\/media?parent=42027"}],"wp:term":[{"taxonomy":"category","embeddable":true,"href":"http:\/\/www.radiohorizonte.fm\/radio\/wp-json\/wp\/v2\/categories?post=42027"},{"taxonomy":"post_tag","embeddable":true,"href":"http:\/\/www.radiohorizonte.fm\/radio\/wp-json\/wp\/v2\/tags?post=42027"}],"curies":[{"name":"wp","href":"https:\/\/api.w.org\/{rel}","templated":true}]}}