{"id":42032,"date":"2023-09-18T12:27:15","date_gmt":"2023-09-18T15:27:15","guid":{"rendered":"http:\/\/www.radiohorizonte.fm\/radio\/?p=42032"},"modified":"2023-09-18T12:27:15","modified_gmt":"2023-09-18T15:27:15","slug":"futuro-proyecto-de-energia-renovable-para-isla-las-damas-frente-la-ciudad-de-goya","status":"publish","type":"post","link":"http:\/\/www.radiohorizonte.fm\/radio\/2023\/09\/18\/futuro-proyecto-de-energia-renovable-para-isla-las-damas-frente-la-ciudad-de-goya\/","title":{"rendered":"Futuro proyecto de energ\u00eda renovable para Isla las Damas frente a la ciudad de Goya"},"content":{"rendered":"<p>El Ministerio de Turismo conjuntamente con la Secretaria de Energ\u00edas de la Provincia vienen realizando visitas e inspecciones a diferentes lugares tur\u00edsticos de la Provincia que se encuentran con la necesidad de instalar paneles fotovoltaicos con el fin de mejorar la calidad y los servicios en dichos establecimientos y espacios.<\/p>\n<p><img loading=\"lazy\" decoding=\"async\" class=\"alignnone size-full wp-image-42033\" src=\"http:\/\/www.radiohorizonte.fm\/radio\/wp-content\/uploads\/2023\/09\/imagen-49809.jpg\" alt=\"\" width=\"960\" height=\"1280\" srcset=\"http:\/\/www.radiohorizonte.fm\/radio\/wp-content\/uploads\/2023\/09\/imagen-49809.jpg 960w, http:\/\/www.radiohorizonte.fm\/radio\/wp-content\/uploads\/2023\/09\/imagen-49809-225x300.jpg 225w, http:\/\/www.radiohorizonte.fm\/radio\/wp-content\/uploads\/2023\/09\/imagen-49809-768x1024.jpg 768w, http:\/\/www.radiohorizonte.fm\/radio\/wp-content\/uploads\/2023\/09\/imagen-49809-300x400.jpg 300w, http:\/\/www.radiohorizonte.fm\/radio\/wp-content\/uploads\/2023\/09\/imagen-49809-49x65.jpg 49w, http:\/\/www.radiohorizonte.fm\/radio\/wp-content\/uploads\/2023\/09\/imagen-49809-150x200.jpg 150w, http:\/\/www.radiohorizonte.fm\/radio\/wp-content\/uploads\/2023\/09\/imagen-49809-64x85.jpg 64w, http:\/\/www.radiohorizonte.fm\/radio\/wp-content\/uploads\/2023\/09\/imagen-49809-94x125.jpg 94w, http:\/\/www.radiohorizonte.fm\/radio\/wp-content\/uploads\/2023\/09\/imagen-49809-68x90.jpg 68w\" sizes=\"auto, (max-width: 960px) 100vw, 960px\" \/><\/p>\n<p>Por lo tanto, se visit\u00f3 y recorri\u00f3 las instalaciones de Isla las Damas ubicada a unos 250 metros frente de la costanera de la ciudad de Goya. En la ocasi\u00f3n, estuvo presente Oscar Mac\u00edas, Secretario de Desarrollo Tur\u00edstico Regional y Coordinaci\u00f3n de Eventos del Ministerio de Turismo; el Ing. Luis Vera, Director de Desarrollo de energ\u00edas renovables acompa\u00f1ado por el Ing. Luciano Zini y la Arquitecta Alexia Stucke. Por otra parte, acompa\u00f1aron la actividad el Director de Turismo de Goya, Sebasti\u00e1n Candia De Biasio; Valerio Ram\u00edrez, Secretario de Producci\u00f3n y Adriana G\u00f3mez Arizaga Directora de Recursos Naturales y Medio ambiente de Goya.<\/p>\n<p>Asimismo, Luis Vera Director de Desarrollo de Energ\u00eda renovables coment\u00f3 \u201cen la oportunidad junto a turismo recorrimos el \u00e1rea de isla las damas que necesita energ\u00eda el\u00e9ctrica\u201d. Por lo tanto, se\u00f1al\u00f3 que se hizo el relevamiento para ver la posibilidad de alimentaci\u00f3n a trav\u00e9s de paneles de fotovoltaicos para que este lugar que tiene una visita de 6000 alumnos de la regi\u00f3n pueda contar con energ\u00eda el\u00e9ctrica y as\u00ed ampliar sus capacidades.<\/p>\n<p>A su turno, Oscar Macias manifest\u00f3 \u201cestamos recorriendo y viendo las necesidades del lugar, apostando al turismo, y acompa\u00f1ando a la gente de energ\u00edas renovables de la Provincia. Estamos trabajando en conjunto para un futuro y para que \u00e9sto se siga desarrollando. Tenemos consciencia de que la gente esta \u00e1vida de naturaleza y de conocer lo que tenemos de flora y fauna en nuestra localidad y en isla las damas\u201d puntualizo.<\/p>\n","protected":false},"excerpt":{"rendered":"<div class=\"post-excerpt\"><p>El Ministerio de Turismo conjuntamente con la Secretaria de Energ\u00edas de la Provincia vienen realizando visitas e inspecciones a diferentes lugares tur\u00edsticos de la Provincia que se encuentran con la necesidad de instalar paneles fotovoltaicos con el fin de mejorar la calidad y los servicios en dichos establecimientos y espacios. Por lo tanto, se visit\u00f3<\/p>\n<\/div>","protected":false},"author":2,"featured_media":42033,"comment_status":"closed","ping_status":"closed","sticky":false,"template":"","format":"standard","meta":{"_acf_changed":false,"footnotes":""},"categories":[2],"tags":[],"class_list":["post-42032","post","type-post","status-publish","format-standard","has-post-thumbnail","hentry","category-noticias"],"acf":[],"yoast_head":"<!-- This site is optimized with the Yoast SEO plugin v28.1 - https:\/\/yoast.com\/product\/yoast-seo-wordpress\/ -->\n<title>Futuro proyecto de energ\u00eda renovable para Isla las Damas frente a la ciudad de Goya - Horizonte<\/title>\n<meta name=\"robots\" content=\"index, follow, max-snippet:-1, max-image-preview:large, max-video-preview:-1\" \/>\n<link rel=\"canonical\" href=\"https:\/\/www.radiohorizonte.fm\/radio\/2023\/09\/18\/futuro-proyecto-de-energia-renovable-para-isla-las-damas-frente-la-ciudad-de-goya\/\" \/>\n<meta property=\"og:locale\" content=\"es_ES\" \/>\n<meta property=\"og:type\" content=\"article\" \/>\n<meta property=\"og:title\" content=\"Futuro proyecto de energ\u00eda renovable para Isla las Damas frente a la ciudad de Goya - Horizonte\" \/>\n<meta property=\"og:description\" content=\"El Ministerio de Turismo conjuntamente con la Secretaria de Energ\u00edas de la Provincia vienen realizando visitas e inspecciones a diferentes lugares tur\u00edsticos de la Provincia que se encuentran con la necesidad de instalar paneles fotovoltaicos con el fin de mejorar la calidad y los servicios en dichos establecimientos y espacios. Por lo tanto, se visit\u00f3\" \/>\n<meta property=\"og:url\" content=\"https:\/\/www.radiohorizonte.fm\/radio\/2023\/09\/18\/futuro-proyecto-de-energia-renovable-para-isla-las-damas-frente-la-ciudad-de-goya\/\" \/>\n<meta property=\"og:site_name\" content=\"Horizonte\" \/>\n<meta property=\"article:publisher\" content=\"http:\/\/www.facebook.com\/HORIZONTE106.1\" \/>\n<meta property=\"article:published_time\" content=\"2023-09-18T15:27:15+00:00\" \/>\n<meta property=\"og:image\" content=\"https:\/\/www.radiohorizonte.fm\/radio\/wp-content\/uploads\/2023\/09\/imagen-49809.jpg\" \/>\n\t<meta property=\"og:image:width\" content=\"960\" \/>\n\t<meta property=\"og:image:height\" content=\"1280\" \/>\n\t<meta property=\"og:image:type\" content=\"image\/jpeg\" \/>\n<meta name=\"author\" content=\"Cristian Galarza\" \/>\n<meta name=\"twitter:card\" content=\"summary_large_image\" \/>\n<meta name=\"twitter:creator\" content=\"@fmhorizonte1061\" \/>\n<meta name=\"twitter:site\" content=\"@fmhorizonte1061\" \/>\n<meta name=\"twitter:label1\" content=\"Escrito por\" \/>\n\t<meta name=\"twitter:data1\" content=\"Cristian Galarza\" \/>\n\t<meta name=\"twitter:label2\" content=\"Tiempo de lectura\" \/>\n\t<meta name=\"twitter:data2\" content=\"2 minutos\" \/>\n<script type=\"application\/ld+json\" class=\"yoast-schema-graph\">{\"@context\":\"https:\\\/\\\/schema.org\",\"@graph\":[{\"@type\":\"Article\",\"@id\":\"https:\\\/\\\/www.radiohorizonte.fm\\\/radio\\\/2023\\\/09\\\/18\\\/futuro-proyecto-de-energia-renovable-para-isla-las-damas-frente-la-ciudad-de-goya\\\/#article\",\"isPartOf\":{\"@id\":\"https:\\\/\\\/www.radiohorizonte.fm\\\/radio\\\/2023\\\/09\\\/18\\\/futuro-proyecto-de-energia-renovable-para-isla-las-damas-frente-la-ciudad-de-goya\\\/\"},\"author\":{\"name\":\"Cristian Galarza\",\"@id\":\"http:\\\/\\\/www.radiohorizonte.fm\\\/radio\\\/#\\\/schema\\\/person\\\/f8fa003a405bb86729fd87d15d0ddafa\"},\"headline\":\"Futuro proyecto de energ\u00eda renovable para Isla las Damas frente a la ciudad de Goya\",\"datePublished\":\"2023-09-18T15:27:15+00:00\",\"mainEntityOfPage\":{\"@id\":\"https:\\\/\\\/www.radiohorizonte.fm\\\/radio\\\/2023\\\/09\\\/18\\\/futuro-proyecto-de-energia-renovable-para-isla-las-damas-frente-la-ciudad-de-goya\\\/\"},\"wordCount\":333,\"publisher\":{\"@id\":\"http:\\\/\\\/www.radiohorizonte.fm\\\/radio\\\/#organization\"},\"image\":{\"@id\":\"https:\\\/\\\/www.radiohorizonte.fm\\\/radio\\\/2023\\\/09\\\/18\\\/futuro-proyecto-de-energia-renovable-para-isla-las-damas-frente-la-ciudad-de-goya\\\/#primaryimage\"},\"thumbnailUrl\":\"http:\\\/\\\/www.radiohorizonte.fm\\\/radio\\\/wp-content\\\/uploads\\\/2023\\\/09\\\/imagen-49809.jpg\",\"articleSection\":[\"Noticias\"],\"inLanguage\":\"es-AR\"},{\"@type\":\"WebPage\",\"@id\":\"https:\\\/\\\/www.radiohorizonte.fm\\\/radio\\\/2023\\\/09\\\/18\\\/futuro-proyecto-de-energia-renovable-para-isla-las-damas-frente-la-ciudad-de-goya\\\/\",\"url\":\"https:\\\/\\\/www.radiohorizonte.fm\\\/radio\\\/2023\\\/09\\\/18\\\/futuro-proyecto-de-energia-renovable-para-isla-las-damas-frente-la-ciudad-de-goya\\\/\",\"name\":\"Futuro proyecto de energ\u00eda renovable para Isla las Damas frente a la ciudad de Goya - Horizonte\",\"isPartOf\":{\"@id\":\"http:\\\/\\\/www.radiohorizonte.fm\\\/radio\\\/#website\"},\"primaryImageOfPage\":{\"@id\":\"https:\\\/\\\/www.radiohorizonte.fm\\\/radio\\\/2023\\\/09\\\/18\\\/futuro-proyecto-de-energia-renovable-para-isla-las-damas-frente-la-ciudad-de-goya\\\/#primaryimage\"},\"image\":{\"@id\":\"https:\\\/\\\/www.radiohorizonte.fm\\\/radio\\\/2023\\\/09\\\/18\\\/futuro-proyecto-de-energia-renovable-para-isla-las-damas-frente-la-ciudad-de-goya\\\/#primaryimage\"},\"thumbnailUrl\":\"http:\\\/\\\/www.radiohorizonte.fm\\\/radio\\\/wp-content\\\/uploads\\\/2023\\\/09\\\/imagen-49809.jpg\",\"datePublished\":\"2023-09-18T15:27:15+00:00\",\"breadcrumb\":{\"@id\":\"https:\\\/\\\/www.radiohorizonte.fm\\\/radio\\\/2023\\\/09\\\/18\\\/futuro-proyecto-de-energia-renovable-para-isla-las-damas-frente-la-ciudad-de-goya\\\/#breadcrumb\"},\"inLanguage\":\"es-AR\",\"potentialAction\":[{\"@type\":\"ReadAction\",\"target\":[\"https:\\\/\\\/www.radiohorizonte.fm\\\/radio\\\/2023\\\/09\\\/18\\\/futuro-proyecto-de-energia-renovable-para-isla-las-damas-frente-la-ciudad-de-goya\\\/\"]}]},{\"@type\":\"ImageObject\",\"inLanguage\":\"es-AR\",\"@id\":\"https:\\\/\\\/www.radiohorizonte.fm\\\/radio\\\/2023\\\/09\\\/18\\\/futuro-proyecto-de-energia-renovable-para-isla-las-damas-frente-la-ciudad-de-goya\\\/#primaryimage\",\"url\":\"http:\\\/\\\/www.radiohorizonte.fm\\\/radio\\\/wp-content\\\/uploads\\\/2023\\\/09\\\/imagen-49809.jpg\",\"contentUrl\":\"http:\\\/\\\/www.radiohorizonte.fm\\\/radio\\\/wp-content\\\/uploads\\\/2023\\\/09\\\/imagen-49809.jpg\",\"width\":960,\"height\":1280},{\"@type\":\"BreadcrumbList\",\"@id\":\"https:\\\/\\\/www.radiohorizonte.fm\\\/radio\\\/2023\\\/09\\\/18\\\/futuro-proyecto-de-energia-renovable-para-isla-las-damas-frente-la-ciudad-de-goya\\\/#breadcrumb\",\"itemListElement\":[{\"@type\":\"ListItem\",\"position\":1,\"name\":\"Home\",\"item\":\"http:\\\/\\\/www.radiohorizonte.fm\\\/radio\\\/\"},{\"@type\":\"ListItem\",\"position\":2,\"name\":\"Futuro proyecto de energ\u00eda renovable para Isla las Damas frente a la ciudad de Goya\"}]},{\"@type\":\"WebSite\",\"@id\":\"http:\\\/\\\/www.radiohorizonte.fm\\\/radio\\\/#website\",\"url\":\"http:\\\/\\\/www.radiohorizonte.fm\\\/radio\\\/\",\"name\":\"Horizonte\",\"description\":\"Radio Horizonte 106.1 - Una radio de clasicos\",\"publisher\":{\"@id\":\"http:\\\/\\\/www.radiohorizonte.fm\\\/radio\\\/#organization\"},\"potentialAction\":[{\"@type\":\"SearchAction\",\"target\":{\"@type\":\"EntryPoint\",\"urlTemplate\":\"http:\\\/\\\/www.radiohorizonte.fm\\\/radio\\\/?s={search_term_string}\"},\"query-input\":{\"@type\":\"PropertyValueSpecification\",\"valueRequired\":true,\"valueName\":\"search_term_string\"}}],\"inLanguage\":\"es-AR\"},{\"@type\":\"Organization\",\"@id\":\"http:\\\/\\\/www.radiohorizonte.fm\\\/radio\\\/#organization\",\"name\":\"Horizonte\",\"url\":\"http:\\\/\\\/www.radiohorizonte.fm\\\/radio\\\/\",\"logo\":{\"@type\":\"ImageObject\",\"inLanguage\":\"es-AR\",\"@id\":\"http:\\\/\\\/www.radiohorizonte.fm\\\/radio\\\/#\\\/schema\\\/logo\\\/image\\\/\",\"url\":\"http:\\\/\\\/www.radiohorizonte.fm\\\/radio\\\/wp-content\\\/uploads\\\/2025\\\/06\\\/Portada-FM-Horizonte_modelo-imagen-scaled.jpg\",\"contentUrl\":\"http:\\\/\\\/www.radiohorizonte.fm\\\/radio\\\/wp-content\\\/uploads\\\/2025\\\/06\\\/Portada-FM-Horizonte_modelo-imagen-scaled.jpg\",\"width\":2560,\"height\":1056,\"caption\":\"Horizonte\"},\"image\":{\"@id\":\"http:\\\/\\\/www.radiohorizonte.fm\\\/radio\\\/#\\\/schema\\\/logo\\\/image\\\/\"},\"sameAs\":[\"http:\\\/\\\/www.facebook.com\\\/HORIZONTE106.1\",\"https:\\\/\\\/x.com\\\/fmhorizonte1061\"]},{\"@type\":\"Person\",\"@id\":\"http:\\\/\\\/www.radiohorizonte.fm\\\/radio\\\/#\\\/schema\\\/person\\\/f8fa003a405bb86729fd87d15d0ddafa\",\"name\":\"Cristian Galarza\",\"image\":{\"@type\":\"ImageObject\",\"inLanguage\":\"es-AR\",\"@id\":\"https:\\\/\\\/secure.gravatar.com\\\/avatar\\\/fad34bc2c773209c05d7d53b08a69b680eeb55f3be014e52b31643d20ab65925?s=96&d=mm&r=g\",\"url\":\"https:\\\/\\\/secure.gravatar.com\\\/avatar\\\/fad34bc2c773209c05d7d53b08a69b680eeb55f3be014e52b31643d20ab65925?s=96&d=mm&r=g\",\"contentUrl\":\"https:\\\/\\\/secure.gravatar.com\\\/avatar\\\/fad34bc2c773209c05d7d53b08a69b680eeb55f3be014e52b31643d20ab65925?s=96&d=mm&r=g\",\"caption\":\"Cristian Galarza\"},\"url\":\"http:\\\/\\\/www.radiohorizonte.fm\\\/radio\\\/author\\\/cristian\\\/\"}]}<\/script>\n<!-- \/ Yoast SEO plugin. -->","yoast_head_json":{"title":"Futuro proyecto de energ\u00eda renovable para Isla las Damas frente a la ciudad de Goya - Horizonte","robots":{"index":"index","follow":"follow","max-snippet":"max-snippet:-1","max-image-preview":"max-image-preview:large","max-video-preview":"max-video-preview:-1"},"canonical":"https:\/\/www.radiohorizonte.fm\/radio\/2023\/09\/18\/futuro-proyecto-de-energia-renovable-para-isla-las-damas-frente-la-ciudad-de-goya\/","og_locale":"es_ES","og_type":"article","og_title":"Futuro proyecto de energ\u00eda renovable para Isla las Damas frente a la ciudad de Goya - Horizonte","og_description":"El Ministerio de Turismo conjuntamente con la Secretaria de Energ\u00edas de la Provincia vienen realizando visitas e inspecciones a diferentes lugares tur\u00edsticos de la Provincia que se encuentran con la necesidad de instalar paneles fotovoltaicos con el fin de mejorar la calidad y los servicios en dichos establecimientos y espacios. Por lo tanto, se visit\u00f3","og_url":"https:\/\/www.radiohorizonte.fm\/radio\/2023\/09\/18\/futuro-proyecto-de-energia-renovable-para-isla-las-damas-frente-la-ciudad-de-goya\/","og_site_name":"Horizonte","article_publisher":"http:\/\/www.facebook.com\/HORIZONTE106.1","article_published_time":"2023-09-18T15:27:15+00:00","og_image":[{"width":960,"height":1280,"url":"https:\/\/www.radiohorizonte.fm\/radio\/wp-content\/uploads\/2023\/09\/imagen-49809.jpg","type":"image\/jpeg"}],"author":"Cristian Galarza","twitter_card":"summary_large_image","twitter_creator":"@fmhorizonte1061","twitter_site":"@fmhorizonte1061","twitter_misc":{"Escrito por":"Cristian Galarza","Tiempo de lectura":"2 minutos"},"schema":{"@context":"https:\/\/schema.org","@graph":[{"@type":"Article","@id":"https:\/\/www.radiohorizonte.fm\/radio\/2023\/09\/18\/futuro-proyecto-de-energia-renovable-para-isla-las-damas-frente-la-ciudad-de-goya\/#article","isPartOf":{"@id":"https:\/\/www.radiohorizonte.fm\/radio\/2023\/09\/18\/futuro-proyecto-de-energia-renovable-para-isla-las-damas-frente-la-ciudad-de-goya\/"},"author":{"name":"Cristian Galarza","@id":"http:\/\/www.radiohorizonte.fm\/radio\/#\/schema\/person\/f8fa003a405bb86729fd87d15d0ddafa"},"headline":"Futuro proyecto de energ\u00eda renovable para Isla las Damas frente a la ciudad de Goya","datePublished":"2023-09-18T15:27:15+00:00","mainEntityOfPage":{"@id":"https:\/\/www.radiohorizonte.fm\/radio\/2023\/09\/18\/futuro-proyecto-de-energia-renovable-para-isla-las-damas-frente-la-ciudad-de-goya\/"},"wordCount":333,"publisher":{"@id":"http:\/\/www.radiohorizonte.fm\/radio\/#organization"},"image":{"@id":"https:\/\/www.radiohorizonte.fm\/radio\/2023\/09\/18\/futuro-proyecto-de-energia-renovable-para-isla-las-damas-frente-la-ciudad-de-goya\/#primaryimage"},"thumbnailUrl":"http:\/\/www.radiohorizonte.fm\/radio\/wp-content\/uploads\/2023\/09\/imagen-49809.jpg","articleSection":["Noticias"],"inLanguage":"es-AR"},{"@type":"WebPage","@id":"https:\/\/www.radiohorizonte.fm\/radio\/2023\/09\/18\/futuro-proyecto-de-energia-renovable-para-isla-las-damas-frente-la-ciudad-de-goya\/","url":"https:\/\/www.radiohorizonte.fm\/radio\/2023\/09\/18\/futuro-proyecto-de-energia-renovable-para-isla-las-damas-frente-la-ciudad-de-goya\/","name":"Futuro proyecto de energ\u00eda renovable para Isla las Damas frente a la ciudad de Goya - Horizonte","isPartOf":{"@id":"http:\/\/www.radiohorizonte.fm\/radio\/#website"},"primaryImageOfPage":{"@id":"https:\/\/www.radiohorizonte.fm\/radio\/2023\/09\/18\/futuro-proyecto-de-energia-renovable-para-isla-las-damas-frente-la-ciudad-de-goya\/#primaryimage"},"image":{"@id":"https:\/\/www.radiohorizonte.fm\/radio\/2023\/09\/18\/futuro-proyecto-de-energia-renovable-para-isla-las-damas-frente-la-ciudad-de-goya\/#primaryimage"},"thumbnailUrl":"http:\/\/www.radiohorizonte.fm\/radio\/wp-content\/uploads\/2023\/09\/imagen-49809.jpg","datePublished":"2023-09-18T15:27:15+00:00","breadcrumb":{"@id":"https:\/\/www.radiohorizonte.fm\/radio\/2023\/09\/18\/futuro-proyecto-de-energia-renovable-para-isla-las-damas-frente-la-ciudad-de-goya\/#breadcrumb"},"inLanguage":"es-AR","potentialAction":[{"@type":"ReadAction","target":["https:\/\/www.radiohorizonte.fm\/radio\/2023\/09\/18\/futuro-proyecto-de-energia-renovable-para-isla-las-damas-frente-la-ciudad-de-goya\/"]}]},{"@type":"ImageObject","inLanguage":"es-AR","@id":"https:\/\/www.radiohorizonte.fm\/radio\/2023\/09\/18\/futuro-proyecto-de-energia-renovable-para-isla-las-damas-frente-la-ciudad-de-goya\/#primaryimage","url":"http:\/\/www.radiohorizonte.fm\/radio\/wp-content\/uploads\/2023\/09\/imagen-49809.jpg","contentUrl":"http:\/\/www.radiohorizonte.fm\/radio\/wp-content\/uploads\/2023\/09\/imagen-49809.jpg","width":960,"height":1280},{"@type":"BreadcrumbList","@id":"https:\/\/www.radiohorizonte.fm\/radio\/2023\/09\/18\/futuro-proyecto-de-energia-renovable-para-isla-las-damas-frente-la-ciudad-de-goya\/#breadcrumb","itemListElement":[{"@type":"ListItem","position":1,"name":"Home","item":"http:\/\/www.radiohorizonte.fm\/radio\/"},{"@type":"ListItem","position":2,"name":"Futuro proyecto de energ\u00eda renovable para Isla las Damas frente a la ciudad de Goya"}]},{"@type":"WebSite","@id":"http:\/\/www.radiohorizonte.fm\/radio\/#website","url":"http:\/\/www.radiohorizonte.fm\/radio\/","name":"Horizonte","description":"Radio Horizonte 106.1 - Una radio de clasicos","publisher":{"@id":"http:\/\/www.radiohorizonte.fm\/radio\/#organization"},"potentialAction":[{"@type":"SearchAction","target":{"@type":"EntryPoint","urlTemplate":"http:\/\/www.radiohorizonte.fm\/radio\/?s={search_term_string}"},"query-input":{"@type":"PropertyValueSpecification","valueRequired":true,"valueName":"search_term_string"}}],"inLanguage":"es-AR"},{"@type":"Organization","@id":"http:\/\/www.radiohorizonte.fm\/radio\/#organization","name":"Horizonte","url":"http:\/\/www.radiohorizonte.fm\/radio\/","logo":{"@type":"ImageObject","inLanguage":"es-AR","@id":"http:\/\/www.radiohorizonte.fm\/radio\/#\/schema\/logo\/image\/","url":"http:\/\/www.radiohorizonte.fm\/radio\/wp-content\/uploads\/2025\/06\/Portada-FM-Horizonte_modelo-imagen-scaled.jpg","contentUrl":"http:\/\/www.radiohorizonte.fm\/radio\/wp-content\/uploads\/2025\/06\/Portada-FM-Horizonte_modelo-imagen-scaled.jpg","width":2560,"height":1056,"caption":"Horizonte"},"image":{"@id":"http:\/\/www.radiohorizonte.fm\/radio\/#\/schema\/logo\/image\/"},"sameAs":["http:\/\/www.facebook.com\/HORIZONTE106.1","https:\/\/x.com\/fmhorizonte1061"]},{"@type":"Person","@id":"http:\/\/www.radiohorizonte.fm\/radio\/#\/schema\/person\/f8fa003a405bb86729fd87d15d0ddafa","name":"Cristian Galarza","image":{"@type":"ImageObject","inLanguage":"es-AR","@id":"https:\/\/secure.gravatar.com\/avatar\/fad34bc2c773209c05d7d53b08a69b680eeb55f3be014e52b31643d20ab65925?s=96&d=mm&r=g","url":"https:\/\/secure.gravatar.com\/avatar\/fad34bc2c773209c05d7d53b08a69b680eeb55f3be014e52b31643d20ab65925?s=96&d=mm&r=g","contentUrl":"https:\/\/secure.gravatar.com\/avatar\/fad34bc2c773209c05d7d53b08a69b680eeb55f3be014e52b31643d20ab65925?s=96&d=mm&r=g","caption":"Cristian Galarza"},"url":"http:\/\/www.radiohorizonte.fm\/radio\/author\/cristian\/"}]}},"_links":{"self":[{"href":"http:\/\/www.radiohorizonte.fm\/radio\/wp-json\/wp\/v2\/posts\/42032","targetHints":{"allow":["GET"]}}],"collection":[{"href":"http:\/\/www.radiohorizonte.fm\/radio\/wp-json\/wp\/v2\/posts"}],"about":[{"href":"http:\/\/www.radiohorizonte.fm\/radio\/wp-json\/wp\/v2\/types\/post"}],"author":[{"embeddable":true,"href":"http:\/\/www.radiohorizonte.fm\/radio\/wp-json\/wp\/v2\/users\/2"}],"replies":[{"embeddable":true,"href":"http:\/\/www.radiohorizonte.fm\/radio\/wp-json\/wp\/v2\/comments?post=42032"}],"version-history":[{"count":1,"href":"http:\/\/www.radiohorizonte.fm\/radio\/wp-json\/wp\/v2\/posts\/42032\/revisions"}],"predecessor-version":[{"id":42034,"href":"http:\/\/www.radiohorizonte.fm\/radio\/wp-json\/wp\/v2\/posts\/42032\/revisions\/42034"}],"wp:featuredmedia":[{"embeddable":true,"href":"http:\/\/www.radiohorizonte.fm\/radio\/wp-json\/wp\/v2\/media\/42033"}],"wp:attachment":[{"href":"http:\/\/www.radiohorizonte.fm\/radio\/wp-json\/wp\/v2\/media?parent=42032"}],"wp:term":[{"taxonomy":"category","embeddable":true,"href":"http:\/\/www.radiohorizonte.fm\/radio\/wp-json\/wp\/v2\/categories?post=42032"},{"taxonomy":"post_tag","embeddable":true,"href":"http:\/\/www.radiohorizonte.fm\/radio\/wp-json\/wp\/v2\/tags?post=42032"}],"curies":[{"name":"wp","href":"https:\/\/api.w.org\/{rel}","templated":true}]}}