{"id":42040,"date":"2023-09-19T07:17:42","date_gmt":"2023-09-19T10:17:42","guid":{"rendered":"http:\/\/www.radiohorizonte.fm\/radio\/?p=42040"},"modified":"2023-09-19T07:17:42","modified_gmt":"2023-09-19T10:17:42","slug":"remises-chaco-corrientes-analizan-incrementos-para-el-proximo-mes","status":"publish","type":"post","link":"http:\/\/www.radiohorizonte.fm\/radio\/2023\/09\/19\/remises-chaco-corrientes-analizan-incrementos-para-el-proximo-mes\/","title":{"rendered":"Remises Chaco-Corrientes analizan incrementos para el pr\u00f3ximo mes"},"content":{"rendered":"<p>Hasta el momento, el costo para viajar a las dos capitales del Nordeste Argentino es de 2.000 pesos. Cada veh\u00edculo puede cargar hasta cuatro pasajeros y esto aliviana el costo -es decir, $500 cada uno-. Los primeros d\u00edas de octubre podr\u00edan definir nuevas tarifas en el sector.<\/p>\n<p><img loading=\"lazy\" decoding=\"async\" class=\"alignnone size-full wp-image-42041\" src=\"http:\/\/www.radiohorizonte.fm\/radio\/wp-content\/uploads\/2023\/09\/descarga-6.jpg\" alt=\"\" width=\"256\" height=\"197\" srcset=\"http:\/\/www.radiohorizonte.fm\/radio\/wp-content\/uploads\/2023\/09\/descarga-6.jpg 256w, http:\/\/www.radiohorizonte.fm\/radio\/wp-content\/uploads\/2023\/09\/descarga-6-65x50.jpg 65w, http:\/\/www.radiohorizonte.fm\/radio\/wp-content\/uploads\/2023\/09\/descarga-6-85x65.jpg 85w, http:\/\/www.radiohorizonte.fm\/radio\/wp-content\/uploads\/2023\/09\/descarga-6-162x125.jpg 162w, http:\/\/www.radiohorizonte.fm\/radio\/wp-content\/uploads\/2023\/09\/descarga-6-90x69.jpg 90w\" sizes=\"auto, (max-width: 256px) 100vw, 256px\" \/><\/p>\n<p>Los remises que realizan viajes desde la ciudad de Corrientes y hasta Resistencia analizan nuevos incrementos.<\/p>\n<p>Pese a que las empresas de colectivos urbanos e interurbanos actualizaron sus tarifas, la empresa de remises que brinda servicios en las dos capitales del Nordeste Argentino (NEA), a\u00fan mantiene la tarifa en $2.000.<\/p>\n<p>Vale aclarar que la capacidad m\u00e1xima de pasajeros transportados en cada veh\u00edculo es de cuatro personas.<\/p>\n<p>Es decir, si viajan todos, cada uno pagar\u00eda 500 pesos y si viaja uno solo debe abonar los 2.000 pesos que sale viajar de un lado y del otro del puente General Belgrano.<\/p>\n<p>Fuentes de la \u00fanica empresa que prestan servicios informaron a \u00e9poca que en los pr\u00f3ximos d\u00edas se reunir\u00e1n para analizar posible actualizaci\u00f3n de tarifas.<\/p>\n<p>&#8220;Creemos que en lo que resta del mes de septiembre no vamos a retocar los precios. En los primeros d\u00edas del mes de octubre nos reuniremos para analizar los costos acumulados y podr\u00edamos avanzar en un nuevo cuadro tarifario&#8221;, indic\u00f3 Eduardo Torres ante la consulta de \u00e9poca.<\/p>\n<p>El representante de la empresa de remises interjurisdiccional coment\u00f3 que mantienen la misma cantidad de unidad \u2013trece- y que el objetivo es ampliar m\u00e1s de cara a la temporada estival que se aproxima.<\/p>\n<p>&#8220;Seguimos la convocatoria para que aquellos conductores que se quieran sumar lo puedan hacer&#8221;, dijo el representante de la firma que tiene la base en la calle Pl\u00e1cido Mart\u00ednez casi La Rioja de la ciudad de Corrientes.<\/p>\n<p>Vale recordar que hay mucha diferencia de precios entre lo que cuesta viajar en colectivos y en rem\u00eds.<\/p>\n<p>Por ejemplo, desde el puerto de Corrientes y hasta la capital de Chaco el valor del boleto es de 96,50 pesos, mientras que desde la ciudad de Resistencia y hasta la ciudad de Corrientes el valor es de 75 pesos.<\/p>\n<p>El valor del boleto urbano en la capital de la provincia de Corrientes, en la actualidad, es de 170 pesos -estaba $96,50-.<\/p>\n<p>En la ciudad de Resistencia viajar por los barrios en transporte p\u00fablico cuesta 75 pesos.<\/p>\n<p>Fuente: \u00c9poca<\/p>\n","protected":false},"excerpt":{"rendered":"<div class=\"post-excerpt\"><p>Hasta el momento, el costo para viajar a las dos capitales del Nordeste Argentino es de 2.000 pesos. Cada veh\u00edculo puede cargar hasta cuatro pasajeros y esto aliviana el costo -es decir, $500 cada uno-. Los primeros d\u00edas de octubre podr\u00edan definir nuevas tarifas en el sector. Los remises que realizan viajes desde la ciudad<\/p>\n<\/div>","protected":false},"author":2,"featured_media":42041,"comment_status":"closed","ping_status":"closed","sticky":false,"template":"","format":"standard","meta":{"_acf_changed":false,"footnotes":""},"categories":[2],"tags":[],"class_list":["post-42040","post","type-post","status-publish","format-standard","has-post-thumbnail","hentry","category-noticias"],"acf":[],"yoast_head":"<!-- This site is optimized with the Yoast SEO plugin v28.1 - https:\/\/yoast.com\/product\/yoast-seo-wordpress\/ -->\n<title>Remises Chaco-Corrientes analizan incrementos para el pr\u00f3ximo mes - Horizonte<\/title>\n<meta name=\"robots\" content=\"index, follow, max-snippet:-1, max-image-preview:large, max-video-preview:-1\" \/>\n<link rel=\"canonical\" href=\"http:\/\/www.radiohorizonte.fm\/radio\/2023\/09\/19\/remises-chaco-corrientes-analizan-incrementos-para-el-proximo-mes\/\" \/>\n<meta property=\"og:locale\" content=\"es_ES\" \/>\n<meta property=\"og:type\" content=\"article\" \/>\n<meta property=\"og:title\" content=\"Remises Chaco-Corrientes analizan incrementos para el pr\u00f3ximo mes - Horizonte\" \/>\n<meta property=\"og:description\" content=\"Hasta el momento, el costo para viajar a las dos capitales del Nordeste Argentino es de 2.000 pesos. Cada veh\u00edculo puede cargar hasta cuatro pasajeros y esto aliviana el costo -es decir, $500 cada uno-. Los primeros d\u00edas de octubre podr\u00edan definir nuevas tarifas en el sector. Los remises que realizan viajes desde la ciudad\" \/>\n<meta property=\"og:url\" content=\"http:\/\/www.radiohorizonte.fm\/radio\/2023\/09\/19\/remises-chaco-corrientes-analizan-incrementos-para-el-proximo-mes\/\" \/>\n<meta property=\"og:site_name\" content=\"Horizonte\" \/>\n<meta property=\"article:publisher\" content=\"http:\/\/www.facebook.com\/HORIZONTE106.1\" \/>\n<meta property=\"article:published_time\" content=\"2023-09-19T10:17:42+00:00\" \/>\n<meta property=\"og:image\" content=\"http:\/\/www.radiohorizonte.fm\/radio\/wp-content\/uploads\/2023\/09\/descarga-6.jpg\" \/>\n\t<meta property=\"og:image:width\" content=\"256\" \/>\n\t<meta property=\"og:image:height\" content=\"197\" \/>\n\t<meta property=\"og:image:type\" content=\"image\/jpeg\" \/>\n<meta name=\"author\" content=\"Cristian Galarza\" \/>\n<meta name=\"twitter:card\" content=\"summary_large_image\" \/>\n<meta name=\"twitter:creator\" content=\"@fmhorizonte1061\" \/>\n<meta name=\"twitter:site\" content=\"@fmhorizonte1061\" \/>\n<meta name=\"twitter:label1\" content=\"Escrito por\" \/>\n\t<meta name=\"twitter:data1\" content=\"Cristian Galarza\" \/>\n\t<meta name=\"twitter:label2\" content=\"Tiempo de lectura\" \/>\n\t<meta name=\"twitter:data2\" content=\"2 minutos\" \/>\n<script type=\"application\/ld+json\" class=\"yoast-schema-graph\">{\"@context\":\"https:\\\/\\\/schema.org\",\"@graph\":[{\"@type\":\"Article\",\"@id\":\"http:\\\/\\\/www.radiohorizonte.fm\\\/radio\\\/2023\\\/09\\\/19\\\/remises-chaco-corrientes-analizan-incrementos-para-el-proximo-mes\\\/#article\",\"isPartOf\":{\"@id\":\"http:\\\/\\\/www.radiohorizonte.fm\\\/radio\\\/2023\\\/09\\\/19\\\/remises-chaco-corrientes-analizan-incrementos-para-el-proximo-mes\\\/\"},\"author\":{\"name\":\"Cristian Galarza\",\"@id\":\"http:\\\/\\\/www.radiohorizonte.fm\\\/radio\\\/#\\\/schema\\\/person\\\/f8fa003a405bb86729fd87d15d0ddafa\"},\"headline\":\"Remises Chaco-Corrientes analizan incrementos para el pr\u00f3ximo mes\",\"datePublished\":\"2023-09-19T10:17:42+00:00\",\"mainEntityOfPage\":{\"@id\":\"http:\\\/\\\/www.radiohorizonte.fm\\\/radio\\\/2023\\\/09\\\/19\\\/remises-chaco-corrientes-analizan-incrementos-para-el-proximo-mes\\\/\"},\"wordCount\":402,\"publisher\":{\"@id\":\"http:\\\/\\\/www.radiohorizonte.fm\\\/radio\\\/#organization\"},\"image\":{\"@id\":\"http:\\\/\\\/www.radiohorizonte.fm\\\/radio\\\/2023\\\/09\\\/19\\\/remises-chaco-corrientes-analizan-incrementos-para-el-proximo-mes\\\/#primaryimage\"},\"thumbnailUrl\":\"http:\\\/\\\/www.radiohorizonte.fm\\\/radio\\\/wp-content\\\/uploads\\\/2023\\\/09\\\/descarga-6.jpg\",\"articleSection\":[\"Noticias\"],\"inLanguage\":\"es-AR\"},{\"@type\":\"WebPage\",\"@id\":\"http:\\\/\\\/www.radiohorizonte.fm\\\/radio\\\/2023\\\/09\\\/19\\\/remises-chaco-corrientes-analizan-incrementos-para-el-proximo-mes\\\/\",\"url\":\"http:\\\/\\\/www.radiohorizonte.fm\\\/radio\\\/2023\\\/09\\\/19\\\/remises-chaco-corrientes-analizan-incrementos-para-el-proximo-mes\\\/\",\"name\":\"Remises Chaco-Corrientes analizan incrementos para el pr\u00f3ximo mes - Horizonte\",\"isPartOf\":{\"@id\":\"http:\\\/\\\/www.radiohorizonte.fm\\\/radio\\\/#website\"},\"primaryImageOfPage\":{\"@id\":\"http:\\\/\\\/www.radiohorizonte.fm\\\/radio\\\/2023\\\/09\\\/19\\\/remises-chaco-corrientes-analizan-incrementos-para-el-proximo-mes\\\/#primaryimage\"},\"image\":{\"@id\":\"http:\\\/\\\/www.radiohorizonte.fm\\\/radio\\\/2023\\\/09\\\/19\\\/remises-chaco-corrientes-analizan-incrementos-para-el-proximo-mes\\\/#primaryimage\"},\"thumbnailUrl\":\"http:\\\/\\\/www.radiohorizonte.fm\\\/radio\\\/wp-content\\\/uploads\\\/2023\\\/09\\\/descarga-6.jpg\",\"datePublished\":\"2023-09-19T10:17:42+00:00\",\"breadcrumb\":{\"@id\":\"http:\\\/\\\/www.radiohorizonte.fm\\\/radio\\\/2023\\\/09\\\/19\\\/remises-chaco-corrientes-analizan-incrementos-para-el-proximo-mes\\\/#breadcrumb\"},\"inLanguage\":\"es-AR\",\"potentialAction\":[{\"@type\":\"ReadAction\",\"target\":[\"http:\\\/\\\/www.radiohorizonte.fm\\\/radio\\\/2023\\\/09\\\/19\\\/remises-chaco-corrientes-analizan-incrementos-para-el-proximo-mes\\\/\"]}]},{\"@type\":\"ImageObject\",\"inLanguage\":\"es-AR\",\"@id\":\"http:\\\/\\\/www.radiohorizonte.fm\\\/radio\\\/2023\\\/09\\\/19\\\/remises-chaco-corrientes-analizan-incrementos-para-el-proximo-mes\\\/#primaryimage\",\"url\":\"http:\\\/\\\/www.radiohorizonte.fm\\\/radio\\\/wp-content\\\/uploads\\\/2023\\\/09\\\/descarga-6.jpg\",\"contentUrl\":\"http:\\\/\\\/www.radiohorizonte.fm\\\/radio\\\/wp-content\\\/uploads\\\/2023\\\/09\\\/descarga-6.jpg\",\"width\":256,\"height\":197},{\"@type\":\"BreadcrumbList\",\"@id\":\"http:\\\/\\\/www.radiohorizonte.fm\\\/radio\\\/2023\\\/09\\\/19\\\/remises-chaco-corrientes-analizan-incrementos-para-el-proximo-mes\\\/#breadcrumb\",\"itemListElement\":[{\"@type\":\"ListItem\",\"position\":1,\"name\":\"Home\",\"item\":\"http:\\\/\\\/www.radiohorizonte.fm\\\/radio\\\/\"},{\"@type\":\"ListItem\",\"position\":2,\"name\":\"Remises Chaco-Corrientes analizan incrementos para el pr\u00f3ximo mes\"}]},{\"@type\":\"WebSite\",\"@id\":\"http:\\\/\\\/www.radiohorizonte.fm\\\/radio\\\/#website\",\"url\":\"http:\\\/\\\/www.radiohorizonte.fm\\\/radio\\\/\",\"name\":\"Horizonte\",\"description\":\"Radio Horizonte 106.1 - Una radio de clasicos\",\"publisher\":{\"@id\":\"http:\\\/\\\/www.radiohorizonte.fm\\\/radio\\\/#organization\"},\"potentialAction\":[{\"@type\":\"SearchAction\",\"target\":{\"@type\":\"EntryPoint\",\"urlTemplate\":\"http:\\\/\\\/www.radiohorizonte.fm\\\/radio\\\/?s={search_term_string}\"},\"query-input\":{\"@type\":\"PropertyValueSpecification\",\"valueRequired\":true,\"valueName\":\"search_term_string\"}}],\"inLanguage\":\"es-AR\"},{\"@type\":\"Organization\",\"@id\":\"http:\\\/\\\/www.radiohorizonte.fm\\\/radio\\\/#organization\",\"name\":\"Horizonte\",\"url\":\"http:\\\/\\\/www.radiohorizonte.fm\\\/radio\\\/\",\"logo\":{\"@type\":\"ImageObject\",\"inLanguage\":\"es-AR\",\"@id\":\"http:\\\/\\\/www.radiohorizonte.fm\\\/radio\\\/#\\\/schema\\\/logo\\\/image\\\/\",\"url\":\"http:\\\/\\\/www.radiohorizonte.fm\\\/radio\\\/wp-content\\\/uploads\\\/2025\\\/06\\\/Portada-FM-Horizonte_modelo-imagen-scaled.jpg\",\"contentUrl\":\"http:\\\/\\\/www.radiohorizonte.fm\\\/radio\\\/wp-content\\\/uploads\\\/2025\\\/06\\\/Portada-FM-Horizonte_modelo-imagen-scaled.jpg\",\"width\":2560,\"height\":1056,\"caption\":\"Horizonte\"},\"image\":{\"@id\":\"http:\\\/\\\/www.radiohorizonte.fm\\\/radio\\\/#\\\/schema\\\/logo\\\/image\\\/\"},\"sameAs\":[\"http:\\\/\\\/www.facebook.com\\\/HORIZONTE106.1\",\"https:\\\/\\\/x.com\\\/fmhorizonte1061\"]},{\"@type\":\"Person\",\"@id\":\"http:\\\/\\\/www.radiohorizonte.fm\\\/radio\\\/#\\\/schema\\\/person\\\/f8fa003a405bb86729fd87d15d0ddafa\",\"name\":\"Cristian Galarza\",\"image\":{\"@type\":\"ImageObject\",\"inLanguage\":\"es-AR\",\"@id\":\"https:\\\/\\\/secure.gravatar.com\\\/avatar\\\/fad34bc2c773209c05d7d53b08a69b680eeb55f3be014e52b31643d20ab65925?s=96&d=mm&r=g\",\"url\":\"https:\\\/\\\/secure.gravatar.com\\\/avatar\\\/fad34bc2c773209c05d7d53b08a69b680eeb55f3be014e52b31643d20ab65925?s=96&d=mm&r=g\",\"contentUrl\":\"https:\\\/\\\/secure.gravatar.com\\\/avatar\\\/fad34bc2c773209c05d7d53b08a69b680eeb55f3be014e52b31643d20ab65925?s=96&d=mm&r=g\",\"caption\":\"Cristian Galarza\"},\"url\":\"http:\\\/\\\/www.radiohorizonte.fm\\\/radio\\\/author\\\/cristian\\\/\"}]}<\/script>\n<!-- \/ Yoast SEO plugin. -->","yoast_head_json":{"title":"Remises Chaco-Corrientes analizan incrementos para el pr\u00f3ximo mes - Horizonte","robots":{"index":"index","follow":"follow","max-snippet":"max-snippet:-1","max-image-preview":"max-image-preview:large","max-video-preview":"max-video-preview:-1"},"canonical":"http:\/\/www.radiohorizonte.fm\/radio\/2023\/09\/19\/remises-chaco-corrientes-analizan-incrementos-para-el-proximo-mes\/","og_locale":"es_ES","og_type":"article","og_title":"Remises Chaco-Corrientes analizan incrementos para el pr\u00f3ximo mes - Horizonte","og_description":"Hasta el momento, el costo para viajar a las dos capitales del Nordeste Argentino es de 2.000 pesos. Cada veh\u00edculo puede cargar hasta cuatro pasajeros y esto aliviana el costo -es decir, $500 cada uno-. Los primeros d\u00edas de octubre podr\u00edan definir nuevas tarifas en el sector. Los remises que realizan viajes desde la ciudad","og_url":"http:\/\/www.radiohorizonte.fm\/radio\/2023\/09\/19\/remises-chaco-corrientes-analizan-incrementos-para-el-proximo-mes\/","og_site_name":"Horizonte","article_publisher":"http:\/\/www.facebook.com\/HORIZONTE106.1","article_published_time":"2023-09-19T10:17:42+00:00","og_image":[{"width":256,"height":197,"url":"http:\/\/www.radiohorizonte.fm\/radio\/wp-content\/uploads\/2023\/09\/descarga-6.jpg","type":"image\/jpeg"}],"author":"Cristian Galarza","twitter_card":"summary_large_image","twitter_creator":"@fmhorizonte1061","twitter_site":"@fmhorizonte1061","twitter_misc":{"Escrito por":"Cristian Galarza","Tiempo de lectura":"2 minutos"},"schema":{"@context":"https:\/\/schema.org","@graph":[{"@type":"Article","@id":"http:\/\/www.radiohorizonte.fm\/radio\/2023\/09\/19\/remises-chaco-corrientes-analizan-incrementos-para-el-proximo-mes\/#article","isPartOf":{"@id":"http:\/\/www.radiohorizonte.fm\/radio\/2023\/09\/19\/remises-chaco-corrientes-analizan-incrementos-para-el-proximo-mes\/"},"author":{"name":"Cristian Galarza","@id":"http:\/\/www.radiohorizonte.fm\/radio\/#\/schema\/person\/f8fa003a405bb86729fd87d15d0ddafa"},"headline":"Remises Chaco-Corrientes analizan incrementos para el pr\u00f3ximo mes","datePublished":"2023-09-19T10:17:42+00:00","mainEntityOfPage":{"@id":"http:\/\/www.radiohorizonte.fm\/radio\/2023\/09\/19\/remises-chaco-corrientes-analizan-incrementos-para-el-proximo-mes\/"},"wordCount":402,"publisher":{"@id":"http:\/\/www.radiohorizonte.fm\/radio\/#organization"},"image":{"@id":"http:\/\/www.radiohorizonte.fm\/radio\/2023\/09\/19\/remises-chaco-corrientes-analizan-incrementos-para-el-proximo-mes\/#primaryimage"},"thumbnailUrl":"http:\/\/www.radiohorizonte.fm\/radio\/wp-content\/uploads\/2023\/09\/descarga-6.jpg","articleSection":["Noticias"],"inLanguage":"es-AR"},{"@type":"WebPage","@id":"http:\/\/www.radiohorizonte.fm\/radio\/2023\/09\/19\/remises-chaco-corrientes-analizan-incrementos-para-el-proximo-mes\/","url":"http:\/\/www.radiohorizonte.fm\/radio\/2023\/09\/19\/remises-chaco-corrientes-analizan-incrementos-para-el-proximo-mes\/","name":"Remises Chaco-Corrientes analizan incrementos para el pr\u00f3ximo mes - Horizonte","isPartOf":{"@id":"http:\/\/www.radiohorizonte.fm\/radio\/#website"},"primaryImageOfPage":{"@id":"http:\/\/www.radiohorizonte.fm\/radio\/2023\/09\/19\/remises-chaco-corrientes-analizan-incrementos-para-el-proximo-mes\/#primaryimage"},"image":{"@id":"http:\/\/www.radiohorizonte.fm\/radio\/2023\/09\/19\/remises-chaco-corrientes-analizan-incrementos-para-el-proximo-mes\/#primaryimage"},"thumbnailUrl":"http:\/\/www.radiohorizonte.fm\/radio\/wp-content\/uploads\/2023\/09\/descarga-6.jpg","datePublished":"2023-09-19T10:17:42+00:00","breadcrumb":{"@id":"http:\/\/www.radiohorizonte.fm\/radio\/2023\/09\/19\/remises-chaco-corrientes-analizan-incrementos-para-el-proximo-mes\/#breadcrumb"},"inLanguage":"es-AR","potentialAction":[{"@type":"ReadAction","target":["http:\/\/www.radiohorizonte.fm\/radio\/2023\/09\/19\/remises-chaco-corrientes-analizan-incrementos-para-el-proximo-mes\/"]}]},{"@type":"ImageObject","inLanguage":"es-AR","@id":"http:\/\/www.radiohorizonte.fm\/radio\/2023\/09\/19\/remises-chaco-corrientes-analizan-incrementos-para-el-proximo-mes\/#primaryimage","url":"http:\/\/www.radiohorizonte.fm\/radio\/wp-content\/uploads\/2023\/09\/descarga-6.jpg","contentUrl":"http:\/\/www.radiohorizonte.fm\/radio\/wp-content\/uploads\/2023\/09\/descarga-6.jpg","width":256,"height":197},{"@type":"BreadcrumbList","@id":"http:\/\/www.radiohorizonte.fm\/radio\/2023\/09\/19\/remises-chaco-corrientes-analizan-incrementos-para-el-proximo-mes\/#breadcrumb","itemListElement":[{"@type":"ListItem","position":1,"name":"Home","item":"http:\/\/www.radiohorizonte.fm\/radio\/"},{"@type":"ListItem","position":2,"name":"Remises Chaco-Corrientes analizan incrementos para el pr\u00f3ximo mes"}]},{"@type":"WebSite","@id":"http:\/\/www.radiohorizonte.fm\/radio\/#website","url":"http:\/\/www.radiohorizonte.fm\/radio\/","name":"Horizonte","description":"Radio Horizonte 106.1 - Una radio de clasicos","publisher":{"@id":"http:\/\/www.radiohorizonte.fm\/radio\/#organization"},"potentialAction":[{"@type":"SearchAction","target":{"@type":"EntryPoint","urlTemplate":"http:\/\/www.radiohorizonte.fm\/radio\/?s={search_term_string}"},"query-input":{"@type":"PropertyValueSpecification","valueRequired":true,"valueName":"search_term_string"}}],"inLanguage":"es-AR"},{"@type":"Organization","@id":"http:\/\/www.radiohorizonte.fm\/radio\/#organization","name":"Horizonte","url":"http:\/\/www.radiohorizonte.fm\/radio\/","logo":{"@type":"ImageObject","inLanguage":"es-AR","@id":"http:\/\/www.radiohorizonte.fm\/radio\/#\/schema\/logo\/image\/","url":"http:\/\/www.radiohorizonte.fm\/radio\/wp-content\/uploads\/2025\/06\/Portada-FM-Horizonte_modelo-imagen-scaled.jpg","contentUrl":"http:\/\/www.radiohorizonte.fm\/radio\/wp-content\/uploads\/2025\/06\/Portada-FM-Horizonte_modelo-imagen-scaled.jpg","width":2560,"height":1056,"caption":"Horizonte"},"image":{"@id":"http:\/\/www.radiohorizonte.fm\/radio\/#\/schema\/logo\/image\/"},"sameAs":["http:\/\/www.facebook.com\/HORIZONTE106.1","https:\/\/x.com\/fmhorizonte1061"]},{"@type":"Person","@id":"http:\/\/www.radiohorizonte.fm\/radio\/#\/schema\/person\/f8fa003a405bb86729fd87d15d0ddafa","name":"Cristian Galarza","image":{"@type":"ImageObject","inLanguage":"es-AR","@id":"https:\/\/secure.gravatar.com\/avatar\/fad34bc2c773209c05d7d53b08a69b680eeb55f3be014e52b31643d20ab65925?s=96&d=mm&r=g","url":"https:\/\/secure.gravatar.com\/avatar\/fad34bc2c773209c05d7d53b08a69b680eeb55f3be014e52b31643d20ab65925?s=96&d=mm&r=g","contentUrl":"https:\/\/secure.gravatar.com\/avatar\/fad34bc2c773209c05d7d53b08a69b680eeb55f3be014e52b31643d20ab65925?s=96&d=mm&r=g","caption":"Cristian Galarza"},"url":"http:\/\/www.radiohorizonte.fm\/radio\/author\/cristian\/"}]}},"_links":{"self":[{"href":"http:\/\/www.radiohorizonte.fm\/radio\/wp-json\/wp\/v2\/posts\/42040","targetHints":{"allow":["GET"]}}],"collection":[{"href":"http:\/\/www.radiohorizonte.fm\/radio\/wp-json\/wp\/v2\/posts"}],"about":[{"href":"http:\/\/www.radiohorizonte.fm\/radio\/wp-json\/wp\/v2\/types\/post"}],"author":[{"embeddable":true,"href":"http:\/\/www.radiohorizonte.fm\/radio\/wp-json\/wp\/v2\/users\/2"}],"replies":[{"embeddable":true,"href":"http:\/\/www.radiohorizonte.fm\/radio\/wp-json\/wp\/v2\/comments?post=42040"}],"version-history":[{"count":1,"href":"http:\/\/www.radiohorizonte.fm\/radio\/wp-json\/wp\/v2\/posts\/42040\/revisions"}],"predecessor-version":[{"id":42042,"href":"http:\/\/www.radiohorizonte.fm\/radio\/wp-json\/wp\/v2\/posts\/42040\/revisions\/42042"}],"wp:featuredmedia":[{"embeddable":true,"href":"http:\/\/www.radiohorizonte.fm\/radio\/wp-json\/wp\/v2\/media\/42041"}],"wp:attachment":[{"href":"http:\/\/www.radiohorizonte.fm\/radio\/wp-json\/wp\/v2\/media?parent=42040"}],"wp:term":[{"taxonomy":"category","embeddable":true,"href":"http:\/\/www.radiohorizonte.fm\/radio\/wp-json\/wp\/v2\/categories?post=42040"},{"taxonomy":"post_tag","embeddable":true,"href":"http:\/\/www.radiohorizonte.fm\/radio\/wp-json\/wp\/v2\/tags?post=42040"}],"curies":[{"name":"wp","href":"https:\/\/api.w.org\/{rel}","templated":true}]}}