{"id":42051,"date":"2023-09-20T07:09:54","date_gmt":"2023-09-20T10:09:54","guid":{"rendered":"http:\/\/www.radiohorizonte.fm\/radio\/?p=42051"},"modified":"2023-09-20T07:09:54","modified_gmt":"2023-09-20T10:09:54","slug":"inicio-la-cosecha-de-trigo-y-esperan-buenos-rendimientos","status":"publish","type":"post","link":"http:\/\/www.radiohorizonte.fm\/radio\/2023\/09\/20\/inicio-la-cosecha-de-trigo-y-esperan-buenos-rendimientos\/","title":{"rendered":"Inici\u00f3 la cosecha de trigo y esperan buenos rendimientos"},"content":{"rendered":"<p>Esta semana,\u00a0 se inici\u00f3 la cosecha de trigo en el establecimiento El Roc\u00edo, de COPRA la localidad de Mercedes, la empresa correntina que principalmente se dedica al cultivo y producci\u00f3n de arroz y ganader\u00eda, pero que hace varias campa\u00f1as viene en un proceso de diversificaci\u00f3n productiva y de aprovechamientos de suelos por rotaci\u00f3n de cultivos que les permiten aprovechar al m\u00e1ximo la calidad de los mismos con muy buenos rendimientos.<\/p>\n<p><img loading=\"lazy\" decoding=\"async\" class=\"alignnone size-full wp-image-42052\" src=\"http:\/\/www.radiohorizonte.fm\/radio\/wp-content\/uploads\/2023\/09\/imagen-49910.jpg\" alt=\"\" width=\"1024\" height=\"768\" srcset=\"http:\/\/www.radiohorizonte.fm\/radio\/wp-content\/uploads\/2023\/09\/imagen-49910.jpg 1024w, http:\/\/www.radiohorizonte.fm\/radio\/wp-content\/uploads\/2023\/09\/imagen-49910-300x225.jpg 300w, http:\/\/www.radiohorizonte.fm\/radio\/wp-content\/uploads\/2023\/09\/imagen-49910-768x576.jpg 768w, http:\/\/www.radiohorizonte.fm\/radio\/wp-content\/uploads\/2023\/09\/imagen-49910-65x49.jpg 65w, http:\/\/www.radiohorizonte.fm\/radio\/wp-content\/uploads\/2023\/09\/imagen-49910-267x200.jpg 267w, http:\/\/www.radiohorizonte.fm\/radio\/wp-content\/uploads\/2023\/09\/imagen-49910-85x64.jpg 85w, http:\/\/www.radiohorizonte.fm\/radio\/wp-content\/uploads\/2023\/09\/imagen-49910-167x125.jpg 167w, http:\/\/www.radiohorizonte.fm\/radio\/wp-content\/uploads\/2023\/09\/imagen-49910-90x68.jpg 90w\" sizes=\"auto, (max-width: 1024px) 100vw, 1024px\" \/><\/p>\n<p>Es as\u00ed que acaban de iniciar la trilla de Trigo Pan calidad Grado 1 por tercer a\u00f1o consecutivo, sembrado en la segunda quincena de mayo. De acuerdo a los primeros datos, esta campa\u00f1a lograr\u00e1 un rendimiento por hect\u00e1rea superior a los 3500 kg, sobre un total de 1000 hect\u00e1reas que la empresa destin\u00f3\u00a0este a\u00f1o a producir este producto.<\/p>\n<p>En este contexto, el ministro de Producci\u00f3n Ing. Claudio Anselmo coment\u00f3 que &#8220;el gobierno de Corrientes sigue apostando al desarrollo e impulsando todas las actividades productivas para su crecimiento no s\u00f3lo en el mercado interno sino tambi\u00e9n en el mercado externo&#8221;.<\/p>\n<p>El funcionario provincial destac\u00f3 los resultados de que se est\u00e1n logrando fruto de un trabajo sostenido en los \u00faltimos a\u00f1os a partir de que se pudo lograr la exportaci\u00f3n a molinos de R\u00edo Grande Do Sul, tras una misi\u00f3n comercial a trav\u00e9s del Ministerio de la Producci\u00f3n de Corrientes, desde entonces y con el acompa\u00f1amiento de la provincia se viene acrecentando el \u00e1rea sembrada y mejorando los rindes.<\/p>\n<p>El Ingeniero Agr\u00f3nomo Cristian Jetter, Gerente de Copra resalt\u00f3 que a pesar de que a veces se tienen problemas para la obtenci\u00f3n de los Roes para exportaci\u00f3n, pero con expectativa a futuro de un gobierno nacional que fije reglas claras, con un d\u00f3lar estabilizado y con fluides en las exportaciones Corrientes tiene mucho futuro para el trigo. &#8220;Estamos a 100 km de la frontera con Brasil, conocemos ese mercado porque durante 30 a\u00f1os les vendimos arroz, s\u00f3lo necesitamos reglas claras del estado nacional, no tenemos nada que envidiar a la zona n\u00facleo en cuanto a estabilidad y rendimiento del cultivo de trigo&#8221;.<\/p>\n<p>Desde el Ministerio de la producci\u00f3n buscan ampliar el \u00e1rea sembrada y la vinculaci\u00f3n con nuevos clientes del otro lado de la frontera brasile\u00f1a por la cercan\u00eda y la optimizaci\u00f3n de los recursos log\u00edsticos de transporte con nuevos productores y a trav\u00e9s de diferentes herramientas de promoci\u00f3n.<\/p>\n","protected":false},"excerpt":{"rendered":"<div class=\"post-excerpt\"><p>Esta semana,\u00a0 se inici\u00f3 la cosecha de trigo en el establecimiento El Roc\u00edo, de COPRA la localidad de Mercedes, la empresa correntina que principalmente se dedica al cultivo y producci\u00f3n de arroz y ganader\u00eda, pero que hace varias campa\u00f1as viene en un proceso de diversificaci\u00f3n productiva y de aprovechamientos de suelos por rotaci\u00f3n de cultivos<\/p>\n<\/div>","protected":false},"author":2,"featured_media":42052,"comment_status":"closed","ping_status":"closed","sticky":false,"template":"","format":"standard","meta":{"_acf_changed":false,"footnotes":""},"categories":[2],"tags":[],"class_list":["post-42051","post","type-post","status-publish","format-standard","has-post-thumbnail","hentry","category-noticias"],"acf":[],"yoast_head":"<!-- This site is optimized with the Yoast SEO plugin v28.1 - https:\/\/yoast.com\/product\/yoast-seo-wordpress\/ -->\n<title>Inici\u00f3 la cosecha de trigo y esperan buenos rendimientos - Horizonte<\/title>\n<meta name=\"robots\" content=\"index, follow, max-snippet:-1, max-image-preview:large, max-video-preview:-1\" \/>\n<link rel=\"canonical\" href=\"http:\/\/www.radiohorizonte.fm\/radio\/2023\/09\/20\/inicio-la-cosecha-de-trigo-y-esperan-buenos-rendimientos\/\" \/>\n<meta property=\"og:locale\" content=\"es_ES\" \/>\n<meta property=\"og:type\" content=\"article\" \/>\n<meta property=\"og:title\" content=\"Inici\u00f3 la cosecha de trigo y esperan buenos rendimientos - Horizonte\" \/>\n<meta property=\"og:description\" content=\"Esta semana,\u00a0 se inici\u00f3 la cosecha de trigo en el establecimiento El Roc\u00edo, de COPRA la localidad de Mercedes, la empresa correntina que principalmente se dedica al cultivo y producci\u00f3n de arroz y ganader\u00eda, pero que hace varias campa\u00f1as viene en un proceso de diversificaci\u00f3n productiva y de aprovechamientos de suelos por rotaci\u00f3n de cultivos\" \/>\n<meta property=\"og:url\" content=\"http:\/\/www.radiohorizonte.fm\/radio\/2023\/09\/20\/inicio-la-cosecha-de-trigo-y-esperan-buenos-rendimientos\/\" \/>\n<meta property=\"og:site_name\" content=\"Horizonte\" \/>\n<meta property=\"article:publisher\" content=\"http:\/\/www.facebook.com\/HORIZONTE106.1\" \/>\n<meta property=\"article:published_time\" content=\"2023-09-20T10:09:54+00:00\" \/>\n<meta property=\"og:image\" content=\"http:\/\/www.radiohorizonte.fm\/radio\/wp-content\/uploads\/2023\/09\/imagen-49910.jpg\" \/>\n\t<meta property=\"og:image:width\" content=\"1024\" \/>\n\t<meta property=\"og:image:height\" content=\"768\" \/>\n\t<meta property=\"og:image:type\" content=\"image\/jpeg\" \/>\n<meta name=\"author\" content=\"Cristian Galarza\" \/>\n<meta name=\"twitter:card\" content=\"summary_large_image\" \/>\n<meta name=\"twitter:creator\" content=\"@fmhorizonte1061\" \/>\n<meta name=\"twitter:site\" content=\"@fmhorizonte1061\" \/>\n<meta name=\"twitter:label1\" content=\"Escrito por\" \/>\n\t<meta name=\"twitter:data1\" content=\"Cristian Galarza\" \/>\n\t<meta name=\"twitter:label2\" content=\"Tiempo de lectura\" \/>\n\t<meta name=\"twitter:data2\" content=\"2 minutos\" \/>\n<script type=\"application\/ld+json\" class=\"yoast-schema-graph\">{\"@context\":\"https:\\\/\\\/schema.org\",\"@graph\":[{\"@type\":\"Article\",\"@id\":\"http:\\\/\\\/www.radiohorizonte.fm\\\/radio\\\/2023\\\/09\\\/20\\\/inicio-la-cosecha-de-trigo-y-esperan-buenos-rendimientos\\\/#article\",\"isPartOf\":{\"@id\":\"http:\\\/\\\/www.radiohorizonte.fm\\\/radio\\\/2023\\\/09\\\/20\\\/inicio-la-cosecha-de-trigo-y-esperan-buenos-rendimientos\\\/\"},\"author\":{\"name\":\"Cristian Galarza\",\"@id\":\"http:\\\/\\\/www.radiohorizonte.fm\\\/radio\\\/#\\\/schema\\\/person\\\/f8fa003a405bb86729fd87d15d0ddafa\"},\"headline\":\"Inici\u00f3 la cosecha de trigo y esperan buenos rendimientos\",\"datePublished\":\"2023-09-20T10:09:54+00:00\",\"mainEntityOfPage\":{\"@id\":\"http:\\\/\\\/www.radiohorizonte.fm\\\/radio\\\/2023\\\/09\\\/20\\\/inicio-la-cosecha-de-trigo-y-esperan-buenos-rendimientos\\\/\"},\"wordCount\":429,\"publisher\":{\"@id\":\"http:\\\/\\\/www.radiohorizonte.fm\\\/radio\\\/#organization\"},\"image\":{\"@id\":\"http:\\\/\\\/www.radiohorizonte.fm\\\/radio\\\/2023\\\/09\\\/20\\\/inicio-la-cosecha-de-trigo-y-esperan-buenos-rendimientos\\\/#primaryimage\"},\"thumbnailUrl\":\"http:\\\/\\\/www.radiohorizonte.fm\\\/radio\\\/wp-content\\\/uploads\\\/2023\\\/09\\\/imagen-49910.jpg\",\"articleSection\":[\"Noticias\"],\"inLanguage\":\"es-AR\"},{\"@type\":\"WebPage\",\"@id\":\"http:\\\/\\\/www.radiohorizonte.fm\\\/radio\\\/2023\\\/09\\\/20\\\/inicio-la-cosecha-de-trigo-y-esperan-buenos-rendimientos\\\/\",\"url\":\"http:\\\/\\\/www.radiohorizonte.fm\\\/radio\\\/2023\\\/09\\\/20\\\/inicio-la-cosecha-de-trigo-y-esperan-buenos-rendimientos\\\/\",\"name\":\"Inici\u00f3 la cosecha de trigo y esperan buenos rendimientos - Horizonte\",\"isPartOf\":{\"@id\":\"http:\\\/\\\/www.radiohorizonte.fm\\\/radio\\\/#website\"},\"primaryImageOfPage\":{\"@id\":\"http:\\\/\\\/www.radiohorizonte.fm\\\/radio\\\/2023\\\/09\\\/20\\\/inicio-la-cosecha-de-trigo-y-esperan-buenos-rendimientos\\\/#primaryimage\"},\"image\":{\"@id\":\"http:\\\/\\\/www.radiohorizonte.fm\\\/radio\\\/2023\\\/09\\\/20\\\/inicio-la-cosecha-de-trigo-y-esperan-buenos-rendimientos\\\/#primaryimage\"},\"thumbnailUrl\":\"http:\\\/\\\/www.radiohorizonte.fm\\\/radio\\\/wp-content\\\/uploads\\\/2023\\\/09\\\/imagen-49910.jpg\",\"datePublished\":\"2023-09-20T10:09:54+00:00\",\"breadcrumb\":{\"@id\":\"http:\\\/\\\/www.radiohorizonte.fm\\\/radio\\\/2023\\\/09\\\/20\\\/inicio-la-cosecha-de-trigo-y-esperan-buenos-rendimientos\\\/#breadcrumb\"},\"inLanguage\":\"es-AR\",\"potentialAction\":[{\"@type\":\"ReadAction\",\"target\":[\"http:\\\/\\\/www.radiohorizonte.fm\\\/radio\\\/2023\\\/09\\\/20\\\/inicio-la-cosecha-de-trigo-y-esperan-buenos-rendimientos\\\/\"]}]},{\"@type\":\"ImageObject\",\"inLanguage\":\"es-AR\",\"@id\":\"http:\\\/\\\/www.radiohorizonte.fm\\\/radio\\\/2023\\\/09\\\/20\\\/inicio-la-cosecha-de-trigo-y-esperan-buenos-rendimientos\\\/#primaryimage\",\"url\":\"http:\\\/\\\/www.radiohorizonte.fm\\\/radio\\\/wp-content\\\/uploads\\\/2023\\\/09\\\/imagen-49910.jpg\",\"contentUrl\":\"http:\\\/\\\/www.radiohorizonte.fm\\\/radio\\\/wp-content\\\/uploads\\\/2023\\\/09\\\/imagen-49910.jpg\",\"width\":1024,\"height\":768},{\"@type\":\"BreadcrumbList\",\"@id\":\"http:\\\/\\\/www.radiohorizonte.fm\\\/radio\\\/2023\\\/09\\\/20\\\/inicio-la-cosecha-de-trigo-y-esperan-buenos-rendimientos\\\/#breadcrumb\",\"itemListElement\":[{\"@type\":\"ListItem\",\"position\":1,\"name\":\"Home\",\"item\":\"http:\\\/\\\/www.radiohorizonte.fm\\\/radio\\\/\"},{\"@type\":\"ListItem\",\"position\":2,\"name\":\"Inici\u00f3 la cosecha de trigo y esperan buenos rendimientos\"}]},{\"@type\":\"WebSite\",\"@id\":\"http:\\\/\\\/www.radiohorizonte.fm\\\/radio\\\/#website\",\"url\":\"http:\\\/\\\/www.radiohorizonte.fm\\\/radio\\\/\",\"name\":\"Horizonte\",\"description\":\"Radio Horizonte 106.1 - Una radio de clasicos\",\"publisher\":{\"@id\":\"http:\\\/\\\/www.radiohorizonte.fm\\\/radio\\\/#organization\"},\"potentialAction\":[{\"@type\":\"SearchAction\",\"target\":{\"@type\":\"EntryPoint\",\"urlTemplate\":\"http:\\\/\\\/www.radiohorizonte.fm\\\/radio\\\/?s={search_term_string}\"},\"query-input\":{\"@type\":\"PropertyValueSpecification\",\"valueRequired\":true,\"valueName\":\"search_term_string\"}}],\"inLanguage\":\"es-AR\"},{\"@type\":\"Organization\",\"@id\":\"http:\\\/\\\/www.radiohorizonte.fm\\\/radio\\\/#organization\",\"name\":\"Horizonte\",\"url\":\"http:\\\/\\\/www.radiohorizonte.fm\\\/radio\\\/\",\"logo\":{\"@type\":\"ImageObject\",\"inLanguage\":\"es-AR\",\"@id\":\"http:\\\/\\\/www.radiohorizonte.fm\\\/radio\\\/#\\\/schema\\\/logo\\\/image\\\/\",\"url\":\"http:\\\/\\\/www.radiohorizonte.fm\\\/radio\\\/wp-content\\\/uploads\\\/2025\\\/06\\\/Portada-FM-Horizonte_modelo-imagen-scaled.jpg\",\"contentUrl\":\"http:\\\/\\\/www.radiohorizonte.fm\\\/radio\\\/wp-content\\\/uploads\\\/2025\\\/06\\\/Portada-FM-Horizonte_modelo-imagen-scaled.jpg\",\"width\":2560,\"height\":1056,\"caption\":\"Horizonte\"},\"image\":{\"@id\":\"http:\\\/\\\/www.radiohorizonte.fm\\\/radio\\\/#\\\/schema\\\/logo\\\/image\\\/\"},\"sameAs\":[\"http:\\\/\\\/www.facebook.com\\\/HORIZONTE106.1\",\"https:\\\/\\\/x.com\\\/fmhorizonte1061\"]},{\"@type\":\"Person\",\"@id\":\"http:\\\/\\\/www.radiohorizonte.fm\\\/radio\\\/#\\\/schema\\\/person\\\/f8fa003a405bb86729fd87d15d0ddafa\",\"name\":\"Cristian Galarza\",\"image\":{\"@type\":\"ImageObject\",\"inLanguage\":\"es-AR\",\"@id\":\"https:\\\/\\\/secure.gravatar.com\\\/avatar\\\/fad34bc2c773209c05d7d53b08a69b680eeb55f3be014e52b31643d20ab65925?s=96&d=mm&r=g\",\"url\":\"https:\\\/\\\/secure.gravatar.com\\\/avatar\\\/fad34bc2c773209c05d7d53b08a69b680eeb55f3be014e52b31643d20ab65925?s=96&d=mm&r=g\",\"contentUrl\":\"https:\\\/\\\/secure.gravatar.com\\\/avatar\\\/fad34bc2c773209c05d7d53b08a69b680eeb55f3be014e52b31643d20ab65925?s=96&d=mm&r=g\",\"caption\":\"Cristian Galarza\"},\"url\":\"http:\\\/\\\/www.radiohorizonte.fm\\\/radio\\\/author\\\/cristian\\\/\"}]}<\/script>\n<!-- \/ Yoast SEO plugin. -->","yoast_head_json":{"title":"Inici\u00f3 la cosecha de trigo y esperan buenos rendimientos - Horizonte","robots":{"index":"index","follow":"follow","max-snippet":"max-snippet:-1","max-image-preview":"max-image-preview:large","max-video-preview":"max-video-preview:-1"},"canonical":"http:\/\/www.radiohorizonte.fm\/radio\/2023\/09\/20\/inicio-la-cosecha-de-trigo-y-esperan-buenos-rendimientos\/","og_locale":"es_ES","og_type":"article","og_title":"Inici\u00f3 la cosecha de trigo y esperan buenos rendimientos - Horizonte","og_description":"Esta semana,\u00a0 se inici\u00f3 la cosecha de trigo en el establecimiento El Roc\u00edo, de COPRA la localidad de Mercedes, la empresa correntina que principalmente se dedica al cultivo y producci\u00f3n de arroz y ganader\u00eda, pero que hace varias campa\u00f1as viene en un proceso de diversificaci\u00f3n productiva y de aprovechamientos de suelos por rotaci\u00f3n de cultivos","og_url":"http:\/\/www.radiohorizonte.fm\/radio\/2023\/09\/20\/inicio-la-cosecha-de-trigo-y-esperan-buenos-rendimientos\/","og_site_name":"Horizonte","article_publisher":"http:\/\/www.facebook.com\/HORIZONTE106.1","article_published_time":"2023-09-20T10:09:54+00:00","og_image":[{"width":1024,"height":768,"url":"http:\/\/www.radiohorizonte.fm\/radio\/wp-content\/uploads\/2023\/09\/imagen-49910.jpg","type":"image\/jpeg"}],"author":"Cristian Galarza","twitter_card":"summary_large_image","twitter_creator":"@fmhorizonte1061","twitter_site":"@fmhorizonte1061","twitter_misc":{"Escrito por":"Cristian Galarza","Tiempo de lectura":"2 minutos"},"schema":{"@context":"https:\/\/schema.org","@graph":[{"@type":"Article","@id":"http:\/\/www.radiohorizonte.fm\/radio\/2023\/09\/20\/inicio-la-cosecha-de-trigo-y-esperan-buenos-rendimientos\/#article","isPartOf":{"@id":"http:\/\/www.radiohorizonte.fm\/radio\/2023\/09\/20\/inicio-la-cosecha-de-trigo-y-esperan-buenos-rendimientos\/"},"author":{"name":"Cristian Galarza","@id":"http:\/\/www.radiohorizonte.fm\/radio\/#\/schema\/person\/f8fa003a405bb86729fd87d15d0ddafa"},"headline":"Inici\u00f3 la cosecha de trigo y esperan buenos rendimientos","datePublished":"2023-09-20T10:09:54+00:00","mainEntityOfPage":{"@id":"http:\/\/www.radiohorizonte.fm\/radio\/2023\/09\/20\/inicio-la-cosecha-de-trigo-y-esperan-buenos-rendimientos\/"},"wordCount":429,"publisher":{"@id":"http:\/\/www.radiohorizonte.fm\/radio\/#organization"},"image":{"@id":"http:\/\/www.radiohorizonte.fm\/radio\/2023\/09\/20\/inicio-la-cosecha-de-trigo-y-esperan-buenos-rendimientos\/#primaryimage"},"thumbnailUrl":"http:\/\/www.radiohorizonte.fm\/radio\/wp-content\/uploads\/2023\/09\/imagen-49910.jpg","articleSection":["Noticias"],"inLanguage":"es-AR"},{"@type":"WebPage","@id":"http:\/\/www.radiohorizonte.fm\/radio\/2023\/09\/20\/inicio-la-cosecha-de-trigo-y-esperan-buenos-rendimientos\/","url":"http:\/\/www.radiohorizonte.fm\/radio\/2023\/09\/20\/inicio-la-cosecha-de-trigo-y-esperan-buenos-rendimientos\/","name":"Inici\u00f3 la cosecha de trigo y esperan buenos rendimientos - Horizonte","isPartOf":{"@id":"http:\/\/www.radiohorizonte.fm\/radio\/#website"},"primaryImageOfPage":{"@id":"http:\/\/www.radiohorizonte.fm\/radio\/2023\/09\/20\/inicio-la-cosecha-de-trigo-y-esperan-buenos-rendimientos\/#primaryimage"},"image":{"@id":"http:\/\/www.radiohorizonte.fm\/radio\/2023\/09\/20\/inicio-la-cosecha-de-trigo-y-esperan-buenos-rendimientos\/#primaryimage"},"thumbnailUrl":"http:\/\/www.radiohorizonte.fm\/radio\/wp-content\/uploads\/2023\/09\/imagen-49910.jpg","datePublished":"2023-09-20T10:09:54+00:00","breadcrumb":{"@id":"http:\/\/www.radiohorizonte.fm\/radio\/2023\/09\/20\/inicio-la-cosecha-de-trigo-y-esperan-buenos-rendimientos\/#breadcrumb"},"inLanguage":"es-AR","potentialAction":[{"@type":"ReadAction","target":["http:\/\/www.radiohorizonte.fm\/radio\/2023\/09\/20\/inicio-la-cosecha-de-trigo-y-esperan-buenos-rendimientos\/"]}]},{"@type":"ImageObject","inLanguage":"es-AR","@id":"http:\/\/www.radiohorizonte.fm\/radio\/2023\/09\/20\/inicio-la-cosecha-de-trigo-y-esperan-buenos-rendimientos\/#primaryimage","url":"http:\/\/www.radiohorizonte.fm\/radio\/wp-content\/uploads\/2023\/09\/imagen-49910.jpg","contentUrl":"http:\/\/www.radiohorizonte.fm\/radio\/wp-content\/uploads\/2023\/09\/imagen-49910.jpg","width":1024,"height":768},{"@type":"BreadcrumbList","@id":"http:\/\/www.radiohorizonte.fm\/radio\/2023\/09\/20\/inicio-la-cosecha-de-trigo-y-esperan-buenos-rendimientos\/#breadcrumb","itemListElement":[{"@type":"ListItem","position":1,"name":"Home","item":"http:\/\/www.radiohorizonte.fm\/radio\/"},{"@type":"ListItem","position":2,"name":"Inici\u00f3 la cosecha de trigo y esperan buenos rendimientos"}]},{"@type":"WebSite","@id":"http:\/\/www.radiohorizonte.fm\/radio\/#website","url":"http:\/\/www.radiohorizonte.fm\/radio\/","name":"Horizonte","description":"Radio Horizonte 106.1 - Una radio de clasicos","publisher":{"@id":"http:\/\/www.radiohorizonte.fm\/radio\/#organization"},"potentialAction":[{"@type":"SearchAction","target":{"@type":"EntryPoint","urlTemplate":"http:\/\/www.radiohorizonte.fm\/radio\/?s={search_term_string}"},"query-input":{"@type":"PropertyValueSpecification","valueRequired":true,"valueName":"search_term_string"}}],"inLanguage":"es-AR"},{"@type":"Organization","@id":"http:\/\/www.radiohorizonte.fm\/radio\/#organization","name":"Horizonte","url":"http:\/\/www.radiohorizonte.fm\/radio\/","logo":{"@type":"ImageObject","inLanguage":"es-AR","@id":"http:\/\/www.radiohorizonte.fm\/radio\/#\/schema\/logo\/image\/","url":"http:\/\/www.radiohorizonte.fm\/radio\/wp-content\/uploads\/2025\/06\/Portada-FM-Horizonte_modelo-imagen-scaled.jpg","contentUrl":"http:\/\/www.radiohorizonte.fm\/radio\/wp-content\/uploads\/2025\/06\/Portada-FM-Horizonte_modelo-imagen-scaled.jpg","width":2560,"height":1056,"caption":"Horizonte"},"image":{"@id":"http:\/\/www.radiohorizonte.fm\/radio\/#\/schema\/logo\/image\/"},"sameAs":["http:\/\/www.facebook.com\/HORIZONTE106.1","https:\/\/x.com\/fmhorizonte1061"]},{"@type":"Person","@id":"http:\/\/www.radiohorizonte.fm\/radio\/#\/schema\/person\/f8fa003a405bb86729fd87d15d0ddafa","name":"Cristian Galarza","image":{"@type":"ImageObject","inLanguage":"es-AR","@id":"https:\/\/secure.gravatar.com\/avatar\/fad34bc2c773209c05d7d53b08a69b680eeb55f3be014e52b31643d20ab65925?s=96&d=mm&r=g","url":"https:\/\/secure.gravatar.com\/avatar\/fad34bc2c773209c05d7d53b08a69b680eeb55f3be014e52b31643d20ab65925?s=96&d=mm&r=g","contentUrl":"https:\/\/secure.gravatar.com\/avatar\/fad34bc2c773209c05d7d53b08a69b680eeb55f3be014e52b31643d20ab65925?s=96&d=mm&r=g","caption":"Cristian Galarza"},"url":"http:\/\/www.radiohorizonte.fm\/radio\/author\/cristian\/"}]}},"_links":{"self":[{"href":"http:\/\/www.radiohorizonte.fm\/radio\/wp-json\/wp\/v2\/posts\/42051","targetHints":{"allow":["GET"]}}],"collection":[{"href":"http:\/\/www.radiohorizonte.fm\/radio\/wp-json\/wp\/v2\/posts"}],"about":[{"href":"http:\/\/www.radiohorizonte.fm\/radio\/wp-json\/wp\/v2\/types\/post"}],"author":[{"embeddable":true,"href":"http:\/\/www.radiohorizonte.fm\/radio\/wp-json\/wp\/v2\/users\/2"}],"replies":[{"embeddable":true,"href":"http:\/\/www.radiohorizonte.fm\/radio\/wp-json\/wp\/v2\/comments?post=42051"}],"version-history":[{"count":1,"href":"http:\/\/www.radiohorizonte.fm\/radio\/wp-json\/wp\/v2\/posts\/42051\/revisions"}],"predecessor-version":[{"id":42053,"href":"http:\/\/www.radiohorizonte.fm\/radio\/wp-json\/wp\/v2\/posts\/42051\/revisions\/42053"}],"wp:featuredmedia":[{"embeddable":true,"href":"http:\/\/www.radiohorizonte.fm\/radio\/wp-json\/wp\/v2\/media\/42052"}],"wp:attachment":[{"href":"http:\/\/www.radiohorizonte.fm\/radio\/wp-json\/wp\/v2\/media?parent=42051"}],"wp:term":[{"taxonomy":"category","embeddable":true,"href":"http:\/\/www.radiohorizonte.fm\/radio\/wp-json\/wp\/v2\/categories?post=42051"},{"taxonomy":"post_tag","embeddable":true,"href":"http:\/\/www.radiohorizonte.fm\/radio\/wp-json\/wp\/v2\/tags?post=42051"}],"curies":[{"name":"wp","href":"https:\/\/api.w.org\/{rel}","templated":true}]}}