{"id":42061,"date":"2023-09-21T07:12:03","date_gmt":"2023-09-21T10:12:03","guid":{"rendered":"http:\/\/www.radiohorizonte.fm\/radio\/?p=42061"},"modified":"2023-09-21T07:12:03","modified_gmt":"2023-09-21T10:12:03","slug":"la-tasa-de-desocupacion-bajo-al-62","status":"publish","type":"post","link":"http:\/\/www.radiohorizonte.fm\/radio\/2023\/09\/21\/la-tasa-de-desocupacion-bajo-al-62\/","title":{"rendered":"La tasa de desocupaci\u00f3n baj\u00f3 al 6,2%"},"content":{"rendered":"<div class=\"wrapper-header\">\n<div class=\"container-xl\">\n<div class=\"row\">\n<div class=\"col-12\">\n<div class=\"head-content mb-4\">\n<p class=\"speak\">El informe del\u00a0Instituto Nacional de Estad\u00edstica y Censos mostr\u00f3 en un retroceso del 0,7% respecto al primer trimestre. Adem\u00e1s, la subocupaci\u00f3n\u00a0demandante retrocedi\u00f3 al 7,4 % contra el 7,9 %.<\/p>\n<\/div>\n<\/div>\n<\/div>\n<\/div>\n<\/div>\n<div class=\"wrapper-editable-content\">\u00a0<img loading=\"lazy\" decoding=\"async\" class=\"alignnone size-full wp-image-42062\" src=\"http:\/\/www.radiohorizonte.fm\/radio\/wp-content\/uploads\/2023\/09\/64e75c4f3e30e_1200.jpg\" alt=\"\" width=\"1200\" height=\"675\" srcset=\"http:\/\/www.radiohorizonte.fm\/radio\/wp-content\/uploads\/2023\/09\/64e75c4f3e30e_1200.jpg 1200w, http:\/\/www.radiohorizonte.fm\/radio\/wp-content\/uploads\/2023\/09\/64e75c4f3e30e_1200-300x169.jpg 300w, http:\/\/www.radiohorizonte.fm\/radio\/wp-content\/uploads\/2023\/09\/64e75c4f3e30e_1200-768x432.jpg 768w, http:\/\/www.radiohorizonte.fm\/radio\/wp-content\/uploads\/2023\/09\/64e75c4f3e30e_1200-1024x576.jpg 1024w, http:\/\/www.radiohorizonte.fm\/radio\/wp-content\/uploads\/2023\/09\/64e75c4f3e30e_1200-65x37.jpg 65w, http:\/\/www.radiohorizonte.fm\/radio\/wp-content\/uploads\/2023\/09\/64e75c4f3e30e_1200-320x180.jpg 320w, http:\/\/www.radiohorizonte.fm\/radio\/wp-content\/uploads\/2023\/09\/64e75c4f3e30e_1200-85x48.jpg 85w, http:\/\/www.radiohorizonte.fm\/radio\/wp-content\/uploads\/2023\/09\/64e75c4f3e30e_1200-220x125.jpg 220w, http:\/\/www.radiohorizonte.fm\/radio\/wp-content\/uploads\/2023\/09\/64e75c4f3e30e_1200-90x51.jpg 90w\" sizes=\"auto, (max-width: 1200px) 100vw, 1200px\" \/><\/div>\n<div><\/div>\n<div>La tasa de desocupaci\u00f3n baj\u00f3 al t\u00e9rmino del segundo trimestre al 6,2% en relaci\u00f3n al 6,9% de igual per\u00edodo del a\u00f1o pasado inform\u00f3 este mi\u00e9rcoles el Instituto Nacional de Estad\u00edstica y Censos (Indec). Incluso, este \u00edndice de 6,2% de desocupaci\u00f3n estuvo por debajo del 6,9% del primer trimestre de este a\u00f1o.<\/p>\n<p>Esta baja se produjo a pesar de que el Producto Interno Bruto cay\u00f3 4,9% en la comparaci\u00f3n interanual, y 2,8 % entre el segundo trimestre y el primero, seg\u00fan el Indec.<\/p>\n<p>En tanto, la sub ocupaci\u00f3n demandante, entendida como la gente que trabaja 35 horas semanales y quisiera tener m\u00e1s empleo, baj\u00f3 tambi\u00e9n al 7,4% en el segundo trimestre, frente al 7,7% de igual per\u00edodo del 2022, aunque subi\u00f3 respecto al 6,3% que se registr\u00f3 en el primer trimestre de este a\u00f1o.<\/p>\n<p>En tanto, la sub ocupaci\u00f3n no demandante se ubic\u00f3 en el 3,2%, por debajo del 3,5% de igual per\u00edodo del 2022, y levemente por sobre el 3,1% del primer trimestre.<\/p>\n<div class=\"twitter-tweet twitter-tweet-rendered\"><iframe loading=\"lazy\" id=\"twitter-widget-0\" class=\"\" title=\"Twitter Tweet\" src=\"https:\/\/platform.twitter.com\/embed\/Tweet.html?creatorScreenName=agenciatelam&amp;dnt=false&amp;embedId=twitter-widget-0&amp;features=eyJ0ZndfdGltZWxpbmVfbGlzdCI6eyJidWNrZXQiOltdLCJ2ZXJzaW9uIjpudWxsfSwidGZ3X2ZvbGxvd2VyX2NvdW50X3N1bnNldCI6eyJidWNrZXQiOnRydWUsInZlcnNpb24iOm51bGx9LCJ0ZndfdHdlZXRfZWRpdF9iYWNrZW5kIjp7ImJ1Y2tldCI6Im9uIiwidmVyc2lvbiI6bnVsbH0sInRmd19yZWZzcmNfc2Vzc2lvbiI6eyJidWNrZXQiOiJvbiIsInZlcnNpb24iOm51bGx9LCJ0ZndfZm9zbnJfc29mdF9pbnRlcnZlbnRpb25zX2VuYWJsZWQiOnsiYnVja2V0Ijoib24iLCJ2ZXJzaW9uIjpudWxsfSwidGZ3X21peGVkX21lZGlhXzE1ODk3Ijp7ImJ1Y2tldCI6InRyZWF0bWVudCIsInZlcnNpb24iOm51bGx9LCJ0ZndfZXhwZXJpbWVudHNfY29va2llX2V4cGlyYXRpb24iOnsiYnVja2V0IjoxMjA5NjAwLCJ2ZXJzaW9uIjpudWxsfSwidGZ3X3Nob3dfYmlyZHdhdGNoX3Bpdm90c19lbmFibGVkIjp7ImJ1Y2tldCI6Im9uIiwidmVyc2lvbiI6bnVsbH0sInRmd19kdXBsaWNhdGVfc2NyaWJlc190b19zZXR0aW5ncyI6eyJidWNrZXQiOiJvbiIsInZlcnNpb24iOm51bGx9LCJ0ZndfdXNlX3Byb2ZpbGVfaW1hZ2Vfc2hhcGVfZW5hYmxlZCI6eyJidWNrZXQiOiJvbiIsInZlcnNpb24iOm51bGx9LCJ0ZndfdmlkZW9faGxzX2R5bmFtaWNfbWFuaWZlc3RzXzE1MDgyIjp7ImJ1Y2tldCI6InRydWVfYml0cmF0ZSIsInZlcnNpb24iOm51bGx9LCJ0ZndfbGVnYWN5X3RpbWVsaW5lX3N1bnNldCI6eyJidWNrZXQiOnRydWUsInZlcnNpb24iOm51bGx9LCJ0ZndfdHdlZXRfZWRpdF9mcm9udGVuZCI6eyJidWNrZXQiOiJvbiIsInZlcnNpb24iOm51bGx9fQ%3D%3D&amp;frame=false&amp;hideCard=false&amp;hideThread=false&amp;id=1704571237815463994&amp;lang=es&amp;origin=https%3A%2F%2Fwww.telam.com.ar%2Fnotas%2F202309%2F640908-desocupacion-segundo-trimestre-descenso.html&amp;sessionId=5fba6a5bfe961087ab7b841301f704628fe7c1b6&amp;siteScreenName=agenciatelam&amp;theme=light&amp;widgetsVersion=aaf4084522e3a%3A1674595607486&amp;width=550px\" width=\"300\" height=\"150\" frameborder=\"0\" scrolling=\"no\" allowfullscreen=\"allowfullscreen\" data-tweet-id=\"1704571237815463994\"><\/iframe><\/div>\n<p>Las mayores tasas de desocupaci\u00f3n se anotaron en las ciudades de C\u00f3rdoba y Mar del Plata, ambas con el 8,3%; seguidas por Santa Fe 8,1%; los partidos del Gran Buenos Aires, con el 7,5%; Rio Cuarto, 7,3%; Rawson-Trelew 7,1%; Concordia con el 6,8%; Tucum\u00e1n, con el 6,6%; entre otras.<\/p>\n<p>El Indec estim\u00f3 a la Poblaci\u00f3n Econ\u00f3micamente Activa en 47,6% del total, es decir, alrededor de 14 millones de personas. De este conjunto, 13,1 millones est\u00e1 ocupado, y 900.000 no tienen empleo y lo buscan.<\/p>\n<p>Entre los ocupados, el 74,2% son asalariados, es decir unos 9,7 millones, de los cuales 6,1 millones tienen descuento jubilatorio, y 3,6 millones no lo tienen.<\/p>\n<p>Del total de ocupados, 2,4% estuvo ausente, por encima del 2,1% de abril-junio del a\u00f1o pasado, el \u201chome office\u201d se mantuvo en 9,2% (anterior 9,1%) mientras que el porcentaje de asalariados que utilizaron sus propias maquinarias\/equipos para realizar su trabajo baj\u00f3 al 4,5% desde el 5,4% anterior.<\/p>\n<figure class=\"mb-3\"><img decoding=\"async\" class=\" lazy \" src=\"https:\/\/www.telam.com.ar\/thumbs\/bluesteel\/advf\/imagenes\/2023\/09\/650b56e896b68_1200.jpg\" alt=\"Telam SE\" width=\"100%\" height=\"100%\" \/><\/p>\n<div class=\"media-icons\"><\/div><figcaption><\/figcaption><\/figure>\n<p>Al observar las poblaciones espec\u00edficas para la poblaci\u00f3n de 14 a\u00f1os y m\u00e1s, la Tasa de Desocupaci\u00f3n fue de 6,9% para las mujeres, y de 5,7% para los varones.<\/p>\n<p>En referencia al nivel educativo de las personas desocupadas, 68,3% cuenta con hasta secundario completo, y el 31,7%, con nivel superior y universitario, completo o incompleto.<\/p>\n<p>En cuanto al tiempo de b\u00fasqueda de empleo, se registr\u00f3 un aumento de 4,6 puntos porcentuales (p.p.9 entre la poblaci\u00f3n que est\u00e1 buscando desde hace m\u00e1s de 3 y hasta 6 meses (de 9,8% a 14,4%).<\/p>\n<p>En contraposici\u00f3n, descendieron su proporci\u00f3n las personas que buscan desde hace menos de un mes en 2,9 p.p. (de 16 % a 13,1%) y aquellas que lo hacen de 1 y hasta 3 meses en 2,0 p.p. (de 30,2% a 28,2%).<\/p>\n<blockquote class=\"\"><p>El Indec estim\u00f3 a la Poblaci\u00f3n Econ\u00f3micamente Activa en 47,6% del total, es decir, alrededor de 14 millones de personas. De este conjunto, 13,1 millones est\u00e1 ocupado, y 900.000 no tienen empleo y lo buscan<\/p><\/blockquote>\n<p>Con referencia a las ramas de actividad, las mayores diferencias en las tasas de desocupaci\u00f3n se observan en la construcci\u00f3n, que present\u00f3 un aumento de 3,2 puntos porcentuales, al pasar de 16,5% a 19,7%; y en el servicio dom\u00e9stico, que tambi\u00e9n aument\u00f3 1,9 p.p. de 13,6 % a 15,5%.<\/p>\n<p>La ministra de Trabajo, Raquel &#8220;Kelly&#8221; Kismer de Olmos, asegur\u00f3 ante la C\u00e1mara de Diputados que el proyecto de ley Empleo Mipyme tiene como objetivo &#8220;fomentar la contrataci\u00f3n formal de trabajadores, formalizar el trabajo no registrado e impulsar la transformaci\u00f3n de beneficiarios de programas sociales&#8221;.<\/p>\n<p>Al explicar la iniciativa impulsada por el Ejecutivo, Olmos destac\u00f3 que desde la salida de la pandemia &#8220;llevamos 35 meses de crecimiento del empleo en el sector privado&#8221; y se\u00f1al\u00f3 que &#8220;cerca de 590.000 personas accedieron a puestos de trabajo&#8221;. Dijo que pese a ese crecimiento la &#8220;tasa de empleo no registrado sigue siendo muy elevado ya que alcanza el 36,7%&#8221;.<\/p><\/div>\n","protected":false},"excerpt":{"rendered":"<div class=\"post-excerpt\"><p>El informe del\u00a0Instituto Nacional de Estad\u00edstica y Censos mostr\u00f3 en un retroceso del 0,7% respecto al primer trimestre. Adem\u00e1s, la subocupaci\u00f3n\u00a0demandante retrocedi\u00f3 al 7,4 % contra el 7,9 %. \u00a0 La tasa de desocupaci\u00f3n baj\u00f3 al t\u00e9rmino del segundo trimestre al 6,2% en relaci\u00f3n al 6,9% de igual per\u00edodo del a\u00f1o pasado inform\u00f3 este mi\u00e9rcoles<\/p>\n<\/div>","protected":false},"author":2,"featured_media":42062,"comment_status":"closed","ping_status":"closed","sticky":false,"template":"","format":"standard","meta":{"_acf_changed":false,"footnotes":""},"categories":[2],"tags":[],"class_list":["post-42061","post","type-post","status-publish","format-standard","has-post-thumbnail","hentry","category-noticias"],"acf":[],"yoast_head":"<!-- This site is optimized with the Yoast SEO plugin v28.1 - https:\/\/yoast.com\/product\/yoast-seo-wordpress\/ -->\n<title>La tasa de desocupaci\u00f3n baj\u00f3 al 6,2% - Horizonte<\/title>\n<meta name=\"robots\" content=\"index, follow, max-snippet:-1, max-image-preview:large, max-video-preview:-1\" \/>\n<link rel=\"canonical\" href=\"https:\/\/www.radiohorizonte.fm\/radio\/2023\/09\/21\/la-tasa-de-desocupacion-bajo-al-62\/\" \/>\n<meta property=\"og:locale\" content=\"es_ES\" \/>\n<meta property=\"og:type\" content=\"article\" \/>\n<meta property=\"og:title\" content=\"La tasa de desocupaci\u00f3n baj\u00f3 al 6,2% - Horizonte\" \/>\n<meta property=\"og:description\" content=\"El informe del\u00a0Instituto Nacional de Estad\u00edstica y Censos mostr\u00f3 en un retroceso del 0,7% respecto al primer trimestre. Adem\u00e1s, la subocupaci\u00f3n\u00a0demandante retrocedi\u00f3 al 7,4 % contra el 7,9 %. \u00a0 La tasa de desocupaci\u00f3n baj\u00f3 al t\u00e9rmino del segundo trimestre al 6,2% en relaci\u00f3n al 6,9% de igual per\u00edodo del a\u00f1o pasado inform\u00f3 este mi\u00e9rcoles\" \/>\n<meta property=\"og:url\" content=\"https:\/\/www.radiohorizonte.fm\/radio\/2023\/09\/21\/la-tasa-de-desocupacion-bajo-al-62\/\" \/>\n<meta property=\"og:site_name\" content=\"Horizonte\" \/>\n<meta property=\"article:publisher\" content=\"http:\/\/www.facebook.com\/HORIZONTE106.1\" \/>\n<meta property=\"article:published_time\" content=\"2023-09-21T10:12:03+00:00\" \/>\n<meta property=\"og:image\" content=\"https:\/\/www.radiohorizonte.fm\/radio\/wp-content\/uploads\/2023\/09\/64e75c4f3e30e_1200.jpg\" \/>\n\t<meta property=\"og:image:width\" content=\"1200\" \/>\n\t<meta property=\"og:image:height\" content=\"675\" \/>\n\t<meta property=\"og:image:type\" content=\"image\/jpeg\" \/>\n<meta name=\"author\" content=\"Cristian Galarza\" \/>\n<meta name=\"twitter:card\" content=\"summary_large_image\" \/>\n<meta name=\"twitter:creator\" content=\"@fmhorizonte1061\" \/>\n<meta name=\"twitter:site\" content=\"@fmhorizonte1061\" \/>\n<meta name=\"twitter:label1\" content=\"Escrito por\" \/>\n\t<meta name=\"twitter:data1\" content=\"Cristian Galarza\" \/>\n\t<meta name=\"twitter:label2\" content=\"Tiempo de lectura\" \/>\n\t<meta name=\"twitter:data2\" content=\"3 minutos\" \/>\n<script type=\"application\/ld+json\" class=\"yoast-schema-graph\">{\"@context\":\"https:\\\/\\\/schema.org\",\"@graph\":[{\"@type\":\"Article\",\"@id\":\"https:\\\/\\\/www.radiohorizonte.fm\\\/radio\\\/2023\\\/09\\\/21\\\/la-tasa-de-desocupacion-bajo-al-62\\\/#article\",\"isPartOf\":{\"@id\":\"https:\\\/\\\/www.radiohorizonte.fm\\\/radio\\\/2023\\\/09\\\/21\\\/la-tasa-de-desocupacion-bajo-al-62\\\/\"},\"author\":{\"name\":\"Cristian Galarza\",\"@id\":\"http:\\\/\\\/www.radiohorizonte.fm\\\/radio\\\/#\\\/schema\\\/person\\\/f8fa003a405bb86729fd87d15d0ddafa\"},\"headline\":\"La tasa de desocupaci\u00f3n baj\u00f3 al 6,2%\",\"datePublished\":\"2023-09-21T10:12:03+00:00\",\"mainEntityOfPage\":{\"@id\":\"https:\\\/\\\/www.radiohorizonte.fm\\\/radio\\\/2023\\\/09\\\/21\\\/la-tasa-de-desocupacion-bajo-al-62\\\/\"},\"wordCount\":657,\"publisher\":{\"@id\":\"http:\\\/\\\/www.radiohorizonte.fm\\\/radio\\\/#organization\"},\"image\":{\"@id\":\"https:\\\/\\\/www.radiohorizonte.fm\\\/radio\\\/2023\\\/09\\\/21\\\/la-tasa-de-desocupacion-bajo-al-62\\\/#primaryimage\"},\"thumbnailUrl\":\"http:\\\/\\\/www.radiohorizonte.fm\\\/radio\\\/wp-content\\\/uploads\\\/2023\\\/09\\\/64e75c4f3e30e_1200.jpg\",\"articleSection\":[\"Noticias\"],\"inLanguage\":\"es-AR\"},{\"@type\":\"WebPage\",\"@id\":\"https:\\\/\\\/www.radiohorizonte.fm\\\/radio\\\/2023\\\/09\\\/21\\\/la-tasa-de-desocupacion-bajo-al-62\\\/\",\"url\":\"https:\\\/\\\/www.radiohorizonte.fm\\\/radio\\\/2023\\\/09\\\/21\\\/la-tasa-de-desocupacion-bajo-al-62\\\/\",\"name\":\"La tasa de desocupaci\u00f3n baj\u00f3 al 6,2% - Horizonte\",\"isPartOf\":{\"@id\":\"http:\\\/\\\/www.radiohorizonte.fm\\\/radio\\\/#website\"},\"primaryImageOfPage\":{\"@id\":\"https:\\\/\\\/www.radiohorizonte.fm\\\/radio\\\/2023\\\/09\\\/21\\\/la-tasa-de-desocupacion-bajo-al-62\\\/#primaryimage\"},\"image\":{\"@id\":\"https:\\\/\\\/www.radiohorizonte.fm\\\/radio\\\/2023\\\/09\\\/21\\\/la-tasa-de-desocupacion-bajo-al-62\\\/#primaryimage\"},\"thumbnailUrl\":\"http:\\\/\\\/www.radiohorizonte.fm\\\/radio\\\/wp-content\\\/uploads\\\/2023\\\/09\\\/64e75c4f3e30e_1200.jpg\",\"datePublished\":\"2023-09-21T10:12:03+00:00\",\"breadcrumb\":{\"@id\":\"https:\\\/\\\/www.radiohorizonte.fm\\\/radio\\\/2023\\\/09\\\/21\\\/la-tasa-de-desocupacion-bajo-al-62\\\/#breadcrumb\"},\"inLanguage\":\"es-AR\",\"potentialAction\":[{\"@type\":\"ReadAction\",\"target\":[\"https:\\\/\\\/www.radiohorizonte.fm\\\/radio\\\/2023\\\/09\\\/21\\\/la-tasa-de-desocupacion-bajo-al-62\\\/\"]}]},{\"@type\":\"ImageObject\",\"inLanguage\":\"es-AR\",\"@id\":\"https:\\\/\\\/www.radiohorizonte.fm\\\/radio\\\/2023\\\/09\\\/21\\\/la-tasa-de-desocupacion-bajo-al-62\\\/#primaryimage\",\"url\":\"http:\\\/\\\/www.radiohorizonte.fm\\\/radio\\\/wp-content\\\/uploads\\\/2023\\\/09\\\/64e75c4f3e30e_1200.jpg\",\"contentUrl\":\"http:\\\/\\\/www.radiohorizonte.fm\\\/radio\\\/wp-content\\\/uploads\\\/2023\\\/09\\\/64e75c4f3e30e_1200.jpg\",\"width\":1200,\"height\":675},{\"@type\":\"BreadcrumbList\",\"@id\":\"https:\\\/\\\/www.radiohorizonte.fm\\\/radio\\\/2023\\\/09\\\/21\\\/la-tasa-de-desocupacion-bajo-al-62\\\/#breadcrumb\",\"itemListElement\":[{\"@type\":\"ListItem\",\"position\":1,\"name\":\"Home\",\"item\":\"http:\\\/\\\/www.radiohorizonte.fm\\\/radio\\\/\"},{\"@type\":\"ListItem\",\"position\":2,\"name\":\"La tasa de desocupaci\u00f3n baj\u00f3 al 6,2%\"}]},{\"@type\":\"WebSite\",\"@id\":\"http:\\\/\\\/www.radiohorizonte.fm\\\/radio\\\/#website\",\"url\":\"http:\\\/\\\/www.radiohorizonte.fm\\\/radio\\\/\",\"name\":\"Horizonte\",\"description\":\"Radio Horizonte 106.1 - Una radio de clasicos\",\"publisher\":{\"@id\":\"http:\\\/\\\/www.radiohorizonte.fm\\\/radio\\\/#organization\"},\"potentialAction\":[{\"@type\":\"SearchAction\",\"target\":{\"@type\":\"EntryPoint\",\"urlTemplate\":\"http:\\\/\\\/www.radiohorizonte.fm\\\/radio\\\/?s={search_term_string}\"},\"query-input\":{\"@type\":\"PropertyValueSpecification\",\"valueRequired\":true,\"valueName\":\"search_term_string\"}}],\"inLanguage\":\"es-AR\"},{\"@type\":\"Organization\",\"@id\":\"http:\\\/\\\/www.radiohorizonte.fm\\\/radio\\\/#organization\",\"name\":\"Horizonte\",\"url\":\"http:\\\/\\\/www.radiohorizonte.fm\\\/radio\\\/\",\"logo\":{\"@type\":\"ImageObject\",\"inLanguage\":\"es-AR\",\"@id\":\"http:\\\/\\\/www.radiohorizonte.fm\\\/radio\\\/#\\\/schema\\\/logo\\\/image\\\/\",\"url\":\"http:\\\/\\\/www.radiohorizonte.fm\\\/radio\\\/wp-content\\\/uploads\\\/2025\\\/06\\\/Portada-FM-Horizonte_modelo-imagen-scaled.jpg\",\"contentUrl\":\"http:\\\/\\\/www.radiohorizonte.fm\\\/radio\\\/wp-content\\\/uploads\\\/2025\\\/06\\\/Portada-FM-Horizonte_modelo-imagen-scaled.jpg\",\"width\":2560,\"height\":1056,\"caption\":\"Horizonte\"},\"image\":{\"@id\":\"http:\\\/\\\/www.radiohorizonte.fm\\\/radio\\\/#\\\/schema\\\/logo\\\/image\\\/\"},\"sameAs\":[\"http:\\\/\\\/www.facebook.com\\\/HORIZONTE106.1\",\"https:\\\/\\\/x.com\\\/fmhorizonte1061\"]},{\"@type\":\"Person\",\"@id\":\"http:\\\/\\\/www.radiohorizonte.fm\\\/radio\\\/#\\\/schema\\\/person\\\/f8fa003a405bb86729fd87d15d0ddafa\",\"name\":\"Cristian Galarza\",\"image\":{\"@type\":\"ImageObject\",\"inLanguage\":\"es-AR\",\"@id\":\"https:\\\/\\\/secure.gravatar.com\\\/avatar\\\/fad34bc2c773209c05d7d53b08a69b680eeb55f3be014e52b31643d20ab65925?s=96&d=mm&r=g\",\"url\":\"https:\\\/\\\/secure.gravatar.com\\\/avatar\\\/fad34bc2c773209c05d7d53b08a69b680eeb55f3be014e52b31643d20ab65925?s=96&d=mm&r=g\",\"contentUrl\":\"https:\\\/\\\/secure.gravatar.com\\\/avatar\\\/fad34bc2c773209c05d7d53b08a69b680eeb55f3be014e52b31643d20ab65925?s=96&d=mm&r=g\",\"caption\":\"Cristian Galarza\"},\"url\":\"http:\\\/\\\/www.radiohorizonte.fm\\\/radio\\\/author\\\/cristian\\\/\"}]}<\/script>\n<!-- \/ Yoast SEO plugin. -->","yoast_head_json":{"title":"La tasa de desocupaci\u00f3n baj\u00f3 al 6,2% - Horizonte","robots":{"index":"index","follow":"follow","max-snippet":"max-snippet:-1","max-image-preview":"max-image-preview:large","max-video-preview":"max-video-preview:-1"},"canonical":"https:\/\/www.radiohorizonte.fm\/radio\/2023\/09\/21\/la-tasa-de-desocupacion-bajo-al-62\/","og_locale":"es_ES","og_type":"article","og_title":"La tasa de desocupaci\u00f3n baj\u00f3 al 6,2% - Horizonte","og_description":"El informe del\u00a0Instituto Nacional de Estad\u00edstica y Censos mostr\u00f3 en un retroceso del 0,7% respecto al primer trimestre. Adem\u00e1s, la subocupaci\u00f3n\u00a0demandante retrocedi\u00f3 al 7,4 % contra el 7,9 %. \u00a0 La tasa de desocupaci\u00f3n baj\u00f3 al t\u00e9rmino del segundo trimestre al 6,2% en relaci\u00f3n al 6,9% de igual per\u00edodo del a\u00f1o pasado inform\u00f3 este mi\u00e9rcoles","og_url":"https:\/\/www.radiohorizonte.fm\/radio\/2023\/09\/21\/la-tasa-de-desocupacion-bajo-al-62\/","og_site_name":"Horizonte","article_publisher":"http:\/\/www.facebook.com\/HORIZONTE106.1","article_published_time":"2023-09-21T10:12:03+00:00","og_image":[{"width":1200,"height":675,"url":"https:\/\/www.radiohorizonte.fm\/radio\/wp-content\/uploads\/2023\/09\/64e75c4f3e30e_1200.jpg","type":"image\/jpeg"}],"author":"Cristian Galarza","twitter_card":"summary_large_image","twitter_creator":"@fmhorizonte1061","twitter_site":"@fmhorizonte1061","twitter_misc":{"Escrito por":"Cristian Galarza","Tiempo de lectura":"3 minutos"},"schema":{"@context":"https:\/\/schema.org","@graph":[{"@type":"Article","@id":"https:\/\/www.radiohorizonte.fm\/radio\/2023\/09\/21\/la-tasa-de-desocupacion-bajo-al-62\/#article","isPartOf":{"@id":"https:\/\/www.radiohorizonte.fm\/radio\/2023\/09\/21\/la-tasa-de-desocupacion-bajo-al-62\/"},"author":{"name":"Cristian Galarza","@id":"http:\/\/www.radiohorizonte.fm\/radio\/#\/schema\/person\/f8fa003a405bb86729fd87d15d0ddafa"},"headline":"La tasa de desocupaci\u00f3n baj\u00f3 al 6,2%","datePublished":"2023-09-21T10:12:03+00:00","mainEntityOfPage":{"@id":"https:\/\/www.radiohorizonte.fm\/radio\/2023\/09\/21\/la-tasa-de-desocupacion-bajo-al-62\/"},"wordCount":657,"publisher":{"@id":"http:\/\/www.radiohorizonte.fm\/radio\/#organization"},"image":{"@id":"https:\/\/www.radiohorizonte.fm\/radio\/2023\/09\/21\/la-tasa-de-desocupacion-bajo-al-62\/#primaryimage"},"thumbnailUrl":"http:\/\/www.radiohorizonte.fm\/radio\/wp-content\/uploads\/2023\/09\/64e75c4f3e30e_1200.jpg","articleSection":["Noticias"],"inLanguage":"es-AR"},{"@type":"WebPage","@id":"https:\/\/www.radiohorizonte.fm\/radio\/2023\/09\/21\/la-tasa-de-desocupacion-bajo-al-62\/","url":"https:\/\/www.radiohorizonte.fm\/radio\/2023\/09\/21\/la-tasa-de-desocupacion-bajo-al-62\/","name":"La tasa de desocupaci\u00f3n baj\u00f3 al 6,2% - Horizonte","isPartOf":{"@id":"http:\/\/www.radiohorizonte.fm\/radio\/#website"},"primaryImageOfPage":{"@id":"https:\/\/www.radiohorizonte.fm\/radio\/2023\/09\/21\/la-tasa-de-desocupacion-bajo-al-62\/#primaryimage"},"image":{"@id":"https:\/\/www.radiohorizonte.fm\/radio\/2023\/09\/21\/la-tasa-de-desocupacion-bajo-al-62\/#primaryimage"},"thumbnailUrl":"http:\/\/www.radiohorizonte.fm\/radio\/wp-content\/uploads\/2023\/09\/64e75c4f3e30e_1200.jpg","datePublished":"2023-09-21T10:12:03+00:00","breadcrumb":{"@id":"https:\/\/www.radiohorizonte.fm\/radio\/2023\/09\/21\/la-tasa-de-desocupacion-bajo-al-62\/#breadcrumb"},"inLanguage":"es-AR","potentialAction":[{"@type":"ReadAction","target":["https:\/\/www.radiohorizonte.fm\/radio\/2023\/09\/21\/la-tasa-de-desocupacion-bajo-al-62\/"]}]},{"@type":"ImageObject","inLanguage":"es-AR","@id":"https:\/\/www.radiohorizonte.fm\/radio\/2023\/09\/21\/la-tasa-de-desocupacion-bajo-al-62\/#primaryimage","url":"http:\/\/www.radiohorizonte.fm\/radio\/wp-content\/uploads\/2023\/09\/64e75c4f3e30e_1200.jpg","contentUrl":"http:\/\/www.radiohorizonte.fm\/radio\/wp-content\/uploads\/2023\/09\/64e75c4f3e30e_1200.jpg","width":1200,"height":675},{"@type":"BreadcrumbList","@id":"https:\/\/www.radiohorizonte.fm\/radio\/2023\/09\/21\/la-tasa-de-desocupacion-bajo-al-62\/#breadcrumb","itemListElement":[{"@type":"ListItem","position":1,"name":"Home","item":"http:\/\/www.radiohorizonte.fm\/radio\/"},{"@type":"ListItem","position":2,"name":"La tasa de desocupaci\u00f3n baj\u00f3 al 6,2%"}]},{"@type":"WebSite","@id":"http:\/\/www.radiohorizonte.fm\/radio\/#website","url":"http:\/\/www.radiohorizonte.fm\/radio\/","name":"Horizonte","description":"Radio Horizonte 106.1 - Una radio de clasicos","publisher":{"@id":"http:\/\/www.radiohorizonte.fm\/radio\/#organization"},"potentialAction":[{"@type":"SearchAction","target":{"@type":"EntryPoint","urlTemplate":"http:\/\/www.radiohorizonte.fm\/radio\/?s={search_term_string}"},"query-input":{"@type":"PropertyValueSpecification","valueRequired":true,"valueName":"search_term_string"}}],"inLanguage":"es-AR"},{"@type":"Organization","@id":"http:\/\/www.radiohorizonte.fm\/radio\/#organization","name":"Horizonte","url":"http:\/\/www.radiohorizonte.fm\/radio\/","logo":{"@type":"ImageObject","inLanguage":"es-AR","@id":"http:\/\/www.radiohorizonte.fm\/radio\/#\/schema\/logo\/image\/","url":"http:\/\/www.radiohorizonte.fm\/radio\/wp-content\/uploads\/2025\/06\/Portada-FM-Horizonte_modelo-imagen-scaled.jpg","contentUrl":"http:\/\/www.radiohorizonte.fm\/radio\/wp-content\/uploads\/2025\/06\/Portada-FM-Horizonte_modelo-imagen-scaled.jpg","width":2560,"height":1056,"caption":"Horizonte"},"image":{"@id":"http:\/\/www.radiohorizonte.fm\/radio\/#\/schema\/logo\/image\/"},"sameAs":["http:\/\/www.facebook.com\/HORIZONTE106.1","https:\/\/x.com\/fmhorizonte1061"]},{"@type":"Person","@id":"http:\/\/www.radiohorizonte.fm\/radio\/#\/schema\/person\/f8fa003a405bb86729fd87d15d0ddafa","name":"Cristian Galarza","image":{"@type":"ImageObject","inLanguage":"es-AR","@id":"https:\/\/secure.gravatar.com\/avatar\/fad34bc2c773209c05d7d53b08a69b680eeb55f3be014e52b31643d20ab65925?s=96&d=mm&r=g","url":"https:\/\/secure.gravatar.com\/avatar\/fad34bc2c773209c05d7d53b08a69b680eeb55f3be014e52b31643d20ab65925?s=96&d=mm&r=g","contentUrl":"https:\/\/secure.gravatar.com\/avatar\/fad34bc2c773209c05d7d53b08a69b680eeb55f3be014e52b31643d20ab65925?s=96&d=mm&r=g","caption":"Cristian Galarza"},"url":"http:\/\/www.radiohorizonte.fm\/radio\/author\/cristian\/"}]}},"_links":{"self":[{"href":"http:\/\/www.radiohorizonte.fm\/radio\/wp-json\/wp\/v2\/posts\/42061","targetHints":{"allow":["GET"]}}],"collection":[{"href":"http:\/\/www.radiohorizonte.fm\/radio\/wp-json\/wp\/v2\/posts"}],"about":[{"href":"http:\/\/www.radiohorizonte.fm\/radio\/wp-json\/wp\/v2\/types\/post"}],"author":[{"embeddable":true,"href":"http:\/\/www.radiohorizonte.fm\/radio\/wp-json\/wp\/v2\/users\/2"}],"replies":[{"embeddable":true,"href":"http:\/\/www.radiohorizonte.fm\/radio\/wp-json\/wp\/v2\/comments?post=42061"}],"version-history":[{"count":1,"href":"http:\/\/www.radiohorizonte.fm\/radio\/wp-json\/wp\/v2\/posts\/42061\/revisions"}],"predecessor-version":[{"id":42063,"href":"http:\/\/www.radiohorizonte.fm\/radio\/wp-json\/wp\/v2\/posts\/42061\/revisions\/42063"}],"wp:featuredmedia":[{"embeddable":true,"href":"http:\/\/www.radiohorizonte.fm\/radio\/wp-json\/wp\/v2\/media\/42062"}],"wp:attachment":[{"href":"http:\/\/www.radiohorizonte.fm\/radio\/wp-json\/wp\/v2\/media?parent=42061"}],"wp:term":[{"taxonomy":"category","embeddable":true,"href":"http:\/\/www.radiohorizonte.fm\/radio\/wp-json\/wp\/v2\/categories?post=42061"},{"taxonomy":"post_tag","embeddable":true,"href":"http:\/\/www.radiohorizonte.fm\/radio\/wp-json\/wp\/v2\/tags?post=42061"}],"curies":[{"name":"wp","href":"https:\/\/api.w.org\/{rel}","templated":true}]}}