{"id":42068,"date":"2023-09-21T10:21:55","date_gmt":"2023-09-21T13:21:55","guid":{"rendered":"http:\/\/www.radiohorizonte.fm\/radio\/?p=42068"},"modified":"2023-09-21T10:28:24","modified_gmt":"2023-09-21T13:28:24","slug":"pronostican-una-ola-de-calor-extremo-con-temperaturas-de-hasta-45c-para-el-norte-del-pais","status":"publish","type":"post","link":"http:\/\/www.radiohorizonte.fm\/radio\/2023\/09\/21\/pronostican-una-ola-de-calor-extremo-con-temperaturas-de-hasta-45c-para-el-norte-del-pais\/","title":{"rendered":"Pronostican una ola de calor extremo con temperaturas de hasta 45\u00b0C para el norte del pa\u00eds"},"content":{"rendered":"<p>Las altas marcas llegar\u00e1n este fin de semana y las provincias de Chaco y Formosa estar\u00e1n entre las m\u00e1s afectadas.<br \/>\n<img loading=\"lazy\" decoding=\"async\" src=\"http:\/\/www.radiohorizonte.fm\/radio\/wp-content\/uploads\/2023\/09\/ola-de-calor-en-el-norte-del-VY6EIJ3RMFAQNAJVP23FRIA4DY.jpg\" alt=\"\" width=\"880\" height=\"586\" class=\"alignnone size-full wp-image-42069\" srcset=\"http:\/\/www.radiohorizonte.fm\/radio\/wp-content\/uploads\/2023\/09\/ola-de-calor-en-el-norte-del-VY6EIJ3RMFAQNAJVP23FRIA4DY.jpg 880w, http:\/\/www.radiohorizonte.fm\/radio\/wp-content\/uploads\/2023\/09\/ola-de-calor-en-el-norte-del-VY6EIJ3RMFAQNAJVP23FRIA4DY-300x200.jpg 300w, http:\/\/www.radiohorizonte.fm\/radio\/wp-content\/uploads\/2023\/09\/ola-de-calor-en-el-norte-del-VY6EIJ3RMFAQNAJVP23FRIA4DY-768x511.jpg 768w, http:\/\/www.radiohorizonte.fm\/radio\/wp-content\/uploads\/2023\/09\/ola-de-calor-en-el-norte-del-VY6EIJ3RMFAQNAJVP23FRIA4DY-65x43.jpg 65w, http:\/\/www.radiohorizonte.fm\/radio\/wp-content\/uploads\/2023\/09\/ola-de-calor-en-el-norte-del-VY6EIJ3RMFAQNAJVP23FRIA4DY-85x57.jpg 85w, http:\/\/www.radiohorizonte.fm\/radio\/wp-content\/uploads\/2023\/09\/ola-de-calor-en-el-norte-del-VY6EIJ3RMFAQNAJVP23FRIA4DY-188x125.jpg 188w, http:\/\/www.radiohorizonte.fm\/radio\/wp-content\/uploads\/2023\/09\/ola-de-calor-en-el-norte-del-VY6EIJ3RMFAQNAJVP23FRIA4DY-90x60.jpg 90w\" sizes=\"auto, (max-width: 880px) 100vw, 880px\" \/><\/p>\n<p>El Servicio Meteorol\u00f3gico Nacional (SMN) pronostica para este\u00a0fin de semana, temperaturas extremas para el norte de la Argentina. El term\u00f3metro oscilar\u00e1 entre los 40\u00b0C y los\u00a045\u00b0C en varias provincias\u00a0en el marco de una gran\u00a0ola de calor\u00a0que afectar\u00e1 a toda la regi\u00f3n.<\/p>\n<p class=\"com-paragraph --s\">Desde este jueves, D\u00eda de la Primavera, una masa de aire muy c\u00e1lido se extender\u00e1 sobre el norte argentino y afectar\u00e1 a las provincias de\u00a0<strong>Chaco, Formosa, Salta, Tucum\u00e1n, Santiago del Estero, Santa Fe, Corrientes\u00a0<\/strong>y\u00a0<strong>Misiones<\/strong>. Sin embargo, el punto m\u00e1s alto de este fen\u00f3meno tendr\u00e1 lugar los d\u00edas s\u00e1bado y domingo.<\/p>\n<p class=\"com-paragraph --s\">Seg\u00fan el \u00faltimo reporte del organismo,\u00a0<strong>el d\u00eda m\u00e1s caluroso ser\u00e1 el s\u00e1bado<\/strong>, cuando las marcas se aproximar\u00e1n a los 40 \u00b0C al noreste del pa\u00eds. En la provincia de\u00a0<strong>Formosa<\/strong>, localidades como Las Lomitas e Ingeniero Guillermo N. Ju\u00e1rez afrontar\u00edan temperaturas superiores, en torno a los\u00a0<strong>45\u00b0C<\/strong>. El escenario ser\u00e1 el mismo al noroeste de\u00a0<strong>Chaco<\/strong>, en ciudades como Juan Jos\u00e9 Castelli.<\/p>\n<div class=\"hidden\"><\/div>\n<div class=\"content-media\">\n<section class=\"mod-media --zoom \" role=\"button\">\n<figure class=\"mod-figure \" role=\"button\">\n<div class=\"placeholder \">\n<div class=\"com-image\"><picture><source srcset=\"https:\/\/resizer.glanacion.com\/resizer\/v2\/ola-de-ISOBCKXN2ZCMJNP7KLNMVBDVMA.jpg?auth=a5fdb9efb4ca65a52eced2bbebcf061af6e65e70f04b451e19c58f4ec7dd6b32&amp;width=780&amp;height=520&amp;quality=70&amp;smart=true\" media=\"(min-width: 768px)\" \/><img loading=\"lazy\" decoding=\"async\" class=\"image flex com-image\" src=\"https:\/\/resizer.glanacion.com\/resizer\/v2\/ola-de-ISOBCKXN2ZCMJNP7KLNMVBDVMA.jpg?auth=a5fdb9efb4ca65a52eced2bbebcf061af6e65e70f04b451e19c58f4ec7dd6b32&amp;width=420&amp;height=280&amp;quality=70&amp;smart=true\" alt=\"Ola de calor\" width=\"3600\" height=\"2400\" \/><\/picture><\/div>\n<\/div><figcaption class=\"mod-figcaption\"><span class=\"com-text --caption --twoxs\">Ola de calor<\/span><span class=\"com-text --credit --twoxs\">Ross D. Franklin &#8211; AP<\/span><\/figcaption><\/figure>\n<\/section>\n<\/div>\n<div class=\"hidden\"><\/div>\n<p class=\"com-paragraph --s\">De acuerdo con el sitio especializado\u00a0<a class=\"com-link\" title=\"Meteored\" href=\"https:\/\/www.meteored.com.ar\/noticias\/prediccion\/primavera-pronostico-tiempo-temperaturas-extremas-ola-de-calor-argentina-smn.html\" target=\"_blank\" rel=\"nofollow noopener\" data-reactroot=\"\"><em>Meteored<\/em><\/a>, se trata de la tercera vez en septiembre que el sector\u00a0<strong>sufre un repentino aumento de temperaturas<\/strong>, a tal punto que se especula con que las marcas puedan quebrar alg\u00fan\u00a0<strong>r\u00e9cord\u00a0<\/strong>mensual antes de que el viento cambie al sur entre el domingo y el lunes y la temperatura descienda significativamente.<\/p>\n<p class=\"com-paragraph --s\">En funci\u00f3n de los datos del SMN,\u00a0<strong>se prev\u00e9 que para inicios de la pr\u00f3xima semana toda la franja norte experimente una sensible baja de temperatura<\/strong>. El paso del frente fr\u00edo se dar\u00eda con lluvias y tormentas de variada intensidad, algunas m\u00e1s destacadas sobre centro y norte del Litoral.<\/p>\n<div class=\"hidden\"><\/div>\n<p class=\"com-paragraph --s\">Los especialistas indican que la\u00a0<strong>ola de calor\u00a0<\/strong>que tendr\u00e1 lugar este fin de semana en el norte argentino no ser\u00e1 un hecho aislado a nivel nacional, sino que\u00a0<strong>afectar\u00e1 a parte parte de Sudam\u00e9rica<\/strong>, con temperaturas extremas tambi\u00e9n en\u00a0<strong>Paraguay\u00a0<\/strong>y el sur de\u00a0<strong>Brasil<\/strong>. Las marcas que se registrar\u00e1n el s\u00e1bado y durante parte importante del domingo ser\u00e1n fomentadas por el viento norte y se ubicar\u00e1n cerca de los valores m\u00e1s altos de temperatura observados en esta \u00e9poca del a\u00f1o.<\/p>\n<div class=\"hidden\"><\/div>\n<h2 class=\"com-title --font-primary --xl --font-extra\">Primavera lluviosa en la Ciudad<\/h2>\n<p class=\"com-paragraph --s\">En la\u00a0<strong>ciudad de Buenos Aires\u00a0<\/strong>y\u00a0<strong>alrededores\u00a0<\/strong>la primavera llega con\u00a0<strong>lloviznas\u00a0<\/strong>y con un\u00a0<strong>cielo mayormente nublado<\/strong>, con temperaturas de 15\u00b0C de m\u00ednima y 20\u00b0C de m\u00e1xima.<\/p>\n<p class=\"com-paragraph --s\">Tambi\u00e9n en la\u00a0<strong>costa atl\u00e1ntica<\/strong>\u00a0bonaerense se observar\u00e1 un inicio de primavera\u00a0<strong>nublado<\/strong>, mientras que hacia el\u00a0<strong>centro del pa\u00eds<\/strong>\u00a0-como C\u00f3rdoba o San Luis- se vivir\u00e1 una\u00a0<strong>jornada soleada\u00a0<\/strong>con temperaturas de hasta\u00a0<strong>27\u00b0C y 30\u00b0C<\/strong>.<\/p>\n<div class=\"hidden\"><\/div>\n<p class=\"com-paragraph --s\">Para el sur est\u00e1n pronosticadas m\u00e1ximas de entre apenas\u00a0<strong>6\u00b0C a 8\u00b0C\u00a0<\/strong>en ciudades de la zona cordillerana de la\u00a0<strong>Patagonia\u00a0<\/strong>como San Mart\u00edn de los Andes (Neuqu\u00e9n), Bariloche (R\u00edo Negro) o Esquel (Chubut), con probables lluvias y nevadas. En\u00a0<strong>Ushuaia<\/strong>, Tierra del Fuego, la primavera tambi\u00e9n llegar\u00e1 con lluvias y nevadas, y con bajas temperaturas que oscilar\u00e1n entre los &#8211;<strong>2\u00b0C de m\u00ednima y 5\u00b0C de m\u00e1xima<\/strong>.<\/p>\n<p>Fuente: La Naci\u00f3n<\/p>\n","protected":false},"excerpt":{"rendered":"<div class=\"post-excerpt\"><p>Las altas marcas llegar\u00e1n este fin de semana y las provincias de Chaco y Formosa estar\u00e1n entre las m\u00e1s afectadas. El Servicio Meteorol\u00f3gico Nacional (SMN) pronostica para este\u00a0fin de semana, temperaturas extremas para el norte de la Argentina. El term\u00f3metro oscilar\u00e1 entre los 40\u00b0C y los\u00a045\u00b0C en varias provincias\u00a0en el marco de una gran\u00a0ola de<\/p>\n<\/div>","protected":false},"author":2,"featured_media":42069,"comment_status":"closed","ping_status":"closed","sticky":false,"template":"","format":"standard","meta":{"_acf_changed":false,"footnotes":""},"categories":[2],"tags":[],"class_list":["post-42068","post","type-post","status-publish","format-standard","has-post-thumbnail","hentry","category-noticias"],"acf":[],"yoast_head":"<!-- This site is optimized with the Yoast SEO plugin v28.1 - https:\/\/yoast.com\/product\/yoast-seo-wordpress\/ -->\n<title>Pronostican una ola de calor extremo con temperaturas de hasta 45\u00b0C para el norte del pa\u00eds - Horizonte<\/title>\n<meta name=\"robots\" content=\"index, follow, max-snippet:-1, max-image-preview:large, max-video-preview:-1\" \/>\n<link rel=\"canonical\" href=\"http:\/\/www.radiohorizonte.fm\/radio\/2023\/09\/21\/pronostican-una-ola-de-calor-extremo-con-temperaturas-de-hasta-45c-para-el-norte-del-pais\/\" \/>\n<meta property=\"og:locale\" content=\"es_ES\" \/>\n<meta property=\"og:type\" content=\"article\" \/>\n<meta property=\"og:title\" content=\"Pronostican una ola de calor extremo con temperaturas de hasta 45\u00b0C para el norte del pa\u00eds - Horizonte\" \/>\n<meta property=\"og:description\" content=\"Las altas marcas llegar\u00e1n este fin de semana y las provincias de Chaco y Formosa estar\u00e1n entre las m\u00e1s afectadas. El Servicio Meteorol\u00f3gico Nacional (SMN) pronostica para este\u00a0fin de semana, temperaturas extremas para el norte de la Argentina. El term\u00f3metro oscilar\u00e1 entre los 40\u00b0C y los\u00a045\u00b0C en varias provincias\u00a0en el marco de una gran\u00a0ola de\" \/>\n<meta property=\"og:url\" content=\"http:\/\/www.radiohorizonte.fm\/radio\/2023\/09\/21\/pronostican-una-ola-de-calor-extremo-con-temperaturas-de-hasta-45c-para-el-norte-del-pais\/\" \/>\n<meta property=\"og:site_name\" content=\"Horizonte\" \/>\n<meta property=\"article:publisher\" content=\"http:\/\/www.facebook.com\/HORIZONTE106.1\" \/>\n<meta property=\"article:published_time\" content=\"2023-09-21T13:21:55+00:00\" \/>\n<meta property=\"article:modified_time\" content=\"2023-09-21T13:28:24+00:00\" \/>\n<meta property=\"og:image\" content=\"http:\/\/www.radiohorizonte.fm\/radio\/wp-content\/uploads\/2023\/09\/ola-de-calor-en-el-norte-del-VY6EIJ3RMFAQNAJVP23FRIA4DY.jpg\" \/>\n\t<meta property=\"og:image:width\" content=\"880\" \/>\n\t<meta property=\"og:image:height\" content=\"586\" \/>\n\t<meta property=\"og:image:type\" content=\"image\/jpeg\" \/>\n<meta name=\"author\" content=\"Cristian Galarza\" \/>\n<meta name=\"twitter:card\" content=\"summary_large_image\" \/>\n<meta name=\"twitter:creator\" content=\"@fmhorizonte1061\" \/>\n<meta name=\"twitter:site\" content=\"@fmhorizonte1061\" \/>\n<meta name=\"twitter:label1\" content=\"Escrito por\" \/>\n\t<meta name=\"twitter:data1\" content=\"Cristian Galarza\" \/>\n\t<meta name=\"twitter:label2\" content=\"Tiempo de lectura\" \/>\n\t<meta name=\"twitter:data2\" content=\"3 minutos\" \/>\n<script type=\"application\/ld+json\" class=\"yoast-schema-graph\">{\"@context\":\"https:\\\/\\\/schema.org\",\"@graph\":[{\"@type\":\"Article\",\"@id\":\"http:\\\/\\\/www.radiohorizonte.fm\\\/radio\\\/2023\\\/09\\\/21\\\/pronostican-una-ola-de-calor-extremo-con-temperaturas-de-hasta-45c-para-el-norte-del-pais\\\/#article\",\"isPartOf\":{\"@id\":\"http:\\\/\\\/www.radiohorizonte.fm\\\/radio\\\/2023\\\/09\\\/21\\\/pronostican-una-ola-de-calor-extremo-con-temperaturas-de-hasta-45c-para-el-norte-del-pais\\\/\"},\"author\":{\"name\":\"Cristian Galarza\",\"@id\":\"http:\\\/\\\/www.radiohorizonte.fm\\\/radio\\\/#\\\/schema\\\/person\\\/f8fa003a405bb86729fd87d15d0ddafa\"},\"headline\":\"Pronostican una ola de calor extremo con temperaturas de hasta 45\u00b0C para el norte del pa\u00eds\",\"datePublished\":\"2023-09-21T13:21:55+00:00\",\"dateModified\":\"2023-09-21T13:28:24+00:00\",\"mainEntityOfPage\":{\"@id\":\"http:\\\/\\\/www.radiohorizonte.fm\\\/radio\\\/2023\\\/09\\\/21\\\/pronostican-una-ola-de-calor-extremo-con-temperaturas-de-hasta-45c-para-el-norte-del-pais\\\/\"},\"wordCount\":589,\"publisher\":{\"@id\":\"http:\\\/\\\/www.radiohorizonte.fm\\\/radio\\\/#organization\"},\"image\":{\"@id\":\"http:\\\/\\\/www.radiohorizonte.fm\\\/radio\\\/2023\\\/09\\\/21\\\/pronostican-una-ola-de-calor-extremo-con-temperaturas-de-hasta-45c-para-el-norte-del-pais\\\/#primaryimage\"},\"thumbnailUrl\":\"http:\\\/\\\/www.radiohorizonte.fm\\\/radio\\\/wp-content\\\/uploads\\\/2023\\\/09\\\/ola-de-calor-en-el-norte-del-VY6EIJ3RMFAQNAJVP23FRIA4DY.jpg\",\"articleSection\":[\"Noticias\"],\"inLanguage\":\"es-AR\"},{\"@type\":\"WebPage\",\"@id\":\"http:\\\/\\\/www.radiohorizonte.fm\\\/radio\\\/2023\\\/09\\\/21\\\/pronostican-una-ola-de-calor-extremo-con-temperaturas-de-hasta-45c-para-el-norte-del-pais\\\/\",\"url\":\"http:\\\/\\\/www.radiohorizonte.fm\\\/radio\\\/2023\\\/09\\\/21\\\/pronostican-una-ola-de-calor-extremo-con-temperaturas-de-hasta-45c-para-el-norte-del-pais\\\/\",\"name\":\"Pronostican una ola de calor extremo con temperaturas de hasta 45\u00b0C para el norte del pa\u00eds - Horizonte\",\"isPartOf\":{\"@id\":\"http:\\\/\\\/www.radiohorizonte.fm\\\/radio\\\/#website\"},\"primaryImageOfPage\":{\"@id\":\"http:\\\/\\\/www.radiohorizonte.fm\\\/radio\\\/2023\\\/09\\\/21\\\/pronostican-una-ola-de-calor-extremo-con-temperaturas-de-hasta-45c-para-el-norte-del-pais\\\/#primaryimage\"},\"image\":{\"@id\":\"http:\\\/\\\/www.radiohorizonte.fm\\\/radio\\\/2023\\\/09\\\/21\\\/pronostican-una-ola-de-calor-extremo-con-temperaturas-de-hasta-45c-para-el-norte-del-pais\\\/#primaryimage\"},\"thumbnailUrl\":\"http:\\\/\\\/www.radiohorizonte.fm\\\/radio\\\/wp-content\\\/uploads\\\/2023\\\/09\\\/ola-de-calor-en-el-norte-del-VY6EIJ3RMFAQNAJVP23FRIA4DY.jpg\",\"datePublished\":\"2023-09-21T13:21:55+00:00\",\"dateModified\":\"2023-09-21T13:28:24+00:00\",\"breadcrumb\":{\"@id\":\"http:\\\/\\\/www.radiohorizonte.fm\\\/radio\\\/2023\\\/09\\\/21\\\/pronostican-una-ola-de-calor-extremo-con-temperaturas-de-hasta-45c-para-el-norte-del-pais\\\/#breadcrumb\"},\"inLanguage\":\"es-AR\",\"potentialAction\":[{\"@type\":\"ReadAction\",\"target\":[\"http:\\\/\\\/www.radiohorizonte.fm\\\/radio\\\/2023\\\/09\\\/21\\\/pronostican-una-ola-de-calor-extremo-con-temperaturas-de-hasta-45c-para-el-norte-del-pais\\\/\"]}]},{\"@type\":\"ImageObject\",\"inLanguage\":\"es-AR\",\"@id\":\"http:\\\/\\\/www.radiohorizonte.fm\\\/radio\\\/2023\\\/09\\\/21\\\/pronostican-una-ola-de-calor-extremo-con-temperaturas-de-hasta-45c-para-el-norte-del-pais\\\/#primaryimage\",\"url\":\"http:\\\/\\\/www.radiohorizonte.fm\\\/radio\\\/wp-content\\\/uploads\\\/2023\\\/09\\\/ola-de-calor-en-el-norte-del-VY6EIJ3RMFAQNAJVP23FRIA4DY.jpg\",\"contentUrl\":\"http:\\\/\\\/www.radiohorizonte.fm\\\/radio\\\/wp-content\\\/uploads\\\/2023\\\/09\\\/ola-de-calor-en-el-norte-del-VY6EIJ3RMFAQNAJVP23FRIA4DY.jpg\",\"width\":880,\"height\":586},{\"@type\":\"BreadcrumbList\",\"@id\":\"http:\\\/\\\/www.radiohorizonte.fm\\\/radio\\\/2023\\\/09\\\/21\\\/pronostican-una-ola-de-calor-extremo-con-temperaturas-de-hasta-45c-para-el-norte-del-pais\\\/#breadcrumb\",\"itemListElement\":[{\"@type\":\"ListItem\",\"position\":1,\"name\":\"Home\",\"item\":\"http:\\\/\\\/www.radiohorizonte.fm\\\/radio\\\/\"},{\"@type\":\"ListItem\",\"position\":2,\"name\":\"Pronostican una ola de calor extremo con temperaturas de hasta 45\u00b0C para el norte del pa\u00eds\"}]},{\"@type\":\"WebSite\",\"@id\":\"http:\\\/\\\/www.radiohorizonte.fm\\\/radio\\\/#website\",\"url\":\"http:\\\/\\\/www.radiohorizonte.fm\\\/radio\\\/\",\"name\":\"Horizonte\",\"description\":\"Radio Horizonte 106.1 - Una radio de clasicos\",\"publisher\":{\"@id\":\"http:\\\/\\\/www.radiohorizonte.fm\\\/radio\\\/#organization\"},\"potentialAction\":[{\"@type\":\"SearchAction\",\"target\":{\"@type\":\"EntryPoint\",\"urlTemplate\":\"http:\\\/\\\/www.radiohorizonte.fm\\\/radio\\\/?s={search_term_string}\"},\"query-input\":{\"@type\":\"PropertyValueSpecification\",\"valueRequired\":true,\"valueName\":\"search_term_string\"}}],\"inLanguage\":\"es-AR\"},{\"@type\":\"Organization\",\"@id\":\"http:\\\/\\\/www.radiohorizonte.fm\\\/radio\\\/#organization\",\"name\":\"Horizonte\",\"url\":\"http:\\\/\\\/www.radiohorizonte.fm\\\/radio\\\/\",\"logo\":{\"@type\":\"ImageObject\",\"inLanguage\":\"es-AR\",\"@id\":\"http:\\\/\\\/www.radiohorizonte.fm\\\/radio\\\/#\\\/schema\\\/logo\\\/image\\\/\",\"url\":\"http:\\\/\\\/www.radiohorizonte.fm\\\/radio\\\/wp-content\\\/uploads\\\/2025\\\/06\\\/Portada-FM-Horizonte_modelo-imagen-scaled.jpg\",\"contentUrl\":\"http:\\\/\\\/www.radiohorizonte.fm\\\/radio\\\/wp-content\\\/uploads\\\/2025\\\/06\\\/Portada-FM-Horizonte_modelo-imagen-scaled.jpg\",\"width\":2560,\"height\":1056,\"caption\":\"Horizonte\"},\"image\":{\"@id\":\"http:\\\/\\\/www.radiohorizonte.fm\\\/radio\\\/#\\\/schema\\\/logo\\\/image\\\/\"},\"sameAs\":[\"http:\\\/\\\/www.facebook.com\\\/HORIZONTE106.1\",\"https:\\\/\\\/x.com\\\/fmhorizonte1061\"]},{\"@type\":\"Person\",\"@id\":\"http:\\\/\\\/www.radiohorizonte.fm\\\/radio\\\/#\\\/schema\\\/person\\\/f8fa003a405bb86729fd87d15d0ddafa\",\"name\":\"Cristian Galarza\",\"image\":{\"@type\":\"ImageObject\",\"inLanguage\":\"es-AR\",\"@id\":\"https:\\\/\\\/secure.gravatar.com\\\/avatar\\\/fad34bc2c773209c05d7d53b08a69b680eeb55f3be014e52b31643d20ab65925?s=96&d=mm&r=g\",\"url\":\"https:\\\/\\\/secure.gravatar.com\\\/avatar\\\/fad34bc2c773209c05d7d53b08a69b680eeb55f3be014e52b31643d20ab65925?s=96&d=mm&r=g\",\"contentUrl\":\"https:\\\/\\\/secure.gravatar.com\\\/avatar\\\/fad34bc2c773209c05d7d53b08a69b680eeb55f3be014e52b31643d20ab65925?s=96&d=mm&r=g\",\"caption\":\"Cristian Galarza\"},\"url\":\"http:\\\/\\\/www.radiohorizonte.fm\\\/radio\\\/author\\\/cristian\\\/\"}]}<\/script>\n<!-- \/ Yoast SEO plugin. -->","yoast_head_json":{"title":"Pronostican una ola de calor extremo con temperaturas de hasta 45\u00b0C para el norte del pa\u00eds - Horizonte","robots":{"index":"index","follow":"follow","max-snippet":"max-snippet:-1","max-image-preview":"max-image-preview:large","max-video-preview":"max-video-preview:-1"},"canonical":"http:\/\/www.radiohorizonte.fm\/radio\/2023\/09\/21\/pronostican-una-ola-de-calor-extremo-con-temperaturas-de-hasta-45c-para-el-norte-del-pais\/","og_locale":"es_ES","og_type":"article","og_title":"Pronostican una ola de calor extremo con temperaturas de hasta 45\u00b0C para el norte del pa\u00eds - Horizonte","og_description":"Las altas marcas llegar\u00e1n este fin de semana y las provincias de Chaco y Formosa estar\u00e1n entre las m\u00e1s afectadas. El Servicio Meteorol\u00f3gico Nacional (SMN) pronostica para este\u00a0fin de semana, temperaturas extremas para el norte de la Argentina. El term\u00f3metro oscilar\u00e1 entre los 40\u00b0C y los\u00a045\u00b0C en varias provincias\u00a0en el marco de una gran\u00a0ola de","og_url":"http:\/\/www.radiohorizonte.fm\/radio\/2023\/09\/21\/pronostican-una-ola-de-calor-extremo-con-temperaturas-de-hasta-45c-para-el-norte-del-pais\/","og_site_name":"Horizonte","article_publisher":"http:\/\/www.facebook.com\/HORIZONTE106.1","article_published_time":"2023-09-21T13:21:55+00:00","article_modified_time":"2023-09-21T13:28:24+00:00","og_image":[{"width":880,"height":586,"url":"http:\/\/www.radiohorizonte.fm\/radio\/wp-content\/uploads\/2023\/09\/ola-de-calor-en-el-norte-del-VY6EIJ3RMFAQNAJVP23FRIA4DY.jpg","type":"image\/jpeg"}],"author":"Cristian Galarza","twitter_card":"summary_large_image","twitter_creator":"@fmhorizonte1061","twitter_site":"@fmhorizonte1061","twitter_misc":{"Escrito por":"Cristian Galarza","Tiempo de lectura":"3 minutos"},"schema":{"@context":"https:\/\/schema.org","@graph":[{"@type":"Article","@id":"http:\/\/www.radiohorizonte.fm\/radio\/2023\/09\/21\/pronostican-una-ola-de-calor-extremo-con-temperaturas-de-hasta-45c-para-el-norte-del-pais\/#article","isPartOf":{"@id":"http:\/\/www.radiohorizonte.fm\/radio\/2023\/09\/21\/pronostican-una-ola-de-calor-extremo-con-temperaturas-de-hasta-45c-para-el-norte-del-pais\/"},"author":{"name":"Cristian Galarza","@id":"http:\/\/www.radiohorizonte.fm\/radio\/#\/schema\/person\/f8fa003a405bb86729fd87d15d0ddafa"},"headline":"Pronostican una ola de calor extremo con temperaturas de hasta 45\u00b0C para el norte del pa\u00eds","datePublished":"2023-09-21T13:21:55+00:00","dateModified":"2023-09-21T13:28:24+00:00","mainEntityOfPage":{"@id":"http:\/\/www.radiohorizonte.fm\/radio\/2023\/09\/21\/pronostican-una-ola-de-calor-extremo-con-temperaturas-de-hasta-45c-para-el-norte-del-pais\/"},"wordCount":589,"publisher":{"@id":"http:\/\/www.radiohorizonte.fm\/radio\/#organization"},"image":{"@id":"http:\/\/www.radiohorizonte.fm\/radio\/2023\/09\/21\/pronostican-una-ola-de-calor-extremo-con-temperaturas-de-hasta-45c-para-el-norte-del-pais\/#primaryimage"},"thumbnailUrl":"http:\/\/www.radiohorizonte.fm\/radio\/wp-content\/uploads\/2023\/09\/ola-de-calor-en-el-norte-del-VY6EIJ3RMFAQNAJVP23FRIA4DY.jpg","articleSection":["Noticias"],"inLanguage":"es-AR"},{"@type":"WebPage","@id":"http:\/\/www.radiohorizonte.fm\/radio\/2023\/09\/21\/pronostican-una-ola-de-calor-extremo-con-temperaturas-de-hasta-45c-para-el-norte-del-pais\/","url":"http:\/\/www.radiohorizonte.fm\/radio\/2023\/09\/21\/pronostican-una-ola-de-calor-extremo-con-temperaturas-de-hasta-45c-para-el-norte-del-pais\/","name":"Pronostican una ola de calor extremo con temperaturas de hasta 45\u00b0C para el norte del pa\u00eds - Horizonte","isPartOf":{"@id":"http:\/\/www.radiohorizonte.fm\/radio\/#website"},"primaryImageOfPage":{"@id":"http:\/\/www.radiohorizonte.fm\/radio\/2023\/09\/21\/pronostican-una-ola-de-calor-extremo-con-temperaturas-de-hasta-45c-para-el-norte-del-pais\/#primaryimage"},"image":{"@id":"http:\/\/www.radiohorizonte.fm\/radio\/2023\/09\/21\/pronostican-una-ola-de-calor-extremo-con-temperaturas-de-hasta-45c-para-el-norte-del-pais\/#primaryimage"},"thumbnailUrl":"http:\/\/www.radiohorizonte.fm\/radio\/wp-content\/uploads\/2023\/09\/ola-de-calor-en-el-norte-del-VY6EIJ3RMFAQNAJVP23FRIA4DY.jpg","datePublished":"2023-09-21T13:21:55+00:00","dateModified":"2023-09-21T13:28:24+00:00","breadcrumb":{"@id":"http:\/\/www.radiohorizonte.fm\/radio\/2023\/09\/21\/pronostican-una-ola-de-calor-extremo-con-temperaturas-de-hasta-45c-para-el-norte-del-pais\/#breadcrumb"},"inLanguage":"es-AR","potentialAction":[{"@type":"ReadAction","target":["http:\/\/www.radiohorizonte.fm\/radio\/2023\/09\/21\/pronostican-una-ola-de-calor-extremo-con-temperaturas-de-hasta-45c-para-el-norte-del-pais\/"]}]},{"@type":"ImageObject","inLanguage":"es-AR","@id":"http:\/\/www.radiohorizonte.fm\/radio\/2023\/09\/21\/pronostican-una-ola-de-calor-extremo-con-temperaturas-de-hasta-45c-para-el-norte-del-pais\/#primaryimage","url":"http:\/\/www.radiohorizonte.fm\/radio\/wp-content\/uploads\/2023\/09\/ola-de-calor-en-el-norte-del-VY6EIJ3RMFAQNAJVP23FRIA4DY.jpg","contentUrl":"http:\/\/www.radiohorizonte.fm\/radio\/wp-content\/uploads\/2023\/09\/ola-de-calor-en-el-norte-del-VY6EIJ3RMFAQNAJVP23FRIA4DY.jpg","width":880,"height":586},{"@type":"BreadcrumbList","@id":"http:\/\/www.radiohorizonte.fm\/radio\/2023\/09\/21\/pronostican-una-ola-de-calor-extremo-con-temperaturas-de-hasta-45c-para-el-norte-del-pais\/#breadcrumb","itemListElement":[{"@type":"ListItem","position":1,"name":"Home","item":"http:\/\/www.radiohorizonte.fm\/radio\/"},{"@type":"ListItem","position":2,"name":"Pronostican una ola de calor extremo con temperaturas de hasta 45\u00b0C para el norte del pa\u00eds"}]},{"@type":"WebSite","@id":"http:\/\/www.radiohorizonte.fm\/radio\/#website","url":"http:\/\/www.radiohorizonte.fm\/radio\/","name":"Horizonte","description":"Radio Horizonte 106.1 - Una radio de clasicos","publisher":{"@id":"http:\/\/www.radiohorizonte.fm\/radio\/#organization"},"potentialAction":[{"@type":"SearchAction","target":{"@type":"EntryPoint","urlTemplate":"http:\/\/www.radiohorizonte.fm\/radio\/?s={search_term_string}"},"query-input":{"@type":"PropertyValueSpecification","valueRequired":true,"valueName":"search_term_string"}}],"inLanguage":"es-AR"},{"@type":"Organization","@id":"http:\/\/www.radiohorizonte.fm\/radio\/#organization","name":"Horizonte","url":"http:\/\/www.radiohorizonte.fm\/radio\/","logo":{"@type":"ImageObject","inLanguage":"es-AR","@id":"http:\/\/www.radiohorizonte.fm\/radio\/#\/schema\/logo\/image\/","url":"http:\/\/www.radiohorizonte.fm\/radio\/wp-content\/uploads\/2025\/06\/Portada-FM-Horizonte_modelo-imagen-scaled.jpg","contentUrl":"http:\/\/www.radiohorizonte.fm\/radio\/wp-content\/uploads\/2025\/06\/Portada-FM-Horizonte_modelo-imagen-scaled.jpg","width":2560,"height":1056,"caption":"Horizonte"},"image":{"@id":"http:\/\/www.radiohorizonte.fm\/radio\/#\/schema\/logo\/image\/"},"sameAs":["http:\/\/www.facebook.com\/HORIZONTE106.1","https:\/\/x.com\/fmhorizonte1061"]},{"@type":"Person","@id":"http:\/\/www.radiohorizonte.fm\/radio\/#\/schema\/person\/f8fa003a405bb86729fd87d15d0ddafa","name":"Cristian Galarza","image":{"@type":"ImageObject","inLanguage":"es-AR","@id":"https:\/\/secure.gravatar.com\/avatar\/fad34bc2c773209c05d7d53b08a69b680eeb55f3be014e52b31643d20ab65925?s=96&d=mm&r=g","url":"https:\/\/secure.gravatar.com\/avatar\/fad34bc2c773209c05d7d53b08a69b680eeb55f3be014e52b31643d20ab65925?s=96&d=mm&r=g","contentUrl":"https:\/\/secure.gravatar.com\/avatar\/fad34bc2c773209c05d7d53b08a69b680eeb55f3be014e52b31643d20ab65925?s=96&d=mm&r=g","caption":"Cristian Galarza"},"url":"http:\/\/www.radiohorizonte.fm\/radio\/author\/cristian\/"}]}},"_links":{"self":[{"href":"http:\/\/www.radiohorizonte.fm\/radio\/wp-json\/wp\/v2\/posts\/42068","targetHints":{"allow":["GET"]}}],"collection":[{"href":"http:\/\/www.radiohorizonte.fm\/radio\/wp-json\/wp\/v2\/posts"}],"about":[{"href":"http:\/\/www.radiohorizonte.fm\/radio\/wp-json\/wp\/v2\/types\/post"}],"author":[{"embeddable":true,"href":"http:\/\/www.radiohorizonte.fm\/radio\/wp-json\/wp\/v2\/users\/2"}],"replies":[{"embeddable":true,"href":"http:\/\/www.radiohorizonte.fm\/radio\/wp-json\/wp\/v2\/comments?post=42068"}],"version-history":[{"count":8,"href":"http:\/\/www.radiohorizonte.fm\/radio\/wp-json\/wp\/v2\/posts\/42068\/revisions"}],"predecessor-version":[{"id":42077,"href":"http:\/\/www.radiohorizonte.fm\/radio\/wp-json\/wp\/v2\/posts\/42068\/revisions\/42077"}],"wp:featuredmedia":[{"embeddable":true,"href":"http:\/\/www.radiohorizonte.fm\/radio\/wp-json\/wp\/v2\/media\/42069"}],"wp:attachment":[{"href":"http:\/\/www.radiohorizonte.fm\/radio\/wp-json\/wp\/v2\/media?parent=42068"}],"wp:term":[{"taxonomy":"category","embeddable":true,"href":"http:\/\/www.radiohorizonte.fm\/radio\/wp-json\/wp\/v2\/categories?post=42068"},{"taxonomy":"post_tag","embeddable":true,"href":"http:\/\/www.radiohorizonte.fm\/radio\/wp-json\/wp\/v2\/tags?post=42068"}],"curies":[{"name":"wp","href":"https:\/\/api.w.org\/{rel}","templated":true}]}}