{"id":42079,"date":"2023-09-21T11:50:16","date_gmt":"2023-09-21T14:50:16","guid":{"rendered":"http:\/\/www.radiohorizonte.fm\/radio\/?p=42079"},"modified":"2023-09-21T11:50:16","modified_gmt":"2023-09-21T14:50:16","slug":"condenaron-siete-anos-de-carcel-al-falso-medico-que-atendia-durante-la-pandemia","status":"publish","type":"post","link":"http:\/\/www.radiohorizonte.fm\/radio\/2023\/09\/21\/condenaron-siete-anos-de-carcel-al-falso-medico-que-atendia-durante-la-pandemia\/","title":{"rendered":"Condenaron a siete a\u00f1os de c\u00e1rcel al falso m\u00e9dico que atend\u00eda durante la pandemia"},"content":{"rendered":"<p>Ignacio Nicol\u00e1s Mart\u00edn, de 22 a\u00f1os, fue condenado en R\u00edo Cuarto por &#8220;ejercicio ilegal de la medicina, defraudaci\u00f3n calificado continuado, falsedad ideol\u00f3gica de documento p\u00fablico reiterado y lesiones leves\u201d.<\/p>\n<p><img loading=\"lazy\" decoding=\"async\" src=\"http:\/\/www.radiohorizonte.fm\/radio\/wp-content\/uploads\/2023\/09\/602671a36633f_1200.jpg\" alt=\"\" width=\"1004\" height=\"565\" class=\"alignnone size-full wp-image-42080\" srcset=\"http:\/\/www.radiohorizonte.fm\/radio\/wp-content\/uploads\/2023\/09\/602671a36633f_1200.jpg 1004w, http:\/\/www.radiohorizonte.fm\/radio\/wp-content\/uploads\/2023\/09\/602671a36633f_1200-300x169.jpg 300w, http:\/\/www.radiohorizonte.fm\/radio\/wp-content\/uploads\/2023\/09\/602671a36633f_1200-768x432.jpg 768w, http:\/\/www.radiohorizonte.fm\/radio\/wp-content\/uploads\/2023\/09\/602671a36633f_1200-65x37.jpg 65w, http:\/\/www.radiohorizonte.fm\/radio\/wp-content\/uploads\/2023\/09\/602671a36633f_1200-320x180.jpg 320w, http:\/\/www.radiohorizonte.fm\/radio\/wp-content\/uploads\/2023\/09\/602671a36633f_1200-85x48.jpg 85w, http:\/\/www.radiohorizonte.fm\/radio\/wp-content\/uploads\/2023\/09\/602671a36633f_1200-220x125.jpg 220w, http:\/\/www.radiohorizonte.fm\/radio\/wp-content\/uploads\/2023\/09\/602671a36633f_1200-90x51.jpg 90w\" sizes=\"auto, (max-width: 1004px) 100vw, 1004px\" \/><br \/>\nUn joven de 22 a\u00f1os fue condenado este mi\u00e9rcoles a siete a\u00f1os de prisi\u00f3n por ejercer como falso m\u00e9dico durante la pandemia de coronavirus, entre 2020 y 2021, en el Centro de Operaciones de Emergencia (COE) de la ciudad cordobesa de R\u00edo Cuarto, que depende de la salud p\u00fablica provincial.<\/p>\n<p>El tribunal de la C\u00e1mara Primera del Crimen de R\u00edo Cuarto dict\u00f3 esa condena a Ignacio Nicol\u00e1s Mart\u00edn por los delitos de &#8220;autor material y penalmente responsable de los delitos de usurpaci\u00f3n de t\u00edtulo, ejercicio ilegal de la medicina, defraudaci\u00f3n calificado continuado, falsedad ideol\u00f3gica de documento p\u00fablico reiterado y lesiones leves\u201d.<\/p>\n<p>Los camaristas lo absolvieron de la acusaci\u00f3n de \u201cuso de documento privado falso y de homicidio simple\u201d en el juicio que hab\u00eda comenzado el 24 de julio.<\/p>\n<p>La acusaci\u00f3n de homicidio, del cual fue sobrese\u00eddo, tuvo su origen a partir de la denuncia de familiares de un hombre que hab\u00eda fallecido luego de ser atendido por el falso m\u00e9dico el 16 de diciembre de 2020, caso en que las pericias determinaron que el deceso fue por un infarto ajeno a la medicaci\u00f3n que hab\u00eda prescripto Mart\u00edn.<\/p>\n<p>Durante el juicio, el joven hab\u00eda admitido que no era m\u00e9dico y que las autoridades de Salud lo sab\u00edan, pero que debido al desborde que ten\u00edan por los casos de coronavirus le hab\u00edan asignado la tarea de atender pacientes<br \/>\nEl acusado se encuentra detenido desde el 4 de febrero de 2021, luego de que la justicia abriera una investigaci\u00f3n a partir de denuncias del Ministerio de Salud provincial y del Consejo M\u00e9dico que advert\u00edan sobre el presunto ejercicio ilegal de la medicina.<\/p>\n<p>Durante el juicio, el joven hab\u00eda admitido que no era m\u00e9dico y que las autoridades de Salud lo sab\u00edan, pero que debido al desborde que ten\u00edan por los casos de coronavirus le hab\u00edan asignado la tarea de atender pacientes.<\/p>\n<p>Los fiscales Pablo Javega y Rosario Fern\u00e1ndez L\u00f3pez hab\u00edan solicitado 9 a\u00f1os de prisi\u00f3n, mientras que los querellantes pidieron 12 a\u00f1os.<\/p>\n<p>En sus \u00faltimas palabras, antes de la sentencia, el acusado se declar\u00f3 \u201cinocente&#8221; y asegur\u00f3: &#8220;Quiero volver a reiterar el pedido de disculpas\u201d.<\/p>\n<p>El abogado Agust\u00edn Cattaneo consider\u00f3 \u201cdesproporcionada la pena\u201d, al entender que \u201cfue condenado por delitos leves porque de los m\u00e1s graves fue absuelto\u201d, y anticip\u00f3 que una vez que den a conocer los fundamentos interpondr\u00e1 un recurso de casaci\u00f3n.<\/p>\n<p>Fuente: T\u00e9lam<\/p>\n","protected":false},"excerpt":{"rendered":"<div class=\"post-excerpt\"><p>Ignacio Nicol\u00e1s Mart\u00edn, de 22 a\u00f1os, fue condenado en R\u00edo Cuarto por &#8220;ejercicio ilegal de la medicina, defraudaci\u00f3n calificado continuado, falsedad ideol\u00f3gica de documento p\u00fablico reiterado y lesiones leves\u201d. Un joven de 22 a\u00f1os fue condenado este mi\u00e9rcoles a siete a\u00f1os de prisi\u00f3n por ejercer como falso m\u00e9dico durante la pandemia de coronavirus, entre 2020<\/p>\n<\/div>","protected":false},"author":2,"featured_media":42080,"comment_status":"closed","ping_status":"closed","sticky":false,"template":"","format":"standard","meta":{"_acf_changed":false,"footnotes":""},"categories":[2],"tags":[],"class_list":["post-42079","post","type-post","status-publish","format-standard","has-post-thumbnail","hentry","category-noticias"],"acf":[],"yoast_head":"<!-- This site is optimized with the Yoast SEO plugin v28.1 - https:\/\/yoast.com\/product\/yoast-seo-wordpress\/ -->\n<title>Condenaron a siete a\u00f1os de c\u00e1rcel al falso m\u00e9dico que atend\u00eda durante la pandemia - Horizonte<\/title>\n<meta name=\"robots\" content=\"index, follow, max-snippet:-1, max-image-preview:large, max-video-preview:-1\" \/>\n<link rel=\"canonical\" href=\"http:\/\/www.radiohorizonte.fm\/radio\/2023\/09\/21\/condenaron-siete-anos-de-carcel-al-falso-medico-que-atendia-durante-la-pandemia\/\" \/>\n<meta property=\"og:locale\" content=\"es_ES\" \/>\n<meta property=\"og:type\" content=\"article\" \/>\n<meta property=\"og:title\" content=\"Condenaron a siete a\u00f1os de c\u00e1rcel al falso m\u00e9dico que atend\u00eda durante la pandemia - Horizonte\" \/>\n<meta property=\"og:description\" content=\"Ignacio Nicol\u00e1s Mart\u00edn, de 22 a\u00f1os, fue condenado en R\u00edo Cuarto por &#8220;ejercicio ilegal de la medicina, defraudaci\u00f3n calificado continuado, falsedad ideol\u00f3gica de documento p\u00fablico reiterado y lesiones leves\u201d. Un joven de 22 a\u00f1os fue condenado este mi\u00e9rcoles a siete a\u00f1os de prisi\u00f3n por ejercer como falso m\u00e9dico durante la pandemia de coronavirus, entre 2020\" \/>\n<meta property=\"og:url\" content=\"http:\/\/www.radiohorizonte.fm\/radio\/2023\/09\/21\/condenaron-siete-anos-de-carcel-al-falso-medico-que-atendia-durante-la-pandemia\/\" \/>\n<meta property=\"og:site_name\" content=\"Horizonte\" \/>\n<meta property=\"article:publisher\" content=\"http:\/\/www.facebook.com\/HORIZONTE106.1\" \/>\n<meta property=\"article:published_time\" content=\"2023-09-21T14:50:16+00:00\" \/>\n<meta property=\"og:image\" content=\"http:\/\/www.radiohorizonte.fm\/radio\/wp-content\/uploads\/2023\/09\/602671a36633f_1200.jpg\" \/>\n\t<meta property=\"og:image:width\" content=\"1004\" \/>\n\t<meta property=\"og:image:height\" content=\"565\" \/>\n\t<meta property=\"og:image:type\" content=\"image\/jpeg\" \/>\n<meta name=\"author\" content=\"Cristian Galarza\" \/>\n<meta name=\"twitter:card\" content=\"summary_large_image\" \/>\n<meta name=\"twitter:creator\" content=\"@fmhorizonte1061\" \/>\n<meta name=\"twitter:site\" content=\"@fmhorizonte1061\" \/>\n<meta name=\"twitter:label1\" content=\"Escrito por\" \/>\n\t<meta name=\"twitter:data1\" content=\"Cristian Galarza\" \/>\n\t<meta name=\"twitter:label2\" content=\"Tiempo de lectura\" \/>\n\t<meta name=\"twitter:data2\" content=\"2 minutos\" \/>\n<script type=\"application\/ld+json\" class=\"yoast-schema-graph\">{\"@context\":\"https:\\\/\\\/schema.org\",\"@graph\":[{\"@type\":\"Article\",\"@id\":\"http:\\\/\\\/www.radiohorizonte.fm\\\/radio\\\/2023\\\/09\\\/21\\\/condenaron-siete-anos-de-carcel-al-falso-medico-que-atendia-durante-la-pandemia\\\/#article\",\"isPartOf\":{\"@id\":\"http:\\\/\\\/www.radiohorizonte.fm\\\/radio\\\/2023\\\/09\\\/21\\\/condenaron-siete-anos-de-carcel-al-falso-medico-que-atendia-durante-la-pandemia\\\/\"},\"author\":{\"name\":\"Cristian Galarza\",\"@id\":\"http:\\\/\\\/www.radiohorizonte.fm\\\/radio\\\/#\\\/schema\\\/person\\\/f8fa003a405bb86729fd87d15d0ddafa\"},\"headline\":\"Condenaron a siete a\u00f1os de c\u00e1rcel al falso m\u00e9dico que atend\u00eda durante la pandemia\",\"datePublished\":\"2023-09-21T14:50:16+00:00\",\"mainEntityOfPage\":{\"@id\":\"http:\\\/\\\/www.radiohorizonte.fm\\\/radio\\\/2023\\\/09\\\/21\\\/condenaron-siete-anos-de-carcel-al-falso-medico-que-atendia-durante-la-pandemia\\\/\"},\"wordCount\":484,\"publisher\":{\"@id\":\"http:\\\/\\\/www.radiohorizonte.fm\\\/radio\\\/#organization\"},\"image\":{\"@id\":\"http:\\\/\\\/www.radiohorizonte.fm\\\/radio\\\/2023\\\/09\\\/21\\\/condenaron-siete-anos-de-carcel-al-falso-medico-que-atendia-durante-la-pandemia\\\/#primaryimage\"},\"thumbnailUrl\":\"http:\\\/\\\/www.radiohorizonte.fm\\\/radio\\\/wp-content\\\/uploads\\\/2023\\\/09\\\/602671a36633f_1200.jpg\",\"articleSection\":[\"Noticias\"],\"inLanguage\":\"es-AR\"},{\"@type\":\"WebPage\",\"@id\":\"http:\\\/\\\/www.radiohorizonte.fm\\\/radio\\\/2023\\\/09\\\/21\\\/condenaron-siete-anos-de-carcel-al-falso-medico-que-atendia-durante-la-pandemia\\\/\",\"url\":\"http:\\\/\\\/www.radiohorizonte.fm\\\/radio\\\/2023\\\/09\\\/21\\\/condenaron-siete-anos-de-carcel-al-falso-medico-que-atendia-durante-la-pandemia\\\/\",\"name\":\"Condenaron a siete a\u00f1os de c\u00e1rcel al falso m\u00e9dico que atend\u00eda durante la pandemia - Horizonte\",\"isPartOf\":{\"@id\":\"http:\\\/\\\/www.radiohorizonte.fm\\\/radio\\\/#website\"},\"primaryImageOfPage\":{\"@id\":\"http:\\\/\\\/www.radiohorizonte.fm\\\/radio\\\/2023\\\/09\\\/21\\\/condenaron-siete-anos-de-carcel-al-falso-medico-que-atendia-durante-la-pandemia\\\/#primaryimage\"},\"image\":{\"@id\":\"http:\\\/\\\/www.radiohorizonte.fm\\\/radio\\\/2023\\\/09\\\/21\\\/condenaron-siete-anos-de-carcel-al-falso-medico-que-atendia-durante-la-pandemia\\\/#primaryimage\"},\"thumbnailUrl\":\"http:\\\/\\\/www.radiohorizonte.fm\\\/radio\\\/wp-content\\\/uploads\\\/2023\\\/09\\\/602671a36633f_1200.jpg\",\"datePublished\":\"2023-09-21T14:50:16+00:00\",\"breadcrumb\":{\"@id\":\"http:\\\/\\\/www.radiohorizonte.fm\\\/radio\\\/2023\\\/09\\\/21\\\/condenaron-siete-anos-de-carcel-al-falso-medico-que-atendia-durante-la-pandemia\\\/#breadcrumb\"},\"inLanguage\":\"es-AR\",\"potentialAction\":[{\"@type\":\"ReadAction\",\"target\":[\"http:\\\/\\\/www.radiohorizonte.fm\\\/radio\\\/2023\\\/09\\\/21\\\/condenaron-siete-anos-de-carcel-al-falso-medico-que-atendia-durante-la-pandemia\\\/\"]}]},{\"@type\":\"ImageObject\",\"inLanguage\":\"es-AR\",\"@id\":\"http:\\\/\\\/www.radiohorizonte.fm\\\/radio\\\/2023\\\/09\\\/21\\\/condenaron-siete-anos-de-carcel-al-falso-medico-que-atendia-durante-la-pandemia\\\/#primaryimage\",\"url\":\"http:\\\/\\\/www.radiohorizonte.fm\\\/radio\\\/wp-content\\\/uploads\\\/2023\\\/09\\\/602671a36633f_1200.jpg\",\"contentUrl\":\"http:\\\/\\\/www.radiohorizonte.fm\\\/radio\\\/wp-content\\\/uploads\\\/2023\\\/09\\\/602671a36633f_1200.jpg\",\"width\":1004,\"height\":565},{\"@type\":\"BreadcrumbList\",\"@id\":\"http:\\\/\\\/www.radiohorizonte.fm\\\/radio\\\/2023\\\/09\\\/21\\\/condenaron-siete-anos-de-carcel-al-falso-medico-que-atendia-durante-la-pandemia\\\/#breadcrumb\",\"itemListElement\":[{\"@type\":\"ListItem\",\"position\":1,\"name\":\"Home\",\"item\":\"http:\\\/\\\/www.radiohorizonte.fm\\\/radio\\\/\"},{\"@type\":\"ListItem\",\"position\":2,\"name\":\"Condenaron a siete a\u00f1os de c\u00e1rcel al falso m\u00e9dico que atend\u00eda durante la pandemia\"}]},{\"@type\":\"WebSite\",\"@id\":\"http:\\\/\\\/www.radiohorizonte.fm\\\/radio\\\/#website\",\"url\":\"http:\\\/\\\/www.radiohorizonte.fm\\\/radio\\\/\",\"name\":\"Horizonte\",\"description\":\"Radio Horizonte 106.1 - Una radio de clasicos\",\"publisher\":{\"@id\":\"http:\\\/\\\/www.radiohorizonte.fm\\\/radio\\\/#organization\"},\"potentialAction\":[{\"@type\":\"SearchAction\",\"target\":{\"@type\":\"EntryPoint\",\"urlTemplate\":\"http:\\\/\\\/www.radiohorizonte.fm\\\/radio\\\/?s={search_term_string}\"},\"query-input\":{\"@type\":\"PropertyValueSpecification\",\"valueRequired\":true,\"valueName\":\"search_term_string\"}}],\"inLanguage\":\"es-AR\"},{\"@type\":\"Organization\",\"@id\":\"http:\\\/\\\/www.radiohorizonte.fm\\\/radio\\\/#organization\",\"name\":\"Horizonte\",\"url\":\"http:\\\/\\\/www.radiohorizonte.fm\\\/radio\\\/\",\"logo\":{\"@type\":\"ImageObject\",\"inLanguage\":\"es-AR\",\"@id\":\"http:\\\/\\\/www.radiohorizonte.fm\\\/radio\\\/#\\\/schema\\\/logo\\\/image\\\/\",\"url\":\"http:\\\/\\\/www.radiohorizonte.fm\\\/radio\\\/wp-content\\\/uploads\\\/2025\\\/06\\\/Portada-FM-Horizonte_modelo-imagen-scaled.jpg\",\"contentUrl\":\"http:\\\/\\\/www.radiohorizonte.fm\\\/radio\\\/wp-content\\\/uploads\\\/2025\\\/06\\\/Portada-FM-Horizonte_modelo-imagen-scaled.jpg\",\"width\":2560,\"height\":1056,\"caption\":\"Horizonte\"},\"image\":{\"@id\":\"http:\\\/\\\/www.radiohorizonte.fm\\\/radio\\\/#\\\/schema\\\/logo\\\/image\\\/\"},\"sameAs\":[\"http:\\\/\\\/www.facebook.com\\\/HORIZONTE106.1\",\"https:\\\/\\\/x.com\\\/fmhorizonte1061\"]},{\"@type\":\"Person\",\"@id\":\"http:\\\/\\\/www.radiohorizonte.fm\\\/radio\\\/#\\\/schema\\\/person\\\/f8fa003a405bb86729fd87d15d0ddafa\",\"name\":\"Cristian Galarza\",\"image\":{\"@type\":\"ImageObject\",\"inLanguage\":\"es-AR\",\"@id\":\"https:\\\/\\\/secure.gravatar.com\\\/avatar\\\/fad34bc2c773209c05d7d53b08a69b680eeb55f3be014e52b31643d20ab65925?s=96&d=mm&r=g\",\"url\":\"https:\\\/\\\/secure.gravatar.com\\\/avatar\\\/fad34bc2c773209c05d7d53b08a69b680eeb55f3be014e52b31643d20ab65925?s=96&d=mm&r=g\",\"contentUrl\":\"https:\\\/\\\/secure.gravatar.com\\\/avatar\\\/fad34bc2c773209c05d7d53b08a69b680eeb55f3be014e52b31643d20ab65925?s=96&d=mm&r=g\",\"caption\":\"Cristian Galarza\"},\"url\":\"http:\\\/\\\/www.radiohorizonte.fm\\\/radio\\\/author\\\/cristian\\\/\"}]}<\/script>\n<!-- \/ Yoast SEO plugin. -->","yoast_head_json":{"title":"Condenaron a siete a\u00f1os de c\u00e1rcel al falso m\u00e9dico que atend\u00eda durante la pandemia - Horizonte","robots":{"index":"index","follow":"follow","max-snippet":"max-snippet:-1","max-image-preview":"max-image-preview:large","max-video-preview":"max-video-preview:-1"},"canonical":"http:\/\/www.radiohorizonte.fm\/radio\/2023\/09\/21\/condenaron-siete-anos-de-carcel-al-falso-medico-que-atendia-durante-la-pandemia\/","og_locale":"es_ES","og_type":"article","og_title":"Condenaron a siete a\u00f1os de c\u00e1rcel al falso m\u00e9dico que atend\u00eda durante la pandemia - Horizonte","og_description":"Ignacio Nicol\u00e1s Mart\u00edn, de 22 a\u00f1os, fue condenado en R\u00edo Cuarto por &#8220;ejercicio ilegal de la medicina, defraudaci\u00f3n calificado continuado, falsedad ideol\u00f3gica de documento p\u00fablico reiterado y lesiones leves\u201d. Un joven de 22 a\u00f1os fue condenado este mi\u00e9rcoles a siete a\u00f1os de prisi\u00f3n por ejercer como falso m\u00e9dico durante la pandemia de coronavirus, entre 2020","og_url":"http:\/\/www.radiohorizonte.fm\/radio\/2023\/09\/21\/condenaron-siete-anos-de-carcel-al-falso-medico-que-atendia-durante-la-pandemia\/","og_site_name":"Horizonte","article_publisher":"http:\/\/www.facebook.com\/HORIZONTE106.1","article_published_time":"2023-09-21T14:50:16+00:00","og_image":[{"width":1004,"height":565,"url":"http:\/\/www.radiohorizonte.fm\/radio\/wp-content\/uploads\/2023\/09\/602671a36633f_1200.jpg","type":"image\/jpeg"}],"author":"Cristian Galarza","twitter_card":"summary_large_image","twitter_creator":"@fmhorizonte1061","twitter_site":"@fmhorizonte1061","twitter_misc":{"Escrito por":"Cristian Galarza","Tiempo de lectura":"2 minutos"},"schema":{"@context":"https:\/\/schema.org","@graph":[{"@type":"Article","@id":"http:\/\/www.radiohorizonte.fm\/radio\/2023\/09\/21\/condenaron-siete-anos-de-carcel-al-falso-medico-que-atendia-durante-la-pandemia\/#article","isPartOf":{"@id":"http:\/\/www.radiohorizonte.fm\/radio\/2023\/09\/21\/condenaron-siete-anos-de-carcel-al-falso-medico-que-atendia-durante-la-pandemia\/"},"author":{"name":"Cristian Galarza","@id":"http:\/\/www.radiohorizonte.fm\/radio\/#\/schema\/person\/f8fa003a405bb86729fd87d15d0ddafa"},"headline":"Condenaron a siete a\u00f1os de c\u00e1rcel al falso m\u00e9dico que atend\u00eda durante la pandemia","datePublished":"2023-09-21T14:50:16+00:00","mainEntityOfPage":{"@id":"http:\/\/www.radiohorizonte.fm\/radio\/2023\/09\/21\/condenaron-siete-anos-de-carcel-al-falso-medico-que-atendia-durante-la-pandemia\/"},"wordCount":484,"publisher":{"@id":"http:\/\/www.radiohorizonte.fm\/radio\/#organization"},"image":{"@id":"http:\/\/www.radiohorizonte.fm\/radio\/2023\/09\/21\/condenaron-siete-anos-de-carcel-al-falso-medico-que-atendia-durante-la-pandemia\/#primaryimage"},"thumbnailUrl":"http:\/\/www.radiohorizonte.fm\/radio\/wp-content\/uploads\/2023\/09\/602671a36633f_1200.jpg","articleSection":["Noticias"],"inLanguage":"es-AR"},{"@type":"WebPage","@id":"http:\/\/www.radiohorizonte.fm\/radio\/2023\/09\/21\/condenaron-siete-anos-de-carcel-al-falso-medico-que-atendia-durante-la-pandemia\/","url":"http:\/\/www.radiohorizonte.fm\/radio\/2023\/09\/21\/condenaron-siete-anos-de-carcel-al-falso-medico-que-atendia-durante-la-pandemia\/","name":"Condenaron a siete a\u00f1os de c\u00e1rcel al falso m\u00e9dico que atend\u00eda durante la pandemia - Horizonte","isPartOf":{"@id":"http:\/\/www.radiohorizonte.fm\/radio\/#website"},"primaryImageOfPage":{"@id":"http:\/\/www.radiohorizonte.fm\/radio\/2023\/09\/21\/condenaron-siete-anos-de-carcel-al-falso-medico-que-atendia-durante-la-pandemia\/#primaryimage"},"image":{"@id":"http:\/\/www.radiohorizonte.fm\/radio\/2023\/09\/21\/condenaron-siete-anos-de-carcel-al-falso-medico-que-atendia-durante-la-pandemia\/#primaryimage"},"thumbnailUrl":"http:\/\/www.radiohorizonte.fm\/radio\/wp-content\/uploads\/2023\/09\/602671a36633f_1200.jpg","datePublished":"2023-09-21T14:50:16+00:00","breadcrumb":{"@id":"http:\/\/www.radiohorizonte.fm\/radio\/2023\/09\/21\/condenaron-siete-anos-de-carcel-al-falso-medico-que-atendia-durante-la-pandemia\/#breadcrumb"},"inLanguage":"es-AR","potentialAction":[{"@type":"ReadAction","target":["http:\/\/www.radiohorizonte.fm\/radio\/2023\/09\/21\/condenaron-siete-anos-de-carcel-al-falso-medico-que-atendia-durante-la-pandemia\/"]}]},{"@type":"ImageObject","inLanguage":"es-AR","@id":"http:\/\/www.radiohorizonte.fm\/radio\/2023\/09\/21\/condenaron-siete-anos-de-carcel-al-falso-medico-que-atendia-durante-la-pandemia\/#primaryimage","url":"http:\/\/www.radiohorizonte.fm\/radio\/wp-content\/uploads\/2023\/09\/602671a36633f_1200.jpg","contentUrl":"http:\/\/www.radiohorizonte.fm\/radio\/wp-content\/uploads\/2023\/09\/602671a36633f_1200.jpg","width":1004,"height":565},{"@type":"BreadcrumbList","@id":"http:\/\/www.radiohorizonte.fm\/radio\/2023\/09\/21\/condenaron-siete-anos-de-carcel-al-falso-medico-que-atendia-durante-la-pandemia\/#breadcrumb","itemListElement":[{"@type":"ListItem","position":1,"name":"Home","item":"http:\/\/www.radiohorizonte.fm\/radio\/"},{"@type":"ListItem","position":2,"name":"Condenaron a siete a\u00f1os de c\u00e1rcel al falso m\u00e9dico que atend\u00eda durante la pandemia"}]},{"@type":"WebSite","@id":"http:\/\/www.radiohorizonte.fm\/radio\/#website","url":"http:\/\/www.radiohorizonte.fm\/radio\/","name":"Horizonte","description":"Radio Horizonte 106.1 - Una radio de clasicos","publisher":{"@id":"http:\/\/www.radiohorizonte.fm\/radio\/#organization"},"potentialAction":[{"@type":"SearchAction","target":{"@type":"EntryPoint","urlTemplate":"http:\/\/www.radiohorizonte.fm\/radio\/?s={search_term_string}"},"query-input":{"@type":"PropertyValueSpecification","valueRequired":true,"valueName":"search_term_string"}}],"inLanguage":"es-AR"},{"@type":"Organization","@id":"http:\/\/www.radiohorizonte.fm\/radio\/#organization","name":"Horizonte","url":"http:\/\/www.radiohorizonte.fm\/radio\/","logo":{"@type":"ImageObject","inLanguage":"es-AR","@id":"http:\/\/www.radiohorizonte.fm\/radio\/#\/schema\/logo\/image\/","url":"http:\/\/www.radiohorizonte.fm\/radio\/wp-content\/uploads\/2025\/06\/Portada-FM-Horizonte_modelo-imagen-scaled.jpg","contentUrl":"http:\/\/www.radiohorizonte.fm\/radio\/wp-content\/uploads\/2025\/06\/Portada-FM-Horizonte_modelo-imagen-scaled.jpg","width":2560,"height":1056,"caption":"Horizonte"},"image":{"@id":"http:\/\/www.radiohorizonte.fm\/radio\/#\/schema\/logo\/image\/"},"sameAs":["http:\/\/www.facebook.com\/HORIZONTE106.1","https:\/\/x.com\/fmhorizonte1061"]},{"@type":"Person","@id":"http:\/\/www.radiohorizonte.fm\/radio\/#\/schema\/person\/f8fa003a405bb86729fd87d15d0ddafa","name":"Cristian Galarza","image":{"@type":"ImageObject","inLanguage":"es-AR","@id":"https:\/\/secure.gravatar.com\/avatar\/fad34bc2c773209c05d7d53b08a69b680eeb55f3be014e52b31643d20ab65925?s=96&d=mm&r=g","url":"https:\/\/secure.gravatar.com\/avatar\/fad34bc2c773209c05d7d53b08a69b680eeb55f3be014e52b31643d20ab65925?s=96&d=mm&r=g","contentUrl":"https:\/\/secure.gravatar.com\/avatar\/fad34bc2c773209c05d7d53b08a69b680eeb55f3be014e52b31643d20ab65925?s=96&d=mm&r=g","caption":"Cristian Galarza"},"url":"http:\/\/www.radiohorizonte.fm\/radio\/author\/cristian\/"}]}},"_links":{"self":[{"href":"http:\/\/www.radiohorizonte.fm\/radio\/wp-json\/wp\/v2\/posts\/42079","targetHints":{"allow":["GET"]}}],"collection":[{"href":"http:\/\/www.radiohorizonte.fm\/radio\/wp-json\/wp\/v2\/posts"}],"about":[{"href":"http:\/\/www.radiohorizonte.fm\/radio\/wp-json\/wp\/v2\/types\/post"}],"author":[{"embeddable":true,"href":"http:\/\/www.radiohorizonte.fm\/radio\/wp-json\/wp\/v2\/users\/2"}],"replies":[{"embeddable":true,"href":"http:\/\/www.radiohorizonte.fm\/radio\/wp-json\/wp\/v2\/comments?post=42079"}],"version-history":[{"count":1,"href":"http:\/\/www.radiohorizonte.fm\/radio\/wp-json\/wp\/v2\/posts\/42079\/revisions"}],"predecessor-version":[{"id":42081,"href":"http:\/\/www.radiohorizonte.fm\/radio\/wp-json\/wp\/v2\/posts\/42079\/revisions\/42081"}],"wp:featuredmedia":[{"embeddable":true,"href":"http:\/\/www.radiohorizonte.fm\/radio\/wp-json\/wp\/v2\/media\/42080"}],"wp:attachment":[{"href":"http:\/\/www.radiohorizonte.fm\/radio\/wp-json\/wp\/v2\/media?parent=42079"}],"wp:term":[{"taxonomy":"category","embeddable":true,"href":"http:\/\/www.radiohorizonte.fm\/radio\/wp-json\/wp\/v2\/categories?post=42079"},{"taxonomy":"post_tag","embeddable":true,"href":"http:\/\/www.radiohorizonte.fm\/radio\/wp-json\/wp\/v2\/tags?post=42079"}],"curies":[{"name":"wp","href":"https:\/\/api.w.org\/{rel}","templated":true}]}}