{"id":42086,"date":"2023-09-22T07:20:46","date_gmt":"2023-09-22T10:20:46","guid":{"rendered":"http:\/\/www.radiohorizonte.fm\/radio\/?p=42086"},"modified":"2023-09-22T07:20:46","modified_gmt":"2023-09-22T10:20:46","slug":"estados-unidos-pidio-disculpas-por-su-contribucion-en-el-golpe-de-pinochet","status":"publish","type":"post","link":"http:\/\/www.radiohorizonte.fm\/radio\/2023\/09\/22\/estados-unidos-pidio-disculpas-por-su-contribucion-en-el-golpe-de-pinochet\/","title":{"rendered":"Estados Unidos pidi\u00f3 disculpas por su &#8220;contribuci\u00f3n&#8221; en el golpe de Pinochet"},"content":{"rendered":"<p>Los legisladores del pa\u00eds norteamericano expresan un &#8220;profundo pesar por la contribuci\u00f3n de Estados Unidos en la desestabilizaci\u00f3n de las instituciones pol\u00edticas de Chile y el proceso constitucional&#8221;. Tambi\u00e9n por haber contribuido &#8220;a la consolidaci\u00f3n de la dictadura militar represiva del general Pinochet&#8221;.<\/p>\n<p><img loading=\"lazy\" decoding=\"async\" src=\"http:\/\/www.radiohorizonte.fm\/radio\/wp-content\/uploads\/2023\/09\/57f648c7c3075_1200.jpg\" alt=\"\" width=\"1004\" height=\"565\" class=\"alignnone size-full wp-image-42087\" srcset=\"http:\/\/www.radiohorizonte.fm\/radio\/wp-content\/uploads\/2023\/09\/57f648c7c3075_1200.jpg 1004w, http:\/\/www.radiohorizonte.fm\/radio\/wp-content\/uploads\/2023\/09\/57f648c7c3075_1200-300x169.jpg 300w, http:\/\/www.radiohorizonte.fm\/radio\/wp-content\/uploads\/2023\/09\/57f648c7c3075_1200-768x432.jpg 768w, http:\/\/www.radiohorizonte.fm\/radio\/wp-content\/uploads\/2023\/09\/57f648c7c3075_1200-65x37.jpg 65w, http:\/\/www.radiohorizonte.fm\/radio\/wp-content\/uploads\/2023\/09\/57f648c7c3075_1200-320x180.jpg 320w, http:\/\/www.radiohorizonte.fm\/radio\/wp-content\/uploads\/2023\/09\/57f648c7c3075_1200-85x48.jpg 85w, http:\/\/www.radiohorizonte.fm\/radio\/wp-content\/uploads\/2023\/09\/57f648c7c3075_1200-220x125.jpg 220w, http:\/\/www.radiohorizonte.fm\/radio\/wp-content\/uploads\/2023\/09\/57f648c7c3075_1200-90x51.jpg 90w\" sizes=\"auto, (max-width: 1004px) 100vw, 1004px\" \/><br \/>\nCongresistas estadounidenses presentaron este jueves una resoluci\u00f3n que pide disculpas por &#8220;la contribuci\u00f3n&#8221; de Estados Unidos en el golpe de Estado de Augusto Pinochet en Chile hace 50 a\u00f1os e insta a las autoridades a desclasificar m\u00e1s documentos sobre lo ocurrido, un d\u00eda antes de la visita prevista por el l\u00edder chileno, Gabriel Boric, a Washington.<\/p>\n<p>En la declaraci\u00f3n, los legisladores expresan un &#8220;profundo pesar por la contribuci\u00f3n de Estados Unidos en la desestabilizaci\u00f3n de las instituciones pol\u00edticas de Chile y el proceso constitucional&#8221;.<\/p>\n<p>Tambi\u00e9n por haber contribuido &#8220;a la consolidaci\u00f3n de la dictadura militar represiva del general Pinochet&#8221;, se establece en el texto, en la v\u00edspera de que Boric llegue a Washington tras haber asistido en Nueva York a la Asamblea General de la ONU.<\/p>\n<p>Las Fuerzas Armadas chilenas, lideradas por Pinochet y con el apoyo de Estados Unidos en un contexto de Guerra Fr\u00eda contra la influencia sovi\u00e9tica, derrocaron a Salvador Allende (1970-1973) cuando se dispon\u00eda a convocar un plebiscito en un intento por salir de la aguda crisis pol\u00edtica y econ\u00f3mica que viv\u00eda el pa\u00eds, tras 1000 d\u00edas en el poder.<\/p>\n<p>A pedido de Chile, el Departamento de Estado estadounidense desclasific\u00f3 en las \u00faltimas semanas fragmentos de dos documentos de 1973 que demuestran que el expresidente Richard Nixon estaba al tanto de los planes militares para derrocar a Allende.<\/p>\n<p>Los legisladores estiman, en la declaraci\u00f3n impulsada por el congresista independiente Bernie Sanders y los dem\u00f3cratas Tim Kaine, Alexandria Ocasio-Cortez, Joaqu\u00edn Castro y Greg Casar, que el presidente Joe Biden debe dar un paso m\u00e1s.<\/p>\n<p>&#8220;La plena rendici\u00f3n de cuentas&#8221; requiere que se publiquen y desclasifiquen &#8220;los archivos restantes de Estados Unidos relacionados con los hechos de antes, durante y despu\u00e9s del golpe militar&#8221;, precisaron en el texto, replicado por la agencia de noticias AFP.<\/p>\n<p>Seg\u00fan archivos desclasificados, Nixon orden\u00f3 a la agencia de inteligencia (CIA) &#8220;hacer que la econom\u00eda grite&#8221; y bloquear de forma encubierta la toma de posesi\u00f3n de Allende.<\/p>\n<p>Bajo la supervisi\u00f3n del asesor de Seguridad Nacional y posteriormente secretario de Estado, Henry Kissinger, la CIA se esforz\u00f3 por fomentar un &#8220;clima golpista&#8221; y &#8220;crear las mejores condiciones posibles&#8221; para aupar a los militares al poder.<\/p>\n<p>&#8220;Debemos dejar claro que lamentamos nuestra participaci\u00f3n y nos comprometemos a apoyar la democracia chilena&#8221;, afirm\u00f3 Sanders en un comunicado<\/p>\n<p>Por su parte, Ocasio-Cortez pide reconocer el &#8220;complicado pasado&#8221; de Estados Unidos y desclasificar m\u00e1s archivos porque &#8220;quedan muchas preguntas pendientes&#8221; y &#8220;el pueblo de Chile y las v\u00edctimas de la violencia de Pinochet merecen respuestas&#8221;.<\/p>\n<p>La resoluci\u00f3n &#8220;aplaude al pueblo chileno por la reconstrucci\u00f3n de una democracia fuerte y resiliente&#8221; y expresa el compromiso del Congreso a participar en los esfuerzos por esclarecer la verdad.<\/p>\n","protected":false},"excerpt":{"rendered":"<div class=\"post-excerpt\"><p>Los legisladores del pa\u00eds norteamericano expresan un &#8220;profundo pesar por la contribuci\u00f3n de Estados Unidos en la desestabilizaci\u00f3n de las instituciones pol\u00edticas de Chile y el proceso constitucional&#8221;. Tambi\u00e9n por haber contribuido &#8220;a la consolidaci\u00f3n de la dictadura militar represiva del general Pinochet&#8221;. Congresistas estadounidenses presentaron este jueves una resoluci\u00f3n que pide disculpas por &#8220;la<\/p>\n<\/div>","protected":false},"author":2,"featured_media":42087,"comment_status":"closed","ping_status":"closed","sticky":false,"template":"","format":"standard","meta":{"_acf_changed":false,"footnotes":""},"categories":[2],"tags":[],"class_list":["post-42086","post","type-post","status-publish","format-standard","has-post-thumbnail","hentry","category-noticias"],"acf":[],"yoast_head":"<!-- This site is optimized with the Yoast SEO plugin v28.1 - https:\/\/yoast.com\/product\/yoast-seo-wordpress\/ -->\n<title>Estados Unidos pidi\u00f3 disculpas por su &quot;contribuci\u00f3n&quot; en el golpe de Pinochet - Horizonte<\/title>\n<meta name=\"robots\" content=\"index, follow, max-snippet:-1, max-image-preview:large, max-video-preview:-1\" \/>\n<link rel=\"canonical\" href=\"http:\/\/www.radiohorizonte.fm\/radio\/2023\/09\/22\/estados-unidos-pidio-disculpas-por-su-contribucion-en-el-golpe-de-pinochet\/\" \/>\n<meta property=\"og:locale\" content=\"es_ES\" \/>\n<meta property=\"og:type\" content=\"article\" \/>\n<meta property=\"og:title\" content=\"Estados Unidos pidi\u00f3 disculpas por su &quot;contribuci\u00f3n&quot; en el golpe de Pinochet - Horizonte\" \/>\n<meta property=\"og:description\" content=\"Los legisladores del pa\u00eds norteamericano expresan un &#8220;profundo pesar por la contribuci\u00f3n de Estados Unidos en la desestabilizaci\u00f3n de las instituciones pol\u00edticas de Chile y el proceso constitucional&#8221;. Tambi\u00e9n por haber contribuido &#8220;a la consolidaci\u00f3n de la dictadura militar represiva del general Pinochet&#8221;. Congresistas estadounidenses presentaron este jueves una resoluci\u00f3n que pide disculpas por &#8220;la\" \/>\n<meta property=\"og:url\" content=\"http:\/\/www.radiohorizonte.fm\/radio\/2023\/09\/22\/estados-unidos-pidio-disculpas-por-su-contribucion-en-el-golpe-de-pinochet\/\" \/>\n<meta property=\"og:site_name\" content=\"Horizonte\" \/>\n<meta property=\"article:publisher\" content=\"http:\/\/www.facebook.com\/HORIZONTE106.1\" \/>\n<meta property=\"article:published_time\" content=\"2023-09-22T10:20:46+00:00\" \/>\n<meta property=\"og:image\" content=\"http:\/\/www.radiohorizonte.fm\/radio\/wp-content\/uploads\/2023\/09\/57f648c7c3075_1200.jpg\" \/>\n\t<meta property=\"og:image:width\" content=\"1004\" \/>\n\t<meta property=\"og:image:height\" content=\"565\" \/>\n\t<meta property=\"og:image:type\" content=\"image\/jpeg\" \/>\n<meta name=\"author\" content=\"Cristian Galarza\" \/>\n<meta name=\"twitter:card\" content=\"summary_large_image\" \/>\n<meta name=\"twitter:creator\" content=\"@fmhorizonte1061\" \/>\n<meta name=\"twitter:site\" content=\"@fmhorizonte1061\" \/>\n<meta name=\"twitter:label1\" content=\"Escrito por\" \/>\n\t<meta name=\"twitter:data1\" content=\"Cristian Galarza\" \/>\n\t<meta name=\"twitter:label2\" content=\"Tiempo de lectura\" \/>\n\t<meta name=\"twitter:data2\" content=\"3 minutos\" \/>\n<script type=\"application\/ld+json\" class=\"yoast-schema-graph\">{\"@context\":\"https:\\\/\\\/schema.org\",\"@graph\":[{\"@type\":\"Article\",\"@id\":\"http:\\\/\\\/www.radiohorizonte.fm\\\/radio\\\/2023\\\/09\\\/22\\\/estados-unidos-pidio-disculpas-por-su-contribucion-en-el-golpe-de-pinochet\\\/#article\",\"isPartOf\":{\"@id\":\"http:\\\/\\\/www.radiohorizonte.fm\\\/radio\\\/2023\\\/09\\\/22\\\/estados-unidos-pidio-disculpas-por-su-contribucion-en-el-golpe-de-pinochet\\\/\"},\"author\":{\"name\":\"Cristian Galarza\",\"@id\":\"http:\\\/\\\/www.radiohorizonte.fm\\\/radio\\\/#\\\/schema\\\/person\\\/f8fa003a405bb86729fd87d15d0ddafa\"},\"headline\":\"Estados Unidos pidi\u00f3 disculpas por su &#8220;contribuci\u00f3n&#8221; en el golpe de Pinochet\",\"datePublished\":\"2023-09-22T10:20:46+00:00\",\"mainEntityOfPage\":{\"@id\":\"http:\\\/\\\/www.radiohorizonte.fm\\\/radio\\\/2023\\\/09\\\/22\\\/estados-unidos-pidio-disculpas-por-su-contribucion-en-el-golpe-de-pinochet\\\/\"},\"wordCount\":542,\"publisher\":{\"@id\":\"http:\\\/\\\/www.radiohorizonte.fm\\\/radio\\\/#organization\"},\"image\":{\"@id\":\"http:\\\/\\\/www.radiohorizonte.fm\\\/radio\\\/2023\\\/09\\\/22\\\/estados-unidos-pidio-disculpas-por-su-contribucion-en-el-golpe-de-pinochet\\\/#primaryimage\"},\"thumbnailUrl\":\"http:\\\/\\\/www.radiohorizonte.fm\\\/radio\\\/wp-content\\\/uploads\\\/2023\\\/09\\\/57f648c7c3075_1200.jpg\",\"articleSection\":[\"Noticias\"],\"inLanguage\":\"es-AR\"},{\"@type\":\"WebPage\",\"@id\":\"http:\\\/\\\/www.radiohorizonte.fm\\\/radio\\\/2023\\\/09\\\/22\\\/estados-unidos-pidio-disculpas-por-su-contribucion-en-el-golpe-de-pinochet\\\/\",\"url\":\"http:\\\/\\\/www.radiohorizonte.fm\\\/radio\\\/2023\\\/09\\\/22\\\/estados-unidos-pidio-disculpas-por-su-contribucion-en-el-golpe-de-pinochet\\\/\",\"name\":\"Estados Unidos pidi\u00f3 disculpas por su \\\"contribuci\u00f3n\\\" en el golpe de Pinochet - Horizonte\",\"isPartOf\":{\"@id\":\"http:\\\/\\\/www.radiohorizonte.fm\\\/radio\\\/#website\"},\"primaryImageOfPage\":{\"@id\":\"http:\\\/\\\/www.radiohorizonte.fm\\\/radio\\\/2023\\\/09\\\/22\\\/estados-unidos-pidio-disculpas-por-su-contribucion-en-el-golpe-de-pinochet\\\/#primaryimage\"},\"image\":{\"@id\":\"http:\\\/\\\/www.radiohorizonte.fm\\\/radio\\\/2023\\\/09\\\/22\\\/estados-unidos-pidio-disculpas-por-su-contribucion-en-el-golpe-de-pinochet\\\/#primaryimage\"},\"thumbnailUrl\":\"http:\\\/\\\/www.radiohorizonte.fm\\\/radio\\\/wp-content\\\/uploads\\\/2023\\\/09\\\/57f648c7c3075_1200.jpg\",\"datePublished\":\"2023-09-22T10:20:46+00:00\",\"breadcrumb\":{\"@id\":\"http:\\\/\\\/www.radiohorizonte.fm\\\/radio\\\/2023\\\/09\\\/22\\\/estados-unidos-pidio-disculpas-por-su-contribucion-en-el-golpe-de-pinochet\\\/#breadcrumb\"},\"inLanguage\":\"es-AR\",\"potentialAction\":[{\"@type\":\"ReadAction\",\"target\":[\"http:\\\/\\\/www.radiohorizonte.fm\\\/radio\\\/2023\\\/09\\\/22\\\/estados-unidos-pidio-disculpas-por-su-contribucion-en-el-golpe-de-pinochet\\\/\"]}]},{\"@type\":\"ImageObject\",\"inLanguage\":\"es-AR\",\"@id\":\"http:\\\/\\\/www.radiohorizonte.fm\\\/radio\\\/2023\\\/09\\\/22\\\/estados-unidos-pidio-disculpas-por-su-contribucion-en-el-golpe-de-pinochet\\\/#primaryimage\",\"url\":\"http:\\\/\\\/www.radiohorizonte.fm\\\/radio\\\/wp-content\\\/uploads\\\/2023\\\/09\\\/57f648c7c3075_1200.jpg\",\"contentUrl\":\"http:\\\/\\\/www.radiohorizonte.fm\\\/radio\\\/wp-content\\\/uploads\\\/2023\\\/09\\\/57f648c7c3075_1200.jpg\",\"width\":1004,\"height\":565},{\"@type\":\"BreadcrumbList\",\"@id\":\"http:\\\/\\\/www.radiohorizonte.fm\\\/radio\\\/2023\\\/09\\\/22\\\/estados-unidos-pidio-disculpas-por-su-contribucion-en-el-golpe-de-pinochet\\\/#breadcrumb\",\"itemListElement\":[{\"@type\":\"ListItem\",\"position\":1,\"name\":\"Home\",\"item\":\"http:\\\/\\\/www.radiohorizonte.fm\\\/radio\\\/\"},{\"@type\":\"ListItem\",\"position\":2,\"name\":\"Estados Unidos pidi\u00f3 disculpas por su &#8220;contribuci\u00f3n&#8221; en el golpe de Pinochet\"}]},{\"@type\":\"WebSite\",\"@id\":\"http:\\\/\\\/www.radiohorizonte.fm\\\/radio\\\/#website\",\"url\":\"http:\\\/\\\/www.radiohorizonte.fm\\\/radio\\\/\",\"name\":\"Horizonte\",\"description\":\"Radio Horizonte 106.1 - Una radio de clasicos\",\"publisher\":{\"@id\":\"http:\\\/\\\/www.radiohorizonte.fm\\\/radio\\\/#organization\"},\"potentialAction\":[{\"@type\":\"SearchAction\",\"target\":{\"@type\":\"EntryPoint\",\"urlTemplate\":\"http:\\\/\\\/www.radiohorizonte.fm\\\/radio\\\/?s={search_term_string}\"},\"query-input\":{\"@type\":\"PropertyValueSpecification\",\"valueRequired\":true,\"valueName\":\"search_term_string\"}}],\"inLanguage\":\"es-AR\"},{\"@type\":\"Organization\",\"@id\":\"http:\\\/\\\/www.radiohorizonte.fm\\\/radio\\\/#organization\",\"name\":\"Horizonte\",\"url\":\"http:\\\/\\\/www.radiohorizonte.fm\\\/radio\\\/\",\"logo\":{\"@type\":\"ImageObject\",\"inLanguage\":\"es-AR\",\"@id\":\"http:\\\/\\\/www.radiohorizonte.fm\\\/radio\\\/#\\\/schema\\\/logo\\\/image\\\/\",\"url\":\"http:\\\/\\\/www.radiohorizonte.fm\\\/radio\\\/wp-content\\\/uploads\\\/2025\\\/06\\\/Portada-FM-Horizonte_modelo-imagen-scaled.jpg\",\"contentUrl\":\"http:\\\/\\\/www.radiohorizonte.fm\\\/radio\\\/wp-content\\\/uploads\\\/2025\\\/06\\\/Portada-FM-Horizonte_modelo-imagen-scaled.jpg\",\"width\":2560,\"height\":1056,\"caption\":\"Horizonte\"},\"image\":{\"@id\":\"http:\\\/\\\/www.radiohorizonte.fm\\\/radio\\\/#\\\/schema\\\/logo\\\/image\\\/\"},\"sameAs\":[\"http:\\\/\\\/www.facebook.com\\\/HORIZONTE106.1\",\"https:\\\/\\\/x.com\\\/fmhorizonte1061\"]},{\"@type\":\"Person\",\"@id\":\"http:\\\/\\\/www.radiohorizonte.fm\\\/radio\\\/#\\\/schema\\\/person\\\/f8fa003a405bb86729fd87d15d0ddafa\",\"name\":\"Cristian Galarza\",\"image\":{\"@type\":\"ImageObject\",\"inLanguage\":\"es-AR\",\"@id\":\"https:\\\/\\\/secure.gravatar.com\\\/avatar\\\/fad34bc2c773209c05d7d53b08a69b680eeb55f3be014e52b31643d20ab65925?s=96&d=mm&r=g\",\"url\":\"https:\\\/\\\/secure.gravatar.com\\\/avatar\\\/fad34bc2c773209c05d7d53b08a69b680eeb55f3be014e52b31643d20ab65925?s=96&d=mm&r=g\",\"contentUrl\":\"https:\\\/\\\/secure.gravatar.com\\\/avatar\\\/fad34bc2c773209c05d7d53b08a69b680eeb55f3be014e52b31643d20ab65925?s=96&d=mm&r=g\",\"caption\":\"Cristian Galarza\"},\"url\":\"http:\\\/\\\/www.radiohorizonte.fm\\\/radio\\\/author\\\/cristian\\\/\"}]}<\/script>\n<!-- \/ Yoast SEO plugin. -->","yoast_head_json":{"title":"Estados Unidos pidi\u00f3 disculpas por su \"contribuci\u00f3n\" en el golpe de Pinochet - Horizonte","robots":{"index":"index","follow":"follow","max-snippet":"max-snippet:-1","max-image-preview":"max-image-preview:large","max-video-preview":"max-video-preview:-1"},"canonical":"http:\/\/www.radiohorizonte.fm\/radio\/2023\/09\/22\/estados-unidos-pidio-disculpas-por-su-contribucion-en-el-golpe-de-pinochet\/","og_locale":"es_ES","og_type":"article","og_title":"Estados Unidos pidi\u00f3 disculpas por su \"contribuci\u00f3n\" en el golpe de Pinochet - Horizonte","og_description":"Los legisladores del pa\u00eds norteamericano expresan un &#8220;profundo pesar por la contribuci\u00f3n de Estados Unidos en la desestabilizaci\u00f3n de las instituciones pol\u00edticas de Chile y el proceso constitucional&#8221;. Tambi\u00e9n por haber contribuido &#8220;a la consolidaci\u00f3n de la dictadura militar represiva del general Pinochet&#8221;. Congresistas estadounidenses presentaron este jueves una resoluci\u00f3n que pide disculpas por &#8220;la","og_url":"http:\/\/www.radiohorizonte.fm\/radio\/2023\/09\/22\/estados-unidos-pidio-disculpas-por-su-contribucion-en-el-golpe-de-pinochet\/","og_site_name":"Horizonte","article_publisher":"http:\/\/www.facebook.com\/HORIZONTE106.1","article_published_time":"2023-09-22T10:20:46+00:00","og_image":[{"width":1004,"height":565,"url":"http:\/\/www.radiohorizonte.fm\/radio\/wp-content\/uploads\/2023\/09\/57f648c7c3075_1200.jpg","type":"image\/jpeg"}],"author":"Cristian Galarza","twitter_card":"summary_large_image","twitter_creator":"@fmhorizonte1061","twitter_site":"@fmhorizonte1061","twitter_misc":{"Escrito por":"Cristian Galarza","Tiempo de lectura":"3 minutos"},"schema":{"@context":"https:\/\/schema.org","@graph":[{"@type":"Article","@id":"http:\/\/www.radiohorizonte.fm\/radio\/2023\/09\/22\/estados-unidos-pidio-disculpas-por-su-contribucion-en-el-golpe-de-pinochet\/#article","isPartOf":{"@id":"http:\/\/www.radiohorizonte.fm\/radio\/2023\/09\/22\/estados-unidos-pidio-disculpas-por-su-contribucion-en-el-golpe-de-pinochet\/"},"author":{"name":"Cristian Galarza","@id":"http:\/\/www.radiohorizonte.fm\/radio\/#\/schema\/person\/f8fa003a405bb86729fd87d15d0ddafa"},"headline":"Estados Unidos pidi\u00f3 disculpas por su &#8220;contribuci\u00f3n&#8221; en el golpe de Pinochet","datePublished":"2023-09-22T10:20:46+00:00","mainEntityOfPage":{"@id":"http:\/\/www.radiohorizonte.fm\/radio\/2023\/09\/22\/estados-unidos-pidio-disculpas-por-su-contribucion-en-el-golpe-de-pinochet\/"},"wordCount":542,"publisher":{"@id":"http:\/\/www.radiohorizonte.fm\/radio\/#organization"},"image":{"@id":"http:\/\/www.radiohorizonte.fm\/radio\/2023\/09\/22\/estados-unidos-pidio-disculpas-por-su-contribucion-en-el-golpe-de-pinochet\/#primaryimage"},"thumbnailUrl":"http:\/\/www.radiohorizonte.fm\/radio\/wp-content\/uploads\/2023\/09\/57f648c7c3075_1200.jpg","articleSection":["Noticias"],"inLanguage":"es-AR"},{"@type":"WebPage","@id":"http:\/\/www.radiohorizonte.fm\/radio\/2023\/09\/22\/estados-unidos-pidio-disculpas-por-su-contribucion-en-el-golpe-de-pinochet\/","url":"http:\/\/www.radiohorizonte.fm\/radio\/2023\/09\/22\/estados-unidos-pidio-disculpas-por-su-contribucion-en-el-golpe-de-pinochet\/","name":"Estados Unidos pidi\u00f3 disculpas por su \"contribuci\u00f3n\" en el golpe de Pinochet - Horizonte","isPartOf":{"@id":"http:\/\/www.radiohorizonte.fm\/radio\/#website"},"primaryImageOfPage":{"@id":"http:\/\/www.radiohorizonte.fm\/radio\/2023\/09\/22\/estados-unidos-pidio-disculpas-por-su-contribucion-en-el-golpe-de-pinochet\/#primaryimage"},"image":{"@id":"http:\/\/www.radiohorizonte.fm\/radio\/2023\/09\/22\/estados-unidos-pidio-disculpas-por-su-contribucion-en-el-golpe-de-pinochet\/#primaryimage"},"thumbnailUrl":"http:\/\/www.radiohorizonte.fm\/radio\/wp-content\/uploads\/2023\/09\/57f648c7c3075_1200.jpg","datePublished":"2023-09-22T10:20:46+00:00","breadcrumb":{"@id":"http:\/\/www.radiohorizonte.fm\/radio\/2023\/09\/22\/estados-unidos-pidio-disculpas-por-su-contribucion-en-el-golpe-de-pinochet\/#breadcrumb"},"inLanguage":"es-AR","potentialAction":[{"@type":"ReadAction","target":["http:\/\/www.radiohorizonte.fm\/radio\/2023\/09\/22\/estados-unidos-pidio-disculpas-por-su-contribucion-en-el-golpe-de-pinochet\/"]}]},{"@type":"ImageObject","inLanguage":"es-AR","@id":"http:\/\/www.radiohorizonte.fm\/radio\/2023\/09\/22\/estados-unidos-pidio-disculpas-por-su-contribucion-en-el-golpe-de-pinochet\/#primaryimage","url":"http:\/\/www.radiohorizonte.fm\/radio\/wp-content\/uploads\/2023\/09\/57f648c7c3075_1200.jpg","contentUrl":"http:\/\/www.radiohorizonte.fm\/radio\/wp-content\/uploads\/2023\/09\/57f648c7c3075_1200.jpg","width":1004,"height":565},{"@type":"BreadcrumbList","@id":"http:\/\/www.radiohorizonte.fm\/radio\/2023\/09\/22\/estados-unidos-pidio-disculpas-por-su-contribucion-en-el-golpe-de-pinochet\/#breadcrumb","itemListElement":[{"@type":"ListItem","position":1,"name":"Home","item":"http:\/\/www.radiohorizonte.fm\/radio\/"},{"@type":"ListItem","position":2,"name":"Estados Unidos pidi\u00f3 disculpas por su &#8220;contribuci\u00f3n&#8221; en el golpe de Pinochet"}]},{"@type":"WebSite","@id":"http:\/\/www.radiohorizonte.fm\/radio\/#website","url":"http:\/\/www.radiohorizonte.fm\/radio\/","name":"Horizonte","description":"Radio Horizonte 106.1 - Una radio de clasicos","publisher":{"@id":"http:\/\/www.radiohorizonte.fm\/radio\/#organization"},"potentialAction":[{"@type":"SearchAction","target":{"@type":"EntryPoint","urlTemplate":"http:\/\/www.radiohorizonte.fm\/radio\/?s={search_term_string}"},"query-input":{"@type":"PropertyValueSpecification","valueRequired":true,"valueName":"search_term_string"}}],"inLanguage":"es-AR"},{"@type":"Organization","@id":"http:\/\/www.radiohorizonte.fm\/radio\/#organization","name":"Horizonte","url":"http:\/\/www.radiohorizonte.fm\/radio\/","logo":{"@type":"ImageObject","inLanguage":"es-AR","@id":"http:\/\/www.radiohorizonte.fm\/radio\/#\/schema\/logo\/image\/","url":"http:\/\/www.radiohorizonte.fm\/radio\/wp-content\/uploads\/2025\/06\/Portada-FM-Horizonte_modelo-imagen-scaled.jpg","contentUrl":"http:\/\/www.radiohorizonte.fm\/radio\/wp-content\/uploads\/2025\/06\/Portada-FM-Horizonte_modelo-imagen-scaled.jpg","width":2560,"height":1056,"caption":"Horizonte"},"image":{"@id":"http:\/\/www.radiohorizonte.fm\/radio\/#\/schema\/logo\/image\/"},"sameAs":["http:\/\/www.facebook.com\/HORIZONTE106.1","https:\/\/x.com\/fmhorizonte1061"]},{"@type":"Person","@id":"http:\/\/www.radiohorizonte.fm\/radio\/#\/schema\/person\/f8fa003a405bb86729fd87d15d0ddafa","name":"Cristian Galarza","image":{"@type":"ImageObject","inLanguage":"es-AR","@id":"https:\/\/secure.gravatar.com\/avatar\/fad34bc2c773209c05d7d53b08a69b680eeb55f3be014e52b31643d20ab65925?s=96&d=mm&r=g","url":"https:\/\/secure.gravatar.com\/avatar\/fad34bc2c773209c05d7d53b08a69b680eeb55f3be014e52b31643d20ab65925?s=96&d=mm&r=g","contentUrl":"https:\/\/secure.gravatar.com\/avatar\/fad34bc2c773209c05d7d53b08a69b680eeb55f3be014e52b31643d20ab65925?s=96&d=mm&r=g","caption":"Cristian Galarza"},"url":"http:\/\/www.radiohorizonte.fm\/radio\/author\/cristian\/"}]}},"_links":{"self":[{"href":"http:\/\/www.radiohorizonte.fm\/radio\/wp-json\/wp\/v2\/posts\/42086","targetHints":{"allow":["GET"]}}],"collection":[{"href":"http:\/\/www.radiohorizonte.fm\/radio\/wp-json\/wp\/v2\/posts"}],"about":[{"href":"http:\/\/www.radiohorizonte.fm\/radio\/wp-json\/wp\/v2\/types\/post"}],"author":[{"embeddable":true,"href":"http:\/\/www.radiohorizonte.fm\/radio\/wp-json\/wp\/v2\/users\/2"}],"replies":[{"embeddable":true,"href":"http:\/\/www.radiohorizonte.fm\/radio\/wp-json\/wp\/v2\/comments?post=42086"}],"version-history":[{"count":1,"href":"http:\/\/www.radiohorizonte.fm\/radio\/wp-json\/wp\/v2\/posts\/42086\/revisions"}],"predecessor-version":[{"id":42088,"href":"http:\/\/www.radiohorizonte.fm\/radio\/wp-json\/wp\/v2\/posts\/42086\/revisions\/42088"}],"wp:featuredmedia":[{"embeddable":true,"href":"http:\/\/www.radiohorizonte.fm\/radio\/wp-json\/wp\/v2\/media\/42087"}],"wp:attachment":[{"href":"http:\/\/www.radiohorizonte.fm\/radio\/wp-json\/wp\/v2\/media?parent=42086"}],"wp:term":[{"taxonomy":"category","embeddable":true,"href":"http:\/\/www.radiohorizonte.fm\/radio\/wp-json\/wp\/v2\/categories?post=42086"},{"taxonomy":"post_tag","embeddable":true,"href":"http:\/\/www.radiohorizonte.fm\/radio\/wp-json\/wp\/v2\/tags?post=42086"}],"curies":[{"name":"wp","href":"https:\/\/api.w.org\/{rel}","templated":true}]}}