{"id":42090,"date":"2023-09-22T08:01:52","date_gmt":"2023-09-22T11:01:52","guid":{"rendered":"http:\/\/www.radiohorizonte.fm\/radio\/?p=42090"},"modified":"2023-09-22T08:01:52","modified_gmt":"2023-09-22T11:01:52","slug":"donde-voto-se-publico-el-padron-definitivo-para-elecciones-2023","status":"publish","type":"post","link":"http:\/\/www.radiohorizonte.fm\/radio\/2023\/09\/22\/donde-voto-se-publico-el-padron-definitivo-para-elecciones-2023\/","title":{"rendered":"D\u00f3nde voto: se public\u00f3 el padr\u00f3n definitivo para elecciones 2023"},"content":{"rendered":"<p>La CNE puso a disposici\u00f3n el listado de electores para las elecciones presidenciales del domingo 22 de octubre; \u00bfc\u00f3mo consultar si es el mismo lugar de votaci\u00f3n que en las PASO?<\/p>\n<p><img loading=\"lazy\" decoding=\"async\" class=\"alignnone size-full wp-image-21080\" src=\"http:\/\/www.radiohorizonte.fm\/radio\/wp-content\/uploads\/2019\/04\/voto.jpg\" alt=\"\" width=\"640\" height=\"360\" srcset=\"http:\/\/www.radiohorizonte.fm\/radio\/wp-content\/uploads\/2019\/04\/voto.jpg 640w, http:\/\/www.radiohorizonte.fm\/radio\/wp-content\/uploads\/2019\/04\/voto-300x169.jpg 300w, http:\/\/www.radiohorizonte.fm\/radio\/wp-content\/uploads\/2019\/04\/voto-65x37.jpg 65w, http:\/\/www.radiohorizonte.fm\/radio\/wp-content\/uploads\/2019\/04\/voto-320x180.jpg 320w, http:\/\/www.radiohorizonte.fm\/radio\/wp-content\/uploads\/2019\/04\/voto-85x48.jpg 85w, http:\/\/www.radiohorizonte.fm\/radio\/wp-content\/uploads\/2019\/04\/voto-220x125.jpg 220w, http:\/\/www.radiohorizonte.fm\/radio\/wp-content\/uploads\/2019\/04\/voto-90x51.jpg 90w\" sizes=\"auto, (max-width: 640px) 100vw, 640px\" \/><\/p>\n<p>El padr\u00f3n definitivo para las elecciones generales 2023 fue puesto a disposici\u00f3n de la ciudadan\u00eda este viernes 22 de septiembre. A trav\u00e9s del sitio oficial de la C\u00e1mara Nacional Electoral (CNE) es posible conocer los datos precisos del lugar de votaci\u00f3n que se utilizar\u00e1n el domingo 22 de octubre.<\/p>\n<p>Elecciones 2023: c\u00f3mo funciona Vot-A, el chatbot de la C\u00e1mara Nacional Electoral en WhatsApp<br \/>\nDebate presidencial 2023: cu\u00e1ndo se realizan las dos instancias<\/p>\n<p>La consulta previa del padr\u00f3n electoral sirve para contar con todos los detalles del establecimiento donde se debe sufragar y ofrecerlos a las autoridades de mesa, con el objetivo de agilizar el tr\u00e1mite durante los comicios.<\/p>\n<p class=\"com-paragraph   --s\">Como sucedi\u00f3 en las PASO, la CNE es la encargada de elaborar la\u00a0<strong>n\u00f3mina de electores<\/strong>\u00a0que est\u00e1n habilitados para votar en todo el pa\u00eds y la difunde, tal como lo establece la ley, 30 d\u00edas antes de la elecci\u00f3n.<\/p>\n<div class=\"hidden\"><\/div>\n<h2 class=\"com-title --font-primary --xl --font-extra\">D\u00f3nde voto: consult\u00e1 el padr\u00f3n para las elecciones generales 2023<\/h2>\n<p class=\"com-paragraph   --s\">Para consultar los datos hay que entrar al\u00a0<a class=\"com-link\" title=\"sitio web de la CNE\" href=\"https:\/\/www.padron.gob.ar\/\" target=\"_blank\" rel=\"nofollow noopener\" data-reactroot=\"\">sitio web de la CNE<\/a>\u00a0e ingresar el n\u00famero de\u00a0<strong>documento<\/strong>,\u00a0<strong>g\u00e9nero\u00a0<\/strong>y el\u00a0<strong>c\u00f3digo de validaci\u00f3n.\u00a0<\/strong>Posteriormente, el sistema arrojar\u00e1 el\u00a0<strong>nombre y direcci\u00f3n del establecimiento<\/strong>, el\u00a0<strong>n\u00famero de mesa<\/strong>\u00a0y el\u00a0<strong>n\u00famero de orden.<\/strong><\/p>\n<div class=\"hidden\"><\/div>\n<div id=\"anexo-B5RQRIVIB5H63AAUXC63WUJWXA\" class=\"com-embed --html\">\n<div class=\"empty\"><iframe loading=\"lazy\" id=\"LNcreativa\" src=\"https:\/\/www.padron.gob.ar\/\" width=\"100%\" height=\"1200\" frameborder=\"0\" scrolling=\"no\" data-mce-fragment=\"1\"><\/iframe><\/div>\n<\/div>\n<p class=\"com-paragraph   --s\">Si bien<strong>\u00a0<\/strong>el\u00a0<strong>lugar de votaci\u00f3n<\/strong>\u00a0de las\u00a0<strong>elecciones generales<\/strong>\u00a0suele ser el mismo que el de las PASO, puede ocurrir que haya cambios, por lo que es conveniente hacer una nueva consulta antes de los\u00a0<strong>comicios del domingo 22 de octubre.<\/strong><\/p>\n<h2 class=\"com-title --font-primary --xl --font-extra\">\u00bfPuedo votar en las generales si no lo hice en las PASO?<\/h2>\n<p class=\"com-paragraph   --s\">Si alguien no vot\u00f3 en\u00a0<strong>las PASO<\/strong>\u00a0y figura en el<strong>\u00a0padr\u00f3n electoral,<\/strong>\u00a0tiene el derecho y la obligaci\u00f3n de<strong>\u00a0votar<\/strong><strong>\u00a0en las elecciones generales del 22 de octubre.\u00a0<\/strong>Sin embargo, debe justificar su inasistencia a las internas ante la Secretar\u00eda Electoral que le corresponde dentro de los 60 d\u00edas posteriores de la elecci\u00f3n, para no quedar inscripto en el\u00a0<a class=\"com-link\" title=\"Registro Nacional de Infractores al Deber de Votar.\" href=\"https:\/\/infractores.padron.gov.ar\/\" target=\"_blank\" rel=\"nofollow noopener\" data-reactroot=\"\">Registro Nacional de Infractores al Deber de Votar.<\/a><\/p>\n<p>&nbsp;<\/p>\n<p>Fuente: La Naci\u00f3n<\/p>\n","protected":false},"excerpt":{"rendered":"<div class=\"post-excerpt\"><p>La CNE puso a disposici\u00f3n el listado de electores para las elecciones presidenciales del domingo 22 de octubre; \u00bfc\u00f3mo consultar si es el mismo lugar de votaci\u00f3n que en las PASO? El padr\u00f3n definitivo para las elecciones generales 2023 fue puesto a disposici\u00f3n de la ciudadan\u00eda este viernes 22 de septiembre. A trav\u00e9s del sitio<\/p>\n<\/div>","protected":false},"author":2,"featured_media":21080,"comment_status":"closed","ping_status":"closed","sticky":false,"template":"","format":"standard","meta":{"_acf_changed":false,"footnotes":""},"categories":[2],"tags":[],"class_list":["post-42090","post","type-post","status-publish","format-standard","has-post-thumbnail","hentry","category-noticias"],"acf":[],"yoast_head":"<!-- This site is optimized with the Yoast SEO plugin v28.1 - https:\/\/yoast.com\/product\/yoast-seo-wordpress\/ -->\n<title>D\u00f3nde voto: se public\u00f3 el padr\u00f3n definitivo para elecciones 2023 - Horizonte<\/title>\n<meta name=\"robots\" content=\"index, follow, max-snippet:-1, max-image-preview:large, max-video-preview:-1\" \/>\n<link rel=\"canonical\" href=\"http:\/\/www.radiohorizonte.fm\/radio\/2023\/09\/22\/donde-voto-se-publico-el-padron-definitivo-para-elecciones-2023\/\" \/>\n<meta property=\"og:locale\" content=\"es_ES\" \/>\n<meta property=\"og:type\" content=\"article\" \/>\n<meta property=\"og:title\" content=\"D\u00f3nde voto: se public\u00f3 el padr\u00f3n definitivo para elecciones 2023 - Horizonte\" \/>\n<meta property=\"og:description\" content=\"La CNE puso a disposici\u00f3n el listado de electores para las elecciones presidenciales del domingo 22 de octubre; \u00bfc\u00f3mo consultar si es el mismo lugar de votaci\u00f3n que en las PASO? El padr\u00f3n definitivo para las elecciones generales 2023 fue puesto a disposici\u00f3n de la ciudadan\u00eda este viernes 22 de septiembre. A trav\u00e9s del sitio\" \/>\n<meta property=\"og:url\" content=\"http:\/\/www.radiohorizonte.fm\/radio\/2023\/09\/22\/donde-voto-se-publico-el-padron-definitivo-para-elecciones-2023\/\" \/>\n<meta property=\"og:site_name\" content=\"Horizonte\" \/>\n<meta property=\"article:publisher\" content=\"http:\/\/www.facebook.com\/HORIZONTE106.1\" \/>\n<meta property=\"article:published_time\" content=\"2023-09-22T11:01:52+00:00\" \/>\n<meta property=\"og:image\" content=\"http:\/\/www.radiohorizonte.fm\/radio\/wp-content\/uploads\/2019\/04\/voto.jpg\" \/>\n\t<meta property=\"og:image:width\" content=\"640\" \/>\n\t<meta property=\"og:image:height\" content=\"360\" \/>\n\t<meta property=\"og:image:type\" content=\"image\/jpeg\" \/>\n<meta name=\"author\" content=\"Cristian Galarza\" \/>\n<meta name=\"twitter:card\" content=\"summary_large_image\" \/>\n<meta name=\"twitter:creator\" content=\"@fmhorizonte1061\" \/>\n<meta name=\"twitter:site\" content=\"@fmhorizonte1061\" \/>\n<meta name=\"twitter:label1\" content=\"Escrito por\" \/>\n\t<meta name=\"twitter:data1\" content=\"Cristian Galarza\" \/>\n\t<meta name=\"twitter:label2\" content=\"Tiempo de lectura\" \/>\n\t<meta name=\"twitter:data2\" content=\"2 minutos\" \/>\n<script type=\"application\/ld+json\" class=\"yoast-schema-graph\">{\"@context\":\"https:\\\/\\\/schema.org\",\"@graph\":[{\"@type\":\"Article\",\"@id\":\"http:\\\/\\\/www.radiohorizonte.fm\\\/radio\\\/2023\\\/09\\\/22\\\/donde-voto-se-publico-el-padron-definitivo-para-elecciones-2023\\\/#article\",\"isPartOf\":{\"@id\":\"http:\\\/\\\/www.radiohorizonte.fm\\\/radio\\\/2023\\\/09\\\/22\\\/donde-voto-se-publico-el-padron-definitivo-para-elecciones-2023\\\/\"},\"author\":{\"name\":\"Cristian Galarza\",\"@id\":\"http:\\\/\\\/www.radiohorizonte.fm\\\/radio\\\/#\\\/schema\\\/person\\\/f8fa003a405bb86729fd87d15d0ddafa\"},\"headline\":\"D\u00f3nde voto: se public\u00f3 el padr\u00f3n definitivo para elecciones 2023\",\"datePublished\":\"2023-09-22T11:01:52+00:00\",\"mainEntityOfPage\":{\"@id\":\"http:\\\/\\\/www.radiohorizonte.fm\\\/radio\\\/2023\\\/09\\\/22\\\/donde-voto-se-publico-el-padron-definitivo-para-elecciones-2023\\\/\"},\"wordCount\":395,\"publisher\":{\"@id\":\"http:\\\/\\\/www.radiohorizonte.fm\\\/radio\\\/#organization\"},\"image\":{\"@id\":\"http:\\\/\\\/www.radiohorizonte.fm\\\/radio\\\/2023\\\/09\\\/22\\\/donde-voto-se-publico-el-padron-definitivo-para-elecciones-2023\\\/#primaryimage\"},\"thumbnailUrl\":\"http:\\\/\\\/www.radiohorizonte.fm\\\/radio\\\/wp-content\\\/uploads\\\/2019\\\/04\\\/voto.jpg\",\"articleSection\":[\"Noticias\"],\"inLanguage\":\"es-AR\"},{\"@type\":\"WebPage\",\"@id\":\"http:\\\/\\\/www.radiohorizonte.fm\\\/radio\\\/2023\\\/09\\\/22\\\/donde-voto-se-publico-el-padron-definitivo-para-elecciones-2023\\\/\",\"url\":\"http:\\\/\\\/www.radiohorizonte.fm\\\/radio\\\/2023\\\/09\\\/22\\\/donde-voto-se-publico-el-padron-definitivo-para-elecciones-2023\\\/\",\"name\":\"D\u00f3nde voto: se public\u00f3 el padr\u00f3n definitivo para elecciones 2023 - Horizonte\",\"isPartOf\":{\"@id\":\"http:\\\/\\\/www.radiohorizonte.fm\\\/radio\\\/#website\"},\"primaryImageOfPage\":{\"@id\":\"http:\\\/\\\/www.radiohorizonte.fm\\\/radio\\\/2023\\\/09\\\/22\\\/donde-voto-se-publico-el-padron-definitivo-para-elecciones-2023\\\/#primaryimage\"},\"image\":{\"@id\":\"http:\\\/\\\/www.radiohorizonte.fm\\\/radio\\\/2023\\\/09\\\/22\\\/donde-voto-se-publico-el-padron-definitivo-para-elecciones-2023\\\/#primaryimage\"},\"thumbnailUrl\":\"http:\\\/\\\/www.radiohorizonte.fm\\\/radio\\\/wp-content\\\/uploads\\\/2019\\\/04\\\/voto.jpg\",\"datePublished\":\"2023-09-22T11:01:52+00:00\",\"breadcrumb\":{\"@id\":\"http:\\\/\\\/www.radiohorizonte.fm\\\/radio\\\/2023\\\/09\\\/22\\\/donde-voto-se-publico-el-padron-definitivo-para-elecciones-2023\\\/#breadcrumb\"},\"inLanguage\":\"es-AR\",\"potentialAction\":[{\"@type\":\"ReadAction\",\"target\":[\"http:\\\/\\\/www.radiohorizonte.fm\\\/radio\\\/2023\\\/09\\\/22\\\/donde-voto-se-publico-el-padron-definitivo-para-elecciones-2023\\\/\"]}]},{\"@type\":\"ImageObject\",\"inLanguage\":\"es-AR\",\"@id\":\"http:\\\/\\\/www.radiohorizonte.fm\\\/radio\\\/2023\\\/09\\\/22\\\/donde-voto-se-publico-el-padron-definitivo-para-elecciones-2023\\\/#primaryimage\",\"url\":\"http:\\\/\\\/www.radiohorizonte.fm\\\/radio\\\/wp-content\\\/uploads\\\/2019\\\/04\\\/voto.jpg\",\"contentUrl\":\"http:\\\/\\\/www.radiohorizonte.fm\\\/radio\\\/wp-content\\\/uploads\\\/2019\\\/04\\\/voto.jpg\",\"width\":640,\"height\":360},{\"@type\":\"BreadcrumbList\",\"@id\":\"http:\\\/\\\/www.radiohorizonte.fm\\\/radio\\\/2023\\\/09\\\/22\\\/donde-voto-se-publico-el-padron-definitivo-para-elecciones-2023\\\/#breadcrumb\",\"itemListElement\":[{\"@type\":\"ListItem\",\"position\":1,\"name\":\"Home\",\"item\":\"http:\\\/\\\/www.radiohorizonte.fm\\\/radio\\\/\"},{\"@type\":\"ListItem\",\"position\":2,\"name\":\"D\u00f3nde voto: se public\u00f3 el padr\u00f3n definitivo para elecciones 2023\"}]},{\"@type\":\"WebSite\",\"@id\":\"http:\\\/\\\/www.radiohorizonte.fm\\\/radio\\\/#website\",\"url\":\"http:\\\/\\\/www.radiohorizonte.fm\\\/radio\\\/\",\"name\":\"Horizonte\",\"description\":\"Radio Horizonte 106.1 - Una radio de clasicos\",\"publisher\":{\"@id\":\"http:\\\/\\\/www.radiohorizonte.fm\\\/radio\\\/#organization\"},\"potentialAction\":[{\"@type\":\"SearchAction\",\"target\":{\"@type\":\"EntryPoint\",\"urlTemplate\":\"http:\\\/\\\/www.radiohorizonte.fm\\\/radio\\\/?s={search_term_string}\"},\"query-input\":{\"@type\":\"PropertyValueSpecification\",\"valueRequired\":true,\"valueName\":\"search_term_string\"}}],\"inLanguage\":\"es-AR\"},{\"@type\":\"Organization\",\"@id\":\"http:\\\/\\\/www.radiohorizonte.fm\\\/radio\\\/#organization\",\"name\":\"Horizonte\",\"url\":\"http:\\\/\\\/www.radiohorizonte.fm\\\/radio\\\/\",\"logo\":{\"@type\":\"ImageObject\",\"inLanguage\":\"es-AR\",\"@id\":\"http:\\\/\\\/www.radiohorizonte.fm\\\/radio\\\/#\\\/schema\\\/logo\\\/image\\\/\",\"url\":\"http:\\\/\\\/www.radiohorizonte.fm\\\/radio\\\/wp-content\\\/uploads\\\/2025\\\/06\\\/Portada-FM-Horizonte_modelo-imagen-scaled.jpg\",\"contentUrl\":\"http:\\\/\\\/www.radiohorizonte.fm\\\/radio\\\/wp-content\\\/uploads\\\/2025\\\/06\\\/Portada-FM-Horizonte_modelo-imagen-scaled.jpg\",\"width\":2560,\"height\":1056,\"caption\":\"Horizonte\"},\"image\":{\"@id\":\"http:\\\/\\\/www.radiohorizonte.fm\\\/radio\\\/#\\\/schema\\\/logo\\\/image\\\/\"},\"sameAs\":[\"http:\\\/\\\/www.facebook.com\\\/HORIZONTE106.1\",\"https:\\\/\\\/x.com\\\/fmhorizonte1061\"]},{\"@type\":\"Person\",\"@id\":\"http:\\\/\\\/www.radiohorizonte.fm\\\/radio\\\/#\\\/schema\\\/person\\\/f8fa003a405bb86729fd87d15d0ddafa\",\"name\":\"Cristian Galarza\",\"image\":{\"@type\":\"ImageObject\",\"inLanguage\":\"es-AR\",\"@id\":\"https:\\\/\\\/secure.gravatar.com\\\/avatar\\\/fad34bc2c773209c05d7d53b08a69b680eeb55f3be014e52b31643d20ab65925?s=96&d=mm&r=g\",\"url\":\"https:\\\/\\\/secure.gravatar.com\\\/avatar\\\/fad34bc2c773209c05d7d53b08a69b680eeb55f3be014e52b31643d20ab65925?s=96&d=mm&r=g\",\"contentUrl\":\"https:\\\/\\\/secure.gravatar.com\\\/avatar\\\/fad34bc2c773209c05d7d53b08a69b680eeb55f3be014e52b31643d20ab65925?s=96&d=mm&r=g\",\"caption\":\"Cristian Galarza\"},\"url\":\"http:\\\/\\\/www.radiohorizonte.fm\\\/radio\\\/author\\\/cristian\\\/\"}]}<\/script>\n<!-- \/ Yoast SEO plugin. -->","yoast_head_json":{"title":"D\u00f3nde voto: se public\u00f3 el padr\u00f3n definitivo para elecciones 2023 - Horizonte","robots":{"index":"index","follow":"follow","max-snippet":"max-snippet:-1","max-image-preview":"max-image-preview:large","max-video-preview":"max-video-preview:-1"},"canonical":"http:\/\/www.radiohorizonte.fm\/radio\/2023\/09\/22\/donde-voto-se-publico-el-padron-definitivo-para-elecciones-2023\/","og_locale":"es_ES","og_type":"article","og_title":"D\u00f3nde voto: se public\u00f3 el padr\u00f3n definitivo para elecciones 2023 - Horizonte","og_description":"La CNE puso a disposici\u00f3n el listado de electores para las elecciones presidenciales del domingo 22 de octubre; \u00bfc\u00f3mo consultar si es el mismo lugar de votaci\u00f3n que en las PASO? El padr\u00f3n definitivo para las elecciones generales 2023 fue puesto a disposici\u00f3n de la ciudadan\u00eda este viernes 22 de septiembre. A trav\u00e9s del sitio","og_url":"http:\/\/www.radiohorizonte.fm\/radio\/2023\/09\/22\/donde-voto-se-publico-el-padron-definitivo-para-elecciones-2023\/","og_site_name":"Horizonte","article_publisher":"http:\/\/www.facebook.com\/HORIZONTE106.1","article_published_time":"2023-09-22T11:01:52+00:00","og_image":[{"width":640,"height":360,"url":"http:\/\/www.radiohorizonte.fm\/radio\/wp-content\/uploads\/2019\/04\/voto.jpg","type":"image\/jpeg"}],"author":"Cristian Galarza","twitter_card":"summary_large_image","twitter_creator":"@fmhorizonte1061","twitter_site":"@fmhorizonte1061","twitter_misc":{"Escrito por":"Cristian Galarza","Tiempo de lectura":"2 minutos"},"schema":{"@context":"https:\/\/schema.org","@graph":[{"@type":"Article","@id":"http:\/\/www.radiohorizonte.fm\/radio\/2023\/09\/22\/donde-voto-se-publico-el-padron-definitivo-para-elecciones-2023\/#article","isPartOf":{"@id":"http:\/\/www.radiohorizonte.fm\/radio\/2023\/09\/22\/donde-voto-se-publico-el-padron-definitivo-para-elecciones-2023\/"},"author":{"name":"Cristian Galarza","@id":"http:\/\/www.radiohorizonte.fm\/radio\/#\/schema\/person\/f8fa003a405bb86729fd87d15d0ddafa"},"headline":"D\u00f3nde voto: se public\u00f3 el padr\u00f3n definitivo para elecciones 2023","datePublished":"2023-09-22T11:01:52+00:00","mainEntityOfPage":{"@id":"http:\/\/www.radiohorizonte.fm\/radio\/2023\/09\/22\/donde-voto-se-publico-el-padron-definitivo-para-elecciones-2023\/"},"wordCount":395,"publisher":{"@id":"http:\/\/www.radiohorizonte.fm\/radio\/#organization"},"image":{"@id":"http:\/\/www.radiohorizonte.fm\/radio\/2023\/09\/22\/donde-voto-se-publico-el-padron-definitivo-para-elecciones-2023\/#primaryimage"},"thumbnailUrl":"http:\/\/www.radiohorizonte.fm\/radio\/wp-content\/uploads\/2019\/04\/voto.jpg","articleSection":["Noticias"],"inLanguage":"es-AR"},{"@type":"WebPage","@id":"http:\/\/www.radiohorizonte.fm\/radio\/2023\/09\/22\/donde-voto-se-publico-el-padron-definitivo-para-elecciones-2023\/","url":"http:\/\/www.radiohorizonte.fm\/radio\/2023\/09\/22\/donde-voto-se-publico-el-padron-definitivo-para-elecciones-2023\/","name":"D\u00f3nde voto: se public\u00f3 el padr\u00f3n definitivo para elecciones 2023 - Horizonte","isPartOf":{"@id":"http:\/\/www.radiohorizonte.fm\/radio\/#website"},"primaryImageOfPage":{"@id":"http:\/\/www.radiohorizonte.fm\/radio\/2023\/09\/22\/donde-voto-se-publico-el-padron-definitivo-para-elecciones-2023\/#primaryimage"},"image":{"@id":"http:\/\/www.radiohorizonte.fm\/radio\/2023\/09\/22\/donde-voto-se-publico-el-padron-definitivo-para-elecciones-2023\/#primaryimage"},"thumbnailUrl":"http:\/\/www.radiohorizonte.fm\/radio\/wp-content\/uploads\/2019\/04\/voto.jpg","datePublished":"2023-09-22T11:01:52+00:00","breadcrumb":{"@id":"http:\/\/www.radiohorizonte.fm\/radio\/2023\/09\/22\/donde-voto-se-publico-el-padron-definitivo-para-elecciones-2023\/#breadcrumb"},"inLanguage":"es-AR","potentialAction":[{"@type":"ReadAction","target":["http:\/\/www.radiohorizonte.fm\/radio\/2023\/09\/22\/donde-voto-se-publico-el-padron-definitivo-para-elecciones-2023\/"]}]},{"@type":"ImageObject","inLanguage":"es-AR","@id":"http:\/\/www.radiohorizonte.fm\/radio\/2023\/09\/22\/donde-voto-se-publico-el-padron-definitivo-para-elecciones-2023\/#primaryimage","url":"http:\/\/www.radiohorizonte.fm\/radio\/wp-content\/uploads\/2019\/04\/voto.jpg","contentUrl":"http:\/\/www.radiohorizonte.fm\/radio\/wp-content\/uploads\/2019\/04\/voto.jpg","width":640,"height":360},{"@type":"BreadcrumbList","@id":"http:\/\/www.radiohorizonte.fm\/radio\/2023\/09\/22\/donde-voto-se-publico-el-padron-definitivo-para-elecciones-2023\/#breadcrumb","itemListElement":[{"@type":"ListItem","position":1,"name":"Home","item":"http:\/\/www.radiohorizonte.fm\/radio\/"},{"@type":"ListItem","position":2,"name":"D\u00f3nde voto: se public\u00f3 el padr\u00f3n definitivo para elecciones 2023"}]},{"@type":"WebSite","@id":"http:\/\/www.radiohorizonte.fm\/radio\/#website","url":"http:\/\/www.radiohorizonte.fm\/radio\/","name":"Horizonte","description":"Radio Horizonte 106.1 - Una radio de clasicos","publisher":{"@id":"http:\/\/www.radiohorizonte.fm\/radio\/#organization"},"potentialAction":[{"@type":"SearchAction","target":{"@type":"EntryPoint","urlTemplate":"http:\/\/www.radiohorizonte.fm\/radio\/?s={search_term_string}"},"query-input":{"@type":"PropertyValueSpecification","valueRequired":true,"valueName":"search_term_string"}}],"inLanguage":"es-AR"},{"@type":"Organization","@id":"http:\/\/www.radiohorizonte.fm\/radio\/#organization","name":"Horizonte","url":"http:\/\/www.radiohorizonte.fm\/radio\/","logo":{"@type":"ImageObject","inLanguage":"es-AR","@id":"http:\/\/www.radiohorizonte.fm\/radio\/#\/schema\/logo\/image\/","url":"http:\/\/www.radiohorizonte.fm\/radio\/wp-content\/uploads\/2025\/06\/Portada-FM-Horizonte_modelo-imagen-scaled.jpg","contentUrl":"http:\/\/www.radiohorizonte.fm\/radio\/wp-content\/uploads\/2025\/06\/Portada-FM-Horizonte_modelo-imagen-scaled.jpg","width":2560,"height":1056,"caption":"Horizonte"},"image":{"@id":"http:\/\/www.radiohorizonte.fm\/radio\/#\/schema\/logo\/image\/"},"sameAs":["http:\/\/www.facebook.com\/HORIZONTE106.1","https:\/\/x.com\/fmhorizonte1061"]},{"@type":"Person","@id":"http:\/\/www.radiohorizonte.fm\/radio\/#\/schema\/person\/f8fa003a405bb86729fd87d15d0ddafa","name":"Cristian Galarza","image":{"@type":"ImageObject","inLanguage":"es-AR","@id":"https:\/\/secure.gravatar.com\/avatar\/fad34bc2c773209c05d7d53b08a69b680eeb55f3be014e52b31643d20ab65925?s=96&d=mm&r=g","url":"https:\/\/secure.gravatar.com\/avatar\/fad34bc2c773209c05d7d53b08a69b680eeb55f3be014e52b31643d20ab65925?s=96&d=mm&r=g","contentUrl":"https:\/\/secure.gravatar.com\/avatar\/fad34bc2c773209c05d7d53b08a69b680eeb55f3be014e52b31643d20ab65925?s=96&d=mm&r=g","caption":"Cristian Galarza"},"url":"http:\/\/www.radiohorizonte.fm\/radio\/author\/cristian\/"}]}},"_links":{"self":[{"href":"http:\/\/www.radiohorizonte.fm\/radio\/wp-json\/wp\/v2\/posts\/42090","targetHints":{"allow":["GET"]}}],"collection":[{"href":"http:\/\/www.radiohorizonte.fm\/radio\/wp-json\/wp\/v2\/posts"}],"about":[{"href":"http:\/\/www.radiohorizonte.fm\/radio\/wp-json\/wp\/v2\/types\/post"}],"author":[{"embeddable":true,"href":"http:\/\/www.radiohorizonte.fm\/radio\/wp-json\/wp\/v2\/users\/2"}],"replies":[{"embeddable":true,"href":"http:\/\/www.radiohorizonte.fm\/radio\/wp-json\/wp\/v2\/comments?post=42090"}],"version-history":[{"count":1,"href":"http:\/\/www.radiohorizonte.fm\/radio\/wp-json\/wp\/v2\/posts\/42090\/revisions"}],"predecessor-version":[{"id":42091,"href":"http:\/\/www.radiohorizonte.fm\/radio\/wp-json\/wp\/v2\/posts\/42090\/revisions\/42091"}],"wp:featuredmedia":[{"embeddable":true,"href":"http:\/\/www.radiohorizonte.fm\/radio\/wp-json\/wp\/v2\/media\/21080"}],"wp:attachment":[{"href":"http:\/\/www.radiohorizonte.fm\/radio\/wp-json\/wp\/v2\/media?parent=42090"}],"wp:term":[{"taxonomy":"category","embeddable":true,"href":"http:\/\/www.radiohorizonte.fm\/radio\/wp-json\/wp\/v2\/categories?post=42090"},{"taxonomy":"post_tag","embeddable":true,"href":"http:\/\/www.radiohorizonte.fm\/radio\/wp-json\/wp\/v2\/tags?post=42090"}],"curies":[{"name":"wp","href":"https:\/\/api.w.org\/{rel}","templated":true}]}}