{"id":42103,"date":"2023-09-25T07:59:29","date_gmt":"2023-09-25T10:59:29","guid":{"rendered":"http:\/\/www.radiohorizonte.fm\/radio\/?p=42103"},"modified":"2023-09-25T07:59:29","modified_gmt":"2023-09-25T10:59:29","slug":"chocaron-un-policia-durante-un-alocado-escape-en-automovil","status":"publish","type":"post","link":"http:\/\/www.radiohorizonte.fm\/radio\/2023\/09\/25\/chocaron-un-policia-durante-un-alocado-escape-en-automovil\/","title":{"rendered":"Chocaron a un polic\u00eda durante un alocado escape en autom\u00f3vil"},"content":{"rendered":"<p>Dos j\u00f3venes y dos chicas iban en el veh\u00edculo con el cual embistieron a un efectivo motorizado. Comenzaron la fuga cerca de dos locales nocturnos. Iban a alta velocidad y a contramano. Para detenerlos, balearon una de las ruedas y al final impactaron contra un patrullero.<\/p>\n<p><img loading=\"lazy\" decoding=\"async\" class=\"alignnone size-full wp-image-42104\" src=\"http:\/\/www.radiohorizonte.fm\/radio\/wp-content\/uploads\/2023\/09\/1321603w762h582c.jpg.jpg\" alt=\"\" width=\"762\" height=\"582\" srcset=\"http:\/\/www.radiohorizonte.fm\/radio\/wp-content\/uploads\/2023\/09\/1321603w762h582c.jpg.jpg 762w, http:\/\/www.radiohorizonte.fm\/radio\/wp-content\/uploads\/2023\/09\/1321603w762h582c.jpg-300x229.jpg 300w, http:\/\/www.radiohorizonte.fm\/radio\/wp-content\/uploads\/2023\/09\/1321603w762h582c.jpg-65x50.jpg 65w, http:\/\/www.radiohorizonte.fm\/radio\/wp-content\/uploads\/2023\/09\/1321603w762h582c.jpg-262x200.jpg 262w, http:\/\/www.radiohorizonte.fm\/radio\/wp-content\/uploads\/2023\/09\/1321603w762h582c.jpg-85x65.jpg 85w, http:\/\/www.radiohorizonte.fm\/radio\/wp-content\/uploads\/2023\/09\/1321603w762h582c.jpg-164x125.jpg 164w, http:\/\/www.radiohorizonte.fm\/radio\/wp-content\/uploads\/2023\/09\/1321603w762h582c.jpg-90x69.jpg 90w\" sizes=\"auto, (max-width: 762px) 100vw, 762px\" \/><\/p>\n<p>Cuatro j\u00f3venes en autom\u00f3vil, dos varones y dos mujeres, resultaron detenidos ayer al final de una extensa persecuci\u00f3n iniciada en el centro de la ciudad de Corrientes y finalizada en el barrio San Marcos.<\/p>\n<p>En el trayecto embistieron a un polic\u00eda motorizado a quien el conductor amenaz\u00f3 con &#8220;matar&#8221;, mientras por poco no pasaron por arriba.<\/p>\n<p>Para frenar la marcha del veh\u00edculo los efectivos debieron realizar disparos a las ruedas e incluso colisionar con un patrullero.<\/p>\n<p>Como consecuencia de m\u00faltiples golpes un oficial subayudante presenta lesiones en la cabeza, pierna izquierda y columna.<\/p>\n<p>Informaci\u00f3n a la cual accedi\u00f3 diario \u00e9poca puntualiza que alrededor de las 6 un Chevrolet Corsa, tres puertas blanco, circulaba a alta velocidad en zigzag sobre calle Buenos Aires, desde Costanera hasta doblar en Fray Jos\u00e9 de la Quintana, en la esquina de plaza 25 de Mayo, a escasos metros de la Jefatura como de Casa de Gobierno.<\/p>\n<div class=\"1298572-images-embed gallery slick-initialized slick-slider\" data-role=\"m_gallery\"><button class=\"slick-prev slick-arrow\" type=\"button\" aria-label=\"Previous\">Previous<\/button><\/p>\n<div class=\"slick-list draggable\">\n<div class=\"slick-track\">\n<div class=\"image slick-slide slick-current slick-active\" tabindex=\"0\" data-slick-index=\"0\" aria-hidden=\"false\">\n<figure><img decoding=\"async\" src=\"https:\/\/www.diarioepoca.com\/content\/bucket\/3\/1321603h720.jpg.webp\" alt=\"epc250923-014f01.jpg\" \/><figcaption>ANTES DEL AMANECER, EL ULULAR DE SIRENAS SE OY\u00d3 EN BUENA PARTE DE LA CIUDAD.<\/figcaption><\/figure>\n<\/div>\n<div class=\"image slick-slide\" tabindex=\"-1\" data-slick-index=\"1\" aria-hidden=\"true\">\n<figure><img decoding=\"async\" src=\"https:\/\/www.diarioepoca.com\/content\/bucket\/4\/1321604h720.jpg.webp\" alt=\"epc250923-014f02.jpg\" \/><figcaption>EN C\u00cdRCULOS LOS PUNTOS DONDE HICIERON BLANCO LOS DISPAROS INTIMIDATORIOS.<\/figcaption><\/figure>\n<\/div>\n<div class=\"image slick-slide\" tabindex=\"-1\" data-slick-index=\"2\" aria-hidden=\"true\">\n<figure><img decoding=\"async\" src=\"https:\/\/www.diarioepoca.com\/content\/bucket\/5\/1321605h720.jpg.webp\" alt=\"epc250923-014f03.jpg\" \/><figcaption>EL CONDUCTOR HABR\u00cdA AMENAZADO AL POLIC\u00cdA.<\/figcaption><\/figure>\n<\/div>\n<div class=\"image slick-slide\" tabindex=\"-1\" data-slick-index=\"3\" aria-hidden=\"true\">\n<figure><img decoding=\"async\" src=\"https:\/\/www.diarioepoca.com\/content\/bucket\/6\/1321606h720.jpg.webp\" alt=\"epc250923-014f04.jpg\" \/><\/figure>\n<\/div>\n<\/div>\n<\/div>\n<p><button class=\"slick-next slick-arrow\" type=\"button\" aria-label=\"Next\">Next<\/button><\/div>\n<p>En el lugar hab\u00eda muchas personas desconcentrando de dos locales nocturnos, las cuales debieron hacerse a un lado frente a la maniobra peligrosa.<\/p>\n<p>Tres polic\u00edas del Grupo de Respuesta Inmediata Motorizada 1 estaban en el lugar sobre dos motos. Ellos iniciaron la persecuci\u00f3n de los automovilistas presuntamente alcoholizados.<\/p>\n<p>Desde ese momento recorrieron m\u00e1s de cinco kil\u00f3metros en los cuales el autom\u00f3vil transit\u00f3 varias cuadras a contramano.<\/p>\n<p>Tucum\u00e1n, Hip\u00f3lito Yrigoyen, San Luis, Jun\u00edn y Belgrano fueron algunas de las calles en las que circularon con las moto patrullas detr\u00e1s. En ning\u00fan momento desaceleraron, seg\u00fan explicaci\u00f3n de las fuentes consultadas.<\/p>\n<p>Luego de cruzar avenida 3 de Abril se internaron a calle Lisandro Segovia, Carrillo, Gobernador Velazco, Lavalle y Map\u00fa hasta tomar avenida La Paz.<\/p>\n<p>Luego, el auto ingres\u00f3 al barrio San Marcos. All\u00ed, en calle Roque P\u00e9rez y 162 se toparon de frente con una de las motocicletas a la cual colisionaron sin miramiento.<\/p>\n<h2>Embestido<\/h2>\n<p>El oficial de Polic\u00eda que estaba sobre la moto golpe\u00f3 contra el cap\u00f3 del Corsa, dando la cabeza en el parabrisas para despu\u00e9s caer y quedar a nada de ser aplastado puesto que el autom\u00f3vil volvi\u00f3 a arrancar hacia \u00e9l.<\/p>\n<p>En ese instante, el efectivo consigui\u00f3 apartarse, extrajo su arma reglamentaria y efectu\u00f3 algunos disparos &#8220;a la parte baja del veh\u00edculo&#8221; en procura de pinchar los neum\u00e1ticos.<\/p>\n<p>Tres proyectiles hicieron blanco en el cap\u00f3, guardabarro y rueda delantera izquierda. Pese a ello, el grupo de j\u00f3venes no fren\u00f3 la marcha mientras gritaba e insultaba.<\/p>\n<p>En cambio continuaron hacia avenida Maip\u00fa donde finalmente fueron detenidos en la esquina con calle Goya.<\/p>\n<p>Con una camioneta de patrulla de la Comisar\u00eda Segunda debieron chocarlos en el lateral, mientras otros m\u00f3viles sumados al &#8220;operativo cerrojo&#8221; se colocaban adelante y atr\u00e1s.<\/p>\n<p>Las dos muchachas tienen 20 y 23 a\u00f1os, y los dos varones de 21 y 23, este \u00faltimo, el conductor, fue identificado como Dami\u00e1n Gustavo U., domiciliado en el barrio Serantes. Los cuatro quedaron inmediatamente reducidos ilesos.<\/p>\n<p>El oficial Juan Ra\u00fal E. del GRIM 1 necesit\u00f3 de asistencia m\u00e9dica al igual que un segundo efectivo con lesiones mucho m\u00e1s leves.<\/p>\n<p>En la Comisar\u00eda seccional Primera iniciaron la causa bajo conocimiento de la Unidad Fiscal de Recepci\u00f3n y An\u00e1lisis de Casos en turno.<\/p>\n<p>Da\u00f1os a los bienes del Estado, atentado y resistencia a la autoridad agravado, aparte de lesiones y todas las infracciones de tr\u00e1nsito fueron los actos cometidos en la persecuci\u00f3n.<\/p>\n<p>Fuente: Diario \u00c9poca<\/p>\n","protected":false},"excerpt":{"rendered":"<div class=\"post-excerpt\"><p>Dos j\u00f3venes y dos chicas iban en el veh\u00edculo con el cual embistieron a un efectivo motorizado. Comenzaron la fuga cerca de dos locales nocturnos. Iban a alta velocidad y a contramano. Para detenerlos, balearon una de las ruedas y al final impactaron contra un patrullero. Cuatro j\u00f3venes en autom\u00f3vil, dos varones y dos mujeres,<\/p>\n<\/div>","protected":false},"author":2,"featured_media":42104,"comment_status":"closed","ping_status":"closed","sticky":false,"template":"","format":"standard","meta":{"_acf_changed":false,"footnotes":""},"categories":[2],"tags":[],"class_list":["post-42103","post","type-post","status-publish","format-standard","has-post-thumbnail","hentry","category-noticias"],"acf":[],"yoast_head":"<!-- This site is optimized with the Yoast SEO plugin v28.1 - https:\/\/yoast.com\/product\/yoast-seo-wordpress\/ -->\n<title>Chocaron a un polic\u00eda durante un alocado escape en autom\u00f3vil - Horizonte<\/title>\n<meta name=\"robots\" content=\"index, follow, max-snippet:-1, max-image-preview:large, max-video-preview:-1\" \/>\n<link rel=\"canonical\" href=\"http:\/\/www.radiohorizonte.fm\/radio\/2023\/09\/25\/chocaron-un-policia-durante-un-alocado-escape-en-automovil\/\" \/>\n<meta property=\"og:locale\" content=\"es_ES\" \/>\n<meta property=\"og:type\" content=\"article\" \/>\n<meta property=\"og:title\" content=\"Chocaron a un polic\u00eda durante un alocado escape en autom\u00f3vil - Horizonte\" \/>\n<meta property=\"og:description\" content=\"Dos j\u00f3venes y dos chicas iban en el veh\u00edculo con el cual embistieron a un efectivo motorizado. Comenzaron la fuga cerca de dos locales nocturnos. Iban a alta velocidad y a contramano. Para detenerlos, balearon una de las ruedas y al final impactaron contra un patrullero. Cuatro j\u00f3venes en autom\u00f3vil, dos varones y dos mujeres,\" \/>\n<meta property=\"og:url\" content=\"http:\/\/www.radiohorizonte.fm\/radio\/2023\/09\/25\/chocaron-un-policia-durante-un-alocado-escape-en-automovil\/\" \/>\n<meta property=\"og:site_name\" content=\"Horizonte\" \/>\n<meta property=\"article:publisher\" content=\"http:\/\/www.facebook.com\/HORIZONTE106.1\" \/>\n<meta property=\"article:published_time\" content=\"2023-09-25T10:59:29+00:00\" \/>\n<meta property=\"og:image\" content=\"http:\/\/www.radiohorizonte.fm\/radio\/wp-content\/uploads\/2023\/09\/1321603w762h582c.jpg.jpg\" \/>\n\t<meta property=\"og:image:width\" content=\"762\" \/>\n\t<meta property=\"og:image:height\" content=\"582\" \/>\n\t<meta property=\"og:image:type\" content=\"image\/jpeg\" \/>\n<meta name=\"author\" content=\"Cristian Galarza\" \/>\n<meta name=\"twitter:card\" content=\"summary_large_image\" \/>\n<meta name=\"twitter:creator\" content=\"@fmhorizonte1061\" \/>\n<meta name=\"twitter:site\" content=\"@fmhorizonte1061\" \/>\n<meta name=\"twitter:label1\" content=\"Escrito por\" \/>\n\t<meta name=\"twitter:data1\" content=\"Cristian Galarza\" \/>\n\t<meta name=\"twitter:label2\" content=\"Tiempo de lectura\" \/>\n\t<meta name=\"twitter:data2\" content=\"3 minutos\" \/>\n<script type=\"application\/ld+json\" class=\"yoast-schema-graph\">{\"@context\":\"https:\\\/\\\/schema.org\",\"@graph\":[{\"@type\":\"Article\",\"@id\":\"http:\\\/\\\/www.radiohorizonte.fm\\\/radio\\\/2023\\\/09\\\/25\\\/chocaron-un-policia-durante-un-alocado-escape-en-automovil\\\/#article\",\"isPartOf\":{\"@id\":\"http:\\\/\\\/www.radiohorizonte.fm\\\/radio\\\/2023\\\/09\\\/25\\\/chocaron-un-policia-durante-un-alocado-escape-en-automovil\\\/\"},\"author\":{\"name\":\"Cristian Galarza\",\"@id\":\"http:\\\/\\\/www.radiohorizonte.fm\\\/radio\\\/#\\\/schema\\\/person\\\/f8fa003a405bb86729fd87d15d0ddafa\"},\"headline\":\"Chocaron a un polic\u00eda durante un alocado escape en autom\u00f3vil\",\"datePublished\":\"2023-09-25T10:59:29+00:00\",\"mainEntityOfPage\":{\"@id\":\"http:\\\/\\\/www.radiohorizonte.fm\\\/radio\\\/2023\\\/09\\\/25\\\/chocaron-un-policia-durante-un-alocado-escape-en-automovil\\\/\"},\"wordCount\":681,\"publisher\":{\"@id\":\"http:\\\/\\\/www.radiohorizonte.fm\\\/radio\\\/#organization\"},\"image\":{\"@id\":\"http:\\\/\\\/www.radiohorizonte.fm\\\/radio\\\/2023\\\/09\\\/25\\\/chocaron-un-policia-durante-un-alocado-escape-en-automovil\\\/#primaryimage\"},\"thumbnailUrl\":\"http:\\\/\\\/www.radiohorizonte.fm\\\/radio\\\/wp-content\\\/uploads\\\/2023\\\/09\\\/1321603w762h582c.jpg.jpg\",\"articleSection\":[\"Noticias\"],\"inLanguage\":\"es-AR\"},{\"@type\":\"WebPage\",\"@id\":\"http:\\\/\\\/www.radiohorizonte.fm\\\/radio\\\/2023\\\/09\\\/25\\\/chocaron-un-policia-durante-un-alocado-escape-en-automovil\\\/\",\"url\":\"http:\\\/\\\/www.radiohorizonte.fm\\\/radio\\\/2023\\\/09\\\/25\\\/chocaron-un-policia-durante-un-alocado-escape-en-automovil\\\/\",\"name\":\"Chocaron a un polic\u00eda durante un alocado escape en autom\u00f3vil - Horizonte\",\"isPartOf\":{\"@id\":\"http:\\\/\\\/www.radiohorizonte.fm\\\/radio\\\/#website\"},\"primaryImageOfPage\":{\"@id\":\"http:\\\/\\\/www.radiohorizonte.fm\\\/radio\\\/2023\\\/09\\\/25\\\/chocaron-un-policia-durante-un-alocado-escape-en-automovil\\\/#primaryimage\"},\"image\":{\"@id\":\"http:\\\/\\\/www.radiohorizonte.fm\\\/radio\\\/2023\\\/09\\\/25\\\/chocaron-un-policia-durante-un-alocado-escape-en-automovil\\\/#primaryimage\"},\"thumbnailUrl\":\"http:\\\/\\\/www.radiohorizonte.fm\\\/radio\\\/wp-content\\\/uploads\\\/2023\\\/09\\\/1321603w762h582c.jpg.jpg\",\"datePublished\":\"2023-09-25T10:59:29+00:00\",\"breadcrumb\":{\"@id\":\"http:\\\/\\\/www.radiohorizonte.fm\\\/radio\\\/2023\\\/09\\\/25\\\/chocaron-un-policia-durante-un-alocado-escape-en-automovil\\\/#breadcrumb\"},\"inLanguage\":\"es-AR\",\"potentialAction\":[{\"@type\":\"ReadAction\",\"target\":[\"http:\\\/\\\/www.radiohorizonte.fm\\\/radio\\\/2023\\\/09\\\/25\\\/chocaron-un-policia-durante-un-alocado-escape-en-automovil\\\/\"]}]},{\"@type\":\"ImageObject\",\"inLanguage\":\"es-AR\",\"@id\":\"http:\\\/\\\/www.radiohorizonte.fm\\\/radio\\\/2023\\\/09\\\/25\\\/chocaron-un-policia-durante-un-alocado-escape-en-automovil\\\/#primaryimage\",\"url\":\"http:\\\/\\\/www.radiohorizonte.fm\\\/radio\\\/wp-content\\\/uploads\\\/2023\\\/09\\\/1321603w762h582c.jpg.jpg\",\"contentUrl\":\"http:\\\/\\\/www.radiohorizonte.fm\\\/radio\\\/wp-content\\\/uploads\\\/2023\\\/09\\\/1321603w762h582c.jpg.jpg\",\"width\":762,\"height\":582},{\"@type\":\"BreadcrumbList\",\"@id\":\"http:\\\/\\\/www.radiohorizonte.fm\\\/radio\\\/2023\\\/09\\\/25\\\/chocaron-un-policia-durante-un-alocado-escape-en-automovil\\\/#breadcrumb\",\"itemListElement\":[{\"@type\":\"ListItem\",\"position\":1,\"name\":\"Home\",\"item\":\"http:\\\/\\\/www.radiohorizonte.fm\\\/radio\\\/\"},{\"@type\":\"ListItem\",\"position\":2,\"name\":\"Chocaron a un polic\u00eda durante un alocado escape en autom\u00f3vil\"}]},{\"@type\":\"WebSite\",\"@id\":\"http:\\\/\\\/www.radiohorizonte.fm\\\/radio\\\/#website\",\"url\":\"http:\\\/\\\/www.radiohorizonte.fm\\\/radio\\\/\",\"name\":\"Horizonte\",\"description\":\"Radio Horizonte 106.1 - Una radio de clasicos\",\"publisher\":{\"@id\":\"http:\\\/\\\/www.radiohorizonte.fm\\\/radio\\\/#organization\"},\"potentialAction\":[{\"@type\":\"SearchAction\",\"target\":{\"@type\":\"EntryPoint\",\"urlTemplate\":\"http:\\\/\\\/www.radiohorizonte.fm\\\/radio\\\/?s={search_term_string}\"},\"query-input\":{\"@type\":\"PropertyValueSpecification\",\"valueRequired\":true,\"valueName\":\"search_term_string\"}}],\"inLanguage\":\"es-AR\"},{\"@type\":\"Organization\",\"@id\":\"http:\\\/\\\/www.radiohorizonte.fm\\\/radio\\\/#organization\",\"name\":\"Horizonte\",\"url\":\"http:\\\/\\\/www.radiohorizonte.fm\\\/radio\\\/\",\"logo\":{\"@type\":\"ImageObject\",\"inLanguage\":\"es-AR\",\"@id\":\"http:\\\/\\\/www.radiohorizonte.fm\\\/radio\\\/#\\\/schema\\\/logo\\\/image\\\/\",\"url\":\"http:\\\/\\\/www.radiohorizonte.fm\\\/radio\\\/wp-content\\\/uploads\\\/2025\\\/06\\\/Portada-FM-Horizonte_modelo-imagen-scaled.jpg\",\"contentUrl\":\"http:\\\/\\\/www.radiohorizonte.fm\\\/radio\\\/wp-content\\\/uploads\\\/2025\\\/06\\\/Portada-FM-Horizonte_modelo-imagen-scaled.jpg\",\"width\":2560,\"height\":1056,\"caption\":\"Horizonte\"},\"image\":{\"@id\":\"http:\\\/\\\/www.radiohorizonte.fm\\\/radio\\\/#\\\/schema\\\/logo\\\/image\\\/\"},\"sameAs\":[\"http:\\\/\\\/www.facebook.com\\\/HORIZONTE106.1\",\"https:\\\/\\\/x.com\\\/fmhorizonte1061\"]},{\"@type\":\"Person\",\"@id\":\"http:\\\/\\\/www.radiohorizonte.fm\\\/radio\\\/#\\\/schema\\\/person\\\/f8fa003a405bb86729fd87d15d0ddafa\",\"name\":\"Cristian Galarza\",\"image\":{\"@type\":\"ImageObject\",\"inLanguage\":\"es-AR\",\"@id\":\"https:\\\/\\\/secure.gravatar.com\\\/avatar\\\/fad34bc2c773209c05d7d53b08a69b680eeb55f3be014e52b31643d20ab65925?s=96&d=mm&r=g\",\"url\":\"https:\\\/\\\/secure.gravatar.com\\\/avatar\\\/fad34bc2c773209c05d7d53b08a69b680eeb55f3be014e52b31643d20ab65925?s=96&d=mm&r=g\",\"contentUrl\":\"https:\\\/\\\/secure.gravatar.com\\\/avatar\\\/fad34bc2c773209c05d7d53b08a69b680eeb55f3be014e52b31643d20ab65925?s=96&d=mm&r=g\",\"caption\":\"Cristian Galarza\"},\"url\":\"http:\\\/\\\/www.radiohorizonte.fm\\\/radio\\\/author\\\/cristian\\\/\"}]}<\/script>\n<!-- \/ Yoast SEO plugin. -->","yoast_head_json":{"title":"Chocaron a un polic\u00eda durante un alocado escape en autom\u00f3vil - Horizonte","robots":{"index":"index","follow":"follow","max-snippet":"max-snippet:-1","max-image-preview":"max-image-preview:large","max-video-preview":"max-video-preview:-1"},"canonical":"http:\/\/www.radiohorizonte.fm\/radio\/2023\/09\/25\/chocaron-un-policia-durante-un-alocado-escape-en-automovil\/","og_locale":"es_ES","og_type":"article","og_title":"Chocaron a un polic\u00eda durante un alocado escape en autom\u00f3vil - Horizonte","og_description":"Dos j\u00f3venes y dos chicas iban en el veh\u00edculo con el cual embistieron a un efectivo motorizado. Comenzaron la fuga cerca de dos locales nocturnos. Iban a alta velocidad y a contramano. Para detenerlos, balearon una de las ruedas y al final impactaron contra un patrullero. Cuatro j\u00f3venes en autom\u00f3vil, dos varones y dos mujeres,","og_url":"http:\/\/www.radiohorizonte.fm\/radio\/2023\/09\/25\/chocaron-un-policia-durante-un-alocado-escape-en-automovil\/","og_site_name":"Horizonte","article_publisher":"http:\/\/www.facebook.com\/HORIZONTE106.1","article_published_time":"2023-09-25T10:59:29+00:00","og_image":[{"width":762,"height":582,"url":"http:\/\/www.radiohorizonte.fm\/radio\/wp-content\/uploads\/2023\/09\/1321603w762h582c.jpg.jpg","type":"image\/jpeg"}],"author":"Cristian Galarza","twitter_card":"summary_large_image","twitter_creator":"@fmhorizonte1061","twitter_site":"@fmhorizonte1061","twitter_misc":{"Escrito por":"Cristian Galarza","Tiempo de lectura":"3 minutos"},"schema":{"@context":"https:\/\/schema.org","@graph":[{"@type":"Article","@id":"http:\/\/www.radiohorizonte.fm\/radio\/2023\/09\/25\/chocaron-un-policia-durante-un-alocado-escape-en-automovil\/#article","isPartOf":{"@id":"http:\/\/www.radiohorizonte.fm\/radio\/2023\/09\/25\/chocaron-un-policia-durante-un-alocado-escape-en-automovil\/"},"author":{"name":"Cristian Galarza","@id":"http:\/\/www.radiohorizonte.fm\/radio\/#\/schema\/person\/f8fa003a405bb86729fd87d15d0ddafa"},"headline":"Chocaron a un polic\u00eda durante un alocado escape en autom\u00f3vil","datePublished":"2023-09-25T10:59:29+00:00","mainEntityOfPage":{"@id":"http:\/\/www.radiohorizonte.fm\/radio\/2023\/09\/25\/chocaron-un-policia-durante-un-alocado-escape-en-automovil\/"},"wordCount":681,"publisher":{"@id":"http:\/\/www.radiohorizonte.fm\/radio\/#organization"},"image":{"@id":"http:\/\/www.radiohorizonte.fm\/radio\/2023\/09\/25\/chocaron-un-policia-durante-un-alocado-escape-en-automovil\/#primaryimage"},"thumbnailUrl":"http:\/\/www.radiohorizonte.fm\/radio\/wp-content\/uploads\/2023\/09\/1321603w762h582c.jpg.jpg","articleSection":["Noticias"],"inLanguage":"es-AR"},{"@type":"WebPage","@id":"http:\/\/www.radiohorizonte.fm\/radio\/2023\/09\/25\/chocaron-un-policia-durante-un-alocado-escape-en-automovil\/","url":"http:\/\/www.radiohorizonte.fm\/radio\/2023\/09\/25\/chocaron-un-policia-durante-un-alocado-escape-en-automovil\/","name":"Chocaron a un polic\u00eda durante un alocado escape en autom\u00f3vil - Horizonte","isPartOf":{"@id":"http:\/\/www.radiohorizonte.fm\/radio\/#website"},"primaryImageOfPage":{"@id":"http:\/\/www.radiohorizonte.fm\/radio\/2023\/09\/25\/chocaron-un-policia-durante-un-alocado-escape-en-automovil\/#primaryimage"},"image":{"@id":"http:\/\/www.radiohorizonte.fm\/radio\/2023\/09\/25\/chocaron-un-policia-durante-un-alocado-escape-en-automovil\/#primaryimage"},"thumbnailUrl":"http:\/\/www.radiohorizonte.fm\/radio\/wp-content\/uploads\/2023\/09\/1321603w762h582c.jpg.jpg","datePublished":"2023-09-25T10:59:29+00:00","breadcrumb":{"@id":"http:\/\/www.radiohorizonte.fm\/radio\/2023\/09\/25\/chocaron-un-policia-durante-un-alocado-escape-en-automovil\/#breadcrumb"},"inLanguage":"es-AR","potentialAction":[{"@type":"ReadAction","target":["http:\/\/www.radiohorizonte.fm\/radio\/2023\/09\/25\/chocaron-un-policia-durante-un-alocado-escape-en-automovil\/"]}]},{"@type":"ImageObject","inLanguage":"es-AR","@id":"http:\/\/www.radiohorizonte.fm\/radio\/2023\/09\/25\/chocaron-un-policia-durante-un-alocado-escape-en-automovil\/#primaryimage","url":"http:\/\/www.radiohorizonte.fm\/radio\/wp-content\/uploads\/2023\/09\/1321603w762h582c.jpg.jpg","contentUrl":"http:\/\/www.radiohorizonte.fm\/radio\/wp-content\/uploads\/2023\/09\/1321603w762h582c.jpg.jpg","width":762,"height":582},{"@type":"BreadcrumbList","@id":"http:\/\/www.radiohorizonte.fm\/radio\/2023\/09\/25\/chocaron-un-policia-durante-un-alocado-escape-en-automovil\/#breadcrumb","itemListElement":[{"@type":"ListItem","position":1,"name":"Home","item":"http:\/\/www.radiohorizonte.fm\/radio\/"},{"@type":"ListItem","position":2,"name":"Chocaron a un polic\u00eda durante un alocado escape en autom\u00f3vil"}]},{"@type":"WebSite","@id":"http:\/\/www.radiohorizonte.fm\/radio\/#website","url":"http:\/\/www.radiohorizonte.fm\/radio\/","name":"Horizonte","description":"Radio Horizonte 106.1 - Una radio de clasicos","publisher":{"@id":"http:\/\/www.radiohorizonte.fm\/radio\/#organization"},"potentialAction":[{"@type":"SearchAction","target":{"@type":"EntryPoint","urlTemplate":"http:\/\/www.radiohorizonte.fm\/radio\/?s={search_term_string}"},"query-input":{"@type":"PropertyValueSpecification","valueRequired":true,"valueName":"search_term_string"}}],"inLanguage":"es-AR"},{"@type":"Organization","@id":"http:\/\/www.radiohorizonte.fm\/radio\/#organization","name":"Horizonte","url":"http:\/\/www.radiohorizonte.fm\/radio\/","logo":{"@type":"ImageObject","inLanguage":"es-AR","@id":"http:\/\/www.radiohorizonte.fm\/radio\/#\/schema\/logo\/image\/","url":"http:\/\/www.radiohorizonte.fm\/radio\/wp-content\/uploads\/2025\/06\/Portada-FM-Horizonte_modelo-imagen-scaled.jpg","contentUrl":"http:\/\/www.radiohorizonte.fm\/radio\/wp-content\/uploads\/2025\/06\/Portada-FM-Horizonte_modelo-imagen-scaled.jpg","width":2560,"height":1056,"caption":"Horizonte"},"image":{"@id":"http:\/\/www.radiohorizonte.fm\/radio\/#\/schema\/logo\/image\/"},"sameAs":["http:\/\/www.facebook.com\/HORIZONTE106.1","https:\/\/x.com\/fmhorizonte1061"]},{"@type":"Person","@id":"http:\/\/www.radiohorizonte.fm\/radio\/#\/schema\/person\/f8fa003a405bb86729fd87d15d0ddafa","name":"Cristian Galarza","image":{"@type":"ImageObject","inLanguage":"es-AR","@id":"https:\/\/secure.gravatar.com\/avatar\/fad34bc2c773209c05d7d53b08a69b680eeb55f3be014e52b31643d20ab65925?s=96&d=mm&r=g","url":"https:\/\/secure.gravatar.com\/avatar\/fad34bc2c773209c05d7d53b08a69b680eeb55f3be014e52b31643d20ab65925?s=96&d=mm&r=g","contentUrl":"https:\/\/secure.gravatar.com\/avatar\/fad34bc2c773209c05d7d53b08a69b680eeb55f3be014e52b31643d20ab65925?s=96&d=mm&r=g","caption":"Cristian Galarza"},"url":"http:\/\/www.radiohorizonte.fm\/radio\/author\/cristian\/"}]}},"_links":{"self":[{"href":"http:\/\/www.radiohorizonte.fm\/radio\/wp-json\/wp\/v2\/posts\/42103","targetHints":{"allow":["GET"]}}],"collection":[{"href":"http:\/\/www.radiohorizonte.fm\/radio\/wp-json\/wp\/v2\/posts"}],"about":[{"href":"http:\/\/www.radiohorizonte.fm\/radio\/wp-json\/wp\/v2\/types\/post"}],"author":[{"embeddable":true,"href":"http:\/\/www.radiohorizonte.fm\/radio\/wp-json\/wp\/v2\/users\/2"}],"replies":[{"embeddable":true,"href":"http:\/\/www.radiohorizonte.fm\/radio\/wp-json\/wp\/v2\/comments?post=42103"}],"version-history":[{"count":1,"href":"http:\/\/www.radiohorizonte.fm\/radio\/wp-json\/wp\/v2\/posts\/42103\/revisions"}],"predecessor-version":[{"id":42105,"href":"http:\/\/www.radiohorizonte.fm\/radio\/wp-json\/wp\/v2\/posts\/42103\/revisions\/42105"}],"wp:featuredmedia":[{"embeddable":true,"href":"http:\/\/www.radiohorizonte.fm\/radio\/wp-json\/wp\/v2\/media\/42104"}],"wp:attachment":[{"href":"http:\/\/www.radiohorizonte.fm\/radio\/wp-json\/wp\/v2\/media?parent=42103"}],"wp:term":[{"taxonomy":"category","embeddable":true,"href":"http:\/\/www.radiohorizonte.fm\/radio\/wp-json\/wp\/v2\/categories?post=42103"},{"taxonomy":"post_tag","embeddable":true,"href":"http:\/\/www.radiohorizonte.fm\/radio\/wp-json\/wp\/v2\/tags?post=42103"}],"curies":[{"name":"wp","href":"https:\/\/api.w.org\/{rel}","templated":true}]}}