{"id":42108,"date":"2023-09-25T09:44:16","date_gmt":"2023-09-25T12:44:16","guid":{"rendered":"http:\/\/www.radiohorizonte.fm\/radio\/?p=42108"},"modified":"2023-09-25T09:44:16","modified_gmt":"2023-09-25T12:44:16","slug":"la-mayoria-de-los-negocios-cerrados-por-el-dia-del-empleado-de-comercio","status":"publish","type":"post","link":"http:\/\/www.radiohorizonte.fm\/radio\/2023\/09\/25\/la-mayoria-de-los-negocios-cerrados-por-el-dia-del-empleado-de-comercio\/","title":{"rendered":"La mayor\u00eda de los negocios cerrados por el d\u00eda del empleado de comercio"},"content":{"rendered":"<p>Se celebra cada 26 de septiembre, pero se determin\u00f3 que este a\u00f1o sea el lunes 25, para que sea un fin de semana largo.<br \/>\n<img loading=\"lazy\" decoding=\"async\" src=\"http:\/\/www.radiohorizonte.fm\/radio\/wp-content\/uploads\/2023\/09\/370162w380h262c.jpg.jpg\" alt=\"\" width=\"380\" height=\"262\" class=\"alignnone size-full wp-image-42109\" srcset=\"http:\/\/www.radiohorizonte.fm\/radio\/wp-content\/uploads\/2023\/09\/370162w380h262c.jpg.jpg 380w, http:\/\/www.radiohorizonte.fm\/radio\/wp-content\/uploads\/2023\/09\/370162w380h262c.jpg-300x207.jpg 300w, http:\/\/www.radiohorizonte.fm\/radio\/wp-content\/uploads\/2023\/09\/370162w380h262c.jpg-65x45.jpg 65w, http:\/\/www.radiohorizonte.fm\/radio\/wp-content\/uploads\/2023\/09\/370162w380h262c.jpg-290x200.jpg 290w, http:\/\/www.radiohorizonte.fm\/radio\/wp-content\/uploads\/2023\/09\/370162w380h262c.jpg-85x59.jpg 85w, http:\/\/www.radiohorizonte.fm\/radio\/wp-content\/uploads\/2023\/09\/370162w380h262c.jpg-181x125.jpg 181w, http:\/\/www.radiohorizonte.fm\/radio\/wp-content\/uploads\/2023\/09\/370162w380h262c.jpg-90x62.jpg 90w\" sizes=\"auto, (max-width: 380px) 100vw, 380px\" \/><\/p>\n<p>La Federaci\u00f3n Argentina de Empleados de Comercio y Servicios (Faecys) anunci\u00f3 que se cambi\u00f3 la fecha del feriado por el D\u00eda del Empleado de Comercio para m\u00e1s de 1,2 millones de personas, alcanzadas por la convenci\u00f3n colectiva de trabajo 130\/75. Originalmente se celebra cada 26 de septiembre, pero se determin\u00f3 que este a\u00f1o se conmemore un d\u00eda antes, para que sea un fin de semana largo para los trabajadores de este sector.<\/p>\n<p>Es por ello que la mayor\u00eda de los comercios en todo el pa\u00eds, y en la provincia, las grandes cadenas de supermercados y los centros comerciales no abrir\u00e1n hoy sus puertas durante toda la jornada.<\/p>\n<p>Por otro lado, el presidente de la Asociaci\u00f3n de la Producci\u00f3n, Industria y Comercio de Corrientes (Apicc), contador Augusto Massochi, dijo a NORTE de Corrientes que &#8220;en la provincia ning\u00fan empleado de comercio trabajar\u00e1 este lunes 25, es feriado para ellos. Los negocios que abren ser\u00e1n atendidos por sus due\u00f1os&#8221;.<\/p>\n<p>De esta manera, a nivel nacional un total de 20 c\u00e1maras y federaciones que nuclean las actividades patrocinadas por la Faecys no prestar\u00e1n servicios hoy, y son las siguientes entidades: la Comisi\u00f3n Coordinadora Patronal de Actividades Mercantiles, la Confederaci\u00f3n del Comercio de la Rep\u00fablica Argentina, C\u00e1mara Argentina de Comercio, C\u00e1mara de Comerciantes Mayoristas, C\u00e1mara Argentina de Sociedades de Cr\u00e9dito para Consumo, C\u00e1mara Argentina de Compa\u00f1\u00edas Financieras, C\u00e1mara Argentina de Empresas Vendedoras de Terrenos, C\u00e1mara Argentina de la Propiedad Horizontal, C\u00e1mara Argentina de Agentes de Bienes Ra\u00edces, y la C\u00e1mara Argentina de Maquinas de Oficinas Comerciales y Afines, entre otros.<\/p>\n","protected":false},"excerpt":{"rendered":"<div class=\"post-excerpt\"><p>Se celebra cada 26 de septiembre, pero se determin\u00f3 que este a\u00f1o sea el lunes 25, para que sea un fin de semana largo. La Federaci\u00f3n Argentina de Empleados de Comercio y Servicios (Faecys) anunci\u00f3 que se cambi\u00f3 la fecha del feriado por el D\u00eda del Empleado de Comercio para m\u00e1s de 1,2 millones de<\/p>\n<\/div>","protected":false},"author":2,"featured_media":42109,"comment_status":"closed","ping_status":"closed","sticky":false,"template":"","format":"standard","meta":{"_acf_changed":false,"footnotes":""},"categories":[2],"tags":[],"class_list":["post-42108","post","type-post","status-publish","format-standard","has-post-thumbnail","hentry","category-noticias"],"acf":[],"yoast_head":"<!-- This site is optimized with the Yoast SEO plugin v28.1 - https:\/\/yoast.com\/product\/yoast-seo-wordpress\/ -->\n<title>La mayor\u00eda de los negocios cerrados por el d\u00eda del empleado de comercio - Horizonte<\/title>\n<meta name=\"robots\" content=\"index, follow, max-snippet:-1, max-image-preview:large, max-video-preview:-1\" \/>\n<link rel=\"canonical\" href=\"http:\/\/www.radiohorizonte.fm\/radio\/2023\/09\/25\/la-mayoria-de-los-negocios-cerrados-por-el-dia-del-empleado-de-comercio\/\" \/>\n<meta property=\"og:locale\" content=\"es_ES\" \/>\n<meta property=\"og:type\" content=\"article\" \/>\n<meta property=\"og:title\" content=\"La mayor\u00eda de los negocios cerrados por el d\u00eda del empleado de comercio - Horizonte\" \/>\n<meta property=\"og:description\" content=\"Se celebra cada 26 de septiembre, pero se determin\u00f3 que este a\u00f1o sea el lunes 25, para que sea un fin de semana largo. La Federaci\u00f3n Argentina de Empleados de Comercio y Servicios (Faecys) anunci\u00f3 que se cambi\u00f3 la fecha del feriado por el D\u00eda del Empleado de Comercio para m\u00e1s de 1,2 millones de\" \/>\n<meta property=\"og:url\" content=\"http:\/\/www.radiohorizonte.fm\/radio\/2023\/09\/25\/la-mayoria-de-los-negocios-cerrados-por-el-dia-del-empleado-de-comercio\/\" \/>\n<meta property=\"og:site_name\" content=\"Horizonte\" \/>\n<meta property=\"article:publisher\" content=\"http:\/\/www.facebook.com\/HORIZONTE106.1\" \/>\n<meta property=\"article:published_time\" content=\"2023-09-25T12:44:16+00:00\" \/>\n<meta property=\"og:image\" content=\"http:\/\/www.radiohorizonte.fm\/radio\/wp-content\/uploads\/2023\/09\/370162w380h262c.jpg.jpg\" \/>\n\t<meta property=\"og:image:width\" content=\"380\" \/>\n\t<meta property=\"og:image:height\" content=\"262\" \/>\n\t<meta property=\"og:image:type\" content=\"image\/jpeg\" \/>\n<meta name=\"author\" content=\"Cristian Galarza\" \/>\n<meta name=\"twitter:card\" content=\"summary_large_image\" \/>\n<meta name=\"twitter:creator\" content=\"@fmhorizonte1061\" \/>\n<meta name=\"twitter:site\" content=\"@fmhorizonte1061\" \/>\n<meta name=\"twitter:label1\" content=\"Escrito por\" \/>\n\t<meta name=\"twitter:data1\" content=\"Cristian Galarza\" \/>\n\t<meta name=\"twitter:label2\" content=\"Tiempo de lectura\" \/>\n\t<meta name=\"twitter:data2\" content=\"2 minutos\" \/>\n<script type=\"application\/ld+json\" class=\"yoast-schema-graph\">{\"@context\":\"https:\\\/\\\/schema.org\",\"@graph\":[{\"@type\":\"Article\",\"@id\":\"http:\\\/\\\/www.radiohorizonte.fm\\\/radio\\\/2023\\\/09\\\/25\\\/la-mayoria-de-los-negocios-cerrados-por-el-dia-del-empleado-de-comercio\\\/#article\",\"isPartOf\":{\"@id\":\"http:\\\/\\\/www.radiohorizonte.fm\\\/radio\\\/2023\\\/09\\\/25\\\/la-mayoria-de-los-negocios-cerrados-por-el-dia-del-empleado-de-comercio\\\/\"},\"author\":{\"name\":\"Cristian Galarza\",\"@id\":\"http:\\\/\\\/www.radiohorizonte.fm\\\/radio\\\/#\\\/schema\\\/person\\\/f8fa003a405bb86729fd87d15d0ddafa\"},\"headline\":\"La mayor\u00eda de los negocios cerrados por el d\u00eda del empleado de comercio\",\"datePublished\":\"2023-09-25T12:44:16+00:00\",\"mainEntityOfPage\":{\"@id\":\"http:\\\/\\\/www.radiohorizonte.fm\\\/radio\\\/2023\\\/09\\\/25\\\/la-mayoria-de-los-negocios-cerrados-por-el-dia-del-empleado-de-comercio\\\/\"},\"wordCount\":319,\"publisher\":{\"@id\":\"http:\\\/\\\/www.radiohorizonte.fm\\\/radio\\\/#organization\"},\"image\":{\"@id\":\"http:\\\/\\\/www.radiohorizonte.fm\\\/radio\\\/2023\\\/09\\\/25\\\/la-mayoria-de-los-negocios-cerrados-por-el-dia-del-empleado-de-comercio\\\/#primaryimage\"},\"thumbnailUrl\":\"http:\\\/\\\/www.radiohorizonte.fm\\\/radio\\\/wp-content\\\/uploads\\\/2023\\\/09\\\/370162w380h262c.jpg.jpg\",\"articleSection\":[\"Noticias\"],\"inLanguage\":\"es-AR\"},{\"@type\":\"WebPage\",\"@id\":\"http:\\\/\\\/www.radiohorizonte.fm\\\/radio\\\/2023\\\/09\\\/25\\\/la-mayoria-de-los-negocios-cerrados-por-el-dia-del-empleado-de-comercio\\\/\",\"url\":\"http:\\\/\\\/www.radiohorizonte.fm\\\/radio\\\/2023\\\/09\\\/25\\\/la-mayoria-de-los-negocios-cerrados-por-el-dia-del-empleado-de-comercio\\\/\",\"name\":\"La mayor\u00eda de los negocios cerrados por el d\u00eda del empleado de comercio - Horizonte\",\"isPartOf\":{\"@id\":\"http:\\\/\\\/www.radiohorizonte.fm\\\/radio\\\/#website\"},\"primaryImageOfPage\":{\"@id\":\"http:\\\/\\\/www.radiohorizonte.fm\\\/radio\\\/2023\\\/09\\\/25\\\/la-mayoria-de-los-negocios-cerrados-por-el-dia-del-empleado-de-comercio\\\/#primaryimage\"},\"image\":{\"@id\":\"http:\\\/\\\/www.radiohorizonte.fm\\\/radio\\\/2023\\\/09\\\/25\\\/la-mayoria-de-los-negocios-cerrados-por-el-dia-del-empleado-de-comercio\\\/#primaryimage\"},\"thumbnailUrl\":\"http:\\\/\\\/www.radiohorizonte.fm\\\/radio\\\/wp-content\\\/uploads\\\/2023\\\/09\\\/370162w380h262c.jpg.jpg\",\"datePublished\":\"2023-09-25T12:44:16+00:00\",\"breadcrumb\":{\"@id\":\"http:\\\/\\\/www.radiohorizonte.fm\\\/radio\\\/2023\\\/09\\\/25\\\/la-mayoria-de-los-negocios-cerrados-por-el-dia-del-empleado-de-comercio\\\/#breadcrumb\"},\"inLanguage\":\"es-AR\",\"potentialAction\":[{\"@type\":\"ReadAction\",\"target\":[\"http:\\\/\\\/www.radiohorizonte.fm\\\/radio\\\/2023\\\/09\\\/25\\\/la-mayoria-de-los-negocios-cerrados-por-el-dia-del-empleado-de-comercio\\\/\"]}]},{\"@type\":\"ImageObject\",\"inLanguage\":\"es-AR\",\"@id\":\"http:\\\/\\\/www.radiohorizonte.fm\\\/radio\\\/2023\\\/09\\\/25\\\/la-mayoria-de-los-negocios-cerrados-por-el-dia-del-empleado-de-comercio\\\/#primaryimage\",\"url\":\"http:\\\/\\\/www.radiohorizonte.fm\\\/radio\\\/wp-content\\\/uploads\\\/2023\\\/09\\\/370162w380h262c.jpg.jpg\",\"contentUrl\":\"http:\\\/\\\/www.radiohorizonte.fm\\\/radio\\\/wp-content\\\/uploads\\\/2023\\\/09\\\/370162w380h262c.jpg.jpg\",\"width\":380,\"height\":262},{\"@type\":\"BreadcrumbList\",\"@id\":\"http:\\\/\\\/www.radiohorizonte.fm\\\/radio\\\/2023\\\/09\\\/25\\\/la-mayoria-de-los-negocios-cerrados-por-el-dia-del-empleado-de-comercio\\\/#breadcrumb\",\"itemListElement\":[{\"@type\":\"ListItem\",\"position\":1,\"name\":\"Home\",\"item\":\"http:\\\/\\\/www.radiohorizonte.fm\\\/radio\\\/\"},{\"@type\":\"ListItem\",\"position\":2,\"name\":\"La mayor\u00eda de los negocios cerrados por el d\u00eda del empleado de comercio\"}]},{\"@type\":\"WebSite\",\"@id\":\"http:\\\/\\\/www.radiohorizonte.fm\\\/radio\\\/#website\",\"url\":\"http:\\\/\\\/www.radiohorizonte.fm\\\/radio\\\/\",\"name\":\"Horizonte\",\"description\":\"Radio Horizonte 106.1 - Una radio de clasicos\",\"publisher\":{\"@id\":\"http:\\\/\\\/www.radiohorizonte.fm\\\/radio\\\/#organization\"},\"potentialAction\":[{\"@type\":\"SearchAction\",\"target\":{\"@type\":\"EntryPoint\",\"urlTemplate\":\"http:\\\/\\\/www.radiohorizonte.fm\\\/radio\\\/?s={search_term_string}\"},\"query-input\":{\"@type\":\"PropertyValueSpecification\",\"valueRequired\":true,\"valueName\":\"search_term_string\"}}],\"inLanguage\":\"es-AR\"},{\"@type\":\"Organization\",\"@id\":\"http:\\\/\\\/www.radiohorizonte.fm\\\/radio\\\/#organization\",\"name\":\"Horizonte\",\"url\":\"http:\\\/\\\/www.radiohorizonte.fm\\\/radio\\\/\",\"logo\":{\"@type\":\"ImageObject\",\"inLanguage\":\"es-AR\",\"@id\":\"http:\\\/\\\/www.radiohorizonte.fm\\\/radio\\\/#\\\/schema\\\/logo\\\/image\\\/\",\"url\":\"http:\\\/\\\/www.radiohorizonte.fm\\\/radio\\\/wp-content\\\/uploads\\\/2025\\\/06\\\/Portada-FM-Horizonte_modelo-imagen-scaled.jpg\",\"contentUrl\":\"http:\\\/\\\/www.radiohorizonte.fm\\\/radio\\\/wp-content\\\/uploads\\\/2025\\\/06\\\/Portada-FM-Horizonte_modelo-imagen-scaled.jpg\",\"width\":2560,\"height\":1056,\"caption\":\"Horizonte\"},\"image\":{\"@id\":\"http:\\\/\\\/www.radiohorizonte.fm\\\/radio\\\/#\\\/schema\\\/logo\\\/image\\\/\"},\"sameAs\":[\"http:\\\/\\\/www.facebook.com\\\/HORIZONTE106.1\",\"https:\\\/\\\/x.com\\\/fmhorizonte1061\"]},{\"@type\":\"Person\",\"@id\":\"http:\\\/\\\/www.radiohorizonte.fm\\\/radio\\\/#\\\/schema\\\/person\\\/f8fa003a405bb86729fd87d15d0ddafa\",\"name\":\"Cristian Galarza\",\"image\":{\"@type\":\"ImageObject\",\"inLanguage\":\"es-AR\",\"@id\":\"https:\\\/\\\/secure.gravatar.com\\\/avatar\\\/fad34bc2c773209c05d7d53b08a69b680eeb55f3be014e52b31643d20ab65925?s=96&d=mm&r=g\",\"url\":\"https:\\\/\\\/secure.gravatar.com\\\/avatar\\\/fad34bc2c773209c05d7d53b08a69b680eeb55f3be014e52b31643d20ab65925?s=96&d=mm&r=g\",\"contentUrl\":\"https:\\\/\\\/secure.gravatar.com\\\/avatar\\\/fad34bc2c773209c05d7d53b08a69b680eeb55f3be014e52b31643d20ab65925?s=96&d=mm&r=g\",\"caption\":\"Cristian Galarza\"},\"url\":\"http:\\\/\\\/www.radiohorizonte.fm\\\/radio\\\/author\\\/cristian\\\/\"}]}<\/script>\n<!-- \/ Yoast SEO plugin. -->","yoast_head_json":{"title":"La mayor\u00eda de los negocios cerrados por el d\u00eda del empleado de comercio - Horizonte","robots":{"index":"index","follow":"follow","max-snippet":"max-snippet:-1","max-image-preview":"max-image-preview:large","max-video-preview":"max-video-preview:-1"},"canonical":"http:\/\/www.radiohorizonte.fm\/radio\/2023\/09\/25\/la-mayoria-de-los-negocios-cerrados-por-el-dia-del-empleado-de-comercio\/","og_locale":"es_ES","og_type":"article","og_title":"La mayor\u00eda de los negocios cerrados por el d\u00eda del empleado de comercio - Horizonte","og_description":"Se celebra cada 26 de septiembre, pero se determin\u00f3 que este a\u00f1o sea el lunes 25, para que sea un fin de semana largo. La Federaci\u00f3n Argentina de Empleados de Comercio y Servicios (Faecys) anunci\u00f3 que se cambi\u00f3 la fecha del feriado por el D\u00eda del Empleado de Comercio para m\u00e1s de 1,2 millones de","og_url":"http:\/\/www.radiohorizonte.fm\/radio\/2023\/09\/25\/la-mayoria-de-los-negocios-cerrados-por-el-dia-del-empleado-de-comercio\/","og_site_name":"Horizonte","article_publisher":"http:\/\/www.facebook.com\/HORIZONTE106.1","article_published_time":"2023-09-25T12:44:16+00:00","og_image":[{"width":380,"height":262,"url":"http:\/\/www.radiohorizonte.fm\/radio\/wp-content\/uploads\/2023\/09\/370162w380h262c.jpg.jpg","type":"image\/jpeg"}],"author":"Cristian Galarza","twitter_card":"summary_large_image","twitter_creator":"@fmhorizonte1061","twitter_site":"@fmhorizonte1061","twitter_misc":{"Escrito por":"Cristian Galarza","Tiempo de lectura":"2 minutos"},"schema":{"@context":"https:\/\/schema.org","@graph":[{"@type":"Article","@id":"http:\/\/www.radiohorizonte.fm\/radio\/2023\/09\/25\/la-mayoria-de-los-negocios-cerrados-por-el-dia-del-empleado-de-comercio\/#article","isPartOf":{"@id":"http:\/\/www.radiohorizonte.fm\/radio\/2023\/09\/25\/la-mayoria-de-los-negocios-cerrados-por-el-dia-del-empleado-de-comercio\/"},"author":{"name":"Cristian Galarza","@id":"http:\/\/www.radiohorizonte.fm\/radio\/#\/schema\/person\/f8fa003a405bb86729fd87d15d0ddafa"},"headline":"La mayor\u00eda de los negocios cerrados por el d\u00eda del empleado de comercio","datePublished":"2023-09-25T12:44:16+00:00","mainEntityOfPage":{"@id":"http:\/\/www.radiohorizonte.fm\/radio\/2023\/09\/25\/la-mayoria-de-los-negocios-cerrados-por-el-dia-del-empleado-de-comercio\/"},"wordCount":319,"publisher":{"@id":"http:\/\/www.radiohorizonte.fm\/radio\/#organization"},"image":{"@id":"http:\/\/www.radiohorizonte.fm\/radio\/2023\/09\/25\/la-mayoria-de-los-negocios-cerrados-por-el-dia-del-empleado-de-comercio\/#primaryimage"},"thumbnailUrl":"http:\/\/www.radiohorizonte.fm\/radio\/wp-content\/uploads\/2023\/09\/370162w380h262c.jpg.jpg","articleSection":["Noticias"],"inLanguage":"es-AR"},{"@type":"WebPage","@id":"http:\/\/www.radiohorizonte.fm\/radio\/2023\/09\/25\/la-mayoria-de-los-negocios-cerrados-por-el-dia-del-empleado-de-comercio\/","url":"http:\/\/www.radiohorizonte.fm\/radio\/2023\/09\/25\/la-mayoria-de-los-negocios-cerrados-por-el-dia-del-empleado-de-comercio\/","name":"La mayor\u00eda de los negocios cerrados por el d\u00eda del empleado de comercio - Horizonte","isPartOf":{"@id":"http:\/\/www.radiohorizonte.fm\/radio\/#website"},"primaryImageOfPage":{"@id":"http:\/\/www.radiohorizonte.fm\/radio\/2023\/09\/25\/la-mayoria-de-los-negocios-cerrados-por-el-dia-del-empleado-de-comercio\/#primaryimage"},"image":{"@id":"http:\/\/www.radiohorizonte.fm\/radio\/2023\/09\/25\/la-mayoria-de-los-negocios-cerrados-por-el-dia-del-empleado-de-comercio\/#primaryimage"},"thumbnailUrl":"http:\/\/www.radiohorizonte.fm\/radio\/wp-content\/uploads\/2023\/09\/370162w380h262c.jpg.jpg","datePublished":"2023-09-25T12:44:16+00:00","breadcrumb":{"@id":"http:\/\/www.radiohorizonte.fm\/radio\/2023\/09\/25\/la-mayoria-de-los-negocios-cerrados-por-el-dia-del-empleado-de-comercio\/#breadcrumb"},"inLanguage":"es-AR","potentialAction":[{"@type":"ReadAction","target":["http:\/\/www.radiohorizonte.fm\/radio\/2023\/09\/25\/la-mayoria-de-los-negocios-cerrados-por-el-dia-del-empleado-de-comercio\/"]}]},{"@type":"ImageObject","inLanguage":"es-AR","@id":"http:\/\/www.radiohorizonte.fm\/radio\/2023\/09\/25\/la-mayoria-de-los-negocios-cerrados-por-el-dia-del-empleado-de-comercio\/#primaryimage","url":"http:\/\/www.radiohorizonte.fm\/radio\/wp-content\/uploads\/2023\/09\/370162w380h262c.jpg.jpg","contentUrl":"http:\/\/www.radiohorizonte.fm\/radio\/wp-content\/uploads\/2023\/09\/370162w380h262c.jpg.jpg","width":380,"height":262},{"@type":"BreadcrumbList","@id":"http:\/\/www.radiohorizonte.fm\/radio\/2023\/09\/25\/la-mayoria-de-los-negocios-cerrados-por-el-dia-del-empleado-de-comercio\/#breadcrumb","itemListElement":[{"@type":"ListItem","position":1,"name":"Home","item":"http:\/\/www.radiohorizonte.fm\/radio\/"},{"@type":"ListItem","position":2,"name":"La mayor\u00eda de los negocios cerrados por el d\u00eda del empleado de comercio"}]},{"@type":"WebSite","@id":"http:\/\/www.radiohorizonte.fm\/radio\/#website","url":"http:\/\/www.radiohorizonte.fm\/radio\/","name":"Horizonte","description":"Radio Horizonte 106.1 - Una radio de clasicos","publisher":{"@id":"http:\/\/www.radiohorizonte.fm\/radio\/#organization"},"potentialAction":[{"@type":"SearchAction","target":{"@type":"EntryPoint","urlTemplate":"http:\/\/www.radiohorizonte.fm\/radio\/?s={search_term_string}"},"query-input":{"@type":"PropertyValueSpecification","valueRequired":true,"valueName":"search_term_string"}}],"inLanguage":"es-AR"},{"@type":"Organization","@id":"http:\/\/www.radiohorizonte.fm\/radio\/#organization","name":"Horizonte","url":"http:\/\/www.radiohorizonte.fm\/radio\/","logo":{"@type":"ImageObject","inLanguage":"es-AR","@id":"http:\/\/www.radiohorizonte.fm\/radio\/#\/schema\/logo\/image\/","url":"http:\/\/www.radiohorizonte.fm\/radio\/wp-content\/uploads\/2025\/06\/Portada-FM-Horizonte_modelo-imagen-scaled.jpg","contentUrl":"http:\/\/www.radiohorizonte.fm\/radio\/wp-content\/uploads\/2025\/06\/Portada-FM-Horizonte_modelo-imagen-scaled.jpg","width":2560,"height":1056,"caption":"Horizonte"},"image":{"@id":"http:\/\/www.radiohorizonte.fm\/radio\/#\/schema\/logo\/image\/"},"sameAs":["http:\/\/www.facebook.com\/HORIZONTE106.1","https:\/\/x.com\/fmhorizonte1061"]},{"@type":"Person","@id":"http:\/\/www.radiohorizonte.fm\/radio\/#\/schema\/person\/f8fa003a405bb86729fd87d15d0ddafa","name":"Cristian Galarza","image":{"@type":"ImageObject","inLanguage":"es-AR","@id":"https:\/\/secure.gravatar.com\/avatar\/fad34bc2c773209c05d7d53b08a69b680eeb55f3be014e52b31643d20ab65925?s=96&d=mm&r=g","url":"https:\/\/secure.gravatar.com\/avatar\/fad34bc2c773209c05d7d53b08a69b680eeb55f3be014e52b31643d20ab65925?s=96&d=mm&r=g","contentUrl":"https:\/\/secure.gravatar.com\/avatar\/fad34bc2c773209c05d7d53b08a69b680eeb55f3be014e52b31643d20ab65925?s=96&d=mm&r=g","caption":"Cristian Galarza"},"url":"http:\/\/www.radiohorizonte.fm\/radio\/author\/cristian\/"}]}},"_links":{"self":[{"href":"http:\/\/www.radiohorizonte.fm\/radio\/wp-json\/wp\/v2\/posts\/42108","targetHints":{"allow":["GET"]}}],"collection":[{"href":"http:\/\/www.radiohorizonte.fm\/radio\/wp-json\/wp\/v2\/posts"}],"about":[{"href":"http:\/\/www.radiohorizonte.fm\/radio\/wp-json\/wp\/v2\/types\/post"}],"author":[{"embeddable":true,"href":"http:\/\/www.radiohorizonte.fm\/radio\/wp-json\/wp\/v2\/users\/2"}],"replies":[{"embeddable":true,"href":"http:\/\/www.radiohorizonte.fm\/radio\/wp-json\/wp\/v2\/comments?post=42108"}],"version-history":[{"count":1,"href":"http:\/\/www.radiohorizonte.fm\/radio\/wp-json\/wp\/v2\/posts\/42108\/revisions"}],"predecessor-version":[{"id":42110,"href":"http:\/\/www.radiohorizonte.fm\/radio\/wp-json\/wp\/v2\/posts\/42108\/revisions\/42110"}],"wp:featuredmedia":[{"embeddable":true,"href":"http:\/\/www.radiohorizonte.fm\/radio\/wp-json\/wp\/v2\/media\/42109"}],"wp:attachment":[{"href":"http:\/\/www.radiohorizonte.fm\/radio\/wp-json\/wp\/v2\/media?parent=42108"}],"wp:term":[{"taxonomy":"category","embeddable":true,"href":"http:\/\/www.radiohorizonte.fm\/radio\/wp-json\/wp\/v2\/categories?post=42108"},{"taxonomy":"post_tag","embeddable":true,"href":"http:\/\/www.radiohorizonte.fm\/radio\/wp-json\/wp\/v2\/tags?post=42108"}],"curies":[{"name":"wp","href":"https:\/\/api.w.org\/{rel}","templated":true}]}}