{"id":42116,"date":"2023-09-25T10:47:21","date_gmt":"2023-09-25T13:47:21","guid":{"rendered":"http:\/\/www.radiohorizonte.fm\/radio\/?p=42116"},"modified":"2023-09-25T10:47:21","modified_gmt":"2023-09-25T13:47:21","slug":"se-lanzo-en-casa-de-gobierno-la-cuarta-edicion-de-la-semana-del-emprendedor","status":"publish","type":"post","link":"http:\/\/www.radiohorizonte.fm\/radio\/2023\/09\/25\/se-lanzo-en-casa-de-gobierno-la-cuarta-edicion-de-la-semana-del-emprendedor\/","title":{"rendered":"Se lanz\u00f3 en Casa de Gobierno la cuarta edici\u00f3n de \u201cLa Semana del Emprendedor\u201d"},"content":{"rendered":"<p>Este lunes, se present\u00f3 \u201cLa Semana del Emprendedor 2023\u201d en el sal\u00f3n verde de Casa de Gobierno, un evento que apunta a fortalecer diversos proyectos empresariales a trav\u00e9s de la capacitaci\u00f3n y premiaci\u00f3n. El mismo, tendr\u00e1 lugar del 17 a 21 de octubre de manera virtual, y a trav\u00e9s de un cierre en el auditorio \u201cJuli\u00e1n Zini\u201d el pr\u00f3ximo 10 de noviembre, donde un panel de expertos evaluar\u00e1 las iniciativas.<br \/>\n<img loading=\"lazy\" decoding=\"async\" src=\"http:\/\/www.radiohorizonte.fm\/radio\/wp-content\/uploads\/2023\/09\/imagen-50148.jpg\" alt=\"\" width=\"1200\" height=\"800\" class=\"alignnone size-full wp-image-42117\" srcset=\"http:\/\/www.radiohorizonte.fm\/radio\/wp-content\/uploads\/2023\/09\/imagen-50148.jpg 1200w, http:\/\/www.radiohorizonte.fm\/radio\/wp-content\/uploads\/2023\/09\/imagen-50148-300x200.jpg 300w, http:\/\/www.radiohorizonte.fm\/radio\/wp-content\/uploads\/2023\/09\/imagen-50148-768x512.jpg 768w, http:\/\/www.radiohorizonte.fm\/radio\/wp-content\/uploads\/2023\/09\/imagen-50148-1024x683.jpg 1024w, http:\/\/www.radiohorizonte.fm\/radio\/wp-content\/uploads\/2023\/09\/imagen-50148-65x43.jpg 65w, http:\/\/www.radiohorizonte.fm\/radio\/wp-content\/uploads\/2023\/09\/imagen-50148-85x57.jpg 85w, http:\/\/www.radiohorizonte.fm\/radio\/wp-content\/uploads\/2023\/09\/imagen-50148-188x125.jpg 188w, http:\/\/www.radiohorizonte.fm\/radio\/wp-content\/uploads\/2023\/09\/imagen-50148-90x60.jpg 90w\" sizes=\"auto, (max-width: 1200px) 100vw, 1200px\" \/><\/p>\n<p>La organizaci\u00f3n est\u00e1 encargada por Mundo Empresa, con el apoyo del Gobierno de la Provincia de Corrientes, la UNNE, el Gobierno de la Ciudad de Aut\u00f3noma de Buenos Aires y el Banco de Corrientes.<br \/>\nEl lanzamiento realizado esta ma\u00f1ana, estuvo encabezado por el vicegobernador Pedro Braillard Poccard, quien ratific\u00f3 el compromiso de la Provincia de respaldar y acompa\u00f1ar esta iniciativa que \u201csurge del empuje, la creatividad y el empe\u00f1o que ponen nuestros j\u00f3venes, fieles exponentes del esp\u00edritu emprendedor de Corrientes\u201d.<br \/>\n\u201cLas crisis sirven para agudizar el ingenio y encarar el futuro con m\u00e1s fuerza. Hemos atravesado la pandemia, la sequ\u00eda y los incendios y ahora una coyuntura econ\u00f3mica complicada con una inflaci\u00f3n que altera a toda la sociedad, golpeando fuerte a las empresas y al comercio\u201d, puntualiz\u00f3 Braillard Poccard, para luego felicitar a los organizadores de un evento que pretende \u201cdar oportunidades a mucha gente a emprender y otorgar herramientas que posibiliten que, con el esfuerzo propio y la cultura del trabajo, sea posible lograr el \u00e9xito\u201d.<br \/>\nPara concluir, el vicegobernador celebr\u00f3 y valor\u00f3 esta \u201cfuerte apuesta a la capacitaci\u00f3n y al talento para crear, siendo el camino que nos va a permitir salir adelante frente a la crisis\u201d.<br \/>\nSobre el evento<br \/>\nUno de los fundadores de Mundo Empresa, Nicol\u00e1s Branchi explic\u00f3 detalles de esta iniciativa. Constar\u00e1 de tres etapas, la primera de ellas ser\u00e1 de capacitaci\u00f3n, en la que pueden asistir tanto emprendedores que ya tengan un proyecto en marcha y aquellos que tengan una idea de negocio. Ser\u00e1n cinco d\u00edas de capacitaciones virtuales, del 17 al 21 de octubre, sobre marketing digital, contabilidad, ventas y tecnolog\u00eda.<br \/>\nLa segunda etapa constar\u00e1 de un concurso, donde los que tengan un emprendimiento en marcha podr\u00e1n presentarlos y concursar por un premio monetario, bienes de capital, financiamiento y mayor capacitaci\u00f3n personalizada. Estos emprendimientos ser\u00e1n evaluados por la Comisi\u00f3n Pyme y el Consejo de Ciencias Econ\u00f3micas, quienes seleccionar\u00e1n a los finalistas.<br \/>\nEl 10 de noviembre, en el auditorio Juli\u00e1n Zini, ser\u00e1 la culminaci\u00f3n del evento con distintas actividades. Por un lado, los mencionados finalistas defender\u00e1n sus proyectos ante un jurado, quienes definir\u00e1n al ganador. Tambi\u00e9n habr\u00e1 speakers, networking y, como novedad de esta edici\u00f3n, paneles sobre tecnolog\u00eda aplicada al emprendedurismo.<br \/>\nLa Semana del Emprendedor es un evento 100% gratuito en todas sus etapas. Para quien inscribirse, tiene que entrar a la web www.agendaeconomica.ar, donde encontrar\u00e1 un formulario muy sencillo donde completar sus datos.<br \/>\nPresencias<br \/>\nAdem\u00e1s, estuvieron presentes durante el acto el secretario de Desarrollo Econ\u00f3mico de la Municipalidad de Corrientes, Juan Esteban Maldonado Yonna; Julio G\u00f3mez de la Fuente, de Mundo Empresa; el presidente de FECORR Joven, Fabricio Rodr\u00edguez; Marcelo L\u00f3pez Ortiz, de la C\u00e1mara Inmobiliaria, y la directora de la Incubadora Unnetec, Susana Ben\u00edtez.<\/p>\n","protected":false},"excerpt":{"rendered":"<div class=\"post-excerpt\"><p>Este lunes, se present\u00f3 \u201cLa Semana del Emprendedor 2023\u201d en el sal\u00f3n verde de Casa de Gobierno, un evento que apunta a fortalecer diversos proyectos empresariales a trav\u00e9s de la capacitaci\u00f3n y premiaci\u00f3n. El mismo, tendr\u00e1 lugar del 17 a 21 de octubre de manera virtual, y a trav\u00e9s de un cierre en el auditorio<\/p>\n<\/div>","protected":false},"author":2,"featured_media":42117,"comment_status":"closed","ping_status":"closed","sticky":false,"template":"","format":"standard","meta":{"_acf_changed":false,"footnotes":""},"categories":[2],"tags":[],"class_list":["post-42116","post","type-post","status-publish","format-standard","has-post-thumbnail","hentry","category-noticias"],"acf":[],"yoast_head":"<!-- This site is optimized with the Yoast SEO plugin v28.1 - https:\/\/yoast.com\/product\/yoast-seo-wordpress\/ -->\n<title>Se lanz\u00f3 en Casa de Gobierno la cuarta edici\u00f3n de \u201cLa Semana del Emprendedor\u201d - Horizonte<\/title>\n<meta name=\"robots\" content=\"index, follow, max-snippet:-1, max-image-preview:large, max-video-preview:-1\" \/>\n<link rel=\"canonical\" href=\"http:\/\/www.radiohorizonte.fm\/radio\/2023\/09\/25\/se-lanzo-en-casa-de-gobierno-la-cuarta-edicion-de-la-semana-del-emprendedor\/\" \/>\n<meta property=\"og:locale\" content=\"es_ES\" \/>\n<meta property=\"og:type\" content=\"article\" \/>\n<meta property=\"og:title\" content=\"Se lanz\u00f3 en Casa de Gobierno la cuarta edici\u00f3n de \u201cLa Semana del Emprendedor\u201d - Horizonte\" \/>\n<meta property=\"og:description\" content=\"Este lunes, se present\u00f3 \u201cLa Semana del Emprendedor 2023\u201d en el sal\u00f3n verde de Casa de Gobierno, un evento que apunta a fortalecer diversos proyectos empresariales a trav\u00e9s de la capacitaci\u00f3n y premiaci\u00f3n. El mismo, tendr\u00e1 lugar del 17 a 21 de octubre de manera virtual, y a trav\u00e9s de un cierre en el auditorio\" \/>\n<meta property=\"og:url\" content=\"http:\/\/www.radiohorizonte.fm\/radio\/2023\/09\/25\/se-lanzo-en-casa-de-gobierno-la-cuarta-edicion-de-la-semana-del-emprendedor\/\" \/>\n<meta property=\"og:site_name\" content=\"Horizonte\" \/>\n<meta property=\"article:publisher\" content=\"http:\/\/www.facebook.com\/HORIZONTE106.1\" \/>\n<meta property=\"article:published_time\" content=\"2023-09-25T13:47:21+00:00\" \/>\n<meta property=\"og:image\" content=\"http:\/\/www.radiohorizonte.fm\/radio\/wp-content\/uploads\/2023\/09\/imagen-50148.jpg\" \/>\n\t<meta property=\"og:image:width\" content=\"1200\" \/>\n\t<meta property=\"og:image:height\" content=\"800\" \/>\n\t<meta property=\"og:image:type\" content=\"image\/jpeg\" \/>\n<meta name=\"author\" content=\"Cristian Galarza\" \/>\n<meta name=\"twitter:card\" content=\"summary_large_image\" \/>\n<meta name=\"twitter:creator\" content=\"@fmhorizonte1061\" \/>\n<meta name=\"twitter:site\" content=\"@fmhorizonte1061\" \/>\n<meta name=\"twitter:label1\" content=\"Escrito por\" \/>\n\t<meta name=\"twitter:data1\" content=\"Cristian Galarza\" \/>\n\t<meta name=\"twitter:label2\" content=\"Tiempo de lectura\" \/>\n\t<meta name=\"twitter:data2\" content=\"3 minutos\" \/>\n<script type=\"application\/ld+json\" class=\"yoast-schema-graph\">{\"@context\":\"https:\\\/\\\/schema.org\",\"@graph\":[{\"@type\":\"Article\",\"@id\":\"http:\\\/\\\/www.radiohorizonte.fm\\\/radio\\\/2023\\\/09\\\/25\\\/se-lanzo-en-casa-de-gobierno-la-cuarta-edicion-de-la-semana-del-emprendedor\\\/#article\",\"isPartOf\":{\"@id\":\"http:\\\/\\\/www.radiohorizonte.fm\\\/radio\\\/2023\\\/09\\\/25\\\/se-lanzo-en-casa-de-gobierno-la-cuarta-edicion-de-la-semana-del-emprendedor\\\/\"},\"author\":{\"name\":\"Cristian Galarza\",\"@id\":\"http:\\\/\\\/www.radiohorizonte.fm\\\/radio\\\/#\\\/schema\\\/person\\\/f8fa003a405bb86729fd87d15d0ddafa\"},\"headline\":\"Se lanz\u00f3 en Casa de Gobierno la cuarta edici\u00f3n de \u201cLa Semana del Emprendedor\u201d\",\"datePublished\":\"2023-09-25T13:47:21+00:00\",\"mainEntityOfPage\":{\"@id\":\"http:\\\/\\\/www.radiohorizonte.fm\\\/radio\\\/2023\\\/09\\\/25\\\/se-lanzo-en-casa-de-gobierno-la-cuarta-edicion-de-la-semana-del-emprendedor\\\/\"},\"wordCount\":575,\"publisher\":{\"@id\":\"http:\\\/\\\/www.radiohorizonte.fm\\\/radio\\\/#organization\"},\"image\":{\"@id\":\"http:\\\/\\\/www.radiohorizonte.fm\\\/radio\\\/2023\\\/09\\\/25\\\/se-lanzo-en-casa-de-gobierno-la-cuarta-edicion-de-la-semana-del-emprendedor\\\/#primaryimage\"},\"thumbnailUrl\":\"http:\\\/\\\/www.radiohorizonte.fm\\\/radio\\\/wp-content\\\/uploads\\\/2023\\\/09\\\/imagen-50148.jpg\",\"articleSection\":[\"Noticias\"],\"inLanguage\":\"es-AR\"},{\"@type\":\"WebPage\",\"@id\":\"http:\\\/\\\/www.radiohorizonte.fm\\\/radio\\\/2023\\\/09\\\/25\\\/se-lanzo-en-casa-de-gobierno-la-cuarta-edicion-de-la-semana-del-emprendedor\\\/\",\"url\":\"http:\\\/\\\/www.radiohorizonte.fm\\\/radio\\\/2023\\\/09\\\/25\\\/se-lanzo-en-casa-de-gobierno-la-cuarta-edicion-de-la-semana-del-emprendedor\\\/\",\"name\":\"Se lanz\u00f3 en Casa de Gobierno la cuarta edici\u00f3n de \u201cLa Semana del Emprendedor\u201d - Horizonte\",\"isPartOf\":{\"@id\":\"http:\\\/\\\/www.radiohorizonte.fm\\\/radio\\\/#website\"},\"primaryImageOfPage\":{\"@id\":\"http:\\\/\\\/www.radiohorizonte.fm\\\/radio\\\/2023\\\/09\\\/25\\\/se-lanzo-en-casa-de-gobierno-la-cuarta-edicion-de-la-semana-del-emprendedor\\\/#primaryimage\"},\"image\":{\"@id\":\"http:\\\/\\\/www.radiohorizonte.fm\\\/radio\\\/2023\\\/09\\\/25\\\/se-lanzo-en-casa-de-gobierno-la-cuarta-edicion-de-la-semana-del-emprendedor\\\/#primaryimage\"},\"thumbnailUrl\":\"http:\\\/\\\/www.radiohorizonte.fm\\\/radio\\\/wp-content\\\/uploads\\\/2023\\\/09\\\/imagen-50148.jpg\",\"datePublished\":\"2023-09-25T13:47:21+00:00\",\"breadcrumb\":{\"@id\":\"http:\\\/\\\/www.radiohorizonte.fm\\\/radio\\\/2023\\\/09\\\/25\\\/se-lanzo-en-casa-de-gobierno-la-cuarta-edicion-de-la-semana-del-emprendedor\\\/#breadcrumb\"},\"inLanguage\":\"es-AR\",\"potentialAction\":[{\"@type\":\"ReadAction\",\"target\":[\"http:\\\/\\\/www.radiohorizonte.fm\\\/radio\\\/2023\\\/09\\\/25\\\/se-lanzo-en-casa-de-gobierno-la-cuarta-edicion-de-la-semana-del-emprendedor\\\/\"]}]},{\"@type\":\"ImageObject\",\"inLanguage\":\"es-AR\",\"@id\":\"http:\\\/\\\/www.radiohorizonte.fm\\\/radio\\\/2023\\\/09\\\/25\\\/se-lanzo-en-casa-de-gobierno-la-cuarta-edicion-de-la-semana-del-emprendedor\\\/#primaryimage\",\"url\":\"http:\\\/\\\/www.radiohorizonte.fm\\\/radio\\\/wp-content\\\/uploads\\\/2023\\\/09\\\/imagen-50148.jpg\",\"contentUrl\":\"http:\\\/\\\/www.radiohorizonte.fm\\\/radio\\\/wp-content\\\/uploads\\\/2023\\\/09\\\/imagen-50148.jpg\",\"width\":1200,\"height\":800},{\"@type\":\"BreadcrumbList\",\"@id\":\"http:\\\/\\\/www.radiohorizonte.fm\\\/radio\\\/2023\\\/09\\\/25\\\/se-lanzo-en-casa-de-gobierno-la-cuarta-edicion-de-la-semana-del-emprendedor\\\/#breadcrumb\",\"itemListElement\":[{\"@type\":\"ListItem\",\"position\":1,\"name\":\"Home\",\"item\":\"http:\\\/\\\/www.radiohorizonte.fm\\\/radio\\\/\"},{\"@type\":\"ListItem\",\"position\":2,\"name\":\"Se lanz\u00f3 en Casa de Gobierno la cuarta edici\u00f3n de \u201cLa Semana del Emprendedor\u201d\"}]},{\"@type\":\"WebSite\",\"@id\":\"http:\\\/\\\/www.radiohorizonte.fm\\\/radio\\\/#website\",\"url\":\"http:\\\/\\\/www.radiohorizonte.fm\\\/radio\\\/\",\"name\":\"Horizonte\",\"description\":\"Radio Horizonte 106.1 - Una radio de clasicos\",\"publisher\":{\"@id\":\"http:\\\/\\\/www.radiohorizonte.fm\\\/radio\\\/#organization\"},\"potentialAction\":[{\"@type\":\"SearchAction\",\"target\":{\"@type\":\"EntryPoint\",\"urlTemplate\":\"http:\\\/\\\/www.radiohorizonte.fm\\\/radio\\\/?s={search_term_string}\"},\"query-input\":{\"@type\":\"PropertyValueSpecification\",\"valueRequired\":true,\"valueName\":\"search_term_string\"}}],\"inLanguage\":\"es-AR\"},{\"@type\":\"Organization\",\"@id\":\"http:\\\/\\\/www.radiohorizonte.fm\\\/radio\\\/#organization\",\"name\":\"Horizonte\",\"url\":\"http:\\\/\\\/www.radiohorizonte.fm\\\/radio\\\/\",\"logo\":{\"@type\":\"ImageObject\",\"inLanguage\":\"es-AR\",\"@id\":\"http:\\\/\\\/www.radiohorizonte.fm\\\/radio\\\/#\\\/schema\\\/logo\\\/image\\\/\",\"url\":\"http:\\\/\\\/www.radiohorizonte.fm\\\/radio\\\/wp-content\\\/uploads\\\/2025\\\/06\\\/Portada-FM-Horizonte_modelo-imagen-scaled.jpg\",\"contentUrl\":\"http:\\\/\\\/www.radiohorizonte.fm\\\/radio\\\/wp-content\\\/uploads\\\/2025\\\/06\\\/Portada-FM-Horizonte_modelo-imagen-scaled.jpg\",\"width\":2560,\"height\":1056,\"caption\":\"Horizonte\"},\"image\":{\"@id\":\"http:\\\/\\\/www.radiohorizonte.fm\\\/radio\\\/#\\\/schema\\\/logo\\\/image\\\/\"},\"sameAs\":[\"http:\\\/\\\/www.facebook.com\\\/HORIZONTE106.1\",\"https:\\\/\\\/x.com\\\/fmhorizonte1061\"]},{\"@type\":\"Person\",\"@id\":\"http:\\\/\\\/www.radiohorizonte.fm\\\/radio\\\/#\\\/schema\\\/person\\\/f8fa003a405bb86729fd87d15d0ddafa\",\"name\":\"Cristian Galarza\",\"image\":{\"@type\":\"ImageObject\",\"inLanguage\":\"es-AR\",\"@id\":\"https:\\\/\\\/secure.gravatar.com\\\/avatar\\\/fad34bc2c773209c05d7d53b08a69b680eeb55f3be014e52b31643d20ab65925?s=96&d=mm&r=g\",\"url\":\"https:\\\/\\\/secure.gravatar.com\\\/avatar\\\/fad34bc2c773209c05d7d53b08a69b680eeb55f3be014e52b31643d20ab65925?s=96&d=mm&r=g\",\"contentUrl\":\"https:\\\/\\\/secure.gravatar.com\\\/avatar\\\/fad34bc2c773209c05d7d53b08a69b680eeb55f3be014e52b31643d20ab65925?s=96&d=mm&r=g\",\"caption\":\"Cristian Galarza\"},\"url\":\"http:\\\/\\\/www.radiohorizonte.fm\\\/radio\\\/author\\\/cristian\\\/\"}]}<\/script>\n<!-- \/ Yoast SEO plugin. -->","yoast_head_json":{"title":"Se lanz\u00f3 en Casa de Gobierno la cuarta edici\u00f3n de \u201cLa Semana del Emprendedor\u201d - Horizonte","robots":{"index":"index","follow":"follow","max-snippet":"max-snippet:-1","max-image-preview":"max-image-preview:large","max-video-preview":"max-video-preview:-1"},"canonical":"http:\/\/www.radiohorizonte.fm\/radio\/2023\/09\/25\/se-lanzo-en-casa-de-gobierno-la-cuarta-edicion-de-la-semana-del-emprendedor\/","og_locale":"es_ES","og_type":"article","og_title":"Se lanz\u00f3 en Casa de Gobierno la cuarta edici\u00f3n de \u201cLa Semana del Emprendedor\u201d - Horizonte","og_description":"Este lunes, se present\u00f3 \u201cLa Semana del Emprendedor 2023\u201d en el sal\u00f3n verde de Casa de Gobierno, un evento que apunta a fortalecer diversos proyectos empresariales a trav\u00e9s de la capacitaci\u00f3n y premiaci\u00f3n. El mismo, tendr\u00e1 lugar del 17 a 21 de octubre de manera virtual, y a trav\u00e9s de un cierre en el auditorio","og_url":"http:\/\/www.radiohorizonte.fm\/radio\/2023\/09\/25\/se-lanzo-en-casa-de-gobierno-la-cuarta-edicion-de-la-semana-del-emprendedor\/","og_site_name":"Horizonte","article_publisher":"http:\/\/www.facebook.com\/HORIZONTE106.1","article_published_time":"2023-09-25T13:47:21+00:00","og_image":[{"width":1200,"height":800,"url":"http:\/\/www.radiohorizonte.fm\/radio\/wp-content\/uploads\/2023\/09\/imagen-50148.jpg","type":"image\/jpeg"}],"author":"Cristian Galarza","twitter_card":"summary_large_image","twitter_creator":"@fmhorizonte1061","twitter_site":"@fmhorizonte1061","twitter_misc":{"Escrito por":"Cristian Galarza","Tiempo de lectura":"3 minutos"},"schema":{"@context":"https:\/\/schema.org","@graph":[{"@type":"Article","@id":"http:\/\/www.radiohorizonte.fm\/radio\/2023\/09\/25\/se-lanzo-en-casa-de-gobierno-la-cuarta-edicion-de-la-semana-del-emprendedor\/#article","isPartOf":{"@id":"http:\/\/www.radiohorizonte.fm\/radio\/2023\/09\/25\/se-lanzo-en-casa-de-gobierno-la-cuarta-edicion-de-la-semana-del-emprendedor\/"},"author":{"name":"Cristian Galarza","@id":"http:\/\/www.radiohorizonte.fm\/radio\/#\/schema\/person\/f8fa003a405bb86729fd87d15d0ddafa"},"headline":"Se lanz\u00f3 en Casa de Gobierno la cuarta edici\u00f3n de \u201cLa Semana del Emprendedor\u201d","datePublished":"2023-09-25T13:47:21+00:00","mainEntityOfPage":{"@id":"http:\/\/www.radiohorizonte.fm\/radio\/2023\/09\/25\/se-lanzo-en-casa-de-gobierno-la-cuarta-edicion-de-la-semana-del-emprendedor\/"},"wordCount":575,"publisher":{"@id":"http:\/\/www.radiohorizonte.fm\/radio\/#organization"},"image":{"@id":"http:\/\/www.radiohorizonte.fm\/radio\/2023\/09\/25\/se-lanzo-en-casa-de-gobierno-la-cuarta-edicion-de-la-semana-del-emprendedor\/#primaryimage"},"thumbnailUrl":"http:\/\/www.radiohorizonte.fm\/radio\/wp-content\/uploads\/2023\/09\/imagen-50148.jpg","articleSection":["Noticias"],"inLanguage":"es-AR"},{"@type":"WebPage","@id":"http:\/\/www.radiohorizonte.fm\/radio\/2023\/09\/25\/se-lanzo-en-casa-de-gobierno-la-cuarta-edicion-de-la-semana-del-emprendedor\/","url":"http:\/\/www.radiohorizonte.fm\/radio\/2023\/09\/25\/se-lanzo-en-casa-de-gobierno-la-cuarta-edicion-de-la-semana-del-emprendedor\/","name":"Se lanz\u00f3 en Casa de Gobierno la cuarta edici\u00f3n de \u201cLa Semana del Emprendedor\u201d - Horizonte","isPartOf":{"@id":"http:\/\/www.radiohorizonte.fm\/radio\/#website"},"primaryImageOfPage":{"@id":"http:\/\/www.radiohorizonte.fm\/radio\/2023\/09\/25\/se-lanzo-en-casa-de-gobierno-la-cuarta-edicion-de-la-semana-del-emprendedor\/#primaryimage"},"image":{"@id":"http:\/\/www.radiohorizonte.fm\/radio\/2023\/09\/25\/se-lanzo-en-casa-de-gobierno-la-cuarta-edicion-de-la-semana-del-emprendedor\/#primaryimage"},"thumbnailUrl":"http:\/\/www.radiohorizonte.fm\/radio\/wp-content\/uploads\/2023\/09\/imagen-50148.jpg","datePublished":"2023-09-25T13:47:21+00:00","breadcrumb":{"@id":"http:\/\/www.radiohorizonte.fm\/radio\/2023\/09\/25\/se-lanzo-en-casa-de-gobierno-la-cuarta-edicion-de-la-semana-del-emprendedor\/#breadcrumb"},"inLanguage":"es-AR","potentialAction":[{"@type":"ReadAction","target":["http:\/\/www.radiohorizonte.fm\/radio\/2023\/09\/25\/se-lanzo-en-casa-de-gobierno-la-cuarta-edicion-de-la-semana-del-emprendedor\/"]}]},{"@type":"ImageObject","inLanguage":"es-AR","@id":"http:\/\/www.radiohorizonte.fm\/radio\/2023\/09\/25\/se-lanzo-en-casa-de-gobierno-la-cuarta-edicion-de-la-semana-del-emprendedor\/#primaryimage","url":"http:\/\/www.radiohorizonte.fm\/radio\/wp-content\/uploads\/2023\/09\/imagen-50148.jpg","contentUrl":"http:\/\/www.radiohorizonte.fm\/radio\/wp-content\/uploads\/2023\/09\/imagen-50148.jpg","width":1200,"height":800},{"@type":"BreadcrumbList","@id":"http:\/\/www.radiohorizonte.fm\/radio\/2023\/09\/25\/se-lanzo-en-casa-de-gobierno-la-cuarta-edicion-de-la-semana-del-emprendedor\/#breadcrumb","itemListElement":[{"@type":"ListItem","position":1,"name":"Home","item":"http:\/\/www.radiohorizonte.fm\/radio\/"},{"@type":"ListItem","position":2,"name":"Se lanz\u00f3 en Casa de Gobierno la cuarta edici\u00f3n de \u201cLa Semana del Emprendedor\u201d"}]},{"@type":"WebSite","@id":"http:\/\/www.radiohorizonte.fm\/radio\/#website","url":"http:\/\/www.radiohorizonte.fm\/radio\/","name":"Horizonte","description":"Radio Horizonte 106.1 - Una radio de clasicos","publisher":{"@id":"http:\/\/www.radiohorizonte.fm\/radio\/#organization"},"potentialAction":[{"@type":"SearchAction","target":{"@type":"EntryPoint","urlTemplate":"http:\/\/www.radiohorizonte.fm\/radio\/?s={search_term_string}"},"query-input":{"@type":"PropertyValueSpecification","valueRequired":true,"valueName":"search_term_string"}}],"inLanguage":"es-AR"},{"@type":"Organization","@id":"http:\/\/www.radiohorizonte.fm\/radio\/#organization","name":"Horizonte","url":"http:\/\/www.radiohorizonte.fm\/radio\/","logo":{"@type":"ImageObject","inLanguage":"es-AR","@id":"http:\/\/www.radiohorizonte.fm\/radio\/#\/schema\/logo\/image\/","url":"http:\/\/www.radiohorizonte.fm\/radio\/wp-content\/uploads\/2025\/06\/Portada-FM-Horizonte_modelo-imagen-scaled.jpg","contentUrl":"http:\/\/www.radiohorizonte.fm\/radio\/wp-content\/uploads\/2025\/06\/Portada-FM-Horizonte_modelo-imagen-scaled.jpg","width":2560,"height":1056,"caption":"Horizonte"},"image":{"@id":"http:\/\/www.radiohorizonte.fm\/radio\/#\/schema\/logo\/image\/"},"sameAs":["http:\/\/www.facebook.com\/HORIZONTE106.1","https:\/\/x.com\/fmhorizonte1061"]},{"@type":"Person","@id":"http:\/\/www.radiohorizonte.fm\/radio\/#\/schema\/person\/f8fa003a405bb86729fd87d15d0ddafa","name":"Cristian Galarza","image":{"@type":"ImageObject","inLanguage":"es-AR","@id":"https:\/\/secure.gravatar.com\/avatar\/fad34bc2c773209c05d7d53b08a69b680eeb55f3be014e52b31643d20ab65925?s=96&d=mm&r=g","url":"https:\/\/secure.gravatar.com\/avatar\/fad34bc2c773209c05d7d53b08a69b680eeb55f3be014e52b31643d20ab65925?s=96&d=mm&r=g","contentUrl":"https:\/\/secure.gravatar.com\/avatar\/fad34bc2c773209c05d7d53b08a69b680eeb55f3be014e52b31643d20ab65925?s=96&d=mm&r=g","caption":"Cristian Galarza"},"url":"http:\/\/www.radiohorizonte.fm\/radio\/author\/cristian\/"}]}},"_links":{"self":[{"href":"http:\/\/www.radiohorizonte.fm\/radio\/wp-json\/wp\/v2\/posts\/42116","targetHints":{"allow":["GET"]}}],"collection":[{"href":"http:\/\/www.radiohorizonte.fm\/radio\/wp-json\/wp\/v2\/posts"}],"about":[{"href":"http:\/\/www.radiohorizonte.fm\/radio\/wp-json\/wp\/v2\/types\/post"}],"author":[{"embeddable":true,"href":"http:\/\/www.radiohorizonte.fm\/radio\/wp-json\/wp\/v2\/users\/2"}],"replies":[{"embeddable":true,"href":"http:\/\/www.radiohorizonte.fm\/radio\/wp-json\/wp\/v2\/comments?post=42116"}],"version-history":[{"count":1,"href":"http:\/\/www.radiohorizonte.fm\/radio\/wp-json\/wp\/v2\/posts\/42116\/revisions"}],"predecessor-version":[{"id":42118,"href":"http:\/\/www.radiohorizonte.fm\/radio\/wp-json\/wp\/v2\/posts\/42116\/revisions\/42118"}],"wp:featuredmedia":[{"embeddable":true,"href":"http:\/\/www.radiohorizonte.fm\/radio\/wp-json\/wp\/v2\/media\/42117"}],"wp:attachment":[{"href":"http:\/\/www.radiohorizonte.fm\/radio\/wp-json\/wp\/v2\/media?parent=42116"}],"wp:term":[{"taxonomy":"category","embeddable":true,"href":"http:\/\/www.radiohorizonte.fm\/radio\/wp-json\/wp\/v2\/categories?post=42116"},{"taxonomy":"post_tag","embeddable":true,"href":"http:\/\/www.radiohorizonte.fm\/radio\/wp-json\/wp\/v2\/tags?post=42116"}],"curies":[{"name":"wp","href":"https:\/\/api.w.org\/{rel}","templated":true}]}}