{"id":42120,"date":"2023-09-26T07:06:52","date_gmt":"2023-09-26T10:06:52","guid":{"rendered":"http:\/\/www.radiohorizonte.fm\/radio\/?p=42120"},"modified":"2023-09-26T07:06:52","modified_gmt":"2023-09-26T10:06:52","slug":"jovenes-artistas-correntinos-participan-de-los-juegos-culturales-evita-en-mar-del-plata","status":"publish","type":"post","link":"http:\/\/www.radiohorizonte.fm\/radio\/2023\/09\/26\/jovenes-artistas-correntinos-participan-de-los-juegos-culturales-evita-en-mar-del-plata\/","title":{"rendered":"J\u00f3venes artistas correntinos participan de los Juegos Culturales Evita en Mar del Plata"},"content":{"rendered":"<p>Con la coordinaci\u00f3n del Instituto de Cultura de Corrientes, a trav\u00e9s de la Direcci\u00f3n de Relaciones Institucionales, una delegaci\u00f3n de j\u00f3venes artistas -de 16 municipios- llegaron este lunes al mediod\u00eda a la ciudad de Mar del Plata, para representar a la provincia en los Juegos Culturales Evita 2023.<br \/>\n<img loading=\"lazy\" decoding=\"async\" src=\"http:\/\/www.radiohorizonte.fm\/radio\/wp-content\/uploads\/2023\/09\/imagen-50184.jpg\" alt=\"\" width=\"1280\" height=\"513\" class=\"alignnone size-full wp-image-42121\" srcset=\"http:\/\/www.radiohorizonte.fm\/radio\/wp-content\/uploads\/2023\/09\/imagen-50184.jpg 1280w, http:\/\/www.radiohorizonte.fm\/radio\/wp-content\/uploads\/2023\/09\/imagen-50184-300x120.jpg 300w, http:\/\/www.radiohorizonte.fm\/radio\/wp-content\/uploads\/2023\/09\/imagen-50184-768x308.jpg 768w, http:\/\/www.radiohorizonte.fm\/radio\/wp-content\/uploads\/2023\/09\/imagen-50184-1024x410.jpg 1024w, http:\/\/www.radiohorizonte.fm\/radio\/wp-content\/uploads\/2023\/09\/imagen-50184-65x26.jpg 65w, http:\/\/www.radiohorizonte.fm\/radio\/wp-content\/uploads\/2023\/09\/imagen-50184-320x128.jpg 320w, http:\/\/www.radiohorizonte.fm\/radio\/wp-content\/uploads\/2023\/09\/imagen-50184-85x34.jpg 85w, http:\/\/www.radiohorizonte.fm\/radio\/wp-content\/uploads\/2023\/09\/imagen-50184-220x88.jpg 220w, http:\/\/www.radiohorizonte.fm\/radio\/wp-content\/uploads\/2023\/09\/imagen-50184-90x36.jpg 90w\" sizes=\"auto, (max-width: 1280px) 100vw, 1280px\" \/><\/p>\n<p>El grupo est\u00e1 integrado por los ganadores de los Juegos Culturales Correntinos en las disciplinas de canto, danza, conjunto musical, teatro, freestyle, cuento, poes\u00eda, historieta, pintura, fotograf\u00eda y videominuto.<\/p>\n<p>Son j\u00f3venes de 12 a 18 a\u00f1os, oriundos de los municipios de Ituzaing\u00f3, Itat\u00ed, Ca\u00e1 Cati, San Luis del Palmar, Saladas, San Roque, Colonia Pando, Goya, San Isidro, Esquina, Chavarr\u00eda, Paso de los Libres, Gobernador Virasoro, Santo Tom\u00e9, Curuz\u00fa Cuati\u00e1 y Capital.<\/p>\n<p>Esta tarde est\u00e1n formando parte del acto de apertura en la plazoleta Almirante Brown, y del martes al viernes asistir\u00e1n a talleres intensivos donde compartir\u00e1n experiencias con jovenes artistas de todo el pa\u00eds, y tendr\u00e1n la oportunidad de realizar muestras en prestigiosos escenarios de esta ciudad balnearia y tur\u00edstica por excelencia. <\/p>\n","protected":false},"excerpt":{"rendered":"<div class=\"post-excerpt\"><p>Con la coordinaci\u00f3n del Instituto de Cultura de Corrientes, a trav\u00e9s de la Direcci\u00f3n de Relaciones Institucionales, una delegaci\u00f3n de j\u00f3venes artistas -de 16 municipios- llegaron este lunes al mediod\u00eda a la ciudad de Mar del Plata, para representar a la provincia en los Juegos Culturales Evita 2023. El grupo est\u00e1 integrado por los ganadores<\/p>\n<\/div>","protected":false},"author":2,"featured_media":42121,"comment_status":"closed","ping_status":"closed","sticky":false,"template":"","format":"standard","meta":{"_acf_changed":false,"footnotes":""},"categories":[2],"tags":[],"class_list":["post-42120","post","type-post","status-publish","format-standard","has-post-thumbnail","hentry","category-noticias"],"acf":[],"yoast_head":"<!-- This site is optimized with the Yoast SEO plugin v28.1 - https:\/\/yoast.com\/product\/yoast-seo-wordpress\/ -->\n<title>J\u00f3venes artistas correntinos participan de los Juegos Culturales Evita en Mar del Plata - Horizonte<\/title>\n<meta name=\"robots\" content=\"index, follow, max-snippet:-1, max-image-preview:large, max-video-preview:-1\" \/>\n<link rel=\"canonical\" href=\"http:\/\/www.radiohorizonte.fm\/radio\/2023\/09\/26\/jovenes-artistas-correntinos-participan-de-los-juegos-culturales-evita-en-mar-del-plata\/\" \/>\n<meta property=\"og:locale\" content=\"es_ES\" \/>\n<meta property=\"og:type\" content=\"article\" \/>\n<meta property=\"og:title\" content=\"J\u00f3venes artistas correntinos participan de los Juegos Culturales Evita en Mar del Plata - Horizonte\" \/>\n<meta property=\"og:description\" content=\"Con la coordinaci\u00f3n del Instituto de Cultura de Corrientes, a trav\u00e9s de la Direcci\u00f3n de Relaciones Institucionales, una delegaci\u00f3n de j\u00f3venes artistas -de 16 municipios- llegaron este lunes al mediod\u00eda a la ciudad de Mar del Plata, para representar a la provincia en los Juegos Culturales Evita 2023. El grupo est\u00e1 integrado por los ganadores\" \/>\n<meta property=\"og:url\" content=\"http:\/\/www.radiohorizonte.fm\/radio\/2023\/09\/26\/jovenes-artistas-correntinos-participan-de-los-juegos-culturales-evita-en-mar-del-plata\/\" \/>\n<meta property=\"og:site_name\" content=\"Horizonte\" \/>\n<meta property=\"article:publisher\" content=\"http:\/\/www.facebook.com\/HORIZONTE106.1\" \/>\n<meta property=\"article:published_time\" content=\"2023-09-26T10:06:52+00:00\" \/>\n<meta property=\"og:image\" content=\"http:\/\/www.radiohorizonte.fm\/radio\/wp-content\/uploads\/2023\/09\/imagen-50184.jpg\" \/>\n\t<meta property=\"og:image:width\" content=\"1280\" \/>\n\t<meta property=\"og:image:height\" content=\"513\" \/>\n\t<meta property=\"og:image:type\" content=\"image\/jpeg\" \/>\n<meta name=\"author\" content=\"Cristian Galarza\" \/>\n<meta name=\"twitter:card\" content=\"summary_large_image\" \/>\n<meta name=\"twitter:creator\" content=\"@fmhorizonte1061\" \/>\n<meta name=\"twitter:site\" content=\"@fmhorizonte1061\" \/>\n<meta name=\"twitter:label1\" content=\"Escrito por\" \/>\n\t<meta name=\"twitter:data1\" content=\"Cristian Galarza\" \/>\n\t<meta name=\"twitter:label2\" content=\"Tiempo de lectura\" \/>\n\t<meta name=\"twitter:data2\" content=\"1 minuto\" \/>\n<script type=\"application\/ld+json\" class=\"yoast-schema-graph\">{\"@context\":\"https:\\\/\\\/schema.org\",\"@graph\":[{\"@type\":\"Article\",\"@id\":\"http:\\\/\\\/www.radiohorizonte.fm\\\/radio\\\/2023\\\/09\\\/26\\\/jovenes-artistas-correntinos-participan-de-los-juegos-culturales-evita-en-mar-del-plata\\\/#article\",\"isPartOf\":{\"@id\":\"http:\\\/\\\/www.radiohorizonte.fm\\\/radio\\\/2023\\\/09\\\/26\\\/jovenes-artistas-correntinos-participan-de-los-juegos-culturales-evita-en-mar-del-plata\\\/\"},\"author\":{\"name\":\"Cristian Galarza\",\"@id\":\"http:\\\/\\\/www.radiohorizonte.fm\\\/radio\\\/#\\\/schema\\\/person\\\/f8fa003a405bb86729fd87d15d0ddafa\"},\"headline\":\"J\u00f3venes artistas correntinos participan de los Juegos Culturales Evita en Mar del Plata\",\"datePublished\":\"2023-09-26T10:06:52+00:00\",\"mainEntityOfPage\":{\"@id\":\"http:\\\/\\\/www.radiohorizonte.fm\\\/radio\\\/2023\\\/09\\\/26\\\/jovenes-artistas-correntinos-participan-de-los-juegos-culturales-evita-en-mar-del-plata\\\/\"},\"wordCount\":197,\"publisher\":{\"@id\":\"http:\\\/\\\/www.radiohorizonte.fm\\\/radio\\\/#organization\"},\"image\":{\"@id\":\"http:\\\/\\\/www.radiohorizonte.fm\\\/radio\\\/2023\\\/09\\\/26\\\/jovenes-artistas-correntinos-participan-de-los-juegos-culturales-evita-en-mar-del-plata\\\/#primaryimage\"},\"thumbnailUrl\":\"http:\\\/\\\/www.radiohorizonte.fm\\\/radio\\\/wp-content\\\/uploads\\\/2023\\\/09\\\/imagen-50184.jpg\",\"articleSection\":[\"Noticias\"],\"inLanguage\":\"es-AR\"},{\"@type\":\"WebPage\",\"@id\":\"http:\\\/\\\/www.radiohorizonte.fm\\\/radio\\\/2023\\\/09\\\/26\\\/jovenes-artistas-correntinos-participan-de-los-juegos-culturales-evita-en-mar-del-plata\\\/\",\"url\":\"http:\\\/\\\/www.radiohorizonte.fm\\\/radio\\\/2023\\\/09\\\/26\\\/jovenes-artistas-correntinos-participan-de-los-juegos-culturales-evita-en-mar-del-plata\\\/\",\"name\":\"J\u00f3venes artistas correntinos participan de los Juegos Culturales Evita en Mar del Plata - Horizonte\",\"isPartOf\":{\"@id\":\"http:\\\/\\\/www.radiohorizonte.fm\\\/radio\\\/#website\"},\"primaryImageOfPage\":{\"@id\":\"http:\\\/\\\/www.radiohorizonte.fm\\\/radio\\\/2023\\\/09\\\/26\\\/jovenes-artistas-correntinos-participan-de-los-juegos-culturales-evita-en-mar-del-plata\\\/#primaryimage\"},\"image\":{\"@id\":\"http:\\\/\\\/www.radiohorizonte.fm\\\/radio\\\/2023\\\/09\\\/26\\\/jovenes-artistas-correntinos-participan-de-los-juegos-culturales-evita-en-mar-del-plata\\\/#primaryimage\"},\"thumbnailUrl\":\"http:\\\/\\\/www.radiohorizonte.fm\\\/radio\\\/wp-content\\\/uploads\\\/2023\\\/09\\\/imagen-50184.jpg\",\"datePublished\":\"2023-09-26T10:06:52+00:00\",\"breadcrumb\":{\"@id\":\"http:\\\/\\\/www.radiohorizonte.fm\\\/radio\\\/2023\\\/09\\\/26\\\/jovenes-artistas-correntinos-participan-de-los-juegos-culturales-evita-en-mar-del-plata\\\/#breadcrumb\"},\"inLanguage\":\"es-AR\",\"potentialAction\":[{\"@type\":\"ReadAction\",\"target\":[\"http:\\\/\\\/www.radiohorizonte.fm\\\/radio\\\/2023\\\/09\\\/26\\\/jovenes-artistas-correntinos-participan-de-los-juegos-culturales-evita-en-mar-del-plata\\\/\"]}]},{\"@type\":\"ImageObject\",\"inLanguage\":\"es-AR\",\"@id\":\"http:\\\/\\\/www.radiohorizonte.fm\\\/radio\\\/2023\\\/09\\\/26\\\/jovenes-artistas-correntinos-participan-de-los-juegos-culturales-evita-en-mar-del-plata\\\/#primaryimage\",\"url\":\"http:\\\/\\\/www.radiohorizonte.fm\\\/radio\\\/wp-content\\\/uploads\\\/2023\\\/09\\\/imagen-50184.jpg\",\"contentUrl\":\"http:\\\/\\\/www.radiohorizonte.fm\\\/radio\\\/wp-content\\\/uploads\\\/2023\\\/09\\\/imagen-50184.jpg\",\"width\":1280,\"height\":513},{\"@type\":\"BreadcrumbList\",\"@id\":\"http:\\\/\\\/www.radiohorizonte.fm\\\/radio\\\/2023\\\/09\\\/26\\\/jovenes-artistas-correntinos-participan-de-los-juegos-culturales-evita-en-mar-del-plata\\\/#breadcrumb\",\"itemListElement\":[{\"@type\":\"ListItem\",\"position\":1,\"name\":\"Home\",\"item\":\"http:\\\/\\\/www.radiohorizonte.fm\\\/radio\\\/\"},{\"@type\":\"ListItem\",\"position\":2,\"name\":\"J\u00f3venes artistas correntinos participan de los Juegos Culturales Evita en Mar del Plata\"}]},{\"@type\":\"WebSite\",\"@id\":\"http:\\\/\\\/www.radiohorizonte.fm\\\/radio\\\/#website\",\"url\":\"http:\\\/\\\/www.radiohorizonte.fm\\\/radio\\\/\",\"name\":\"Horizonte\",\"description\":\"Radio Horizonte 106.1 - Una radio de clasicos\",\"publisher\":{\"@id\":\"http:\\\/\\\/www.radiohorizonte.fm\\\/radio\\\/#organization\"},\"potentialAction\":[{\"@type\":\"SearchAction\",\"target\":{\"@type\":\"EntryPoint\",\"urlTemplate\":\"http:\\\/\\\/www.radiohorizonte.fm\\\/radio\\\/?s={search_term_string}\"},\"query-input\":{\"@type\":\"PropertyValueSpecification\",\"valueRequired\":true,\"valueName\":\"search_term_string\"}}],\"inLanguage\":\"es-AR\"},{\"@type\":\"Organization\",\"@id\":\"http:\\\/\\\/www.radiohorizonte.fm\\\/radio\\\/#organization\",\"name\":\"Horizonte\",\"url\":\"http:\\\/\\\/www.radiohorizonte.fm\\\/radio\\\/\",\"logo\":{\"@type\":\"ImageObject\",\"inLanguage\":\"es-AR\",\"@id\":\"http:\\\/\\\/www.radiohorizonte.fm\\\/radio\\\/#\\\/schema\\\/logo\\\/image\\\/\",\"url\":\"http:\\\/\\\/www.radiohorizonte.fm\\\/radio\\\/wp-content\\\/uploads\\\/2025\\\/06\\\/Portada-FM-Horizonte_modelo-imagen-scaled.jpg\",\"contentUrl\":\"http:\\\/\\\/www.radiohorizonte.fm\\\/radio\\\/wp-content\\\/uploads\\\/2025\\\/06\\\/Portada-FM-Horizonte_modelo-imagen-scaled.jpg\",\"width\":2560,\"height\":1056,\"caption\":\"Horizonte\"},\"image\":{\"@id\":\"http:\\\/\\\/www.radiohorizonte.fm\\\/radio\\\/#\\\/schema\\\/logo\\\/image\\\/\"},\"sameAs\":[\"http:\\\/\\\/www.facebook.com\\\/HORIZONTE106.1\",\"https:\\\/\\\/x.com\\\/fmhorizonte1061\"]},{\"@type\":\"Person\",\"@id\":\"http:\\\/\\\/www.radiohorizonte.fm\\\/radio\\\/#\\\/schema\\\/person\\\/f8fa003a405bb86729fd87d15d0ddafa\",\"name\":\"Cristian Galarza\",\"image\":{\"@type\":\"ImageObject\",\"inLanguage\":\"es-AR\",\"@id\":\"https:\\\/\\\/secure.gravatar.com\\\/avatar\\\/fad34bc2c773209c05d7d53b08a69b680eeb55f3be014e52b31643d20ab65925?s=96&d=mm&r=g\",\"url\":\"https:\\\/\\\/secure.gravatar.com\\\/avatar\\\/fad34bc2c773209c05d7d53b08a69b680eeb55f3be014e52b31643d20ab65925?s=96&d=mm&r=g\",\"contentUrl\":\"https:\\\/\\\/secure.gravatar.com\\\/avatar\\\/fad34bc2c773209c05d7d53b08a69b680eeb55f3be014e52b31643d20ab65925?s=96&d=mm&r=g\",\"caption\":\"Cristian Galarza\"},\"url\":\"http:\\\/\\\/www.radiohorizonte.fm\\\/radio\\\/author\\\/cristian\\\/\"}]}<\/script>\n<!-- \/ Yoast SEO plugin. -->","yoast_head_json":{"title":"J\u00f3venes artistas correntinos participan de los Juegos Culturales Evita en Mar del Plata - Horizonte","robots":{"index":"index","follow":"follow","max-snippet":"max-snippet:-1","max-image-preview":"max-image-preview:large","max-video-preview":"max-video-preview:-1"},"canonical":"http:\/\/www.radiohorizonte.fm\/radio\/2023\/09\/26\/jovenes-artistas-correntinos-participan-de-los-juegos-culturales-evita-en-mar-del-plata\/","og_locale":"es_ES","og_type":"article","og_title":"J\u00f3venes artistas correntinos participan de los Juegos Culturales Evita en Mar del Plata - Horizonte","og_description":"Con la coordinaci\u00f3n del Instituto de Cultura de Corrientes, a trav\u00e9s de la Direcci\u00f3n de Relaciones Institucionales, una delegaci\u00f3n de j\u00f3venes artistas -de 16 municipios- llegaron este lunes al mediod\u00eda a la ciudad de Mar del Plata, para representar a la provincia en los Juegos Culturales Evita 2023. El grupo est\u00e1 integrado por los ganadores","og_url":"http:\/\/www.radiohorizonte.fm\/radio\/2023\/09\/26\/jovenes-artistas-correntinos-participan-de-los-juegos-culturales-evita-en-mar-del-plata\/","og_site_name":"Horizonte","article_publisher":"http:\/\/www.facebook.com\/HORIZONTE106.1","article_published_time":"2023-09-26T10:06:52+00:00","og_image":[{"width":1280,"height":513,"url":"http:\/\/www.radiohorizonte.fm\/radio\/wp-content\/uploads\/2023\/09\/imagen-50184.jpg","type":"image\/jpeg"}],"author":"Cristian Galarza","twitter_card":"summary_large_image","twitter_creator":"@fmhorizonte1061","twitter_site":"@fmhorizonte1061","twitter_misc":{"Escrito por":"Cristian Galarza","Tiempo de lectura":"1 minuto"},"schema":{"@context":"https:\/\/schema.org","@graph":[{"@type":"Article","@id":"http:\/\/www.radiohorizonte.fm\/radio\/2023\/09\/26\/jovenes-artistas-correntinos-participan-de-los-juegos-culturales-evita-en-mar-del-plata\/#article","isPartOf":{"@id":"http:\/\/www.radiohorizonte.fm\/radio\/2023\/09\/26\/jovenes-artistas-correntinos-participan-de-los-juegos-culturales-evita-en-mar-del-plata\/"},"author":{"name":"Cristian Galarza","@id":"http:\/\/www.radiohorizonte.fm\/radio\/#\/schema\/person\/f8fa003a405bb86729fd87d15d0ddafa"},"headline":"J\u00f3venes artistas correntinos participan de los Juegos Culturales Evita en Mar del Plata","datePublished":"2023-09-26T10:06:52+00:00","mainEntityOfPage":{"@id":"http:\/\/www.radiohorizonte.fm\/radio\/2023\/09\/26\/jovenes-artistas-correntinos-participan-de-los-juegos-culturales-evita-en-mar-del-plata\/"},"wordCount":197,"publisher":{"@id":"http:\/\/www.radiohorizonte.fm\/radio\/#organization"},"image":{"@id":"http:\/\/www.radiohorizonte.fm\/radio\/2023\/09\/26\/jovenes-artistas-correntinos-participan-de-los-juegos-culturales-evita-en-mar-del-plata\/#primaryimage"},"thumbnailUrl":"http:\/\/www.radiohorizonte.fm\/radio\/wp-content\/uploads\/2023\/09\/imagen-50184.jpg","articleSection":["Noticias"],"inLanguage":"es-AR"},{"@type":"WebPage","@id":"http:\/\/www.radiohorizonte.fm\/radio\/2023\/09\/26\/jovenes-artistas-correntinos-participan-de-los-juegos-culturales-evita-en-mar-del-plata\/","url":"http:\/\/www.radiohorizonte.fm\/radio\/2023\/09\/26\/jovenes-artistas-correntinos-participan-de-los-juegos-culturales-evita-en-mar-del-plata\/","name":"J\u00f3venes artistas correntinos participan de los Juegos Culturales Evita en Mar del Plata - Horizonte","isPartOf":{"@id":"http:\/\/www.radiohorizonte.fm\/radio\/#website"},"primaryImageOfPage":{"@id":"http:\/\/www.radiohorizonte.fm\/radio\/2023\/09\/26\/jovenes-artistas-correntinos-participan-de-los-juegos-culturales-evita-en-mar-del-plata\/#primaryimage"},"image":{"@id":"http:\/\/www.radiohorizonte.fm\/radio\/2023\/09\/26\/jovenes-artistas-correntinos-participan-de-los-juegos-culturales-evita-en-mar-del-plata\/#primaryimage"},"thumbnailUrl":"http:\/\/www.radiohorizonte.fm\/radio\/wp-content\/uploads\/2023\/09\/imagen-50184.jpg","datePublished":"2023-09-26T10:06:52+00:00","breadcrumb":{"@id":"http:\/\/www.radiohorizonte.fm\/radio\/2023\/09\/26\/jovenes-artistas-correntinos-participan-de-los-juegos-culturales-evita-en-mar-del-plata\/#breadcrumb"},"inLanguage":"es-AR","potentialAction":[{"@type":"ReadAction","target":["http:\/\/www.radiohorizonte.fm\/radio\/2023\/09\/26\/jovenes-artistas-correntinos-participan-de-los-juegos-culturales-evita-en-mar-del-plata\/"]}]},{"@type":"ImageObject","inLanguage":"es-AR","@id":"http:\/\/www.radiohorizonte.fm\/radio\/2023\/09\/26\/jovenes-artistas-correntinos-participan-de-los-juegos-culturales-evita-en-mar-del-plata\/#primaryimage","url":"http:\/\/www.radiohorizonte.fm\/radio\/wp-content\/uploads\/2023\/09\/imagen-50184.jpg","contentUrl":"http:\/\/www.radiohorizonte.fm\/radio\/wp-content\/uploads\/2023\/09\/imagen-50184.jpg","width":1280,"height":513},{"@type":"BreadcrumbList","@id":"http:\/\/www.radiohorizonte.fm\/radio\/2023\/09\/26\/jovenes-artistas-correntinos-participan-de-los-juegos-culturales-evita-en-mar-del-plata\/#breadcrumb","itemListElement":[{"@type":"ListItem","position":1,"name":"Home","item":"http:\/\/www.radiohorizonte.fm\/radio\/"},{"@type":"ListItem","position":2,"name":"J\u00f3venes artistas correntinos participan de los Juegos Culturales Evita en Mar del Plata"}]},{"@type":"WebSite","@id":"http:\/\/www.radiohorizonte.fm\/radio\/#website","url":"http:\/\/www.radiohorizonte.fm\/radio\/","name":"Horizonte","description":"Radio Horizonte 106.1 - Una radio de clasicos","publisher":{"@id":"http:\/\/www.radiohorizonte.fm\/radio\/#organization"},"potentialAction":[{"@type":"SearchAction","target":{"@type":"EntryPoint","urlTemplate":"http:\/\/www.radiohorizonte.fm\/radio\/?s={search_term_string}"},"query-input":{"@type":"PropertyValueSpecification","valueRequired":true,"valueName":"search_term_string"}}],"inLanguage":"es-AR"},{"@type":"Organization","@id":"http:\/\/www.radiohorizonte.fm\/radio\/#organization","name":"Horizonte","url":"http:\/\/www.radiohorizonte.fm\/radio\/","logo":{"@type":"ImageObject","inLanguage":"es-AR","@id":"http:\/\/www.radiohorizonte.fm\/radio\/#\/schema\/logo\/image\/","url":"http:\/\/www.radiohorizonte.fm\/radio\/wp-content\/uploads\/2025\/06\/Portada-FM-Horizonte_modelo-imagen-scaled.jpg","contentUrl":"http:\/\/www.radiohorizonte.fm\/radio\/wp-content\/uploads\/2025\/06\/Portada-FM-Horizonte_modelo-imagen-scaled.jpg","width":2560,"height":1056,"caption":"Horizonte"},"image":{"@id":"http:\/\/www.radiohorizonte.fm\/radio\/#\/schema\/logo\/image\/"},"sameAs":["http:\/\/www.facebook.com\/HORIZONTE106.1","https:\/\/x.com\/fmhorizonte1061"]},{"@type":"Person","@id":"http:\/\/www.radiohorizonte.fm\/radio\/#\/schema\/person\/f8fa003a405bb86729fd87d15d0ddafa","name":"Cristian Galarza","image":{"@type":"ImageObject","inLanguage":"es-AR","@id":"https:\/\/secure.gravatar.com\/avatar\/fad34bc2c773209c05d7d53b08a69b680eeb55f3be014e52b31643d20ab65925?s=96&d=mm&r=g","url":"https:\/\/secure.gravatar.com\/avatar\/fad34bc2c773209c05d7d53b08a69b680eeb55f3be014e52b31643d20ab65925?s=96&d=mm&r=g","contentUrl":"https:\/\/secure.gravatar.com\/avatar\/fad34bc2c773209c05d7d53b08a69b680eeb55f3be014e52b31643d20ab65925?s=96&d=mm&r=g","caption":"Cristian Galarza"},"url":"http:\/\/www.radiohorizonte.fm\/radio\/author\/cristian\/"}]}},"_links":{"self":[{"href":"http:\/\/www.radiohorizonte.fm\/radio\/wp-json\/wp\/v2\/posts\/42120","targetHints":{"allow":["GET"]}}],"collection":[{"href":"http:\/\/www.radiohorizonte.fm\/radio\/wp-json\/wp\/v2\/posts"}],"about":[{"href":"http:\/\/www.radiohorizonte.fm\/radio\/wp-json\/wp\/v2\/types\/post"}],"author":[{"embeddable":true,"href":"http:\/\/www.radiohorizonte.fm\/radio\/wp-json\/wp\/v2\/users\/2"}],"replies":[{"embeddable":true,"href":"http:\/\/www.radiohorizonte.fm\/radio\/wp-json\/wp\/v2\/comments?post=42120"}],"version-history":[{"count":1,"href":"http:\/\/www.radiohorizonte.fm\/radio\/wp-json\/wp\/v2\/posts\/42120\/revisions"}],"predecessor-version":[{"id":42122,"href":"http:\/\/www.radiohorizonte.fm\/radio\/wp-json\/wp\/v2\/posts\/42120\/revisions\/42122"}],"wp:featuredmedia":[{"embeddable":true,"href":"http:\/\/www.radiohorizonte.fm\/radio\/wp-json\/wp\/v2\/media\/42121"}],"wp:attachment":[{"href":"http:\/\/www.radiohorizonte.fm\/radio\/wp-json\/wp\/v2\/media?parent=42120"}],"wp:term":[{"taxonomy":"category","embeddable":true,"href":"http:\/\/www.radiohorizonte.fm\/radio\/wp-json\/wp\/v2\/categories?post=42120"},{"taxonomy":"post_tag","embeddable":true,"href":"http:\/\/www.radiohorizonte.fm\/radio\/wp-json\/wp\/v2\/tags?post=42120"}],"curies":[{"name":"wp","href":"https:\/\/api.w.org\/{rel}","templated":true}]}}