{"id":42127,"date":"2023-09-26T07:45:49","date_gmt":"2023-09-26T10:45:49","guid":{"rendered":"http:\/\/www.radiohorizonte.fm\/radio\/?p=42127"},"modified":"2023-09-26T07:45:49","modified_gmt":"2023-09-26T10:45:49","slug":"el-gobierno-define-un-aumento-para-el-salario-minimo-vital-y-movil","status":"publish","type":"post","link":"http:\/\/www.radiohorizonte.fm\/radio\/2023\/09\/26\/el-gobierno-define-un-aumento-para-el-salario-minimo-vital-y-movil\/","title":{"rendered":"El Gobierno define un aumento para el Salario M\u00ednimo, Vital y M\u00f3vil:"},"content":{"rendered":"<p>El Ministerio de Trabajo convoc\u00f3 a una reuni\u00f3n programada junto al Consejo para el mi\u00e9rcoles 27 de septiembre en la que se discutir\u00e1 el posible incremento del salario m\u00ednimo vital y m\u00f3vil. Esta cuesti\u00f3n es relevante porque tambi\u00e9n influye en la Prestaci\u00f3n por Desempleo, que actualmente tiene un l\u00edmite m\u00ednimo de 432.771,10 y un l\u00edmite m\u00e1ximo de $54.628,50.<br \/>\n<img loading=\"lazy\" decoding=\"async\" src=\"http:\/\/www.radiohorizonte.fm\/radio\/wp-content\/uploads\/2023\/03\/salario-billetera-plata-pesos.jpg\" alt=\"\" width=\"1200\" height=\"675\" class=\"alignnone size-full wp-image-40433\" srcset=\"http:\/\/www.radiohorizonte.fm\/radio\/wp-content\/uploads\/2023\/03\/salario-billetera-plata-pesos.jpg 1200w, http:\/\/www.radiohorizonte.fm\/radio\/wp-content\/uploads\/2023\/03\/salario-billetera-plata-pesos-300x169.jpg 300w, http:\/\/www.radiohorizonte.fm\/radio\/wp-content\/uploads\/2023\/03\/salario-billetera-plata-pesos-768x432.jpg 768w, http:\/\/www.radiohorizonte.fm\/radio\/wp-content\/uploads\/2023\/03\/salario-billetera-plata-pesos-1024x576.jpg 1024w, http:\/\/www.radiohorizonte.fm\/radio\/wp-content\/uploads\/2023\/03\/salario-billetera-plata-pesos-65x37.jpg 65w, http:\/\/www.radiohorizonte.fm\/radio\/wp-content\/uploads\/2023\/03\/salario-billetera-plata-pesos-320x180.jpg 320w, http:\/\/www.radiohorizonte.fm\/radio\/wp-content\/uploads\/2023\/03\/salario-billetera-plata-pesos-85x48.jpg 85w, http:\/\/www.radiohorizonte.fm\/radio\/wp-content\/uploads\/2023\/03\/salario-billetera-plata-pesos-220x125.jpg 220w, http:\/\/www.radiohorizonte.fm\/radio\/wp-content\/uploads\/2023\/03\/salario-billetera-plata-pesos-90x51.jpg 90w\" sizes=\"auto, (max-width: 1200px) 100vw, 1200px\" \/><\/p>\n<p>En esa misma l\u00ednea, los representantes del Ministerio de Econom\u00eda sugirieron que el salario m\u00ednimo actual, que es de $118.000, podr\u00eda llegar a tener una suba de hasta $150.000. Por otra parte, algunos analistas m\u00e1s positivos lo proyectan en alrededor de $200.000.<\/p>\n<p>Respecto a la preocupaci\u00f3n por parte del sector empresarial ante un nuevo aumento, los analistas se\u00f1alaron que \u201cestos valores no les afectan, ya que las negociaciones salariales en las empresas suelen estar por encima de este m\u00ednimo; en todo caso, el esfuerzo recae en el Estado a trav\u00e9s de diversos planes y programas\u201d.<\/p>\n<p>Qu\u00e9 es el Salario M\u00ednimo, Vital y M\u00f3vil<br \/>\nPese a que es un concepto que se ha escuchado en reiteradas ocasiones en el \u00faltimo tiempo, algunos no saben en qu\u00e9 consiste realmente. De acuerdo la Ley Nacional de Empleo (Ley N\u00ba 24.013), el Salario M\u00ednimo, Vital y M\u00f3vil es \u201cla menor remuneraci\u00f3n que debe percibir en efectivo el trabajador sin cargas de familia, en su jornada legal de trabajo, de modo que le asegure alimentaci\u00f3n adecuada, vivienda digna, educaci\u00f3n, vestuario, asistencia sanitaria, transporte y esparcimiento, vacaciones y previsi\u00f3n\u201d.<\/p>\n<p>Asimismo, esta ley estipula que \u201ctodo trabajador mayor de dieciocho (18) a\u00f1os tiene el derecho a recibir una compensaci\u00f3n no inferior al Salario M\u00ednimo, Vital y M\u00f3vil, determinado seg\u00fan las disposiciones legales y los organismos pertinentes\u201d.<\/p>\n<p>El monto del salario se establece mediante reuniones y acuerdos entre representantes del Gobierno, los sindicatos y las empresas, los cuales integran el Consejo Nacional de Empleo, Productividad y Salario, M\u00ednimo Vital y M\u00f3vil (CNEPSMVM). Entre ellos se coordina cu\u00e1l ser\u00e1 el est\u00e1ndar para determinar cu\u00e1nto se le pagar\u00e1 a diferentes sectores de la sociedad.<\/p>\n","protected":false},"excerpt":{"rendered":"<div class=\"post-excerpt\"><p>El Ministerio de Trabajo convoc\u00f3 a una reuni\u00f3n programada junto al Consejo para el mi\u00e9rcoles 27 de septiembre en la que se discutir\u00e1 el posible incremento del salario m\u00ednimo vital y m\u00f3vil. Esta cuesti\u00f3n es relevante porque tambi\u00e9n influye en la Prestaci\u00f3n por Desempleo, que actualmente tiene un l\u00edmite m\u00ednimo de 432.771,10 y un l\u00edmite<\/p>\n<\/div>","protected":false},"author":2,"featured_media":40433,"comment_status":"closed","ping_status":"closed","sticky":false,"template":"","format":"standard","meta":{"_acf_changed":false,"footnotes":""},"categories":[2],"tags":[],"class_list":["post-42127","post","type-post","status-publish","format-standard","has-post-thumbnail","hentry","category-noticias"],"acf":[],"yoast_head":"<!-- This site is optimized with the Yoast SEO plugin v28.1 - https:\/\/yoast.com\/product\/yoast-seo-wordpress\/ -->\n<title>El Gobierno define un aumento para el Salario M\u00ednimo, Vital y M\u00f3vil: - Horizonte<\/title>\n<meta name=\"robots\" content=\"index, follow, max-snippet:-1, max-image-preview:large, max-video-preview:-1\" \/>\n<link rel=\"canonical\" href=\"http:\/\/www.radiohorizonte.fm\/radio\/2023\/09\/26\/el-gobierno-define-un-aumento-para-el-salario-minimo-vital-y-movil\/\" \/>\n<meta property=\"og:locale\" content=\"es_ES\" \/>\n<meta property=\"og:type\" content=\"article\" \/>\n<meta property=\"og:title\" content=\"El Gobierno define un aumento para el Salario M\u00ednimo, Vital y M\u00f3vil: - Horizonte\" \/>\n<meta property=\"og:description\" content=\"El Ministerio de Trabajo convoc\u00f3 a una reuni\u00f3n programada junto al Consejo para el mi\u00e9rcoles 27 de septiembre en la que se discutir\u00e1 el posible incremento del salario m\u00ednimo vital y m\u00f3vil. Esta cuesti\u00f3n es relevante porque tambi\u00e9n influye en la Prestaci\u00f3n por Desempleo, que actualmente tiene un l\u00edmite m\u00ednimo de 432.771,10 y un l\u00edmite\" \/>\n<meta property=\"og:url\" content=\"http:\/\/www.radiohorizonte.fm\/radio\/2023\/09\/26\/el-gobierno-define-un-aumento-para-el-salario-minimo-vital-y-movil\/\" \/>\n<meta property=\"og:site_name\" content=\"Horizonte\" \/>\n<meta property=\"article:publisher\" content=\"http:\/\/www.facebook.com\/HORIZONTE106.1\" \/>\n<meta property=\"article:published_time\" content=\"2023-09-26T10:45:49+00:00\" \/>\n<meta property=\"og:image\" content=\"http:\/\/www.radiohorizonte.fm\/radio\/wp-content\/uploads\/2023\/03\/salario-billetera-plata-pesos.jpg\" \/>\n\t<meta property=\"og:image:width\" content=\"1200\" \/>\n\t<meta property=\"og:image:height\" content=\"675\" \/>\n\t<meta property=\"og:image:type\" content=\"image\/jpeg\" \/>\n<meta name=\"author\" content=\"Cristian Galarza\" \/>\n<meta name=\"twitter:card\" content=\"summary_large_image\" \/>\n<meta name=\"twitter:creator\" content=\"@fmhorizonte1061\" \/>\n<meta name=\"twitter:site\" content=\"@fmhorizonte1061\" \/>\n<meta name=\"twitter:label1\" content=\"Escrito por\" \/>\n\t<meta name=\"twitter:data1\" content=\"Cristian Galarza\" \/>\n\t<meta name=\"twitter:label2\" content=\"Tiempo de lectura\" \/>\n\t<meta name=\"twitter:data2\" content=\"2 minutos\" \/>\n<script type=\"application\/ld+json\" class=\"yoast-schema-graph\">{\"@context\":\"https:\\\/\\\/schema.org\",\"@graph\":[{\"@type\":\"Article\",\"@id\":\"http:\\\/\\\/www.radiohorizonte.fm\\\/radio\\\/2023\\\/09\\\/26\\\/el-gobierno-define-un-aumento-para-el-salario-minimo-vital-y-movil\\\/#article\",\"isPartOf\":{\"@id\":\"http:\\\/\\\/www.radiohorizonte.fm\\\/radio\\\/2023\\\/09\\\/26\\\/el-gobierno-define-un-aumento-para-el-salario-minimo-vital-y-movil\\\/\"},\"author\":{\"name\":\"Cristian Galarza\",\"@id\":\"http:\\\/\\\/www.radiohorizonte.fm\\\/radio\\\/#\\\/schema\\\/person\\\/f8fa003a405bb86729fd87d15d0ddafa\"},\"headline\":\"El Gobierno define un aumento para el Salario M\u00ednimo, Vital y M\u00f3vil:\",\"datePublished\":\"2023-09-26T10:45:49+00:00\",\"mainEntityOfPage\":{\"@id\":\"http:\\\/\\\/www.radiohorizonte.fm\\\/radio\\\/2023\\\/09\\\/26\\\/el-gobierno-define-un-aumento-para-el-salario-minimo-vital-y-movil\\\/\"},\"wordCount\":376,\"publisher\":{\"@id\":\"http:\\\/\\\/www.radiohorizonte.fm\\\/radio\\\/#organization\"},\"image\":{\"@id\":\"http:\\\/\\\/www.radiohorizonte.fm\\\/radio\\\/2023\\\/09\\\/26\\\/el-gobierno-define-un-aumento-para-el-salario-minimo-vital-y-movil\\\/#primaryimage\"},\"thumbnailUrl\":\"http:\\\/\\\/www.radiohorizonte.fm\\\/radio\\\/wp-content\\\/uploads\\\/2023\\\/03\\\/salario-billetera-plata-pesos.jpg\",\"articleSection\":[\"Noticias\"],\"inLanguage\":\"es-AR\"},{\"@type\":\"WebPage\",\"@id\":\"http:\\\/\\\/www.radiohorizonte.fm\\\/radio\\\/2023\\\/09\\\/26\\\/el-gobierno-define-un-aumento-para-el-salario-minimo-vital-y-movil\\\/\",\"url\":\"http:\\\/\\\/www.radiohorizonte.fm\\\/radio\\\/2023\\\/09\\\/26\\\/el-gobierno-define-un-aumento-para-el-salario-minimo-vital-y-movil\\\/\",\"name\":\"El Gobierno define un aumento para el Salario M\u00ednimo, Vital y M\u00f3vil: - Horizonte\",\"isPartOf\":{\"@id\":\"http:\\\/\\\/www.radiohorizonte.fm\\\/radio\\\/#website\"},\"primaryImageOfPage\":{\"@id\":\"http:\\\/\\\/www.radiohorizonte.fm\\\/radio\\\/2023\\\/09\\\/26\\\/el-gobierno-define-un-aumento-para-el-salario-minimo-vital-y-movil\\\/#primaryimage\"},\"image\":{\"@id\":\"http:\\\/\\\/www.radiohorizonte.fm\\\/radio\\\/2023\\\/09\\\/26\\\/el-gobierno-define-un-aumento-para-el-salario-minimo-vital-y-movil\\\/#primaryimage\"},\"thumbnailUrl\":\"http:\\\/\\\/www.radiohorizonte.fm\\\/radio\\\/wp-content\\\/uploads\\\/2023\\\/03\\\/salario-billetera-plata-pesos.jpg\",\"datePublished\":\"2023-09-26T10:45:49+00:00\",\"breadcrumb\":{\"@id\":\"http:\\\/\\\/www.radiohorizonte.fm\\\/radio\\\/2023\\\/09\\\/26\\\/el-gobierno-define-un-aumento-para-el-salario-minimo-vital-y-movil\\\/#breadcrumb\"},\"inLanguage\":\"es-AR\",\"potentialAction\":[{\"@type\":\"ReadAction\",\"target\":[\"http:\\\/\\\/www.radiohorizonte.fm\\\/radio\\\/2023\\\/09\\\/26\\\/el-gobierno-define-un-aumento-para-el-salario-minimo-vital-y-movil\\\/\"]}]},{\"@type\":\"ImageObject\",\"inLanguage\":\"es-AR\",\"@id\":\"http:\\\/\\\/www.radiohorizonte.fm\\\/radio\\\/2023\\\/09\\\/26\\\/el-gobierno-define-un-aumento-para-el-salario-minimo-vital-y-movil\\\/#primaryimage\",\"url\":\"http:\\\/\\\/www.radiohorizonte.fm\\\/radio\\\/wp-content\\\/uploads\\\/2023\\\/03\\\/salario-billetera-plata-pesos.jpg\",\"contentUrl\":\"http:\\\/\\\/www.radiohorizonte.fm\\\/radio\\\/wp-content\\\/uploads\\\/2023\\\/03\\\/salario-billetera-plata-pesos.jpg\",\"width\":1200,\"height\":675},{\"@type\":\"BreadcrumbList\",\"@id\":\"http:\\\/\\\/www.radiohorizonte.fm\\\/radio\\\/2023\\\/09\\\/26\\\/el-gobierno-define-un-aumento-para-el-salario-minimo-vital-y-movil\\\/#breadcrumb\",\"itemListElement\":[{\"@type\":\"ListItem\",\"position\":1,\"name\":\"Home\",\"item\":\"http:\\\/\\\/www.radiohorizonte.fm\\\/radio\\\/\"},{\"@type\":\"ListItem\",\"position\":2,\"name\":\"El Gobierno define un aumento para el Salario M\u00ednimo, Vital y M\u00f3vil:\"}]},{\"@type\":\"WebSite\",\"@id\":\"http:\\\/\\\/www.radiohorizonte.fm\\\/radio\\\/#website\",\"url\":\"http:\\\/\\\/www.radiohorizonte.fm\\\/radio\\\/\",\"name\":\"Horizonte\",\"description\":\"Radio Horizonte 106.1 - Una radio de clasicos\",\"publisher\":{\"@id\":\"http:\\\/\\\/www.radiohorizonte.fm\\\/radio\\\/#organization\"},\"potentialAction\":[{\"@type\":\"SearchAction\",\"target\":{\"@type\":\"EntryPoint\",\"urlTemplate\":\"http:\\\/\\\/www.radiohorizonte.fm\\\/radio\\\/?s={search_term_string}\"},\"query-input\":{\"@type\":\"PropertyValueSpecification\",\"valueRequired\":true,\"valueName\":\"search_term_string\"}}],\"inLanguage\":\"es-AR\"},{\"@type\":\"Organization\",\"@id\":\"http:\\\/\\\/www.radiohorizonte.fm\\\/radio\\\/#organization\",\"name\":\"Horizonte\",\"url\":\"http:\\\/\\\/www.radiohorizonte.fm\\\/radio\\\/\",\"logo\":{\"@type\":\"ImageObject\",\"inLanguage\":\"es-AR\",\"@id\":\"http:\\\/\\\/www.radiohorizonte.fm\\\/radio\\\/#\\\/schema\\\/logo\\\/image\\\/\",\"url\":\"http:\\\/\\\/www.radiohorizonte.fm\\\/radio\\\/wp-content\\\/uploads\\\/2025\\\/06\\\/Portada-FM-Horizonte_modelo-imagen-scaled.jpg\",\"contentUrl\":\"http:\\\/\\\/www.radiohorizonte.fm\\\/radio\\\/wp-content\\\/uploads\\\/2025\\\/06\\\/Portada-FM-Horizonte_modelo-imagen-scaled.jpg\",\"width\":2560,\"height\":1056,\"caption\":\"Horizonte\"},\"image\":{\"@id\":\"http:\\\/\\\/www.radiohorizonte.fm\\\/radio\\\/#\\\/schema\\\/logo\\\/image\\\/\"},\"sameAs\":[\"http:\\\/\\\/www.facebook.com\\\/HORIZONTE106.1\",\"https:\\\/\\\/x.com\\\/fmhorizonte1061\"]},{\"@type\":\"Person\",\"@id\":\"http:\\\/\\\/www.radiohorizonte.fm\\\/radio\\\/#\\\/schema\\\/person\\\/f8fa003a405bb86729fd87d15d0ddafa\",\"name\":\"Cristian Galarza\",\"image\":{\"@type\":\"ImageObject\",\"inLanguage\":\"es-AR\",\"@id\":\"https:\\\/\\\/secure.gravatar.com\\\/avatar\\\/fad34bc2c773209c05d7d53b08a69b680eeb55f3be014e52b31643d20ab65925?s=96&d=mm&r=g\",\"url\":\"https:\\\/\\\/secure.gravatar.com\\\/avatar\\\/fad34bc2c773209c05d7d53b08a69b680eeb55f3be014e52b31643d20ab65925?s=96&d=mm&r=g\",\"contentUrl\":\"https:\\\/\\\/secure.gravatar.com\\\/avatar\\\/fad34bc2c773209c05d7d53b08a69b680eeb55f3be014e52b31643d20ab65925?s=96&d=mm&r=g\",\"caption\":\"Cristian Galarza\"},\"url\":\"http:\\\/\\\/www.radiohorizonte.fm\\\/radio\\\/author\\\/cristian\\\/\"}]}<\/script>\n<!-- \/ Yoast SEO plugin. -->","yoast_head_json":{"title":"El Gobierno define un aumento para el Salario M\u00ednimo, Vital y M\u00f3vil: - Horizonte","robots":{"index":"index","follow":"follow","max-snippet":"max-snippet:-1","max-image-preview":"max-image-preview:large","max-video-preview":"max-video-preview:-1"},"canonical":"http:\/\/www.radiohorizonte.fm\/radio\/2023\/09\/26\/el-gobierno-define-un-aumento-para-el-salario-minimo-vital-y-movil\/","og_locale":"es_ES","og_type":"article","og_title":"El Gobierno define un aumento para el Salario M\u00ednimo, Vital y M\u00f3vil: - Horizonte","og_description":"El Ministerio de Trabajo convoc\u00f3 a una reuni\u00f3n programada junto al Consejo para el mi\u00e9rcoles 27 de septiembre en la que se discutir\u00e1 el posible incremento del salario m\u00ednimo vital y m\u00f3vil. Esta cuesti\u00f3n es relevante porque tambi\u00e9n influye en la Prestaci\u00f3n por Desempleo, que actualmente tiene un l\u00edmite m\u00ednimo de 432.771,10 y un l\u00edmite","og_url":"http:\/\/www.radiohorizonte.fm\/radio\/2023\/09\/26\/el-gobierno-define-un-aumento-para-el-salario-minimo-vital-y-movil\/","og_site_name":"Horizonte","article_publisher":"http:\/\/www.facebook.com\/HORIZONTE106.1","article_published_time":"2023-09-26T10:45:49+00:00","og_image":[{"width":1200,"height":675,"url":"http:\/\/www.radiohorizonte.fm\/radio\/wp-content\/uploads\/2023\/03\/salario-billetera-plata-pesos.jpg","type":"image\/jpeg"}],"author":"Cristian Galarza","twitter_card":"summary_large_image","twitter_creator":"@fmhorizonte1061","twitter_site":"@fmhorizonte1061","twitter_misc":{"Escrito por":"Cristian Galarza","Tiempo de lectura":"2 minutos"},"schema":{"@context":"https:\/\/schema.org","@graph":[{"@type":"Article","@id":"http:\/\/www.radiohorizonte.fm\/radio\/2023\/09\/26\/el-gobierno-define-un-aumento-para-el-salario-minimo-vital-y-movil\/#article","isPartOf":{"@id":"http:\/\/www.radiohorizonte.fm\/radio\/2023\/09\/26\/el-gobierno-define-un-aumento-para-el-salario-minimo-vital-y-movil\/"},"author":{"name":"Cristian Galarza","@id":"http:\/\/www.radiohorizonte.fm\/radio\/#\/schema\/person\/f8fa003a405bb86729fd87d15d0ddafa"},"headline":"El Gobierno define un aumento para el Salario M\u00ednimo, Vital y M\u00f3vil:","datePublished":"2023-09-26T10:45:49+00:00","mainEntityOfPage":{"@id":"http:\/\/www.radiohorizonte.fm\/radio\/2023\/09\/26\/el-gobierno-define-un-aumento-para-el-salario-minimo-vital-y-movil\/"},"wordCount":376,"publisher":{"@id":"http:\/\/www.radiohorizonte.fm\/radio\/#organization"},"image":{"@id":"http:\/\/www.radiohorizonte.fm\/radio\/2023\/09\/26\/el-gobierno-define-un-aumento-para-el-salario-minimo-vital-y-movil\/#primaryimage"},"thumbnailUrl":"http:\/\/www.radiohorizonte.fm\/radio\/wp-content\/uploads\/2023\/03\/salario-billetera-plata-pesos.jpg","articleSection":["Noticias"],"inLanguage":"es-AR"},{"@type":"WebPage","@id":"http:\/\/www.radiohorizonte.fm\/radio\/2023\/09\/26\/el-gobierno-define-un-aumento-para-el-salario-minimo-vital-y-movil\/","url":"http:\/\/www.radiohorizonte.fm\/radio\/2023\/09\/26\/el-gobierno-define-un-aumento-para-el-salario-minimo-vital-y-movil\/","name":"El Gobierno define un aumento para el Salario M\u00ednimo, Vital y M\u00f3vil: - Horizonte","isPartOf":{"@id":"http:\/\/www.radiohorizonte.fm\/radio\/#website"},"primaryImageOfPage":{"@id":"http:\/\/www.radiohorizonte.fm\/radio\/2023\/09\/26\/el-gobierno-define-un-aumento-para-el-salario-minimo-vital-y-movil\/#primaryimage"},"image":{"@id":"http:\/\/www.radiohorizonte.fm\/radio\/2023\/09\/26\/el-gobierno-define-un-aumento-para-el-salario-minimo-vital-y-movil\/#primaryimage"},"thumbnailUrl":"http:\/\/www.radiohorizonte.fm\/radio\/wp-content\/uploads\/2023\/03\/salario-billetera-plata-pesos.jpg","datePublished":"2023-09-26T10:45:49+00:00","breadcrumb":{"@id":"http:\/\/www.radiohorizonte.fm\/radio\/2023\/09\/26\/el-gobierno-define-un-aumento-para-el-salario-minimo-vital-y-movil\/#breadcrumb"},"inLanguage":"es-AR","potentialAction":[{"@type":"ReadAction","target":["http:\/\/www.radiohorizonte.fm\/radio\/2023\/09\/26\/el-gobierno-define-un-aumento-para-el-salario-minimo-vital-y-movil\/"]}]},{"@type":"ImageObject","inLanguage":"es-AR","@id":"http:\/\/www.radiohorizonte.fm\/radio\/2023\/09\/26\/el-gobierno-define-un-aumento-para-el-salario-minimo-vital-y-movil\/#primaryimage","url":"http:\/\/www.radiohorizonte.fm\/radio\/wp-content\/uploads\/2023\/03\/salario-billetera-plata-pesos.jpg","contentUrl":"http:\/\/www.radiohorizonte.fm\/radio\/wp-content\/uploads\/2023\/03\/salario-billetera-plata-pesos.jpg","width":1200,"height":675},{"@type":"BreadcrumbList","@id":"http:\/\/www.radiohorizonte.fm\/radio\/2023\/09\/26\/el-gobierno-define-un-aumento-para-el-salario-minimo-vital-y-movil\/#breadcrumb","itemListElement":[{"@type":"ListItem","position":1,"name":"Home","item":"http:\/\/www.radiohorizonte.fm\/radio\/"},{"@type":"ListItem","position":2,"name":"El Gobierno define un aumento para el Salario M\u00ednimo, Vital y M\u00f3vil:"}]},{"@type":"WebSite","@id":"http:\/\/www.radiohorizonte.fm\/radio\/#website","url":"http:\/\/www.radiohorizonte.fm\/radio\/","name":"Horizonte","description":"Radio Horizonte 106.1 - Una radio de clasicos","publisher":{"@id":"http:\/\/www.radiohorizonte.fm\/radio\/#organization"},"potentialAction":[{"@type":"SearchAction","target":{"@type":"EntryPoint","urlTemplate":"http:\/\/www.radiohorizonte.fm\/radio\/?s={search_term_string}"},"query-input":{"@type":"PropertyValueSpecification","valueRequired":true,"valueName":"search_term_string"}}],"inLanguage":"es-AR"},{"@type":"Organization","@id":"http:\/\/www.radiohorizonte.fm\/radio\/#organization","name":"Horizonte","url":"http:\/\/www.radiohorizonte.fm\/radio\/","logo":{"@type":"ImageObject","inLanguage":"es-AR","@id":"http:\/\/www.radiohorizonte.fm\/radio\/#\/schema\/logo\/image\/","url":"http:\/\/www.radiohorizonte.fm\/radio\/wp-content\/uploads\/2025\/06\/Portada-FM-Horizonte_modelo-imagen-scaled.jpg","contentUrl":"http:\/\/www.radiohorizonte.fm\/radio\/wp-content\/uploads\/2025\/06\/Portada-FM-Horizonte_modelo-imagen-scaled.jpg","width":2560,"height":1056,"caption":"Horizonte"},"image":{"@id":"http:\/\/www.radiohorizonte.fm\/radio\/#\/schema\/logo\/image\/"},"sameAs":["http:\/\/www.facebook.com\/HORIZONTE106.1","https:\/\/x.com\/fmhorizonte1061"]},{"@type":"Person","@id":"http:\/\/www.radiohorizonte.fm\/radio\/#\/schema\/person\/f8fa003a405bb86729fd87d15d0ddafa","name":"Cristian Galarza","image":{"@type":"ImageObject","inLanguage":"es-AR","@id":"https:\/\/secure.gravatar.com\/avatar\/fad34bc2c773209c05d7d53b08a69b680eeb55f3be014e52b31643d20ab65925?s=96&d=mm&r=g","url":"https:\/\/secure.gravatar.com\/avatar\/fad34bc2c773209c05d7d53b08a69b680eeb55f3be014e52b31643d20ab65925?s=96&d=mm&r=g","contentUrl":"https:\/\/secure.gravatar.com\/avatar\/fad34bc2c773209c05d7d53b08a69b680eeb55f3be014e52b31643d20ab65925?s=96&d=mm&r=g","caption":"Cristian Galarza"},"url":"http:\/\/www.radiohorizonte.fm\/radio\/author\/cristian\/"}]}},"_links":{"self":[{"href":"http:\/\/www.radiohorizonte.fm\/radio\/wp-json\/wp\/v2\/posts\/42127","targetHints":{"allow":["GET"]}}],"collection":[{"href":"http:\/\/www.radiohorizonte.fm\/radio\/wp-json\/wp\/v2\/posts"}],"about":[{"href":"http:\/\/www.radiohorizonte.fm\/radio\/wp-json\/wp\/v2\/types\/post"}],"author":[{"embeddable":true,"href":"http:\/\/www.radiohorizonte.fm\/radio\/wp-json\/wp\/v2\/users\/2"}],"replies":[{"embeddable":true,"href":"http:\/\/www.radiohorizonte.fm\/radio\/wp-json\/wp\/v2\/comments?post=42127"}],"version-history":[{"count":1,"href":"http:\/\/www.radiohorizonte.fm\/radio\/wp-json\/wp\/v2\/posts\/42127\/revisions"}],"predecessor-version":[{"id":42128,"href":"http:\/\/www.radiohorizonte.fm\/radio\/wp-json\/wp\/v2\/posts\/42127\/revisions\/42128"}],"wp:featuredmedia":[{"embeddable":true,"href":"http:\/\/www.radiohorizonte.fm\/radio\/wp-json\/wp\/v2\/media\/40433"}],"wp:attachment":[{"href":"http:\/\/www.radiohorizonte.fm\/radio\/wp-json\/wp\/v2\/media?parent=42127"}],"wp:term":[{"taxonomy":"category","embeddable":true,"href":"http:\/\/www.radiohorizonte.fm\/radio\/wp-json\/wp\/v2\/categories?post=42127"},{"taxonomy":"post_tag","embeddable":true,"href":"http:\/\/www.radiohorizonte.fm\/radio\/wp-json\/wp\/v2\/tags?post=42127"}],"curies":[{"name":"wp","href":"https:\/\/api.w.org\/{rel}","templated":true}]}}