{"id":42133,"date":"2023-09-26T10:55:25","date_gmt":"2023-09-26T13:55:25","guid":{"rendered":"http:\/\/www.radiohorizonte.fm\/radio\/?p=42133"},"modified":"2023-09-26T10:55:25","modified_gmt":"2023-09-26T13:55:25","slug":"pagaran-un-bono-de-20-000-quienes-reciben-prestaciones-por-desempleo","status":"publish","type":"post","link":"http:\/\/www.radiohorizonte.fm\/radio\/2023\/09\/26\/pagaran-un-bono-de-20-000-quienes-reciben-prestaciones-por-desempleo\/","title":{"rendered":"Pagar\u00e1n un bono de $ 20.000 a quienes reciben prestaciones por desempleo"},"content":{"rendered":"<p>La medida fue formalizado a trav\u00e9s de la Resoluci\u00f3n 1209\/2023 publicada este martes en el Bolet\u00edn Oficial y su implementaci\u00f3n estar\u00e1 a cargo de la Administraci\u00f3n Nacional de Seguridad Social (Anses).<br \/>\n<img loading=\"lazy\" decoding=\"async\" src=\"http:\/\/www.radiohorizonte.fm\/radio\/wp-content\/uploads\/2023\/09\/63580d2255c0f_1200.jpg\" alt=\"\" width=\"1200\" height=\"675\" class=\"alignnone size-full wp-image-42134\" srcset=\"http:\/\/www.radiohorizonte.fm\/radio\/wp-content\/uploads\/2023\/09\/63580d2255c0f_1200.jpg 1200w, http:\/\/www.radiohorizonte.fm\/radio\/wp-content\/uploads\/2023\/09\/63580d2255c0f_1200-300x169.jpg 300w, http:\/\/www.radiohorizonte.fm\/radio\/wp-content\/uploads\/2023\/09\/63580d2255c0f_1200-768x432.jpg 768w, http:\/\/www.radiohorizonte.fm\/radio\/wp-content\/uploads\/2023\/09\/63580d2255c0f_1200-1024x576.jpg 1024w, http:\/\/www.radiohorizonte.fm\/radio\/wp-content\/uploads\/2023\/09\/63580d2255c0f_1200-65x37.jpg 65w, http:\/\/www.radiohorizonte.fm\/radio\/wp-content\/uploads\/2023\/09\/63580d2255c0f_1200-320x180.jpg 320w, http:\/\/www.radiohorizonte.fm\/radio\/wp-content\/uploads\/2023\/09\/63580d2255c0f_1200-85x48.jpg 85w, http:\/\/www.radiohorizonte.fm\/radio\/wp-content\/uploads\/2023\/09\/63580d2255c0f_1200-220x125.jpg 220w, http:\/\/www.radiohorizonte.fm\/radio\/wp-content\/uploads\/2023\/09\/63580d2255c0f_1200-90x51.jpg 90w\" sizes=\"auto, (max-width: 1200px) 100vw, 1200px\" \/><\/p>\n<p>El Ministerio de Trabajo estableci\u00f3 el pago de un bono extraordinario de $ 20.000 a los trabajadores titulares de prestaciones por desempleo, que ser\u00e1 abonado en dos cuotas de $ 10.000 en los meses de septiembre y octubre.<\/p>\n<p>El pago \u201cextraordinario y adicional\u201d fue formalizado a trav\u00e9s de la Resoluci\u00f3n 1209\/2023 publicada este martes en el Bolet\u00edn Oficial y estar\u00e1 a cargo de la Administraci\u00f3n Nacional de Seguridad Social (Anses).<\/p>\n<p>En el caso de que el trabajador s\u00f3lo tenga derecho a percibir la prestaci\u00f3n por desempleo en uno de los meses, recibir\u00e1 \u00fanicamente la cuota correspondiente de $ 10.000 que corresponde a ese mes.<\/p>\n<p>La decisi\u00f3n forma parte de una serie de medidas dispuestas por el Gobierno para \u201creforzar los ingresos de aquellos sectores de la poblaci\u00f3n m\u00e1s afectados por la disminuci\u00f3n de su poder adquisitivo\u201d en el contexto de la \u201csituaci\u00f3n socio econ\u00f3mica imperante\u201d, se\u00f1alan los considerandos.<\/p>\n<p>Sergio Massa, junto con la directora ejecutiva de la Anses, Fernanda Raverta, anunciar\u00e1n medidas de asistencia para trabajadores informales.<\/p>\n<p>La medida podr\u00eda ser un refuerzo de ingresos para trabajadores informales que no quedaron alcanzados por los anuncios anteriores que abarcaron a monotributistas, aut\u00f3nomos, trabajadores en relaci\u00f3n de dependencia, jubilados y beneficiarios de Tarjeta Alimentar, Potenciar Trabajo y Asignaci\u00f3n Universal por Hijo (AUH).<\/p>\n","protected":false},"excerpt":{"rendered":"<div class=\"post-excerpt\"><p>La medida fue formalizado a trav\u00e9s de la Resoluci\u00f3n 1209\/2023 publicada este martes en el Bolet\u00edn Oficial y su implementaci\u00f3n estar\u00e1 a cargo de la Administraci\u00f3n Nacional de Seguridad Social (Anses). El Ministerio de Trabajo estableci\u00f3 el pago de un bono extraordinario de $ 20.000 a los trabajadores titulares de prestaciones por desempleo, que ser\u00e1<\/p>\n<\/div>","protected":false},"author":2,"featured_media":42134,"comment_status":"closed","ping_status":"closed","sticky":false,"template":"","format":"standard","meta":{"_acf_changed":false,"footnotes":""},"categories":[2],"tags":[],"class_list":["post-42133","post","type-post","status-publish","format-standard","has-post-thumbnail","hentry","category-noticias"],"acf":[],"yoast_head":"<!-- This site is optimized with the Yoast SEO plugin v28.1 - https:\/\/yoast.com\/product\/yoast-seo-wordpress\/ -->\n<title>Pagar\u00e1n un bono de $ 20.000 a quienes reciben prestaciones por desempleo - Horizonte<\/title>\n<meta name=\"robots\" content=\"index, follow, max-snippet:-1, max-image-preview:large, max-video-preview:-1\" \/>\n<link rel=\"canonical\" href=\"http:\/\/www.radiohorizonte.fm\/radio\/2023\/09\/26\/pagaran-un-bono-de-20-000-quienes-reciben-prestaciones-por-desempleo\/\" \/>\n<meta property=\"og:locale\" content=\"es_ES\" \/>\n<meta property=\"og:type\" content=\"article\" \/>\n<meta property=\"og:title\" content=\"Pagar\u00e1n un bono de $ 20.000 a quienes reciben prestaciones por desempleo - Horizonte\" \/>\n<meta property=\"og:description\" content=\"La medida fue formalizado a trav\u00e9s de la Resoluci\u00f3n 1209\/2023 publicada este martes en el Bolet\u00edn Oficial y su implementaci\u00f3n estar\u00e1 a cargo de la Administraci\u00f3n Nacional de Seguridad Social (Anses). El Ministerio de Trabajo estableci\u00f3 el pago de un bono extraordinario de $ 20.000 a los trabajadores titulares de prestaciones por desempleo, que ser\u00e1\" \/>\n<meta property=\"og:url\" content=\"http:\/\/www.radiohorizonte.fm\/radio\/2023\/09\/26\/pagaran-un-bono-de-20-000-quienes-reciben-prestaciones-por-desempleo\/\" \/>\n<meta property=\"og:site_name\" content=\"Horizonte\" \/>\n<meta property=\"article:publisher\" content=\"http:\/\/www.facebook.com\/HORIZONTE106.1\" \/>\n<meta property=\"article:published_time\" content=\"2023-09-26T13:55:25+00:00\" \/>\n<meta property=\"og:image\" content=\"http:\/\/www.radiohorizonte.fm\/radio\/wp-content\/uploads\/2023\/09\/63580d2255c0f_1200.jpg\" \/>\n\t<meta property=\"og:image:width\" content=\"1200\" \/>\n\t<meta property=\"og:image:height\" content=\"675\" \/>\n\t<meta property=\"og:image:type\" content=\"image\/jpeg\" \/>\n<meta name=\"author\" content=\"Cristian Galarza\" \/>\n<meta name=\"twitter:card\" content=\"summary_large_image\" \/>\n<meta name=\"twitter:creator\" content=\"@fmhorizonte1061\" \/>\n<meta name=\"twitter:site\" content=\"@fmhorizonte1061\" \/>\n<meta name=\"twitter:label1\" content=\"Escrito por\" \/>\n\t<meta name=\"twitter:data1\" content=\"Cristian Galarza\" \/>\n\t<meta name=\"twitter:label2\" content=\"Tiempo de lectura\" \/>\n\t<meta name=\"twitter:data2\" content=\"1 minuto\" \/>\n<script type=\"application\/ld+json\" class=\"yoast-schema-graph\">{\"@context\":\"https:\\\/\\\/schema.org\",\"@graph\":[{\"@type\":\"Article\",\"@id\":\"http:\\\/\\\/www.radiohorizonte.fm\\\/radio\\\/2023\\\/09\\\/26\\\/pagaran-un-bono-de-20-000-quienes-reciben-prestaciones-por-desempleo\\\/#article\",\"isPartOf\":{\"@id\":\"http:\\\/\\\/www.radiohorizonte.fm\\\/radio\\\/2023\\\/09\\\/26\\\/pagaran-un-bono-de-20-000-quienes-reciben-prestaciones-por-desempleo\\\/\"},\"author\":{\"name\":\"Cristian Galarza\",\"@id\":\"http:\\\/\\\/www.radiohorizonte.fm\\\/radio\\\/#\\\/schema\\\/person\\\/f8fa003a405bb86729fd87d15d0ddafa\"},\"headline\":\"Pagar\u00e1n un bono de $ 20.000 a quienes reciben prestaciones por desempleo\",\"datePublished\":\"2023-09-26T13:55:25+00:00\",\"mainEntityOfPage\":{\"@id\":\"http:\\\/\\\/www.radiohorizonte.fm\\\/radio\\\/2023\\\/09\\\/26\\\/pagaran-un-bono-de-20-000-quienes-reciben-prestaciones-por-desempleo\\\/\"},\"wordCount\":267,\"publisher\":{\"@id\":\"http:\\\/\\\/www.radiohorizonte.fm\\\/radio\\\/#organization\"},\"image\":{\"@id\":\"http:\\\/\\\/www.radiohorizonte.fm\\\/radio\\\/2023\\\/09\\\/26\\\/pagaran-un-bono-de-20-000-quienes-reciben-prestaciones-por-desempleo\\\/#primaryimage\"},\"thumbnailUrl\":\"http:\\\/\\\/www.radiohorizonte.fm\\\/radio\\\/wp-content\\\/uploads\\\/2023\\\/09\\\/63580d2255c0f_1200.jpg\",\"articleSection\":[\"Noticias\"],\"inLanguage\":\"es-AR\"},{\"@type\":\"WebPage\",\"@id\":\"http:\\\/\\\/www.radiohorizonte.fm\\\/radio\\\/2023\\\/09\\\/26\\\/pagaran-un-bono-de-20-000-quienes-reciben-prestaciones-por-desempleo\\\/\",\"url\":\"http:\\\/\\\/www.radiohorizonte.fm\\\/radio\\\/2023\\\/09\\\/26\\\/pagaran-un-bono-de-20-000-quienes-reciben-prestaciones-por-desempleo\\\/\",\"name\":\"Pagar\u00e1n un bono de $ 20.000 a quienes reciben prestaciones por desempleo - Horizonte\",\"isPartOf\":{\"@id\":\"http:\\\/\\\/www.radiohorizonte.fm\\\/radio\\\/#website\"},\"primaryImageOfPage\":{\"@id\":\"http:\\\/\\\/www.radiohorizonte.fm\\\/radio\\\/2023\\\/09\\\/26\\\/pagaran-un-bono-de-20-000-quienes-reciben-prestaciones-por-desempleo\\\/#primaryimage\"},\"image\":{\"@id\":\"http:\\\/\\\/www.radiohorizonte.fm\\\/radio\\\/2023\\\/09\\\/26\\\/pagaran-un-bono-de-20-000-quienes-reciben-prestaciones-por-desempleo\\\/#primaryimage\"},\"thumbnailUrl\":\"http:\\\/\\\/www.radiohorizonte.fm\\\/radio\\\/wp-content\\\/uploads\\\/2023\\\/09\\\/63580d2255c0f_1200.jpg\",\"datePublished\":\"2023-09-26T13:55:25+00:00\",\"breadcrumb\":{\"@id\":\"http:\\\/\\\/www.radiohorizonte.fm\\\/radio\\\/2023\\\/09\\\/26\\\/pagaran-un-bono-de-20-000-quienes-reciben-prestaciones-por-desempleo\\\/#breadcrumb\"},\"inLanguage\":\"es-AR\",\"potentialAction\":[{\"@type\":\"ReadAction\",\"target\":[\"http:\\\/\\\/www.radiohorizonte.fm\\\/radio\\\/2023\\\/09\\\/26\\\/pagaran-un-bono-de-20-000-quienes-reciben-prestaciones-por-desempleo\\\/\"]}]},{\"@type\":\"ImageObject\",\"inLanguage\":\"es-AR\",\"@id\":\"http:\\\/\\\/www.radiohorizonte.fm\\\/radio\\\/2023\\\/09\\\/26\\\/pagaran-un-bono-de-20-000-quienes-reciben-prestaciones-por-desempleo\\\/#primaryimage\",\"url\":\"http:\\\/\\\/www.radiohorizonte.fm\\\/radio\\\/wp-content\\\/uploads\\\/2023\\\/09\\\/63580d2255c0f_1200.jpg\",\"contentUrl\":\"http:\\\/\\\/www.radiohorizonte.fm\\\/radio\\\/wp-content\\\/uploads\\\/2023\\\/09\\\/63580d2255c0f_1200.jpg\",\"width\":1200,\"height\":675},{\"@type\":\"BreadcrumbList\",\"@id\":\"http:\\\/\\\/www.radiohorizonte.fm\\\/radio\\\/2023\\\/09\\\/26\\\/pagaran-un-bono-de-20-000-quienes-reciben-prestaciones-por-desempleo\\\/#breadcrumb\",\"itemListElement\":[{\"@type\":\"ListItem\",\"position\":1,\"name\":\"Home\",\"item\":\"http:\\\/\\\/www.radiohorizonte.fm\\\/radio\\\/\"},{\"@type\":\"ListItem\",\"position\":2,\"name\":\"Pagar\u00e1n un bono de $ 20.000 a quienes reciben prestaciones por desempleo\"}]},{\"@type\":\"WebSite\",\"@id\":\"http:\\\/\\\/www.radiohorizonte.fm\\\/radio\\\/#website\",\"url\":\"http:\\\/\\\/www.radiohorizonte.fm\\\/radio\\\/\",\"name\":\"Horizonte\",\"description\":\"Radio Horizonte 106.1 - Una radio de clasicos\",\"publisher\":{\"@id\":\"http:\\\/\\\/www.radiohorizonte.fm\\\/radio\\\/#organization\"},\"potentialAction\":[{\"@type\":\"SearchAction\",\"target\":{\"@type\":\"EntryPoint\",\"urlTemplate\":\"http:\\\/\\\/www.radiohorizonte.fm\\\/radio\\\/?s={search_term_string}\"},\"query-input\":{\"@type\":\"PropertyValueSpecification\",\"valueRequired\":true,\"valueName\":\"search_term_string\"}}],\"inLanguage\":\"es-AR\"},{\"@type\":\"Organization\",\"@id\":\"http:\\\/\\\/www.radiohorizonte.fm\\\/radio\\\/#organization\",\"name\":\"Horizonte\",\"url\":\"http:\\\/\\\/www.radiohorizonte.fm\\\/radio\\\/\",\"logo\":{\"@type\":\"ImageObject\",\"inLanguage\":\"es-AR\",\"@id\":\"http:\\\/\\\/www.radiohorizonte.fm\\\/radio\\\/#\\\/schema\\\/logo\\\/image\\\/\",\"url\":\"http:\\\/\\\/www.radiohorizonte.fm\\\/radio\\\/wp-content\\\/uploads\\\/2025\\\/06\\\/Portada-FM-Horizonte_modelo-imagen-scaled.jpg\",\"contentUrl\":\"http:\\\/\\\/www.radiohorizonte.fm\\\/radio\\\/wp-content\\\/uploads\\\/2025\\\/06\\\/Portada-FM-Horizonte_modelo-imagen-scaled.jpg\",\"width\":2560,\"height\":1056,\"caption\":\"Horizonte\"},\"image\":{\"@id\":\"http:\\\/\\\/www.radiohorizonte.fm\\\/radio\\\/#\\\/schema\\\/logo\\\/image\\\/\"},\"sameAs\":[\"http:\\\/\\\/www.facebook.com\\\/HORIZONTE106.1\",\"https:\\\/\\\/x.com\\\/fmhorizonte1061\"]},{\"@type\":\"Person\",\"@id\":\"http:\\\/\\\/www.radiohorizonte.fm\\\/radio\\\/#\\\/schema\\\/person\\\/f8fa003a405bb86729fd87d15d0ddafa\",\"name\":\"Cristian Galarza\",\"image\":{\"@type\":\"ImageObject\",\"inLanguage\":\"es-AR\",\"@id\":\"https:\\\/\\\/secure.gravatar.com\\\/avatar\\\/fad34bc2c773209c05d7d53b08a69b680eeb55f3be014e52b31643d20ab65925?s=96&d=mm&r=g\",\"url\":\"https:\\\/\\\/secure.gravatar.com\\\/avatar\\\/fad34bc2c773209c05d7d53b08a69b680eeb55f3be014e52b31643d20ab65925?s=96&d=mm&r=g\",\"contentUrl\":\"https:\\\/\\\/secure.gravatar.com\\\/avatar\\\/fad34bc2c773209c05d7d53b08a69b680eeb55f3be014e52b31643d20ab65925?s=96&d=mm&r=g\",\"caption\":\"Cristian Galarza\"},\"url\":\"http:\\\/\\\/www.radiohorizonte.fm\\\/radio\\\/author\\\/cristian\\\/\"}]}<\/script>\n<!-- \/ Yoast SEO plugin. -->","yoast_head_json":{"title":"Pagar\u00e1n un bono de $ 20.000 a quienes reciben prestaciones por desempleo - Horizonte","robots":{"index":"index","follow":"follow","max-snippet":"max-snippet:-1","max-image-preview":"max-image-preview:large","max-video-preview":"max-video-preview:-1"},"canonical":"http:\/\/www.radiohorizonte.fm\/radio\/2023\/09\/26\/pagaran-un-bono-de-20-000-quienes-reciben-prestaciones-por-desempleo\/","og_locale":"es_ES","og_type":"article","og_title":"Pagar\u00e1n un bono de $ 20.000 a quienes reciben prestaciones por desempleo - Horizonte","og_description":"La medida fue formalizado a trav\u00e9s de la Resoluci\u00f3n 1209\/2023 publicada este martes en el Bolet\u00edn Oficial y su implementaci\u00f3n estar\u00e1 a cargo de la Administraci\u00f3n Nacional de Seguridad Social (Anses). El Ministerio de Trabajo estableci\u00f3 el pago de un bono extraordinario de $ 20.000 a los trabajadores titulares de prestaciones por desempleo, que ser\u00e1","og_url":"http:\/\/www.radiohorizonte.fm\/radio\/2023\/09\/26\/pagaran-un-bono-de-20-000-quienes-reciben-prestaciones-por-desempleo\/","og_site_name":"Horizonte","article_publisher":"http:\/\/www.facebook.com\/HORIZONTE106.1","article_published_time":"2023-09-26T13:55:25+00:00","og_image":[{"width":1200,"height":675,"url":"http:\/\/www.radiohorizonte.fm\/radio\/wp-content\/uploads\/2023\/09\/63580d2255c0f_1200.jpg","type":"image\/jpeg"}],"author":"Cristian Galarza","twitter_card":"summary_large_image","twitter_creator":"@fmhorizonte1061","twitter_site":"@fmhorizonte1061","twitter_misc":{"Escrito por":"Cristian Galarza","Tiempo de lectura":"1 minuto"},"schema":{"@context":"https:\/\/schema.org","@graph":[{"@type":"Article","@id":"http:\/\/www.radiohorizonte.fm\/radio\/2023\/09\/26\/pagaran-un-bono-de-20-000-quienes-reciben-prestaciones-por-desempleo\/#article","isPartOf":{"@id":"http:\/\/www.radiohorizonte.fm\/radio\/2023\/09\/26\/pagaran-un-bono-de-20-000-quienes-reciben-prestaciones-por-desempleo\/"},"author":{"name":"Cristian Galarza","@id":"http:\/\/www.radiohorizonte.fm\/radio\/#\/schema\/person\/f8fa003a405bb86729fd87d15d0ddafa"},"headline":"Pagar\u00e1n un bono de $ 20.000 a quienes reciben prestaciones por desempleo","datePublished":"2023-09-26T13:55:25+00:00","mainEntityOfPage":{"@id":"http:\/\/www.radiohorizonte.fm\/radio\/2023\/09\/26\/pagaran-un-bono-de-20-000-quienes-reciben-prestaciones-por-desempleo\/"},"wordCount":267,"publisher":{"@id":"http:\/\/www.radiohorizonte.fm\/radio\/#organization"},"image":{"@id":"http:\/\/www.radiohorizonte.fm\/radio\/2023\/09\/26\/pagaran-un-bono-de-20-000-quienes-reciben-prestaciones-por-desempleo\/#primaryimage"},"thumbnailUrl":"http:\/\/www.radiohorizonte.fm\/radio\/wp-content\/uploads\/2023\/09\/63580d2255c0f_1200.jpg","articleSection":["Noticias"],"inLanguage":"es-AR"},{"@type":"WebPage","@id":"http:\/\/www.radiohorizonte.fm\/radio\/2023\/09\/26\/pagaran-un-bono-de-20-000-quienes-reciben-prestaciones-por-desempleo\/","url":"http:\/\/www.radiohorizonte.fm\/radio\/2023\/09\/26\/pagaran-un-bono-de-20-000-quienes-reciben-prestaciones-por-desempleo\/","name":"Pagar\u00e1n un bono de $ 20.000 a quienes reciben prestaciones por desempleo - Horizonte","isPartOf":{"@id":"http:\/\/www.radiohorizonte.fm\/radio\/#website"},"primaryImageOfPage":{"@id":"http:\/\/www.radiohorizonte.fm\/radio\/2023\/09\/26\/pagaran-un-bono-de-20-000-quienes-reciben-prestaciones-por-desempleo\/#primaryimage"},"image":{"@id":"http:\/\/www.radiohorizonte.fm\/radio\/2023\/09\/26\/pagaran-un-bono-de-20-000-quienes-reciben-prestaciones-por-desempleo\/#primaryimage"},"thumbnailUrl":"http:\/\/www.radiohorizonte.fm\/radio\/wp-content\/uploads\/2023\/09\/63580d2255c0f_1200.jpg","datePublished":"2023-09-26T13:55:25+00:00","breadcrumb":{"@id":"http:\/\/www.radiohorizonte.fm\/radio\/2023\/09\/26\/pagaran-un-bono-de-20-000-quienes-reciben-prestaciones-por-desempleo\/#breadcrumb"},"inLanguage":"es-AR","potentialAction":[{"@type":"ReadAction","target":["http:\/\/www.radiohorizonte.fm\/radio\/2023\/09\/26\/pagaran-un-bono-de-20-000-quienes-reciben-prestaciones-por-desempleo\/"]}]},{"@type":"ImageObject","inLanguage":"es-AR","@id":"http:\/\/www.radiohorizonte.fm\/radio\/2023\/09\/26\/pagaran-un-bono-de-20-000-quienes-reciben-prestaciones-por-desempleo\/#primaryimage","url":"http:\/\/www.radiohorizonte.fm\/radio\/wp-content\/uploads\/2023\/09\/63580d2255c0f_1200.jpg","contentUrl":"http:\/\/www.radiohorizonte.fm\/radio\/wp-content\/uploads\/2023\/09\/63580d2255c0f_1200.jpg","width":1200,"height":675},{"@type":"BreadcrumbList","@id":"http:\/\/www.radiohorizonte.fm\/radio\/2023\/09\/26\/pagaran-un-bono-de-20-000-quienes-reciben-prestaciones-por-desempleo\/#breadcrumb","itemListElement":[{"@type":"ListItem","position":1,"name":"Home","item":"http:\/\/www.radiohorizonte.fm\/radio\/"},{"@type":"ListItem","position":2,"name":"Pagar\u00e1n un bono de $ 20.000 a quienes reciben prestaciones por desempleo"}]},{"@type":"WebSite","@id":"http:\/\/www.radiohorizonte.fm\/radio\/#website","url":"http:\/\/www.radiohorizonte.fm\/radio\/","name":"Horizonte","description":"Radio Horizonte 106.1 - Una radio de clasicos","publisher":{"@id":"http:\/\/www.radiohorizonte.fm\/radio\/#organization"},"potentialAction":[{"@type":"SearchAction","target":{"@type":"EntryPoint","urlTemplate":"http:\/\/www.radiohorizonte.fm\/radio\/?s={search_term_string}"},"query-input":{"@type":"PropertyValueSpecification","valueRequired":true,"valueName":"search_term_string"}}],"inLanguage":"es-AR"},{"@type":"Organization","@id":"http:\/\/www.radiohorizonte.fm\/radio\/#organization","name":"Horizonte","url":"http:\/\/www.radiohorizonte.fm\/radio\/","logo":{"@type":"ImageObject","inLanguage":"es-AR","@id":"http:\/\/www.radiohorizonte.fm\/radio\/#\/schema\/logo\/image\/","url":"http:\/\/www.radiohorizonte.fm\/radio\/wp-content\/uploads\/2025\/06\/Portada-FM-Horizonte_modelo-imagen-scaled.jpg","contentUrl":"http:\/\/www.radiohorizonte.fm\/radio\/wp-content\/uploads\/2025\/06\/Portada-FM-Horizonte_modelo-imagen-scaled.jpg","width":2560,"height":1056,"caption":"Horizonte"},"image":{"@id":"http:\/\/www.radiohorizonte.fm\/radio\/#\/schema\/logo\/image\/"},"sameAs":["http:\/\/www.facebook.com\/HORIZONTE106.1","https:\/\/x.com\/fmhorizonte1061"]},{"@type":"Person","@id":"http:\/\/www.radiohorizonte.fm\/radio\/#\/schema\/person\/f8fa003a405bb86729fd87d15d0ddafa","name":"Cristian Galarza","image":{"@type":"ImageObject","inLanguage":"es-AR","@id":"https:\/\/secure.gravatar.com\/avatar\/fad34bc2c773209c05d7d53b08a69b680eeb55f3be014e52b31643d20ab65925?s=96&d=mm&r=g","url":"https:\/\/secure.gravatar.com\/avatar\/fad34bc2c773209c05d7d53b08a69b680eeb55f3be014e52b31643d20ab65925?s=96&d=mm&r=g","contentUrl":"https:\/\/secure.gravatar.com\/avatar\/fad34bc2c773209c05d7d53b08a69b680eeb55f3be014e52b31643d20ab65925?s=96&d=mm&r=g","caption":"Cristian Galarza"},"url":"http:\/\/www.radiohorizonte.fm\/radio\/author\/cristian\/"}]}},"_links":{"self":[{"href":"http:\/\/www.radiohorizonte.fm\/radio\/wp-json\/wp\/v2\/posts\/42133","targetHints":{"allow":["GET"]}}],"collection":[{"href":"http:\/\/www.radiohorizonte.fm\/radio\/wp-json\/wp\/v2\/posts"}],"about":[{"href":"http:\/\/www.radiohorizonte.fm\/radio\/wp-json\/wp\/v2\/types\/post"}],"author":[{"embeddable":true,"href":"http:\/\/www.radiohorizonte.fm\/radio\/wp-json\/wp\/v2\/users\/2"}],"replies":[{"embeddable":true,"href":"http:\/\/www.radiohorizonte.fm\/radio\/wp-json\/wp\/v2\/comments?post=42133"}],"version-history":[{"count":1,"href":"http:\/\/www.radiohorizonte.fm\/radio\/wp-json\/wp\/v2\/posts\/42133\/revisions"}],"predecessor-version":[{"id":42135,"href":"http:\/\/www.radiohorizonte.fm\/radio\/wp-json\/wp\/v2\/posts\/42133\/revisions\/42135"}],"wp:featuredmedia":[{"embeddable":true,"href":"http:\/\/www.radiohorizonte.fm\/radio\/wp-json\/wp\/v2\/media\/42134"}],"wp:attachment":[{"href":"http:\/\/www.radiohorizonte.fm\/radio\/wp-json\/wp\/v2\/media?parent=42133"}],"wp:term":[{"taxonomy":"category","embeddable":true,"href":"http:\/\/www.radiohorizonte.fm\/radio\/wp-json\/wp\/v2\/categories?post=42133"},{"taxonomy":"post_tag","embeddable":true,"href":"http:\/\/www.radiohorizonte.fm\/radio\/wp-json\/wp\/v2\/tags?post=42133"}],"curies":[{"name":"wp","href":"https:\/\/api.w.org\/{rel}","templated":true}]}}