{"id":42136,"date":"2023-09-26T11:58:09","date_gmt":"2023-09-26T14:58:09","guid":{"rendered":"http:\/\/www.radiohorizonte.fm\/radio\/?p=42136"},"modified":"2023-09-26T11:58:09","modified_gmt":"2023-09-26T14:58:09","slug":"incluir-futuro-entregaron-696-notebooks-establecimientos-secundarios-de-capital","status":"publish","type":"post","link":"http:\/\/www.radiohorizonte.fm\/radio\/2023\/09\/26\/incluir-futuro-entregaron-696-notebooks-establecimientos-secundarios-de-capital\/","title":{"rendered":"\u201cIncluir Futuro\u201d: Entregaron 696 notebooks a establecimientos secundarios de Capital"},"content":{"rendered":"<p>La ministra de Educaci\u00f3n Pr\u00e1xedes L\u00f3pez y el intendente de la ciudad de Corrientes, Eduardo Tassano, encabezaron este martes el acto de entrega de 696 notebooks del programa \u201cIncluir Futuro\u201d, a cinco establecimientos secundarios de la Capital. El mismo tuvo lugar en las instalaciones del Centro de Educaci\u00f3n F\u00edsica N\u00ba 1 \u201cProfesor Eduardo Robles\u201d, ubicado en Avenida Patagonia 1.801.<br \/>\n<img loading=\"lazy\" decoding=\"async\" src=\"http:\/\/www.radiohorizonte.fm\/radio\/wp-content\/uploads\/2023\/09\/imagen-50193.jpg\" alt=\"\" width=\"1200\" height=\"800\" class=\"alignnone size-full wp-image-42137\" srcset=\"http:\/\/www.radiohorizonte.fm\/radio\/wp-content\/uploads\/2023\/09\/imagen-50193.jpg 1200w, http:\/\/www.radiohorizonte.fm\/radio\/wp-content\/uploads\/2023\/09\/imagen-50193-300x200.jpg 300w, http:\/\/www.radiohorizonte.fm\/radio\/wp-content\/uploads\/2023\/09\/imagen-50193-768x512.jpg 768w, http:\/\/www.radiohorizonte.fm\/radio\/wp-content\/uploads\/2023\/09\/imagen-50193-1024x683.jpg 1024w, http:\/\/www.radiohorizonte.fm\/radio\/wp-content\/uploads\/2023\/09\/imagen-50193-65x43.jpg 65w, http:\/\/www.radiohorizonte.fm\/radio\/wp-content\/uploads\/2023\/09\/imagen-50193-85x57.jpg 85w, http:\/\/www.radiohorizonte.fm\/radio\/wp-content\/uploads\/2023\/09\/imagen-50193-188x125.jpg 188w, http:\/\/www.radiohorizonte.fm\/radio\/wp-content\/uploads\/2023\/09\/imagen-50193-90x60.jpg 90w\" sizes=\"auto, (max-width: 1200px) 100vw, 1200px\" \/><\/p>\n<p>Con estas nuevas computadoras, los docentes y alumnos acceden a todos los contenidos de &#8220;EducaPlay&#8221;, el programa de formaci\u00f3n digital disponible en la plataforma &#8220;Corrientes Play&#8221; que desarroll\u00f3 el Gobierno Provincial para complementar el proceso de ense\u00f1anza-aprendizaje de las aulas.<\/p>\n<p>Con tecnolog\u00eda, plataformas y conectividad, se fortalece el desarrollo educativo y cada computadora es una llave que abre las puertas del conocimiento, el progreso personal y el cambio social.<\/p>\n<p>En detalle, los dispositivos digitales entregado a los alumnos del primer a\u00f1o de cada uno de los establecimientos educativos beneficiados fue el siguiente: Escuela T\u00e9cnica Juana Manso (132), Escuela T\u00e9cnica Bernardino Rivadavia (229), Escuela T\u00e9cnica Fray Luis Beltr\u00e1n (146), Colegio Secundario Juan Domingo Per\u00f3n (84) y Colegio Secundario Iber\u00e1 (696).<\/p>\n<p>En la oportunidad, la cartera educativa provincial tambi\u00e9n otorg\u00f3 kits deportivos a los establecimientos antes mencionados, a fin de fortalecer sus actividades.<br \/>\n<img loading=\"lazy\" decoding=\"async\" src=\"http:\/\/www.radiohorizonte.fm\/radio\/wp-content\/uploads\/2023\/09\/imagen-50199.jpg\" alt=\"\" width=\"1600\" height=\"1066\" class=\"alignnone size-full wp-image-42138\" srcset=\"http:\/\/www.radiohorizonte.fm\/radio\/wp-content\/uploads\/2023\/09\/imagen-50199.jpg 1600w, http:\/\/www.radiohorizonte.fm\/radio\/wp-content\/uploads\/2023\/09\/imagen-50199-300x200.jpg 300w, http:\/\/www.radiohorizonte.fm\/radio\/wp-content\/uploads\/2023\/09\/imagen-50199-768x512.jpg 768w, http:\/\/www.radiohorizonte.fm\/radio\/wp-content\/uploads\/2023\/09\/imagen-50199-1024x682.jpg 1024w, http:\/\/www.radiohorizonte.fm\/radio\/wp-content\/uploads\/2023\/09\/imagen-50199-65x43.jpg 65w, http:\/\/www.radiohorizonte.fm\/radio\/wp-content\/uploads\/2023\/09\/imagen-50199-85x57.jpg 85w, http:\/\/www.radiohorizonte.fm\/radio\/wp-content\/uploads\/2023\/09\/imagen-50199-188x125.jpg 188w, http:\/\/www.radiohorizonte.fm\/radio\/wp-content\/uploads\/2023\/09\/imagen-50199-90x60.jpg 90w\" sizes=\"auto, (max-width: 1600px) 100vw, 1600px\" \/><\/p>\n<p>Pr\u00e1xedes L\u00f3pez<\/p>\n<p>La ministra de Educaci\u00f3n, Pr\u00e1xedes L\u00f3pez, declar\u00f3 que se viene trabajando intensamente con la educaci\u00f3n secundaria, para que los j\u00f3venes la completen en tiempo y forma. En ello tambi\u00e9n destac\u00f3 el trabajo de docentes y directivos escolares.<\/p>\n<p>Sobre Incluir Futuro, la funcionaria puso de relieve los contenidos audiovisuales. \u201cCada uno de ellos los acercar\u00e1 a los intereses propios de los alumnos, tenemos desde matem\u00e1tica hasta la historia y geograf\u00eda de Corrientes\u201d, puntualiz\u00f3.<\/p>\n<p>\u201cQuiero pedirles el compromiso a las familias que nos acompa\u00f1an, que los chicos no dejen la escuela. Este es el \u00fanico lugar donde pueden realizar los sue\u00f1os\u201d, dijo luego.<\/p>\n<p>L\u00f3pez inform\u00f3 que pr\u00f3ximamente se realizar\u00e1 el evento Innova Educa, donde los estudiantes mostraran en el predio de la ExUsina lo que realizan en sus establecimientos.<\/p>\n<p>\u201cSi\u00e9ntanse orgullosos de la educaci\u00f3n p\u00fablica gratuita en la provincia de Corrientes. Si\u00e9ntanse orgullosos de sus escuelas. Si\u00e9ntanse orgullosos de sus profesores\u201d, cerr\u00f3.<\/p>\n<p>Intendente Tassano<\/p>\n<p>\u201cEste Gobierno tiene una pol\u00edtica educativa clara que busca insertar a los j\u00f3venes en el camino del presente y del futuro\u201d, dijo el intendente capitalino, Eduardo Tassano, agregando que \u201cestamos viviendo la cuarta revoluci\u00f3n industrial, con los avances tecnol\u00f3gicos que todos conocemos y todo eso puede generar una brecha educativa y tecnol\u00f3gica que, con estas notebooks como herramienta, se acortan\u201d.<\/p>\n<p>Rector Mario Rodr\u00edguez<\/p>\n<p>Al tomar la palabra, el rector de la Escuela T\u00e9cnica Fray Luis Beltr\u00e1n, Mario Antonio Rodr\u00edguez, agradeci\u00f3 al Gobierno de Corrientes y al ministerio de Educaci\u00f3n por el esfuerzo y la inversi\u00f3n en \u201cIncluir Futuro\u201d, fundamental para que \u201ccada uno de nuestros alumnos reciban sus computadoras\u201d.<\/p>\n<p>El directivo, puso de relieve que este tipo de acciones ponen en valor las \u201cvirtudes de la educaci\u00f3n p\u00fablica y gratuita\u201d,  en sinton\u00eda con el uso de las nuevas tecnolog\u00edas, combinados con el material did\u00e1ctico y las plataformas respectivas de Corrientes Play y Educa Play.<\/p>\n<p>Continuando, Mario Rodr\u00edguez expres\u00f3 el dolor que embarga a toda la comunidad educativa, debido al tr\u00e1gico fallecimiento ocurrido en la jornada de ayer de Santiago Tom\u00e1s Almir\u00f3n, alumno de 7mo. 3ra. de la Tecnicatura en Automotores de dicha Escuela.<\/p>\n<p>\u201cEn esta instituci\u00f3n hab\u00eda encontrado su lugar en el mundo, era amante de los autos y fue integrante del equipo ganador de Tecnicar 2023 realizado recientemente\u201d, resalt\u00f3 el rector, cerrando con un fuerte aplauso de todos los presentes a modo de homenaje para con el malogrado joven.<\/p>\n<p>Presencias<\/p>\n<p>Tambi\u00e9n participaron del acto, ministros, secretarios y subsecretarios del ejecutivo provincial, legisladores nacionales y provinciales, el presidente del Concejo Deliberante, Alfredo Vallejos, el director de Educaci\u00f3n Secundaria, Sergio Guti\u00e9rrez, rectores de establecimientos educativos, docentes, alumnos y p\u00fablico en general.<\/p>\n","protected":false},"excerpt":{"rendered":"<div class=\"post-excerpt\"><p>La ministra de Educaci\u00f3n Pr\u00e1xedes L\u00f3pez y el intendente de la ciudad de Corrientes, Eduardo Tassano, encabezaron este martes el acto de entrega de 696 notebooks del programa \u201cIncluir Futuro\u201d, a cinco establecimientos secundarios de la Capital. El mismo tuvo lugar en las instalaciones del Centro de Educaci\u00f3n F\u00edsica N\u00ba 1 \u201cProfesor Eduardo Robles\u201d, ubicado<\/p>\n<\/div>","protected":false},"author":2,"featured_media":42137,"comment_status":"closed","ping_status":"closed","sticky":false,"template":"","format":"standard","meta":{"_acf_changed":false,"footnotes":""},"categories":[2],"tags":[],"class_list":["post-42136","post","type-post","status-publish","format-standard","has-post-thumbnail","hentry","category-noticias"],"acf":[],"yoast_head":"<!-- This site is optimized with the Yoast SEO plugin v28.1 - https:\/\/yoast.com\/product\/yoast-seo-wordpress\/ -->\n<title>\u201cIncluir Futuro\u201d: Entregaron 696 notebooks a establecimientos secundarios de Capital - Horizonte<\/title>\n<meta name=\"robots\" content=\"index, follow, max-snippet:-1, max-image-preview:large, max-video-preview:-1\" \/>\n<link rel=\"canonical\" href=\"http:\/\/www.radiohorizonte.fm\/radio\/2023\/09\/26\/incluir-futuro-entregaron-696-notebooks-establecimientos-secundarios-de-capital\/\" \/>\n<meta property=\"og:locale\" content=\"es_ES\" \/>\n<meta property=\"og:type\" content=\"article\" \/>\n<meta property=\"og:title\" content=\"\u201cIncluir Futuro\u201d: Entregaron 696 notebooks a establecimientos secundarios de Capital - Horizonte\" \/>\n<meta property=\"og:description\" content=\"La ministra de Educaci\u00f3n Pr\u00e1xedes L\u00f3pez y el intendente de la ciudad de Corrientes, Eduardo Tassano, encabezaron este martes el acto de entrega de 696 notebooks del programa \u201cIncluir Futuro\u201d, a cinco establecimientos secundarios de la Capital. El mismo tuvo lugar en las instalaciones del Centro de Educaci\u00f3n F\u00edsica N\u00ba 1 \u201cProfesor Eduardo Robles\u201d, ubicado\" \/>\n<meta property=\"og:url\" content=\"http:\/\/www.radiohorizonte.fm\/radio\/2023\/09\/26\/incluir-futuro-entregaron-696-notebooks-establecimientos-secundarios-de-capital\/\" \/>\n<meta property=\"og:site_name\" content=\"Horizonte\" \/>\n<meta property=\"article:publisher\" content=\"http:\/\/www.facebook.com\/HORIZONTE106.1\" \/>\n<meta property=\"article:published_time\" content=\"2023-09-26T14:58:09+00:00\" \/>\n<meta property=\"og:image\" content=\"http:\/\/www.radiohorizonte.fm\/radio\/wp-content\/uploads\/2023\/09\/imagen-50193.jpg\" \/>\n\t<meta property=\"og:image:width\" content=\"1200\" \/>\n\t<meta property=\"og:image:height\" content=\"800\" \/>\n\t<meta property=\"og:image:type\" content=\"image\/jpeg\" \/>\n<meta name=\"author\" content=\"Cristian Galarza\" \/>\n<meta name=\"twitter:card\" content=\"summary_large_image\" \/>\n<meta name=\"twitter:creator\" content=\"@fmhorizonte1061\" \/>\n<meta name=\"twitter:site\" content=\"@fmhorizonte1061\" \/>\n<meta name=\"twitter:label1\" content=\"Escrito por\" \/>\n\t<meta name=\"twitter:data1\" content=\"Cristian Galarza\" \/>\n\t<meta name=\"twitter:label2\" content=\"Tiempo de lectura\" \/>\n\t<meta name=\"twitter:data2\" content=\"3 minutos\" \/>\n<script type=\"application\/ld+json\" class=\"yoast-schema-graph\">{\"@context\":\"https:\\\/\\\/schema.org\",\"@graph\":[{\"@type\":\"Article\",\"@id\":\"http:\\\/\\\/www.radiohorizonte.fm\\\/radio\\\/2023\\\/09\\\/26\\\/incluir-futuro-entregaron-696-notebooks-establecimientos-secundarios-de-capital\\\/#article\",\"isPartOf\":{\"@id\":\"http:\\\/\\\/www.radiohorizonte.fm\\\/radio\\\/2023\\\/09\\\/26\\\/incluir-futuro-entregaron-696-notebooks-establecimientos-secundarios-de-capital\\\/\"},\"author\":{\"name\":\"Cristian Galarza\",\"@id\":\"http:\\\/\\\/www.radiohorizonte.fm\\\/radio\\\/#\\\/schema\\\/person\\\/f8fa003a405bb86729fd87d15d0ddafa\"},\"headline\":\"\u201cIncluir Futuro\u201d: Entregaron 696 notebooks a establecimientos secundarios de Capital\",\"datePublished\":\"2023-09-26T14:58:09+00:00\",\"mainEntityOfPage\":{\"@id\":\"http:\\\/\\\/www.radiohorizonte.fm\\\/radio\\\/2023\\\/09\\\/26\\\/incluir-futuro-entregaron-696-notebooks-establecimientos-secundarios-de-capital\\\/\"},\"wordCount\":694,\"publisher\":{\"@id\":\"http:\\\/\\\/www.radiohorizonte.fm\\\/radio\\\/#organization\"},\"image\":{\"@id\":\"http:\\\/\\\/www.radiohorizonte.fm\\\/radio\\\/2023\\\/09\\\/26\\\/incluir-futuro-entregaron-696-notebooks-establecimientos-secundarios-de-capital\\\/#primaryimage\"},\"thumbnailUrl\":\"http:\\\/\\\/www.radiohorizonte.fm\\\/radio\\\/wp-content\\\/uploads\\\/2023\\\/09\\\/imagen-50193.jpg\",\"articleSection\":[\"Noticias\"],\"inLanguage\":\"es-AR\"},{\"@type\":\"WebPage\",\"@id\":\"http:\\\/\\\/www.radiohorizonte.fm\\\/radio\\\/2023\\\/09\\\/26\\\/incluir-futuro-entregaron-696-notebooks-establecimientos-secundarios-de-capital\\\/\",\"url\":\"http:\\\/\\\/www.radiohorizonte.fm\\\/radio\\\/2023\\\/09\\\/26\\\/incluir-futuro-entregaron-696-notebooks-establecimientos-secundarios-de-capital\\\/\",\"name\":\"\u201cIncluir Futuro\u201d: Entregaron 696 notebooks a establecimientos secundarios de Capital - Horizonte\",\"isPartOf\":{\"@id\":\"http:\\\/\\\/www.radiohorizonte.fm\\\/radio\\\/#website\"},\"primaryImageOfPage\":{\"@id\":\"http:\\\/\\\/www.radiohorizonte.fm\\\/radio\\\/2023\\\/09\\\/26\\\/incluir-futuro-entregaron-696-notebooks-establecimientos-secundarios-de-capital\\\/#primaryimage\"},\"image\":{\"@id\":\"http:\\\/\\\/www.radiohorizonte.fm\\\/radio\\\/2023\\\/09\\\/26\\\/incluir-futuro-entregaron-696-notebooks-establecimientos-secundarios-de-capital\\\/#primaryimage\"},\"thumbnailUrl\":\"http:\\\/\\\/www.radiohorizonte.fm\\\/radio\\\/wp-content\\\/uploads\\\/2023\\\/09\\\/imagen-50193.jpg\",\"datePublished\":\"2023-09-26T14:58:09+00:00\",\"breadcrumb\":{\"@id\":\"http:\\\/\\\/www.radiohorizonte.fm\\\/radio\\\/2023\\\/09\\\/26\\\/incluir-futuro-entregaron-696-notebooks-establecimientos-secundarios-de-capital\\\/#breadcrumb\"},\"inLanguage\":\"es-AR\",\"potentialAction\":[{\"@type\":\"ReadAction\",\"target\":[\"http:\\\/\\\/www.radiohorizonte.fm\\\/radio\\\/2023\\\/09\\\/26\\\/incluir-futuro-entregaron-696-notebooks-establecimientos-secundarios-de-capital\\\/\"]}]},{\"@type\":\"ImageObject\",\"inLanguage\":\"es-AR\",\"@id\":\"http:\\\/\\\/www.radiohorizonte.fm\\\/radio\\\/2023\\\/09\\\/26\\\/incluir-futuro-entregaron-696-notebooks-establecimientos-secundarios-de-capital\\\/#primaryimage\",\"url\":\"http:\\\/\\\/www.radiohorizonte.fm\\\/radio\\\/wp-content\\\/uploads\\\/2023\\\/09\\\/imagen-50193.jpg\",\"contentUrl\":\"http:\\\/\\\/www.radiohorizonte.fm\\\/radio\\\/wp-content\\\/uploads\\\/2023\\\/09\\\/imagen-50193.jpg\",\"width\":1200,\"height\":800},{\"@type\":\"BreadcrumbList\",\"@id\":\"http:\\\/\\\/www.radiohorizonte.fm\\\/radio\\\/2023\\\/09\\\/26\\\/incluir-futuro-entregaron-696-notebooks-establecimientos-secundarios-de-capital\\\/#breadcrumb\",\"itemListElement\":[{\"@type\":\"ListItem\",\"position\":1,\"name\":\"Home\",\"item\":\"http:\\\/\\\/www.radiohorizonte.fm\\\/radio\\\/\"},{\"@type\":\"ListItem\",\"position\":2,\"name\":\"\u201cIncluir Futuro\u201d: Entregaron 696 notebooks a establecimientos secundarios de Capital\"}]},{\"@type\":\"WebSite\",\"@id\":\"http:\\\/\\\/www.radiohorizonte.fm\\\/radio\\\/#website\",\"url\":\"http:\\\/\\\/www.radiohorizonte.fm\\\/radio\\\/\",\"name\":\"Horizonte\",\"description\":\"Radio Horizonte 106.1 - Una radio de clasicos\",\"publisher\":{\"@id\":\"http:\\\/\\\/www.radiohorizonte.fm\\\/radio\\\/#organization\"},\"potentialAction\":[{\"@type\":\"SearchAction\",\"target\":{\"@type\":\"EntryPoint\",\"urlTemplate\":\"http:\\\/\\\/www.radiohorizonte.fm\\\/radio\\\/?s={search_term_string}\"},\"query-input\":{\"@type\":\"PropertyValueSpecification\",\"valueRequired\":true,\"valueName\":\"search_term_string\"}}],\"inLanguage\":\"es-AR\"},{\"@type\":\"Organization\",\"@id\":\"http:\\\/\\\/www.radiohorizonte.fm\\\/radio\\\/#organization\",\"name\":\"Horizonte\",\"url\":\"http:\\\/\\\/www.radiohorizonte.fm\\\/radio\\\/\",\"logo\":{\"@type\":\"ImageObject\",\"inLanguage\":\"es-AR\",\"@id\":\"http:\\\/\\\/www.radiohorizonte.fm\\\/radio\\\/#\\\/schema\\\/logo\\\/image\\\/\",\"url\":\"http:\\\/\\\/www.radiohorizonte.fm\\\/radio\\\/wp-content\\\/uploads\\\/2025\\\/06\\\/Portada-FM-Horizonte_modelo-imagen-scaled.jpg\",\"contentUrl\":\"http:\\\/\\\/www.radiohorizonte.fm\\\/radio\\\/wp-content\\\/uploads\\\/2025\\\/06\\\/Portada-FM-Horizonte_modelo-imagen-scaled.jpg\",\"width\":2560,\"height\":1056,\"caption\":\"Horizonte\"},\"image\":{\"@id\":\"http:\\\/\\\/www.radiohorizonte.fm\\\/radio\\\/#\\\/schema\\\/logo\\\/image\\\/\"},\"sameAs\":[\"http:\\\/\\\/www.facebook.com\\\/HORIZONTE106.1\",\"https:\\\/\\\/x.com\\\/fmhorizonte1061\"]},{\"@type\":\"Person\",\"@id\":\"http:\\\/\\\/www.radiohorizonte.fm\\\/radio\\\/#\\\/schema\\\/person\\\/f8fa003a405bb86729fd87d15d0ddafa\",\"name\":\"Cristian Galarza\",\"image\":{\"@type\":\"ImageObject\",\"inLanguage\":\"es-AR\",\"@id\":\"https:\\\/\\\/secure.gravatar.com\\\/avatar\\\/fad34bc2c773209c05d7d53b08a69b680eeb55f3be014e52b31643d20ab65925?s=96&d=mm&r=g\",\"url\":\"https:\\\/\\\/secure.gravatar.com\\\/avatar\\\/fad34bc2c773209c05d7d53b08a69b680eeb55f3be014e52b31643d20ab65925?s=96&d=mm&r=g\",\"contentUrl\":\"https:\\\/\\\/secure.gravatar.com\\\/avatar\\\/fad34bc2c773209c05d7d53b08a69b680eeb55f3be014e52b31643d20ab65925?s=96&d=mm&r=g\",\"caption\":\"Cristian Galarza\"},\"url\":\"http:\\\/\\\/www.radiohorizonte.fm\\\/radio\\\/author\\\/cristian\\\/\"}]}<\/script>\n<!-- \/ Yoast SEO plugin. -->","yoast_head_json":{"title":"\u201cIncluir Futuro\u201d: Entregaron 696 notebooks a establecimientos secundarios de Capital - Horizonte","robots":{"index":"index","follow":"follow","max-snippet":"max-snippet:-1","max-image-preview":"max-image-preview:large","max-video-preview":"max-video-preview:-1"},"canonical":"http:\/\/www.radiohorizonte.fm\/radio\/2023\/09\/26\/incluir-futuro-entregaron-696-notebooks-establecimientos-secundarios-de-capital\/","og_locale":"es_ES","og_type":"article","og_title":"\u201cIncluir Futuro\u201d: Entregaron 696 notebooks a establecimientos secundarios de Capital - Horizonte","og_description":"La ministra de Educaci\u00f3n Pr\u00e1xedes L\u00f3pez y el intendente de la ciudad de Corrientes, Eduardo Tassano, encabezaron este martes el acto de entrega de 696 notebooks del programa \u201cIncluir Futuro\u201d, a cinco establecimientos secundarios de la Capital. El mismo tuvo lugar en las instalaciones del Centro de Educaci\u00f3n F\u00edsica N\u00ba 1 \u201cProfesor Eduardo Robles\u201d, ubicado","og_url":"http:\/\/www.radiohorizonte.fm\/radio\/2023\/09\/26\/incluir-futuro-entregaron-696-notebooks-establecimientos-secundarios-de-capital\/","og_site_name":"Horizonte","article_publisher":"http:\/\/www.facebook.com\/HORIZONTE106.1","article_published_time":"2023-09-26T14:58:09+00:00","og_image":[{"width":1200,"height":800,"url":"http:\/\/www.radiohorizonte.fm\/radio\/wp-content\/uploads\/2023\/09\/imagen-50193.jpg","type":"image\/jpeg"}],"author":"Cristian Galarza","twitter_card":"summary_large_image","twitter_creator":"@fmhorizonte1061","twitter_site":"@fmhorizonte1061","twitter_misc":{"Escrito por":"Cristian Galarza","Tiempo de lectura":"3 minutos"},"schema":{"@context":"https:\/\/schema.org","@graph":[{"@type":"Article","@id":"http:\/\/www.radiohorizonte.fm\/radio\/2023\/09\/26\/incluir-futuro-entregaron-696-notebooks-establecimientos-secundarios-de-capital\/#article","isPartOf":{"@id":"http:\/\/www.radiohorizonte.fm\/radio\/2023\/09\/26\/incluir-futuro-entregaron-696-notebooks-establecimientos-secundarios-de-capital\/"},"author":{"name":"Cristian Galarza","@id":"http:\/\/www.radiohorizonte.fm\/radio\/#\/schema\/person\/f8fa003a405bb86729fd87d15d0ddafa"},"headline":"\u201cIncluir Futuro\u201d: Entregaron 696 notebooks a establecimientos secundarios de Capital","datePublished":"2023-09-26T14:58:09+00:00","mainEntityOfPage":{"@id":"http:\/\/www.radiohorizonte.fm\/radio\/2023\/09\/26\/incluir-futuro-entregaron-696-notebooks-establecimientos-secundarios-de-capital\/"},"wordCount":694,"publisher":{"@id":"http:\/\/www.radiohorizonte.fm\/radio\/#organization"},"image":{"@id":"http:\/\/www.radiohorizonte.fm\/radio\/2023\/09\/26\/incluir-futuro-entregaron-696-notebooks-establecimientos-secundarios-de-capital\/#primaryimage"},"thumbnailUrl":"http:\/\/www.radiohorizonte.fm\/radio\/wp-content\/uploads\/2023\/09\/imagen-50193.jpg","articleSection":["Noticias"],"inLanguage":"es-AR"},{"@type":"WebPage","@id":"http:\/\/www.radiohorizonte.fm\/radio\/2023\/09\/26\/incluir-futuro-entregaron-696-notebooks-establecimientos-secundarios-de-capital\/","url":"http:\/\/www.radiohorizonte.fm\/radio\/2023\/09\/26\/incluir-futuro-entregaron-696-notebooks-establecimientos-secundarios-de-capital\/","name":"\u201cIncluir Futuro\u201d: Entregaron 696 notebooks a establecimientos secundarios de Capital - Horizonte","isPartOf":{"@id":"http:\/\/www.radiohorizonte.fm\/radio\/#website"},"primaryImageOfPage":{"@id":"http:\/\/www.radiohorizonte.fm\/radio\/2023\/09\/26\/incluir-futuro-entregaron-696-notebooks-establecimientos-secundarios-de-capital\/#primaryimage"},"image":{"@id":"http:\/\/www.radiohorizonte.fm\/radio\/2023\/09\/26\/incluir-futuro-entregaron-696-notebooks-establecimientos-secundarios-de-capital\/#primaryimage"},"thumbnailUrl":"http:\/\/www.radiohorizonte.fm\/radio\/wp-content\/uploads\/2023\/09\/imagen-50193.jpg","datePublished":"2023-09-26T14:58:09+00:00","breadcrumb":{"@id":"http:\/\/www.radiohorizonte.fm\/radio\/2023\/09\/26\/incluir-futuro-entregaron-696-notebooks-establecimientos-secundarios-de-capital\/#breadcrumb"},"inLanguage":"es-AR","potentialAction":[{"@type":"ReadAction","target":["http:\/\/www.radiohorizonte.fm\/radio\/2023\/09\/26\/incluir-futuro-entregaron-696-notebooks-establecimientos-secundarios-de-capital\/"]}]},{"@type":"ImageObject","inLanguage":"es-AR","@id":"http:\/\/www.radiohorizonte.fm\/radio\/2023\/09\/26\/incluir-futuro-entregaron-696-notebooks-establecimientos-secundarios-de-capital\/#primaryimage","url":"http:\/\/www.radiohorizonte.fm\/radio\/wp-content\/uploads\/2023\/09\/imagen-50193.jpg","contentUrl":"http:\/\/www.radiohorizonte.fm\/radio\/wp-content\/uploads\/2023\/09\/imagen-50193.jpg","width":1200,"height":800},{"@type":"BreadcrumbList","@id":"http:\/\/www.radiohorizonte.fm\/radio\/2023\/09\/26\/incluir-futuro-entregaron-696-notebooks-establecimientos-secundarios-de-capital\/#breadcrumb","itemListElement":[{"@type":"ListItem","position":1,"name":"Home","item":"http:\/\/www.radiohorizonte.fm\/radio\/"},{"@type":"ListItem","position":2,"name":"\u201cIncluir Futuro\u201d: Entregaron 696 notebooks a establecimientos secundarios de Capital"}]},{"@type":"WebSite","@id":"http:\/\/www.radiohorizonte.fm\/radio\/#website","url":"http:\/\/www.radiohorizonte.fm\/radio\/","name":"Horizonte","description":"Radio Horizonte 106.1 - Una radio de clasicos","publisher":{"@id":"http:\/\/www.radiohorizonte.fm\/radio\/#organization"},"potentialAction":[{"@type":"SearchAction","target":{"@type":"EntryPoint","urlTemplate":"http:\/\/www.radiohorizonte.fm\/radio\/?s={search_term_string}"},"query-input":{"@type":"PropertyValueSpecification","valueRequired":true,"valueName":"search_term_string"}}],"inLanguage":"es-AR"},{"@type":"Organization","@id":"http:\/\/www.radiohorizonte.fm\/radio\/#organization","name":"Horizonte","url":"http:\/\/www.radiohorizonte.fm\/radio\/","logo":{"@type":"ImageObject","inLanguage":"es-AR","@id":"http:\/\/www.radiohorizonte.fm\/radio\/#\/schema\/logo\/image\/","url":"http:\/\/www.radiohorizonte.fm\/radio\/wp-content\/uploads\/2025\/06\/Portada-FM-Horizonte_modelo-imagen-scaled.jpg","contentUrl":"http:\/\/www.radiohorizonte.fm\/radio\/wp-content\/uploads\/2025\/06\/Portada-FM-Horizonte_modelo-imagen-scaled.jpg","width":2560,"height":1056,"caption":"Horizonte"},"image":{"@id":"http:\/\/www.radiohorizonte.fm\/radio\/#\/schema\/logo\/image\/"},"sameAs":["http:\/\/www.facebook.com\/HORIZONTE106.1","https:\/\/x.com\/fmhorizonte1061"]},{"@type":"Person","@id":"http:\/\/www.radiohorizonte.fm\/radio\/#\/schema\/person\/f8fa003a405bb86729fd87d15d0ddafa","name":"Cristian Galarza","image":{"@type":"ImageObject","inLanguage":"es-AR","@id":"https:\/\/secure.gravatar.com\/avatar\/fad34bc2c773209c05d7d53b08a69b680eeb55f3be014e52b31643d20ab65925?s=96&d=mm&r=g","url":"https:\/\/secure.gravatar.com\/avatar\/fad34bc2c773209c05d7d53b08a69b680eeb55f3be014e52b31643d20ab65925?s=96&d=mm&r=g","contentUrl":"https:\/\/secure.gravatar.com\/avatar\/fad34bc2c773209c05d7d53b08a69b680eeb55f3be014e52b31643d20ab65925?s=96&d=mm&r=g","caption":"Cristian Galarza"},"url":"http:\/\/www.radiohorizonte.fm\/radio\/author\/cristian\/"}]}},"_links":{"self":[{"href":"http:\/\/www.radiohorizonte.fm\/radio\/wp-json\/wp\/v2\/posts\/42136","targetHints":{"allow":["GET"]}}],"collection":[{"href":"http:\/\/www.radiohorizonte.fm\/radio\/wp-json\/wp\/v2\/posts"}],"about":[{"href":"http:\/\/www.radiohorizonte.fm\/radio\/wp-json\/wp\/v2\/types\/post"}],"author":[{"embeddable":true,"href":"http:\/\/www.radiohorizonte.fm\/radio\/wp-json\/wp\/v2\/users\/2"}],"replies":[{"embeddable":true,"href":"http:\/\/www.radiohorizonte.fm\/radio\/wp-json\/wp\/v2\/comments?post=42136"}],"version-history":[{"count":1,"href":"http:\/\/www.radiohorizonte.fm\/radio\/wp-json\/wp\/v2\/posts\/42136\/revisions"}],"predecessor-version":[{"id":42139,"href":"http:\/\/www.radiohorizonte.fm\/radio\/wp-json\/wp\/v2\/posts\/42136\/revisions\/42139"}],"wp:featuredmedia":[{"embeddable":true,"href":"http:\/\/www.radiohorizonte.fm\/radio\/wp-json\/wp\/v2\/media\/42137"}],"wp:attachment":[{"href":"http:\/\/www.radiohorizonte.fm\/radio\/wp-json\/wp\/v2\/media?parent=42136"}],"wp:term":[{"taxonomy":"category","embeddable":true,"href":"http:\/\/www.radiohorizonte.fm\/radio\/wp-json\/wp\/v2\/categories?post=42136"},{"taxonomy":"post_tag","embeddable":true,"href":"http:\/\/www.radiohorizonte.fm\/radio\/wp-json\/wp\/v2\/tags?post=42136"}],"curies":[{"name":"wp","href":"https:\/\/api.w.org\/{rel}","templated":true}]}}