{"id":42145,"date":"2023-09-28T07:14:23","date_gmt":"2023-09-28T10:14:23","guid":{"rendered":"http:\/\/www.radiohorizonte.fm\/radio\/?p=42145"},"modified":"2023-09-28T07:14:23","modified_gmt":"2023-09-28T10:14:23","slug":"el-sombrero-que-michael-jackson-uso-para-su-baile-moonwalk-fue-vendido-por-82-mil-dolares","status":"publish","type":"post","link":"http:\/\/www.radiohorizonte.fm\/radio\/2023\/09\/28\/el-sombrero-que-michael-jackson-uso-para-su-baile-moonwalk-fue-vendido-por-82-mil-dolares\/","title":{"rendered":"El sombrero que Michael Jackson us\u00f3 para su baile &#8220;moonwalk&#8221; fue vendido por 82 mil d\u00f3lares"},"content":{"rendered":"<p>La subasta se realiz\u00f3 en Par\u00eds y en el mismo evento tambi\u00e9n se vendieron al mejor postor otros 200 objetos del mundo del rock.<\/p>\n<p><img loading=\"lazy\" decoding=\"async\" class=\"alignnone size-full wp-image-42146\" src=\"http:\/\/www.radiohorizonte.fm\/radio\/wp-content\/uploads\/2023\/09\/63c89077859a8_1200.jpg\" alt=\"\" width=\"1200\" height=\"675\" srcset=\"http:\/\/www.radiohorizonte.fm\/radio\/wp-content\/uploads\/2023\/09\/63c89077859a8_1200.jpg 1200w, http:\/\/www.radiohorizonte.fm\/radio\/wp-content\/uploads\/2023\/09\/63c89077859a8_1200-300x169.jpg 300w, http:\/\/www.radiohorizonte.fm\/radio\/wp-content\/uploads\/2023\/09\/63c89077859a8_1200-768x432.jpg 768w, http:\/\/www.radiohorizonte.fm\/radio\/wp-content\/uploads\/2023\/09\/63c89077859a8_1200-1024x576.jpg 1024w, http:\/\/www.radiohorizonte.fm\/radio\/wp-content\/uploads\/2023\/09\/63c89077859a8_1200-65x37.jpg 65w, http:\/\/www.radiohorizonte.fm\/radio\/wp-content\/uploads\/2023\/09\/63c89077859a8_1200-320x180.jpg 320w, http:\/\/www.radiohorizonte.fm\/radio\/wp-content\/uploads\/2023\/09\/63c89077859a8_1200-85x48.jpg 85w, http:\/\/www.radiohorizonte.fm\/radio\/wp-content\/uploads\/2023\/09\/63c89077859a8_1200-220x125.jpg 220w, http:\/\/www.radiohorizonte.fm\/radio\/wp-content\/uploads\/2023\/09\/63c89077859a8_1200-90x51.jpg 90w\" sizes=\"auto, (max-width: 1200px) 100vw, 1200px\" \/><\/p>\n<p>El sombrero que Michael Jackson llev\u00f3 durante su primer baile &#8220;moonwalk&#8221;, que fue rescatado por un asistente del m\u00fasico en un<strong>\u00a0show en 1983<\/strong>, fue vendido por USD 82.000 d\u00f3lares, durante una subasta en Par\u00eds ante la presencia de numerosos fans y curiosos.<\/p>\n<p>Es un\u00a0<strong>sombrero fedora<\/strong>, de\u00a0<strong>lana forrado de seda<\/strong>, estaba valorado entre 60.000 y 100.000 euros, y era el principal objeto de una venta de remate que reuni\u00f3 200 objetos del mundo del rock, organizada por la firma Lemon Auction.<\/p>\n<p>El\u00a0<strong>responsable de recuperar ese objeto fue Adam Kelly<\/strong>, asistente del espect\u00e1culo que dio Michael Jackson el 25 de marzo de 1983 y lo conserv\u00f3 durante varios a\u00f1os antes de venderlo a un coleccionista estadounidense. Luego el sombrero reapareci\u00f3 en una colecci\u00f3n europea, consign\u00f3 la agencia de noticias AFP.<\/p>\n<blockquote class=\"instagram-media\" data-instgrm-permalink=\"https:\/\/www.instagram.com\/p\/Cxc_0EnolMp\/?utm_source=ig_embed&amp;utm_campaign=loading\" data-instgrm-version=\"14\">\n<div>\n<div><\/div>\n<div><\/div>\n<div><\/div>\n<div>\n<div>Ver esta publicaci\u00f3n en Instagram<\/div>\n<\/div>\n<div><\/div>\n<div><\/div>\n<div><\/div>\n<p><a href=\"https:\/\/www.instagram.com\/p\/Cxc_0EnolMp\/?utm_source=ig_embed&amp;utm_campaign=loading\" target=\"_blank\" rel=\"noopener\">Una publicaci\u00f3n compartida de Lemon Auction (@lemon.auction)<\/a><\/p>\n<\/div>\n<\/blockquote>\n<p>En esa oportunidad, Kelly, &#8220;que pensaba que el personal del cantante vendr\u00eda a recogerlo, lo que no sucedi\u00f3&#8221;, dijo a AFP Arthur Perault, general director de la galer\u00eda Artp\u00e8ges que lo puso a la venta.<\/p>\n<p>De hecho Michael Jackson no bail\u00f3 su famosa coreograf\u00eda de la canci\u00f3n &#8220;Billie Jean&#8221; con ese sombrero y lo lanz\u00f3 al inicio del espect\u00e1culo a un lado del escenario.<\/p>\n<p>Otro objeto subastado fue la guitarra del bluesman\u00a0<strong>T-Bone Walker<\/strong>\u00a0(1910-1975), una gran influencia para\u00a0<strong>B.B. King, Chuck Berry, Jimi Hendrix, Buddy Guy, Jimmy Page y Eric Clapton<\/strong>\u00a0que se vendi\u00f3 por unos 137.000 d\u00f3lares. S\u00f3lo se produjeron 22 ejemplares de esta guitarra, en 1949.<\/p>\n<h2 class=\"\">Otra subasta con objetos de Freddie Mercury<\/h2>\n<p>El mundo del rock sigue atrayendo a fans acaudalados a las subastas. Recientemente en Londres una serie de remates de miles de objetos que pertenecieron a Freddie Mercury superaron los 50 millones de d\u00f3lares, un r\u00e9cord para una colecci\u00f3n de este tipo, seg\u00fan la casa de subastas Sotheby&#8217;s.<\/p>\n<p>En esa subasta se vendi\u00f3 el piano con el que el artista compuso casi todas sus canciones, entre ellas &#8220;Bohemian Rhapsody&#8221;, por 2 millones de euros (unos 2,2 millones de d\u00f3lares).<\/p>\n<p>Fuente: T\u00e9lam<\/p>\n","protected":false},"excerpt":{"rendered":"<div class=\"post-excerpt\"><p>La subasta se realiz\u00f3 en Par\u00eds y en el mismo evento tambi\u00e9n se vendieron al mejor postor otros 200 objetos del mundo del rock. El sombrero que Michael Jackson llev\u00f3 durante su primer baile &#8220;moonwalk&#8221;, que fue rescatado por un asistente del m\u00fasico en un\u00a0show en 1983, fue vendido por USD 82.000 d\u00f3lares, durante una<\/p>\n<\/div>","protected":false},"author":2,"featured_media":42146,"comment_status":"closed","ping_status":"closed","sticky":false,"template":"","format":"standard","meta":{"_acf_changed":false,"footnotes":""},"categories":[3],"tags":[],"class_list":["post-42145","post","type-post","status-publish","format-standard","has-post-thumbnail","hentry","category-infomusic"],"acf":[],"yoast_head":"<!-- This site is optimized with the Yoast SEO plugin v28.1 - https:\/\/yoast.com\/product\/yoast-seo-wordpress\/ -->\n<title>El sombrero que Michael Jackson us\u00f3 para su baile &quot;moonwalk&quot; fue vendido por 82 mil d\u00f3lares - Horizonte<\/title>\n<meta name=\"robots\" content=\"index, follow, max-snippet:-1, max-image-preview:large, max-video-preview:-1\" \/>\n<link rel=\"canonical\" href=\"http:\/\/www.radiohorizonte.fm\/radio\/2023\/09\/28\/el-sombrero-que-michael-jackson-uso-para-su-baile-moonwalk-fue-vendido-por-82-mil-dolares\/\" \/>\n<meta property=\"og:locale\" content=\"es_ES\" \/>\n<meta property=\"og:type\" content=\"article\" \/>\n<meta property=\"og:title\" content=\"El sombrero que Michael Jackson us\u00f3 para su baile &quot;moonwalk&quot; fue vendido por 82 mil d\u00f3lares - Horizonte\" \/>\n<meta property=\"og:description\" content=\"La subasta se realiz\u00f3 en Par\u00eds y en el mismo evento tambi\u00e9n se vendieron al mejor postor otros 200 objetos del mundo del rock. El sombrero que Michael Jackson llev\u00f3 durante su primer baile &#8220;moonwalk&#8221;, que fue rescatado por un asistente del m\u00fasico en un\u00a0show en 1983, fue vendido por USD 82.000 d\u00f3lares, durante una\" \/>\n<meta property=\"og:url\" content=\"http:\/\/www.radiohorizonte.fm\/radio\/2023\/09\/28\/el-sombrero-que-michael-jackson-uso-para-su-baile-moonwalk-fue-vendido-por-82-mil-dolares\/\" \/>\n<meta property=\"og:site_name\" content=\"Horizonte\" \/>\n<meta property=\"article:publisher\" content=\"http:\/\/www.facebook.com\/HORIZONTE106.1\" \/>\n<meta property=\"article:published_time\" content=\"2023-09-28T10:14:23+00:00\" \/>\n<meta property=\"og:image\" content=\"http:\/\/www.radiohorizonte.fm\/radio\/wp-content\/uploads\/2023\/09\/63c89077859a8_1200.jpg\" \/>\n\t<meta property=\"og:image:width\" content=\"1200\" \/>\n\t<meta property=\"og:image:height\" content=\"675\" \/>\n\t<meta property=\"og:image:type\" content=\"image\/jpeg\" \/>\n<meta name=\"author\" content=\"Cristian Galarza\" \/>\n<meta name=\"twitter:card\" content=\"summary_large_image\" \/>\n<meta name=\"twitter:creator\" content=\"@fmhorizonte1061\" \/>\n<meta name=\"twitter:site\" content=\"@fmhorizonte1061\" \/>\n<meta name=\"twitter:label1\" content=\"Escrito por\" \/>\n\t<meta name=\"twitter:data1\" content=\"Cristian Galarza\" \/>\n\t<meta name=\"twitter:label2\" content=\"Tiempo de lectura\" \/>\n\t<meta name=\"twitter:data2\" content=\"2 minutos\" \/>\n<script type=\"application\/ld+json\" class=\"yoast-schema-graph\">{\"@context\":\"https:\\\/\\\/schema.org\",\"@graph\":[{\"@type\":\"Article\",\"@id\":\"http:\\\/\\\/www.radiohorizonte.fm\\\/radio\\\/2023\\\/09\\\/28\\\/el-sombrero-que-michael-jackson-uso-para-su-baile-moonwalk-fue-vendido-por-82-mil-dolares\\\/#article\",\"isPartOf\":{\"@id\":\"http:\\\/\\\/www.radiohorizonte.fm\\\/radio\\\/2023\\\/09\\\/28\\\/el-sombrero-que-michael-jackson-uso-para-su-baile-moonwalk-fue-vendido-por-82-mil-dolares\\\/\"},\"author\":{\"name\":\"Cristian Galarza\",\"@id\":\"http:\\\/\\\/www.radiohorizonte.fm\\\/radio\\\/#\\\/schema\\\/person\\\/f8fa003a405bb86729fd87d15d0ddafa\"},\"headline\":\"El sombrero que Michael Jackson us\u00f3 para su baile &#8220;moonwalk&#8221; fue vendido por 82 mil d\u00f3lares\",\"datePublished\":\"2023-09-28T10:14:23+00:00\",\"mainEntityOfPage\":{\"@id\":\"http:\\\/\\\/www.radiohorizonte.fm\\\/radio\\\/2023\\\/09\\\/28\\\/el-sombrero-que-michael-jackson-uso-para-su-baile-moonwalk-fue-vendido-por-82-mil-dolares\\\/\"},\"wordCount\":393,\"publisher\":{\"@id\":\"http:\\\/\\\/www.radiohorizonte.fm\\\/radio\\\/#organization\"},\"image\":{\"@id\":\"http:\\\/\\\/www.radiohorizonte.fm\\\/radio\\\/2023\\\/09\\\/28\\\/el-sombrero-que-michael-jackson-uso-para-su-baile-moonwalk-fue-vendido-por-82-mil-dolares\\\/#primaryimage\"},\"thumbnailUrl\":\"http:\\\/\\\/www.radiohorizonte.fm\\\/radio\\\/wp-content\\\/uploads\\\/2023\\\/09\\\/63c89077859a8_1200.jpg\",\"articleSection\":[\"Infomusic\"],\"inLanguage\":\"es-AR\"},{\"@type\":\"WebPage\",\"@id\":\"http:\\\/\\\/www.radiohorizonte.fm\\\/radio\\\/2023\\\/09\\\/28\\\/el-sombrero-que-michael-jackson-uso-para-su-baile-moonwalk-fue-vendido-por-82-mil-dolares\\\/\",\"url\":\"http:\\\/\\\/www.radiohorizonte.fm\\\/radio\\\/2023\\\/09\\\/28\\\/el-sombrero-que-michael-jackson-uso-para-su-baile-moonwalk-fue-vendido-por-82-mil-dolares\\\/\",\"name\":\"El sombrero que Michael Jackson us\u00f3 para su baile \\\"moonwalk\\\" fue vendido por 82 mil d\u00f3lares - Horizonte\",\"isPartOf\":{\"@id\":\"http:\\\/\\\/www.radiohorizonte.fm\\\/radio\\\/#website\"},\"primaryImageOfPage\":{\"@id\":\"http:\\\/\\\/www.radiohorizonte.fm\\\/radio\\\/2023\\\/09\\\/28\\\/el-sombrero-que-michael-jackson-uso-para-su-baile-moonwalk-fue-vendido-por-82-mil-dolares\\\/#primaryimage\"},\"image\":{\"@id\":\"http:\\\/\\\/www.radiohorizonte.fm\\\/radio\\\/2023\\\/09\\\/28\\\/el-sombrero-que-michael-jackson-uso-para-su-baile-moonwalk-fue-vendido-por-82-mil-dolares\\\/#primaryimage\"},\"thumbnailUrl\":\"http:\\\/\\\/www.radiohorizonte.fm\\\/radio\\\/wp-content\\\/uploads\\\/2023\\\/09\\\/63c89077859a8_1200.jpg\",\"datePublished\":\"2023-09-28T10:14:23+00:00\",\"breadcrumb\":{\"@id\":\"http:\\\/\\\/www.radiohorizonte.fm\\\/radio\\\/2023\\\/09\\\/28\\\/el-sombrero-que-michael-jackson-uso-para-su-baile-moonwalk-fue-vendido-por-82-mil-dolares\\\/#breadcrumb\"},\"inLanguage\":\"es-AR\",\"potentialAction\":[{\"@type\":\"ReadAction\",\"target\":[\"http:\\\/\\\/www.radiohorizonte.fm\\\/radio\\\/2023\\\/09\\\/28\\\/el-sombrero-que-michael-jackson-uso-para-su-baile-moonwalk-fue-vendido-por-82-mil-dolares\\\/\"]}]},{\"@type\":\"ImageObject\",\"inLanguage\":\"es-AR\",\"@id\":\"http:\\\/\\\/www.radiohorizonte.fm\\\/radio\\\/2023\\\/09\\\/28\\\/el-sombrero-que-michael-jackson-uso-para-su-baile-moonwalk-fue-vendido-por-82-mil-dolares\\\/#primaryimage\",\"url\":\"http:\\\/\\\/www.radiohorizonte.fm\\\/radio\\\/wp-content\\\/uploads\\\/2023\\\/09\\\/63c89077859a8_1200.jpg\",\"contentUrl\":\"http:\\\/\\\/www.radiohorizonte.fm\\\/radio\\\/wp-content\\\/uploads\\\/2023\\\/09\\\/63c89077859a8_1200.jpg\",\"width\":1200,\"height\":675},{\"@type\":\"BreadcrumbList\",\"@id\":\"http:\\\/\\\/www.radiohorizonte.fm\\\/radio\\\/2023\\\/09\\\/28\\\/el-sombrero-que-michael-jackson-uso-para-su-baile-moonwalk-fue-vendido-por-82-mil-dolares\\\/#breadcrumb\",\"itemListElement\":[{\"@type\":\"ListItem\",\"position\":1,\"name\":\"Home\",\"item\":\"http:\\\/\\\/www.radiohorizonte.fm\\\/radio\\\/\"},{\"@type\":\"ListItem\",\"position\":2,\"name\":\"El sombrero que Michael Jackson us\u00f3 para su baile &#8220;moonwalk&#8221; fue vendido por 82 mil d\u00f3lares\"}]},{\"@type\":\"WebSite\",\"@id\":\"http:\\\/\\\/www.radiohorizonte.fm\\\/radio\\\/#website\",\"url\":\"http:\\\/\\\/www.radiohorizonte.fm\\\/radio\\\/\",\"name\":\"Horizonte\",\"description\":\"Radio Horizonte 106.1 - Una radio de clasicos\",\"publisher\":{\"@id\":\"http:\\\/\\\/www.radiohorizonte.fm\\\/radio\\\/#organization\"},\"potentialAction\":[{\"@type\":\"SearchAction\",\"target\":{\"@type\":\"EntryPoint\",\"urlTemplate\":\"http:\\\/\\\/www.radiohorizonte.fm\\\/radio\\\/?s={search_term_string}\"},\"query-input\":{\"@type\":\"PropertyValueSpecification\",\"valueRequired\":true,\"valueName\":\"search_term_string\"}}],\"inLanguage\":\"es-AR\"},{\"@type\":\"Organization\",\"@id\":\"http:\\\/\\\/www.radiohorizonte.fm\\\/radio\\\/#organization\",\"name\":\"Horizonte\",\"url\":\"http:\\\/\\\/www.radiohorizonte.fm\\\/radio\\\/\",\"logo\":{\"@type\":\"ImageObject\",\"inLanguage\":\"es-AR\",\"@id\":\"http:\\\/\\\/www.radiohorizonte.fm\\\/radio\\\/#\\\/schema\\\/logo\\\/image\\\/\",\"url\":\"http:\\\/\\\/www.radiohorizonte.fm\\\/radio\\\/wp-content\\\/uploads\\\/2025\\\/06\\\/Portada-FM-Horizonte_modelo-imagen-scaled.jpg\",\"contentUrl\":\"http:\\\/\\\/www.radiohorizonte.fm\\\/radio\\\/wp-content\\\/uploads\\\/2025\\\/06\\\/Portada-FM-Horizonte_modelo-imagen-scaled.jpg\",\"width\":2560,\"height\":1056,\"caption\":\"Horizonte\"},\"image\":{\"@id\":\"http:\\\/\\\/www.radiohorizonte.fm\\\/radio\\\/#\\\/schema\\\/logo\\\/image\\\/\"},\"sameAs\":[\"http:\\\/\\\/www.facebook.com\\\/HORIZONTE106.1\",\"https:\\\/\\\/x.com\\\/fmhorizonte1061\"]},{\"@type\":\"Person\",\"@id\":\"http:\\\/\\\/www.radiohorizonte.fm\\\/radio\\\/#\\\/schema\\\/person\\\/f8fa003a405bb86729fd87d15d0ddafa\",\"name\":\"Cristian Galarza\",\"image\":{\"@type\":\"ImageObject\",\"inLanguage\":\"es-AR\",\"@id\":\"https:\\\/\\\/secure.gravatar.com\\\/avatar\\\/fad34bc2c773209c05d7d53b08a69b680eeb55f3be014e52b31643d20ab65925?s=96&d=mm&r=g\",\"url\":\"https:\\\/\\\/secure.gravatar.com\\\/avatar\\\/fad34bc2c773209c05d7d53b08a69b680eeb55f3be014e52b31643d20ab65925?s=96&d=mm&r=g\",\"contentUrl\":\"https:\\\/\\\/secure.gravatar.com\\\/avatar\\\/fad34bc2c773209c05d7d53b08a69b680eeb55f3be014e52b31643d20ab65925?s=96&d=mm&r=g\",\"caption\":\"Cristian Galarza\"},\"url\":\"http:\\\/\\\/www.radiohorizonte.fm\\\/radio\\\/author\\\/cristian\\\/\"}]}<\/script>\n<!-- \/ Yoast SEO plugin. -->","yoast_head_json":{"title":"El sombrero que Michael Jackson us\u00f3 para su baile \"moonwalk\" fue vendido por 82 mil d\u00f3lares - Horizonte","robots":{"index":"index","follow":"follow","max-snippet":"max-snippet:-1","max-image-preview":"max-image-preview:large","max-video-preview":"max-video-preview:-1"},"canonical":"http:\/\/www.radiohorizonte.fm\/radio\/2023\/09\/28\/el-sombrero-que-michael-jackson-uso-para-su-baile-moonwalk-fue-vendido-por-82-mil-dolares\/","og_locale":"es_ES","og_type":"article","og_title":"El sombrero que Michael Jackson us\u00f3 para su baile \"moonwalk\" fue vendido por 82 mil d\u00f3lares - Horizonte","og_description":"La subasta se realiz\u00f3 en Par\u00eds y en el mismo evento tambi\u00e9n se vendieron al mejor postor otros 200 objetos del mundo del rock. El sombrero que Michael Jackson llev\u00f3 durante su primer baile &#8220;moonwalk&#8221;, que fue rescatado por un asistente del m\u00fasico en un\u00a0show en 1983, fue vendido por USD 82.000 d\u00f3lares, durante una","og_url":"http:\/\/www.radiohorizonte.fm\/radio\/2023\/09\/28\/el-sombrero-que-michael-jackson-uso-para-su-baile-moonwalk-fue-vendido-por-82-mil-dolares\/","og_site_name":"Horizonte","article_publisher":"http:\/\/www.facebook.com\/HORIZONTE106.1","article_published_time":"2023-09-28T10:14:23+00:00","og_image":[{"width":1200,"height":675,"url":"http:\/\/www.radiohorizonte.fm\/radio\/wp-content\/uploads\/2023\/09\/63c89077859a8_1200.jpg","type":"image\/jpeg"}],"author":"Cristian Galarza","twitter_card":"summary_large_image","twitter_creator":"@fmhorizonte1061","twitter_site":"@fmhorizonte1061","twitter_misc":{"Escrito por":"Cristian Galarza","Tiempo de lectura":"2 minutos"},"schema":{"@context":"https:\/\/schema.org","@graph":[{"@type":"Article","@id":"http:\/\/www.radiohorizonte.fm\/radio\/2023\/09\/28\/el-sombrero-que-michael-jackson-uso-para-su-baile-moonwalk-fue-vendido-por-82-mil-dolares\/#article","isPartOf":{"@id":"http:\/\/www.radiohorizonte.fm\/radio\/2023\/09\/28\/el-sombrero-que-michael-jackson-uso-para-su-baile-moonwalk-fue-vendido-por-82-mil-dolares\/"},"author":{"name":"Cristian Galarza","@id":"http:\/\/www.radiohorizonte.fm\/radio\/#\/schema\/person\/f8fa003a405bb86729fd87d15d0ddafa"},"headline":"El sombrero que Michael Jackson us\u00f3 para su baile &#8220;moonwalk&#8221; fue vendido por 82 mil d\u00f3lares","datePublished":"2023-09-28T10:14:23+00:00","mainEntityOfPage":{"@id":"http:\/\/www.radiohorizonte.fm\/radio\/2023\/09\/28\/el-sombrero-que-michael-jackson-uso-para-su-baile-moonwalk-fue-vendido-por-82-mil-dolares\/"},"wordCount":393,"publisher":{"@id":"http:\/\/www.radiohorizonte.fm\/radio\/#organization"},"image":{"@id":"http:\/\/www.radiohorizonte.fm\/radio\/2023\/09\/28\/el-sombrero-que-michael-jackson-uso-para-su-baile-moonwalk-fue-vendido-por-82-mil-dolares\/#primaryimage"},"thumbnailUrl":"http:\/\/www.radiohorizonte.fm\/radio\/wp-content\/uploads\/2023\/09\/63c89077859a8_1200.jpg","articleSection":["Infomusic"],"inLanguage":"es-AR"},{"@type":"WebPage","@id":"http:\/\/www.radiohorizonte.fm\/radio\/2023\/09\/28\/el-sombrero-que-michael-jackson-uso-para-su-baile-moonwalk-fue-vendido-por-82-mil-dolares\/","url":"http:\/\/www.radiohorizonte.fm\/radio\/2023\/09\/28\/el-sombrero-que-michael-jackson-uso-para-su-baile-moonwalk-fue-vendido-por-82-mil-dolares\/","name":"El sombrero que Michael Jackson us\u00f3 para su baile \"moonwalk\" fue vendido por 82 mil d\u00f3lares - Horizonte","isPartOf":{"@id":"http:\/\/www.radiohorizonte.fm\/radio\/#website"},"primaryImageOfPage":{"@id":"http:\/\/www.radiohorizonte.fm\/radio\/2023\/09\/28\/el-sombrero-que-michael-jackson-uso-para-su-baile-moonwalk-fue-vendido-por-82-mil-dolares\/#primaryimage"},"image":{"@id":"http:\/\/www.radiohorizonte.fm\/radio\/2023\/09\/28\/el-sombrero-que-michael-jackson-uso-para-su-baile-moonwalk-fue-vendido-por-82-mil-dolares\/#primaryimage"},"thumbnailUrl":"http:\/\/www.radiohorizonte.fm\/radio\/wp-content\/uploads\/2023\/09\/63c89077859a8_1200.jpg","datePublished":"2023-09-28T10:14:23+00:00","breadcrumb":{"@id":"http:\/\/www.radiohorizonte.fm\/radio\/2023\/09\/28\/el-sombrero-que-michael-jackson-uso-para-su-baile-moonwalk-fue-vendido-por-82-mil-dolares\/#breadcrumb"},"inLanguage":"es-AR","potentialAction":[{"@type":"ReadAction","target":["http:\/\/www.radiohorizonte.fm\/radio\/2023\/09\/28\/el-sombrero-que-michael-jackson-uso-para-su-baile-moonwalk-fue-vendido-por-82-mil-dolares\/"]}]},{"@type":"ImageObject","inLanguage":"es-AR","@id":"http:\/\/www.radiohorizonte.fm\/radio\/2023\/09\/28\/el-sombrero-que-michael-jackson-uso-para-su-baile-moonwalk-fue-vendido-por-82-mil-dolares\/#primaryimage","url":"http:\/\/www.radiohorizonte.fm\/radio\/wp-content\/uploads\/2023\/09\/63c89077859a8_1200.jpg","contentUrl":"http:\/\/www.radiohorizonte.fm\/radio\/wp-content\/uploads\/2023\/09\/63c89077859a8_1200.jpg","width":1200,"height":675},{"@type":"BreadcrumbList","@id":"http:\/\/www.radiohorizonte.fm\/radio\/2023\/09\/28\/el-sombrero-que-michael-jackson-uso-para-su-baile-moonwalk-fue-vendido-por-82-mil-dolares\/#breadcrumb","itemListElement":[{"@type":"ListItem","position":1,"name":"Home","item":"http:\/\/www.radiohorizonte.fm\/radio\/"},{"@type":"ListItem","position":2,"name":"El sombrero que Michael Jackson us\u00f3 para su baile &#8220;moonwalk&#8221; fue vendido por 82 mil d\u00f3lares"}]},{"@type":"WebSite","@id":"http:\/\/www.radiohorizonte.fm\/radio\/#website","url":"http:\/\/www.radiohorizonte.fm\/radio\/","name":"Horizonte","description":"Radio Horizonte 106.1 - Una radio de clasicos","publisher":{"@id":"http:\/\/www.radiohorizonte.fm\/radio\/#organization"},"potentialAction":[{"@type":"SearchAction","target":{"@type":"EntryPoint","urlTemplate":"http:\/\/www.radiohorizonte.fm\/radio\/?s={search_term_string}"},"query-input":{"@type":"PropertyValueSpecification","valueRequired":true,"valueName":"search_term_string"}}],"inLanguage":"es-AR"},{"@type":"Organization","@id":"http:\/\/www.radiohorizonte.fm\/radio\/#organization","name":"Horizonte","url":"http:\/\/www.radiohorizonte.fm\/radio\/","logo":{"@type":"ImageObject","inLanguage":"es-AR","@id":"http:\/\/www.radiohorizonte.fm\/radio\/#\/schema\/logo\/image\/","url":"http:\/\/www.radiohorizonte.fm\/radio\/wp-content\/uploads\/2025\/06\/Portada-FM-Horizonte_modelo-imagen-scaled.jpg","contentUrl":"http:\/\/www.radiohorizonte.fm\/radio\/wp-content\/uploads\/2025\/06\/Portada-FM-Horizonte_modelo-imagen-scaled.jpg","width":2560,"height":1056,"caption":"Horizonte"},"image":{"@id":"http:\/\/www.radiohorizonte.fm\/radio\/#\/schema\/logo\/image\/"},"sameAs":["http:\/\/www.facebook.com\/HORIZONTE106.1","https:\/\/x.com\/fmhorizonte1061"]},{"@type":"Person","@id":"http:\/\/www.radiohorizonte.fm\/radio\/#\/schema\/person\/f8fa003a405bb86729fd87d15d0ddafa","name":"Cristian Galarza","image":{"@type":"ImageObject","inLanguage":"es-AR","@id":"https:\/\/secure.gravatar.com\/avatar\/fad34bc2c773209c05d7d53b08a69b680eeb55f3be014e52b31643d20ab65925?s=96&d=mm&r=g","url":"https:\/\/secure.gravatar.com\/avatar\/fad34bc2c773209c05d7d53b08a69b680eeb55f3be014e52b31643d20ab65925?s=96&d=mm&r=g","contentUrl":"https:\/\/secure.gravatar.com\/avatar\/fad34bc2c773209c05d7d53b08a69b680eeb55f3be014e52b31643d20ab65925?s=96&d=mm&r=g","caption":"Cristian Galarza"},"url":"http:\/\/www.radiohorizonte.fm\/radio\/author\/cristian\/"}]}},"_links":{"self":[{"href":"http:\/\/www.radiohorizonte.fm\/radio\/wp-json\/wp\/v2\/posts\/42145","targetHints":{"allow":["GET"]}}],"collection":[{"href":"http:\/\/www.radiohorizonte.fm\/radio\/wp-json\/wp\/v2\/posts"}],"about":[{"href":"http:\/\/www.radiohorizonte.fm\/radio\/wp-json\/wp\/v2\/types\/post"}],"author":[{"embeddable":true,"href":"http:\/\/www.radiohorizonte.fm\/radio\/wp-json\/wp\/v2\/users\/2"}],"replies":[{"embeddable":true,"href":"http:\/\/www.radiohorizonte.fm\/radio\/wp-json\/wp\/v2\/comments?post=42145"}],"version-history":[{"count":1,"href":"http:\/\/www.radiohorizonte.fm\/radio\/wp-json\/wp\/v2\/posts\/42145\/revisions"}],"predecessor-version":[{"id":42147,"href":"http:\/\/www.radiohorizonte.fm\/radio\/wp-json\/wp\/v2\/posts\/42145\/revisions\/42147"}],"wp:featuredmedia":[{"embeddable":true,"href":"http:\/\/www.radiohorizonte.fm\/radio\/wp-json\/wp\/v2\/media\/42146"}],"wp:attachment":[{"href":"http:\/\/www.radiohorizonte.fm\/radio\/wp-json\/wp\/v2\/media?parent=42145"}],"wp:term":[{"taxonomy":"category","embeddable":true,"href":"http:\/\/www.radiohorizonte.fm\/radio\/wp-json\/wp\/v2\/categories?post=42145"},{"taxonomy":"post_tag","embeddable":true,"href":"http:\/\/www.radiohorizonte.fm\/radio\/wp-json\/wp\/v2\/tags?post=42145"}],"curies":[{"name":"wp","href":"https:\/\/api.w.org\/{rel}","templated":true}]}}