{"id":42155,"date":"2023-09-28T08:06:49","date_gmt":"2023-09-28T11:06:49","guid":{"rendered":"http:\/\/www.radiohorizonte.fm\/radio\/?p=42155"},"modified":"2023-09-28T08:06:49","modified_gmt":"2023-09-28T11:06:49","slug":"aprobaron-un-aumento-del-322-del-salario-minimo-en-diciembre-sera-de-156-000","status":"publish","type":"post","link":"http:\/\/www.radiohorizonte.fm\/radio\/2023\/09\/28\/aprobaron-un-aumento-del-322-del-salario-minimo-en-diciembre-sera-de-156-000\/","title":{"rendered":"Aprobaron un aumento del 32,2% del salario m\u00ednimo: en diciembre ser\u00e1 de $156.000"},"content":{"rendered":"<p>Los representantes de los trabajadores y las c\u00e1maras empresarias alcanzaron un acuerdo en la Comisi\u00f3n del Salario M\u00ednimo, Vital y M\u00f3vil para el trimestre octubre-diciembre, que elevar\u00e1 la base de los ingresos m\u00ednimos, actualmente en 118 mil pesos<\/p>\n<p><img loading=\"lazy\" decoding=\"async\" class=\"alignnone size-full wp-image-40433\" src=\"http:\/\/www.radiohorizonte.fm\/radio\/wp-content\/uploads\/2023\/03\/salario-billetera-plata-pesos.jpg\" alt=\"\" width=\"1200\" height=\"675\" srcset=\"http:\/\/www.radiohorizonte.fm\/radio\/wp-content\/uploads\/2023\/03\/salario-billetera-plata-pesos.jpg 1200w, http:\/\/www.radiohorizonte.fm\/radio\/wp-content\/uploads\/2023\/03\/salario-billetera-plata-pesos-300x169.jpg 300w, http:\/\/www.radiohorizonte.fm\/radio\/wp-content\/uploads\/2023\/03\/salario-billetera-plata-pesos-768x432.jpg 768w, http:\/\/www.radiohorizonte.fm\/radio\/wp-content\/uploads\/2023\/03\/salario-billetera-plata-pesos-1024x576.jpg 1024w, http:\/\/www.radiohorizonte.fm\/radio\/wp-content\/uploads\/2023\/03\/salario-billetera-plata-pesos-65x37.jpg 65w, http:\/\/www.radiohorizonte.fm\/radio\/wp-content\/uploads\/2023\/03\/salario-billetera-plata-pesos-320x180.jpg 320w, http:\/\/www.radiohorizonte.fm\/radio\/wp-content\/uploads\/2023\/03\/salario-billetera-plata-pesos-85x48.jpg 85w, http:\/\/www.radiohorizonte.fm\/radio\/wp-content\/uploads\/2023\/03\/salario-billetera-plata-pesos-220x125.jpg 220w, http:\/\/www.radiohorizonte.fm\/radio\/wp-content\/uploads\/2023\/03\/salario-billetera-plata-pesos-90x51.jpg 90w\" sizes=\"auto, (max-width: 1200px) 100vw, 1200px\" \/><\/p>\n<p><strong>La reuni\u00f3n plenaria del Consejo del Salario M\u00ednimo, Vital y M\u00f3vil aprob\u00f3 este mi\u00e9rcoles un aumento de ese ingreso para el per\u00edodo octubre-diciembre del 32,2%,<\/strong>\u00a0por lo que a partir del pr\u00f3ximo mes esos trabajadores percibir\u00e1n un haber de 132 mil pesos, en noviembre de 146 mil y hacia fin de a\u00f1o de 156 mil pesos, confirmaron fuentes oficiales y gremiales.<\/p>\n<p>Adem\u00e1s, sindicalistas de las tres centrales obreras y los empresarios de variadas c\u00e1maras aprobaron la propuesta de aumento de las prestaciones por seguro de desempleo,\u00a0<strong>que pasar\u00e1n del 50 al 75% del importe neto de los \u00faltimos seis salarios.<\/strong><\/p>\n<p>Los gremialistas de la CGT y de la CTA de los Trabajadores y las c\u00e1maras empresarias\u00a0<strong>aprobaron un aumento del ingreso m\u00ednimo para el trimestre octubre-diciembre del 32,2%\u00a0<\/strong>en tres tramos, por lo que el haber m\u00ednimo, vital y m\u00f3vil ser\u00e1 en diciembre de 156 mil pesos en relaci\u00f3n con los 118 mil pesos actuales, confirmaron los voceros.<\/p>\n<p>Al ratificar su posici\u00f3n hist\u00f3rica, la Central de los Trabajadores de la Argentina Aut\u00f3noma (CTAA),\u00a0<strong>que colideran Hugo Godoy y Ricardo Peidro,<\/strong>\u00a0vot\u00f3 en contra de esa propuesta y ratific\u00f3 el reclamo de incremento de como m\u00ednimo el 44 por ciento para ese personal, aunque aprob\u00f3 la oferta de incremento de las prestaciones por desempleo.<\/p>\n<p><strong>&#8220;A diciembre pr\u00f3ximo el m\u00ednimo ser\u00e1 de tan solo 156 mil pesos<\/strong>, por lo que ese ingreso se mantendr\u00e1 entonces por debajo de la canasta de indigencia&#8221;, sostuvo la CTA Aut\u00f3noma al rechazar la propuesta, que respaldaron la CGT que colideran H\u00e9ctor Daer, Carlos Acu\u00f1a y Pablo Moyano y la CTA de los Trabajadores del diputado nacional Hugo Yasky.<\/p>\n<p><strong>La CGT se\u00f1al\u00f3 su &#8220;satisfacci\u00f3n&#8221; por el acuerdo alcanzado<\/strong>\u00a0y, a trav\u00e9s de su secretario de Pol\u00edticas Educativas y titular nacional de la Uni\u00f3n Docentes Argentinos (UDA), Sergio Romero, sostuvo que otra vez &#8220;se acord\u00f3 una mejora del m\u00ednimo, vital y m\u00f3vil&#8221;, y enfatiz\u00f3 que &#8220;el trabajador necesita de forma inmediata urgentes respuestas&#8221;.<\/p>\n<p>&#8220;De forma conjunta<strong>\u00a0se produjeron esas respuestas para mejorar la calidad de vida<\/strong>. El trabajo siempre sociabiliza y mejora la situaci\u00f3n de las familias. Estoy feliz por la negociaci\u00f3n y seguir\u00e1 el esfuerzo para satisfacer a los trabajadores&#8221;, dijo Romero.<\/p>\n<figure class=\"mb-3\"><img decoding=\"async\" class=\" lazy \" src=\"https:\/\/www.telam.com.ar\/thumbs\/bluesteel\/advf\/imagenes\/2023\/07\/64b061e96a095_1200.jpg\" alt=\"Desde la ltima reunin de julio fue aumentado a 105500 pesos ese mes a 112500 en agosto y a 118000 en septiembre Foto Prensa Ministerio Trabajo\" width=\"100%\" height=\"100%\" \/><\/p>\n<div class=\"media-icons\"><\/div><figcaption>Desde la \u00faltima reuni\u00f3n de julio, fue aumentado a 105.500 pesos ese mes, a 112.500 en agosto y a 118.000 en septiembre \/ Foto: Prensa Ministerio Trabajo.<\/figcaption><\/figure>\n<p>La ministra de Trabajo, Raquel Olmos, hab\u00eda se\u00f1alado por la ma\u00f1ana en declaraciones radiales que el objetivo del encuentro de hoy era<strong>\u00a0&#8220;avanzar en la adecuaci\u00f3n del m\u00ednimo, vital y m\u00f3vil e introducir un cambio importante en el seguro de desempleo&#8221;.<\/strong><\/p>\n<p>&#8220;Las partes trabajaron en ese horizonte de actualizaci\u00f3n y de mejora del salario,<strong>\u00a0porque es algo que siempre impacta sobre los ingresos complementarios\u00a0<\/strong>de los sectores de la econom\u00eda popular. El objetivo era avanzar en la adecuaci\u00f3n del haber e introducir un cambio importante en el seguro de desempleo, porque qued\u00f3 desfasado&#8221;, asegur\u00f3.<\/p>\n<p>La ministra dijo que ese desfase &#8220;desestimula la formalizaci\u00f3n&#8221;, y se\u00f1al\u00f3 que\u00a0<strong>&#8220;los planes sociales generan una ventaja superior al desempleo,<\/strong>\u00a0que hab\u00eda que actualizar&#8221;.<\/p>\n<p>En la reuni\u00f3n previa de la comisi\u00f3n,\u00a0<strong>los empresarios propusieron<\/strong>\u00a0a los representantes de las centrales obreras un aumento del salario m\u00ednimo del 27% en tres tramos: 11% en octubre, 9% en noviembre y 7% en diciembre, pero finalmente aceptaron la oferta oficial y de dos de las centrales obreras para elevar ese guarismo.<\/p>\n<p>Sin embargo,\u00a0<strong>la CTA Aut\u00f3noma mantuvo su postura hist\u00f3rica\u00a0<\/strong>y rechaz\u00f3 el incremento del haber m\u00ednimo convenido hoy entre las c\u00e1maras, la CGT y la CTA Yasky, y sostuvo en un documento que &#8220;el aumento es no acumulativo y totalmente insuficiente para el personal&#8221;.<\/p>\n<p>&#8220;En este \u00faltimo periodo del a\u00f1o el m\u00ednimo salarial legal\u00a0<strong>deb\u00eda tener un fuerte incremento para recuperar en t\u00e9rminos reales la p\u00e9rdida de poder adquisitivo<\/strong>\u00a0producido por el proceso inflacionario impulsado por los grandes formadores de precios&#8221;, puntualiz\u00f3 la central.<\/p>\n<p><strong>Godoy se\u00f1al\u00f3 que &#8220;no se adoptaron medidas para recuperar lo perdido<\/strong>, por lo que los nuevos valores acordados permiten se\u00f1alar que se contin\u00faa por debajo del nivel del m\u00ednimo, vital y m\u00f3vil de diciembre de 2019, m\u00e1s la p\u00e9rdida producida en el macrismo&#8221;.<\/p>\n","protected":false},"excerpt":{"rendered":"<div class=\"post-excerpt\"><p>Los representantes de los trabajadores y las c\u00e1maras empresarias alcanzaron un acuerdo en la Comisi\u00f3n del Salario M\u00ednimo, Vital y M\u00f3vil para el trimestre octubre-diciembre, que elevar\u00e1 la base de los ingresos m\u00ednimos, actualmente en 118 mil pesos La reuni\u00f3n plenaria del Consejo del Salario M\u00ednimo, Vital y M\u00f3vil aprob\u00f3 este mi\u00e9rcoles un aumento de<\/p>\n<\/div>","protected":false},"author":2,"featured_media":40433,"comment_status":"closed","ping_status":"closed","sticky":false,"template":"","format":"standard","meta":{"_acf_changed":false,"footnotes":""},"categories":[2],"tags":[],"class_list":["post-42155","post","type-post","status-publish","format-standard","has-post-thumbnail","hentry","category-noticias"],"acf":[],"yoast_head":"<!-- This site is optimized with the Yoast SEO plugin v28.1 - https:\/\/yoast.com\/product\/yoast-seo-wordpress\/ -->\n<title>Aprobaron un aumento del 32,2% del salario m\u00ednimo: en diciembre ser\u00e1 de $156.000 - Horizonte<\/title>\n<meta name=\"robots\" content=\"index, follow, max-snippet:-1, max-image-preview:large, max-video-preview:-1\" \/>\n<link rel=\"canonical\" href=\"http:\/\/www.radiohorizonte.fm\/radio\/2023\/09\/28\/aprobaron-un-aumento-del-322-del-salario-minimo-en-diciembre-sera-de-156-000\/\" \/>\n<meta property=\"og:locale\" content=\"es_ES\" \/>\n<meta property=\"og:type\" content=\"article\" \/>\n<meta property=\"og:title\" content=\"Aprobaron un aumento del 32,2% del salario m\u00ednimo: en diciembre ser\u00e1 de $156.000 - Horizonte\" \/>\n<meta property=\"og:description\" content=\"Los representantes de los trabajadores y las c\u00e1maras empresarias alcanzaron un acuerdo en la Comisi\u00f3n del Salario M\u00ednimo, Vital y M\u00f3vil para el trimestre octubre-diciembre, que elevar\u00e1 la base de los ingresos m\u00ednimos, actualmente en 118 mil pesos La reuni\u00f3n plenaria del Consejo del Salario M\u00ednimo, Vital y M\u00f3vil aprob\u00f3 este mi\u00e9rcoles un aumento de\" \/>\n<meta property=\"og:url\" content=\"http:\/\/www.radiohorizonte.fm\/radio\/2023\/09\/28\/aprobaron-un-aumento-del-322-del-salario-minimo-en-diciembre-sera-de-156-000\/\" \/>\n<meta property=\"og:site_name\" content=\"Horizonte\" \/>\n<meta property=\"article:publisher\" content=\"http:\/\/www.facebook.com\/HORIZONTE106.1\" \/>\n<meta property=\"article:published_time\" content=\"2023-09-28T11:06:49+00:00\" \/>\n<meta property=\"og:image\" content=\"http:\/\/www.radiohorizonte.fm\/radio\/wp-content\/uploads\/2023\/03\/salario-billetera-plata-pesos.jpg\" \/>\n\t<meta property=\"og:image:width\" content=\"1200\" \/>\n\t<meta property=\"og:image:height\" content=\"675\" \/>\n\t<meta property=\"og:image:type\" content=\"image\/jpeg\" \/>\n<meta name=\"author\" content=\"Cristian Galarza\" \/>\n<meta name=\"twitter:card\" content=\"summary_large_image\" \/>\n<meta name=\"twitter:creator\" content=\"@fmhorizonte1061\" \/>\n<meta name=\"twitter:site\" content=\"@fmhorizonte1061\" \/>\n<meta name=\"twitter:label1\" content=\"Escrito por\" \/>\n\t<meta name=\"twitter:data1\" content=\"Cristian Galarza\" \/>\n\t<meta name=\"twitter:label2\" content=\"Tiempo de lectura\" \/>\n\t<meta name=\"twitter:data2\" content=\"4 minutos\" \/>\n<script type=\"application\/ld+json\" class=\"yoast-schema-graph\">{\"@context\":\"https:\\\/\\\/schema.org\",\"@graph\":[{\"@type\":\"Article\",\"@id\":\"http:\\\/\\\/www.radiohorizonte.fm\\\/radio\\\/2023\\\/09\\\/28\\\/aprobaron-un-aumento-del-322-del-salario-minimo-en-diciembre-sera-de-156-000\\\/#article\",\"isPartOf\":{\"@id\":\"http:\\\/\\\/www.radiohorizonte.fm\\\/radio\\\/2023\\\/09\\\/28\\\/aprobaron-un-aumento-del-322-del-salario-minimo-en-diciembre-sera-de-156-000\\\/\"},\"author\":{\"name\":\"Cristian Galarza\",\"@id\":\"http:\\\/\\\/www.radiohorizonte.fm\\\/radio\\\/#\\\/schema\\\/person\\\/f8fa003a405bb86729fd87d15d0ddafa\"},\"headline\":\"Aprobaron un aumento del 32,2% del salario m\u00ednimo: en diciembre ser\u00e1 de $156.000\",\"datePublished\":\"2023-09-28T11:06:49+00:00\",\"mainEntityOfPage\":{\"@id\":\"http:\\\/\\\/www.radiohorizonte.fm\\\/radio\\\/2023\\\/09\\\/28\\\/aprobaron-un-aumento-del-322-del-salario-minimo-en-diciembre-sera-de-156-000\\\/\"},\"wordCount\":792,\"publisher\":{\"@id\":\"http:\\\/\\\/www.radiohorizonte.fm\\\/radio\\\/#organization\"},\"image\":{\"@id\":\"http:\\\/\\\/www.radiohorizonte.fm\\\/radio\\\/2023\\\/09\\\/28\\\/aprobaron-un-aumento-del-322-del-salario-minimo-en-diciembre-sera-de-156-000\\\/#primaryimage\"},\"thumbnailUrl\":\"http:\\\/\\\/www.radiohorizonte.fm\\\/radio\\\/wp-content\\\/uploads\\\/2023\\\/03\\\/salario-billetera-plata-pesos.jpg\",\"articleSection\":[\"Noticias\"],\"inLanguage\":\"es-AR\"},{\"@type\":\"WebPage\",\"@id\":\"http:\\\/\\\/www.radiohorizonte.fm\\\/radio\\\/2023\\\/09\\\/28\\\/aprobaron-un-aumento-del-322-del-salario-minimo-en-diciembre-sera-de-156-000\\\/\",\"url\":\"http:\\\/\\\/www.radiohorizonte.fm\\\/radio\\\/2023\\\/09\\\/28\\\/aprobaron-un-aumento-del-322-del-salario-minimo-en-diciembre-sera-de-156-000\\\/\",\"name\":\"Aprobaron un aumento del 32,2% del salario m\u00ednimo: en diciembre ser\u00e1 de $156.000 - Horizonte\",\"isPartOf\":{\"@id\":\"http:\\\/\\\/www.radiohorizonte.fm\\\/radio\\\/#website\"},\"primaryImageOfPage\":{\"@id\":\"http:\\\/\\\/www.radiohorizonte.fm\\\/radio\\\/2023\\\/09\\\/28\\\/aprobaron-un-aumento-del-322-del-salario-minimo-en-diciembre-sera-de-156-000\\\/#primaryimage\"},\"image\":{\"@id\":\"http:\\\/\\\/www.radiohorizonte.fm\\\/radio\\\/2023\\\/09\\\/28\\\/aprobaron-un-aumento-del-322-del-salario-minimo-en-diciembre-sera-de-156-000\\\/#primaryimage\"},\"thumbnailUrl\":\"http:\\\/\\\/www.radiohorizonte.fm\\\/radio\\\/wp-content\\\/uploads\\\/2023\\\/03\\\/salario-billetera-plata-pesos.jpg\",\"datePublished\":\"2023-09-28T11:06:49+00:00\",\"breadcrumb\":{\"@id\":\"http:\\\/\\\/www.radiohorizonte.fm\\\/radio\\\/2023\\\/09\\\/28\\\/aprobaron-un-aumento-del-322-del-salario-minimo-en-diciembre-sera-de-156-000\\\/#breadcrumb\"},\"inLanguage\":\"es-AR\",\"potentialAction\":[{\"@type\":\"ReadAction\",\"target\":[\"http:\\\/\\\/www.radiohorizonte.fm\\\/radio\\\/2023\\\/09\\\/28\\\/aprobaron-un-aumento-del-322-del-salario-minimo-en-diciembre-sera-de-156-000\\\/\"]}]},{\"@type\":\"ImageObject\",\"inLanguage\":\"es-AR\",\"@id\":\"http:\\\/\\\/www.radiohorizonte.fm\\\/radio\\\/2023\\\/09\\\/28\\\/aprobaron-un-aumento-del-322-del-salario-minimo-en-diciembre-sera-de-156-000\\\/#primaryimage\",\"url\":\"http:\\\/\\\/www.radiohorizonte.fm\\\/radio\\\/wp-content\\\/uploads\\\/2023\\\/03\\\/salario-billetera-plata-pesos.jpg\",\"contentUrl\":\"http:\\\/\\\/www.radiohorizonte.fm\\\/radio\\\/wp-content\\\/uploads\\\/2023\\\/03\\\/salario-billetera-plata-pesos.jpg\",\"width\":1200,\"height\":675},{\"@type\":\"BreadcrumbList\",\"@id\":\"http:\\\/\\\/www.radiohorizonte.fm\\\/radio\\\/2023\\\/09\\\/28\\\/aprobaron-un-aumento-del-322-del-salario-minimo-en-diciembre-sera-de-156-000\\\/#breadcrumb\",\"itemListElement\":[{\"@type\":\"ListItem\",\"position\":1,\"name\":\"Home\",\"item\":\"http:\\\/\\\/www.radiohorizonte.fm\\\/radio\\\/\"},{\"@type\":\"ListItem\",\"position\":2,\"name\":\"Aprobaron un aumento del 32,2% del salario m\u00ednimo: en diciembre ser\u00e1 de $156.000\"}]},{\"@type\":\"WebSite\",\"@id\":\"http:\\\/\\\/www.radiohorizonte.fm\\\/radio\\\/#website\",\"url\":\"http:\\\/\\\/www.radiohorizonte.fm\\\/radio\\\/\",\"name\":\"Horizonte\",\"description\":\"Radio Horizonte 106.1 - Una radio de clasicos\",\"publisher\":{\"@id\":\"http:\\\/\\\/www.radiohorizonte.fm\\\/radio\\\/#organization\"},\"potentialAction\":[{\"@type\":\"SearchAction\",\"target\":{\"@type\":\"EntryPoint\",\"urlTemplate\":\"http:\\\/\\\/www.radiohorizonte.fm\\\/radio\\\/?s={search_term_string}\"},\"query-input\":{\"@type\":\"PropertyValueSpecification\",\"valueRequired\":true,\"valueName\":\"search_term_string\"}}],\"inLanguage\":\"es-AR\"},{\"@type\":\"Organization\",\"@id\":\"http:\\\/\\\/www.radiohorizonte.fm\\\/radio\\\/#organization\",\"name\":\"Horizonte\",\"url\":\"http:\\\/\\\/www.radiohorizonte.fm\\\/radio\\\/\",\"logo\":{\"@type\":\"ImageObject\",\"inLanguage\":\"es-AR\",\"@id\":\"http:\\\/\\\/www.radiohorizonte.fm\\\/radio\\\/#\\\/schema\\\/logo\\\/image\\\/\",\"url\":\"http:\\\/\\\/www.radiohorizonte.fm\\\/radio\\\/wp-content\\\/uploads\\\/2025\\\/06\\\/Portada-FM-Horizonte_modelo-imagen-scaled.jpg\",\"contentUrl\":\"http:\\\/\\\/www.radiohorizonte.fm\\\/radio\\\/wp-content\\\/uploads\\\/2025\\\/06\\\/Portada-FM-Horizonte_modelo-imagen-scaled.jpg\",\"width\":2560,\"height\":1056,\"caption\":\"Horizonte\"},\"image\":{\"@id\":\"http:\\\/\\\/www.radiohorizonte.fm\\\/radio\\\/#\\\/schema\\\/logo\\\/image\\\/\"},\"sameAs\":[\"http:\\\/\\\/www.facebook.com\\\/HORIZONTE106.1\",\"https:\\\/\\\/x.com\\\/fmhorizonte1061\"]},{\"@type\":\"Person\",\"@id\":\"http:\\\/\\\/www.radiohorizonte.fm\\\/radio\\\/#\\\/schema\\\/person\\\/f8fa003a405bb86729fd87d15d0ddafa\",\"name\":\"Cristian Galarza\",\"image\":{\"@type\":\"ImageObject\",\"inLanguage\":\"es-AR\",\"@id\":\"https:\\\/\\\/secure.gravatar.com\\\/avatar\\\/fad34bc2c773209c05d7d53b08a69b680eeb55f3be014e52b31643d20ab65925?s=96&d=mm&r=g\",\"url\":\"https:\\\/\\\/secure.gravatar.com\\\/avatar\\\/fad34bc2c773209c05d7d53b08a69b680eeb55f3be014e52b31643d20ab65925?s=96&d=mm&r=g\",\"contentUrl\":\"https:\\\/\\\/secure.gravatar.com\\\/avatar\\\/fad34bc2c773209c05d7d53b08a69b680eeb55f3be014e52b31643d20ab65925?s=96&d=mm&r=g\",\"caption\":\"Cristian Galarza\"},\"url\":\"http:\\\/\\\/www.radiohorizonte.fm\\\/radio\\\/author\\\/cristian\\\/\"}]}<\/script>\n<!-- \/ Yoast SEO plugin. -->","yoast_head_json":{"title":"Aprobaron un aumento del 32,2% del salario m\u00ednimo: en diciembre ser\u00e1 de $156.000 - Horizonte","robots":{"index":"index","follow":"follow","max-snippet":"max-snippet:-1","max-image-preview":"max-image-preview:large","max-video-preview":"max-video-preview:-1"},"canonical":"http:\/\/www.radiohorizonte.fm\/radio\/2023\/09\/28\/aprobaron-un-aumento-del-322-del-salario-minimo-en-diciembre-sera-de-156-000\/","og_locale":"es_ES","og_type":"article","og_title":"Aprobaron un aumento del 32,2% del salario m\u00ednimo: en diciembre ser\u00e1 de $156.000 - Horizonte","og_description":"Los representantes de los trabajadores y las c\u00e1maras empresarias alcanzaron un acuerdo en la Comisi\u00f3n del Salario M\u00ednimo, Vital y M\u00f3vil para el trimestre octubre-diciembre, que elevar\u00e1 la base de los ingresos m\u00ednimos, actualmente en 118 mil pesos La reuni\u00f3n plenaria del Consejo del Salario M\u00ednimo, Vital y M\u00f3vil aprob\u00f3 este mi\u00e9rcoles un aumento de","og_url":"http:\/\/www.radiohorizonte.fm\/radio\/2023\/09\/28\/aprobaron-un-aumento-del-322-del-salario-minimo-en-diciembre-sera-de-156-000\/","og_site_name":"Horizonte","article_publisher":"http:\/\/www.facebook.com\/HORIZONTE106.1","article_published_time":"2023-09-28T11:06:49+00:00","og_image":[{"width":1200,"height":675,"url":"http:\/\/www.radiohorizonte.fm\/radio\/wp-content\/uploads\/2023\/03\/salario-billetera-plata-pesos.jpg","type":"image\/jpeg"}],"author":"Cristian Galarza","twitter_card":"summary_large_image","twitter_creator":"@fmhorizonte1061","twitter_site":"@fmhorizonte1061","twitter_misc":{"Escrito por":"Cristian Galarza","Tiempo de lectura":"4 minutos"},"schema":{"@context":"https:\/\/schema.org","@graph":[{"@type":"Article","@id":"http:\/\/www.radiohorizonte.fm\/radio\/2023\/09\/28\/aprobaron-un-aumento-del-322-del-salario-minimo-en-diciembre-sera-de-156-000\/#article","isPartOf":{"@id":"http:\/\/www.radiohorizonte.fm\/radio\/2023\/09\/28\/aprobaron-un-aumento-del-322-del-salario-minimo-en-diciembre-sera-de-156-000\/"},"author":{"name":"Cristian Galarza","@id":"http:\/\/www.radiohorizonte.fm\/radio\/#\/schema\/person\/f8fa003a405bb86729fd87d15d0ddafa"},"headline":"Aprobaron un aumento del 32,2% del salario m\u00ednimo: en diciembre ser\u00e1 de $156.000","datePublished":"2023-09-28T11:06:49+00:00","mainEntityOfPage":{"@id":"http:\/\/www.radiohorizonte.fm\/radio\/2023\/09\/28\/aprobaron-un-aumento-del-322-del-salario-minimo-en-diciembre-sera-de-156-000\/"},"wordCount":792,"publisher":{"@id":"http:\/\/www.radiohorizonte.fm\/radio\/#organization"},"image":{"@id":"http:\/\/www.radiohorizonte.fm\/radio\/2023\/09\/28\/aprobaron-un-aumento-del-322-del-salario-minimo-en-diciembre-sera-de-156-000\/#primaryimage"},"thumbnailUrl":"http:\/\/www.radiohorizonte.fm\/radio\/wp-content\/uploads\/2023\/03\/salario-billetera-plata-pesos.jpg","articleSection":["Noticias"],"inLanguage":"es-AR"},{"@type":"WebPage","@id":"http:\/\/www.radiohorizonte.fm\/radio\/2023\/09\/28\/aprobaron-un-aumento-del-322-del-salario-minimo-en-diciembre-sera-de-156-000\/","url":"http:\/\/www.radiohorizonte.fm\/radio\/2023\/09\/28\/aprobaron-un-aumento-del-322-del-salario-minimo-en-diciembre-sera-de-156-000\/","name":"Aprobaron un aumento del 32,2% del salario m\u00ednimo: en diciembre ser\u00e1 de $156.000 - Horizonte","isPartOf":{"@id":"http:\/\/www.radiohorizonte.fm\/radio\/#website"},"primaryImageOfPage":{"@id":"http:\/\/www.radiohorizonte.fm\/radio\/2023\/09\/28\/aprobaron-un-aumento-del-322-del-salario-minimo-en-diciembre-sera-de-156-000\/#primaryimage"},"image":{"@id":"http:\/\/www.radiohorizonte.fm\/radio\/2023\/09\/28\/aprobaron-un-aumento-del-322-del-salario-minimo-en-diciembre-sera-de-156-000\/#primaryimage"},"thumbnailUrl":"http:\/\/www.radiohorizonte.fm\/radio\/wp-content\/uploads\/2023\/03\/salario-billetera-plata-pesos.jpg","datePublished":"2023-09-28T11:06:49+00:00","breadcrumb":{"@id":"http:\/\/www.radiohorizonte.fm\/radio\/2023\/09\/28\/aprobaron-un-aumento-del-322-del-salario-minimo-en-diciembre-sera-de-156-000\/#breadcrumb"},"inLanguage":"es-AR","potentialAction":[{"@type":"ReadAction","target":["http:\/\/www.radiohorizonte.fm\/radio\/2023\/09\/28\/aprobaron-un-aumento-del-322-del-salario-minimo-en-diciembre-sera-de-156-000\/"]}]},{"@type":"ImageObject","inLanguage":"es-AR","@id":"http:\/\/www.radiohorizonte.fm\/radio\/2023\/09\/28\/aprobaron-un-aumento-del-322-del-salario-minimo-en-diciembre-sera-de-156-000\/#primaryimage","url":"http:\/\/www.radiohorizonte.fm\/radio\/wp-content\/uploads\/2023\/03\/salario-billetera-plata-pesos.jpg","contentUrl":"http:\/\/www.radiohorizonte.fm\/radio\/wp-content\/uploads\/2023\/03\/salario-billetera-plata-pesos.jpg","width":1200,"height":675},{"@type":"BreadcrumbList","@id":"http:\/\/www.radiohorizonte.fm\/radio\/2023\/09\/28\/aprobaron-un-aumento-del-322-del-salario-minimo-en-diciembre-sera-de-156-000\/#breadcrumb","itemListElement":[{"@type":"ListItem","position":1,"name":"Home","item":"http:\/\/www.radiohorizonte.fm\/radio\/"},{"@type":"ListItem","position":2,"name":"Aprobaron un aumento del 32,2% del salario m\u00ednimo: en diciembre ser\u00e1 de $156.000"}]},{"@type":"WebSite","@id":"http:\/\/www.radiohorizonte.fm\/radio\/#website","url":"http:\/\/www.radiohorizonte.fm\/radio\/","name":"Horizonte","description":"Radio Horizonte 106.1 - Una radio de clasicos","publisher":{"@id":"http:\/\/www.radiohorizonte.fm\/radio\/#organization"},"potentialAction":[{"@type":"SearchAction","target":{"@type":"EntryPoint","urlTemplate":"http:\/\/www.radiohorizonte.fm\/radio\/?s={search_term_string}"},"query-input":{"@type":"PropertyValueSpecification","valueRequired":true,"valueName":"search_term_string"}}],"inLanguage":"es-AR"},{"@type":"Organization","@id":"http:\/\/www.radiohorizonte.fm\/radio\/#organization","name":"Horizonte","url":"http:\/\/www.radiohorizonte.fm\/radio\/","logo":{"@type":"ImageObject","inLanguage":"es-AR","@id":"http:\/\/www.radiohorizonte.fm\/radio\/#\/schema\/logo\/image\/","url":"http:\/\/www.radiohorizonte.fm\/radio\/wp-content\/uploads\/2025\/06\/Portada-FM-Horizonte_modelo-imagen-scaled.jpg","contentUrl":"http:\/\/www.radiohorizonte.fm\/radio\/wp-content\/uploads\/2025\/06\/Portada-FM-Horizonte_modelo-imagen-scaled.jpg","width":2560,"height":1056,"caption":"Horizonte"},"image":{"@id":"http:\/\/www.radiohorizonte.fm\/radio\/#\/schema\/logo\/image\/"},"sameAs":["http:\/\/www.facebook.com\/HORIZONTE106.1","https:\/\/x.com\/fmhorizonte1061"]},{"@type":"Person","@id":"http:\/\/www.radiohorizonte.fm\/radio\/#\/schema\/person\/f8fa003a405bb86729fd87d15d0ddafa","name":"Cristian Galarza","image":{"@type":"ImageObject","inLanguage":"es-AR","@id":"https:\/\/secure.gravatar.com\/avatar\/fad34bc2c773209c05d7d53b08a69b680eeb55f3be014e52b31643d20ab65925?s=96&d=mm&r=g","url":"https:\/\/secure.gravatar.com\/avatar\/fad34bc2c773209c05d7d53b08a69b680eeb55f3be014e52b31643d20ab65925?s=96&d=mm&r=g","contentUrl":"https:\/\/secure.gravatar.com\/avatar\/fad34bc2c773209c05d7d53b08a69b680eeb55f3be014e52b31643d20ab65925?s=96&d=mm&r=g","caption":"Cristian Galarza"},"url":"http:\/\/www.radiohorizonte.fm\/radio\/author\/cristian\/"}]}},"_links":{"self":[{"href":"http:\/\/www.radiohorizonte.fm\/radio\/wp-json\/wp\/v2\/posts\/42155","targetHints":{"allow":["GET"]}}],"collection":[{"href":"http:\/\/www.radiohorizonte.fm\/radio\/wp-json\/wp\/v2\/posts"}],"about":[{"href":"http:\/\/www.radiohorizonte.fm\/radio\/wp-json\/wp\/v2\/types\/post"}],"author":[{"embeddable":true,"href":"http:\/\/www.radiohorizonte.fm\/radio\/wp-json\/wp\/v2\/users\/2"}],"replies":[{"embeddable":true,"href":"http:\/\/www.radiohorizonte.fm\/radio\/wp-json\/wp\/v2\/comments?post=42155"}],"version-history":[{"count":1,"href":"http:\/\/www.radiohorizonte.fm\/radio\/wp-json\/wp\/v2\/posts\/42155\/revisions"}],"predecessor-version":[{"id":42156,"href":"http:\/\/www.radiohorizonte.fm\/radio\/wp-json\/wp\/v2\/posts\/42155\/revisions\/42156"}],"wp:featuredmedia":[{"embeddable":true,"href":"http:\/\/www.radiohorizonte.fm\/radio\/wp-json\/wp\/v2\/media\/40433"}],"wp:attachment":[{"href":"http:\/\/www.radiohorizonte.fm\/radio\/wp-json\/wp\/v2\/media?parent=42155"}],"wp:term":[{"taxonomy":"category","embeddable":true,"href":"http:\/\/www.radiohorizonte.fm\/radio\/wp-json\/wp\/v2\/categories?post=42155"},{"taxonomy":"post_tag","embeddable":true,"href":"http:\/\/www.radiohorizonte.fm\/radio\/wp-json\/wp\/v2\/tags?post=42155"}],"curies":[{"name":"wp","href":"https:\/\/api.w.org\/{rel}","templated":true}]}}