{"id":42157,"date":"2023-09-28T10:19:14","date_gmt":"2023-09-28T13:19:14","guid":{"rendered":"http:\/\/www.radiohorizonte.fm\/radio\/?p=42157"},"modified":"2023-09-28T10:19:14","modified_gmt":"2023-09-28T13:19:14","slug":"se-realizara-la-4ta-feria-del-libro-en-santa-ana-de-los-guacaras","status":"publish","type":"post","link":"http:\/\/www.radiohorizonte.fm\/radio\/2023\/09\/28\/se-realizara-la-4ta-feria-del-libro-en-santa-ana-de-los-guacaras\/","title":{"rendered":"Se realizar\u00e1 la 4ta Feria del Libro en Santa Ana de los Gu\u00e1caras"},"content":{"rendered":"<p>Se aproxima la 4\u00ba Feria del Libro y por <span class=\"x7l2uk3 xt0e3qv\">#ElInformativodeHorizonte<\/span> la intendenta de Santa Ana de los Gu\u00e1caras, Silvana Almir\u00f3n invit\u00f3 al encuentro cultural y literario que comienza este domingo.<\/p>\n<p><img loading=\"lazy\" decoding=\"async\" class=\"alignnone size-full wp-image-42158\" src=\"http:\/\/www.radiohorizonte.fm\/radio\/wp-content\/uploads\/2023\/09\/descarga-99.jpg\" alt=\"\" width=\"280\" height=\"180\" srcset=\"http:\/\/www.radiohorizonte.fm\/radio\/wp-content\/uploads\/2023\/09\/descarga-99.jpg 280w, http:\/\/www.radiohorizonte.fm\/radio\/wp-content\/uploads\/2023\/09\/descarga-99-65x42.jpg 65w, http:\/\/www.radiohorizonte.fm\/radio\/wp-content\/uploads\/2023\/09\/descarga-99-85x55.jpg 85w, http:\/\/www.radiohorizonte.fm\/radio\/wp-content\/uploads\/2023\/09\/descarga-99-194x125.jpg 194w, http:\/\/www.radiohorizonte.fm\/radio\/wp-content\/uploads\/2023\/09\/descarga-99-90x58.jpg 90w\" sizes=\"auto, (max-width: 280px) 100vw, 280px\" \/><\/p>\n<p>Esta actividad ser\u00e1 una oportunidad para compartir un espacio de comunicaci\u00f3n e interacci\u00f3n con autores, escritores, artistas, estudiantes, docentes que visibilizan sus producciones con el p\u00fablico. En ambos d\u00edas la apertura se realizar\u00e1 con actividades para la familia como talleres de dibujo y pintura, rondas de lectura, conversatorios y presentaciones de libros, proyecci\u00f3n de documental, danza y m\u00fasica con expresi\u00f3n corporal. Vale mencionar que participar\u00e1n Mary Escobar, Academia Expresi\u00f3n, Heredando tradiciones, Nily Yaeger Bull\u00f3n, Mar\u00eda Sandra \u00dabeda, Carla Ojeda, Mar\u00eda de las Mercedes Semhan, Julio Argentino Tama\u00f1o, David Salm\u00f3n, Carlos Barreto Biloni, Lisandro Lorenz\u00f3n, Nilda Sena, Narradoras chaque\u00f1as &#8220;Viento Norte&#8221;, Sarita M\u00f3nica Antonio, docentes y estudiantes de la escuela Primaria N\u00b0 105, EFA Tup\u00e2 Rembiap\u00f3 y del Colegio Escribano Pedro Leconte.<\/p>\n<p><iframe loading=\"lazy\" src=\"https:\/\/www.facebook.com\/plugins\/video.php?height=476&#038;href=https%3A%2F%2Fwww.facebook.com%2FHORIZONTE106.1%2Fvideos%2F1609448996246809%2F&#038;show_text=false&#038;width=267&#038;t=0\" width=\"267\" height=\"476\" style=\"border:none;overflow:hidden\" scrolling=\"no\" frameborder=\"0\" allowfullscreen=\"true\" allow=\"autoplay; clipboard-write; encrypted-media; picture-in-picture; web-share\" allowFullScreen=\"true\"><\/iframe><\/p>\n<p>&nbsp;<\/p>\n<p>Vale mencionar que estar\u00e1n presentes importantes editoriales que contar\u00e1n con interesantes ejemplares con una gran diversidad de tem\u00e1ticas seg\u00fan las preferencias de los lectores. En esta Feria del Libro habr\u00e1 stands de emprendedores, artesanos locales con diversos productos y puestos gastron\u00f3micos que contar\u00e1n con comidas t\u00edpicas para comercializar especialmente el d\u00eda de Kara\u00ed octubre. En el predio de la Feria se expondr\u00e1n las obras de Julio Argentino Tama\u00f1o realizadas con acr\u00edlicos que representan b\u00fasquedas personales que combinan la abstracci\u00f3n con elementos figurativos con creaci\u00f3n libre.<\/p>\n","protected":false},"excerpt":{"rendered":"<div class=\"post-excerpt\"><p>Se aproxima la 4\u00ba Feria del Libro y por #ElInformativodeHorizonte la intendenta de Santa Ana de los Gu\u00e1caras, Silvana Almir\u00f3n invit\u00f3 al encuentro cultural y literario que comienza este domingo. Esta actividad ser\u00e1 una oportunidad para compartir un espacio de comunicaci\u00f3n e interacci\u00f3n con autores, escritores, artistas, estudiantes, docentes que visibilizan sus producciones con el<\/p>\n<\/div>","protected":false},"author":2,"featured_media":42159,"comment_status":"closed","ping_status":"closed","sticky":false,"template":"","format":"standard","meta":{"_acf_changed":false,"footnotes":""},"categories":[2],"tags":[],"class_list":["post-42157","post","type-post","status-publish","format-standard","has-post-thumbnail","hentry","category-noticias"],"acf":[],"yoast_head":"<!-- This site is optimized with the Yoast SEO plugin v28.1 - https:\/\/yoast.com\/product\/yoast-seo-wordpress\/ -->\n<title>Se realizar\u00e1 la 4ta Feria del Libro en Santa Ana de los Gu\u00e1caras - Horizonte<\/title>\n<meta name=\"robots\" content=\"index, follow, max-snippet:-1, max-image-preview:large, max-video-preview:-1\" \/>\n<link rel=\"canonical\" href=\"http:\/\/www.radiohorizonte.fm\/radio\/2023\/09\/28\/se-realizara-la-4ta-feria-del-libro-en-santa-ana-de-los-guacaras\/\" \/>\n<meta property=\"og:locale\" content=\"es_ES\" \/>\n<meta property=\"og:type\" content=\"article\" \/>\n<meta property=\"og:title\" content=\"Se realizar\u00e1 la 4ta Feria del Libro en Santa Ana de los Gu\u00e1caras - Horizonte\" \/>\n<meta property=\"og:description\" content=\"Se aproxima la 4\u00ba Feria del Libro y por #ElInformativodeHorizonte la intendenta de Santa Ana de los Gu\u00e1caras, Silvana Almir\u00f3n invit\u00f3 al encuentro cultural y literario que comienza este domingo. Esta actividad ser\u00e1 una oportunidad para compartir un espacio de comunicaci\u00f3n e interacci\u00f3n con autores, escritores, artistas, estudiantes, docentes que visibilizan sus producciones con el\" \/>\n<meta property=\"og:url\" content=\"http:\/\/www.radiohorizonte.fm\/radio\/2023\/09\/28\/se-realizara-la-4ta-feria-del-libro-en-santa-ana-de-los-guacaras\/\" \/>\n<meta property=\"og:site_name\" content=\"Horizonte\" \/>\n<meta property=\"article:publisher\" content=\"http:\/\/www.facebook.com\/HORIZONTE106.1\" \/>\n<meta property=\"article:published_time\" content=\"2023-09-28T13:19:14+00:00\" \/>\n<meta property=\"og:image\" content=\"http:\/\/www.radiohorizonte.fm\/radio\/wp-content\/uploads\/2023\/09\/Portal_de_entrada_Santa_Ana_de_los_Gu\u00e1caras.jpg\" \/>\n\t<meta property=\"og:image:width\" content=\"960\" \/>\n\t<meta property=\"og:image:height\" content=\"720\" \/>\n\t<meta property=\"og:image:type\" content=\"image\/jpeg\" \/>\n<meta name=\"author\" content=\"Cristian Galarza\" \/>\n<meta name=\"twitter:card\" content=\"summary_large_image\" \/>\n<meta name=\"twitter:creator\" content=\"@fmhorizonte1061\" \/>\n<meta name=\"twitter:site\" content=\"@fmhorizonte1061\" \/>\n<meta name=\"twitter:label1\" content=\"Escrito por\" \/>\n\t<meta name=\"twitter:data1\" content=\"Cristian Galarza\" \/>\n\t<meta name=\"twitter:label2\" content=\"Tiempo de lectura\" \/>\n\t<meta name=\"twitter:data2\" content=\"1 minuto\" \/>\n<script type=\"application\/ld+json\" class=\"yoast-schema-graph\">{\"@context\":\"https:\\\/\\\/schema.org\",\"@graph\":[{\"@type\":\"Article\",\"@id\":\"http:\\\/\\\/www.radiohorizonte.fm\\\/radio\\\/2023\\\/09\\\/28\\\/se-realizara-la-4ta-feria-del-libro-en-santa-ana-de-los-guacaras\\\/#article\",\"isPartOf\":{\"@id\":\"http:\\\/\\\/www.radiohorizonte.fm\\\/radio\\\/2023\\\/09\\\/28\\\/se-realizara-la-4ta-feria-del-libro-en-santa-ana-de-los-guacaras\\\/\"},\"author\":{\"name\":\"Cristian Galarza\",\"@id\":\"http:\\\/\\\/www.radiohorizonte.fm\\\/radio\\\/#\\\/schema\\\/person\\\/f8fa003a405bb86729fd87d15d0ddafa\"},\"headline\":\"Se realizar\u00e1 la 4ta Feria del Libro en Santa Ana de los Gu\u00e1caras\",\"datePublished\":\"2023-09-28T13:19:14+00:00\",\"mainEntityOfPage\":{\"@id\":\"http:\\\/\\\/www.radiohorizonte.fm\\\/radio\\\/2023\\\/09\\\/28\\\/se-realizara-la-4ta-feria-del-libro-en-santa-ana-de-los-guacaras\\\/\"},\"wordCount\":282,\"publisher\":{\"@id\":\"http:\\\/\\\/www.radiohorizonte.fm\\\/radio\\\/#organization\"},\"image\":{\"@id\":\"http:\\\/\\\/www.radiohorizonte.fm\\\/radio\\\/2023\\\/09\\\/28\\\/se-realizara-la-4ta-feria-del-libro-en-santa-ana-de-los-guacaras\\\/#primaryimage\"},\"thumbnailUrl\":\"http:\\\/\\\/www.radiohorizonte.fm\\\/radio\\\/wp-content\\\/uploads\\\/2023\\\/09\\\/Portal_de_entrada_Santa_Ana_de_los_Gu\u00e1caras.jpg\",\"articleSection\":[\"Noticias\"],\"inLanguage\":\"es-AR\"},{\"@type\":\"WebPage\",\"@id\":\"http:\\\/\\\/www.radiohorizonte.fm\\\/radio\\\/2023\\\/09\\\/28\\\/se-realizara-la-4ta-feria-del-libro-en-santa-ana-de-los-guacaras\\\/\",\"url\":\"http:\\\/\\\/www.radiohorizonte.fm\\\/radio\\\/2023\\\/09\\\/28\\\/se-realizara-la-4ta-feria-del-libro-en-santa-ana-de-los-guacaras\\\/\",\"name\":\"Se realizar\u00e1 la 4ta Feria del Libro en Santa Ana de los Gu\u00e1caras - Horizonte\",\"isPartOf\":{\"@id\":\"http:\\\/\\\/www.radiohorizonte.fm\\\/radio\\\/#website\"},\"primaryImageOfPage\":{\"@id\":\"http:\\\/\\\/www.radiohorizonte.fm\\\/radio\\\/2023\\\/09\\\/28\\\/se-realizara-la-4ta-feria-del-libro-en-santa-ana-de-los-guacaras\\\/#primaryimage\"},\"image\":{\"@id\":\"http:\\\/\\\/www.radiohorizonte.fm\\\/radio\\\/2023\\\/09\\\/28\\\/se-realizara-la-4ta-feria-del-libro-en-santa-ana-de-los-guacaras\\\/#primaryimage\"},\"thumbnailUrl\":\"http:\\\/\\\/www.radiohorizonte.fm\\\/radio\\\/wp-content\\\/uploads\\\/2023\\\/09\\\/Portal_de_entrada_Santa_Ana_de_los_Gu\u00e1caras.jpg\",\"datePublished\":\"2023-09-28T13:19:14+00:00\",\"breadcrumb\":{\"@id\":\"http:\\\/\\\/www.radiohorizonte.fm\\\/radio\\\/2023\\\/09\\\/28\\\/se-realizara-la-4ta-feria-del-libro-en-santa-ana-de-los-guacaras\\\/#breadcrumb\"},\"inLanguage\":\"es-AR\",\"potentialAction\":[{\"@type\":\"ReadAction\",\"target\":[\"http:\\\/\\\/www.radiohorizonte.fm\\\/radio\\\/2023\\\/09\\\/28\\\/se-realizara-la-4ta-feria-del-libro-en-santa-ana-de-los-guacaras\\\/\"]}]},{\"@type\":\"ImageObject\",\"inLanguage\":\"es-AR\",\"@id\":\"http:\\\/\\\/www.radiohorizonte.fm\\\/radio\\\/2023\\\/09\\\/28\\\/se-realizara-la-4ta-feria-del-libro-en-santa-ana-de-los-guacaras\\\/#primaryimage\",\"url\":\"http:\\\/\\\/www.radiohorizonte.fm\\\/radio\\\/wp-content\\\/uploads\\\/2023\\\/09\\\/Portal_de_entrada_Santa_Ana_de_los_Gu\u00e1caras.jpg\",\"contentUrl\":\"http:\\\/\\\/www.radiohorizonte.fm\\\/radio\\\/wp-content\\\/uploads\\\/2023\\\/09\\\/Portal_de_entrada_Santa_Ana_de_los_Gu\u00e1caras.jpg\",\"width\":960,\"height\":720},{\"@type\":\"BreadcrumbList\",\"@id\":\"http:\\\/\\\/www.radiohorizonte.fm\\\/radio\\\/2023\\\/09\\\/28\\\/se-realizara-la-4ta-feria-del-libro-en-santa-ana-de-los-guacaras\\\/#breadcrumb\",\"itemListElement\":[{\"@type\":\"ListItem\",\"position\":1,\"name\":\"Home\",\"item\":\"http:\\\/\\\/www.radiohorizonte.fm\\\/radio\\\/\"},{\"@type\":\"ListItem\",\"position\":2,\"name\":\"Se realizar\u00e1 la 4ta Feria del Libro en Santa Ana de los Gu\u00e1caras\"}]},{\"@type\":\"WebSite\",\"@id\":\"http:\\\/\\\/www.radiohorizonte.fm\\\/radio\\\/#website\",\"url\":\"http:\\\/\\\/www.radiohorizonte.fm\\\/radio\\\/\",\"name\":\"Horizonte\",\"description\":\"Radio Horizonte 106.1 - Una radio de clasicos\",\"publisher\":{\"@id\":\"http:\\\/\\\/www.radiohorizonte.fm\\\/radio\\\/#organization\"},\"potentialAction\":[{\"@type\":\"SearchAction\",\"target\":{\"@type\":\"EntryPoint\",\"urlTemplate\":\"http:\\\/\\\/www.radiohorizonte.fm\\\/radio\\\/?s={search_term_string}\"},\"query-input\":{\"@type\":\"PropertyValueSpecification\",\"valueRequired\":true,\"valueName\":\"search_term_string\"}}],\"inLanguage\":\"es-AR\"},{\"@type\":\"Organization\",\"@id\":\"http:\\\/\\\/www.radiohorizonte.fm\\\/radio\\\/#organization\",\"name\":\"Horizonte\",\"url\":\"http:\\\/\\\/www.radiohorizonte.fm\\\/radio\\\/\",\"logo\":{\"@type\":\"ImageObject\",\"inLanguage\":\"es-AR\",\"@id\":\"http:\\\/\\\/www.radiohorizonte.fm\\\/radio\\\/#\\\/schema\\\/logo\\\/image\\\/\",\"url\":\"http:\\\/\\\/www.radiohorizonte.fm\\\/radio\\\/wp-content\\\/uploads\\\/2025\\\/06\\\/Portada-FM-Horizonte_modelo-imagen-scaled.jpg\",\"contentUrl\":\"http:\\\/\\\/www.radiohorizonte.fm\\\/radio\\\/wp-content\\\/uploads\\\/2025\\\/06\\\/Portada-FM-Horizonte_modelo-imagen-scaled.jpg\",\"width\":2560,\"height\":1056,\"caption\":\"Horizonte\"},\"image\":{\"@id\":\"http:\\\/\\\/www.radiohorizonte.fm\\\/radio\\\/#\\\/schema\\\/logo\\\/image\\\/\"},\"sameAs\":[\"http:\\\/\\\/www.facebook.com\\\/HORIZONTE106.1\",\"https:\\\/\\\/x.com\\\/fmhorizonte1061\"]},{\"@type\":\"Person\",\"@id\":\"http:\\\/\\\/www.radiohorizonte.fm\\\/radio\\\/#\\\/schema\\\/person\\\/f8fa003a405bb86729fd87d15d0ddafa\",\"name\":\"Cristian Galarza\",\"image\":{\"@type\":\"ImageObject\",\"inLanguage\":\"es-AR\",\"@id\":\"https:\\\/\\\/secure.gravatar.com\\\/avatar\\\/fad34bc2c773209c05d7d53b08a69b680eeb55f3be014e52b31643d20ab65925?s=96&d=mm&r=g\",\"url\":\"https:\\\/\\\/secure.gravatar.com\\\/avatar\\\/fad34bc2c773209c05d7d53b08a69b680eeb55f3be014e52b31643d20ab65925?s=96&d=mm&r=g\",\"contentUrl\":\"https:\\\/\\\/secure.gravatar.com\\\/avatar\\\/fad34bc2c773209c05d7d53b08a69b680eeb55f3be014e52b31643d20ab65925?s=96&d=mm&r=g\",\"caption\":\"Cristian Galarza\"},\"url\":\"http:\\\/\\\/www.radiohorizonte.fm\\\/radio\\\/author\\\/cristian\\\/\"}]}<\/script>\n<!-- \/ Yoast SEO plugin. -->","yoast_head_json":{"title":"Se realizar\u00e1 la 4ta Feria del Libro en Santa Ana de los Gu\u00e1caras - Horizonte","robots":{"index":"index","follow":"follow","max-snippet":"max-snippet:-1","max-image-preview":"max-image-preview:large","max-video-preview":"max-video-preview:-1"},"canonical":"http:\/\/www.radiohorizonte.fm\/radio\/2023\/09\/28\/se-realizara-la-4ta-feria-del-libro-en-santa-ana-de-los-guacaras\/","og_locale":"es_ES","og_type":"article","og_title":"Se realizar\u00e1 la 4ta Feria del Libro en Santa Ana de los Gu\u00e1caras - Horizonte","og_description":"Se aproxima la 4\u00ba Feria del Libro y por #ElInformativodeHorizonte la intendenta de Santa Ana de los Gu\u00e1caras, Silvana Almir\u00f3n invit\u00f3 al encuentro cultural y literario que comienza este domingo. Esta actividad ser\u00e1 una oportunidad para compartir un espacio de comunicaci\u00f3n e interacci\u00f3n con autores, escritores, artistas, estudiantes, docentes que visibilizan sus producciones con el","og_url":"http:\/\/www.radiohorizonte.fm\/radio\/2023\/09\/28\/se-realizara-la-4ta-feria-del-libro-en-santa-ana-de-los-guacaras\/","og_site_name":"Horizonte","article_publisher":"http:\/\/www.facebook.com\/HORIZONTE106.1","article_published_time":"2023-09-28T13:19:14+00:00","og_image":[{"width":960,"height":720,"url":"http:\/\/www.radiohorizonte.fm\/radio\/wp-content\/uploads\/2023\/09\/Portal_de_entrada_Santa_Ana_de_los_Gu\u00e1caras.jpg","type":"image\/jpeg"}],"author":"Cristian Galarza","twitter_card":"summary_large_image","twitter_creator":"@fmhorizonte1061","twitter_site":"@fmhorizonte1061","twitter_misc":{"Escrito por":"Cristian Galarza","Tiempo de lectura":"1 minuto"},"schema":{"@context":"https:\/\/schema.org","@graph":[{"@type":"Article","@id":"http:\/\/www.radiohorizonte.fm\/radio\/2023\/09\/28\/se-realizara-la-4ta-feria-del-libro-en-santa-ana-de-los-guacaras\/#article","isPartOf":{"@id":"http:\/\/www.radiohorizonte.fm\/radio\/2023\/09\/28\/se-realizara-la-4ta-feria-del-libro-en-santa-ana-de-los-guacaras\/"},"author":{"name":"Cristian Galarza","@id":"http:\/\/www.radiohorizonte.fm\/radio\/#\/schema\/person\/f8fa003a405bb86729fd87d15d0ddafa"},"headline":"Se realizar\u00e1 la 4ta Feria del Libro en Santa Ana de los Gu\u00e1caras","datePublished":"2023-09-28T13:19:14+00:00","mainEntityOfPage":{"@id":"http:\/\/www.radiohorizonte.fm\/radio\/2023\/09\/28\/se-realizara-la-4ta-feria-del-libro-en-santa-ana-de-los-guacaras\/"},"wordCount":282,"publisher":{"@id":"http:\/\/www.radiohorizonte.fm\/radio\/#organization"},"image":{"@id":"http:\/\/www.radiohorizonte.fm\/radio\/2023\/09\/28\/se-realizara-la-4ta-feria-del-libro-en-santa-ana-de-los-guacaras\/#primaryimage"},"thumbnailUrl":"http:\/\/www.radiohorizonte.fm\/radio\/wp-content\/uploads\/2023\/09\/Portal_de_entrada_Santa_Ana_de_los_Gu\u00e1caras.jpg","articleSection":["Noticias"],"inLanguage":"es-AR"},{"@type":"WebPage","@id":"http:\/\/www.radiohorizonte.fm\/radio\/2023\/09\/28\/se-realizara-la-4ta-feria-del-libro-en-santa-ana-de-los-guacaras\/","url":"http:\/\/www.radiohorizonte.fm\/radio\/2023\/09\/28\/se-realizara-la-4ta-feria-del-libro-en-santa-ana-de-los-guacaras\/","name":"Se realizar\u00e1 la 4ta Feria del Libro en Santa Ana de los Gu\u00e1caras - Horizonte","isPartOf":{"@id":"http:\/\/www.radiohorizonte.fm\/radio\/#website"},"primaryImageOfPage":{"@id":"http:\/\/www.radiohorizonte.fm\/radio\/2023\/09\/28\/se-realizara-la-4ta-feria-del-libro-en-santa-ana-de-los-guacaras\/#primaryimage"},"image":{"@id":"http:\/\/www.radiohorizonte.fm\/radio\/2023\/09\/28\/se-realizara-la-4ta-feria-del-libro-en-santa-ana-de-los-guacaras\/#primaryimage"},"thumbnailUrl":"http:\/\/www.radiohorizonte.fm\/radio\/wp-content\/uploads\/2023\/09\/Portal_de_entrada_Santa_Ana_de_los_Gu\u00e1caras.jpg","datePublished":"2023-09-28T13:19:14+00:00","breadcrumb":{"@id":"http:\/\/www.radiohorizonte.fm\/radio\/2023\/09\/28\/se-realizara-la-4ta-feria-del-libro-en-santa-ana-de-los-guacaras\/#breadcrumb"},"inLanguage":"es-AR","potentialAction":[{"@type":"ReadAction","target":["http:\/\/www.radiohorizonte.fm\/radio\/2023\/09\/28\/se-realizara-la-4ta-feria-del-libro-en-santa-ana-de-los-guacaras\/"]}]},{"@type":"ImageObject","inLanguage":"es-AR","@id":"http:\/\/www.radiohorizonte.fm\/radio\/2023\/09\/28\/se-realizara-la-4ta-feria-del-libro-en-santa-ana-de-los-guacaras\/#primaryimage","url":"http:\/\/www.radiohorizonte.fm\/radio\/wp-content\/uploads\/2023\/09\/Portal_de_entrada_Santa_Ana_de_los_Gu\u00e1caras.jpg","contentUrl":"http:\/\/www.radiohorizonte.fm\/radio\/wp-content\/uploads\/2023\/09\/Portal_de_entrada_Santa_Ana_de_los_Gu\u00e1caras.jpg","width":960,"height":720},{"@type":"BreadcrumbList","@id":"http:\/\/www.radiohorizonte.fm\/radio\/2023\/09\/28\/se-realizara-la-4ta-feria-del-libro-en-santa-ana-de-los-guacaras\/#breadcrumb","itemListElement":[{"@type":"ListItem","position":1,"name":"Home","item":"http:\/\/www.radiohorizonte.fm\/radio\/"},{"@type":"ListItem","position":2,"name":"Se realizar\u00e1 la 4ta Feria del Libro en Santa Ana de los Gu\u00e1caras"}]},{"@type":"WebSite","@id":"http:\/\/www.radiohorizonte.fm\/radio\/#website","url":"http:\/\/www.radiohorizonte.fm\/radio\/","name":"Horizonte","description":"Radio Horizonte 106.1 - Una radio de clasicos","publisher":{"@id":"http:\/\/www.radiohorizonte.fm\/radio\/#organization"},"potentialAction":[{"@type":"SearchAction","target":{"@type":"EntryPoint","urlTemplate":"http:\/\/www.radiohorizonte.fm\/radio\/?s={search_term_string}"},"query-input":{"@type":"PropertyValueSpecification","valueRequired":true,"valueName":"search_term_string"}}],"inLanguage":"es-AR"},{"@type":"Organization","@id":"http:\/\/www.radiohorizonte.fm\/radio\/#organization","name":"Horizonte","url":"http:\/\/www.radiohorizonte.fm\/radio\/","logo":{"@type":"ImageObject","inLanguage":"es-AR","@id":"http:\/\/www.radiohorizonte.fm\/radio\/#\/schema\/logo\/image\/","url":"http:\/\/www.radiohorizonte.fm\/radio\/wp-content\/uploads\/2025\/06\/Portada-FM-Horizonte_modelo-imagen-scaled.jpg","contentUrl":"http:\/\/www.radiohorizonte.fm\/radio\/wp-content\/uploads\/2025\/06\/Portada-FM-Horizonte_modelo-imagen-scaled.jpg","width":2560,"height":1056,"caption":"Horizonte"},"image":{"@id":"http:\/\/www.radiohorizonte.fm\/radio\/#\/schema\/logo\/image\/"},"sameAs":["http:\/\/www.facebook.com\/HORIZONTE106.1","https:\/\/x.com\/fmhorizonte1061"]},{"@type":"Person","@id":"http:\/\/www.radiohorizonte.fm\/radio\/#\/schema\/person\/f8fa003a405bb86729fd87d15d0ddafa","name":"Cristian Galarza","image":{"@type":"ImageObject","inLanguage":"es-AR","@id":"https:\/\/secure.gravatar.com\/avatar\/fad34bc2c773209c05d7d53b08a69b680eeb55f3be014e52b31643d20ab65925?s=96&d=mm&r=g","url":"https:\/\/secure.gravatar.com\/avatar\/fad34bc2c773209c05d7d53b08a69b680eeb55f3be014e52b31643d20ab65925?s=96&d=mm&r=g","contentUrl":"https:\/\/secure.gravatar.com\/avatar\/fad34bc2c773209c05d7d53b08a69b680eeb55f3be014e52b31643d20ab65925?s=96&d=mm&r=g","caption":"Cristian Galarza"},"url":"http:\/\/www.radiohorizonte.fm\/radio\/author\/cristian\/"}]}},"_links":{"self":[{"href":"http:\/\/www.radiohorizonte.fm\/radio\/wp-json\/wp\/v2\/posts\/42157","targetHints":{"allow":["GET"]}}],"collection":[{"href":"http:\/\/www.radiohorizonte.fm\/radio\/wp-json\/wp\/v2\/posts"}],"about":[{"href":"http:\/\/www.radiohorizonte.fm\/radio\/wp-json\/wp\/v2\/types\/post"}],"author":[{"embeddable":true,"href":"http:\/\/www.radiohorizonte.fm\/radio\/wp-json\/wp\/v2\/users\/2"}],"replies":[{"embeddable":true,"href":"http:\/\/www.radiohorizonte.fm\/radio\/wp-json\/wp\/v2\/comments?post=42157"}],"version-history":[{"count":1,"href":"http:\/\/www.radiohorizonte.fm\/radio\/wp-json\/wp\/v2\/posts\/42157\/revisions"}],"predecessor-version":[{"id":42160,"href":"http:\/\/www.radiohorizonte.fm\/radio\/wp-json\/wp\/v2\/posts\/42157\/revisions\/42160"}],"wp:featuredmedia":[{"embeddable":true,"href":"http:\/\/www.radiohorizonte.fm\/radio\/wp-json\/wp\/v2\/media\/42159"}],"wp:attachment":[{"href":"http:\/\/www.radiohorizonte.fm\/radio\/wp-json\/wp\/v2\/media?parent=42157"}],"wp:term":[{"taxonomy":"category","embeddable":true,"href":"http:\/\/www.radiohorizonte.fm\/radio\/wp-json\/wp\/v2\/categories?post=42157"},{"taxonomy":"post_tag","embeddable":true,"href":"http:\/\/www.radiohorizonte.fm\/radio\/wp-json\/wp\/v2\/tags?post=42157"}],"curies":[{"name":"wp","href":"https:\/\/api.w.org\/{rel}","templated":true}]}}