{"id":42178,"date":"2023-09-29T11:23:53","date_gmt":"2023-09-29T14:23:53","guid":{"rendered":"http:\/\/www.radiohorizonte.fm\/radio\/?p=42178"},"modified":"2023-09-29T11:23:53","modified_gmt":"2023-09-29T14:23:53","slug":"el-chaco-acumula-tres-meses-consecutivos-de-baja-en-venta-de-combustibles","status":"publish","type":"post","link":"http:\/\/www.radiohorizonte.fm\/radio\/2023\/09\/29\/el-chaco-acumula-tres-meses-consecutivos-de-baja-en-venta-de-combustibles\/","title":{"rendered":"El Chaco acumula tres meses consecutivos de baja en venta de combustibles"},"content":{"rendered":"<p>En agosto, se despacharon 35.554 metros c\u00fabicos en total, lo que representa un 0,7% menos que en igual mes del a\u00f1o pasado.<br \/>\n<img loading=\"lazy\" decoding=\"async\" src=\"http:\/\/www.radiohorizonte.fm\/radio\/wp-content\/uploads\/2019\/11\/combustible.jpg\" alt=\"\" width=\"700\" height=\"395\" class=\"alignnone size-full wp-image-25026\" srcset=\"http:\/\/www.radiohorizonte.fm\/radio\/wp-content\/uploads\/2019\/11\/combustible.jpg 700w, http:\/\/www.radiohorizonte.fm\/radio\/wp-content\/uploads\/2019\/11\/combustible-300x169.jpg 300w, http:\/\/www.radiohorizonte.fm\/radio\/wp-content\/uploads\/2019\/11\/combustible-65x37.jpg 65w, http:\/\/www.radiohorizonte.fm\/radio\/wp-content\/uploads\/2019\/11\/combustible-320x181.jpg 320w, http:\/\/www.radiohorizonte.fm\/radio\/wp-content\/uploads\/2019\/11\/combustible-85x48.jpg 85w, http:\/\/www.radiohorizonte.fm\/radio\/wp-content\/uploads\/2019\/11\/combustible-220x125.jpg 220w, http:\/\/www.radiohorizonte.fm\/radio\/wp-content\/uploads\/2019\/11\/combustible-90x51.jpg 90w\" sizes=\"auto, (max-width: 700px) 100vw, 700px\" \/><\/p>\n<p>Las ventas de combustible al p\u00fablico durante el mes de agosto, en el Chaco, totalizaron 35.554 metros c\u00fabicos, registrando as\u00ed un descenso del 0,7 % en comparaci\u00f3n contra igual mes del 2022, seg\u00fan un informe elaborado en base a datos de la Secretar\u00eda de Energ\u00eda de la Naci\u00f3n.<\/p>\n<p>Se trata de la tercera ca\u00edda consecutiva, y la quinta en los ocho meses transcurridos del a\u00f1o: tambi\u00e9n hab\u00eda registrado bajas en febrero (-4,3), abril (-0,5%), junio (-0,9%) y julio (-5,0%), inform\u00f3 la Consultora Politikon Chaco.<\/p>\n<p>No obstante, a\u00fan con la ca\u00edda registrada, en agosto se registr\u00f3 el mayor volumen de combustible vendido en el Chaco, en lo que va del a\u00f1o.<\/p>\n<p>En cuanto al tipo de combustible vendido, el 52% del total corresponde a naftas -sin especificar si se trata de Grado 2 y Grado 3-, mientras que el 48% restante corresponde a gasoil. <\/p>\n<p>Asimismo, las naftas crecieron 3,4% interanual (con mayor fuerza en la s\u00faper con +5,5% mientras que la premium descendi\u00f3 4,8%); mientras que el gasoil cay\u00f3 4,7% (tambi\u00e9n con peor desempe\u00f1o en la premium que retrocede 18,9% mientras que la com\u00fan se increment\u00f3 3,4%).<\/p>\n<p>En el plano regional, el Chaco se mantiene como la tercera provincia en el NEA en volumen de ventas, detr\u00e1s de Misiones y Corrientes, concentrando 24,3% del consumo total de la regi\u00f3n. <\/p>\n<p>LA VENTA DE COMBUSTIBLES A NIVEL NACIONAL<br \/>\nPor otro lado, en agosto de 2023 se vendieron 1,56 millones de metros c\u00fabicos de combustible al p\u00fablico, en todo el pa\u00eds, entre naftas y gasoil en sus correspondientes segmentos. De ese total, el 54% de las ventas de correspondi\u00f3 a naftas y el 46% restante a gasoil.<\/p>\n<p>Comparado contra igual mes de 2022 las ventas mostraron un descenso del 0,2% (el segundo consecutivo) explicado por la baja del consumo del gasoil (-3,3%) mientras que las naftas crecieron 2,7%.<\/p>\n<p>En tanto, el acumulado del per\u00edodo enero-agosto del 2023 exhibe ventas al p\u00fablico de combustibles por un total de 12,2 millones de metros c\u00fabicos, quedando 1,8% por encima de igual per\u00edodo del 2022.   <\/p>\n<p>Fuente: DataChaco<\/p>\n","protected":false},"excerpt":{"rendered":"<div class=\"post-excerpt\"><p>En agosto, se despacharon 35.554 metros c\u00fabicos en total, lo que representa un 0,7% menos que en igual mes del a\u00f1o pasado. Las ventas de combustible al p\u00fablico durante el mes de agosto, en el Chaco, totalizaron 35.554 metros c\u00fabicos, registrando as\u00ed un descenso del 0,7 % en comparaci\u00f3n contra igual mes del 2022, seg\u00fan<\/p>\n<\/div>","protected":false},"author":2,"featured_media":25026,"comment_status":"closed","ping_status":"closed","sticky":false,"template":"","format":"standard","meta":{"_acf_changed":false,"footnotes":""},"categories":[2],"tags":[],"class_list":["post-42178","post","type-post","status-publish","format-standard","has-post-thumbnail","hentry","category-noticias"],"acf":[],"yoast_head":"<!-- This site is optimized with the Yoast SEO plugin v28.1 - https:\/\/yoast.com\/product\/yoast-seo-wordpress\/ -->\n<title>El Chaco acumula tres meses consecutivos de baja en venta de combustibles - Horizonte<\/title>\n<meta name=\"robots\" content=\"index, follow, max-snippet:-1, max-image-preview:large, max-video-preview:-1\" \/>\n<link rel=\"canonical\" href=\"http:\/\/www.radiohorizonte.fm\/radio\/2023\/09\/29\/el-chaco-acumula-tres-meses-consecutivos-de-baja-en-venta-de-combustibles\/\" \/>\n<meta property=\"og:locale\" content=\"es_ES\" \/>\n<meta property=\"og:type\" content=\"article\" \/>\n<meta property=\"og:title\" content=\"El Chaco acumula tres meses consecutivos de baja en venta de combustibles - Horizonte\" \/>\n<meta property=\"og:description\" content=\"En agosto, se despacharon 35.554 metros c\u00fabicos en total, lo que representa un 0,7% menos que en igual mes del a\u00f1o pasado. Las ventas de combustible al p\u00fablico durante el mes de agosto, en el Chaco, totalizaron 35.554 metros c\u00fabicos, registrando as\u00ed un descenso del 0,7 % en comparaci\u00f3n contra igual mes del 2022, seg\u00fan\" \/>\n<meta property=\"og:url\" content=\"http:\/\/www.radiohorizonte.fm\/radio\/2023\/09\/29\/el-chaco-acumula-tres-meses-consecutivos-de-baja-en-venta-de-combustibles\/\" \/>\n<meta property=\"og:site_name\" content=\"Horizonte\" \/>\n<meta property=\"article:publisher\" content=\"http:\/\/www.facebook.com\/HORIZONTE106.1\" \/>\n<meta property=\"article:published_time\" content=\"2023-09-29T14:23:53+00:00\" \/>\n<meta property=\"og:image\" content=\"http:\/\/www.radiohorizonte.fm\/radio\/wp-content\/uploads\/2019\/11\/combustible.jpg\" \/>\n\t<meta property=\"og:image:width\" content=\"700\" \/>\n\t<meta property=\"og:image:height\" content=\"395\" \/>\n\t<meta property=\"og:image:type\" content=\"image\/jpeg\" \/>\n<meta name=\"author\" content=\"Cristian Galarza\" \/>\n<meta name=\"twitter:card\" content=\"summary_large_image\" \/>\n<meta name=\"twitter:creator\" content=\"@fmhorizonte1061\" \/>\n<meta name=\"twitter:site\" content=\"@fmhorizonte1061\" \/>\n<meta name=\"twitter:label1\" content=\"Escrito por\" \/>\n\t<meta name=\"twitter:data1\" content=\"Cristian Galarza\" \/>\n\t<meta name=\"twitter:label2\" content=\"Tiempo de lectura\" \/>\n\t<meta name=\"twitter:data2\" content=\"2 minutos\" \/>\n<script type=\"application\/ld+json\" class=\"yoast-schema-graph\">{\"@context\":\"https:\\\/\\\/schema.org\",\"@graph\":[{\"@type\":\"Article\",\"@id\":\"http:\\\/\\\/www.radiohorizonte.fm\\\/radio\\\/2023\\\/09\\\/29\\\/el-chaco-acumula-tres-meses-consecutivos-de-baja-en-venta-de-combustibles\\\/#article\",\"isPartOf\":{\"@id\":\"http:\\\/\\\/www.radiohorizonte.fm\\\/radio\\\/2023\\\/09\\\/29\\\/el-chaco-acumula-tres-meses-consecutivos-de-baja-en-venta-de-combustibles\\\/\"},\"author\":{\"name\":\"Cristian Galarza\",\"@id\":\"http:\\\/\\\/www.radiohorizonte.fm\\\/radio\\\/#\\\/schema\\\/person\\\/f8fa003a405bb86729fd87d15d0ddafa\"},\"headline\":\"El Chaco acumula tres meses consecutivos de baja en venta de combustibles\",\"datePublished\":\"2023-09-29T14:23:53+00:00\",\"mainEntityOfPage\":{\"@id\":\"http:\\\/\\\/www.radiohorizonte.fm\\\/radio\\\/2023\\\/09\\\/29\\\/el-chaco-acumula-tres-meses-consecutivos-de-baja-en-venta-de-combustibles\\\/\"},\"wordCount\":375,\"publisher\":{\"@id\":\"http:\\\/\\\/www.radiohorizonte.fm\\\/radio\\\/#organization\"},\"image\":{\"@id\":\"http:\\\/\\\/www.radiohorizonte.fm\\\/radio\\\/2023\\\/09\\\/29\\\/el-chaco-acumula-tres-meses-consecutivos-de-baja-en-venta-de-combustibles\\\/#primaryimage\"},\"thumbnailUrl\":\"http:\\\/\\\/www.radiohorizonte.fm\\\/radio\\\/wp-content\\\/uploads\\\/2019\\\/11\\\/combustible.jpg\",\"articleSection\":[\"Noticias\"],\"inLanguage\":\"es-AR\"},{\"@type\":\"WebPage\",\"@id\":\"http:\\\/\\\/www.radiohorizonte.fm\\\/radio\\\/2023\\\/09\\\/29\\\/el-chaco-acumula-tres-meses-consecutivos-de-baja-en-venta-de-combustibles\\\/\",\"url\":\"http:\\\/\\\/www.radiohorizonte.fm\\\/radio\\\/2023\\\/09\\\/29\\\/el-chaco-acumula-tres-meses-consecutivos-de-baja-en-venta-de-combustibles\\\/\",\"name\":\"El Chaco acumula tres meses consecutivos de baja en venta de combustibles - Horizonte\",\"isPartOf\":{\"@id\":\"http:\\\/\\\/www.radiohorizonte.fm\\\/radio\\\/#website\"},\"primaryImageOfPage\":{\"@id\":\"http:\\\/\\\/www.radiohorizonte.fm\\\/radio\\\/2023\\\/09\\\/29\\\/el-chaco-acumula-tres-meses-consecutivos-de-baja-en-venta-de-combustibles\\\/#primaryimage\"},\"image\":{\"@id\":\"http:\\\/\\\/www.radiohorizonte.fm\\\/radio\\\/2023\\\/09\\\/29\\\/el-chaco-acumula-tres-meses-consecutivos-de-baja-en-venta-de-combustibles\\\/#primaryimage\"},\"thumbnailUrl\":\"http:\\\/\\\/www.radiohorizonte.fm\\\/radio\\\/wp-content\\\/uploads\\\/2019\\\/11\\\/combustible.jpg\",\"datePublished\":\"2023-09-29T14:23:53+00:00\",\"breadcrumb\":{\"@id\":\"http:\\\/\\\/www.radiohorizonte.fm\\\/radio\\\/2023\\\/09\\\/29\\\/el-chaco-acumula-tres-meses-consecutivos-de-baja-en-venta-de-combustibles\\\/#breadcrumb\"},\"inLanguage\":\"es-AR\",\"potentialAction\":[{\"@type\":\"ReadAction\",\"target\":[\"http:\\\/\\\/www.radiohorizonte.fm\\\/radio\\\/2023\\\/09\\\/29\\\/el-chaco-acumula-tres-meses-consecutivos-de-baja-en-venta-de-combustibles\\\/\"]}]},{\"@type\":\"ImageObject\",\"inLanguage\":\"es-AR\",\"@id\":\"http:\\\/\\\/www.radiohorizonte.fm\\\/radio\\\/2023\\\/09\\\/29\\\/el-chaco-acumula-tres-meses-consecutivos-de-baja-en-venta-de-combustibles\\\/#primaryimage\",\"url\":\"http:\\\/\\\/www.radiohorizonte.fm\\\/radio\\\/wp-content\\\/uploads\\\/2019\\\/11\\\/combustible.jpg\",\"contentUrl\":\"http:\\\/\\\/www.radiohorizonte.fm\\\/radio\\\/wp-content\\\/uploads\\\/2019\\\/11\\\/combustible.jpg\",\"width\":700,\"height\":395},{\"@type\":\"BreadcrumbList\",\"@id\":\"http:\\\/\\\/www.radiohorizonte.fm\\\/radio\\\/2023\\\/09\\\/29\\\/el-chaco-acumula-tres-meses-consecutivos-de-baja-en-venta-de-combustibles\\\/#breadcrumb\",\"itemListElement\":[{\"@type\":\"ListItem\",\"position\":1,\"name\":\"Home\",\"item\":\"http:\\\/\\\/www.radiohorizonte.fm\\\/radio\\\/\"},{\"@type\":\"ListItem\",\"position\":2,\"name\":\"El Chaco acumula tres meses consecutivos de baja en venta de combustibles\"}]},{\"@type\":\"WebSite\",\"@id\":\"http:\\\/\\\/www.radiohorizonte.fm\\\/radio\\\/#website\",\"url\":\"http:\\\/\\\/www.radiohorizonte.fm\\\/radio\\\/\",\"name\":\"Horizonte\",\"description\":\"Radio Horizonte 106.1 - Una radio de clasicos\",\"publisher\":{\"@id\":\"http:\\\/\\\/www.radiohorizonte.fm\\\/radio\\\/#organization\"},\"potentialAction\":[{\"@type\":\"SearchAction\",\"target\":{\"@type\":\"EntryPoint\",\"urlTemplate\":\"http:\\\/\\\/www.radiohorizonte.fm\\\/radio\\\/?s={search_term_string}\"},\"query-input\":{\"@type\":\"PropertyValueSpecification\",\"valueRequired\":true,\"valueName\":\"search_term_string\"}}],\"inLanguage\":\"es-AR\"},{\"@type\":\"Organization\",\"@id\":\"http:\\\/\\\/www.radiohorizonte.fm\\\/radio\\\/#organization\",\"name\":\"Horizonte\",\"url\":\"http:\\\/\\\/www.radiohorizonte.fm\\\/radio\\\/\",\"logo\":{\"@type\":\"ImageObject\",\"inLanguage\":\"es-AR\",\"@id\":\"http:\\\/\\\/www.radiohorizonte.fm\\\/radio\\\/#\\\/schema\\\/logo\\\/image\\\/\",\"url\":\"http:\\\/\\\/www.radiohorizonte.fm\\\/radio\\\/wp-content\\\/uploads\\\/2025\\\/06\\\/Portada-FM-Horizonte_modelo-imagen-scaled.jpg\",\"contentUrl\":\"http:\\\/\\\/www.radiohorizonte.fm\\\/radio\\\/wp-content\\\/uploads\\\/2025\\\/06\\\/Portada-FM-Horizonte_modelo-imagen-scaled.jpg\",\"width\":2560,\"height\":1056,\"caption\":\"Horizonte\"},\"image\":{\"@id\":\"http:\\\/\\\/www.radiohorizonte.fm\\\/radio\\\/#\\\/schema\\\/logo\\\/image\\\/\"},\"sameAs\":[\"http:\\\/\\\/www.facebook.com\\\/HORIZONTE106.1\",\"https:\\\/\\\/x.com\\\/fmhorizonte1061\"]},{\"@type\":\"Person\",\"@id\":\"http:\\\/\\\/www.radiohorizonte.fm\\\/radio\\\/#\\\/schema\\\/person\\\/f8fa003a405bb86729fd87d15d0ddafa\",\"name\":\"Cristian Galarza\",\"image\":{\"@type\":\"ImageObject\",\"inLanguage\":\"es-AR\",\"@id\":\"https:\\\/\\\/secure.gravatar.com\\\/avatar\\\/fad34bc2c773209c05d7d53b08a69b680eeb55f3be014e52b31643d20ab65925?s=96&d=mm&r=g\",\"url\":\"https:\\\/\\\/secure.gravatar.com\\\/avatar\\\/fad34bc2c773209c05d7d53b08a69b680eeb55f3be014e52b31643d20ab65925?s=96&d=mm&r=g\",\"contentUrl\":\"https:\\\/\\\/secure.gravatar.com\\\/avatar\\\/fad34bc2c773209c05d7d53b08a69b680eeb55f3be014e52b31643d20ab65925?s=96&d=mm&r=g\",\"caption\":\"Cristian Galarza\"},\"url\":\"http:\\\/\\\/www.radiohorizonte.fm\\\/radio\\\/author\\\/cristian\\\/\"}]}<\/script>\n<!-- \/ Yoast SEO plugin. -->","yoast_head_json":{"title":"El Chaco acumula tres meses consecutivos de baja en venta de combustibles - Horizonte","robots":{"index":"index","follow":"follow","max-snippet":"max-snippet:-1","max-image-preview":"max-image-preview:large","max-video-preview":"max-video-preview:-1"},"canonical":"http:\/\/www.radiohorizonte.fm\/radio\/2023\/09\/29\/el-chaco-acumula-tres-meses-consecutivos-de-baja-en-venta-de-combustibles\/","og_locale":"es_ES","og_type":"article","og_title":"El Chaco acumula tres meses consecutivos de baja en venta de combustibles - Horizonte","og_description":"En agosto, se despacharon 35.554 metros c\u00fabicos en total, lo que representa un 0,7% menos que en igual mes del a\u00f1o pasado. Las ventas de combustible al p\u00fablico durante el mes de agosto, en el Chaco, totalizaron 35.554 metros c\u00fabicos, registrando as\u00ed un descenso del 0,7 % en comparaci\u00f3n contra igual mes del 2022, seg\u00fan","og_url":"http:\/\/www.radiohorizonte.fm\/radio\/2023\/09\/29\/el-chaco-acumula-tres-meses-consecutivos-de-baja-en-venta-de-combustibles\/","og_site_name":"Horizonte","article_publisher":"http:\/\/www.facebook.com\/HORIZONTE106.1","article_published_time":"2023-09-29T14:23:53+00:00","og_image":[{"width":700,"height":395,"url":"http:\/\/www.radiohorizonte.fm\/radio\/wp-content\/uploads\/2019\/11\/combustible.jpg","type":"image\/jpeg"}],"author":"Cristian Galarza","twitter_card":"summary_large_image","twitter_creator":"@fmhorizonte1061","twitter_site":"@fmhorizonte1061","twitter_misc":{"Escrito por":"Cristian Galarza","Tiempo de lectura":"2 minutos"},"schema":{"@context":"https:\/\/schema.org","@graph":[{"@type":"Article","@id":"http:\/\/www.radiohorizonte.fm\/radio\/2023\/09\/29\/el-chaco-acumula-tres-meses-consecutivos-de-baja-en-venta-de-combustibles\/#article","isPartOf":{"@id":"http:\/\/www.radiohorizonte.fm\/radio\/2023\/09\/29\/el-chaco-acumula-tres-meses-consecutivos-de-baja-en-venta-de-combustibles\/"},"author":{"name":"Cristian Galarza","@id":"http:\/\/www.radiohorizonte.fm\/radio\/#\/schema\/person\/f8fa003a405bb86729fd87d15d0ddafa"},"headline":"El Chaco acumula tres meses consecutivos de baja en venta de combustibles","datePublished":"2023-09-29T14:23:53+00:00","mainEntityOfPage":{"@id":"http:\/\/www.radiohorizonte.fm\/radio\/2023\/09\/29\/el-chaco-acumula-tres-meses-consecutivos-de-baja-en-venta-de-combustibles\/"},"wordCount":375,"publisher":{"@id":"http:\/\/www.radiohorizonte.fm\/radio\/#organization"},"image":{"@id":"http:\/\/www.radiohorizonte.fm\/radio\/2023\/09\/29\/el-chaco-acumula-tres-meses-consecutivos-de-baja-en-venta-de-combustibles\/#primaryimage"},"thumbnailUrl":"http:\/\/www.radiohorizonte.fm\/radio\/wp-content\/uploads\/2019\/11\/combustible.jpg","articleSection":["Noticias"],"inLanguage":"es-AR"},{"@type":"WebPage","@id":"http:\/\/www.radiohorizonte.fm\/radio\/2023\/09\/29\/el-chaco-acumula-tres-meses-consecutivos-de-baja-en-venta-de-combustibles\/","url":"http:\/\/www.radiohorizonte.fm\/radio\/2023\/09\/29\/el-chaco-acumula-tres-meses-consecutivos-de-baja-en-venta-de-combustibles\/","name":"El Chaco acumula tres meses consecutivos de baja en venta de combustibles - Horizonte","isPartOf":{"@id":"http:\/\/www.radiohorizonte.fm\/radio\/#website"},"primaryImageOfPage":{"@id":"http:\/\/www.radiohorizonte.fm\/radio\/2023\/09\/29\/el-chaco-acumula-tres-meses-consecutivos-de-baja-en-venta-de-combustibles\/#primaryimage"},"image":{"@id":"http:\/\/www.radiohorizonte.fm\/radio\/2023\/09\/29\/el-chaco-acumula-tres-meses-consecutivos-de-baja-en-venta-de-combustibles\/#primaryimage"},"thumbnailUrl":"http:\/\/www.radiohorizonte.fm\/radio\/wp-content\/uploads\/2019\/11\/combustible.jpg","datePublished":"2023-09-29T14:23:53+00:00","breadcrumb":{"@id":"http:\/\/www.radiohorizonte.fm\/radio\/2023\/09\/29\/el-chaco-acumula-tres-meses-consecutivos-de-baja-en-venta-de-combustibles\/#breadcrumb"},"inLanguage":"es-AR","potentialAction":[{"@type":"ReadAction","target":["http:\/\/www.radiohorizonte.fm\/radio\/2023\/09\/29\/el-chaco-acumula-tres-meses-consecutivos-de-baja-en-venta-de-combustibles\/"]}]},{"@type":"ImageObject","inLanguage":"es-AR","@id":"http:\/\/www.radiohorizonte.fm\/radio\/2023\/09\/29\/el-chaco-acumula-tres-meses-consecutivos-de-baja-en-venta-de-combustibles\/#primaryimage","url":"http:\/\/www.radiohorizonte.fm\/radio\/wp-content\/uploads\/2019\/11\/combustible.jpg","contentUrl":"http:\/\/www.radiohorizonte.fm\/radio\/wp-content\/uploads\/2019\/11\/combustible.jpg","width":700,"height":395},{"@type":"BreadcrumbList","@id":"http:\/\/www.radiohorizonte.fm\/radio\/2023\/09\/29\/el-chaco-acumula-tres-meses-consecutivos-de-baja-en-venta-de-combustibles\/#breadcrumb","itemListElement":[{"@type":"ListItem","position":1,"name":"Home","item":"http:\/\/www.radiohorizonte.fm\/radio\/"},{"@type":"ListItem","position":2,"name":"El Chaco acumula tres meses consecutivos de baja en venta de combustibles"}]},{"@type":"WebSite","@id":"http:\/\/www.radiohorizonte.fm\/radio\/#website","url":"http:\/\/www.radiohorizonte.fm\/radio\/","name":"Horizonte","description":"Radio Horizonte 106.1 - Una radio de clasicos","publisher":{"@id":"http:\/\/www.radiohorizonte.fm\/radio\/#organization"},"potentialAction":[{"@type":"SearchAction","target":{"@type":"EntryPoint","urlTemplate":"http:\/\/www.radiohorizonte.fm\/radio\/?s={search_term_string}"},"query-input":{"@type":"PropertyValueSpecification","valueRequired":true,"valueName":"search_term_string"}}],"inLanguage":"es-AR"},{"@type":"Organization","@id":"http:\/\/www.radiohorizonte.fm\/radio\/#organization","name":"Horizonte","url":"http:\/\/www.radiohorizonte.fm\/radio\/","logo":{"@type":"ImageObject","inLanguage":"es-AR","@id":"http:\/\/www.radiohorizonte.fm\/radio\/#\/schema\/logo\/image\/","url":"http:\/\/www.radiohorizonte.fm\/radio\/wp-content\/uploads\/2025\/06\/Portada-FM-Horizonte_modelo-imagen-scaled.jpg","contentUrl":"http:\/\/www.radiohorizonte.fm\/radio\/wp-content\/uploads\/2025\/06\/Portada-FM-Horizonte_modelo-imagen-scaled.jpg","width":2560,"height":1056,"caption":"Horizonte"},"image":{"@id":"http:\/\/www.radiohorizonte.fm\/radio\/#\/schema\/logo\/image\/"},"sameAs":["http:\/\/www.facebook.com\/HORIZONTE106.1","https:\/\/x.com\/fmhorizonte1061"]},{"@type":"Person","@id":"http:\/\/www.radiohorizonte.fm\/radio\/#\/schema\/person\/f8fa003a405bb86729fd87d15d0ddafa","name":"Cristian Galarza","image":{"@type":"ImageObject","inLanguage":"es-AR","@id":"https:\/\/secure.gravatar.com\/avatar\/fad34bc2c773209c05d7d53b08a69b680eeb55f3be014e52b31643d20ab65925?s=96&d=mm&r=g","url":"https:\/\/secure.gravatar.com\/avatar\/fad34bc2c773209c05d7d53b08a69b680eeb55f3be014e52b31643d20ab65925?s=96&d=mm&r=g","contentUrl":"https:\/\/secure.gravatar.com\/avatar\/fad34bc2c773209c05d7d53b08a69b680eeb55f3be014e52b31643d20ab65925?s=96&d=mm&r=g","caption":"Cristian Galarza"},"url":"http:\/\/www.radiohorizonte.fm\/radio\/author\/cristian\/"}]}},"_links":{"self":[{"href":"http:\/\/www.radiohorizonte.fm\/radio\/wp-json\/wp\/v2\/posts\/42178","targetHints":{"allow":["GET"]}}],"collection":[{"href":"http:\/\/www.radiohorizonte.fm\/radio\/wp-json\/wp\/v2\/posts"}],"about":[{"href":"http:\/\/www.radiohorizonte.fm\/radio\/wp-json\/wp\/v2\/types\/post"}],"author":[{"embeddable":true,"href":"http:\/\/www.radiohorizonte.fm\/radio\/wp-json\/wp\/v2\/users\/2"}],"replies":[{"embeddable":true,"href":"http:\/\/www.radiohorizonte.fm\/radio\/wp-json\/wp\/v2\/comments?post=42178"}],"version-history":[{"count":1,"href":"http:\/\/www.radiohorizonte.fm\/radio\/wp-json\/wp\/v2\/posts\/42178\/revisions"}],"predecessor-version":[{"id":42179,"href":"http:\/\/www.radiohorizonte.fm\/radio\/wp-json\/wp\/v2\/posts\/42178\/revisions\/42179"}],"wp:featuredmedia":[{"embeddable":true,"href":"http:\/\/www.radiohorizonte.fm\/radio\/wp-json\/wp\/v2\/media\/25026"}],"wp:attachment":[{"href":"http:\/\/www.radiohorizonte.fm\/radio\/wp-json\/wp\/v2\/media?parent=42178"}],"wp:term":[{"taxonomy":"category","embeddable":true,"href":"http:\/\/www.radiohorizonte.fm\/radio\/wp-json\/wp\/v2\/categories?post=42178"},{"taxonomy":"post_tag","embeddable":true,"href":"http:\/\/www.radiohorizonte.fm\/radio\/wp-json\/wp\/v2\/tags?post=42178"}],"curies":[{"name":"wp","href":"https:\/\/api.w.org\/{rel}","templated":true}]}}