{"id":42180,"date":"2023-09-29T11:57:08","date_gmt":"2023-09-29T14:57:08","guid":{"rendered":"http:\/\/www.radiohorizonte.fm\/radio\/?p=42180"},"modified":"2023-09-29T11:57:08","modified_gmt":"2023-09-29T14:57:08","slug":"la-provincia-entrego-mas-de-500-anteojos-estudiantes-correntinos","status":"publish","type":"post","link":"http:\/\/www.radiohorizonte.fm\/radio\/2023\/09\/29\/la-provincia-entrego-mas-de-500-anteojos-estudiantes-correntinos\/","title":{"rendered":"La Provincia entreg\u00f3 m\u00e1s de 500 anteojos a estudiantes correntinos"},"content":{"rendered":"<p>Esta vez, fue para alumnos de las escuelas Nacional Gral. San Mart\u00edn y Normal Juan Pujol. El trabajo se realiz\u00f3 a trav\u00e9s de la Direcci\u00f3n de Operativos Sanitarios APS Capital.<br \/>\n<img loading=\"lazy\" decoding=\"async\" src=\"http:\/\/www.radiohorizonte.fm\/radio\/wp-content\/uploads\/2023\/09\/imagen-50482.jpg\" alt=\"\" width=\"1086\" height=\"724\" class=\"alignnone size-full wp-image-42181\" srcset=\"http:\/\/www.radiohorizonte.fm\/radio\/wp-content\/uploads\/2023\/09\/imagen-50482.jpg 1086w, http:\/\/www.radiohorizonte.fm\/radio\/wp-content\/uploads\/2023\/09\/imagen-50482-300x200.jpg 300w, http:\/\/www.radiohorizonte.fm\/radio\/wp-content\/uploads\/2023\/09\/imagen-50482-768x512.jpg 768w, http:\/\/www.radiohorizonte.fm\/radio\/wp-content\/uploads\/2023\/09\/imagen-50482-1024x683.jpg 1024w, http:\/\/www.radiohorizonte.fm\/radio\/wp-content\/uploads\/2023\/09\/imagen-50482-65x43.jpg 65w, http:\/\/www.radiohorizonte.fm\/radio\/wp-content\/uploads\/2023\/09\/imagen-50482-85x57.jpg 85w, http:\/\/www.radiohorizonte.fm\/radio\/wp-content\/uploads\/2023\/09\/imagen-50482-188x125.jpg 188w, http:\/\/www.radiohorizonte.fm\/radio\/wp-content\/uploads\/2023\/09\/imagen-50482-90x60.jpg 90w\" sizes=\"auto, (max-width: 1086px) 100vw, 1086px\" \/><\/p>\n<p>El Gobierno provincial, a trav\u00e9s del Ministerio de Salud P\u00fablica, realiz\u00f3 este jueves una nueva entrega de anteojos, en el marco de un trabajo que lleva adelante la Direcci\u00f3n de Operativos Sanitarios APS Capital. Esta vez, fueron m\u00e1s de 500 anteojos para alumnos del Instituto de Formaci\u00f3n Docente que funcionan en las escuelas Nacional Gral. San Mart\u00edn y Normal Juan Pujol, nocturno.<\/p>\n<p>\u201cEsto responde a una de las premisas que nos transmite el gobernador Gustavo Vald\u00e9s, de acercar servicios sanitarios y brindar una mejor calidad de vida a los ciudadanos\u201d, dijo el ministro de Salud P\u00fablica, Ricardo Cardozo.<\/p>\n<p>\u201cEl trabajo se inici\u00f3 20 d\u00edas antes, con un operativo sanitario en esas instituciones. All\u00ed, con los oftalm\u00f3logos se realiz\u00f3 la graduaci\u00f3n de todos los alumnos que requer\u00edan anteojos tanto de cerca, como de lejos\u201d, dijo por su parte la directora de Operativos Sanitarios APS Capital, Susana Vega.<\/p>\n<p>\u201cLuego, a trav\u00e9s de la Direcci\u00f3n General de Administraci\u00f3n del Ministerio, a cargo de Francisco Fern\u00e1ndez, se confeccionaron los anteojos y los entregamos a los alumnos de ambas escuelas\u201d, agreg\u00f3 y remarc\u00f3: \u201cEs muy importante esta entrega, ya que se trata de estudiantes. Desde el Ministerio de Salud P\u00fablica, a trav\u00e9s de la Direcci\u00f3n de Operativos Sanitarios APS Capital, seguimos el rumbo trazado por el se\u00f1or gobernador Gustavo Vald\u00e9s de que siempre estemos atentos y a disposici\u00f3n de los requerimientos sanitarios de la poblaci\u00f3n, ya sea en las escuelas o en los barrios perif\u00e9ricos de la ciudad de Corrientes\u201d.<\/p>\n","protected":false},"excerpt":{"rendered":"<div class=\"post-excerpt\"><p>Esta vez, fue para alumnos de las escuelas Nacional Gral. San Mart\u00edn y Normal Juan Pujol. El trabajo se realiz\u00f3 a trav\u00e9s de la Direcci\u00f3n de Operativos Sanitarios APS Capital. El Gobierno provincial, a trav\u00e9s del Ministerio de Salud P\u00fablica, realiz\u00f3 este jueves una nueva entrega de anteojos, en el marco de un trabajo que<\/p>\n<\/div>","protected":false},"author":2,"featured_media":42181,"comment_status":"closed","ping_status":"closed","sticky":false,"template":"","format":"standard","meta":{"_acf_changed":false,"footnotes":""},"categories":[2],"tags":[],"class_list":["post-42180","post","type-post","status-publish","format-standard","has-post-thumbnail","hentry","category-noticias"],"acf":[],"yoast_head":"<!-- This site is optimized with the Yoast SEO plugin v28.1 - https:\/\/yoast.com\/product\/yoast-seo-wordpress\/ -->\n<title>La Provincia entreg\u00f3 m\u00e1s de 500 anteojos a estudiantes correntinos - Horizonte<\/title>\n<meta name=\"robots\" content=\"index, follow, max-snippet:-1, max-image-preview:large, max-video-preview:-1\" \/>\n<link rel=\"canonical\" href=\"http:\/\/www.radiohorizonte.fm\/radio\/2023\/09\/29\/la-provincia-entrego-mas-de-500-anteojos-estudiantes-correntinos\/\" \/>\n<meta property=\"og:locale\" content=\"es_ES\" \/>\n<meta property=\"og:type\" content=\"article\" \/>\n<meta property=\"og:title\" content=\"La Provincia entreg\u00f3 m\u00e1s de 500 anteojos a estudiantes correntinos - Horizonte\" \/>\n<meta property=\"og:description\" content=\"Esta vez, fue para alumnos de las escuelas Nacional Gral. San Mart\u00edn y Normal Juan Pujol. El trabajo se realiz\u00f3 a trav\u00e9s de la Direcci\u00f3n de Operativos Sanitarios APS Capital. El Gobierno provincial, a trav\u00e9s del Ministerio de Salud P\u00fablica, realiz\u00f3 este jueves una nueva entrega de anteojos, en el marco de un trabajo que\" \/>\n<meta property=\"og:url\" content=\"http:\/\/www.radiohorizonte.fm\/radio\/2023\/09\/29\/la-provincia-entrego-mas-de-500-anteojos-estudiantes-correntinos\/\" \/>\n<meta property=\"og:site_name\" content=\"Horizonte\" \/>\n<meta property=\"article:publisher\" content=\"http:\/\/www.facebook.com\/HORIZONTE106.1\" \/>\n<meta property=\"article:published_time\" content=\"2023-09-29T14:57:08+00:00\" \/>\n<meta property=\"og:image\" content=\"http:\/\/www.radiohorizonte.fm\/radio\/wp-content\/uploads\/2023\/09\/imagen-50482.jpg\" \/>\n\t<meta property=\"og:image:width\" content=\"1086\" \/>\n\t<meta property=\"og:image:height\" content=\"724\" \/>\n\t<meta property=\"og:image:type\" content=\"image\/jpeg\" \/>\n<meta name=\"author\" content=\"Cristian Galarza\" \/>\n<meta name=\"twitter:card\" content=\"summary_large_image\" \/>\n<meta name=\"twitter:creator\" content=\"@fmhorizonte1061\" \/>\n<meta name=\"twitter:site\" content=\"@fmhorizonte1061\" \/>\n<meta name=\"twitter:label1\" content=\"Escrito por\" \/>\n\t<meta name=\"twitter:data1\" content=\"Cristian Galarza\" \/>\n\t<meta name=\"twitter:label2\" content=\"Tiempo de lectura\" \/>\n\t<meta name=\"twitter:data2\" content=\"2 minutos\" \/>\n<script type=\"application\/ld+json\" class=\"yoast-schema-graph\">{\"@context\":\"https:\\\/\\\/schema.org\",\"@graph\":[{\"@type\":\"Article\",\"@id\":\"http:\\\/\\\/www.radiohorizonte.fm\\\/radio\\\/2023\\\/09\\\/29\\\/la-provincia-entrego-mas-de-500-anteojos-estudiantes-correntinos\\\/#article\",\"isPartOf\":{\"@id\":\"http:\\\/\\\/www.radiohorizonte.fm\\\/radio\\\/2023\\\/09\\\/29\\\/la-provincia-entrego-mas-de-500-anteojos-estudiantes-correntinos\\\/\"},\"author\":{\"name\":\"Cristian Galarza\",\"@id\":\"http:\\\/\\\/www.radiohorizonte.fm\\\/radio\\\/#\\\/schema\\\/person\\\/f8fa003a405bb86729fd87d15d0ddafa\"},\"headline\":\"La Provincia entreg\u00f3 m\u00e1s de 500 anteojos a estudiantes correntinos\",\"datePublished\":\"2023-09-29T14:57:08+00:00\",\"mainEntityOfPage\":{\"@id\":\"http:\\\/\\\/www.radiohorizonte.fm\\\/radio\\\/2023\\\/09\\\/29\\\/la-provincia-entrego-mas-de-500-anteojos-estudiantes-correntinos\\\/\"},\"wordCount\":310,\"publisher\":{\"@id\":\"http:\\\/\\\/www.radiohorizonte.fm\\\/radio\\\/#organization\"},\"image\":{\"@id\":\"http:\\\/\\\/www.radiohorizonte.fm\\\/radio\\\/2023\\\/09\\\/29\\\/la-provincia-entrego-mas-de-500-anteojos-estudiantes-correntinos\\\/#primaryimage\"},\"thumbnailUrl\":\"http:\\\/\\\/www.radiohorizonte.fm\\\/radio\\\/wp-content\\\/uploads\\\/2023\\\/09\\\/imagen-50482.jpg\",\"articleSection\":[\"Noticias\"],\"inLanguage\":\"es-AR\"},{\"@type\":\"WebPage\",\"@id\":\"http:\\\/\\\/www.radiohorizonte.fm\\\/radio\\\/2023\\\/09\\\/29\\\/la-provincia-entrego-mas-de-500-anteojos-estudiantes-correntinos\\\/\",\"url\":\"http:\\\/\\\/www.radiohorizonte.fm\\\/radio\\\/2023\\\/09\\\/29\\\/la-provincia-entrego-mas-de-500-anteojos-estudiantes-correntinos\\\/\",\"name\":\"La Provincia entreg\u00f3 m\u00e1s de 500 anteojos a estudiantes correntinos - Horizonte\",\"isPartOf\":{\"@id\":\"http:\\\/\\\/www.radiohorizonte.fm\\\/radio\\\/#website\"},\"primaryImageOfPage\":{\"@id\":\"http:\\\/\\\/www.radiohorizonte.fm\\\/radio\\\/2023\\\/09\\\/29\\\/la-provincia-entrego-mas-de-500-anteojos-estudiantes-correntinos\\\/#primaryimage\"},\"image\":{\"@id\":\"http:\\\/\\\/www.radiohorizonte.fm\\\/radio\\\/2023\\\/09\\\/29\\\/la-provincia-entrego-mas-de-500-anteojos-estudiantes-correntinos\\\/#primaryimage\"},\"thumbnailUrl\":\"http:\\\/\\\/www.radiohorizonte.fm\\\/radio\\\/wp-content\\\/uploads\\\/2023\\\/09\\\/imagen-50482.jpg\",\"datePublished\":\"2023-09-29T14:57:08+00:00\",\"breadcrumb\":{\"@id\":\"http:\\\/\\\/www.radiohorizonte.fm\\\/radio\\\/2023\\\/09\\\/29\\\/la-provincia-entrego-mas-de-500-anteojos-estudiantes-correntinos\\\/#breadcrumb\"},\"inLanguage\":\"es-AR\",\"potentialAction\":[{\"@type\":\"ReadAction\",\"target\":[\"http:\\\/\\\/www.radiohorizonte.fm\\\/radio\\\/2023\\\/09\\\/29\\\/la-provincia-entrego-mas-de-500-anteojos-estudiantes-correntinos\\\/\"]}]},{\"@type\":\"ImageObject\",\"inLanguage\":\"es-AR\",\"@id\":\"http:\\\/\\\/www.radiohorizonte.fm\\\/radio\\\/2023\\\/09\\\/29\\\/la-provincia-entrego-mas-de-500-anteojos-estudiantes-correntinos\\\/#primaryimage\",\"url\":\"http:\\\/\\\/www.radiohorizonte.fm\\\/radio\\\/wp-content\\\/uploads\\\/2023\\\/09\\\/imagen-50482.jpg\",\"contentUrl\":\"http:\\\/\\\/www.radiohorizonte.fm\\\/radio\\\/wp-content\\\/uploads\\\/2023\\\/09\\\/imagen-50482.jpg\",\"width\":1086,\"height\":724},{\"@type\":\"BreadcrumbList\",\"@id\":\"http:\\\/\\\/www.radiohorizonte.fm\\\/radio\\\/2023\\\/09\\\/29\\\/la-provincia-entrego-mas-de-500-anteojos-estudiantes-correntinos\\\/#breadcrumb\",\"itemListElement\":[{\"@type\":\"ListItem\",\"position\":1,\"name\":\"Home\",\"item\":\"http:\\\/\\\/www.radiohorizonte.fm\\\/radio\\\/\"},{\"@type\":\"ListItem\",\"position\":2,\"name\":\"La Provincia entreg\u00f3 m\u00e1s de 500 anteojos a estudiantes correntinos\"}]},{\"@type\":\"WebSite\",\"@id\":\"http:\\\/\\\/www.radiohorizonte.fm\\\/radio\\\/#website\",\"url\":\"http:\\\/\\\/www.radiohorizonte.fm\\\/radio\\\/\",\"name\":\"Horizonte\",\"description\":\"Radio Horizonte 106.1 - Una radio de clasicos\",\"publisher\":{\"@id\":\"http:\\\/\\\/www.radiohorizonte.fm\\\/radio\\\/#organization\"},\"potentialAction\":[{\"@type\":\"SearchAction\",\"target\":{\"@type\":\"EntryPoint\",\"urlTemplate\":\"http:\\\/\\\/www.radiohorizonte.fm\\\/radio\\\/?s={search_term_string}\"},\"query-input\":{\"@type\":\"PropertyValueSpecification\",\"valueRequired\":true,\"valueName\":\"search_term_string\"}}],\"inLanguage\":\"es-AR\"},{\"@type\":\"Organization\",\"@id\":\"http:\\\/\\\/www.radiohorizonte.fm\\\/radio\\\/#organization\",\"name\":\"Horizonte\",\"url\":\"http:\\\/\\\/www.radiohorizonte.fm\\\/radio\\\/\",\"logo\":{\"@type\":\"ImageObject\",\"inLanguage\":\"es-AR\",\"@id\":\"http:\\\/\\\/www.radiohorizonte.fm\\\/radio\\\/#\\\/schema\\\/logo\\\/image\\\/\",\"url\":\"http:\\\/\\\/www.radiohorizonte.fm\\\/radio\\\/wp-content\\\/uploads\\\/2025\\\/06\\\/Portada-FM-Horizonte_modelo-imagen-scaled.jpg\",\"contentUrl\":\"http:\\\/\\\/www.radiohorizonte.fm\\\/radio\\\/wp-content\\\/uploads\\\/2025\\\/06\\\/Portada-FM-Horizonte_modelo-imagen-scaled.jpg\",\"width\":2560,\"height\":1056,\"caption\":\"Horizonte\"},\"image\":{\"@id\":\"http:\\\/\\\/www.radiohorizonte.fm\\\/radio\\\/#\\\/schema\\\/logo\\\/image\\\/\"},\"sameAs\":[\"http:\\\/\\\/www.facebook.com\\\/HORIZONTE106.1\",\"https:\\\/\\\/x.com\\\/fmhorizonte1061\"]},{\"@type\":\"Person\",\"@id\":\"http:\\\/\\\/www.radiohorizonte.fm\\\/radio\\\/#\\\/schema\\\/person\\\/f8fa003a405bb86729fd87d15d0ddafa\",\"name\":\"Cristian Galarza\",\"image\":{\"@type\":\"ImageObject\",\"inLanguage\":\"es-AR\",\"@id\":\"https:\\\/\\\/secure.gravatar.com\\\/avatar\\\/fad34bc2c773209c05d7d53b08a69b680eeb55f3be014e52b31643d20ab65925?s=96&d=mm&r=g\",\"url\":\"https:\\\/\\\/secure.gravatar.com\\\/avatar\\\/fad34bc2c773209c05d7d53b08a69b680eeb55f3be014e52b31643d20ab65925?s=96&d=mm&r=g\",\"contentUrl\":\"https:\\\/\\\/secure.gravatar.com\\\/avatar\\\/fad34bc2c773209c05d7d53b08a69b680eeb55f3be014e52b31643d20ab65925?s=96&d=mm&r=g\",\"caption\":\"Cristian Galarza\"},\"url\":\"http:\\\/\\\/www.radiohorizonte.fm\\\/radio\\\/author\\\/cristian\\\/\"}]}<\/script>\n<!-- \/ Yoast SEO plugin. -->","yoast_head_json":{"title":"La Provincia entreg\u00f3 m\u00e1s de 500 anteojos a estudiantes correntinos - Horizonte","robots":{"index":"index","follow":"follow","max-snippet":"max-snippet:-1","max-image-preview":"max-image-preview:large","max-video-preview":"max-video-preview:-1"},"canonical":"http:\/\/www.radiohorizonte.fm\/radio\/2023\/09\/29\/la-provincia-entrego-mas-de-500-anteojos-estudiantes-correntinos\/","og_locale":"es_ES","og_type":"article","og_title":"La Provincia entreg\u00f3 m\u00e1s de 500 anteojos a estudiantes correntinos - Horizonte","og_description":"Esta vez, fue para alumnos de las escuelas Nacional Gral. San Mart\u00edn y Normal Juan Pujol. El trabajo se realiz\u00f3 a trav\u00e9s de la Direcci\u00f3n de Operativos Sanitarios APS Capital. El Gobierno provincial, a trav\u00e9s del Ministerio de Salud P\u00fablica, realiz\u00f3 este jueves una nueva entrega de anteojos, en el marco de un trabajo que","og_url":"http:\/\/www.radiohorizonte.fm\/radio\/2023\/09\/29\/la-provincia-entrego-mas-de-500-anteojos-estudiantes-correntinos\/","og_site_name":"Horizonte","article_publisher":"http:\/\/www.facebook.com\/HORIZONTE106.1","article_published_time":"2023-09-29T14:57:08+00:00","og_image":[{"width":1086,"height":724,"url":"http:\/\/www.radiohorizonte.fm\/radio\/wp-content\/uploads\/2023\/09\/imagen-50482.jpg","type":"image\/jpeg"}],"author":"Cristian Galarza","twitter_card":"summary_large_image","twitter_creator":"@fmhorizonte1061","twitter_site":"@fmhorizonte1061","twitter_misc":{"Escrito por":"Cristian Galarza","Tiempo de lectura":"2 minutos"},"schema":{"@context":"https:\/\/schema.org","@graph":[{"@type":"Article","@id":"http:\/\/www.radiohorizonte.fm\/radio\/2023\/09\/29\/la-provincia-entrego-mas-de-500-anteojos-estudiantes-correntinos\/#article","isPartOf":{"@id":"http:\/\/www.radiohorizonte.fm\/radio\/2023\/09\/29\/la-provincia-entrego-mas-de-500-anteojos-estudiantes-correntinos\/"},"author":{"name":"Cristian Galarza","@id":"http:\/\/www.radiohorizonte.fm\/radio\/#\/schema\/person\/f8fa003a405bb86729fd87d15d0ddafa"},"headline":"La Provincia entreg\u00f3 m\u00e1s de 500 anteojos a estudiantes correntinos","datePublished":"2023-09-29T14:57:08+00:00","mainEntityOfPage":{"@id":"http:\/\/www.radiohorizonte.fm\/radio\/2023\/09\/29\/la-provincia-entrego-mas-de-500-anteojos-estudiantes-correntinos\/"},"wordCount":310,"publisher":{"@id":"http:\/\/www.radiohorizonte.fm\/radio\/#organization"},"image":{"@id":"http:\/\/www.radiohorizonte.fm\/radio\/2023\/09\/29\/la-provincia-entrego-mas-de-500-anteojos-estudiantes-correntinos\/#primaryimage"},"thumbnailUrl":"http:\/\/www.radiohorizonte.fm\/radio\/wp-content\/uploads\/2023\/09\/imagen-50482.jpg","articleSection":["Noticias"],"inLanguage":"es-AR"},{"@type":"WebPage","@id":"http:\/\/www.radiohorizonte.fm\/radio\/2023\/09\/29\/la-provincia-entrego-mas-de-500-anteojos-estudiantes-correntinos\/","url":"http:\/\/www.radiohorizonte.fm\/radio\/2023\/09\/29\/la-provincia-entrego-mas-de-500-anteojos-estudiantes-correntinos\/","name":"La Provincia entreg\u00f3 m\u00e1s de 500 anteojos a estudiantes correntinos - Horizonte","isPartOf":{"@id":"http:\/\/www.radiohorizonte.fm\/radio\/#website"},"primaryImageOfPage":{"@id":"http:\/\/www.radiohorizonte.fm\/radio\/2023\/09\/29\/la-provincia-entrego-mas-de-500-anteojos-estudiantes-correntinos\/#primaryimage"},"image":{"@id":"http:\/\/www.radiohorizonte.fm\/radio\/2023\/09\/29\/la-provincia-entrego-mas-de-500-anteojos-estudiantes-correntinos\/#primaryimage"},"thumbnailUrl":"http:\/\/www.radiohorizonte.fm\/radio\/wp-content\/uploads\/2023\/09\/imagen-50482.jpg","datePublished":"2023-09-29T14:57:08+00:00","breadcrumb":{"@id":"http:\/\/www.radiohorizonte.fm\/radio\/2023\/09\/29\/la-provincia-entrego-mas-de-500-anteojos-estudiantes-correntinos\/#breadcrumb"},"inLanguage":"es-AR","potentialAction":[{"@type":"ReadAction","target":["http:\/\/www.radiohorizonte.fm\/radio\/2023\/09\/29\/la-provincia-entrego-mas-de-500-anteojos-estudiantes-correntinos\/"]}]},{"@type":"ImageObject","inLanguage":"es-AR","@id":"http:\/\/www.radiohorizonte.fm\/radio\/2023\/09\/29\/la-provincia-entrego-mas-de-500-anteojos-estudiantes-correntinos\/#primaryimage","url":"http:\/\/www.radiohorizonte.fm\/radio\/wp-content\/uploads\/2023\/09\/imagen-50482.jpg","contentUrl":"http:\/\/www.radiohorizonte.fm\/radio\/wp-content\/uploads\/2023\/09\/imagen-50482.jpg","width":1086,"height":724},{"@type":"BreadcrumbList","@id":"http:\/\/www.radiohorizonte.fm\/radio\/2023\/09\/29\/la-provincia-entrego-mas-de-500-anteojos-estudiantes-correntinos\/#breadcrumb","itemListElement":[{"@type":"ListItem","position":1,"name":"Home","item":"http:\/\/www.radiohorizonte.fm\/radio\/"},{"@type":"ListItem","position":2,"name":"La Provincia entreg\u00f3 m\u00e1s de 500 anteojos a estudiantes correntinos"}]},{"@type":"WebSite","@id":"http:\/\/www.radiohorizonte.fm\/radio\/#website","url":"http:\/\/www.radiohorizonte.fm\/radio\/","name":"Horizonte","description":"Radio Horizonte 106.1 - Una radio de clasicos","publisher":{"@id":"http:\/\/www.radiohorizonte.fm\/radio\/#organization"},"potentialAction":[{"@type":"SearchAction","target":{"@type":"EntryPoint","urlTemplate":"http:\/\/www.radiohorizonte.fm\/radio\/?s={search_term_string}"},"query-input":{"@type":"PropertyValueSpecification","valueRequired":true,"valueName":"search_term_string"}}],"inLanguage":"es-AR"},{"@type":"Organization","@id":"http:\/\/www.radiohorizonte.fm\/radio\/#organization","name":"Horizonte","url":"http:\/\/www.radiohorizonte.fm\/radio\/","logo":{"@type":"ImageObject","inLanguage":"es-AR","@id":"http:\/\/www.radiohorizonte.fm\/radio\/#\/schema\/logo\/image\/","url":"http:\/\/www.radiohorizonte.fm\/radio\/wp-content\/uploads\/2025\/06\/Portada-FM-Horizonte_modelo-imagen-scaled.jpg","contentUrl":"http:\/\/www.radiohorizonte.fm\/radio\/wp-content\/uploads\/2025\/06\/Portada-FM-Horizonte_modelo-imagen-scaled.jpg","width":2560,"height":1056,"caption":"Horizonte"},"image":{"@id":"http:\/\/www.radiohorizonte.fm\/radio\/#\/schema\/logo\/image\/"},"sameAs":["http:\/\/www.facebook.com\/HORIZONTE106.1","https:\/\/x.com\/fmhorizonte1061"]},{"@type":"Person","@id":"http:\/\/www.radiohorizonte.fm\/radio\/#\/schema\/person\/f8fa003a405bb86729fd87d15d0ddafa","name":"Cristian Galarza","image":{"@type":"ImageObject","inLanguage":"es-AR","@id":"https:\/\/secure.gravatar.com\/avatar\/fad34bc2c773209c05d7d53b08a69b680eeb55f3be014e52b31643d20ab65925?s=96&d=mm&r=g","url":"https:\/\/secure.gravatar.com\/avatar\/fad34bc2c773209c05d7d53b08a69b680eeb55f3be014e52b31643d20ab65925?s=96&d=mm&r=g","contentUrl":"https:\/\/secure.gravatar.com\/avatar\/fad34bc2c773209c05d7d53b08a69b680eeb55f3be014e52b31643d20ab65925?s=96&d=mm&r=g","caption":"Cristian Galarza"},"url":"http:\/\/www.radiohorizonte.fm\/radio\/author\/cristian\/"}]}},"_links":{"self":[{"href":"http:\/\/www.radiohorizonte.fm\/radio\/wp-json\/wp\/v2\/posts\/42180","targetHints":{"allow":["GET"]}}],"collection":[{"href":"http:\/\/www.radiohorizonte.fm\/radio\/wp-json\/wp\/v2\/posts"}],"about":[{"href":"http:\/\/www.radiohorizonte.fm\/radio\/wp-json\/wp\/v2\/types\/post"}],"author":[{"embeddable":true,"href":"http:\/\/www.radiohorizonte.fm\/radio\/wp-json\/wp\/v2\/users\/2"}],"replies":[{"embeddable":true,"href":"http:\/\/www.radiohorizonte.fm\/radio\/wp-json\/wp\/v2\/comments?post=42180"}],"version-history":[{"count":1,"href":"http:\/\/www.radiohorizonte.fm\/radio\/wp-json\/wp\/v2\/posts\/42180\/revisions"}],"predecessor-version":[{"id":42182,"href":"http:\/\/www.radiohorizonte.fm\/radio\/wp-json\/wp\/v2\/posts\/42180\/revisions\/42182"}],"wp:featuredmedia":[{"embeddable":true,"href":"http:\/\/www.radiohorizonte.fm\/radio\/wp-json\/wp\/v2\/media\/42181"}],"wp:attachment":[{"href":"http:\/\/www.radiohorizonte.fm\/radio\/wp-json\/wp\/v2\/media?parent=42180"}],"wp:term":[{"taxonomy":"category","embeddable":true,"href":"http:\/\/www.radiohorizonte.fm\/radio\/wp-json\/wp\/v2\/categories?post=42180"},{"taxonomy":"post_tag","embeddable":true,"href":"http:\/\/www.radiohorizonte.fm\/radio\/wp-json\/wp\/v2\/tags?post=42180"}],"curies":[{"name":"wp","href":"https:\/\/api.w.org\/{rel}","templated":true}]}}