{"id":42187,"date":"2023-10-02T07:41:08","date_gmt":"2023-10-02T10:41:08","guid":{"rendered":"http:\/\/www.radiohorizonte.fm\/radio\/?p=42187"},"modified":"2023-10-02T07:41:08","modified_gmt":"2023-10-02T10:41:08","slug":"robaron-una-moto-y-cayeron-cuando-pretendian-venderla","status":"publish","type":"post","link":"http:\/\/www.radiohorizonte.fm\/radio\/2023\/10\/02\/robaron-una-moto-y-cayeron-cuando-pretendian-venderla\/","title":{"rendered":"Robaron una moto y cayeron cuando pretend\u00edan venderla"},"content":{"rendered":"<p>Dos ladrones cometieron el delito en una casa del capitalino barrio P\u00edo X. Detectives de la Direcci\u00f3n de Investigaci\u00f3n Criminal los sorprendieron apenas salieron de un escondite.<\/p>\n<p><img loading=\"lazy\" decoding=\"async\" class=\"alignnone size-full wp-image-42188\" src=\"http:\/\/www.radiohorizonte.fm\/radio\/wp-content\/uploads\/2023\/10\/1322801w762h417c.jpg.jpg\" alt=\"\" width=\"762\" height=\"417\" srcset=\"http:\/\/www.radiohorizonte.fm\/radio\/wp-content\/uploads\/2023\/10\/1322801w762h417c.jpg.jpg 762w, http:\/\/www.radiohorizonte.fm\/radio\/wp-content\/uploads\/2023\/10\/1322801w762h417c.jpg-300x164.jpg 300w, http:\/\/www.radiohorizonte.fm\/radio\/wp-content\/uploads\/2023\/10\/1322801w762h417c.jpg-65x36.jpg 65w, http:\/\/www.radiohorizonte.fm\/radio\/wp-content\/uploads\/2023\/10\/1322801w762h417c.jpg-320x175.jpg 320w, http:\/\/www.radiohorizonte.fm\/radio\/wp-content\/uploads\/2023\/10\/1322801w762h417c.jpg-85x47.jpg 85w, http:\/\/www.radiohorizonte.fm\/radio\/wp-content\/uploads\/2023\/10\/1322801w762h417c.jpg-220x120.jpg 220w, http:\/\/www.radiohorizonte.fm\/radio\/wp-content\/uploads\/2023\/10\/1322801w762h417c.jpg-90x49.jpg 90w\" sizes=\"auto, (max-width: 762px) 100vw, 762px\" \/><\/p>\n<p>Dos delincuentes que robaron una motocicleta y pretend\u00edan venderla fueron atrapados por la Polic\u00eda apenas salieron de una vivienda usada como escondite. El procedimiento con el recupero del veh\u00edculo sucedi\u00f3 en el barrio Progreso de la ciudad de Corrientes.<\/p>\n<p>Los involucrados en el il\u00edcito fueron identificados como Brian V., y Alberto M. B., seg\u00fan informaci\u00f3n brindada a \u00e9poca de fuentes de la pesquisa.<\/p>\n<div class=\"center medium m_image\">\n<figure><picture><source srcset=\"https:\/\/www.diarioepoca.com\/content\/bucket\/2\/1322802w380h396c.jpg.webp\" type=\"image\/webp\" media=\"(min-width: 640px)\" \/><source srcset=\"https:\/\/www.diarioepoca.com\/content\/bucket\/2\/1322802w440h458c.jpg.webp\" type=\"image\/webp\" media=\"(min-width: 300px)\" \/><source srcset=\"https:\/\/www.diarioepoca.com\/content\/bucket\/2\/1322802w380h396c.jpg\" media=\"(min-width: 300px)\" \/><img loading=\"lazy\" decoding=\"async\" class=\"pic\" src=\"https:\/\/www.diarioepoca.com\/content\/bucket\/2\/1322802w380h396c.jpg.webp\" alt=\"\" width=\"380\" height=\"396\" \/><\/picture><figcaption>ARROJARON LA MOTO EN INTENTO DE HUIR CORRIENDO.<\/figcaption><\/figure>\n<\/div>\n<p>La Direcci\u00f3n de Investigaci\u00f3n Criminal (DIC), a cargo del comisario mayor Marcos Navarro, descubri\u00f3 el escondite de ambos sujetos y luego de una larga espera pudo agarrarlos &#8220;con la prueba del delito entre sus manos&#8221;.<\/p>\n<p>Ambos sujetos intentaron evitar al operativo que los tom\u00f3 de sorpresa, pero no pudieron ir demasiado lejos. En una breve persecuci\u00f3n quedaron reducidos, esposados y posteriormente trasladados a la sede de la DIC.<\/p>\n<div class=\"center medium m_image\">\n<figure><picture><source srcset=\"https:\/\/www.diarioepoca.com\/content\/bucket\/3\/1322803w380h394c.jpg.webp\" type=\"image\/webp\" media=\"(min-width: 640px)\" \/><source srcset=\"https:\/\/www.diarioepoca.com\/content\/bucket\/3\/1322803w440h456c.jpg.webp\" type=\"image\/webp\" media=\"(min-width: 300px)\" \/><source srcset=\"https:\/\/www.diarioepoca.com\/content\/bucket\/3\/1322803w380h394c.jpg\" media=\"(min-width: 300px)\" \/><img loading=\"lazy\" decoding=\"async\" class=\"pic\" src=\"https:\/\/www.diarioepoca.com\/content\/bucket\/3\/1322803w380h394c.jpg.webp\" alt=\"\" width=\"380\" height=\"394\" \/><\/picture><figcaption>UNO DE ELLOS POSEE PRONTUARIO DE ROBOS Y HURTOS.<\/figcaption><\/figure>\n<\/div>\n<p>El martes 26 de septiembre el due\u00f1o de una Honda Wave blanca radic\u00f3 denuncia en la comisar\u00eda Duod\u00e9cima.<\/p>\n<p>Aquella persona dijo que el veh\u00edculo estaba en el interior de su vivienda y a la madrugada se produjo el robo.<\/p>\n<p>Personal de la DIC activ\u00f3 diversos trabajos hasta saber que una moto similar era ofrecida a la venta por gente de mal vivir.<\/p>\n<p>Poco a poco llegaron a establecer que la motocicleta estar\u00eda guardada en un domicilio cercano a la esquina de Paula Albarrac\u00edn y Jos\u00e9 Hern\u00e1ndez.<\/p>\n<p>De forma paciente vigilaron el lugar sin levantar sospechas hasta que anteayer, a eso de las 18:15, vieron salir a los sospechosos con el veh\u00edculo que reun\u00eda todas las caracter\u00edsticas al mencionado en la denuncia penal.<\/p>\n<p>En proceder aceitado ambos ladrones quedaron rodeados y detenidos.<\/p>\n","protected":false},"excerpt":{"rendered":"<div class=\"post-excerpt\"><p>Dos ladrones cometieron el delito en una casa del capitalino barrio P\u00edo X. Detectives de la Direcci\u00f3n de Investigaci\u00f3n Criminal los sorprendieron apenas salieron de un escondite. Dos delincuentes que robaron una motocicleta y pretend\u00edan venderla fueron atrapados por la Polic\u00eda apenas salieron de una vivienda usada como escondite. El procedimiento con el recupero del<\/p>\n<\/div>","protected":false},"author":2,"featured_media":42188,"comment_status":"closed","ping_status":"closed","sticky":false,"template":"","format":"standard","meta":{"_acf_changed":false,"footnotes":""},"categories":[2],"tags":[],"class_list":["post-42187","post","type-post","status-publish","format-standard","has-post-thumbnail","hentry","category-noticias"],"acf":[],"yoast_head":"<!-- This site is optimized with the Yoast SEO plugin v28.1 - https:\/\/yoast.com\/product\/yoast-seo-wordpress\/ -->\n<title>Robaron una moto y cayeron cuando pretend\u00edan venderla - Horizonte<\/title>\n<meta name=\"robots\" content=\"index, follow, max-snippet:-1, max-image-preview:large, max-video-preview:-1\" \/>\n<link rel=\"canonical\" href=\"http:\/\/www.radiohorizonte.fm\/radio\/2023\/10\/02\/robaron-una-moto-y-cayeron-cuando-pretendian-venderla\/\" \/>\n<meta property=\"og:locale\" content=\"es_ES\" \/>\n<meta property=\"og:type\" content=\"article\" \/>\n<meta property=\"og:title\" content=\"Robaron una moto y cayeron cuando pretend\u00edan venderla - Horizonte\" \/>\n<meta property=\"og:description\" content=\"Dos ladrones cometieron el delito en una casa del capitalino barrio P\u00edo X. Detectives de la Direcci\u00f3n de Investigaci\u00f3n Criminal los sorprendieron apenas salieron de un escondite. Dos delincuentes que robaron una motocicleta y pretend\u00edan venderla fueron atrapados por la Polic\u00eda apenas salieron de una vivienda usada como escondite. El procedimiento con el recupero del\" \/>\n<meta property=\"og:url\" content=\"http:\/\/www.radiohorizonte.fm\/radio\/2023\/10\/02\/robaron-una-moto-y-cayeron-cuando-pretendian-venderla\/\" \/>\n<meta property=\"og:site_name\" content=\"Horizonte\" \/>\n<meta property=\"article:publisher\" content=\"http:\/\/www.facebook.com\/HORIZONTE106.1\" \/>\n<meta property=\"article:published_time\" content=\"2023-10-02T10:41:08+00:00\" \/>\n<meta property=\"og:image\" content=\"http:\/\/www.radiohorizonte.fm\/radio\/wp-content\/uploads\/2023\/10\/1322801w762h417c.jpg.jpg\" \/>\n\t<meta property=\"og:image:width\" content=\"762\" \/>\n\t<meta property=\"og:image:height\" content=\"417\" \/>\n\t<meta property=\"og:image:type\" content=\"image\/jpeg\" \/>\n<meta name=\"author\" content=\"Cristian Galarza\" \/>\n<meta name=\"twitter:card\" content=\"summary_large_image\" \/>\n<meta name=\"twitter:creator\" content=\"@fmhorizonte1061\" \/>\n<meta name=\"twitter:site\" content=\"@fmhorizonte1061\" \/>\n<meta name=\"twitter:label1\" content=\"Escrito por\" \/>\n\t<meta name=\"twitter:data1\" content=\"Cristian Galarza\" \/>\n\t<meta name=\"twitter:label2\" content=\"Tiempo de lectura\" \/>\n\t<meta name=\"twitter:data2\" content=\"2 minutos\" \/>\n<script type=\"application\/ld+json\" class=\"yoast-schema-graph\">{\"@context\":\"https:\\\/\\\/schema.org\",\"@graph\":[{\"@type\":\"Article\",\"@id\":\"http:\\\/\\\/www.radiohorizonte.fm\\\/radio\\\/2023\\\/10\\\/02\\\/robaron-una-moto-y-cayeron-cuando-pretendian-venderla\\\/#article\",\"isPartOf\":{\"@id\":\"http:\\\/\\\/www.radiohorizonte.fm\\\/radio\\\/2023\\\/10\\\/02\\\/robaron-una-moto-y-cayeron-cuando-pretendian-venderla\\\/\"},\"author\":{\"name\":\"Cristian Galarza\",\"@id\":\"http:\\\/\\\/www.radiohorizonte.fm\\\/radio\\\/#\\\/schema\\\/person\\\/f8fa003a405bb86729fd87d15d0ddafa\"},\"headline\":\"Robaron una moto y cayeron cuando pretend\u00edan venderla\",\"datePublished\":\"2023-10-02T10:41:08+00:00\",\"mainEntityOfPage\":{\"@id\":\"http:\\\/\\\/www.radiohorizonte.fm\\\/radio\\\/2023\\\/10\\\/02\\\/robaron-una-moto-y-cayeron-cuando-pretendian-venderla\\\/\"},\"wordCount\":335,\"publisher\":{\"@id\":\"http:\\\/\\\/www.radiohorizonte.fm\\\/radio\\\/#organization\"},\"image\":{\"@id\":\"http:\\\/\\\/www.radiohorizonte.fm\\\/radio\\\/2023\\\/10\\\/02\\\/robaron-una-moto-y-cayeron-cuando-pretendian-venderla\\\/#primaryimage\"},\"thumbnailUrl\":\"http:\\\/\\\/www.radiohorizonte.fm\\\/radio\\\/wp-content\\\/uploads\\\/2023\\\/10\\\/1322801w762h417c.jpg.jpg\",\"articleSection\":[\"Noticias\"],\"inLanguage\":\"es-AR\"},{\"@type\":\"WebPage\",\"@id\":\"http:\\\/\\\/www.radiohorizonte.fm\\\/radio\\\/2023\\\/10\\\/02\\\/robaron-una-moto-y-cayeron-cuando-pretendian-venderla\\\/\",\"url\":\"http:\\\/\\\/www.radiohorizonte.fm\\\/radio\\\/2023\\\/10\\\/02\\\/robaron-una-moto-y-cayeron-cuando-pretendian-venderla\\\/\",\"name\":\"Robaron una moto y cayeron cuando pretend\u00edan venderla - Horizonte\",\"isPartOf\":{\"@id\":\"http:\\\/\\\/www.radiohorizonte.fm\\\/radio\\\/#website\"},\"primaryImageOfPage\":{\"@id\":\"http:\\\/\\\/www.radiohorizonte.fm\\\/radio\\\/2023\\\/10\\\/02\\\/robaron-una-moto-y-cayeron-cuando-pretendian-venderla\\\/#primaryimage\"},\"image\":{\"@id\":\"http:\\\/\\\/www.radiohorizonte.fm\\\/radio\\\/2023\\\/10\\\/02\\\/robaron-una-moto-y-cayeron-cuando-pretendian-venderla\\\/#primaryimage\"},\"thumbnailUrl\":\"http:\\\/\\\/www.radiohorizonte.fm\\\/radio\\\/wp-content\\\/uploads\\\/2023\\\/10\\\/1322801w762h417c.jpg.jpg\",\"datePublished\":\"2023-10-02T10:41:08+00:00\",\"breadcrumb\":{\"@id\":\"http:\\\/\\\/www.radiohorizonte.fm\\\/radio\\\/2023\\\/10\\\/02\\\/robaron-una-moto-y-cayeron-cuando-pretendian-venderla\\\/#breadcrumb\"},\"inLanguage\":\"es-AR\",\"potentialAction\":[{\"@type\":\"ReadAction\",\"target\":[\"http:\\\/\\\/www.radiohorizonte.fm\\\/radio\\\/2023\\\/10\\\/02\\\/robaron-una-moto-y-cayeron-cuando-pretendian-venderla\\\/\"]}]},{\"@type\":\"ImageObject\",\"inLanguage\":\"es-AR\",\"@id\":\"http:\\\/\\\/www.radiohorizonte.fm\\\/radio\\\/2023\\\/10\\\/02\\\/robaron-una-moto-y-cayeron-cuando-pretendian-venderla\\\/#primaryimage\",\"url\":\"http:\\\/\\\/www.radiohorizonte.fm\\\/radio\\\/wp-content\\\/uploads\\\/2023\\\/10\\\/1322801w762h417c.jpg.jpg\",\"contentUrl\":\"http:\\\/\\\/www.radiohorizonte.fm\\\/radio\\\/wp-content\\\/uploads\\\/2023\\\/10\\\/1322801w762h417c.jpg.jpg\",\"width\":762,\"height\":417},{\"@type\":\"BreadcrumbList\",\"@id\":\"http:\\\/\\\/www.radiohorizonte.fm\\\/radio\\\/2023\\\/10\\\/02\\\/robaron-una-moto-y-cayeron-cuando-pretendian-venderla\\\/#breadcrumb\",\"itemListElement\":[{\"@type\":\"ListItem\",\"position\":1,\"name\":\"Home\",\"item\":\"http:\\\/\\\/www.radiohorizonte.fm\\\/radio\\\/\"},{\"@type\":\"ListItem\",\"position\":2,\"name\":\"Robaron una moto y cayeron cuando pretend\u00edan venderla\"}]},{\"@type\":\"WebSite\",\"@id\":\"http:\\\/\\\/www.radiohorizonte.fm\\\/radio\\\/#website\",\"url\":\"http:\\\/\\\/www.radiohorizonte.fm\\\/radio\\\/\",\"name\":\"Horizonte\",\"description\":\"Radio Horizonte 106.1 - Una radio de clasicos\",\"publisher\":{\"@id\":\"http:\\\/\\\/www.radiohorizonte.fm\\\/radio\\\/#organization\"},\"potentialAction\":[{\"@type\":\"SearchAction\",\"target\":{\"@type\":\"EntryPoint\",\"urlTemplate\":\"http:\\\/\\\/www.radiohorizonte.fm\\\/radio\\\/?s={search_term_string}\"},\"query-input\":{\"@type\":\"PropertyValueSpecification\",\"valueRequired\":true,\"valueName\":\"search_term_string\"}}],\"inLanguage\":\"es-AR\"},{\"@type\":\"Organization\",\"@id\":\"http:\\\/\\\/www.radiohorizonte.fm\\\/radio\\\/#organization\",\"name\":\"Horizonte\",\"url\":\"http:\\\/\\\/www.radiohorizonte.fm\\\/radio\\\/\",\"logo\":{\"@type\":\"ImageObject\",\"inLanguage\":\"es-AR\",\"@id\":\"http:\\\/\\\/www.radiohorizonte.fm\\\/radio\\\/#\\\/schema\\\/logo\\\/image\\\/\",\"url\":\"http:\\\/\\\/www.radiohorizonte.fm\\\/radio\\\/wp-content\\\/uploads\\\/2025\\\/06\\\/Portada-FM-Horizonte_modelo-imagen-scaled.jpg\",\"contentUrl\":\"http:\\\/\\\/www.radiohorizonte.fm\\\/radio\\\/wp-content\\\/uploads\\\/2025\\\/06\\\/Portada-FM-Horizonte_modelo-imagen-scaled.jpg\",\"width\":2560,\"height\":1056,\"caption\":\"Horizonte\"},\"image\":{\"@id\":\"http:\\\/\\\/www.radiohorizonte.fm\\\/radio\\\/#\\\/schema\\\/logo\\\/image\\\/\"},\"sameAs\":[\"http:\\\/\\\/www.facebook.com\\\/HORIZONTE106.1\",\"https:\\\/\\\/x.com\\\/fmhorizonte1061\"]},{\"@type\":\"Person\",\"@id\":\"http:\\\/\\\/www.radiohorizonte.fm\\\/radio\\\/#\\\/schema\\\/person\\\/f8fa003a405bb86729fd87d15d0ddafa\",\"name\":\"Cristian Galarza\",\"image\":{\"@type\":\"ImageObject\",\"inLanguage\":\"es-AR\",\"@id\":\"https:\\\/\\\/secure.gravatar.com\\\/avatar\\\/fad34bc2c773209c05d7d53b08a69b680eeb55f3be014e52b31643d20ab65925?s=96&d=mm&r=g\",\"url\":\"https:\\\/\\\/secure.gravatar.com\\\/avatar\\\/fad34bc2c773209c05d7d53b08a69b680eeb55f3be014e52b31643d20ab65925?s=96&d=mm&r=g\",\"contentUrl\":\"https:\\\/\\\/secure.gravatar.com\\\/avatar\\\/fad34bc2c773209c05d7d53b08a69b680eeb55f3be014e52b31643d20ab65925?s=96&d=mm&r=g\",\"caption\":\"Cristian Galarza\"},\"url\":\"http:\\\/\\\/www.radiohorizonte.fm\\\/radio\\\/author\\\/cristian\\\/\"}]}<\/script>\n<!-- \/ Yoast SEO plugin. -->","yoast_head_json":{"title":"Robaron una moto y cayeron cuando pretend\u00edan venderla - Horizonte","robots":{"index":"index","follow":"follow","max-snippet":"max-snippet:-1","max-image-preview":"max-image-preview:large","max-video-preview":"max-video-preview:-1"},"canonical":"http:\/\/www.radiohorizonte.fm\/radio\/2023\/10\/02\/robaron-una-moto-y-cayeron-cuando-pretendian-venderla\/","og_locale":"es_ES","og_type":"article","og_title":"Robaron una moto y cayeron cuando pretend\u00edan venderla - Horizonte","og_description":"Dos ladrones cometieron el delito en una casa del capitalino barrio P\u00edo X. Detectives de la Direcci\u00f3n de Investigaci\u00f3n Criminal los sorprendieron apenas salieron de un escondite. Dos delincuentes que robaron una motocicleta y pretend\u00edan venderla fueron atrapados por la Polic\u00eda apenas salieron de una vivienda usada como escondite. El procedimiento con el recupero del","og_url":"http:\/\/www.radiohorizonte.fm\/radio\/2023\/10\/02\/robaron-una-moto-y-cayeron-cuando-pretendian-venderla\/","og_site_name":"Horizonte","article_publisher":"http:\/\/www.facebook.com\/HORIZONTE106.1","article_published_time":"2023-10-02T10:41:08+00:00","og_image":[{"width":762,"height":417,"url":"http:\/\/www.radiohorizonte.fm\/radio\/wp-content\/uploads\/2023\/10\/1322801w762h417c.jpg.jpg","type":"image\/jpeg"}],"author":"Cristian Galarza","twitter_card":"summary_large_image","twitter_creator":"@fmhorizonte1061","twitter_site":"@fmhorizonte1061","twitter_misc":{"Escrito por":"Cristian Galarza","Tiempo de lectura":"2 minutos"},"schema":{"@context":"https:\/\/schema.org","@graph":[{"@type":"Article","@id":"http:\/\/www.radiohorizonte.fm\/radio\/2023\/10\/02\/robaron-una-moto-y-cayeron-cuando-pretendian-venderla\/#article","isPartOf":{"@id":"http:\/\/www.radiohorizonte.fm\/radio\/2023\/10\/02\/robaron-una-moto-y-cayeron-cuando-pretendian-venderla\/"},"author":{"name":"Cristian Galarza","@id":"http:\/\/www.radiohorizonte.fm\/radio\/#\/schema\/person\/f8fa003a405bb86729fd87d15d0ddafa"},"headline":"Robaron una moto y cayeron cuando pretend\u00edan venderla","datePublished":"2023-10-02T10:41:08+00:00","mainEntityOfPage":{"@id":"http:\/\/www.radiohorizonte.fm\/radio\/2023\/10\/02\/robaron-una-moto-y-cayeron-cuando-pretendian-venderla\/"},"wordCount":335,"publisher":{"@id":"http:\/\/www.radiohorizonte.fm\/radio\/#organization"},"image":{"@id":"http:\/\/www.radiohorizonte.fm\/radio\/2023\/10\/02\/robaron-una-moto-y-cayeron-cuando-pretendian-venderla\/#primaryimage"},"thumbnailUrl":"http:\/\/www.radiohorizonte.fm\/radio\/wp-content\/uploads\/2023\/10\/1322801w762h417c.jpg.jpg","articleSection":["Noticias"],"inLanguage":"es-AR"},{"@type":"WebPage","@id":"http:\/\/www.radiohorizonte.fm\/radio\/2023\/10\/02\/robaron-una-moto-y-cayeron-cuando-pretendian-venderla\/","url":"http:\/\/www.radiohorizonte.fm\/radio\/2023\/10\/02\/robaron-una-moto-y-cayeron-cuando-pretendian-venderla\/","name":"Robaron una moto y cayeron cuando pretend\u00edan venderla - Horizonte","isPartOf":{"@id":"http:\/\/www.radiohorizonte.fm\/radio\/#website"},"primaryImageOfPage":{"@id":"http:\/\/www.radiohorizonte.fm\/radio\/2023\/10\/02\/robaron-una-moto-y-cayeron-cuando-pretendian-venderla\/#primaryimage"},"image":{"@id":"http:\/\/www.radiohorizonte.fm\/radio\/2023\/10\/02\/robaron-una-moto-y-cayeron-cuando-pretendian-venderla\/#primaryimage"},"thumbnailUrl":"http:\/\/www.radiohorizonte.fm\/radio\/wp-content\/uploads\/2023\/10\/1322801w762h417c.jpg.jpg","datePublished":"2023-10-02T10:41:08+00:00","breadcrumb":{"@id":"http:\/\/www.radiohorizonte.fm\/radio\/2023\/10\/02\/robaron-una-moto-y-cayeron-cuando-pretendian-venderla\/#breadcrumb"},"inLanguage":"es-AR","potentialAction":[{"@type":"ReadAction","target":["http:\/\/www.radiohorizonte.fm\/radio\/2023\/10\/02\/robaron-una-moto-y-cayeron-cuando-pretendian-venderla\/"]}]},{"@type":"ImageObject","inLanguage":"es-AR","@id":"http:\/\/www.radiohorizonte.fm\/radio\/2023\/10\/02\/robaron-una-moto-y-cayeron-cuando-pretendian-venderla\/#primaryimage","url":"http:\/\/www.radiohorizonte.fm\/radio\/wp-content\/uploads\/2023\/10\/1322801w762h417c.jpg.jpg","contentUrl":"http:\/\/www.radiohorizonte.fm\/radio\/wp-content\/uploads\/2023\/10\/1322801w762h417c.jpg.jpg","width":762,"height":417},{"@type":"BreadcrumbList","@id":"http:\/\/www.radiohorizonte.fm\/radio\/2023\/10\/02\/robaron-una-moto-y-cayeron-cuando-pretendian-venderla\/#breadcrumb","itemListElement":[{"@type":"ListItem","position":1,"name":"Home","item":"http:\/\/www.radiohorizonte.fm\/radio\/"},{"@type":"ListItem","position":2,"name":"Robaron una moto y cayeron cuando pretend\u00edan venderla"}]},{"@type":"WebSite","@id":"http:\/\/www.radiohorizonte.fm\/radio\/#website","url":"http:\/\/www.radiohorizonte.fm\/radio\/","name":"Horizonte","description":"Radio Horizonte 106.1 - Una radio de clasicos","publisher":{"@id":"http:\/\/www.radiohorizonte.fm\/radio\/#organization"},"potentialAction":[{"@type":"SearchAction","target":{"@type":"EntryPoint","urlTemplate":"http:\/\/www.radiohorizonte.fm\/radio\/?s={search_term_string}"},"query-input":{"@type":"PropertyValueSpecification","valueRequired":true,"valueName":"search_term_string"}}],"inLanguage":"es-AR"},{"@type":"Organization","@id":"http:\/\/www.radiohorizonte.fm\/radio\/#organization","name":"Horizonte","url":"http:\/\/www.radiohorizonte.fm\/radio\/","logo":{"@type":"ImageObject","inLanguage":"es-AR","@id":"http:\/\/www.radiohorizonte.fm\/radio\/#\/schema\/logo\/image\/","url":"http:\/\/www.radiohorizonte.fm\/radio\/wp-content\/uploads\/2025\/06\/Portada-FM-Horizonte_modelo-imagen-scaled.jpg","contentUrl":"http:\/\/www.radiohorizonte.fm\/radio\/wp-content\/uploads\/2025\/06\/Portada-FM-Horizonte_modelo-imagen-scaled.jpg","width":2560,"height":1056,"caption":"Horizonte"},"image":{"@id":"http:\/\/www.radiohorizonte.fm\/radio\/#\/schema\/logo\/image\/"},"sameAs":["http:\/\/www.facebook.com\/HORIZONTE106.1","https:\/\/x.com\/fmhorizonte1061"]},{"@type":"Person","@id":"http:\/\/www.radiohorizonte.fm\/radio\/#\/schema\/person\/f8fa003a405bb86729fd87d15d0ddafa","name":"Cristian Galarza","image":{"@type":"ImageObject","inLanguage":"es-AR","@id":"https:\/\/secure.gravatar.com\/avatar\/fad34bc2c773209c05d7d53b08a69b680eeb55f3be014e52b31643d20ab65925?s=96&d=mm&r=g","url":"https:\/\/secure.gravatar.com\/avatar\/fad34bc2c773209c05d7d53b08a69b680eeb55f3be014e52b31643d20ab65925?s=96&d=mm&r=g","contentUrl":"https:\/\/secure.gravatar.com\/avatar\/fad34bc2c773209c05d7d53b08a69b680eeb55f3be014e52b31643d20ab65925?s=96&d=mm&r=g","caption":"Cristian Galarza"},"url":"http:\/\/www.radiohorizonte.fm\/radio\/author\/cristian\/"}]}},"_links":{"self":[{"href":"http:\/\/www.radiohorizonte.fm\/radio\/wp-json\/wp\/v2\/posts\/42187","targetHints":{"allow":["GET"]}}],"collection":[{"href":"http:\/\/www.radiohorizonte.fm\/radio\/wp-json\/wp\/v2\/posts"}],"about":[{"href":"http:\/\/www.radiohorizonte.fm\/radio\/wp-json\/wp\/v2\/types\/post"}],"author":[{"embeddable":true,"href":"http:\/\/www.radiohorizonte.fm\/radio\/wp-json\/wp\/v2\/users\/2"}],"replies":[{"embeddable":true,"href":"http:\/\/www.radiohorizonte.fm\/radio\/wp-json\/wp\/v2\/comments?post=42187"}],"version-history":[{"count":1,"href":"http:\/\/www.radiohorizonte.fm\/radio\/wp-json\/wp\/v2\/posts\/42187\/revisions"}],"predecessor-version":[{"id":42189,"href":"http:\/\/www.radiohorizonte.fm\/radio\/wp-json\/wp\/v2\/posts\/42187\/revisions\/42189"}],"wp:featuredmedia":[{"embeddable":true,"href":"http:\/\/www.radiohorizonte.fm\/radio\/wp-json\/wp\/v2\/media\/42188"}],"wp:attachment":[{"href":"http:\/\/www.radiohorizonte.fm\/radio\/wp-json\/wp\/v2\/media?parent=42187"}],"wp:term":[{"taxonomy":"category","embeddable":true,"href":"http:\/\/www.radiohorizonte.fm\/radio\/wp-json\/wp\/v2\/categories?post=42187"},{"taxonomy":"post_tag","embeddable":true,"href":"http:\/\/www.radiohorizonte.fm\/radio\/wp-json\/wp\/v2\/tags?post=42187"}],"curies":[{"name":"wp","href":"https:\/\/api.w.org\/{rel}","templated":true}]}}