{"id":42190,"date":"2023-10-02T07:47:58","date_gmt":"2023-10-02T10:47:58","guid":{"rendered":"http:\/\/www.radiohorizonte.fm\/radio\/?p=42190"},"modified":"2023-10-02T07:47:58","modified_gmt":"2023-10-02T10:47:58","slug":"con-un-grito-de-identidad-corrientes-invito-al-pais-la-33a-fiesta-nacional-del-chamame","status":"publish","type":"post","link":"http:\/\/www.radiohorizonte.fm\/radio\/2023\/10\/02\/con-un-grito-de-identidad-corrientes-invito-al-pais-la-33a-fiesta-nacional-del-chamame\/","title":{"rendered":"Con \u201cUn grito de identidad\u201d, Corrientes invit\u00f3 al pa\u00eds a la 33\u00aa Fiesta Nacional del Chamam\u00e9"},"content":{"rendered":"<div dir=\"auto\">La celebraci\u00f3n cultural m\u00e1s importante de Corrientes se present\u00f3 hoy a la tarde en la Feria Internacional del Turismo (FIT), el evento m\u00e1s convocante del sector en Am\u00e9rica Latina que se desarrolla en el predio de La Rural de Palermo, en Buenos Aires.<\/div>\n<div dir=\"auto\"><img loading=\"lazy\" decoding=\"async\" class=\"alignnone size-full wp-image-42191\" src=\"http:\/\/www.radiohorizonte.fm\/radio\/wp-content\/uploads\/2023\/10\/FB_IMG_1696205791580.jpg\" alt=\"\" width=\"960\" height=\"720\" srcset=\"http:\/\/www.radiohorizonte.fm\/radio\/wp-content\/uploads\/2023\/10\/FB_IMG_1696205791580.jpg 960w, http:\/\/www.radiohorizonte.fm\/radio\/wp-content\/uploads\/2023\/10\/FB_IMG_1696205791580-300x225.jpg 300w, http:\/\/www.radiohorizonte.fm\/radio\/wp-content\/uploads\/2023\/10\/FB_IMG_1696205791580-768x576.jpg 768w, http:\/\/www.radiohorizonte.fm\/radio\/wp-content\/uploads\/2023\/10\/FB_IMG_1696205791580-65x49.jpg 65w, http:\/\/www.radiohorizonte.fm\/radio\/wp-content\/uploads\/2023\/10\/FB_IMG_1696205791580-267x200.jpg 267w, http:\/\/www.radiohorizonte.fm\/radio\/wp-content\/uploads\/2023\/10\/FB_IMG_1696205791580-85x64.jpg 85w, http:\/\/www.radiohorizonte.fm\/radio\/wp-content\/uploads\/2023\/10\/FB_IMG_1696205791580-167x125.jpg 167w, http:\/\/www.radiohorizonte.fm\/radio\/wp-content\/uploads\/2023\/10\/FB_IMG_1696205791580-90x68.jpg 90w\" sizes=\"auto, (max-width: 960px) 100vw, 960px\" \/><\/div>\n<div dir=\"auto\"><\/div>\n<div dir=\"auto\">Con m\u00fasica, danza y un acto oficial, el Gobierno de la Provincia, a trav\u00e9s del Instituto de Cultura y en conjunto con el Ministerio de Turismo, realiz\u00f3 la invitaci\u00f3n al pa\u00eds y al mundo a la 33\u00aa Fiesta Nacional del Chamam\u00e9, 19\u00aa Fiesta del Mercosur y 3\u00aa Celebraci\u00f3n Mundial, a realizarse del 12 al 21 de enero del 2024, para toda la Naci\u00f3n Chamamecera.<\/div>\n<div dir=\"auto\"><\/div>\n<div dir=\"auto\">M\u00daSICA Y DANZA<\/div>\n<div dir=\"auto\">La primera actividad de promoci\u00f3n se llev\u00f3 adelante en el escenario exterior de la FIT. All\u00ed, de la mano de Exequiel Fern\u00e1ndez y su conjunto, la Pareja Nacional del Chamam\u00e9: Chantal Ivone Piazza y Nicol\u00e1s Cristian Leiva, y parejas invitadas de la Casa de Corrientes en Buenos Aires, se arm\u00f3 una verdadera bailanta chamamecera, de la que se animaron a participar muchos de los presentes.<\/div>\n<div dir=\"auto\"><\/div>\n<div dir=\"auto\">El m\u00fasico nacido en Curuz\u00fa Cuati\u00e1 deleit\u00f3 con un repertorio al mejor estilo tarragosero, y seguidamente se traslad\u00f3 la Stand de Corrientes, donde tambi\u00e9n invit\u00f3 a bailar a todos.<\/div>\n<div dir=\"auto\"><\/div>\n<div dir=\"auto\">PATRIMONIO<\/div>\n<div dir=\"auto\">Luego, en el auditorio, las autoridades provinciales llevaron adelante la presentaci\u00f3n oficial y la presentaci\u00f3n del Trailer Oficial.<\/div>\n<div dir=\"auto\"><\/div>\n<div dir=\"auto\">El presidente del Instituto de Cultura, Arq. Gabriel Romero, destac\u00f3: \u201cEstamos trabajando con un Patrimonio de la Humanidad que identifica no solamente a Corrientes, sino a una regi\u00f3n que integra Paraguay y Brasil. En los \u00faltimos a\u00f1os, con un gran compromiso del Gobierno provincial, venimos trabajando en esta proyecci\u00f3n no solamente nacional sino tambi\u00e9n internacional. La Fiesta tiene m\u00e1s de 10 mil personas por noche, pero tiene un potencial de televisaci\u00f3n de m\u00e1s de 5 millones de personas, si tenemos en cuenta que se transmite en vivo para Brasil y Paraguay, y a trav\u00e9s de las plataformas a todo el mundo\u201d.<\/div>\n<div dir=\"auto\"><\/div>\n<div dir=\"auto\">Anticip\u00f3 adem\u00e1s que \u201cla Fiesta se va a realizar del 12 al 21 de enero, y estamos trabajando en una grilla muy amplia y variada, justamente por esta proyecci\u00f3n, ayer estuvimos trabajando para la presencia que nos interesa much\u00edsimo de Richard Sc\u00f3fano, que es correntino y vive en Chicago y est\u00e1 actualmente desarrollando m\u00fasica de c\u00e1mara con una exquisitez y calidad. De eso se trata, que la Fiesta pueda tener la riqueza y la novedad de Richard Sc\u00f3fano, pero tambi\u00e9n el valor de m\u00fasicos populares, artistas tradicionales y del mismo modo a la renovaci\u00f3n. Esto hace a la gran riqueza que tiene la Fiesta\u201d.<\/div>\n<div dir=\"auto\">\u201cAdem\u00e1s de los que pasa en el anfiteatro Cocomarola, son 10 jornadas donde tambi\u00e9n con el Ministerio de Turismo venimos fortaleciendo otros destinos que quedan cerca de la Capital, para que la gente se pueda acercar y pueda disfrutar de las bailantas, la gastronom\u00eda y las artesan\u00edas, que se desarrollan en San Cosme, El Sombrero, Santa Ana, Riachuelo, Paso de la Patria, Empedrado. Estamos generando desde el turismo y la cultura. Los invitamos con los brazos abiertos\u201d, finaliz\u00f3.<\/div>\n<div dir=\"auto\"><\/div>\n<div dir=\"auto\">PATRIMONIO NATURAL Y CULTURAL<\/div>\n<div dir=\"auto\">Por su parte, la ministra de Turismo Alejandra Eliciri, comenz\u00f3 se\u00f1alando que la Fiesta del Chamam\u00e9 es uno de los principales productos que se promociona todo el a\u00f1o, &#8220;es un emblema de la provincia y algo que nos identifica&#8221;.<\/div>\n<div dir=\"auto\"><\/div>\n<div dir=\"auto\">&#8220;La provincia es rica en su recurso natural pero tambi\u00e9n en su patrimonio cultural&#8221;, agreg\u00f3.<\/div>\n<div dir=\"auto\"><\/div>\n<div dir=\"auto\">GRITO DE IDENTIDAD<\/div>\n<div dir=\"auto\">El director general de la Fiesta, Eduardo S\u00edvori, subray\u00f3 tambi\u00e9n el origen multi\u00e9tnico del chamame, &#8220;de la gran regi\u00f3n guaran\u00edtica&#8221; con fuerte presencia en todo el sur de Brasil, Paraguay, adem\u00e1s del componente africano y el europeo.<\/div>\n<div dir=\"auto\"><\/div>\n<div dir=\"auto\">&#8220;Los \u00faltimos a\u00f1os, la Fiesta ha tenido distintos lemas, Universo Chamam\u00e9 fue uno de los primeros y lo destac\u00f3 porque cuando se habla del chamam\u00e9 muchas veces se piensa en esa musiquita, ese bailecito, pero esto es lo que asoma, por debajo subyace la cultura chamamecera, nuestras costumbres, mitos y leyendas, sin dudas, se trata de una de las expresiones art\u00edsticas m\u00e1s viscerales del pa\u00eds&#8221;, expres\u00f3.<\/div>\n<div dir=\"auto\"><\/div>\n<div dir=\"auto\">Sobre el lema de este a\u00f1o, Grito de Identidad, explic\u00f3 &#8220;de inmediato uno piensa en el sapucay, pero tambi\u00e9n el baile es un grito expresivo, nuestras comidas, nuestras tradiciones, todo eso es un grito de esa enorme identidad que tenemos&#8221;, cerr\u00f3.<\/div>\n","protected":false},"excerpt":{"rendered":"<div class=\"post-excerpt\"><p>La celebraci\u00f3n cultural m\u00e1s importante de Corrientes se present\u00f3 hoy a la tarde en la Feria Internacional del Turismo (FIT), el evento m\u00e1s convocante del sector en Am\u00e9rica Latina que se desarrolla en el predio de La Rural de Palermo, en Buenos Aires. Con m\u00fasica, danza y un acto oficial, el Gobierno de la Provincia,<\/p>\n<\/div>","protected":false},"author":2,"featured_media":42191,"comment_status":"closed","ping_status":"closed","sticky":false,"template":"","format":"standard","meta":{"_acf_changed":false,"footnotes":""},"categories":[2],"tags":[],"class_list":["post-42190","post","type-post","status-publish","format-standard","has-post-thumbnail","hentry","category-noticias"],"acf":[],"yoast_head":"<!-- This site is optimized with the Yoast SEO plugin v28.1 - https:\/\/yoast.com\/product\/yoast-seo-wordpress\/ -->\n<title>Con \u201cUn grito de identidad\u201d, Corrientes invit\u00f3 al pa\u00eds a la 33\u00aa Fiesta Nacional del Chamam\u00e9 - Horizonte<\/title>\n<meta name=\"robots\" content=\"index, follow, max-snippet:-1, max-image-preview:large, max-video-preview:-1\" \/>\n<link rel=\"canonical\" href=\"http:\/\/www.radiohorizonte.fm\/radio\/2023\/10\/02\/con-un-grito-de-identidad-corrientes-invito-al-pais-la-33a-fiesta-nacional-del-chamame\/\" \/>\n<meta property=\"og:locale\" content=\"es_ES\" \/>\n<meta property=\"og:type\" content=\"article\" \/>\n<meta property=\"og:title\" content=\"Con \u201cUn grito de identidad\u201d, Corrientes invit\u00f3 al pa\u00eds a la 33\u00aa Fiesta Nacional del Chamam\u00e9 - Horizonte\" \/>\n<meta property=\"og:description\" content=\"La celebraci\u00f3n cultural m\u00e1s importante de Corrientes se present\u00f3 hoy a la tarde en la Feria Internacional del Turismo (FIT), el evento m\u00e1s convocante del sector en Am\u00e9rica Latina que se desarrolla en el predio de La Rural de Palermo, en Buenos Aires. Con m\u00fasica, danza y un acto oficial, el Gobierno de la Provincia,\" \/>\n<meta property=\"og:url\" content=\"http:\/\/www.radiohorizonte.fm\/radio\/2023\/10\/02\/con-un-grito-de-identidad-corrientes-invito-al-pais-la-33a-fiesta-nacional-del-chamame\/\" \/>\n<meta property=\"og:site_name\" content=\"Horizonte\" \/>\n<meta property=\"article:publisher\" content=\"http:\/\/www.facebook.com\/HORIZONTE106.1\" \/>\n<meta property=\"article:published_time\" content=\"2023-10-02T10:47:58+00:00\" \/>\n<meta property=\"og:image\" content=\"http:\/\/www.radiohorizonte.fm\/radio\/wp-content\/uploads\/2023\/10\/FB_IMG_1696205791580.jpg\" \/>\n\t<meta property=\"og:image:width\" content=\"960\" \/>\n\t<meta property=\"og:image:height\" content=\"720\" \/>\n\t<meta property=\"og:image:type\" content=\"image\/jpeg\" \/>\n<meta name=\"author\" content=\"Cristian Galarza\" \/>\n<meta name=\"twitter:card\" content=\"summary_large_image\" \/>\n<meta name=\"twitter:creator\" content=\"@fmhorizonte1061\" \/>\n<meta name=\"twitter:site\" content=\"@fmhorizonte1061\" \/>\n<meta name=\"twitter:label1\" content=\"Escrito por\" \/>\n\t<meta name=\"twitter:data1\" content=\"Cristian Galarza\" \/>\n\t<meta name=\"twitter:label2\" content=\"Tiempo de lectura\" \/>\n\t<meta name=\"twitter:data2\" content=\"4 minutos\" \/>\n<script type=\"application\/ld+json\" class=\"yoast-schema-graph\">{\"@context\":\"https:\\\/\\\/schema.org\",\"@graph\":[{\"@type\":\"Article\",\"@id\":\"http:\\\/\\\/www.radiohorizonte.fm\\\/radio\\\/2023\\\/10\\\/02\\\/con-un-grito-de-identidad-corrientes-invito-al-pais-la-33a-fiesta-nacional-del-chamame\\\/#article\",\"isPartOf\":{\"@id\":\"http:\\\/\\\/www.radiohorizonte.fm\\\/radio\\\/2023\\\/10\\\/02\\\/con-un-grito-de-identidad-corrientes-invito-al-pais-la-33a-fiesta-nacional-del-chamame\\\/\"},\"author\":{\"name\":\"Cristian Galarza\",\"@id\":\"http:\\\/\\\/www.radiohorizonte.fm\\\/radio\\\/#\\\/schema\\\/person\\\/f8fa003a405bb86729fd87d15d0ddafa\"},\"headline\":\"Con \u201cUn grito de identidad\u201d, Corrientes invit\u00f3 al pa\u00eds a la 33\u00aa Fiesta Nacional del Chamam\u00e9\",\"datePublished\":\"2023-10-02T10:47:58+00:00\",\"mainEntityOfPage\":{\"@id\":\"http:\\\/\\\/www.radiohorizonte.fm\\\/radio\\\/2023\\\/10\\\/02\\\/con-un-grito-de-identidad-corrientes-invito-al-pais-la-33a-fiesta-nacional-del-chamame\\\/\"},\"wordCount\":771,\"publisher\":{\"@id\":\"http:\\\/\\\/www.radiohorizonte.fm\\\/radio\\\/#organization\"},\"image\":{\"@id\":\"http:\\\/\\\/www.radiohorizonte.fm\\\/radio\\\/2023\\\/10\\\/02\\\/con-un-grito-de-identidad-corrientes-invito-al-pais-la-33a-fiesta-nacional-del-chamame\\\/#primaryimage\"},\"thumbnailUrl\":\"http:\\\/\\\/www.radiohorizonte.fm\\\/radio\\\/wp-content\\\/uploads\\\/2023\\\/10\\\/FB_IMG_1696205791580.jpg\",\"articleSection\":[\"Noticias\"],\"inLanguage\":\"es-AR\"},{\"@type\":\"WebPage\",\"@id\":\"http:\\\/\\\/www.radiohorizonte.fm\\\/radio\\\/2023\\\/10\\\/02\\\/con-un-grito-de-identidad-corrientes-invito-al-pais-la-33a-fiesta-nacional-del-chamame\\\/\",\"url\":\"http:\\\/\\\/www.radiohorizonte.fm\\\/radio\\\/2023\\\/10\\\/02\\\/con-un-grito-de-identidad-corrientes-invito-al-pais-la-33a-fiesta-nacional-del-chamame\\\/\",\"name\":\"Con \u201cUn grito de identidad\u201d, Corrientes invit\u00f3 al pa\u00eds a la 33\u00aa Fiesta Nacional del Chamam\u00e9 - Horizonte\",\"isPartOf\":{\"@id\":\"http:\\\/\\\/www.radiohorizonte.fm\\\/radio\\\/#website\"},\"primaryImageOfPage\":{\"@id\":\"http:\\\/\\\/www.radiohorizonte.fm\\\/radio\\\/2023\\\/10\\\/02\\\/con-un-grito-de-identidad-corrientes-invito-al-pais-la-33a-fiesta-nacional-del-chamame\\\/#primaryimage\"},\"image\":{\"@id\":\"http:\\\/\\\/www.radiohorizonte.fm\\\/radio\\\/2023\\\/10\\\/02\\\/con-un-grito-de-identidad-corrientes-invito-al-pais-la-33a-fiesta-nacional-del-chamame\\\/#primaryimage\"},\"thumbnailUrl\":\"http:\\\/\\\/www.radiohorizonte.fm\\\/radio\\\/wp-content\\\/uploads\\\/2023\\\/10\\\/FB_IMG_1696205791580.jpg\",\"datePublished\":\"2023-10-02T10:47:58+00:00\",\"breadcrumb\":{\"@id\":\"http:\\\/\\\/www.radiohorizonte.fm\\\/radio\\\/2023\\\/10\\\/02\\\/con-un-grito-de-identidad-corrientes-invito-al-pais-la-33a-fiesta-nacional-del-chamame\\\/#breadcrumb\"},\"inLanguage\":\"es-AR\",\"potentialAction\":[{\"@type\":\"ReadAction\",\"target\":[\"http:\\\/\\\/www.radiohorizonte.fm\\\/radio\\\/2023\\\/10\\\/02\\\/con-un-grito-de-identidad-corrientes-invito-al-pais-la-33a-fiesta-nacional-del-chamame\\\/\"]}]},{\"@type\":\"ImageObject\",\"inLanguage\":\"es-AR\",\"@id\":\"http:\\\/\\\/www.radiohorizonte.fm\\\/radio\\\/2023\\\/10\\\/02\\\/con-un-grito-de-identidad-corrientes-invito-al-pais-la-33a-fiesta-nacional-del-chamame\\\/#primaryimage\",\"url\":\"http:\\\/\\\/www.radiohorizonte.fm\\\/radio\\\/wp-content\\\/uploads\\\/2023\\\/10\\\/FB_IMG_1696205791580.jpg\",\"contentUrl\":\"http:\\\/\\\/www.radiohorizonte.fm\\\/radio\\\/wp-content\\\/uploads\\\/2023\\\/10\\\/FB_IMG_1696205791580.jpg\",\"width\":960,\"height\":720},{\"@type\":\"BreadcrumbList\",\"@id\":\"http:\\\/\\\/www.radiohorizonte.fm\\\/radio\\\/2023\\\/10\\\/02\\\/con-un-grito-de-identidad-corrientes-invito-al-pais-la-33a-fiesta-nacional-del-chamame\\\/#breadcrumb\",\"itemListElement\":[{\"@type\":\"ListItem\",\"position\":1,\"name\":\"Home\",\"item\":\"http:\\\/\\\/www.radiohorizonte.fm\\\/radio\\\/\"},{\"@type\":\"ListItem\",\"position\":2,\"name\":\"Con \u201cUn grito de identidad\u201d, Corrientes invit\u00f3 al pa\u00eds a la 33\u00aa Fiesta Nacional del Chamam\u00e9\"}]},{\"@type\":\"WebSite\",\"@id\":\"http:\\\/\\\/www.radiohorizonte.fm\\\/radio\\\/#website\",\"url\":\"http:\\\/\\\/www.radiohorizonte.fm\\\/radio\\\/\",\"name\":\"Horizonte\",\"description\":\"Radio Horizonte 106.1 - Una radio de clasicos\",\"publisher\":{\"@id\":\"http:\\\/\\\/www.radiohorizonte.fm\\\/radio\\\/#organization\"},\"potentialAction\":[{\"@type\":\"SearchAction\",\"target\":{\"@type\":\"EntryPoint\",\"urlTemplate\":\"http:\\\/\\\/www.radiohorizonte.fm\\\/radio\\\/?s={search_term_string}\"},\"query-input\":{\"@type\":\"PropertyValueSpecification\",\"valueRequired\":true,\"valueName\":\"search_term_string\"}}],\"inLanguage\":\"es-AR\"},{\"@type\":\"Organization\",\"@id\":\"http:\\\/\\\/www.radiohorizonte.fm\\\/radio\\\/#organization\",\"name\":\"Horizonte\",\"url\":\"http:\\\/\\\/www.radiohorizonte.fm\\\/radio\\\/\",\"logo\":{\"@type\":\"ImageObject\",\"inLanguage\":\"es-AR\",\"@id\":\"http:\\\/\\\/www.radiohorizonte.fm\\\/radio\\\/#\\\/schema\\\/logo\\\/image\\\/\",\"url\":\"http:\\\/\\\/www.radiohorizonte.fm\\\/radio\\\/wp-content\\\/uploads\\\/2025\\\/06\\\/Portada-FM-Horizonte_modelo-imagen-scaled.jpg\",\"contentUrl\":\"http:\\\/\\\/www.radiohorizonte.fm\\\/radio\\\/wp-content\\\/uploads\\\/2025\\\/06\\\/Portada-FM-Horizonte_modelo-imagen-scaled.jpg\",\"width\":2560,\"height\":1056,\"caption\":\"Horizonte\"},\"image\":{\"@id\":\"http:\\\/\\\/www.radiohorizonte.fm\\\/radio\\\/#\\\/schema\\\/logo\\\/image\\\/\"},\"sameAs\":[\"http:\\\/\\\/www.facebook.com\\\/HORIZONTE106.1\",\"https:\\\/\\\/x.com\\\/fmhorizonte1061\"]},{\"@type\":\"Person\",\"@id\":\"http:\\\/\\\/www.radiohorizonte.fm\\\/radio\\\/#\\\/schema\\\/person\\\/f8fa003a405bb86729fd87d15d0ddafa\",\"name\":\"Cristian Galarza\",\"image\":{\"@type\":\"ImageObject\",\"inLanguage\":\"es-AR\",\"@id\":\"https:\\\/\\\/secure.gravatar.com\\\/avatar\\\/fad34bc2c773209c05d7d53b08a69b680eeb55f3be014e52b31643d20ab65925?s=96&d=mm&r=g\",\"url\":\"https:\\\/\\\/secure.gravatar.com\\\/avatar\\\/fad34bc2c773209c05d7d53b08a69b680eeb55f3be014e52b31643d20ab65925?s=96&d=mm&r=g\",\"contentUrl\":\"https:\\\/\\\/secure.gravatar.com\\\/avatar\\\/fad34bc2c773209c05d7d53b08a69b680eeb55f3be014e52b31643d20ab65925?s=96&d=mm&r=g\",\"caption\":\"Cristian Galarza\"},\"url\":\"http:\\\/\\\/www.radiohorizonte.fm\\\/radio\\\/author\\\/cristian\\\/\"}]}<\/script>\n<!-- \/ Yoast SEO plugin. -->","yoast_head_json":{"title":"Con \u201cUn grito de identidad\u201d, Corrientes invit\u00f3 al pa\u00eds a la 33\u00aa Fiesta Nacional del Chamam\u00e9 - Horizonte","robots":{"index":"index","follow":"follow","max-snippet":"max-snippet:-1","max-image-preview":"max-image-preview:large","max-video-preview":"max-video-preview:-1"},"canonical":"http:\/\/www.radiohorizonte.fm\/radio\/2023\/10\/02\/con-un-grito-de-identidad-corrientes-invito-al-pais-la-33a-fiesta-nacional-del-chamame\/","og_locale":"es_ES","og_type":"article","og_title":"Con \u201cUn grito de identidad\u201d, Corrientes invit\u00f3 al pa\u00eds a la 33\u00aa Fiesta Nacional del Chamam\u00e9 - Horizonte","og_description":"La celebraci\u00f3n cultural m\u00e1s importante de Corrientes se present\u00f3 hoy a la tarde en la Feria Internacional del Turismo (FIT), el evento m\u00e1s convocante del sector en Am\u00e9rica Latina que se desarrolla en el predio de La Rural de Palermo, en Buenos Aires. Con m\u00fasica, danza y un acto oficial, el Gobierno de la Provincia,","og_url":"http:\/\/www.radiohorizonte.fm\/radio\/2023\/10\/02\/con-un-grito-de-identidad-corrientes-invito-al-pais-la-33a-fiesta-nacional-del-chamame\/","og_site_name":"Horizonte","article_publisher":"http:\/\/www.facebook.com\/HORIZONTE106.1","article_published_time":"2023-10-02T10:47:58+00:00","og_image":[{"width":960,"height":720,"url":"http:\/\/www.radiohorizonte.fm\/radio\/wp-content\/uploads\/2023\/10\/FB_IMG_1696205791580.jpg","type":"image\/jpeg"}],"author":"Cristian Galarza","twitter_card":"summary_large_image","twitter_creator":"@fmhorizonte1061","twitter_site":"@fmhorizonte1061","twitter_misc":{"Escrito por":"Cristian Galarza","Tiempo de lectura":"4 minutos"},"schema":{"@context":"https:\/\/schema.org","@graph":[{"@type":"Article","@id":"http:\/\/www.radiohorizonte.fm\/radio\/2023\/10\/02\/con-un-grito-de-identidad-corrientes-invito-al-pais-la-33a-fiesta-nacional-del-chamame\/#article","isPartOf":{"@id":"http:\/\/www.radiohorizonte.fm\/radio\/2023\/10\/02\/con-un-grito-de-identidad-corrientes-invito-al-pais-la-33a-fiesta-nacional-del-chamame\/"},"author":{"name":"Cristian Galarza","@id":"http:\/\/www.radiohorizonte.fm\/radio\/#\/schema\/person\/f8fa003a405bb86729fd87d15d0ddafa"},"headline":"Con \u201cUn grito de identidad\u201d, Corrientes invit\u00f3 al pa\u00eds a la 33\u00aa Fiesta Nacional del Chamam\u00e9","datePublished":"2023-10-02T10:47:58+00:00","mainEntityOfPage":{"@id":"http:\/\/www.radiohorizonte.fm\/radio\/2023\/10\/02\/con-un-grito-de-identidad-corrientes-invito-al-pais-la-33a-fiesta-nacional-del-chamame\/"},"wordCount":771,"publisher":{"@id":"http:\/\/www.radiohorizonte.fm\/radio\/#organization"},"image":{"@id":"http:\/\/www.radiohorizonte.fm\/radio\/2023\/10\/02\/con-un-grito-de-identidad-corrientes-invito-al-pais-la-33a-fiesta-nacional-del-chamame\/#primaryimage"},"thumbnailUrl":"http:\/\/www.radiohorizonte.fm\/radio\/wp-content\/uploads\/2023\/10\/FB_IMG_1696205791580.jpg","articleSection":["Noticias"],"inLanguage":"es-AR"},{"@type":"WebPage","@id":"http:\/\/www.radiohorizonte.fm\/radio\/2023\/10\/02\/con-un-grito-de-identidad-corrientes-invito-al-pais-la-33a-fiesta-nacional-del-chamame\/","url":"http:\/\/www.radiohorizonte.fm\/radio\/2023\/10\/02\/con-un-grito-de-identidad-corrientes-invito-al-pais-la-33a-fiesta-nacional-del-chamame\/","name":"Con \u201cUn grito de identidad\u201d, Corrientes invit\u00f3 al pa\u00eds a la 33\u00aa Fiesta Nacional del Chamam\u00e9 - Horizonte","isPartOf":{"@id":"http:\/\/www.radiohorizonte.fm\/radio\/#website"},"primaryImageOfPage":{"@id":"http:\/\/www.radiohorizonte.fm\/radio\/2023\/10\/02\/con-un-grito-de-identidad-corrientes-invito-al-pais-la-33a-fiesta-nacional-del-chamame\/#primaryimage"},"image":{"@id":"http:\/\/www.radiohorizonte.fm\/radio\/2023\/10\/02\/con-un-grito-de-identidad-corrientes-invito-al-pais-la-33a-fiesta-nacional-del-chamame\/#primaryimage"},"thumbnailUrl":"http:\/\/www.radiohorizonte.fm\/radio\/wp-content\/uploads\/2023\/10\/FB_IMG_1696205791580.jpg","datePublished":"2023-10-02T10:47:58+00:00","breadcrumb":{"@id":"http:\/\/www.radiohorizonte.fm\/radio\/2023\/10\/02\/con-un-grito-de-identidad-corrientes-invito-al-pais-la-33a-fiesta-nacional-del-chamame\/#breadcrumb"},"inLanguage":"es-AR","potentialAction":[{"@type":"ReadAction","target":["http:\/\/www.radiohorizonte.fm\/radio\/2023\/10\/02\/con-un-grito-de-identidad-corrientes-invito-al-pais-la-33a-fiesta-nacional-del-chamame\/"]}]},{"@type":"ImageObject","inLanguage":"es-AR","@id":"http:\/\/www.radiohorizonte.fm\/radio\/2023\/10\/02\/con-un-grito-de-identidad-corrientes-invito-al-pais-la-33a-fiesta-nacional-del-chamame\/#primaryimage","url":"http:\/\/www.radiohorizonte.fm\/radio\/wp-content\/uploads\/2023\/10\/FB_IMG_1696205791580.jpg","contentUrl":"http:\/\/www.radiohorizonte.fm\/radio\/wp-content\/uploads\/2023\/10\/FB_IMG_1696205791580.jpg","width":960,"height":720},{"@type":"BreadcrumbList","@id":"http:\/\/www.radiohorizonte.fm\/radio\/2023\/10\/02\/con-un-grito-de-identidad-corrientes-invito-al-pais-la-33a-fiesta-nacional-del-chamame\/#breadcrumb","itemListElement":[{"@type":"ListItem","position":1,"name":"Home","item":"http:\/\/www.radiohorizonte.fm\/radio\/"},{"@type":"ListItem","position":2,"name":"Con \u201cUn grito de identidad\u201d, Corrientes invit\u00f3 al pa\u00eds a la 33\u00aa Fiesta Nacional del Chamam\u00e9"}]},{"@type":"WebSite","@id":"http:\/\/www.radiohorizonte.fm\/radio\/#website","url":"http:\/\/www.radiohorizonte.fm\/radio\/","name":"Horizonte","description":"Radio Horizonte 106.1 - Una radio de clasicos","publisher":{"@id":"http:\/\/www.radiohorizonte.fm\/radio\/#organization"},"potentialAction":[{"@type":"SearchAction","target":{"@type":"EntryPoint","urlTemplate":"http:\/\/www.radiohorizonte.fm\/radio\/?s={search_term_string}"},"query-input":{"@type":"PropertyValueSpecification","valueRequired":true,"valueName":"search_term_string"}}],"inLanguage":"es-AR"},{"@type":"Organization","@id":"http:\/\/www.radiohorizonte.fm\/radio\/#organization","name":"Horizonte","url":"http:\/\/www.radiohorizonte.fm\/radio\/","logo":{"@type":"ImageObject","inLanguage":"es-AR","@id":"http:\/\/www.radiohorizonte.fm\/radio\/#\/schema\/logo\/image\/","url":"http:\/\/www.radiohorizonte.fm\/radio\/wp-content\/uploads\/2025\/06\/Portada-FM-Horizonte_modelo-imagen-scaled.jpg","contentUrl":"http:\/\/www.radiohorizonte.fm\/radio\/wp-content\/uploads\/2025\/06\/Portada-FM-Horizonte_modelo-imagen-scaled.jpg","width":2560,"height":1056,"caption":"Horizonte"},"image":{"@id":"http:\/\/www.radiohorizonte.fm\/radio\/#\/schema\/logo\/image\/"},"sameAs":["http:\/\/www.facebook.com\/HORIZONTE106.1","https:\/\/x.com\/fmhorizonte1061"]},{"@type":"Person","@id":"http:\/\/www.radiohorizonte.fm\/radio\/#\/schema\/person\/f8fa003a405bb86729fd87d15d0ddafa","name":"Cristian Galarza","image":{"@type":"ImageObject","inLanguage":"es-AR","@id":"https:\/\/secure.gravatar.com\/avatar\/fad34bc2c773209c05d7d53b08a69b680eeb55f3be014e52b31643d20ab65925?s=96&d=mm&r=g","url":"https:\/\/secure.gravatar.com\/avatar\/fad34bc2c773209c05d7d53b08a69b680eeb55f3be014e52b31643d20ab65925?s=96&d=mm&r=g","contentUrl":"https:\/\/secure.gravatar.com\/avatar\/fad34bc2c773209c05d7d53b08a69b680eeb55f3be014e52b31643d20ab65925?s=96&d=mm&r=g","caption":"Cristian Galarza"},"url":"http:\/\/www.radiohorizonte.fm\/radio\/author\/cristian\/"}]}},"_links":{"self":[{"href":"http:\/\/www.radiohorizonte.fm\/radio\/wp-json\/wp\/v2\/posts\/42190","targetHints":{"allow":["GET"]}}],"collection":[{"href":"http:\/\/www.radiohorizonte.fm\/radio\/wp-json\/wp\/v2\/posts"}],"about":[{"href":"http:\/\/www.radiohorizonte.fm\/radio\/wp-json\/wp\/v2\/types\/post"}],"author":[{"embeddable":true,"href":"http:\/\/www.radiohorizonte.fm\/radio\/wp-json\/wp\/v2\/users\/2"}],"replies":[{"embeddable":true,"href":"http:\/\/www.radiohorizonte.fm\/radio\/wp-json\/wp\/v2\/comments?post=42190"}],"version-history":[{"count":1,"href":"http:\/\/www.radiohorizonte.fm\/radio\/wp-json\/wp\/v2\/posts\/42190\/revisions"}],"predecessor-version":[{"id":42192,"href":"http:\/\/www.radiohorizonte.fm\/radio\/wp-json\/wp\/v2\/posts\/42190\/revisions\/42192"}],"wp:featuredmedia":[{"embeddable":true,"href":"http:\/\/www.radiohorizonte.fm\/radio\/wp-json\/wp\/v2\/media\/42191"}],"wp:attachment":[{"href":"http:\/\/www.radiohorizonte.fm\/radio\/wp-json\/wp\/v2\/media?parent=42190"}],"wp:term":[{"taxonomy":"category","embeddable":true,"href":"http:\/\/www.radiohorizonte.fm\/radio\/wp-json\/wp\/v2\/categories?post=42190"},{"taxonomy":"post_tag","embeddable":true,"href":"http:\/\/www.radiohorizonte.fm\/radio\/wp-json\/wp\/v2\/tags?post=42190"}],"curies":[{"name":"wp","href":"https:\/\/api.w.org\/{rel}","templated":true}]}}