{"id":42194,"date":"2023-10-02T08:29:52","date_gmt":"2023-10-02T11:29:52","guid":{"rendered":"http:\/\/www.radiohorizonte.fm\/radio\/?p=42194"},"modified":"2023-10-02T08:30:31","modified_gmt":"2023-10-02T11:30:31","slug":"u2-publica-el-nuevo-tema-atomic-city-al-comienzo-de-su-estancia-en-las-vegas","status":"publish","type":"post","link":"http:\/\/www.radiohorizonte.fm\/radio\/2023\/10\/02\/u2-publica-el-nuevo-tema-atomic-city-al-comienzo-de-su-estancia-en-las-vegas\/","title":{"rendered":"U2 publica el nuevo tema &#8216;Atomic City&#8217; al comienzo de su estancia en Las Vegas"},"content":{"rendered":"<div class=\"epigraph-container\">\n<p id=\"m53-52-54\" class=\"epigraph \">El tema, de tres minutos y medio, se escuch\u00f3 por primera vez este jueves en la emisora irlandesa RTE, como anticipo de su presentaci\u00f3n hoy para el gran p\u00fablico en las redes sociales del cuarteto dublin\u00e9s.<\/p>\n<\/div>\n<div class=\"epigraph-module-container\" data-mrf-recirculation=\"Bolos Noticia\">\n<p>\u00a0<img loading=\"lazy\" decoding=\"async\" class=\"alignnone size-full wp-image-42195\" src=\"http:\/\/www.radiohorizonte.fm\/radio\/wp-content\/uploads\/2023\/10\/u2-en-las-vegas.jpeg\" alt=\"\" width=\"990\" height=\"556\" srcset=\"http:\/\/www.radiohorizonte.fm\/radio\/wp-content\/uploads\/2023\/10\/u2-en-las-vegas.jpeg 990w, http:\/\/www.radiohorizonte.fm\/radio\/wp-content\/uploads\/2023\/10\/u2-en-las-vegas-300x168.jpeg 300w, http:\/\/www.radiohorizonte.fm\/radio\/wp-content\/uploads\/2023\/10\/u2-en-las-vegas-768x431.jpeg 768w, http:\/\/www.radiohorizonte.fm\/radio\/wp-content\/uploads\/2023\/10\/u2-en-las-vegas-65x37.jpeg 65w, http:\/\/www.radiohorizonte.fm\/radio\/wp-content\/uploads\/2023\/10\/u2-en-las-vegas-320x180.jpeg 320w, http:\/\/www.radiohorizonte.fm\/radio\/wp-content\/uploads\/2023\/10\/u2-en-las-vegas-85x48.jpeg 85w, http:\/\/www.radiohorizonte.fm\/radio\/wp-content\/uploads\/2023\/10\/u2-en-las-vegas-220x125.jpeg 220w, http:\/\/www.radiohorizonte.fm\/radio\/wp-content\/uploads\/2023\/10\/u2-en-las-vegas-90x51.jpeg 90w\" sizes=\"auto, (max-width: 990px) 100vw, 990px\" \/><\/p>\n<p id=\"m118-117-119\" class=\"paragraph \" data-mrf-recirculation=\"Links P\u00e1rrafos Noticia\">U2 inicia este viernes su esperada estancia en Las Vegas (EE.UU.) y, como aperitivo, la banda irlandesa ha publicado el nuevo sencillo &#8216;<strong>Atomic City&#8217;, una &#8220;canci\u00f3n de amor&#8221; para sus fans, seg\u00fan adelanta su cantante Bono.<\/strong><\/p>\n<p id=\"m123-122-124\" class=\"paragraph \" data-mrf-recirculation=\"Links P\u00e1rrafos Noticia\">El tema, de tres minutos y medio, se escuch\u00f3 por primera vez este jueves en la emisora irlandesa RTE, como anticipo de su presentaci\u00f3n hoy para el gran p\u00fablico en las redes sociales del cuarteto dublin\u00e9s.<\/p>\n<p id=\"m128-127-129\" class=\"paragraph \" data-mrf-recirculation=\"Links P\u00e1rrafos Noticia\">El nuevo &#8220;single&#8221;, grabado en los estudios Sound City de Los \u00c1ngeles (EE.UU.), ha sido producido por Jacknife Lee y Steve Lillywhite, y representa a &#8220;un homenaje al esp\u00edritu del post-punk de los 70&#8221;, seg\u00fan la cr\u00edtica inicial de la RTE.<\/p>\n<p id=\"m133-132-134\" class=\"paragraph \" data-mrf-recirculation=\"Links P\u00e1rrafos Noticia\">Otros expertos consideran &#8216;Atomic City&#8217; como u<strong>n gui\u00f1o a la banda estadounidense Blondie,\u00a0<\/strong>cuyos trabajos con el compositor italiano\u00a0<strong>Giorgio Moroder, conocido como el &#8220;padre&#8221; de la m\u00fasica disco,<\/strong>\u00a0inspiraron los ritmos m\u00e1s electr\u00f3nicos de U2.<\/p>\n<p id=\"m138-137-139\" class=\"paragraph \" data-mrf-recirculation=\"Links P\u00e1rrafos Noticia\">Para Bono, simplemente, &#8220;es una canci\u00f3n de amor para nuestro p\u00fablico&#8230; Donde est\u00e9s t\u00fa, estar\u00e9 yo&#8221;.<\/p>\n<\/div>\n<p>El v\u00eddeo del sencillo ha sido dirigido por Ben Kutchins e incluye escenas de la actuaci\u00f3n que ofreci\u00f3 el grupo irland\u00e9s por sorpresa la pasada semana en el centro de Las Vegas, en las mismas calles donde Bono, The Edge, Larry Mullen y Adam Clayton grabaron el ic\u00f3nico &#8220;I Still Haven&#8217;t Found What I&#8217;m Looking For&#8221; hace 36 a\u00f1os.<\/p>\n<p>De hecho, la &#8216;Ciudad del Pecado&#8217; ser\u00e1 la &#8220;casa&#8221; de U2 durante las 25 actuaciones que est\u00e1n programadas desde esta misma noche para la residencia &#8220;U2: UV Achtung Baby Live&#8221; en el MSG Sphere.<\/p>\n<p>El cuarteto irland\u00e9s actuar\u00e1, por primera vez, sin Larry Mullen, quien se recupera de una operaci\u00f3n quir\u00fargica, por lo que ser\u00e1 sustituido temporalmente por el bater\u00eda holand\u00e9s Bram Van Den Berg.<\/p>\n<p>La serie de 25 conciertos, todo un acontecimiento mundial ya que U2 nunca hab\u00eda protagonizado una residencia de este tipo, girar\u00e1 en torno a su \u00e1lbum Achtung Baby (1991), que marc\u00f3 un antes y despu\u00e9s en la evoluci\u00f3n de los cuatro dublineses. <\/p>\n<p>Fuente: Heraldo<\/p>\n","protected":false},"excerpt":{"rendered":"<div class=\"post-excerpt\"><p>El tema, de tres minutos y medio, se escuch\u00f3 por primera vez este jueves en la emisora irlandesa RTE, como anticipo de su presentaci\u00f3n hoy para el gran p\u00fablico en las redes sociales del cuarteto dublin\u00e9s. \u00a0 U2 inicia este viernes su esperada estancia en Las Vegas (EE.UU.) y, como aperitivo, la banda irlandesa ha<\/p>\n<\/div>","protected":false},"author":2,"featured_media":42195,"comment_status":"closed","ping_status":"closed","sticky":false,"template":"","format":"standard","meta":{"_acf_changed":false,"footnotes":""},"categories":[3],"tags":[],"class_list":["post-42194","post","type-post","status-publish","format-standard","has-post-thumbnail","hentry","category-infomusic"],"acf":[],"yoast_head":"<!-- This site is optimized with the Yoast SEO plugin v28.1 - https:\/\/yoast.com\/product\/yoast-seo-wordpress\/ -->\n<title>U2 publica el nuevo tema &#039;Atomic City&#039; al comienzo de su estancia en Las Vegas - Horizonte<\/title>\n<meta name=\"robots\" content=\"index, follow, max-snippet:-1, max-image-preview:large, max-video-preview:-1\" \/>\n<link rel=\"canonical\" href=\"http:\/\/www.radiohorizonte.fm\/radio\/2023\/10\/02\/u2-publica-el-nuevo-tema-atomic-city-al-comienzo-de-su-estancia-en-las-vegas\/\" \/>\n<meta property=\"og:locale\" content=\"es_ES\" \/>\n<meta property=\"og:type\" content=\"article\" \/>\n<meta property=\"og:title\" content=\"U2 publica el nuevo tema &#039;Atomic City&#039; al comienzo de su estancia en Las Vegas - Horizonte\" \/>\n<meta property=\"og:description\" content=\"El tema, de tres minutos y medio, se escuch\u00f3 por primera vez este jueves en la emisora irlandesa RTE, como anticipo de su presentaci\u00f3n hoy para el gran p\u00fablico en las redes sociales del cuarteto dublin\u00e9s. \u00a0 U2 inicia este viernes su esperada estancia en Las Vegas (EE.UU.) y, como aperitivo, la banda irlandesa ha\" \/>\n<meta property=\"og:url\" content=\"http:\/\/www.radiohorizonte.fm\/radio\/2023\/10\/02\/u2-publica-el-nuevo-tema-atomic-city-al-comienzo-de-su-estancia-en-las-vegas\/\" \/>\n<meta property=\"og:site_name\" content=\"Horizonte\" \/>\n<meta property=\"article:publisher\" content=\"http:\/\/www.facebook.com\/HORIZONTE106.1\" \/>\n<meta property=\"article:published_time\" content=\"2023-10-02T11:29:52+00:00\" \/>\n<meta property=\"article:modified_time\" content=\"2023-10-02T11:30:31+00:00\" \/>\n<meta property=\"og:image\" content=\"http:\/\/www.radiohorizonte.fm\/radio\/wp-content\/uploads\/2023\/10\/u2-en-las-vegas.jpeg\" \/>\n\t<meta property=\"og:image:width\" content=\"990\" \/>\n\t<meta property=\"og:image:height\" content=\"556\" \/>\n\t<meta property=\"og:image:type\" content=\"image\/jpeg\" \/>\n<meta name=\"author\" content=\"Cristian Galarza\" \/>\n<meta name=\"twitter:card\" content=\"summary_large_image\" \/>\n<meta name=\"twitter:creator\" content=\"@fmhorizonte1061\" \/>\n<meta name=\"twitter:site\" content=\"@fmhorizonte1061\" \/>\n<meta name=\"twitter:label1\" content=\"Escrito por\" \/>\n\t<meta name=\"twitter:data1\" content=\"Cristian Galarza\" \/>\n\t<meta name=\"twitter:label2\" content=\"Tiempo de lectura\" \/>\n\t<meta name=\"twitter:data2\" content=\"2 minutos\" \/>\n<script type=\"application\/ld+json\" class=\"yoast-schema-graph\">{\"@context\":\"https:\\\/\\\/schema.org\",\"@graph\":[{\"@type\":\"Article\",\"@id\":\"http:\\\/\\\/www.radiohorizonte.fm\\\/radio\\\/2023\\\/10\\\/02\\\/u2-publica-el-nuevo-tema-atomic-city-al-comienzo-de-su-estancia-en-las-vegas\\\/#article\",\"isPartOf\":{\"@id\":\"http:\\\/\\\/www.radiohorizonte.fm\\\/radio\\\/2023\\\/10\\\/02\\\/u2-publica-el-nuevo-tema-atomic-city-al-comienzo-de-su-estancia-en-las-vegas\\\/\"},\"author\":{\"name\":\"Cristian Galarza\",\"@id\":\"http:\\\/\\\/www.radiohorizonte.fm\\\/radio\\\/#\\\/schema\\\/person\\\/f8fa003a405bb86729fd87d15d0ddafa\"},\"headline\":\"U2 publica el nuevo tema &#8216;Atomic City&#8217; al comienzo de su estancia en Las Vegas\",\"datePublished\":\"2023-10-02T11:29:52+00:00\",\"dateModified\":\"2023-10-02T11:30:31+00:00\",\"mainEntityOfPage\":{\"@id\":\"http:\\\/\\\/www.radiohorizonte.fm\\\/radio\\\/2023\\\/10\\\/02\\\/u2-publica-el-nuevo-tema-atomic-city-al-comienzo-de-su-estancia-en-las-vegas\\\/\"},\"wordCount\":413,\"publisher\":{\"@id\":\"http:\\\/\\\/www.radiohorizonte.fm\\\/radio\\\/#organization\"},\"image\":{\"@id\":\"http:\\\/\\\/www.radiohorizonte.fm\\\/radio\\\/2023\\\/10\\\/02\\\/u2-publica-el-nuevo-tema-atomic-city-al-comienzo-de-su-estancia-en-las-vegas\\\/#primaryimage\"},\"thumbnailUrl\":\"http:\\\/\\\/www.radiohorizonte.fm\\\/radio\\\/wp-content\\\/uploads\\\/2023\\\/10\\\/u2-en-las-vegas.jpeg\",\"articleSection\":[\"Infomusic\"],\"inLanguage\":\"es-AR\"},{\"@type\":\"WebPage\",\"@id\":\"http:\\\/\\\/www.radiohorizonte.fm\\\/radio\\\/2023\\\/10\\\/02\\\/u2-publica-el-nuevo-tema-atomic-city-al-comienzo-de-su-estancia-en-las-vegas\\\/\",\"url\":\"http:\\\/\\\/www.radiohorizonte.fm\\\/radio\\\/2023\\\/10\\\/02\\\/u2-publica-el-nuevo-tema-atomic-city-al-comienzo-de-su-estancia-en-las-vegas\\\/\",\"name\":\"U2 publica el nuevo tema 'Atomic City' al comienzo de su estancia en Las Vegas - Horizonte\",\"isPartOf\":{\"@id\":\"http:\\\/\\\/www.radiohorizonte.fm\\\/radio\\\/#website\"},\"primaryImageOfPage\":{\"@id\":\"http:\\\/\\\/www.radiohorizonte.fm\\\/radio\\\/2023\\\/10\\\/02\\\/u2-publica-el-nuevo-tema-atomic-city-al-comienzo-de-su-estancia-en-las-vegas\\\/#primaryimage\"},\"image\":{\"@id\":\"http:\\\/\\\/www.radiohorizonte.fm\\\/radio\\\/2023\\\/10\\\/02\\\/u2-publica-el-nuevo-tema-atomic-city-al-comienzo-de-su-estancia-en-las-vegas\\\/#primaryimage\"},\"thumbnailUrl\":\"http:\\\/\\\/www.radiohorizonte.fm\\\/radio\\\/wp-content\\\/uploads\\\/2023\\\/10\\\/u2-en-las-vegas.jpeg\",\"datePublished\":\"2023-10-02T11:29:52+00:00\",\"dateModified\":\"2023-10-02T11:30:31+00:00\",\"breadcrumb\":{\"@id\":\"http:\\\/\\\/www.radiohorizonte.fm\\\/radio\\\/2023\\\/10\\\/02\\\/u2-publica-el-nuevo-tema-atomic-city-al-comienzo-de-su-estancia-en-las-vegas\\\/#breadcrumb\"},\"inLanguage\":\"es-AR\",\"potentialAction\":[{\"@type\":\"ReadAction\",\"target\":[\"http:\\\/\\\/www.radiohorizonte.fm\\\/radio\\\/2023\\\/10\\\/02\\\/u2-publica-el-nuevo-tema-atomic-city-al-comienzo-de-su-estancia-en-las-vegas\\\/\"]}]},{\"@type\":\"ImageObject\",\"inLanguage\":\"es-AR\",\"@id\":\"http:\\\/\\\/www.radiohorizonte.fm\\\/radio\\\/2023\\\/10\\\/02\\\/u2-publica-el-nuevo-tema-atomic-city-al-comienzo-de-su-estancia-en-las-vegas\\\/#primaryimage\",\"url\":\"http:\\\/\\\/www.radiohorizonte.fm\\\/radio\\\/wp-content\\\/uploads\\\/2023\\\/10\\\/u2-en-las-vegas.jpeg\",\"contentUrl\":\"http:\\\/\\\/www.radiohorizonte.fm\\\/radio\\\/wp-content\\\/uploads\\\/2023\\\/10\\\/u2-en-las-vegas.jpeg\",\"width\":990,\"height\":556},{\"@type\":\"BreadcrumbList\",\"@id\":\"http:\\\/\\\/www.radiohorizonte.fm\\\/radio\\\/2023\\\/10\\\/02\\\/u2-publica-el-nuevo-tema-atomic-city-al-comienzo-de-su-estancia-en-las-vegas\\\/#breadcrumb\",\"itemListElement\":[{\"@type\":\"ListItem\",\"position\":1,\"name\":\"Home\",\"item\":\"http:\\\/\\\/www.radiohorizonte.fm\\\/radio\\\/\"},{\"@type\":\"ListItem\",\"position\":2,\"name\":\"U2 publica el nuevo tema &#8216;Atomic City&#8217; al comienzo de su estancia en Las Vegas\"}]},{\"@type\":\"WebSite\",\"@id\":\"http:\\\/\\\/www.radiohorizonte.fm\\\/radio\\\/#website\",\"url\":\"http:\\\/\\\/www.radiohorizonte.fm\\\/radio\\\/\",\"name\":\"Horizonte\",\"description\":\"Radio Horizonte 106.1 - Una radio de clasicos\",\"publisher\":{\"@id\":\"http:\\\/\\\/www.radiohorizonte.fm\\\/radio\\\/#organization\"},\"potentialAction\":[{\"@type\":\"SearchAction\",\"target\":{\"@type\":\"EntryPoint\",\"urlTemplate\":\"http:\\\/\\\/www.radiohorizonte.fm\\\/radio\\\/?s={search_term_string}\"},\"query-input\":{\"@type\":\"PropertyValueSpecification\",\"valueRequired\":true,\"valueName\":\"search_term_string\"}}],\"inLanguage\":\"es-AR\"},{\"@type\":\"Organization\",\"@id\":\"http:\\\/\\\/www.radiohorizonte.fm\\\/radio\\\/#organization\",\"name\":\"Horizonte\",\"url\":\"http:\\\/\\\/www.radiohorizonte.fm\\\/radio\\\/\",\"logo\":{\"@type\":\"ImageObject\",\"inLanguage\":\"es-AR\",\"@id\":\"http:\\\/\\\/www.radiohorizonte.fm\\\/radio\\\/#\\\/schema\\\/logo\\\/image\\\/\",\"url\":\"http:\\\/\\\/www.radiohorizonte.fm\\\/radio\\\/wp-content\\\/uploads\\\/2025\\\/06\\\/Portada-FM-Horizonte_modelo-imagen-scaled.jpg\",\"contentUrl\":\"http:\\\/\\\/www.radiohorizonte.fm\\\/radio\\\/wp-content\\\/uploads\\\/2025\\\/06\\\/Portada-FM-Horizonte_modelo-imagen-scaled.jpg\",\"width\":2560,\"height\":1056,\"caption\":\"Horizonte\"},\"image\":{\"@id\":\"http:\\\/\\\/www.radiohorizonte.fm\\\/radio\\\/#\\\/schema\\\/logo\\\/image\\\/\"},\"sameAs\":[\"http:\\\/\\\/www.facebook.com\\\/HORIZONTE106.1\",\"https:\\\/\\\/x.com\\\/fmhorizonte1061\"]},{\"@type\":\"Person\",\"@id\":\"http:\\\/\\\/www.radiohorizonte.fm\\\/radio\\\/#\\\/schema\\\/person\\\/f8fa003a405bb86729fd87d15d0ddafa\",\"name\":\"Cristian Galarza\",\"image\":{\"@type\":\"ImageObject\",\"inLanguage\":\"es-AR\",\"@id\":\"https:\\\/\\\/secure.gravatar.com\\\/avatar\\\/fad34bc2c773209c05d7d53b08a69b680eeb55f3be014e52b31643d20ab65925?s=96&d=mm&r=g\",\"url\":\"https:\\\/\\\/secure.gravatar.com\\\/avatar\\\/fad34bc2c773209c05d7d53b08a69b680eeb55f3be014e52b31643d20ab65925?s=96&d=mm&r=g\",\"contentUrl\":\"https:\\\/\\\/secure.gravatar.com\\\/avatar\\\/fad34bc2c773209c05d7d53b08a69b680eeb55f3be014e52b31643d20ab65925?s=96&d=mm&r=g\",\"caption\":\"Cristian Galarza\"},\"url\":\"http:\\\/\\\/www.radiohorizonte.fm\\\/radio\\\/author\\\/cristian\\\/\"}]}<\/script>\n<!-- \/ Yoast SEO plugin. -->","yoast_head_json":{"title":"U2 publica el nuevo tema 'Atomic City' al comienzo de su estancia en Las Vegas - Horizonte","robots":{"index":"index","follow":"follow","max-snippet":"max-snippet:-1","max-image-preview":"max-image-preview:large","max-video-preview":"max-video-preview:-1"},"canonical":"http:\/\/www.radiohorizonte.fm\/radio\/2023\/10\/02\/u2-publica-el-nuevo-tema-atomic-city-al-comienzo-de-su-estancia-en-las-vegas\/","og_locale":"es_ES","og_type":"article","og_title":"U2 publica el nuevo tema 'Atomic City' al comienzo de su estancia en Las Vegas - Horizonte","og_description":"El tema, de tres minutos y medio, se escuch\u00f3 por primera vez este jueves en la emisora irlandesa RTE, como anticipo de su presentaci\u00f3n hoy para el gran p\u00fablico en las redes sociales del cuarteto dublin\u00e9s. \u00a0 U2 inicia este viernes su esperada estancia en Las Vegas (EE.UU.) y, como aperitivo, la banda irlandesa ha","og_url":"http:\/\/www.radiohorizonte.fm\/radio\/2023\/10\/02\/u2-publica-el-nuevo-tema-atomic-city-al-comienzo-de-su-estancia-en-las-vegas\/","og_site_name":"Horizonte","article_publisher":"http:\/\/www.facebook.com\/HORIZONTE106.1","article_published_time":"2023-10-02T11:29:52+00:00","article_modified_time":"2023-10-02T11:30:31+00:00","og_image":[{"width":990,"height":556,"url":"http:\/\/www.radiohorizonte.fm\/radio\/wp-content\/uploads\/2023\/10\/u2-en-las-vegas.jpeg","type":"image\/jpeg"}],"author":"Cristian Galarza","twitter_card":"summary_large_image","twitter_creator":"@fmhorizonte1061","twitter_site":"@fmhorizonte1061","twitter_misc":{"Escrito por":"Cristian Galarza","Tiempo de lectura":"2 minutos"},"schema":{"@context":"https:\/\/schema.org","@graph":[{"@type":"Article","@id":"http:\/\/www.radiohorizonte.fm\/radio\/2023\/10\/02\/u2-publica-el-nuevo-tema-atomic-city-al-comienzo-de-su-estancia-en-las-vegas\/#article","isPartOf":{"@id":"http:\/\/www.radiohorizonte.fm\/radio\/2023\/10\/02\/u2-publica-el-nuevo-tema-atomic-city-al-comienzo-de-su-estancia-en-las-vegas\/"},"author":{"name":"Cristian Galarza","@id":"http:\/\/www.radiohorizonte.fm\/radio\/#\/schema\/person\/f8fa003a405bb86729fd87d15d0ddafa"},"headline":"U2 publica el nuevo tema &#8216;Atomic City&#8217; al comienzo de su estancia en Las Vegas","datePublished":"2023-10-02T11:29:52+00:00","dateModified":"2023-10-02T11:30:31+00:00","mainEntityOfPage":{"@id":"http:\/\/www.radiohorizonte.fm\/radio\/2023\/10\/02\/u2-publica-el-nuevo-tema-atomic-city-al-comienzo-de-su-estancia-en-las-vegas\/"},"wordCount":413,"publisher":{"@id":"http:\/\/www.radiohorizonte.fm\/radio\/#organization"},"image":{"@id":"http:\/\/www.radiohorizonte.fm\/radio\/2023\/10\/02\/u2-publica-el-nuevo-tema-atomic-city-al-comienzo-de-su-estancia-en-las-vegas\/#primaryimage"},"thumbnailUrl":"http:\/\/www.radiohorizonte.fm\/radio\/wp-content\/uploads\/2023\/10\/u2-en-las-vegas.jpeg","articleSection":["Infomusic"],"inLanguage":"es-AR"},{"@type":"WebPage","@id":"http:\/\/www.radiohorizonte.fm\/radio\/2023\/10\/02\/u2-publica-el-nuevo-tema-atomic-city-al-comienzo-de-su-estancia-en-las-vegas\/","url":"http:\/\/www.radiohorizonte.fm\/radio\/2023\/10\/02\/u2-publica-el-nuevo-tema-atomic-city-al-comienzo-de-su-estancia-en-las-vegas\/","name":"U2 publica el nuevo tema 'Atomic City' al comienzo de su estancia en Las Vegas - Horizonte","isPartOf":{"@id":"http:\/\/www.radiohorizonte.fm\/radio\/#website"},"primaryImageOfPage":{"@id":"http:\/\/www.radiohorizonte.fm\/radio\/2023\/10\/02\/u2-publica-el-nuevo-tema-atomic-city-al-comienzo-de-su-estancia-en-las-vegas\/#primaryimage"},"image":{"@id":"http:\/\/www.radiohorizonte.fm\/radio\/2023\/10\/02\/u2-publica-el-nuevo-tema-atomic-city-al-comienzo-de-su-estancia-en-las-vegas\/#primaryimage"},"thumbnailUrl":"http:\/\/www.radiohorizonte.fm\/radio\/wp-content\/uploads\/2023\/10\/u2-en-las-vegas.jpeg","datePublished":"2023-10-02T11:29:52+00:00","dateModified":"2023-10-02T11:30:31+00:00","breadcrumb":{"@id":"http:\/\/www.radiohorizonte.fm\/radio\/2023\/10\/02\/u2-publica-el-nuevo-tema-atomic-city-al-comienzo-de-su-estancia-en-las-vegas\/#breadcrumb"},"inLanguage":"es-AR","potentialAction":[{"@type":"ReadAction","target":["http:\/\/www.radiohorizonte.fm\/radio\/2023\/10\/02\/u2-publica-el-nuevo-tema-atomic-city-al-comienzo-de-su-estancia-en-las-vegas\/"]}]},{"@type":"ImageObject","inLanguage":"es-AR","@id":"http:\/\/www.radiohorizonte.fm\/radio\/2023\/10\/02\/u2-publica-el-nuevo-tema-atomic-city-al-comienzo-de-su-estancia-en-las-vegas\/#primaryimage","url":"http:\/\/www.radiohorizonte.fm\/radio\/wp-content\/uploads\/2023\/10\/u2-en-las-vegas.jpeg","contentUrl":"http:\/\/www.radiohorizonte.fm\/radio\/wp-content\/uploads\/2023\/10\/u2-en-las-vegas.jpeg","width":990,"height":556},{"@type":"BreadcrumbList","@id":"http:\/\/www.radiohorizonte.fm\/radio\/2023\/10\/02\/u2-publica-el-nuevo-tema-atomic-city-al-comienzo-de-su-estancia-en-las-vegas\/#breadcrumb","itemListElement":[{"@type":"ListItem","position":1,"name":"Home","item":"http:\/\/www.radiohorizonte.fm\/radio\/"},{"@type":"ListItem","position":2,"name":"U2 publica el nuevo tema &#8216;Atomic City&#8217; al comienzo de su estancia en Las Vegas"}]},{"@type":"WebSite","@id":"http:\/\/www.radiohorizonte.fm\/radio\/#website","url":"http:\/\/www.radiohorizonte.fm\/radio\/","name":"Horizonte","description":"Radio Horizonte 106.1 - Una radio de clasicos","publisher":{"@id":"http:\/\/www.radiohorizonte.fm\/radio\/#organization"},"potentialAction":[{"@type":"SearchAction","target":{"@type":"EntryPoint","urlTemplate":"http:\/\/www.radiohorizonte.fm\/radio\/?s={search_term_string}"},"query-input":{"@type":"PropertyValueSpecification","valueRequired":true,"valueName":"search_term_string"}}],"inLanguage":"es-AR"},{"@type":"Organization","@id":"http:\/\/www.radiohorizonte.fm\/radio\/#organization","name":"Horizonte","url":"http:\/\/www.radiohorizonte.fm\/radio\/","logo":{"@type":"ImageObject","inLanguage":"es-AR","@id":"http:\/\/www.radiohorizonte.fm\/radio\/#\/schema\/logo\/image\/","url":"http:\/\/www.radiohorizonte.fm\/radio\/wp-content\/uploads\/2025\/06\/Portada-FM-Horizonte_modelo-imagen-scaled.jpg","contentUrl":"http:\/\/www.radiohorizonte.fm\/radio\/wp-content\/uploads\/2025\/06\/Portada-FM-Horizonte_modelo-imagen-scaled.jpg","width":2560,"height":1056,"caption":"Horizonte"},"image":{"@id":"http:\/\/www.radiohorizonte.fm\/radio\/#\/schema\/logo\/image\/"},"sameAs":["http:\/\/www.facebook.com\/HORIZONTE106.1","https:\/\/x.com\/fmhorizonte1061"]},{"@type":"Person","@id":"http:\/\/www.radiohorizonte.fm\/radio\/#\/schema\/person\/f8fa003a405bb86729fd87d15d0ddafa","name":"Cristian Galarza","image":{"@type":"ImageObject","inLanguage":"es-AR","@id":"https:\/\/secure.gravatar.com\/avatar\/fad34bc2c773209c05d7d53b08a69b680eeb55f3be014e52b31643d20ab65925?s=96&d=mm&r=g","url":"https:\/\/secure.gravatar.com\/avatar\/fad34bc2c773209c05d7d53b08a69b680eeb55f3be014e52b31643d20ab65925?s=96&d=mm&r=g","contentUrl":"https:\/\/secure.gravatar.com\/avatar\/fad34bc2c773209c05d7d53b08a69b680eeb55f3be014e52b31643d20ab65925?s=96&d=mm&r=g","caption":"Cristian Galarza"},"url":"http:\/\/www.radiohorizonte.fm\/radio\/author\/cristian\/"}]}},"_links":{"self":[{"href":"http:\/\/www.radiohorizonte.fm\/radio\/wp-json\/wp\/v2\/posts\/42194","targetHints":{"allow":["GET"]}}],"collection":[{"href":"http:\/\/www.radiohorizonte.fm\/radio\/wp-json\/wp\/v2\/posts"}],"about":[{"href":"http:\/\/www.radiohorizonte.fm\/radio\/wp-json\/wp\/v2\/types\/post"}],"author":[{"embeddable":true,"href":"http:\/\/www.radiohorizonte.fm\/radio\/wp-json\/wp\/v2\/users\/2"}],"replies":[{"embeddable":true,"href":"http:\/\/www.radiohorizonte.fm\/radio\/wp-json\/wp\/v2\/comments?post=42194"}],"version-history":[{"count":2,"href":"http:\/\/www.radiohorizonte.fm\/radio\/wp-json\/wp\/v2\/posts\/42194\/revisions"}],"predecessor-version":[{"id":42197,"href":"http:\/\/www.radiohorizonte.fm\/radio\/wp-json\/wp\/v2\/posts\/42194\/revisions\/42197"}],"wp:featuredmedia":[{"embeddable":true,"href":"http:\/\/www.radiohorizonte.fm\/radio\/wp-json\/wp\/v2\/media\/42195"}],"wp:attachment":[{"href":"http:\/\/www.radiohorizonte.fm\/radio\/wp-json\/wp\/v2\/media?parent=42194"}],"wp:term":[{"taxonomy":"category","embeddable":true,"href":"http:\/\/www.radiohorizonte.fm\/radio\/wp-json\/wp\/v2\/categories?post=42194"},{"taxonomy":"post_tag","embeddable":true,"href":"http:\/\/www.radiohorizonte.fm\/radio\/wp-json\/wp\/v2\/tags?post=42194"}],"curies":[{"name":"wp","href":"https:\/\/api.w.org\/{rel}","templated":true}]}}