{"id":42198,"date":"2023-10-02T09:56:47","date_gmt":"2023-10-02T12:56:47","guid":{"rendered":"http:\/\/www.radiohorizonte.fm\/radio\/?p=42198"},"modified":"2023-10-02T09:56:47","modified_gmt":"2023-10-02T12:56:47","slug":"vtv-que-vehiculos-quedan-exentos-de-realizar-la-verificacion","status":"publish","type":"post","link":"http:\/\/www.radiohorizonte.fm\/radio\/2023\/10\/02\/vtv-que-vehiculos-quedan-exentos-de-realizar-la-verificacion\/","title":{"rendered":"VTV: qu\u00e9 veh\u00edculos quedan exentos de realizar la verificaci\u00f3n"},"content":{"rendered":"<p>El Ministerio de Transporte anunci\u00f3 un fuerte aumento para la realizaci\u00f3n de la Verificaci\u00f3n T\u00e9cnica Vehicular. Sin embargo, hay personas que est\u00e1n excluidas de realizar dicho tramite.<br \/>\n<img loading=\"lazy\" decoding=\"async\" src=\"http:\/\/www.radiohorizonte.fm\/radio\/wp-content\/uploads\/2023\/10\/64b13ef8c9244.png\" alt=\"\" width=\"1024\" height=\"768\" class=\"alignnone size-full wp-image-42199\" srcset=\"http:\/\/www.radiohorizonte.fm\/radio\/wp-content\/uploads\/2023\/10\/64b13ef8c9244.png 1024w, http:\/\/www.radiohorizonte.fm\/radio\/wp-content\/uploads\/2023\/10\/64b13ef8c9244-300x225.png 300w, http:\/\/www.radiohorizonte.fm\/radio\/wp-content\/uploads\/2023\/10\/64b13ef8c9244-768x576.png 768w, http:\/\/www.radiohorizonte.fm\/radio\/wp-content\/uploads\/2023\/10\/64b13ef8c9244-65x49.png 65w, http:\/\/www.radiohorizonte.fm\/radio\/wp-content\/uploads\/2023\/10\/64b13ef8c9244-267x200.png 267w, http:\/\/www.radiohorizonte.fm\/radio\/wp-content\/uploads\/2023\/10\/64b13ef8c9244-85x64.png 85w, http:\/\/www.radiohorizonte.fm\/radio\/wp-content\/uploads\/2023\/10\/64b13ef8c9244-167x125.png 167w, http:\/\/www.radiohorizonte.fm\/radio\/wp-content\/uploads\/2023\/10\/64b13ef8c9244-90x68.png 90w\" sizes=\"auto, (max-width: 1024px) 100vw, 1024px\" \/><\/p>\n<p>Este aumento ya entr\u00f3 en vigencia a partir del viernes 22 de septiembre, es decir que todos los conductores que tendr\u00e1n que realizar la Verificaci\u00f3n T\u00e9cnica Vehicular (VTV) ya abonar\u00e1n con el nuevo valor. Hay que remarcar que el incremento se eleva hasta un 54% en comparaci\u00f3n con los costos previos.<\/p>\n<p>Cabe destacar que este aumento constituye el tercer ajuste realizado durante el presente a\u00f1o por el Ministerio de Transporte de la provincia de Buenos Aires, y afecta directamente a los automovilistas.<\/p>\n<p>Qu\u00e9 veh\u00edculos tienen que hacer la VTV y cu\u00e1les no<br \/>\nEs importante tener en cuenta que, a diferencia de una infracci\u00f3n de tr\u00e1fico, que depende del estricto cumplimiento de las normas viales, la Verificaci\u00f3n T\u00e9cnica Vehicular (VTV) se convierte en un requisito obligatorio para los veh\u00edculos de uso particular registrados en la provincia.<\/p>\n<p>Esta obligaci\u00f3n se aplica a los veh\u00edculos que tienen m\u00e1s de dos a\u00f1os de antig\u00fcedad o han recorrido m\u00e1s de 60 mil kil\u00f3metros.<\/p>\n<p>De todas formas, en la provincia de Buenos Aires establece que est\u00e1n exentos del pago del proceso (aunque no de la correspondiente inspecci\u00f3n) los veh\u00edculos destinados a servicios municipales, los pertenecientes al cuerpo de bomberos y aquellos que son propiedad de personas con discapacidades.<\/p>\n<p>Cu\u00e1nto cuesta la VTV<br \/>\nLos nuevos valores son:<\/p>\n<p>Para las motocicletas: $2.961,10.<br \/>\nPara los veh\u00edculos livianos, con un peso de hasta 2.500 Kg: $9.870,35.<br \/>\nEn cuanto a los veh\u00edculos de carga, que superen los 2.500 Kg: $17.766,62.<br \/>\nPara remolques, semirremolques y acoplados con un peso de hasta 2.500 Kg: $4.935,17.<br \/>\nPara remolques, semirremolques y acoplados de mayor peso, superior a 2.500 Kg: $8.883,31.<br \/>\nC\u00f3mo saber cu\u00e1ndo realizar la VTV<br \/>\nEl \u00faltimo n\u00famero de patente coincide con el mes en el que hay que hacerla. Quedan al margen enero y diciembre, meses que se dejan libres para personas con la oblea vencida.<\/p>\n<p>Patentes terminadas en 0: vencen el 31 de octubre.<br \/>\nPatentes terminadas en 1: vencen el 30 de noviembre.<br \/>\nPatentes terminadas en 2: vencen el 28 de febrero.<br \/>\nPatentes terminadas en 3: vencen el 31 de marzo.<br \/>\nPatentes terminadas en 4: vencen el 30 de abril.<br \/>\nPatentes terminadas en 5: vencen el 31 de mayo.<br \/>\nPatentes terminadas en 6: vencen el 30 de junio.<br \/>\nPatentes terminadas en 7: vencen el 31 de julio.<br \/>\nPatentes terminadas en 8: vencen el 31 de agosto.<br \/>\nPatentes terminadas en 9: vencen el 30 de septiembre.<\/p>\n","protected":false},"excerpt":{"rendered":"<div class=\"post-excerpt\"><p>El Ministerio de Transporte anunci\u00f3 un fuerte aumento para la realizaci\u00f3n de la Verificaci\u00f3n T\u00e9cnica Vehicular. Sin embargo, hay personas que est\u00e1n excluidas de realizar dicho tramite. Este aumento ya entr\u00f3 en vigencia a partir del viernes 22 de septiembre, es decir que todos los conductores que tendr\u00e1n que realizar la Verificaci\u00f3n T\u00e9cnica Vehicular (VTV)<\/p>\n<\/div>","protected":false},"author":2,"featured_media":42199,"comment_status":"closed","ping_status":"closed","sticky":false,"template":"","format":"standard","meta":{"_acf_changed":false,"footnotes":""},"categories":[2],"tags":[],"class_list":["post-42198","post","type-post","status-publish","format-standard","has-post-thumbnail","hentry","category-noticias"],"acf":[],"yoast_head":"<!-- This site is optimized with the Yoast SEO plugin v28.1 - https:\/\/yoast.com\/product\/yoast-seo-wordpress\/ -->\n<title>VTV: qu\u00e9 veh\u00edculos quedan exentos de realizar la verificaci\u00f3n - Horizonte<\/title>\n<meta name=\"robots\" content=\"index, follow, max-snippet:-1, max-image-preview:large, max-video-preview:-1\" \/>\n<link rel=\"canonical\" href=\"http:\/\/www.radiohorizonte.fm\/radio\/2023\/10\/02\/vtv-que-vehiculos-quedan-exentos-de-realizar-la-verificacion\/\" \/>\n<meta property=\"og:locale\" content=\"es_ES\" \/>\n<meta property=\"og:type\" content=\"article\" \/>\n<meta property=\"og:title\" content=\"VTV: qu\u00e9 veh\u00edculos quedan exentos de realizar la verificaci\u00f3n - Horizonte\" \/>\n<meta property=\"og:description\" content=\"El Ministerio de Transporte anunci\u00f3 un fuerte aumento para la realizaci\u00f3n de la Verificaci\u00f3n T\u00e9cnica Vehicular. Sin embargo, hay personas que est\u00e1n excluidas de realizar dicho tramite. Este aumento ya entr\u00f3 en vigencia a partir del viernes 22 de septiembre, es decir que todos los conductores que tendr\u00e1n que realizar la Verificaci\u00f3n T\u00e9cnica Vehicular (VTV)\" \/>\n<meta property=\"og:url\" content=\"http:\/\/www.radiohorizonte.fm\/radio\/2023\/10\/02\/vtv-que-vehiculos-quedan-exentos-de-realizar-la-verificacion\/\" \/>\n<meta property=\"og:site_name\" content=\"Horizonte\" \/>\n<meta property=\"article:publisher\" content=\"http:\/\/www.facebook.com\/HORIZONTE106.1\" \/>\n<meta property=\"article:published_time\" content=\"2023-10-02T12:56:47+00:00\" \/>\n<meta property=\"og:image\" content=\"http:\/\/www.radiohorizonte.fm\/radio\/wp-content\/uploads\/2023\/10\/64b13ef8c9244.png\" \/>\n\t<meta property=\"og:image:width\" content=\"1024\" \/>\n\t<meta property=\"og:image:height\" content=\"768\" \/>\n\t<meta property=\"og:image:type\" content=\"image\/png\" \/>\n<meta name=\"author\" content=\"Cristian Galarza\" \/>\n<meta name=\"twitter:card\" content=\"summary_large_image\" \/>\n<meta name=\"twitter:creator\" content=\"@fmhorizonte1061\" \/>\n<meta name=\"twitter:site\" content=\"@fmhorizonte1061\" \/>\n<meta name=\"twitter:label1\" content=\"Escrito por\" \/>\n\t<meta name=\"twitter:data1\" content=\"Cristian Galarza\" \/>\n\t<meta name=\"twitter:label2\" content=\"Tiempo de lectura\" \/>\n\t<meta name=\"twitter:data2\" content=\"2 minutos\" \/>\n<script type=\"application\/ld+json\" class=\"yoast-schema-graph\">{\"@context\":\"https:\\\/\\\/schema.org\",\"@graph\":[{\"@type\":\"Article\",\"@id\":\"http:\\\/\\\/www.radiohorizonte.fm\\\/radio\\\/2023\\\/10\\\/02\\\/vtv-que-vehiculos-quedan-exentos-de-realizar-la-verificacion\\\/#article\",\"isPartOf\":{\"@id\":\"http:\\\/\\\/www.radiohorizonte.fm\\\/radio\\\/2023\\\/10\\\/02\\\/vtv-que-vehiculos-quedan-exentos-de-realizar-la-verificacion\\\/\"},\"author\":{\"name\":\"Cristian Galarza\",\"@id\":\"http:\\\/\\\/www.radiohorizonte.fm\\\/radio\\\/#\\\/schema\\\/person\\\/f8fa003a405bb86729fd87d15d0ddafa\"},\"headline\":\"VTV: qu\u00e9 veh\u00edculos quedan exentos de realizar la verificaci\u00f3n\",\"datePublished\":\"2023-10-02T12:56:47+00:00\",\"mainEntityOfPage\":{\"@id\":\"http:\\\/\\\/www.radiohorizonte.fm\\\/radio\\\/2023\\\/10\\\/02\\\/vtv-que-vehiculos-quedan-exentos-de-realizar-la-verificacion\\\/\"},\"wordCount\":432,\"publisher\":{\"@id\":\"http:\\\/\\\/www.radiohorizonte.fm\\\/radio\\\/#organization\"},\"image\":{\"@id\":\"http:\\\/\\\/www.radiohorizonte.fm\\\/radio\\\/2023\\\/10\\\/02\\\/vtv-que-vehiculos-quedan-exentos-de-realizar-la-verificacion\\\/#primaryimage\"},\"thumbnailUrl\":\"http:\\\/\\\/www.radiohorizonte.fm\\\/radio\\\/wp-content\\\/uploads\\\/2023\\\/10\\\/64b13ef8c9244.png\",\"articleSection\":[\"Noticias\"],\"inLanguage\":\"es-AR\"},{\"@type\":\"WebPage\",\"@id\":\"http:\\\/\\\/www.radiohorizonte.fm\\\/radio\\\/2023\\\/10\\\/02\\\/vtv-que-vehiculos-quedan-exentos-de-realizar-la-verificacion\\\/\",\"url\":\"http:\\\/\\\/www.radiohorizonte.fm\\\/radio\\\/2023\\\/10\\\/02\\\/vtv-que-vehiculos-quedan-exentos-de-realizar-la-verificacion\\\/\",\"name\":\"VTV: qu\u00e9 veh\u00edculos quedan exentos de realizar la verificaci\u00f3n - Horizonte\",\"isPartOf\":{\"@id\":\"http:\\\/\\\/www.radiohorizonte.fm\\\/radio\\\/#website\"},\"primaryImageOfPage\":{\"@id\":\"http:\\\/\\\/www.radiohorizonte.fm\\\/radio\\\/2023\\\/10\\\/02\\\/vtv-que-vehiculos-quedan-exentos-de-realizar-la-verificacion\\\/#primaryimage\"},\"image\":{\"@id\":\"http:\\\/\\\/www.radiohorizonte.fm\\\/radio\\\/2023\\\/10\\\/02\\\/vtv-que-vehiculos-quedan-exentos-de-realizar-la-verificacion\\\/#primaryimage\"},\"thumbnailUrl\":\"http:\\\/\\\/www.radiohorizonte.fm\\\/radio\\\/wp-content\\\/uploads\\\/2023\\\/10\\\/64b13ef8c9244.png\",\"datePublished\":\"2023-10-02T12:56:47+00:00\",\"breadcrumb\":{\"@id\":\"http:\\\/\\\/www.radiohorizonte.fm\\\/radio\\\/2023\\\/10\\\/02\\\/vtv-que-vehiculos-quedan-exentos-de-realizar-la-verificacion\\\/#breadcrumb\"},\"inLanguage\":\"es-AR\",\"potentialAction\":[{\"@type\":\"ReadAction\",\"target\":[\"http:\\\/\\\/www.radiohorizonte.fm\\\/radio\\\/2023\\\/10\\\/02\\\/vtv-que-vehiculos-quedan-exentos-de-realizar-la-verificacion\\\/\"]}]},{\"@type\":\"ImageObject\",\"inLanguage\":\"es-AR\",\"@id\":\"http:\\\/\\\/www.radiohorizonte.fm\\\/radio\\\/2023\\\/10\\\/02\\\/vtv-que-vehiculos-quedan-exentos-de-realizar-la-verificacion\\\/#primaryimage\",\"url\":\"http:\\\/\\\/www.radiohorizonte.fm\\\/radio\\\/wp-content\\\/uploads\\\/2023\\\/10\\\/64b13ef8c9244.png\",\"contentUrl\":\"http:\\\/\\\/www.radiohorizonte.fm\\\/radio\\\/wp-content\\\/uploads\\\/2023\\\/10\\\/64b13ef8c9244.png\",\"width\":1024,\"height\":768},{\"@type\":\"BreadcrumbList\",\"@id\":\"http:\\\/\\\/www.radiohorizonte.fm\\\/radio\\\/2023\\\/10\\\/02\\\/vtv-que-vehiculos-quedan-exentos-de-realizar-la-verificacion\\\/#breadcrumb\",\"itemListElement\":[{\"@type\":\"ListItem\",\"position\":1,\"name\":\"Home\",\"item\":\"http:\\\/\\\/www.radiohorizonte.fm\\\/radio\\\/\"},{\"@type\":\"ListItem\",\"position\":2,\"name\":\"VTV: qu\u00e9 veh\u00edculos quedan exentos de realizar la verificaci\u00f3n\"}]},{\"@type\":\"WebSite\",\"@id\":\"http:\\\/\\\/www.radiohorizonte.fm\\\/radio\\\/#website\",\"url\":\"http:\\\/\\\/www.radiohorizonte.fm\\\/radio\\\/\",\"name\":\"Horizonte\",\"description\":\"Radio Horizonte 106.1 - Una radio de clasicos\",\"publisher\":{\"@id\":\"http:\\\/\\\/www.radiohorizonte.fm\\\/radio\\\/#organization\"},\"potentialAction\":[{\"@type\":\"SearchAction\",\"target\":{\"@type\":\"EntryPoint\",\"urlTemplate\":\"http:\\\/\\\/www.radiohorizonte.fm\\\/radio\\\/?s={search_term_string}\"},\"query-input\":{\"@type\":\"PropertyValueSpecification\",\"valueRequired\":true,\"valueName\":\"search_term_string\"}}],\"inLanguage\":\"es-AR\"},{\"@type\":\"Organization\",\"@id\":\"http:\\\/\\\/www.radiohorizonte.fm\\\/radio\\\/#organization\",\"name\":\"Horizonte\",\"url\":\"http:\\\/\\\/www.radiohorizonte.fm\\\/radio\\\/\",\"logo\":{\"@type\":\"ImageObject\",\"inLanguage\":\"es-AR\",\"@id\":\"http:\\\/\\\/www.radiohorizonte.fm\\\/radio\\\/#\\\/schema\\\/logo\\\/image\\\/\",\"url\":\"http:\\\/\\\/www.radiohorizonte.fm\\\/radio\\\/wp-content\\\/uploads\\\/2025\\\/06\\\/Portada-FM-Horizonte_modelo-imagen-scaled.jpg\",\"contentUrl\":\"http:\\\/\\\/www.radiohorizonte.fm\\\/radio\\\/wp-content\\\/uploads\\\/2025\\\/06\\\/Portada-FM-Horizonte_modelo-imagen-scaled.jpg\",\"width\":2560,\"height\":1056,\"caption\":\"Horizonte\"},\"image\":{\"@id\":\"http:\\\/\\\/www.radiohorizonte.fm\\\/radio\\\/#\\\/schema\\\/logo\\\/image\\\/\"},\"sameAs\":[\"http:\\\/\\\/www.facebook.com\\\/HORIZONTE106.1\",\"https:\\\/\\\/x.com\\\/fmhorizonte1061\"]},{\"@type\":\"Person\",\"@id\":\"http:\\\/\\\/www.radiohorizonte.fm\\\/radio\\\/#\\\/schema\\\/person\\\/f8fa003a405bb86729fd87d15d0ddafa\",\"name\":\"Cristian Galarza\",\"image\":{\"@type\":\"ImageObject\",\"inLanguage\":\"es-AR\",\"@id\":\"https:\\\/\\\/secure.gravatar.com\\\/avatar\\\/fad34bc2c773209c05d7d53b08a69b680eeb55f3be014e52b31643d20ab65925?s=96&d=mm&r=g\",\"url\":\"https:\\\/\\\/secure.gravatar.com\\\/avatar\\\/fad34bc2c773209c05d7d53b08a69b680eeb55f3be014e52b31643d20ab65925?s=96&d=mm&r=g\",\"contentUrl\":\"https:\\\/\\\/secure.gravatar.com\\\/avatar\\\/fad34bc2c773209c05d7d53b08a69b680eeb55f3be014e52b31643d20ab65925?s=96&d=mm&r=g\",\"caption\":\"Cristian Galarza\"},\"url\":\"http:\\\/\\\/www.radiohorizonte.fm\\\/radio\\\/author\\\/cristian\\\/\"}]}<\/script>\n<!-- \/ Yoast SEO plugin. -->","yoast_head_json":{"title":"VTV: qu\u00e9 veh\u00edculos quedan exentos de realizar la verificaci\u00f3n - Horizonte","robots":{"index":"index","follow":"follow","max-snippet":"max-snippet:-1","max-image-preview":"max-image-preview:large","max-video-preview":"max-video-preview:-1"},"canonical":"http:\/\/www.radiohorizonte.fm\/radio\/2023\/10\/02\/vtv-que-vehiculos-quedan-exentos-de-realizar-la-verificacion\/","og_locale":"es_ES","og_type":"article","og_title":"VTV: qu\u00e9 veh\u00edculos quedan exentos de realizar la verificaci\u00f3n - Horizonte","og_description":"El Ministerio de Transporte anunci\u00f3 un fuerte aumento para la realizaci\u00f3n de la Verificaci\u00f3n T\u00e9cnica Vehicular. Sin embargo, hay personas que est\u00e1n excluidas de realizar dicho tramite. Este aumento ya entr\u00f3 en vigencia a partir del viernes 22 de septiembre, es decir que todos los conductores que tendr\u00e1n que realizar la Verificaci\u00f3n T\u00e9cnica Vehicular (VTV)","og_url":"http:\/\/www.radiohorizonte.fm\/radio\/2023\/10\/02\/vtv-que-vehiculos-quedan-exentos-de-realizar-la-verificacion\/","og_site_name":"Horizonte","article_publisher":"http:\/\/www.facebook.com\/HORIZONTE106.1","article_published_time":"2023-10-02T12:56:47+00:00","og_image":[{"width":1024,"height":768,"url":"http:\/\/www.radiohorizonte.fm\/radio\/wp-content\/uploads\/2023\/10\/64b13ef8c9244.png","type":"image\/png"}],"author":"Cristian Galarza","twitter_card":"summary_large_image","twitter_creator":"@fmhorizonte1061","twitter_site":"@fmhorizonte1061","twitter_misc":{"Escrito por":"Cristian Galarza","Tiempo de lectura":"2 minutos"},"schema":{"@context":"https:\/\/schema.org","@graph":[{"@type":"Article","@id":"http:\/\/www.radiohorizonte.fm\/radio\/2023\/10\/02\/vtv-que-vehiculos-quedan-exentos-de-realizar-la-verificacion\/#article","isPartOf":{"@id":"http:\/\/www.radiohorizonte.fm\/radio\/2023\/10\/02\/vtv-que-vehiculos-quedan-exentos-de-realizar-la-verificacion\/"},"author":{"name":"Cristian Galarza","@id":"http:\/\/www.radiohorizonte.fm\/radio\/#\/schema\/person\/f8fa003a405bb86729fd87d15d0ddafa"},"headline":"VTV: qu\u00e9 veh\u00edculos quedan exentos de realizar la verificaci\u00f3n","datePublished":"2023-10-02T12:56:47+00:00","mainEntityOfPage":{"@id":"http:\/\/www.radiohorizonte.fm\/radio\/2023\/10\/02\/vtv-que-vehiculos-quedan-exentos-de-realizar-la-verificacion\/"},"wordCount":432,"publisher":{"@id":"http:\/\/www.radiohorizonte.fm\/radio\/#organization"},"image":{"@id":"http:\/\/www.radiohorizonte.fm\/radio\/2023\/10\/02\/vtv-que-vehiculos-quedan-exentos-de-realizar-la-verificacion\/#primaryimage"},"thumbnailUrl":"http:\/\/www.radiohorizonte.fm\/radio\/wp-content\/uploads\/2023\/10\/64b13ef8c9244.png","articleSection":["Noticias"],"inLanguage":"es-AR"},{"@type":"WebPage","@id":"http:\/\/www.radiohorizonte.fm\/radio\/2023\/10\/02\/vtv-que-vehiculos-quedan-exentos-de-realizar-la-verificacion\/","url":"http:\/\/www.radiohorizonte.fm\/radio\/2023\/10\/02\/vtv-que-vehiculos-quedan-exentos-de-realizar-la-verificacion\/","name":"VTV: qu\u00e9 veh\u00edculos quedan exentos de realizar la verificaci\u00f3n - Horizonte","isPartOf":{"@id":"http:\/\/www.radiohorizonte.fm\/radio\/#website"},"primaryImageOfPage":{"@id":"http:\/\/www.radiohorizonte.fm\/radio\/2023\/10\/02\/vtv-que-vehiculos-quedan-exentos-de-realizar-la-verificacion\/#primaryimage"},"image":{"@id":"http:\/\/www.radiohorizonte.fm\/radio\/2023\/10\/02\/vtv-que-vehiculos-quedan-exentos-de-realizar-la-verificacion\/#primaryimage"},"thumbnailUrl":"http:\/\/www.radiohorizonte.fm\/radio\/wp-content\/uploads\/2023\/10\/64b13ef8c9244.png","datePublished":"2023-10-02T12:56:47+00:00","breadcrumb":{"@id":"http:\/\/www.radiohorizonte.fm\/radio\/2023\/10\/02\/vtv-que-vehiculos-quedan-exentos-de-realizar-la-verificacion\/#breadcrumb"},"inLanguage":"es-AR","potentialAction":[{"@type":"ReadAction","target":["http:\/\/www.radiohorizonte.fm\/radio\/2023\/10\/02\/vtv-que-vehiculos-quedan-exentos-de-realizar-la-verificacion\/"]}]},{"@type":"ImageObject","inLanguage":"es-AR","@id":"http:\/\/www.radiohorizonte.fm\/radio\/2023\/10\/02\/vtv-que-vehiculos-quedan-exentos-de-realizar-la-verificacion\/#primaryimage","url":"http:\/\/www.radiohorizonte.fm\/radio\/wp-content\/uploads\/2023\/10\/64b13ef8c9244.png","contentUrl":"http:\/\/www.radiohorizonte.fm\/radio\/wp-content\/uploads\/2023\/10\/64b13ef8c9244.png","width":1024,"height":768},{"@type":"BreadcrumbList","@id":"http:\/\/www.radiohorizonte.fm\/radio\/2023\/10\/02\/vtv-que-vehiculos-quedan-exentos-de-realizar-la-verificacion\/#breadcrumb","itemListElement":[{"@type":"ListItem","position":1,"name":"Home","item":"http:\/\/www.radiohorizonte.fm\/radio\/"},{"@type":"ListItem","position":2,"name":"VTV: qu\u00e9 veh\u00edculos quedan exentos de realizar la verificaci\u00f3n"}]},{"@type":"WebSite","@id":"http:\/\/www.radiohorizonte.fm\/radio\/#website","url":"http:\/\/www.radiohorizonte.fm\/radio\/","name":"Horizonte","description":"Radio Horizonte 106.1 - Una radio de clasicos","publisher":{"@id":"http:\/\/www.radiohorizonte.fm\/radio\/#organization"},"potentialAction":[{"@type":"SearchAction","target":{"@type":"EntryPoint","urlTemplate":"http:\/\/www.radiohorizonte.fm\/radio\/?s={search_term_string}"},"query-input":{"@type":"PropertyValueSpecification","valueRequired":true,"valueName":"search_term_string"}}],"inLanguage":"es-AR"},{"@type":"Organization","@id":"http:\/\/www.radiohorizonte.fm\/radio\/#organization","name":"Horizonte","url":"http:\/\/www.radiohorizonte.fm\/radio\/","logo":{"@type":"ImageObject","inLanguage":"es-AR","@id":"http:\/\/www.radiohorizonte.fm\/radio\/#\/schema\/logo\/image\/","url":"http:\/\/www.radiohorizonte.fm\/radio\/wp-content\/uploads\/2025\/06\/Portada-FM-Horizonte_modelo-imagen-scaled.jpg","contentUrl":"http:\/\/www.radiohorizonte.fm\/radio\/wp-content\/uploads\/2025\/06\/Portada-FM-Horizonte_modelo-imagen-scaled.jpg","width":2560,"height":1056,"caption":"Horizonte"},"image":{"@id":"http:\/\/www.radiohorizonte.fm\/radio\/#\/schema\/logo\/image\/"},"sameAs":["http:\/\/www.facebook.com\/HORIZONTE106.1","https:\/\/x.com\/fmhorizonte1061"]},{"@type":"Person","@id":"http:\/\/www.radiohorizonte.fm\/radio\/#\/schema\/person\/f8fa003a405bb86729fd87d15d0ddafa","name":"Cristian Galarza","image":{"@type":"ImageObject","inLanguage":"es-AR","@id":"https:\/\/secure.gravatar.com\/avatar\/fad34bc2c773209c05d7d53b08a69b680eeb55f3be014e52b31643d20ab65925?s=96&d=mm&r=g","url":"https:\/\/secure.gravatar.com\/avatar\/fad34bc2c773209c05d7d53b08a69b680eeb55f3be014e52b31643d20ab65925?s=96&d=mm&r=g","contentUrl":"https:\/\/secure.gravatar.com\/avatar\/fad34bc2c773209c05d7d53b08a69b680eeb55f3be014e52b31643d20ab65925?s=96&d=mm&r=g","caption":"Cristian Galarza"},"url":"http:\/\/www.radiohorizonte.fm\/radio\/author\/cristian\/"}]}},"_links":{"self":[{"href":"http:\/\/www.radiohorizonte.fm\/radio\/wp-json\/wp\/v2\/posts\/42198","targetHints":{"allow":["GET"]}}],"collection":[{"href":"http:\/\/www.radiohorizonte.fm\/radio\/wp-json\/wp\/v2\/posts"}],"about":[{"href":"http:\/\/www.radiohorizonte.fm\/radio\/wp-json\/wp\/v2\/types\/post"}],"author":[{"embeddable":true,"href":"http:\/\/www.radiohorizonte.fm\/radio\/wp-json\/wp\/v2\/users\/2"}],"replies":[{"embeddable":true,"href":"http:\/\/www.radiohorizonte.fm\/radio\/wp-json\/wp\/v2\/comments?post=42198"}],"version-history":[{"count":1,"href":"http:\/\/www.radiohorizonte.fm\/radio\/wp-json\/wp\/v2\/posts\/42198\/revisions"}],"predecessor-version":[{"id":42200,"href":"http:\/\/www.radiohorizonte.fm\/radio\/wp-json\/wp\/v2\/posts\/42198\/revisions\/42200"}],"wp:featuredmedia":[{"embeddable":true,"href":"http:\/\/www.radiohorizonte.fm\/radio\/wp-json\/wp\/v2\/media\/42199"}],"wp:attachment":[{"href":"http:\/\/www.radiohorizonte.fm\/radio\/wp-json\/wp\/v2\/media?parent=42198"}],"wp:term":[{"taxonomy":"category","embeddable":true,"href":"http:\/\/www.radiohorizonte.fm\/radio\/wp-json\/wp\/v2\/categories?post=42198"},{"taxonomy":"post_tag","embeddable":true,"href":"http:\/\/www.radiohorizonte.fm\/radio\/wp-json\/wp\/v2\/tags?post=42198"}],"curies":[{"name":"wp","href":"https:\/\/api.w.org\/{rel}","templated":true}]}}