{"id":42207,"date":"2023-10-03T07:16:04","date_gmt":"2023-10-03T10:16:04","guid":{"rendered":"http:\/\/www.radiohorizonte.fm\/radio\/?p=42207"},"modified":"2023-10-03T07:16:04","modified_gmt":"2023-10-03T10:16:04","slug":"construiran-una-comisaria-en-uno-de-los-campus-de-la-unne","status":"publish","type":"post","link":"http:\/\/www.radiohorizonte.fm\/radio\/2023\/10\/03\/construiran-una-comisaria-en-uno-de-los-campus-de-la-unne\/","title":{"rendered":"Construir\u00e1n una comisar\u00eda en uno de los campus de la Unne"},"content":{"rendered":"<div class=\"item is-12 mnp\">\n<div class=\"articulo__intro\">El gobernador, Gustavo Vald\u00e9s, y el rector de la universidad, Omar Larroza, firmaron\u00a0un convenio de cooperaci\u00f3n.<\/div>\n<\/div>\n<div class=\"item articulo__main\">\u00a0<img loading=\"lazy\" decoding=\"async\" class=\"alignnone size-full wp-image-42208\" src=\"http:\/\/www.radiohorizonte.fm\/radio\/wp-content\/uploads\/2023\/10\/1696265966736.jpg\" alt=\"\" width=\"770\" height=\"440\" srcset=\"http:\/\/www.radiohorizonte.fm\/radio\/wp-content\/uploads\/2023\/10\/1696265966736.jpg 770w, http:\/\/www.radiohorizonte.fm\/radio\/wp-content\/uploads\/2023\/10\/1696265966736-300x171.jpg 300w, http:\/\/www.radiohorizonte.fm\/radio\/wp-content\/uploads\/2023\/10\/1696265966736-768x439.jpg 768w, http:\/\/www.radiohorizonte.fm\/radio\/wp-content\/uploads\/2023\/10\/1696265966736-65x37.jpg 65w, http:\/\/www.radiohorizonte.fm\/radio\/wp-content\/uploads\/2023\/10\/1696265966736-320x183.jpg 320w, http:\/\/www.radiohorizonte.fm\/radio\/wp-content\/uploads\/2023\/10\/1696265966736-85x49.jpg 85w, http:\/\/www.radiohorizonte.fm\/radio\/wp-content\/uploads\/2023\/10\/1696265966736-220x125.jpg 220w, http:\/\/www.radiohorizonte.fm\/radio\/wp-content\/uploads\/2023\/10\/1696265966736-90x51.jpg 90w\" sizes=\"auto, (max-width: 770px) 100vw, 770px\" \/><\/div>\n<div>\n<p>El gobernador, Gustavo Vald\u00e9s, y el rector de la Universidad Nacional del Nordeste (Unne), Omar Larroza, suscribieron este lunes un Convenio de Cooperaci\u00f3n por medio del cual la Unne\u00a0cede a la provincia un terreno ubicado dentro del Campus Deodoro Roca, que ser\u00e1 destinado a la construcci\u00f3n de una comisaria.<\/p>\n<div class=\"fixed-container f_height\"><img decoding=\"async\" class=\"i-amphtml-fill-content i-amphtml-replaced-content\" src=\"https:\/\/pxc.cdn.ellitoral.com.ar\/litoral\/102023\/1696266315623.webp?cw=1024&amp;ch=683&amp;extw=jpg\" alt=\"Construir\u00e1n una comisar\u00eda en uno de los campus de la Unne\" \/><\/div>\n<p>El lugar se encuentra a 20 metros del canal de Vialidad sobre la avenida Libertad, al este de la Facultad de Derecho y Ciencias Sociales y Pol\u00edticas, con una dimensi\u00f3n de 50 metros de frente por 50 metros de fondo.<\/p>\n<p>Vald\u00e9s destac\u00f3 que la construcci\u00f3n de la futura comisar\u00eda brindar\u00e1 tanto asistencia como prevenci\u00f3n a la comunidad universitaria y sus barrios aleda\u00f1os.<\/p>\n<div class=\"container_publi\" data-tipo=\"tipo_desktop \" data-pos=\"AMP_P1_cuerpo\"><\/div>\n<p>\u201cInscripto en el Plan de Seguridad Urbana del Ministerio de Seguridad de la Provincia, esta obra ser\u00e1 posible gracias al trabajo colaborativo de la UNNE que cedi\u00f3 el terreno y el Gobierno de Corrientes que financiar\u00e1 la edificaci\u00f3n\u201d, puso de relieve el mandatario, enfatizando que \u201ccon visi\u00f3n integral, Corrientes avanza\u201d.<\/p>\n<p>Por su parte,\u00a0Larroza, celebr\u00f3 la firma de este convenio, subrayando que se trata de pol\u00edticas p\u00fablicas y de un trabajo articulado con la provincia que permitir\u00e1 ofrecer un mejor servicio de seguridad a la comunidad en la zona del Campus y sus adyacencias.<\/p>\n<p>\u201cLa Universidad tiene una responsabilidad social con los ciudadanos y este es nuestro aporte para que se pueda construir una comisaria, respondiendo a las demandas de la gente\u201d, manifest\u00f3 Larroza.<\/p>\n<p>Este Acuerdo tiene como objetivo el mejoramiento de la seguridad del Campus Deodoro Roca, ubicado sobre Avenida Libertad y de las zonas aleda\u00f1as.\u00a0\u00a0Tambi\u00e9n redundara en beneficio de la comunidad universitaria y su vinculaci\u00f3n con el tejido urbano.<\/p>\n<\/div>\n","protected":false},"excerpt":{"rendered":"<div class=\"post-excerpt\"><p>El gobernador, Gustavo Vald\u00e9s, y el rector de la universidad, Omar Larroza, firmaron\u00a0un convenio de cooperaci\u00f3n. \u00a0 El gobernador, Gustavo Vald\u00e9s, y el rector de la Universidad Nacional del Nordeste (Unne), Omar Larroza, suscribieron este lunes un Convenio de Cooperaci\u00f3n por medio del cual la Unne\u00a0cede a la provincia un terreno ubicado dentro del Campus<\/p>\n<\/div>","protected":false},"author":2,"featured_media":42208,"comment_status":"closed","ping_status":"closed","sticky":false,"template":"","format":"standard","meta":{"_acf_changed":false,"footnotes":""},"categories":[2],"tags":[],"class_list":["post-42207","post","type-post","status-publish","format-standard","has-post-thumbnail","hentry","category-noticias"],"acf":[],"yoast_head":"<!-- This site is optimized with the Yoast SEO plugin v28.1 - https:\/\/yoast.com\/product\/yoast-seo-wordpress\/ -->\n<title>Construir\u00e1n una comisar\u00eda en uno de los campus de la Unne - Horizonte<\/title>\n<meta name=\"robots\" content=\"index, follow, max-snippet:-1, max-image-preview:large, max-video-preview:-1\" \/>\n<link rel=\"canonical\" href=\"http:\/\/www.radiohorizonte.fm\/radio\/2023\/10\/03\/construiran-una-comisaria-en-uno-de-los-campus-de-la-unne\/\" \/>\n<meta property=\"og:locale\" content=\"es_ES\" \/>\n<meta property=\"og:type\" content=\"article\" \/>\n<meta property=\"og:title\" content=\"Construir\u00e1n una comisar\u00eda en uno de los campus de la Unne - Horizonte\" \/>\n<meta property=\"og:description\" content=\"El gobernador, Gustavo Vald\u00e9s, y el rector de la universidad, Omar Larroza, firmaron\u00a0un convenio de cooperaci\u00f3n. \u00a0 El gobernador, Gustavo Vald\u00e9s, y el rector de la Universidad Nacional del Nordeste (Unne), Omar Larroza, suscribieron este lunes un Convenio de Cooperaci\u00f3n por medio del cual la Unne\u00a0cede a la provincia un terreno ubicado dentro del Campus\" \/>\n<meta property=\"og:url\" content=\"http:\/\/www.radiohorizonte.fm\/radio\/2023\/10\/03\/construiran-una-comisaria-en-uno-de-los-campus-de-la-unne\/\" \/>\n<meta property=\"og:site_name\" content=\"Horizonte\" \/>\n<meta property=\"article:publisher\" content=\"http:\/\/www.facebook.com\/HORIZONTE106.1\" \/>\n<meta property=\"article:published_time\" content=\"2023-10-03T10:16:04+00:00\" \/>\n<meta property=\"og:image\" content=\"http:\/\/www.radiohorizonte.fm\/radio\/wp-content\/uploads\/2023\/10\/1696265966736.jpg\" \/>\n\t<meta property=\"og:image:width\" content=\"770\" \/>\n\t<meta property=\"og:image:height\" content=\"440\" \/>\n\t<meta property=\"og:image:type\" content=\"image\/jpeg\" \/>\n<meta name=\"author\" content=\"Cristian Galarza\" \/>\n<meta name=\"twitter:card\" content=\"summary_large_image\" \/>\n<meta name=\"twitter:creator\" content=\"@fmhorizonte1061\" \/>\n<meta name=\"twitter:site\" content=\"@fmhorizonte1061\" \/>\n<meta name=\"twitter:label1\" content=\"Escrito por\" \/>\n\t<meta name=\"twitter:data1\" content=\"Cristian Galarza\" \/>\n\t<meta name=\"twitter:label2\" content=\"Tiempo de lectura\" \/>\n\t<meta name=\"twitter:data2\" content=\"2 minutos\" \/>\n<script type=\"application\/ld+json\" class=\"yoast-schema-graph\">{\"@context\":\"https:\\\/\\\/schema.org\",\"@graph\":[{\"@type\":\"Article\",\"@id\":\"http:\\\/\\\/www.radiohorizonte.fm\\\/radio\\\/2023\\\/10\\\/03\\\/construiran-una-comisaria-en-uno-de-los-campus-de-la-unne\\\/#article\",\"isPartOf\":{\"@id\":\"http:\\\/\\\/www.radiohorizonte.fm\\\/radio\\\/2023\\\/10\\\/03\\\/construiran-una-comisaria-en-uno-de-los-campus-de-la-unne\\\/\"},\"author\":{\"name\":\"Cristian Galarza\",\"@id\":\"http:\\\/\\\/www.radiohorizonte.fm\\\/radio\\\/#\\\/schema\\\/person\\\/f8fa003a405bb86729fd87d15d0ddafa\"},\"headline\":\"Construir\u00e1n una comisar\u00eda en uno de los campus de la Unne\",\"datePublished\":\"2023-10-03T10:16:04+00:00\",\"mainEntityOfPage\":{\"@id\":\"http:\\\/\\\/www.radiohorizonte.fm\\\/radio\\\/2023\\\/10\\\/03\\\/construiran-una-comisaria-en-uno-de-los-campus-de-la-unne\\\/\"},\"wordCount\":320,\"publisher\":{\"@id\":\"http:\\\/\\\/www.radiohorizonte.fm\\\/radio\\\/#organization\"},\"image\":{\"@id\":\"http:\\\/\\\/www.radiohorizonte.fm\\\/radio\\\/2023\\\/10\\\/03\\\/construiran-una-comisaria-en-uno-de-los-campus-de-la-unne\\\/#primaryimage\"},\"thumbnailUrl\":\"http:\\\/\\\/www.radiohorizonte.fm\\\/radio\\\/wp-content\\\/uploads\\\/2023\\\/10\\\/1696265966736.jpg\",\"articleSection\":[\"Noticias\"],\"inLanguage\":\"es-AR\"},{\"@type\":\"WebPage\",\"@id\":\"http:\\\/\\\/www.radiohorizonte.fm\\\/radio\\\/2023\\\/10\\\/03\\\/construiran-una-comisaria-en-uno-de-los-campus-de-la-unne\\\/\",\"url\":\"http:\\\/\\\/www.radiohorizonte.fm\\\/radio\\\/2023\\\/10\\\/03\\\/construiran-una-comisaria-en-uno-de-los-campus-de-la-unne\\\/\",\"name\":\"Construir\u00e1n una comisar\u00eda en uno de los campus de la Unne - Horizonte\",\"isPartOf\":{\"@id\":\"http:\\\/\\\/www.radiohorizonte.fm\\\/radio\\\/#website\"},\"primaryImageOfPage\":{\"@id\":\"http:\\\/\\\/www.radiohorizonte.fm\\\/radio\\\/2023\\\/10\\\/03\\\/construiran-una-comisaria-en-uno-de-los-campus-de-la-unne\\\/#primaryimage\"},\"image\":{\"@id\":\"http:\\\/\\\/www.radiohorizonte.fm\\\/radio\\\/2023\\\/10\\\/03\\\/construiran-una-comisaria-en-uno-de-los-campus-de-la-unne\\\/#primaryimage\"},\"thumbnailUrl\":\"http:\\\/\\\/www.radiohorizonte.fm\\\/radio\\\/wp-content\\\/uploads\\\/2023\\\/10\\\/1696265966736.jpg\",\"datePublished\":\"2023-10-03T10:16:04+00:00\",\"breadcrumb\":{\"@id\":\"http:\\\/\\\/www.radiohorizonte.fm\\\/radio\\\/2023\\\/10\\\/03\\\/construiran-una-comisaria-en-uno-de-los-campus-de-la-unne\\\/#breadcrumb\"},\"inLanguage\":\"es-AR\",\"potentialAction\":[{\"@type\":\"ReadAction\",\"target\":[\"http:\\\/\\\/www.radiohorizonte.fm\\\/radio\\\/2023\\\/10\\\/03\\\/construiran-una-comisaria-en-uno-de-los-campus-de-la-unne\\\/\"]}]},{\"@type\":\"ImageObject\",\"inLanguage\":\"es-AR\",\"@id\":\"http:\\\/\\\/www.radiohorizonte.fm\\\/radio\\\/2023\\\/10\\\/03\\\/construiran-una-comisaria-en-uno-de-los-campus-de-la-unne\\\/#primaryimage\",\"url\":\"http:\\\/\\\/www.radiohorizonte.fm\\\/radio\\\/wp-content\\\/uploads\\\/2023\\\/10\\\/1696265966736.jpg\",\"contentUrl\":\"http:\\\/\\\/www.radiohorizonte.fm\\\/radio\\\/wp-content\\\/uploads\\\/2023\\\/10\\\/1696265966736.jpg\",\"width\":770,\"height\":440},{\"@type\":\"BreadcrumbList\",\"@id\":\"http:\\\/\\\/www.radiohorizonte.fm\\\/radio\\\/2023\\\/10\\\/03\\\/construiran-una-comisaria-en-uno-de-los-campus-de-la-unne\\\/#breadcrumb\",\"itemListElement\":[{\"@type\":\"ListItem\",\"position\":1,\"name\":\"Home\",\"item\":\"http:\\\/\\\/www.radiohorizonte.fm\\\/radio\\\/\"},{\"@type\":\"ListItem\",\"position\":2,\"name\":\"Construir\u00e1n una comisar\u00eda en uno de los campus de la Unne\"}]},{\"@type\":\"WebSite\",\"@id\":\"http:\\\/\\\/www.radiohorizonte.fm\\\/radio\\\/#website\",\"url\":\"http:\\\/\\\/www.radiohorizonte.fm\\\/radio\\\/\",\"name\":\"Horizonte\",\"description\":\"Radio Horizonte 106.1 - Una radio de clasicos\",\"publisher\":{\"@id\":\"http:\\\/\\\/www.radiohorizonte.fm\\\/radio\\\/#organization\"},\"potentialAction\":[{\"@type\":\"SearchAction\",\"target\":{\"@type\":\"EntryPoint\",\"urlTemplate\":\"http:\\\/\\\/www.radiohorizonte.fm\\\/radio\\\/?s={search_term_string}\"},\"query-input\":{\"@type\":\"PropertyValueSpecification\",\"valueRequired\":true,\"valueName\":\"search_term_string\"}}],\"inLanguage\":\"es-AR\"},{\"@type\":\"Organization\",\"@id\":\"http:\\\/\\\/www.radiohorizonte.fm\\\/radio\\\/#organization\",\"name\":\"Horizonte\",\"url\":\"http:\\\/\\\/www.radiohorizonte.fm\\\/radio\\\/\",\"logo\":{\"@type\":\"ImageObject\",\"inLanguage\":\"es-AR\",\"@id\":\"http:\\\/\\\/www.radiohorizonte.fm\\\/radio\\\/#\\\/schema\\\/logo\\\/image\\\/\",\"url\":\"http:\\\/\\\/www.radiohorizonte.fm\\\/radio\\\/wp-content\\\/uploads\\\/2025\\\/06\\\/Portada-FM-Horizonte_modelo-imagen-scaled.jpg\",\"contentUrl\":\"http:\\\/\\\/www.radiohorizonte.fm\\\/radio\\\/wp-content\\\/uploads\\\/2025\\\/06\\\/Portada-FM-Horizonte_modelo-imagen-scaled.jpg\",\"width\":2560,\"height\":1056,\"caption\":\"Horizonte\"},\"image\":{\"@id\":\"http:\\\/\\\/www.radiohorizonte.fm\\\/radio\\\/#\\\/schema\\\/logo\\\/image\\\/\"},\"sameAs\":[\"http:\\\/\\\/www.facebook.com\\\/HORIZONTE106.1\",\"https:\\\/\\\/x.com\\\/fmhorizonte1061\"]},{\"@type\":\"Person\",\"@id\":\"http:\\\/\\\/www.radiohorizonte.fm\\\/radio\\\/#\\\/schema\\\/person\\\/f8fa003a405bb86729fd87d15d0ddafa\",\"name\":\"Cristian Galarza\",\"image\":{\"@type\":\"ImageObject\",\"inLanguage\":\"es-AR\",\"@id\":\"https:\\\/\\\/secure.gravatar.com\\\/avatar\\\/fad34bc2c773209c05d7d53b08a69b680eeb55f3be014e52b31643d20ab65925?s=96&d=mm&r=g\",\"url\":\"https:\\\/\\\/secure.gravatar.com\\\/avatar\\\/fad34bc2c773209c05d7d53b08a69b680eeb55f3be014e52b31643d20ab65925?s=96&d=mm&r=g\",\"contentUrl\":\"https:\\\/\\\/secure.gravatar.com\\\/avatar\\\/fad34bc2c773209c05d7d53b08a69b680eeb55f3be014e52b31643d20ab65925?s=96&d=mm&r=g\",\"caption\":\"Cristian Galarza\"},\"url\":\"http:\\\/\\\/www.radiohorizonte.fm\\\/radio\\\/author\\\/cristian\\\/\"}]}<\/script>\n<!-- \/ Yoast SEO plugin. -->","yoast_head_json":{"title":"Construir\u00e1n una comisar\u00eda en uno de los campus de la Unne - Horizonte","robots":{"index":"index","follow":"follow","max-snippet":"max-snippet:-1","max-image-preview":"max-image-preview:large","max-video-preview":"max-video-preview:-1"},"canonical":"http:\/\/www.radiohorizonte.fm\/radio\/2023\/10\/03\/construiran-una-comisaria-en-uno-de-los-campus-de-la-unne\/","og_locale":"es_ES","og_type":"article","og_title":"Construir\u00e1n una comisar\u00eda en uno de los campus de la Unne - Horizonte","og_description":"El gobernador, Gustavo Vald\u00e9s, y el rector de la universidad, Omar Larroza, firmaron\u00a0un convenio de cooperaci\u00f3n. \u00a0 El gobernador, Gustavo Vald\u00e9s, y el rector de la Universidad Nacional del Nordeste (Unne), Omar Larroza, suscribieron este lunes un Convenio de Cooperaci\u00f3n por medio del cual la Unne\u00a0cede a la provincia un terreno ubicado dentro del Campus","og_url":"http:\/\/www.radiohorizonte.fm\/radio\/2023\/10\/03\/construiran-una-comisaria-en-uno-de-los-campus-de-la-unne\/","og_site_name":"Horizonte","article_publisher":"http:\/\/www.facebook.com\/HORIZONTE106.1","article_published_time":"2023-10-03T10:16:04+00:00","og_image":[{"width":770,"height":440,"url":"http:\/\/www.radiohorizonte.fm\/radio\/wp-content\/uploads\/2023\/10\/1696265966736.jpg","type":"image\/jpeg"}],"author":"Cristian Galarza","twitter_card":"summary_large_image","twitter_creator":"@fmhorizonte1061","twitter_site":"@fmhorizonte1061","twitter_misc":{"Escrito por":"Cristian Galarza","Tiempo de lectura":"2 minutos"},"schema":{"@context":"https:\/\/schema.org","@graph":[{"@type":"Article","@id":"http:\/\/www.radiohorizonte.fm\/radio\/2023\/10\/03\/construiran-una-comisaria-en-uno-de-los-campus-de-la-unne\/#article","isPartOf":{"@id":"http:\/\/www.radiohorizonte.fm\/radio\/2023\/10\/03\/construiran-una-comisaria-en-uno-de-los-campus-de-la-unne\/"},"author":{"name":"Cristian Galarza","@id":"http:\/\/www.radiohorizonte.fm\/radio\/#\/schema\/person\/f8fa003a405bb86729fd87d15d0ddafa"},"headline":"Construir\u00e1n una comisar\u00eda en uno de los campus de la Unne","datePublished":"2023-10-03T10:16:04+00:00","mainEntityOfPage":{"@id":"http:\/\/www.radiohorizonte.fm\/radio\/2023\/10\/03\/construiran-una-comisaria-en-uno-de-los-campus-de-la-unne\/"},"wordCount":320,"publisher":{"@id":"http:\/\/www.radiohorizonte.fm\/radio\/#organization"},"image":{"@id":"http:\/\/www.radiohorizonte.fm\/radio\/2023\/10\/03\/construiran-una-comisaria-en-uno-de-los-campus-de-la-unne\/#primaryimage"},"thumbnailUrl":"http:\/\/www.radiohorizonte.fm\/radio\/wp-content\/uploads\/2023\/10\/1696265966736.jpg","articleSection":["Noticias"],"inLanguage":"es-AR"},{"@type":"WebPage","@id":"http:\/\/www.radiohorizonte.fm\/radio\/2023\/10\/03\/construiran-una-comisaria-en-uno-de-los-campus-de-la-unne\/","url":"http:\/\/www.radiohorizonte.fm\/radio\/2023\/10\/03\/construiran-una-comisaria-en-uno-de-los-campus-de-la-unne\/","name":"Construir\u00e1n una comisar\u00eda en uno de los campus de la Unne - Horizonte","isPartOf":{"@id":"http:\/\/www.radiohorizonte.fm\/radio\/#website"},"primaryImageOfPage":{"@id":"http:\/\/www.radiohorizonte.fm\/radio\/2023\/10\/03\/construiran-una-comisaria-en-uno-de-los-campus-de-la-unne\/#primaryimage"},"image":{"@id":"http:\/\/www.radiohorizonte.fm\/radio\/2023\/10\/03\/construiran-una-comisaria-en-uno-de-los-campus-de-la-unne\/#primaryimage"},"thumbnailUrl":"http:\/\/www.radiohorizonte.fm\/radio\/wp-content\/uploads\/2023\/10\/1696265966736.jpg","datePublished":"2023-10-03T10:16:04+00:00","breadcrumb":{"@id":"http:\/\/www.radiohorizonte.fm\/radio\/2023\/10\/03\/construiran-una-comisaria-en-uno-de-los-campus-de-la-unne\/#breadcrumb"},"inLanguage":"es-AR","potentialAction":[{"@type":"ReadAction","target":["http:\/\/www.radiohorizonte.fm\/radio\/2023\/10\/03\/construiran-una-comisaria-en-uno-de-los-campus-de-la-unne\/"]}]},{"@type":"ImageObject","inLanguage":"es-AR","@id":"http:\/\/www.radiohorizonte.fm\/radio\/2023\/10\/03\/construiran-una-comisaria-en-uno-de-los-campus-de-la-unne\/#primaryimage","url":"http:\/\/www.radiohorizonte.fm\/radio\/wp-content\/uploads\/2023\/10\/1696265966736.jpg","contentUrl":"http:\/\/www.radiohorizonte.fm\/radio\/wp-content\/uploads\/2023\/10\/1696265966736.jpg","width":770,"height":440},{"@type":"BreadcrumbList","@id":"http:\/\/www.radiohorizonte.fm\/radio\/2023\/10\/03\/construiran-una-comisaria-en-uno-de-los-campus-de-la-unne\/#breadcrumb","itemListElement":[{"@type":"ListItem","position":1,"name":"Home","item":"http:\/\/www.radiohorizonte.fm\/radio\/"},{"@type":"ListItem","position":2,"name":"Construir\u00e1n una comisar\u00eda en uno de los campus de la Unne"}]},{"@type":"WebSite","@id":"http:\/\/www.radiohorizonte.fm\/radio\/#website","url":"http:\/\/www.radiohorizonte.fm\/radio\/","name":"Horizonte","description":"Radio Horizonte 106.1 - Una radio de clasicos","publisher":{"@id":"http:\/\/www.radiohorizonte.fm\/radio\/#organization"},"potentialAction":[{"@type":"SearchAction","target":{"@type":"EntryPoint","urlTemplate":"http:\/\/www.radiohorizonte.fm\/radio\/?s={search_term_string}"},"query-input":{"@type":"PropertyValueSpecification","valueRequired":true,"valueName":"search_term_string"}}],"inLanguage":"es-AR"},{"@type":"Organization","@id":"http:\/\/www.radiohorizonte.fm\/radio\/#organization","name":"Horizonte","url":"http:\/\/www.radiohorizonte.fm\/radio\/","logo":{"@type":"ImageObject","inLanguage":"es-AR","@id":"http:\/\/www.radiohorizonte.fm\/radio\/#\/schema\/logo\/image\/","url":"http:\/\/www.radiohorizonte.fm\/radio\/wp-content\/uploads\/2025\/06\/Portada-FM-Horizonte_modelo-imagen-scaled.jpg","contentUrl":"http:\/\/www.radiohorizonte.fm\/radio\/wp-content\/uploads\/2025\/06\/Portada-FM-Horizonte_modelo-imagen-scaled.jpg","width":2560,"height":1056,"caption":"Horizonte"},"image":{"@id":"http:\/\/www.radiohorizonte.fm\/radio\/#\/schema\/logo\/image\/"},"sameAs":["http:\/\/www.facebook.com\/HORIZONTE106.1","https:\/\/x.com\/fmhorizonte1061"]},{"@type":"Person","@id":"http:\/\/www.radiohorizonte.fm\/radio\/#\/schema\/person\/f8fa003a405bb86729fd87d15d0ddafa","name":"Cristian Galarza","image":{"@type":"ImageObject","inLanguage":"es-AR","@id":"https:\/\/secure.gravatar.com\/avatar\/fad34bc2c773209c05d7d53b08a69b680eeb55f3be014e52b31643d20ab65925?s=96&d=mm&r=g","url":"https:\/\/secure.gravatar.com\/avatar\/fad34bc2c773209c05d7d53b08a69b680eeb55f3be014e52b31643d20ab65925?s=96&d=mm&r=g","contentUrl":"https:\/\/secure.gravatar.com\/avatar\/fad34bc2c773209c05d7d53b08a69b680eeb55f3be014e52b31643d20ab65925?s=96&d=mm&r=g","caption":"Cristian Galarza"},"url":"http:\/\/www.radiohorizonte.fm\/radio\/author\/cristian\/"}]}},"_links":{"self":[{"href":"http:\/\/www.radiohorizonte.fm\/radio\/wp-json\/wp\/v2\/posts\/42207","targetHints":{"allow":["GET"]}}],"collection":[{"href":"http:\/\/www.radiohorizonte.fm\/radio\/wp-json\/wp\/v2\/posts"}],"about":[{"href":"http:\/\/www.radiohorizonte.fm\/radio\/wp-json\/wp\/v2\/types\/post"}],"author":[{"embeddable":true,"href":"http:\/\/www.radiohorizonte.fm\/radio\/wp-json\/wp\/v2\/users\/2"}],"replies":[{"embeddable":true,"href":"http:\/\/www.radiohorizonte.fm\/radio\/wp-json\/wp\/v2\/comments?post=42207"}],"version-history":[{"count":1,"href":"http:\/\/www.radiohorizonte.fm\/radio\/wp-json\/wp\/v2\/posts\/42207\/revisions"}],"predecessor-version":[{"id":42209,"href":"http:\/\/www.radiohorizonte.fm\/radio\/wp-json\/wp\/v2\/posts\/42207\/revisions\/42209"}],"wp:featuredmedia":[{"embeddable":true,"href":"http:\/\/www.radiohorizonte.fm\/radio\/wp-json\/wp\/v2\/media\/42208"}],"wp:attachment":[{"href":"http:\/\/www.radiohorizonte.fm\/radio\/wp-json\/wp\/v2\/media?parent=42207"}],"wp:term":[{"taxonomy":"category","embeddable":true,"href":"http:\/\/www.radiohorizonte.fm\/radio\/wp-json\/wp\/v2\/categories?post=42207"},{"taxonomy":"post_tag","embeddable":true,"href":"http:\/\/www.radiohorizonte.fm\/radio\/wp-json\/wp\/v2\/tags?post=42207"}],"curies":[{"name":"wp","href":"https:\/\/api.w.org\/{rel}","templated":true}]}}