{"id":42213,"date":"2023-10-03T09:50:48","date_gmt":"2023-10-03T12:50:48","guid":{"rendered":"http:\/\/www.radiohorizonte.fm\/radio\/?p=42213"},"modified":"2023-10-03T09:50:48","modified_gmt":"2023-10-03T12:50:48","slug":"transporte-publico-proponen-que-exista-un-representante-de-los-usuarios-en-el-organo-de-control","status":"publish","type":"post","link":"http:\/\/www.radiohorizonte.fm\/radio\/2023\/10\/03\/transporte-publico-proponen-que-exista-un-representante-de-los-usuarios-en-el-organo-de-control\/","title":{"rendered":"Transporte p\u00fablico: proponen que exista un representante de los usuarios en el \u00f3rgano de control"},"content":{"rendered":"<p>En comunicaci\u00f3n con &#8220;El Informativo de Horizonte&#8221;, la concejal de Uxp Magdalena Duartes brindo detalles de la propuesta que busca que el usuario tenga mayor participaci\u00f3n en la toma de decisiones dentro del SIMU.<br \/>\n<img loading=\"lazy\" decoding=\"async\" src=\"http:\/\/www.radiohorizonte.fm\/radio\/wp-content\/uploads\/2023\/06\/colectivos_0.jpeg\" alt=\"\" width=\"1140\" height=\"755\" class=\"alignnone size-full wp-image-41207\" srcset=\"http:\/\/www.radiohorizonte.fm\/radio\/wp-content\/uploads\/2023\/06\/colectivos_0.jpeg 1140w, http:\/\/www.radiohorizonte.fm\/radio\/wp-content\/uploads\/2023\/06\/colectivos_0-300x199.jpeg 300w, http:\/\/www.radiohorizonte.fm\/radio\/wp-content\/uploads\/2023\/06\/colectivos_0-768x509.jpeg 768w, http:\/\/www.radiohorizonte.fm\/radio\/wp-content\/uploads\/2023\/06\/colectivos_0-1024x678.jpeg 1024w, http:\/\/www.radiohorizonte.fm\/radio\/wp-content\/uploads\/2023\/06\/colectivos_0-65x43.jpeg 65w, http:\/\/www.radiohorizonte.fm\/radio\/wp-content\/uploads\/2023\/06\/colectivos_0-302x200.jpeg 302w, http:\/\/www.radiohorizonte.fm\/radio\/wp-content\/uploads\/2023\/06\/colectivos_0-85x56.jpeg 85w, http:\/\/www.radiohorizonte.fm\/radio\/wp-content\/uploads\/2023\/06\/colectivos_0-189x125.jpeg 189w, http:\/\/www.radiohorizonte.fm\/radio\/wp-content\/uploads\/2023\/06\/colectivos_0-90x60.jpeg 90w\" sizes=\"auto, (max-width: 1140px) 100vw, 1140px\" \/><\/p>\n<p>El SIMU est\u00e1 conformado por representantes del Departamento Ejecutivo Municipal (DEM), del Honorable Concejo Deliberante (HCD), de la Uni\u00f3n Tranviarios Automotor (UTA) y de la C\u00e1mara del Transporte Urbano de Corrientes (CETUC).<\/p>\n<p>\u201cM\u00e1s all\u00e1 de que los concejales representamos a los vecinos de toda la ciudad, en el \u00f3rgano que se cre\u00f3 para monitorear la calidad de la prestaci\u00f3n del servicio no est\u00e1n representados los usuarios del transporte p\u00fablico\u201d, dijo Duartes en referencia al SIMU.<\/p>\n<p>La concejal del bloque Uni\u00f3n por la Patria contextualiz\u00f3 que \u201chace poco se produjo una nueva actualizaci\u00f3n del precio de la tarifa del boleto de colectivos y eso gener\u00f3 distintos planteos de los vecinos porque hay un deterioro notable en la calidad del servicio&#8221;. &#8220;M\u00e1s all\u00e1 de que en algunas l\u00edneas se incorporaron m\u00e1s unidades, todav\u00eda hay vecinos que no notaron mejoras en el transporte p\u00fablico y se siguen quejando\u201d, sostuvo.<\/p>\n<p>Sobre el proyecto explic\u00f3 que \u201cesta es una propuesta que traemos para ponerla en consideraci\u00f3n y debatirla en el seno  de la Comisi\u00f3n para que la figura de un representante de los usuarios del transporte se incorpore en el \u00f3rgano de control en la forma en la que el Ejecutivo considere pertinente\u201d.<\/p>\n<p>El expediente se gir\u00f3 a la Comisi\u00f3n de Legislaci\u00f3n y desde la oposici\u00f3n se mostraron predispuestos a trabajar con el oficialismo para que exista un representante  de los usuarios en el organismo encargado de evaluar la calidad del servicio de colectivos urbanos. \u201cConozco a mis pares y s\u00e9 que a todos nos preocupa el tema porque estamos en permanente contacto con los vecinos y a todos nos llegan los mismos planteos\u201d, dijo Duartes en alusi\u00f3n a la posibilidad de trabajar el proyecto en conjunto.<\/p>\n","protected":false},"excerpt":{"rendered":"<div class=\"post-excerpt\"><p>En comunicaci\u00f3n con &#8220;El Informativo de Horizonte&#8221;, la concejal de Uxp Magdalena Duartes brindo detalles de la propuesta que busca que el usuario tenga mayor participaci\u00f3n en la toma de decisiones dentro del SIMU. El SIMU est\u00e1 conformado por representantes del Departamento Ejecutivo Municipal (DEM), del Honorable Concejo Deliberante (HCD), de la Uni\u00f3n Tranviarios Automotor<\/p>\n<\/div>","protected":false},"author":2,"featured_media":41207,"comment_status":"closed","ping_status":"closed","sticky":false,"template":"","format":"standard","meta":{"_acf_changed":false,"footnotes":""},"categories":[2],"tags":[],"class_list":["post-42213","post","type-post","status-publish","format-standard","has-post-thumbnail","hentry","category-noticias"],"acf":[],"yoast_head":"<!-- This site is optimized with the Yoast SEO plugin v28.1 - https:\/\/yoast.com\/product\/yoast-seo-wordpress\/ -->\n<title>Transporte p\u00fablico: proponen que exista un representante de los usuarios en el \u00f3rgano de control - Horizonte<\/title>\n<meta name=\"robots\" content=\"index, follow, max-snippet:-1, max-image-preview:large, max-video-preview:-1\" \/>\n<link rel=\"canonical\" href=\"http:\/\/www.radiohorizonte.fm\/radio\/2023\/10\/03\/transporte-publico-proponen-que-exista-un-representante-de-los-usuarios-en-el-organo-de-control\/\" \/>\n<meta property=\"og:locale\" content=\"es_ES\" \/>\n<meta property=\"og:type\" content=\"article\" \/>\n<meta property=\"og:title\" content=\"Transporte p\u00fablico: proponen que exista un representante de los usuarios en el \u00f3rgano de control - Horizonte\" \/>\n<meta property=\"og:description\" content=\"En comunicaci\u00f3n con &#8220;El Informativo de Horizonte&#8221;, la concejal de Uxp Magdalena Duartes brindo detalles de la propuesta que busca que el usuario tenga mayor participaci\u00f3n en la toma de decisiones dentro del SIMU. El SIMU est\u00e1 conformado por representantes del Departamento Ejecutivo Municipal (DEM), del Honorable Concejo Deliberante (HCD), de la Uni\u00f3n Tranviarios Automotor\" \/>\n<meta property=\"og:url\" content=\"http:\/\/www.radiohorizonte.fm\/radio\/2023\/10\/03\/transporte-publico-proponen-que-exista-un-representante-de-los-usuarios-en-el-organo-de-control\/\" \/>\n<meta property=\"og:site_name\" content=\"Horizonte\" \/>\n<meta property=\"article:publisher\" content=\"http:\/\/www.facebook.com\/HORIZONTE106.1\" \/>\n<meta property=\"article:published_time\" content=\"2023-10-03T12:50:48+00:00\" \/>\n<meta property=\"og:image\" content=\"http:\/\/www.radiohorizonte.fm\/radio\/wp-content\/uploads\/2023\/06\/colectivos_0.jpeg\" \/>\n\t<meta property=\"og:image:width\" content=\"1140\" \/>\n\t<meta property=\"og:image:height\" content=\"755\" \/>\n\t<meta property=\"og:image:type\" content=\"image\/jpeg\" \/>\n<meta name=\"author\" content=\"Cristian Galarza\" \/>\n<meta name=\"twitter:card\" content=\"summary_large_image\" \/>\n<meta name=\"twitter:creator\" content=\"@fmhorizonte1061\" \/>\n<meta name=\"twitter:site\" content=\"@fmhorizonte1061\" \/>\n<meta name=\"twitter:label1\" content=\"Escrito por\" \/>\n\t<meta name=\"twitter:data1\" content=\"Cristian Galarza\" \/>\n\t<meta name=\"twitter:label2\" content=\"Tiempo de lectura\" \/>\n\t<meta name=\"twitter:data2\" content=\"2 minutos\" \/>\n<script type=\"application\/ld+json\" class=\"yoast-schema-graph\">{\"@context\":\"https:\\\/\\\/schema.org\",\"@graph\":[{\"@type\":\"Article\",\"@id\":\"http:\\\/\\\/www.radiohorizonte.fm\\\/radio\\\/2023\\\/10\\\/03\\\/transporte-publico-proponen-que-exista-un-representante-de-los-usuarios-en-el-organo-de-control\\\/#article\",\"isPartOf\":{\"@id\":\"http:\\\/\\\/www.radiohorizonte.fm\\\/radio\\\/2023\\\/10\\\/03\\\/transporte-publico-proponen-que-exista-un-representante-de-los-usuarios-en-el-organo-de-control\\\/\"},\"author\":{\"name\":\"Cristian Galarza\",\"@id\":\"http:\\\/\\\/www.radiohorizonte.fm\\\/radio\\\/#\\\/schema\\\/person\\\/f8fa003a405bb86729fd87d15d0ddafa\"},\"headline\":\"Transporte p\u00fablico: proponen que exista un representante de los usuarios en el \u00f3rgano de control\",\"datePublished\":\"2023-10-03T12:50:48+00:00\",\"mainEntityOfPage\":{\"@id\":\"http:\\\/\\\/www.radiohorizonte.fm\\\/radio\\\/2023\\\/10\\\/03\\\/transporte-publico-proponen-que-exista-un-representante-de-los-usuarios-en-el-organo-de-control\\\/\"},\"wordCount\":353,\"publisher\":{\"@id\":\"http:\\\/\\\/www.radiohorizonte.fm\\\/radio\\\/#organization\"},\"image\":{\"@id\":\"http:\\\/\\\/www.radiohorizonte.fm\\\/radio\\\/2023\\\/10\\\/03\\\/transporte-publico-proponen-que-exista-un-representante-de-los-usuarios-en-el-organo-de-control\\\/#primaryimage\"},\"thumbnailUrl\":\"http:\\\/\\\/www.radiohorizonte.fm\\\/radio\\\/wp-content\\\/uploads\\\/2023\\\/06\\\/colectivos_0.jpeg\",\"articleSection\":[\"Noticias\"],\"inLanguage\":\"es-AR\"},{\"@type\":\"WebPage\",\"@id\":\"http:\\\/\\\/www.radiohorizonte.fm\\\/radio\\\/2023\\\/10\\\/03\\\/transporte-publico-proponen-que-exista-un-representante-de-los-usuarios-en-el-organo-de-control\\\/\",\"url\":\"http:\\\/\\\/www.radiohorizonte.fm\\\/radio\\\/2023\\\/10\\\/03\\\/transporte-publico-proponen-que-exista-un-representante-de-los-usuarios-en-el-organo-de-control\\\/\",\"name\":\"Transporte p\u00fablico: proponen que exista un representante de los usuarios en el \u00f3rgano de control - Horizonte\",\"isPartOf\":{\"@id\":\"http:\\\/\\\/www.radiohorizonte.fm\\\/radio\\\/#website\"},\"primaryImageOfPage\":{\"@id\":\"http:\\\/\\\/www.radiohorizonte.fm\\\/radio\\\/2023\\\/10\\\/03\\\/transporte-publico-proponen-que-exista-un-representante-de-los-usuarios-en-el-organo-de-control\\\/#primaryimage\"},\"image\":{\"@id\":\"http:\\\/\\\/www.radiohorizonte.fm\\\/radio\\\/2023\\\/10\\\/03\\\/transporte-publico-proponen-que-exista-un-representante-de-los-usuarios-en-el-organo-de-control\\\/#primaryimage\"},\"thumbnailUrl\":\"http:\\\/\\\/www.radiohorizonte.fm\\\/radio\\\/wp-content\\\/uploads\\\/2023\\\/06\\\/colectivos_0.jpeg\",\"datePublished\":\"2023-10-03T12:50:48+00:00\",\"breadcrumb\":{\"@id\":\"http:\\\/\\\/www.radiohorizonte.fm\\\/radio\\\/2023\\\/10\\\/03\\\/transporte-publico-proponen-que-exista-un-representante-de-los-usuarios-en-el-organo-de-control\\\/#breadcrumb\"},\"inLanguage\":\"es-AR\",\"potentialAction\":[{\"@type\":\"ReadAction\",\"target\":[\"http:\\\/\\\/www.radiohorizonte.fm\\\/radio\\\/2023\\\/10\\\/03\\\/transporte-publico-proponen-que-exista-un-representante-de-los-usuarios-en-el-organo-de-control\\\/\"]}]},{\"@type\":\"ImageObject\",\"inLanguage\":\"es-AR\",\"@id\":\"http:\\\/\\\/www.radiohorizonte.fm\\\/radio\\\/2023\\\/10\\\/03\\\/transporte-publico-proponen-que-exista-un-representante-de-los-usuarios-en-el-organo-de-control\\\/#primaryimage\",\"url\":\"http:\\\/\\\/www.radiohorizonte.fm\\\/radio\\\/wp-content\\\/uploads\\\/2023\\\/06\\\/colectivos_0.jpeg\",\"contentUrl\":\"http:\\\/\\\/www.radiohorizonte.fm\\\/radio\\\/wp-content\\\/uploads\\\/2023\\\/06\\\/colectivos_0.jpeg\",\"width\":1140,\"height\":755},{\"@type\":\"BreadcrumbList\",\"@id\":\"http:\\\/\\\/www.radiohorizonte.fm\\\/radio\\\/2023\\\/10\\\/03\\\/transporte-publico-proponen-que-exista-un-representante-de-los-usuarios-en-el-organo-de-control\\\/#breadcrumb\",\"itemListElement\":[{\"@type\":\"ListItem\",\"position\":1,\"name\":\"Home\",\"item\":\"http:\\\/\\\/www.radiohorizonte.fm\\\/radio\\\/\"},{\"@type\":\"ListItem\",\"position\":2,\"name\":\"Transporte p\u00fablico: proponen que exista un representante de los usuarios en el \u00f3rgano de control\"}]},{\"@type\":\"WebSite\",\"@id\":\"http:\\\/\\\/www.radiohorizonte.fm\\\/radio\\\/#website\",\"url\":\"http:\\\/\\\/www.radiohorizonte.fm\\\/radio\\\/\",\"name\":\"Horizonte\",\"description\":\"Radio Horizonte 106.1 - Una radio de clasicos\",\"publisher\":{\"@id\":\"http:\\\/\\\/www.radiohorizonte.fm\\\/radio\\\/#organization\"},\"potentialAction\":[{\"@type\":\"SearchAction\",\"target\":{\"@type\":\"EntryPoint\",\"urlTemplate\":\"http:\\\/\\\/www.radiohorizonte.fm\\\/radio\\\/?s={search_term_string}\"},\"query-input\":{\"@type\":\"PropertyValueSpecification\",\"valueRequired\":true,\"valueName\":\"search_term_string\"}}],\"inLanguage\":\"es-AR\"},{\"@type\":\"Organization\",\"@id\":\"http:\\\/\\\/www.radiohorizonte.fm\\\/radio\\\/#organization\",\"name\":\"Horizonte\",\"url\":\"http:\\\/\\\/www.radiohorizonte.fm\\\/radio\\\/\",\"logo\":{\"@type\":\"ImageObject\",\"inLanguage\":\"es-AR\",\"@id\":\"http:\\\/\\\/www.radiohorizonte.fm\\\/radio\\\/#\\\/schema\\\/logo\\\/image\\\/\",\"url\":\"http:\\\/\\\/www.radiohorizonte.fm\\\/radio\\\/wp-content\\\/uploads\\\/2025\\\/06\\\/Portada-FM-Horizonte_modelo-imagen-scaled.jpg\",\"contentUrl\":\"http:\\\/\\\/www.radiohorizonte.fm\\\/radio\\\/wp-content\\\/uploads\\\/2025\\\/06\\\/Portada-FM-Horizonte_modelo-imagen-scaled.jpg\",\"width\":2560,\"height\":1056,\"caption\":\"Horizonte\"},\"image\":{\"@id\":\"http:\\\/\\\/www.radiohorizonte.fm\\\/radio\\\/#\\\/schema\\\/logo\\\/image\\\/\"},\"sameAs\":[\"http:\\\/\\\/www.facebook.com\\\/HORIZONTE106.1\",\"https:\\\/\\\/x.com\\\/fmhorizonte1061\"]},{\"@type\":\"Person\",\"@id\":\"http:\\\/\\\/www.radiohorizonte.fm\\\/radio\\\/#\\\/schema\\\/person\\\/f8fa003a405bb86729fd87d15d0ddafa\",\"name\":\"Cristian Galarza\",\"image\":{\"@type\":\"ImageObject\",\"inLanguage\":\"es-AR\",\"@id\":\"https:\\\/\\\/secure.gravatar.com\\\/avatar\\\/fad34bc2c773209c05d7d53b08a69b680eeb55f3be014e52b31643d20ab65925?s=96&d=mm&r=g\",\"url\":\"https:\\\/\\\/secure.gravatar.com\\\/avatar\\\/fad34bc2c773209c05d7d53b08a69b680eeb55f3be014e52b31643d20ab65925?s=96&d=mm&r=g\",\"contentUrl\":\"https:\\\/\\\/secure.gravatar.com\\\/avatar\\\/fad34bc2c773209c05d7d53b08a69b680eeb55f3be014e52b31643d20ab65925?s=96&d=mm&r=g\",\"caption\":\"Cristian Galarza\"},\"url\":\"http:\\\/\\\/www.radiohorizonte.fm\\\/radio\\\/author\\\/cristian\\\/\"}]}<\/script>\n<!-- \/ Yoast SEO plugin. -->","yoast_head_json":{"title":"Transporte p\u00fablico: proponen que exista un representante de los usuarios en el \u00f3rgano de control - Horizonte","robots":{"index":"index","follow":"follow","max-snippet":"max-snippet:-1","max-image-preview":"max-image-preview:large","max-video-preview":"max-video-preview:-1"},"canonical":"http:\/\/www.radiohorizonte.fm\/radio\/2023\/10\/03\/transporte-publico-proponen-que-exista-un-representante-de-los-usuarios-en-el-organo-de-control\/","og_locale":"es_ES","og_type":"article","og_title":"Transporte p\u00fablico: proponen que exista un representante de los usuarios en el \u00f3rgano de control - Horizonte","og_description":"En comunicaci\u00f3n con &#8220;El Informativo de Horizonte&#8221;, la concejal de Uxp Magdalena Duartes brindo detalles de la propuesta que busca que el usuario tenga mayor participaci\u00f3n en la toma de decisiones dentro del SIMU. El SIMU est\u00e1 conformado por representantes del Departamento Ejecutivo Municipal (DEM), del Honorable Concejo Deliberante (HCD), de la Uni\u00f3n Tranviarios Automotor","og_url":"http:\/\/www.radiohorizonte.fm\/radio\/2023\/10\/03\/transporte-publico-proponen-que-exista-un-representante-de-los-usuarios-en-el-organo-de-control\/","og_site_name":"Horizonte","article_publisher":"http:\/\/www.facebook.com\/HORIZONTE106.1","article_published_time":"2023-10-03T12:50:48+00:00","og_image":[{"width":1140,"height":755,"url":"http:\/\/www.radiohorizonte.fm\/radio\/wp-content\/uploads\/2023\/06\/colectivos_0.jpeg","type":"image\/jpeg"}],"author":"Cristian Galarza","twitter_card":"summary_large_image","twitter_creator":"@fmhorizonte1061","twitter_site":"@fmhorizonte1061","twitter_misc":{"Escrito por":"Cristian Galarza","Tiempo de lectura":"2 minutos"},"schema":{"@context":"https:\/\/schema.org","@graph":[{"@type":"Article","@id":"http:\/\/www.radiohorizonte.fm\/radio\/2023\/10\/03\/transporte-publico-proponen-que-exista-un-representante-de-los-usuarios-en-el-organo-de-control\/#article","isPartOf":{"@id":"http:\/\/www.radiohorizonte.fm\/radio\/2023\/10\/03\/transporte-publico-proponen-que-exista-un-representante-de-los-usuarios-en-el-organo-de-control\/"},"author":{"name":"Cristian Galarza","@id":"http:\/\/www.radiohorizonte.fm\/radio\/#\/schema\/person\/f8fa003a405bb86729fd87d15d0ddafa"},"headline":"Transporte p\u00fablico: proponen que exista un representante de los usuarios en el \u00f3rgano de control","datePublished":"2023-10-03T12:50:48+00:00","mainEntityOfPage":{"@id":"http:\/\/www.radiohorizonte.fm\/radio\/2023\/10\/03\/transporte-publico-proponen-que-exista-un-representante-de-los-usuarios-en-el-organo-de-control\/"},"wordCount":353,"publisher":{"@id":"http:\/\/www.radiohorizonte.fm\/radio\/#organization"},"image":{"@id":"http:\/\/www.radiohorizonte.fm\/radio\/2023\/10\/03\/transporte-publico-proponen-que-exista-un-representante-de-los-usuarios-en-el-organo-de-control\/#primaryimage"},"thumbnailUrl":"http:\/\/www.radiohorizonte.fm\/radio\/wp-content\/uploads\/2023\/06\/colectivos_0.jpeg","articleSection":["Noticias"],"inLanguage":"es-AR"},{"@type":"WebPage","@id":"http:\/\/www.radiohorizonte.fm\/radio\/2023\/10\/03\/transporte-publico-proponen-que-exista-un-representante-de-los-usuarios-en-el-organo-de-control\/","url":"http:\/\/www.radiohorizonte.fm\/radio\/2023\/10\/03\/transporte-publico-proponen-que-exista-un-representante-de-los-usuarios-en-el-organo-de-control\/","name":"Transporte p\u00fablico: proponen que exista un representante de los usuarios en el \u00f3rgano de control - Horizonte","isPartOf":{"@id":"http:\/\/www.radiohorizonte.fm\/radio\/#website"},"primaryImageOfPage":{"@id":"http:\/\/www.radiohorizonte.fm\/radio\/2023\/10\/03\/transporte-publico-proponen-que-exista-un-representante-de-los-usuarios-en-el-organo-de-control\/#primaryimage"},"image":{"@id":"http:\/\/www.radiohorizonte.fm\/radio\/2023\/10\/03\/transporte-publico-proponen-que-exista-un-representante-de-los-usuarios-en-el-organo-de-control\/#primaryimage"},"thumbnailUrl":"http:\/\/www.radiohorizonte.fm\/radio\/wp-content\/uploads\/2023\/06\/colectivos_0.jpeg","datePublished":"2023-10-03T12:50:48+00:00","breadcrumb":{"@id":"http:\/\/www.radiohorizonte.fm\/radio\/2023\/10\/03\/transporte-publico-proponen-que-exista-un-representante-de-los-usuarios-en-el-organo-de-control\/#breadcrumb"},"inLanguage":"es-AR","potentialAction":[{"@type":"ReadAction","target":["http:\/\/www.radiohorizonte.fm\/radio\/2023\/10\/03\/transporte-publico-proponen-que-exista-un-representante-de-los-usuarios-en-el-organo-de-control\/"]}]},{"@type":"ImageObject","inLanguage":"es-AR","@id":"http:\/\/www.radiohorizonte.fm\/radio\/2023\/10\/03\/transporte-publico-proponen-que-exista-un-representante-de-los-usuarios-en-el-organo-de-control\/#primaryimage","url":"http:\/\/www.radiohorizonte.fm\/radio\/wp-content\/uploads\/2023\/06\/colectivos_0.jpeg","contentUrl":"http:\/\/www.radiohorizonte.fm\/radio\/wp-content\/uploads\/2023\/06\/colectivos_0.jpeg","width":1140,"height":755},{"@type":"BreadcrumbList","@id":"http:\/\/www.radiohorizonte.fm\/radio\/2023\/10\/03\/transporte-publico-proponen-que-exista-un-representante-de-los-usuarios-en-el-organo-de-control\/#breadcrumb","itemListElement":[{"@type":"ListItem","position":1,"name":"Home","item":"http:\/\/www.radiohorizonte.fm\/radio\/"},{"@type":"ListItem","position":2,"name":"Transporte p\u00fablico: proponen que exista un representante de los usuarios en el \u00f3rgano de control"}]},{"@type":"WebSite","@id":"http:\/\/www.radiohorizonte.fm\/radio\/#website","url":"http:\/\/www.radiohorizonte.fm\/radio\/","name":"Horizonte","description":"Radio Horizonte 106.1 - Una radio de clasicos","publisher":{"@id":"http:\/\/www.radiohorizonte.fm\/radio\/#organization"},"potentialAction":[{"@type":"SearchAction","target":{"@type":"EntryPoint","urlTemplate":"http:\/\/www.radiohorizonte.fm\/radio\/?s={search_term_string}"},"query-input":{"@type":"PropertyValueSpecification","valueRequired":true,"valueName":"search_term_string"}}],"inLanguage":"es-AR"},{"@type":"Organization","@id":"http:\/\/www.radiohorizonte.fm\/radio\/#organization","name":"Horizonte","url":"http:\/\/www.radiohorizonte.fm\/radio\/","logo":{"@type":"ImageObject","inLanguage":"es-AR","@id":"http:\/\/www.radiohorizonte.fm\/radio\/#\/schema\/logo\/image\/","url":"http:\/\/www.radiohorizonte.fm\/radio\/wp-content\/uploads\/2025\/06\/Portada-FM-Horizonte_modelo-imagen-scaled.jpg","contentUrl":"http:\/\/www.radiohorizonte.fm\/radio\/wp-content\/uploads\/2025\/06\/Portada-FM-Horizonte_modelo-imagen-scaled.jpg","width":2560,"height":1056,"caption":"Horizonte"},"image":{"@id":"http:\/\/www.radiohorizonte.fm\/radio\/#\/schema\/logo\/image\/"},"sameAs":["http:\/\/www.facebook.com\/HORIZONTE106.1","https:\/\/x.com\/fmhorizonte1061"]},{"@type":"Person","@id":"http:\/\/www.radiohorizonte.fm\/radio\/#\/schema\/person\/f8fa003a405bb86729fd87d15d0ddafa","name":"Cristian Galarza","image":{"@type":"ImageObject","inLanguage":"es-AR","@id":"https:\/\/secure.gravatar.com\/avatar\/fad34bc2c773209c05d7d53b08a69b680eeb55f3be014e52b31643d20ab65925?s=96&d=mm&r=g","url":"https:\/\/secure.gravatar.com\/avatar\/fad34bc2c773209c05d7d53b08a69b680eeb55f3be014e52b31643d20ab65925?s=96&d=mm&r=g","contentUrl":"https:\/\/secure.gravatar.com\/avatar\/fad34bc2c773209c05d7d53b08a69b680eeb55f3be014e52b31643d20ab65925?s=96&d=mm&r=g","caption":"Cristian Galarza"},"url":"http:\/\/www.radiohorizonte.fm\/radio\/author\/cristian\/"}]}},"_links":{"self":[{"href":"http:\/\/www.radiohorizonte.fm\/radio\/wp-json\/wp\/v2\/posts\/42213","targetHints":{"allow":["GET"]}}],"collection":[{"href":"http:\/\/www.radiohorizonte.fm\/radio\/wp-json\/wp\/v2\/posts"}],"about":[{"href":"http:\/\/www.radiohorizonte.fm\/radio\/wp-json\/wp\/v2\/types\/post"}],"author":[{"embeddable":true,"href":"http:\/\/www.radiohorizonte.fm\/radio\/wp-json\/wp\/v2\/users\/2"}],"replies":[{"embeddable":true,"href":"http:\/\/www.radiohorizonte.fm\/radio\/wp-json\/wp\/v2\/comments?post=42213"}],"version-history":[{"count":1,"href":"http:\/\/www.radiohorizonte.fm\/radio\/wp-json\/wp\/v2\/posts\/42213\/revisions"}],"predecessor-version":[{"id":42214,"href":"http:\/\/www.radiohorizonte.fm\/radio\/wp-json\/wp\/v2\/posts\/42213\/revisions\/42214"}],"wp:featuredmedia":[{"embeddable":true,"href":"http:\/\/www.radiohorizonte.fm\/radio\/wp-json\/wp\/v2\/media\/41207"}],"wp:attachment":[{"href":"http:\/\/www.radiohorizonte.fm\/radio\/wp-json\/wp\/v2\/media?parent=42213"}],"wp:term":[{"taxonomy":"category","embeddable":true,"href":"http:\/\/www.radiohorizonte.fm\/radio\/wp-json\/wp\/v2\/categories?post=42213"},{"taxonomy":"post_tag","embeddable":true,"href":"http:\/\/www.radiohorizonte.fm\/radio\/wp-json\/wp\/v2\/tags?post=42213"}],"curies":[{"name":"wp","href":"https:\/\/api.w.org\/{rel}","templated":true}]}}