{"id":42217,"date":"2023-10-03T10:53:49","date_gmt":"2023-10-03T13:53:49","guid":{"rendered":"http:\/\/www.radiohorizonte.fm\/radio\/?p=42217"},"modified":"2023-10-03T10:53:50","modified_gmt":"2023-10-03T13:53:50","slug":"horror-en-almagro-mato-sus-suegros-hirio-su-mujer-embarazada-su-cunado-de-13-anos-y-se-suicido","status":"publish","type":"post","link":"http:\/\/www.radiohorizonte.fm\/radio\/2023\/10\/03\/horror-en-almagro-mato-sus-suegros-hirio-su-mujer-embarazada-su-cunado-de-13-anos-y-se-suicido\/","title":{"rendered":"Horror en Almagro: mat\u00f3 a sus suegros, hiri\u00f3 a su mujer embarazada, a su cu\u00f1ado de 13 a\u00f1os y se suicid\u00f3"},"content":{"rendered":"<p>El agresor, identificado como Mingxiang Lin, atac\u00f3 a sus v\u00edctimas con un cuchillo y luego se arroj\u00f3 desde la terraza del edificio<\/p>\n<figure id=\"attachment_42218\" aria-describedby=\"caption-attachment-42218\" style=\"width: 768px\" class=\"wp-caption alignnone\"><img loading=\"lazy\" decoding=\"async\" class=\"size-full wp-image-42218\" src=\"http:\/\/www.radiohorizonte.fm\/radio\/wp-content\/uploads\/2023\/10\/73Q3QTQRXRCT7OOQWAYTXRX2VQ.jpg\" alt=\"\" width=\"768\" height=\"512\" srcset=\"http:\/\/www.radiohorizonte.fm\/radio\/wp-content\/uploads\/2023\/10\/73Q3QTQRXRCT7OOQWAYTXRX2VQ.jpg 768w, http:\/\/www.radiohorizonte.fm\/radio\/wp-content\/uploads\/2023\/10\/73Q3QTQRXRCT7OOQWAYTXRX2VQ-300x200.jpg 300w, http:\/\/www.radiohorizonte.fm\/radio\/wp-content\/uploads\/2023\/10\/73Q3QTQRXRCT7OOQWAYTXRX2VQ-65x43.jpg 65w, http:\/\/www.radiohorizonte.fm\/radio\/wp-content\/uploads\/2023\/10\/73Q3QTQRXRCT7OOQWAYTXRX2VQ-85x57.jpg 85w, http:\/\/www.radiohorizonte.fm\/radio\/wp-content\/uploads\/2023\/10\/73Q3QTQRXRCT7OOQWAYTXRX2VQ-188x125.jpg 188w, http:\/\/www.radiohorizonte.fm\/radio\/wp-content\/uploads\/2023\/10\/73Q3QTQRXRCT7OOQWAYTXRX2VQ-90x60.jpg 90w\" sizes=\"auto, (max-width: 768px) 100vw, 768px\" \/><figcaption id=\"caption-attachment-42218\" class=\"wp-caption-text\">El lugar del crimen (Fotos: Maximiliano Luna)<\/figcaption><\/figure>\n<p>El barrio porte\u00f1o de Almagro fue escenario anoche de una violenta pelea en el seno de una familia de origen chino que dej\u00f3 como resultado tres personas muertas y dos heridas.<\/p>\n<p>Seg\u00fan informaron fuentes policiales a Infobae, un hombre identificado como Mingxiang Lin, de 35 a\u00f1os, mat\u00f3 a pu\u00f1aladas a sus suegros, hiri\u00f3 a su mujer embarazada de 32 a\u00f1os y a su cu\u00f1ado, un adolescente de 13. Despu\u00e9s del ataque, se arroj\u00f3 desde la terraza y muri\u00f3 horas despu\u00e9s en el Hospital Durand.<\/p>\n<p>El hecho ocurri\u00f3 en un casa ubicada en la calle Sarmiento al 3900, donde funciona un lavadero de ropa. Aparentemente todo ocurri\u00f3 en el marco de una pelea familiar. Agentes de la Comisar\u00eda Vecinal 5A de la Polic\u00eda de la Ciudad llegaron al lugar luego de que el imputado se arroj\u00f3 desde la segunda planta del edificio, de acuerdo con lo que detall\u00f3 el menor que sobrevivi\u00f3.<\/p>\n<p>Los primeros datos de la investigaci\u00f3n indicaron que el agresor utiliz\u00f3 una cuchilla de carnicero para asesinar al matrimonio, un hombre de 55 y una mujer de 54 a\u00f1os, y luego agredi\u00f3 a su pareja. La mujer embarazada y el chico de 13 a\u00f1os quedaron internados en el hospital Durand con heridas cortantes en la pierna derecha y brazo derecho respectivamente.<\/p>\n<p class=\"paragraph\" data-mrf-recirculation=\"Links inline\">Ambos, confirmaron fuentes oficiales,\u00a0<b>se encuentran fuera de peligro.<\/b><\/p>\n<p class=\"paragraph\" data-mrf-recirculation=\"Links inline\">En el lugar hab\u00eda<b>\u00a0un menor de un a\u00f1o, hijo de la mujer herida y del homicida<\/b>, que result\u00f3 ileso, agregaron las fuentes consultadas por este medio. Al llegar al lugar, los polic\u00edas porte\u00f1os encontraron primero al agresor lesionado, entre dos autos estacionados, quien<b>\u00a0fue trasladado con consigna policial\u00a0<\/b>en ambulancia tambi\u00e9n al hospital Durand, donde falleci\u00f3 en las primeras horas de la madrugada y una hora despu\u00e9s de ingresar al centro de salud.<\/p>\n<div class=\"visual__image\"><img loading=\"lazy\" decoding=\"async\" class=\" lazyload\" src=\"https:\/\/www.infobae.com\/new-resizer\/rwigCPV33Mud0tjvZDEDFyiFy_8=\/arc-anglerfish-arc2-prod-infobae\/public\/WRKNBSK27RGEVJB3BGJEH3DBZA.jpg\" sizes=\"auto, (min-width: 800px) 50vw, 90vw\" srcset=\"https:\/\/www.infobae.com\/new-resizer\/_S1-P15TbF_7VjQy3iWqlkusltI=\/420x236\/filters:format(webp):quality(85)\/cloudfront-us-east-1.images.arcpublishing.com\/infobae\/WRKNBSK27RGEVJB3BGJEH3DBZA.jpg 420w,https:\/\/www.infobae.com\/new-resizer\/hnJzUXqcQ8HL1WFq6fmXeqRoAMw=\/768x432\/filters:format(webp):quality(85)\/cloudfront-us-east-1.images.arcpublishing.com\/infobae\/WRKNBSK27RGEVJB3BGJEH3DBZA.jpg 768w,https:\/\/www.infobae.com\/new-resizer\/KhPpGdIVi0eRpexa-hpH0P787iA=\/992x558\/filters:format(webp):quality(85)\/cloudfront-us-east-1.images.arcpublishing.com\/infobae\/WRKNBSK27RGEVJB3BGJEH3DBZA.jpg 992w,https:\/\/www.infobae.com\/new-resizer\/IH9U1EcbL73xzsVWEHFlCcDSpVM=\/1200x675\/filters:format(webp):quality(85)\/cloudfront-us-east-1.images.arcpublishing.com\/infobae\/WRKNBSK27RGEVJB3BGJEH3DBZA.jpg 1200w,https:\/\/www.infobae.com\/new-resizer\/jmux7BzlQSQH3X_4j1O2z6ITLJc=\/1440x810\/filters:format(webp):quality(85)\/cloudfront-us-east-1.images.arcpublishing.com\/infobae\/WRKNBSK27RGEVJB3BGJEH3DBZA.jpg 1440w\" alt=\"La mancha de sangre en el ingreso de la casa\" width=\"1920\" height=\"1081\" data-src=\"https:\/\/www.infobae.com\/new-resizer\/rwigCPV33Mud0tjvZDEDFyiFy_8=\/arc-anglerfish-arc2-prod-infobae\/public\/WRKNBSK27RGEVJB3BGJEH3DBZA.jpg\" \/>La mancha de sangre en el ingreso de la casa<\/div>\n<p class=\"paragraph\" data-mrf-recirculation=\"Links inline\">La mujer asesinada fue<b>\u00a0identificada como Sahia Lin<\/b>, quien se encontraba en el piso del comedor de la propiedad, boca abajo con varias manchas de sangre y cortes visibles. Su esposo,<b>\u00a0Zhong Lin<\/b>, se encontraba en el suelo de un pasillo, lindero al comedor, tambi\u00e9n boca abajo, con sangre y cortes.<\/p>\n<p class=\"paragraph\" data-mrf-recirculation=\"Links inline\">En la investigaci\u00f3n interviene\u00a0<b>el Juzgado Nacional en lo Criminal y Correccional N\u00b07, a cargo de la jueza Vanesa Peluffo<\/b>, quien dispuso la intervenci\u00f3n de la Unidad Criminal\u00edstica M\u00f3vil y el secuestro del arma. Por su parte, asisti\u00f3 personal del Gabinete de Asistencia Psicol\u00f3gica de Emergencia (GAPE) acudi\u00f3 para asistir a otra hija de los occisos. La investigaci\u00f3n del doble crimen est\u00e1\u00a0<b>a cargo de la Divisi\u00f3n Homicidios de la Polic\u00eda de la Ciudad.<\/b><\/p>\n<p class=\"paragraph\" data-mrf-recirculation=\"Links inline\">\u201c<b>La primera ambulancia que arrib\u00f3 constat\u00f3 varios heridos de armas blancas y pidi\u00f3 refuerzos<\/b>. Mandamos tres ambulancias m\u00e1s y una unidad de triage\u201d, explic\u00f3 Alberto Crescenti, cabeza del SAME, en di\u00e1logo con\u00a0<i>TN<\/i>. Tambi\u00e9n detall\u00f3 que los tres heridos que fueron trasladados al mismo centro m\u00e9dico est\u00e1n fuera de peligro.\u00a0<b>\u201cAparentemente, ser\u00eda una pelea familiar\u201d<\/b>, apunt\u00f3 el m\u00e9dico.<\/p>\n<p data-mrf-recirculation=\"Links inline\">Los posibles antecedentes penales de Mingxiang Lin -que ten\u00eda registrado el lavadero como su domicilio, sin actividad comercial conocida- se vuelven una inc\u00f3gnita. Por lo pronto,\u00a0<b>no cuenta con causas previas en la C\u00e1mara Criminal y Correccional porte\u00f1a,<\/b>\u00a0confirmaron fuentes judiciales a este medio. Tampoco se encuentra mencionado en fallos de primera o segunda instancia del fuero de instrucci\u00f3n o federal de los \u00faltimos 9 a\u00f1os.<\/p>\n<p data-mrf-recirculation=\"Links inline\">Fuente: InfoBae<\/p>\n","protected":false},"excerpt":{"rendered":"<div class=\"post-excerpt\"><p>El agresor, identificado como Mingxiang Lin, atac\u00f3 a sus v\u00edctimas con un cuchillo y luego se arroj\u00f3 desde la terraza del edificio El barrio porte\u00f1o de Almagro fue escenario anoche de una violenta pelea en el seno de una familia de origen chino que dej\u00f3 como resultado tres personas muertas y dos heridas. Seg\u00fan informaron<\/p>\n<\/div>","protected":false},"author":2,"featured_media":42218,"comment_status":"closed","ping_status":"closed","sticky":false,"template":"","format":"standard","meta":{"_acf_changed":false,"footnotes":""},"categories":[2],"tags":[],"class_list":["post-42217","post","type-post","status-publish","format-standard","has-post-thumbnail","hentry","category-noticias"],"acf":[],"yoast_head":"<!-- This site is optimized with the Yoast SEO plugin v28.1 - https:\/\/yoast.com\/product\/yoast-seo-wordpress\/ -->\n<title>Horror en Almagro: mat\u00f3 a sus suegros, hiri\u00f3 a su mujer embarazada, a su cu\u00f1ado de 13 a\u00f1os y se suicid\u00f3 - Horizonte<\/title>\n<meta name=\"robots\" content=\"index, follow, max-snippet:-1, max-image-preview:large, max-video-preview:-1\" \/>\n<link rel=\"canonical\" href=\"http:\/\/www.radiohorizonte.fm\/radio\/2023\/10\/03\/horror-en-almagro-mato-sus-suegros-hirio-su-mujer-embarazada-su-cunado-de-13-anos-y-se-suicido\/\" \/>\n<meta property=\"og:locale\" content=\"es_ES\" \/>\n<meta property=\"og:type\" content=\"article\" \/>\n<meta property=\"og:title\" content=\"Horror en Almagro: mat\u00f3 a sus suegros, hiri\u00f3 a su mujer embarazada, a su cu\u00f1ado de 13 a\u00f1os y se suicid\u00f3 - Horizonte\" \/>\n<meta property=\"og:description\" content=\"El agresor, identificado como Mingxiang Lin, atac\u00f3 a sus v\u00edctimas con un cuchillo y luego se arroj\u00f3 desde la terraza del edificio El barrio porte\u00f1o de Almagro fue escenario anoche de una violenta pelea en el seno de una familia de origen chino que dej\u00f3 como resultado tres personas muertas y dos heridas. Seg\u00fan informaron\" \/>\n<meta property=\"og:url\" content=\"http:\/\/www.radiohorizonte.fm\/radio\/2023\/10\/03\/horror-en-almagro-mato-sus-suegros-hirio-su-mujer-embarazada-su-cunado-de-13-anos-y-se-suicido\/\" \/>\n<meta property=\"og:site_name\" content=\"Horizonte\" \/>\n<meta property=\"article:publisher\" content=\"http:\/\/www.facebook.com\/HORIZONTE106.1\" \/>\n<meta property=\"article:published_time\" content=\"2023-10-03T13:53:49+00:00\" \/>\n<meta property=\"article:modified_time\" content=\"2023-10-03T13:53:50+00:00\" \/>\n<meta property=\"og:image\" content=\"http:\/\/www.radiohorizonte.fm\/radio\/wp-content\/uploads\/2023\/10\/73Q3QTQRXRCT7OOQWAYTXRX2VQ.jpg\" \/>\n\t<meta property=\"og:image:width\" content=\"768\" \/>\n\t<meta property=\"og:image:height\" content=\"512\" \/>\n\t<meta property=\"og:image:type\" content=\"image\/jpeg\" \/>\n<meta name=\"author\" content=\"Cristian Galarza\" \/>\n<meta name=\"twitter:card\" content=\"summary_large_image\" \/>\n<meta name=\"twitter:creator\" content=\"@fmhorizonte1061\" \/>\n<meta name=\"twitter:site\" content=\"@fmhorizonte1061\" \/>\n<meta name=\"twitter:label1\" content=\"Escrito por\" \/>\n\t<meta name=\"twitter:data1\" content=\"Cristian Galarza\" \/>\n\t<meta name=\"twitter:label2\" content=\"Tiempo de lectura\" \/>\n\t<meta name=\"twitter:data2\" content=\"3 minutos\" \/>\n<script type=\"application\/ld+json\" class=\"yoast-schema-graph\">{\"@context\":\"https:\\\/\\\/schema.org\",\"@graph\":[{\"@type\":\"Article\",\"@id\":\"http:\\\/\\\/www.radiohorizonte.fm\\\/radio\\\/2023\\\/10\\\/03\\\/horror-en-almagro-mato-sus-suegros-hirio-su-mujer-embarazada-su-cunado-de-13-anos-y-se-suicido\\\/#article\",\"isPartOf\":{\"@id\":\"http:\\\/\\\/www.radiohorizonte.fm\\\/radio\\\/2023\\\/10\\\/03\\\/horror-en-almagro-mato-sus-suegros-hirio-su-mujer-embarazada-su-cunado-de-13-anos-y-se-suicido\\\/\"},\"author\":{\"name\":\"Cristian Galarza\",\"@id\":\"http:\\\/\\\/www.radiohorizonte.fm\\\/radio\\\/#\\\/schema\\\/person\\\/f8fa003a405bb86729fd87d15d0ddafa\"},\"headline\":\"Horror en Almagro: mat\u00f3 a sus suegros, hiri\u00f3 a su mujer embarazada, a su cu\u00f1ado de 13 a\u00f1os y se suicid\u00f3\",\"datePublished\":\"2023-10-03T13:53:49+00:00\",\"dateModified\":\"2023-10-03T13:53:50+00:00\",\"mainEntityOfPage\":{\"@id\":\"http:\\\/\\\/www.radiohorizonte.fm\\\/radio\\\/2023\\\/10\\\/03\\\/horror-en-almagro-mato-sus-suegros-hirio-su-mujer-embarazada-su-cunado-de-13-anos-y-se-suicido\\\/\"},\"wordCount\":648,\"publisher\":{\"@id\":\"http:\\\/\\\/www.radiohorizonte.fm\\\/radio\\\/#organization\"},\"image\":{\"@id\":\"http:\\\/\\\/www.radiohorizonte.fm\\\/radio\\\/2023\\\/10\\\/03\\\/horror-en-almagro-mato-sus-suegros-hirio-su-mujer-embarazada-su-cunado-de-13-anos-y-se-suicido\\\/#primaryimage\"},\"thumbnailUrl\":\"http:\\\/\\\/www.radiohorizonte.fm\\\/radio\\\/wp-content\\\/uploads\\\/2023\\\/10\\\/73Q3QTQRXRCT7OOQWAYTXRX2VQ.jpg\",\"articleSection\":[\"Noticias\"],\"inLanguage\":\"es-AR\"},{\"@type\":\"WebPage\",\"@id\":\"http:\\\/\\\/www.radiohorizonte.fm\\\/radio\\\/2023\\\/10\\\/03\\\/horror-en-almagro-mato-sus-suegros-hirio-su-mujer-embarazada-su-cunado-de-13-anos-y-se-suicido\\\/\",\"url\":\"http:\\\/\\\/www.radiohorizonte.fm\\\/radio\\\/2023\\\/10\\\/03\\\/horror-en-almagro-mato-sus-suegros-hirio-su-mujer-embarazada-su-cunado-de-13-anos-y-se-suicido\\\/\",\"name\":\"Horror en Almagro: mat\u00f3 a sus suegros, hiri\u00f3 a su mujer embarazada, a su cu\u00f1ado de 13 a\u00f1os y se suicid\u00f3 - Horizonte\",\"isPartOf\":{\"@id\":\"http:\\\/\\\/www.radiohorizonte.fm\\\/radio\\\/#website\"},\"primaryImageOfPage\":{\"@id\":\"http:\\\/\\\/www.radiohorizonte.fm\\\/radio\\\/2023\\\/10\\\/03\\\/horror-en-almagro-mato-sus-suegros-hirio-su-mujer-embarazada-su-cunado-de-13-anos-y-se-suicido\\\/#primaryimage\"},\"image\":{\"@id\":\"http:\\\/\\\/www.radiohorizonte.fm\\\/radio\\\/2023\\\/10\\\/03\\\/horror-en-almagro-mato-sus-suegros-hirio-su-mujer-embarazada-su-cunado-de-13-anos-y-se-suicido\\\/#primaryimage\"},\"thumbnailUrl\":\"http:\\\/\\\/www.radiohorizonte.fm\\\/radio\\\/wp-content\\\/uploads\\\/2023\\\/10\\\/73Q3QTQRXRCT7OOQWAYTXRX2VQ.jpg\",\"datePublished\":\"2023-10-03T13:53:49+00:00\",\"dateModified\":\"2023-10-03T13:53:50+00:00\",\"breadcrumb\":{\"@id\":\"http:\\\/\\\/www.radiohorizonte.fm\\\/radio\\\/2023\\\/10\\\/03\\\/horror-en-almagro-mato-sus-suegros-hirio-su-mujer-embarazada-su-cunado-de-13-anos-y-se-suicido\\\/#breadcrumb\"},\"inLanguage\":\"es-AR\",\"potentialAction\":[{\"@type\":\"ReadAction\",\"target\":[\"http:\\\/\\\/www.radiohorizonte.fm\\\/radio\\\/2023\\\/10\\\/03\\\/horror-en-almagro-mato-sus-suegros-hirio-su-mujer-embarazada-su-cunado-de-13-anos-y-se-suicido\\\/\"]}]},{\"@type\":\"ImageObject\",\"inLanguage\":\"es-AR\",\"@id\":\"http:\\\/\\\/www.radiohorizonte.fm\\\/radio\\\/2023\\\/10\\\/03\\\/horror-en-almagro-mato-sus-suegros-hirio-su-mujer-embarazada-su-cunado-de-13-anos-y-se-suicido\\\/#primaryimage\",\"url\":\"http:\\\/\\\/www.radiohorizonte.fm\\\/radio\\\/wp-content\\\/uploads\\\/2023\\\/10\\\/73Q3QTQRXRCT7OOQWAYTXRX2VQ.jpg\",\"contentUrl\":\"http:\\\/\\\/www.radiohorizonte.fm\\\/radio\\\/wp-content\\\/uploads\\\/2023\\\/10\\\/73Q3QTQRXRCT7OOQWAYTXRX2VQ.jpg\",\"width\":768,\"height\":512,\"caption\":\"El lugar del crimen (Fotos: Maximiliano Luna)\"},{\"@type\":\"BreadcrumbList\",\"@id\":\"http:\\\/\\\/www.radiohorizonte.fm\\\/radio\\\/2023\\\/10\\\/03\\\/horror-en-almagro-mato-sus-suegros-hirio-su-mujer-embarazada-su-cunado-de-13-anos-y-se-suicido\\\/#breadcrumb\",\"itemListElement\":[{\"@type\":\"ListItem\",\"position\":1,\"name\":\"Home\",\"item\":\"http:\\\/\\\/www.radiohorizonte.fm\\\/radio\\\/\"},{\"@type\":\"ListItem\",\"position\":2,\"name\":\"Horror en Almagro: mat\u00f3 a sus suegros, hiri\u00f3 a su mujer embarazada, a su cu\u00f1ado de 13 a\u00f1os y se suicid\u00f3\"}]},{\"@type\":\"WebSite\",\"@id\":\"http:\\\/\\\/www.radiohorizonte.fm\\\/radio\\\/#website\",\"url\":\"http:\\\/\\\/www.radiohorizonte.fm\\\/radio\\\/\",\"name\":\"Horizonte\",\"description\":\"Radio Horizonte 106.1 - Una radio de clasicos\",\"publisher\":{\"@id\":\"http:\\\/\\\/www.radiohorizonte.fm\\\/radio\\\/#organization\"},\"potentialAction\":[{\"@type\":\"SearchAction\",\"target\":{\"@type\":\"EntryPoint\",\"urlTemplate\":\"http:\\\/\\\/www.radiohorizonte.fm\\\/radio\\\/?s={search_term_string}\"},\"query-input\":{\"@type\":\"PropertyValueSpecification\",\"valueRequired\":true,\"valueName\":\"search_term_string\"}}],\"inLanguage\":\"es-AR\"},{\"@type\":\"Organization\",\"@id\":\"http:\\\/\\\/www.radiohorizonte.fm\\\/radio\\\/#organization\",\"name\":\"Horizonte\",\"url\":\"http:\\\/\\\/www.radiohorizonte.fm\\\/radio\\\/\",\"logo\":{\"@type\":\"ImageObject\",\"inLanguage\":\"es-AR\",\"@id\":\"http:\\\/\\\/www.radiohorizonte.fm\\\/radio\\\/#\\\/schema\\\/logo\\\/image\\\/\",\"url\":\"http:\\\/\\\/www.radiohorizonte.fm\\\/radio\\\/wp-content\\\/uploads\\\/2025\\\/06\\\/Portada-FM-Horizonte_modelo-imagen-scaled.jpg\",\"contentUrl\":\"http:\\\/\\\/www.radiohorizonte.fm\\\/radio\\\/wp-content\\\/uploads\\\/2025\\\/06\\\/Portada-FM-Horizonte_modelo-imagen-scaled.jpg\",\"width\":2560,\"height\":1056,\"caption\":\"Horizonte\"},\"image\":{\"@id\":\"http:\\\/\\\/www.radiohorizonte.fm\\\/radio\\\/#\\\/schema\\\/logo\\\/image\\\/\"},\"sameAs\":[\"http:\\\/\\\/www.facebook.com\\\/HORIZONTE106.1\",\"https:\\\/\\\/x.com\\\/fmhorizonte1061\"]},{\"@type\":\"Person\",\"@id\":\"http:\\\/\\\/www.radiohorizonte.fm\\\/radio\\\/#\\\/schema\\\/person\\\/f8fa003a405bb86729fd87d15d0ddafa\",\"name\":\"Cristian Galarza\",\"image\":{\"@type\":\"ImageObject\",\"inLanguage\":\"es-AR\",\"@id\":\"https:\\\/\\\/secure.gravatar.com\\\/avatar\\\/fad34bc2c773209c05d7d53b08a69b680eeb55f3be014e52b31643d20ab65925?s=96&d=mm&r=g\",\"url\":\"https:\\\/\\\/secure.gravatar.com\\\/avatar\\\/fad34bc2c773209c05d7d53b08a69b680eeb55f3be014e52b31643d20ab65925?s=96&d=mm&r=g\",\"contentUrl\":\"https:\\\/\\\/secure.gravatar.com\\\/avatar\\\/fad34bc2c773209c05d7d53b08a69b680eeb55f3be014e52b31643d20ab65925?s=96&d=mm&r=g\",\"caption\":\"Cristian Galarza\"},\"url\":\"http:\\\/\\\/www.radiohorizonte.fm\\\/radio\\\/author\\\/cristian\\\/\"}]}<\/script>\n<!-- \/ Yoast SEO plugin. -->","yoast_head_json":{"title":"Horror en Almagro: mat\u00f3 a sus suegros, hiri\u00f3 a su mujer embarazada, a su cu\u00f1ado de 13 a\u00f1os y se suicid\u00f3 - Horizonte","robots":{"index":"index","follow":"follow","max-snippet":"max-snippet:-1","max-image-preview":"max-image-preview:large","max-video-preview":"max-video-preview:-1"},"canonical":"http:\/\/www.radiohorizonte.fm\/radio\/2023\/10\/03\/horror-en-almagro-mato-sus-suegros-hirio-su-mujer-embarazada-su-cunado-de-13-anos-y-se-suicido\/","og_locale":"es_ES","og_type":"article","og_title":"Horror en Almagro: mat\u00f3 a sus suegros, hiri\u00f3 a su mujer embarazada, a su cu\u00f1ado de 13 a\u00f1os y se suicid\u00f3 - Horizonte","og_description":"El agresor, identificado como Mingxiang Lin, atac\u00f3 a sus v\u00edctimas con un cuchillo y luego se arroj\u00f3 desde la terraza del edificio El barrio porte\u00f1o de Almagro fue escenario anoche de una violenta pelea en el seno de una familia de origen chino que dej\u00f3 como resultado tres personas muertas y dos heridas. Seg\u00fan informaron","og_url":"http:\/\/www.radiohorizonte.fm\/radio\/2023\/10\/03\/horror-en-almagro-mato-sus-suegros-hirio-su-mujer-embarazada-su-cunado-de-13-anos-y-se-suicido\/","og_site_name":"Horizonte","article_publisher":"http:\/\/www.facebook.com\/HORIZONTE106.1","article_published_time":"2023-10-03T13:53:49+00:00","article_modified_time":"2023-10-03T13:53:50+00:00","og_image":[{"width":768,"height":512,"url":"http:\/\/www.radiohorizonte.fm\/radio\/wp-content\/uploads\/2023\/10\/73Q3QTQRXRCT7OOQWAYTXRX2VQ.jpg","type":"image\/jpeg"}],"author":"Cristian Galarza","twitter_card":"summary_large_image","twitter_creator":"@fmhorizonte1061","twitter_site":"@fmhorizonte1061","twitter_misc":{"Escrito por":"Cristian Galarza","Tiempo de lectura":"3 minutos"},"schema":{"@context":"https:\/\/schema.org","@graph":[{"@type":"Article","@id":"http:\/\/www.radiohorizonte.fm\/radio\/2023\/10\/03\/horror-en-almagro-mato-sus-suegros-hirio-su-mujer-embarazada-su-cunado-de-13-anos-y-se-suicido\/#article","isPartOf":{"@id":"http:\/\/www.radiohorizonte.fm\/radio\/2023\/10\/03\/horror-en-almagro-mato-sus-suegros-hirio-su-mujer-embarazada-su-cunado-de-13-anos-y-se-suicido\/"},"author":{"name":"Cristian Galarza","@id":"http:\/\/www.radiohorizonte.fm\/radio\/#\/schema\/person\/f8fa003a405bb86729fd87d15d0ddafa"},"headline":"Horror en Almagro: mat\u00f3 a sus suegros, hiri\u00f3 a su mujer embarazada, a su cu\u00f1ado de 13 a\u00f1os y se suicid\u00f3","datePublished":"2023-10-03T13:53:49+00:00","dateModified":"2023-10-03T13:53:50+00:00","mainEntityOfPage":{"@id":"http:\/\/www.radiohorizonte.fm\/radio\/2023\/10\/03\/horror-en-almagro-mato-sus-suegros-hirio-su-mujer-embarazada-su-cunado-de-13-anos-y-se-suicido\/"},"wordCount":648,"publisher":{"@id":"http:\/\/www.radiohorizonte.fm\/radio\/#organization"},"image":{"@id":"http:\/\/www.radiohorizonte.fm\/radio\/2023\/10\/03\/horror-en-almagro-mato-sus-suegros-hirio-su-mujer-embarazada-su-cunado-de-13-anos-y-se-suicido\/#primaryimage"},"thumbnailUrl":"http:\/\/www.radiohorizonte.fm\/radio\/wp-content\/uploads\/2023\/10\/73Q3QTQRXRCT7OOQWAYTXRX2VQ.jpg","articleSection":["Noticias"],"inLanguage":"es-AR"},{"@type":"WebPage","@id":"http:\/\/www.radiohorizonte.fm\/radio\/2023\/10\/03\/horror-en-almagro-mato-sus-suegros-hirio-su-mujer-embarazada-su-cunado-de-13-anos-y-se-suicido\/","url":"http:\/\/www.radiohorizonte.fm\/radio\/2023\/10\/03\/horror-en-almagro-mato-sus-suegros-hirio-su-mujer-embarazada-su-cunado-de-13-anos-y-se-suicido\/","name":"Horror en Almagro: mat\u00f3 a sus suegros, hiri\u00f3 a su mujer embarazada, a su cu\u00f1ado de 13 a\u00f1os y se suicid\u00f3 - Horizonte","isPartOf":{"@id":"http:\/\/www.radiohorizonte.fm\/radio\/#website"},"primaryImageOfPage":{"@id":"http:\/\/www.radiohorizonte.fm\/radio\/2023\/10\/03\/horror-en-almagro-mato-sus-suegros-hirio-su-mujer-embarazada-su-cunado-de-13-anos-y-se-suicido\/#primaryimage"},"image":{"@id":"http:\/\/www.radiohorizonte.fm\/radio\/2023\/10\/03\/horror-en-almagro-mato-sus-suegros-hirio-su-mujer-embarazada-su-cunado-de-13-anos-y-se-suicido\/#primaryimage"},"thumbnailUrl":"http:\/\/www.radiohorizonte.fm\/radio\/wp-content\/uploads\/2023\/10\/73Q3QTQRXRCT7OOQWAYTXRX2VQ.jpg","datePublished":"2023-10-03T13:53:49+00:00","dateModified":"2023-10-03T13:53:50+00:00","breadcrumb":{"@id":"http:\/\/www.radiohorizonte.fm\/radio\/2023\/10\/03\/horror-en-almagro-mato-sus-suegros-hirio-su-mujer-embarazada-su-cunado-de-13-anos-y-se-suicido\/#breadcrumb"},"inLanguage":"es-AR","potentialAction":[{"@type":"ReadAction","target":["http:\/\/www.radiohorizonte.fm\/radio\/2023\/10\/03\/horror-en-almagro-mato-sus-suegros-hirio-su-mujer-embarazada-su-cunado-de-13-anos-y-se-suicido\/"]}]},{"@type":"ImageObject","inLanguage":"es-AR","@id":"http:\/\/www.radiohorizonte.fm\/radio\/2023\/10\/03\/horror-en-almagro-mato-sus-suegros-hirio-su-mujer-embarazada-su-cunado-de-13-anos-y-se-suicido\/#primaryimage","url":"http:\/\/www.radiohorizonte.fm\/radio\/wp-content\/uploads\/2023\/10\/73Q3QTQRXRCT7OOQWAYTXRX2VQ.jpg","contentUrl":"http:\/\/www.radiohorizonte.fm\/radio\/wp-content\/uploads\/2023\/10\/73Q3QTQRXRCT7OOQWAYTXRX2VQ.jpg","width":768,"height":512,"caption":"El lugar del crimen (Fotos: Maximiliano Luna)"},{"@type":"BreadcrumbList","@id":"http:\/\/www.radiohorizonte.fm\/radio\/2023\/10\/03\/horror-en-almagro-mato-sus-suegros-hirio-su-mujer-embarazada-su-cunado-de-13-anos-y-se-suicido\/#breadcrumb","itemListElement":[{"@type":"ListItem","position":1,"name":"Home","item":"http:\/\/www.radiohorizonte.fm\/radio\/"},{"@type":"ListItem","position":2,"name":"Horror en Almagro: mat\u00f3 a sus suegros, hiri\u00f3 a su mujer embarazada, a su cu\u00f1ado de 13 a\u00f1os y se suicid\u00f3"}]},{"@type":"WebSite","@id":"http:\/\/www.radiohorizonte.fm\/radio\/#website","url":"http:\/\/www.radiohorizonte.fm\/radio\/","name":"Horizonte","description":"Radio Horizonte 106.1 - Una radio de clasicos","publisher":{"@id":"http:\/\/www.radiohorizonte.fm\/radio\/#organization"},"potentialAction":[{"@type":"SearchAction","target":{"@type":"EntryPoint","urlTemplate":"http:\/\/www.radiohorizonte.fm\/radio\/?s={search_term_string}"},"query-input":{"@type":"PropertyValueSpecification","valueRequired":true,"valueName":"search_term_string"}}],"inLanguage":"es-AR"},{"@type":"Organization","@id":"http:\/\/www.radiohorizonte.fm\/radio\/#organization","name":"Horizonte","url":"http:\/\/www.radiohorizonte.fm\/radio\/","logo":{"@type":"ImageObject","inLanguage":"es-AR","@id":"http:\/\/www.radiohorizonte.fm\/radio\/#\/schema\/logo\/image\/","url":"http:\/\/www.radiohorizonte.fm\/radio\/wp-content\/uploads\/2025\/06\/Portada-FM-Horizonte_modelo-imagen-scaled.jpg","contentUrl":"http:\/\/www.radiohorizonte.fm\/radio\/wp-content\/uploads\/2025\/06\/Portada-FM-Horizonte_modelo-imagen-scaled.jpg","width":2560,"height":1056,"caption":"Horizonte"},"image":{"@id":"http:\/\/www.radiohorizonte.fm\/radio\/#\/schema\/logo\/image\/"},"sameAs":["http:\/\/www.facebook.com\/HORIZONTE106.1","https:\/\/x.com\/fmhorizonte1061"]},{"@type":"Person","@id":"http:\/\/www.radiohorizonte.fm\/radio\/#\/schema\/person\/f8fa003a405bb86729fd87d15d0ddafa","name":"Cristian Galarza","image":{"@type":"ImageObject","inLanguage":"es-AR","@id":"https:\/\/secure.gravatar.com\/avatar\/fad34bc2c773209c05d7d53b08a69b680eeb55f3be014e52b31643d20ab65925?s=96&d=mm&r=g","url":"https:\/\/secure.gravatar.com\/avatar\/fad34bc2c773209c05d7d53b08a69b680eeb55f3be014e52b31643d20ab65925?s=96&d=mm&r=g","contentUrl":"https:\/\/secure.gravatar.com\/avatar\/fad34bc2c773209c05d7d53b08a69b680eeb55f3be014e52b31643d20ab65925?s=96&d=mm&r=g","caption":"Cristian Galarza"},"url":"http:\/\/www.radiohorizonte.fm\/radio\/author\/cristian\/"}]}},"_links":{"self":[{"href":"http:\/\/www.radiohorizonte.fm\/radio\/wp-json\/wp\/v2\/posts\/42217","targetHints":{"allow":["GET"]}}],"collection":[{"href":"http:\/\/www.radiohorizonte.fm\/radio\/wp-json\/wp\/v2\/posts"}],"about":[{"href":"http:\/\/www.radiohorizonte.fm\/radio\/wp-json\/wp\/v2\/types\/post"}],"author":[{"embeddable":true,"href":"http:\/\/www.radiohorizonte.fm\/radio\/wp-json\/wp\/v2\/users\/2"}],"replies":[{"embeddable":true,"href":"http:\/\/www.radiohorizonte.fm\/radio\/wp-json\/wp\/v2\/comments?post=42217"}],"version-history":[{"count":1,"href":"http:\/\/www.radiohorizonte.fm\/radio\/wp-json\/wp\/v2\/posts\/42217\/revisions"}],"predecessor-version":[{"id":42219,"href":"http:\/\/www.radiohorizonte.fm\/radio\/wp-json\/wp\/v2\/posts\/42217\/revisions\/42219"}],"wp:featuredmedia":[{"embeddable":true,"href":"http:\/\/www.radiohorizonte.fm\/radio\/wp-json\/wp\/v2\/media\/42218"}],"wp:attachment":[{"href":"http:\/\/www.radiohorizonte.fm\/radio\/wp-json\/wp\/v2\/media?parent=42217"}],"wp:term":[{"taxonomy":"category","embeddable":true,"href":"http:\/\/www.radiohorizonte.fm\/radio\/wp-json\/wp\/v2\/categories?post=42217"},{"taxonomy":"post_tag","embeddable":true,"href":"http:\/\/www.radiohorizonte.fm\/radio\/wp-json\/wp\/v2\/tags?post=42217"}],"curies":[{"name":"wp","href":"https:\/\/api.w.org\/{rel}","templated":true}]}}