{"id":42223,"date":"2023-10-04T07:17:48","date_gmt":"2023-10-04T10:17:48","guid":{"rendered":"http:\/\/www.radiohorizonte.fm\/radio\/?p=42223"},"modified":"2023-10-04T07:17:48","modified_gmt":"2023-10-04T10:17:48","slug":"volco-un-colectivo-con-estudiantes-correntinos-que-volvian-de-bariloche","status":"publish","type":"post","link":"http:\/\/www.radiohorizonte.fm\/radio\/2023\/10\/04\/volco-un-colectivo-con-estudiantes-correntinos-que-volvian-de-bariloche\/","title":{"rendered":"Volc\u00f3 un colectivo con estudiantes correntinos que volv\u00edan de Bariloche"},"content":{"rendered":"<p>Las primeras informaciones indican que estudiantes de Paso de los Libres que volv\u00edan de Bariloche sufrieron un accidente cerca de Col\u00f3n, Entre R\u00edos. Habr\u00eda cuatro heridos graves.<\/p>\n<p><img loading=\"lazy\" decoding=\"async\" class=\"alignnone size-full wp-image-42224\" src=\"http:\/\/www.radiohorizonte.fm\/radio\/wp-content\/uploads\/2023\/10\/1323127w762h926c.jpg.jpg\" alt=\"\" width=\"762\" height=\"926\" srcset=\"http:\/\/www.radiohorizonte.fm\/radio\/wp-content\/uploads\/2023\/10\/1323127w762h926c.jpg.jpg 762w, http:\/\/www.radiohorizonte.fm\/radio\/wp-content\/uploads\/2023\/10\/1323127w762h926c.jpg-247x300.jpg 247w, http:\/\/www.radiohorizonte.fm\/radio\/wp-content\/uploads\/2023\/10\/1323127w762h926c.jpg-300x365.jpg 300w, http:\/\/www.radiohorizonte.fm\/radio\/wp-content\/uploads\/2023\/10\/1323127w762h926c.jpg-53x65.jpg 53w, http:\/\/www.radiohorizonte.fm\/radio\/wp-content\/uploads\/2023\/10\/1323127w762h926c.jpg-165x200.jpg 165w, http:\/\/www.radiohorizonte.fm\/radio\/wp-content\/uploads\/2023\/10\/1323127w762h926c.jpg-70x85.jpg 70w, http:\/\/www.radiohorizonte.fm\/radio\/wp-content\/uploads\/2023\/10\/1323127w762h926c.jpg-103x125.jpg 103w, http:\/\/www.radiohorizonte.fm\/radio\/wp-content\/uploads\/2023\/10\/1323127w762h926c.jpg-74x90.jpg 74w\" sizes=\"auto, (max-width: 762px) 100vw, 762px\" \/><\/p>\n<p>Un micro de larga distancia, que circulaba con al menos 35 pasajeros despist\u00f3 cerca de las 20:45 y termin\u00f3 volcando a la altura del kil\u00f3metro 157 de la Autov\u00eda Gervasio Artigas.\u00a0 Los pasajeros ser\u00edan estudiantes de la localidad de Paso de los Libres que volv\u00edan de su viaje de egresados.<\/p>\n<p>Trabajaron en el lugar del accidente, efectivos policiales dependientes de la Departamental Col\u00f3n, ambulancias y Bomberos Voluntarios de Col\u00f3n y Villa Elisa.<\/p>\n<div class=\" large m_image\">\n<figure><picture><source srcset=\"https:\/\/www.diarioepoca.com\/content\/bucket\/6\/1323126w762h549c.jpg.webp\" type=\"image\/webp\" media=\"(min-width: 640px)\" \/><source srcset=\"https:\/\/www.diarioepoca.com\/content\/bucket\/6\/1323126w440h317c.jpg.webp\" type=\"image\/webp\" media=\"(min-width: 300px)\" \/><source srcset=\"https:\/\/www.diarioepoca.com\/content\/bucket\/6\/1323126w762h549c.jpg\" media=\"(min-width: 300px)\" \/><img loading=\"lazy\" decoding=\"async\" class=\"pic\" src=\"https:\/\/www.diarioepoca.com\/content\/bucket\/6\/1323126w762h549c.jpg.webp\" alt=\"\" width=\"762\" height=\"549\" \/><\/picture><\/figure>\n<\/div>\n<p>Se tratar\u00eda de una unidad de la empresa Flecha Bus, que circulaba bajo una torrencial lluvia, situaci\u00f3n que dificultaba el trabajo de los rescatistas. Hab\u00eda heridos de distinta consideraci\u00f3n, que estaban siendo trasladados a Col\u00f3n y San Jos\u00e9.<\/p>\n<p>La unidad circulaba desde San Carlos de Bariloche a Paso de los Libres, con la totalidad de 35 pasajeros.<\/p>\n<p><strong>Informe policial<\/strong><\/p>\n<p>JEFATURA DEPARTAMENTAL COLON CRIA SAN JOSE<br \/>\nFECHA: 03\/10\/2023<br \/>\nHora 20.00<br \/>\nHECHO: Accte. De Tr\u00e1nsito en Autov\u00eda Gral Artigas km 159 (vuelco de colectivo)<br \/>\nCAUSA: Somos comisionados por un accidente de tr\u00e1nsito en el lugar antes mencionado donde al llegar se constata el vuelco de un colectivo Mercedes Benz dominio AA724PZ de empresa FlechaBus, el cual se dirig\u00eda desde Ezeiza (Bs As) a Paso de los libres, con la totalidad de 31 pasajeros (viaje de egresados de secundaria) con dos choferes y un coordinador, al entrevistarnos con el ch\u00f3fer GOMEZ CRISTIAN, DE 34 A\u00f1os DNI 34.679.774, Y ACOMPA\u00d1ENTE FOSSATI ALEJANDRO DE 50 A\u00d1OS DNI 23.497.036, los cuales informan que al venir circulando por Autov\u00eda de sur a norte donde al llegar al km 159 por falla mec\u00e1nica (traba de direcci\u00f3n) se provoca el despiste hacia banquina derecha y posterior vuelco. Se procede a dar Intervenci\u00f3n a personal de bomberos, informando que se proceden a trasladar a las personas lesionadas al hospital de Colon, mientras que el resto de los pasajeros que se los trasladan por personal de bomberos al cuartel, se trasladan en primera instancia a Lopez Maila, Gonzalo Solano, y Eich Guido, se trabaja en el lugar asistiendo el tr\u00e1nsito por personal de Caminera y Cris LIEBIG.<\/p>\n<p>Fuente: Diario \u00c9poca<\/p>\n","protected":false},"excerpt":{"rendered":"<div class=\"post-excerpt\"><p>Las primeras informaciones indican que estudiantes de Paso de los Libres que volv\u00edan de Bariloche sufrieron un accidente cerca de Col\u00f3n, Entre R\u00edos. Habr\u00eda cuatro heridos graves. Un micro de larga distancia, que circulaba con al menos 35 pasajeros despist\u00f3 cerca de las 20:45 y termin\u00f3 volcando a la altura del kil\u00f3metro 157 de la<\/p>\n<\/div>","protected":false},"author":2,"featured_media":42224,"comment_status":"closed","ping_status":"closed","sticky":false,"template":"","format":"standard","meta":{"_acf_changed":false,"footnotes":""},"categories":[2],"tags":[],"class_list":["post-42223","post","type-post","status-publish","format-standard","has-post-thumbnail","hentry","category-noticias"],"acf":[],"yoast_head":"<!-- This site is optimized with the Yoast SEO plugin v28.1 - https:\/\/yoast.com\/product\/yoast-seo-wordpress\/ -->\n<title>Volc\u00f3 un colectivo con estudiantes correntinos que volv\u00edan de Bariloche - Horizonte<\/title>\n<meta name=\"robots\" content=\"index, follow, max-snippet:-1, max-image-preview:large, max-video-preview:-1\" \/>\n<link rel=\"canonical\" href=\"http:\/\/www.radiohorizonte.fm\/radio\/2023\/10\/04\/volco-un-colectivo-con-estudiantes-correntinos-que-volvian-de-bariloche\/\" \/>\n<meta property=\"og:locale\" content=\"es_ES\" \/>\n<meta property=\"og:type\" content=\"article\" \/>\n<meta property=\"og:title\" content=\"Volc\u00f3 un colectivo con estudiantes correntinos que volv\u00edan de Bariloche - Horizonte\" \/>\n<meta property=\"og:description\" content=\"Las primeras informaciones indican que estudiantes de Paso de los Libres que volv\u00edan de Bariloche sufrieron un accidente cerca de Col\u00f3n, Entre R\u00edos. Habr\u00eda cuatro heridos graves. Un micro de larga distancia, que circulaba con al menos 35 pasajeros despist\u00f3 cerca de las 20:45 y termin\u00f3 volcando a la altura del kil\u00f3metro 157 de la\" \/>\n<meta property=\"og:url\" content=\"http:\/\/www.radiohorizonte.fm\/radio\/2023\/10\/04\/volco-un-colectivo-con-estudiantes-correntinos-que-volvian-de-bariloche\/\" \/>\n<meta property=\"og:site_name\" content=\"Horizonte\" \/>\n<meta property=\"article:publisher\" content=\"http:\/\/www.facebook.com\/HORIZONTE106.1\" \/>\n<meta property=\"article:published_time\" content=\"2023-10-04T10:17:48+00:00\" \/>\n<meta property=\"og:image\" content=\"http:\/\/www.radiohorizonte.fm\/radio\/wp-content\/uploads\/2023\/10\/1323127w762h926c.jpg.jpg\" \/>\n\t<meta property=\"og:image:width\" content=\"762\" \/>\n\t<meta property=\"og:image:height\" content=\"926\" \/>\n\t<meta property=\"og:image:type\" content=\"image\/jpeg\" \/>\n<meta name=\"author\" content=\"Cristian Galarza\" \/>\n<meta name=\"twitter:card\" content=\"summary_large_image\" \/>\n<meta name=\"twitter:creator\" content=\"@fmhorizonte1061\" \/>\n<meta name=\"twitter:site\" content=\"@fmhorizonte1061\" \/>\n<meta name=\"twitter:label1\" content=\"Escrito por\" \/>\n\t<meta name=\"twitter:data1\" content=\"Cristian Galarza\" \/>\n\t<meta name=\"twitter:label2\" content=\"Tiempo de lectura\" \/>\n\t<meta name=\"twitter:data2\" content=\"2 minutos\" \/>\n<script type=\"application\/ld+json\" class=\"yoast-schema-graph\">{\"@context\":\"https:\\\/\\\/schema.org\",\"@graph\":[{\"@type\":\"Article\",\"@id\":\"http:\\\/\\\/www.radiohorizonte.fm\\\/radio\\\/2023\\\/10\\\/04\\\/volco-un-colectivo-con-estudiantes-correntinos-que-volvian-de-bariloche\\\/#article\",\"isPartOf\":{\"@id\":\"http:\\\/\\\/www.radiohorizonte.fm\\\/radio\\\/2023\\\/10\\\/04\\\/volco-un-colectivo-con-estudiantes-correntinos-que-volvian-de-bariloche\\\/\"},\"author\":{\"name\":\"Cristian Galarza\",\"@id\":\"http:\\\/\\\/www.radiohorizonte.fm\\\/radio\\\/#\\\/schema\\\/person\\\/f8fa003a405bb86729fd87d15d0ddafa\"},\"headline\":\"Volc\u00f3 un colectivo con estudiantes correntinos que volv\u00edan de Bariloche\",\"datePublished\":\"2023-10-04T10:17:48+00:00\",\"mainEntityOfPage\":{\"@id\":\"http:\\\/\\\/www.radiohorizonte.fm\\\/radio\\\/2023\\\/10\\\/04\\\/volco-un-colectivo-con-estudiantes-correntinos-que-volvian-de-bariloche\\\/\"},\"wordCount\":395,\"publisher\":{\"@id\":\"http:\\\/\\\/www.radiohorizonte.fm\\\/radio\\\/#organization\"},\"image\":{\"@id\":\"http:\\\/\\\/www.radiohorizonte.fm\\\/radio\\\/2023\\\/10\\\/04\\\/volco-un-colectivo-con-estudiantes-correntinos-que-volvian-de-bariloche\\\/#primaryimage\"},\"thumbnailUrl\":\"http:\\\/\\\/www.radiohorizonte.fm\\\/radio\\\/wp-content\\\/uploads\\\/2023\\\/10\\\/1323127w762h926c.jpg.jpg\",\"articleSection\":[\"Noticias\"],\"inLanguage\":\"es-AR\"},{\"@type\":\"WebPage\",\"@id\":\"http:\\\/\\\/www.radiohorizonte.fm\\\/radio\\\/2023\\\/10\\\/04\\\/volco-un-colectivo-con-estudiantes-correntinos-que-volvian-de-bariloche\\\/\",\"url\":\"http:\\\/\\\/www.radiohorizonte.fm\\\/radio\\\/2023\\\/10\\\/04\\\/volco-un-colectivo-con-estudiantes-correntinos-que-volvian-de-bariloche\\\/\",\"name\":\"Volc\u00f3 un colectivo con estudiantes correntinos que volv\u00edan de Bariloche - Horizonte\",\"isPartOf\":{\"@id\":\"http:\\\/\\\/www.radiohorizonte.fm\\\/radio\\\/#website\"},\"primaryImageOfPage\":{\"@id\":\"http:\\\/\\\/www.radiohorizonte.fm\\\/radio\\\/2023\\\/10\\\/04\\\/volco-un-colectivo-con-estudiantes-correntinos-que-volvian-de-bariloche\\\/#primaryimage\"},\"image\":{\"@id\":\"http:\\\/\\\/www.radiohorizonte.fm\\\/radio\\\/2023\\\/10\\\/04\\\/volco-un-colectivo-con-estudiantes-correntinos-que-volvian-de-bariloche\\\/#primaryimage\"},\"thumbnailUrl\":\"http:\\\/\\\/www.radiohorizonte.fm\\\/radio\\\/wp-content\\\/uploads\\\/2023\\\/10\\\/1323127w762h926c.jpg.jpg\",\"datePublished\":\"2023-10-04T10:17:48+00:00\",\"breadcrumb\":{\"@id\":\"http:\\\/\\\/www.radiohorizonte.fm\\\/radio\\\/2023\\\/10\\\/04\\\/volco-un-colectivo-con-estudiantes-correntinos-que-volvian-de-bariloche\\\/#breadcrumb\"},\"inLanguage\":\"es-AR\",\"potentialAction\":[{\"@type\":\"ReadAction\",\"target\":[\"http:\\\/\\\/www.radiohorizonte.fm\\\/radio\\\/2023\\\/10\\\/04\\\/volco-un-colectivo-con-estudiantes-correntinos-que-volvian-de-bariloche\\\/\"]}]},{\"@type\":\"ImageObject\",\"inLanguage\":\"es-AR\",\"@id\":\"http:\\\/\\\/www.radiohorizonte.fm\\\/radio\\\/2023\\\/10\\\/04\\\/volco-un-colectivo-con-estudiantes-correntinos-que-volvian-de-bariloche\\\/#primaryimage\",\"url\":\"http:\\\/\\\/www.radiohorizonte.fm\\\/radio\\\/wp-content\\\/uploads\\\/2023\\\/10\\\/1323127w762h926c.jpg.jpg\",\"contentUrl\":\"http:\\\/\\\/www.radiohorizonte.fm\\\/radio\\\/wp-content\\\/uploads\\\/2023\\\/10\\\/1323127w762h926c.jpg.jpg\",\"width\":762,\"height\":926},{\"@type\":\"BreadcrumbList\",\"@id\":\"http:\\\/\\\/www.radiohorizonte.fm\\\/radio\\\/2023\\\/10\\\/04\\\/volco-un-colectivo-con-estudiantes-correntinos-que-volvian-de-bariloche\\\/#breadcrumb\",\"itemListElement\":[{\"@type\":\"ListItem\",\"position\":1,\"name\":\"Home\",\"item\":\"http:\\\/\\\/www.radiohorizonte.fm\\\/radio\\\/\"},{\"@type\":\"ListItem\",\"position\":2,\"name\":\"Volc\u00f3 un colectivo con estudiantes correntinos que volv\u00edan de Bariloche\"}]},{\"@type\":\"WebSite\",\"@id\":\"http:\\\/\\\/www.radiohorizonte.fm\\\/radio\\\/#website\",\"url\":\"http:\\\/\\\/www.radiohorizonte.fm\\\/radio\\\/\",\"name\":\"Horizonte\",\"description\":\"Radio Horizonte 106.1 - Una radio de clasicos\",\"publisher\":{\"@id\":\"http:\\\/\\\/www.radiohorizonte.fm\\\/radio\\\/#organization\"},\"potentialAction\":[{\"@type\":\"SearchAction\",\"target\":{\"@type\":\"EntryPoint\",\"urlTemplate\":\"http:\\\/\\\/www.radiohorizonte.fm\\\/radio\\\/?s={search_term_string}\"},\"query-input\":{\"@type\":\"PropertyValueSpecification\",\"valueRequired\":true,\"valueName\":\"search_term_string\"}}],\"inLanguage\":\"es-AR\"},{\"@type\":\"Organization\",\"@id\":\"http:\\\/\\\/www.radiohorizonte.fm\\\/radio\\\/#organization\",\"name\":\"Horizonte\",\"url\":\"http:\\\/\\\/www.radiohorizonte.fm\\\/radio\\\/\",\"logo\":{\"@type\":\"ImageObject\",\"inLanguage\":\"es-AR\",\"@id\":\"http:\\\/\\\/www.radiohorizonte.fm\\\/radio\\\/#\\\/schema\\\/logo\\\/image\\\/\",\"url\":\"http:\\\/\\\/www.radiohorizonte.fm\\\/radio\\\/wp-content\\\/uploads\\\/2025\\\/06\\\/Portada-FM-Horizonte_modelo-imagen-scaled.jpg\",\"contentUrl\":\"http:\\\/\\\/www.radiohorizonte.fm\\\/radio\\\/wp-content\\\/uploads\\\/2025\\\/06\\\/Portada-FM-Horizonte_modelo-imagen-scaled.jpg\",\"width\":2560,\"height\":1056,\"caption\":\"Horizonte\"},\"image\":{\"@id\":\"http:\\\/\\\/www.radiohorizonte.fm\\\/radio\\\/#\\\/schema\\\/logo\\\/image\\\/\"},\"sameAs\":[\"http:\\\/\\\/www.facebook.com\\\/HORIZONTE106.1\",\"https:\\\/\\\/x.com\\\/fmhorizonte1061\"]},{\"@type\":\"Person\",\"@id\":\"http:\\\/\\\/www.radiohorizonte.fm\\\/radio\\\/#\\\/schema\\\/person\\\/f8fa003a405bb86729fd87d15d0ddafa\",\"name\":\"Cristian Galarza\",\"image\":{\"@type\":\"ImageObject\",\"inLanguage\":\"es-AR\",\"@id\":\"https:\\\/\\\/secure.gravatar.com\\\/avatar\\\/fad34bc2c773209c05d7d53b08a69b680eeb55f3be014e52b31643d20ab65925?s=96&d=mm&r=g\",\"url\":\"https:\\\/\\\/secure.gravatar.com\\\/avatar\\\/fad34bc2c773209c05d7d53b08a69b680eeb55f3be014e52b31643d20ab65925?s=96&d=mm&r=g\",\"contentUrl\":\"https:\\\/\\\/secure.gravatar.com\\\/avatar\\\/fad34bc2c773209c05d7d53b08a69b680eeb55f3be014e52b31643d20ab65925?s=96&d=mm&r=g\",\"caption\":\"Cristian Galarza\"},\"url\":\"http:\\\/\\\/www.radiohorizonte.fm\\\/radio\\\/author\\\/cristian\\\/\"}]}<\/script>\n<!-- \/ Yoast SEO plugin. -->","yoast_head_json":{"title":"Volc\u00f3 un colectivo con estudiantes correntinos que volv\u00edan de Bariloche - Horizonte","robots":{"index":"index","follow":"follow","max-snippet":"max-snippet:-1","max-image-preview":"max-image-preview:large","max-video-preview":"max-video-preview:-1"},"canonical":"http:\/\/www.radiohorizonte.fm\/radio\/2023\/10\/04\/volco-un-colectivo-con-estudiantes-correntinos-que-volvian-de-bariloche\/","og_locale":"es_ES","og_type":"article","og_title":"Volc\u00f3 un colectivo con estudiantes correntinos que volv\u00edan de Bariloche - Horizonte","og_description":"Las primeras informaciones indican que estudiantes de Paso de los Libres que volv\u00edan de Bariloche sufrieron un accidente cerca de Col\u00f3n, Entre R\u00edos. Habr\u00eda cuatro heridos graves. Un micro de larga distancia, que circulaba con al menos 35 pasajeros despist\u00f3 cerca de las 20:45 y termin\u00f3 volcando a la altura del kil\u00f3metro 157 de la","og_url":"http:\/\/www.radiohorizonte.fm\/radio\/2023\/10\/04\/volco-un-colectivo-con-estudiantes-correntinos-que-volvian-de-bariloche\/","og_site_name":"Horizonte","article_publisher":"http:\/\/www.facebook.com\/HORIZONTE106.1","article_published_time":"2023-10-04T10:17:48+00:00","og_image":[{"width":762,"height":926,"url":"http:\/\/www.radiohorizonte.fm\/radio\/wp-content\/uploads\/2023\/10\/1323127w762h926c.jpg.jpg","type":"image\/jpeg"}],"author":"Cristian Galarza","twitter_card":"summary_large_image","twitter_creator":"@fmhorizonte1061","twitter_site":"@fmhorizonte1061","twitter_misc":{"Escrito por":"Cristian Galarza","Tiempo de lectura":"2 minutos"},"schema":{"@context":"https:\/\/schema.org","@graph":[{"@type":"Article","@id":"http:\/\/www.radiohorizonte.fm\/radio\/2023\/10\/04\/volco-un-colectivo-con-estudiantes-correntinos-que-volvian-de-bariloche\/#article","isPartOf":{"@id":"http:\/\/www.radiohorizonte.fm\/radio\/2023\/10\/04\/volco-un-colectivo-con-estudiantes-correntinos-que-volvian-de-bariloche\/"},"author":{"name":"Cristian Galarza","@id":"http:\/\/www.radiohorizonte.fm\/radio\/#\/schema\/person\/f8fa003a405bb86729fd87d15d0ddafa"},"headline":"Volc\u00f3 un colectivo con estudiantes correntinos que volv\u00edan de Bariloche","datePublished":"2023-10-04T10:17:48+00:00","mainEntityOfPage":{"@id":"http:\/\/www.radiohorizonte.fm\/radio\/2023\/10\/04\/volco-un-colectivo-con-estudiantes-correntinos-que-volvian-de-bariloche\/"},"wordCount":395,"publisher":{"@id":"http:\/\/www.radiohorizonte.fm\/radio\/#organization"},"image":{"@id":"http:\/\/www.radiohorizonte.fm\/radio\/2023\/10\/04\/volco-un-colectivo-con-estudiantes-correntinos-que-volvian-de-bariloche\/#primaryimage"},"thumbnailUrl":"http:\/\/www.radiohorizonte.fm\/radio\/wp-content\/uploads\/2023\/10\/1323127w762h926c.jpg.jpg","articleSection":["Noticias"],"inLanguage":"es-AR"},{"@type":"WebPage","@id":"http:\/\/www.radiohorizonte.fm\/radio\/2023\/10\/04\/volco-un-colectivo-con-estudiantes-correntinos-que-volvian-de-bariloche\/","url":"http:\/\/www.radiohorizonte.fm\/radio\/2023\/10\/04\/volco-un-colectivo-con-estudiantes-correntinos-que-volvian-de-bariloche\/","name":"Volc\u00f3 un colectivo con estudiantes correntinos que volv\u00edan de Bariloche - Horizonte","isPartOf":{"@id":"http:\/\/www.radiohorizonte.fm\/radio\/#website"},"primaryImageOfPage":{"@id":"http:\/\/www.radiohorizonte.fm\/radio\/2023\/10\/04\/volco-un-colectivo-con-estudiantes-correntinos-que-volvian-de-bariloche\/#primaryimage"},"image":{"@id":"http:\/\/www.radiohorizonte.fm\/radio\/2023\/10\/04\/volco-un-colectivo-con-estudiantes-correntinos-que-volvian-de-bariloche\/#primaryimage"},"thumbnailUrl":"http:\/\/www.radiohorizonte.fm\/radio\/wp-content\/uploads\/2023\/10\/1323127w762h926c.jpg.jpg","datePublished":"2023-10-04T10:17:48+00:00","breadcrumb":{"@id":"http:\/\/www.radiohorizonte.fm\/radio\/2023\/10\/04\/volco-un-colectivo-con-estudiantes-correntinos-que-volvian-de-bariloche\/#breadcrumb"},"inLanguage":"es-AR","potentialAction":[{"@type":"ReadAction","target":["http:\/\/www.radiohorizonte.fm\/radio\/2023\/10\/04\/volco-un-colectivo-con-estudiantes-correntinos-que-volvian-de-bariloche\/"]}]},{"@type":"ImageObject","inLanguage":"es-AR","@id":"http:\/\/www.radiohorizonte.fm\/radio\/2023\/10\/04\/volco-un-colectivo-con-estudiantes-correntinos-que-volvian-de-bariloche\/#primaryimage","url":"http:\/\/www.radiohorizonte.fm\/radio\/wp-content\/uploads\/2023\/10\/1323127w762h926c.jpg.jpg","contentUrl":"http:\/\/www.radiohorizonte.fm\/radio\/wp-content\/uploads\/2023\/10\/1323127w762h926c.jpg.jpg","width":762,"height":926},{"@type":"BreadcrumbList","@id":"http:\/\/www.radiohorizonte.fm\/radio\/2023\/10\/04\/volco-un-colectivo-con-estudiantes-correntinos-que-volvian-de-bariloche\/#breadcrumb","itemListElement":[{"@type":"ListItem","position":1,"name":"Home","item":"http:\/\/www.radiohorizonte.fm\/radio\/"},{"@type":"ListItem","position":2,"name":"Volc\u00f3 un colectivo con estudiantes correntinos que volv\u00edan de Bariloche"}]},{"@type":"WebSite","@id":"http:\/\/www.radiohorizonte.fm\/radio\/#website","url":"http:\/\/www.radiohorizonte.fm\/radio\/","name":"Horizonte","description":"Radio Horizonte 106.1 - Una radio de clasicos","publisher":{"@id":"http:\/\/www.radiohorizonte.fm\/radio\/#organization"},"potentialAction":[{"@type":"SearchAction","target":{"@type":"EntryPoint","urlTemplate":"http:\/\/www.radiohorizonte.fm\/radio\/?s={search_term_string}"},"query-input":{"@type":"PropertyValueSpecification","valueRequired":true,"valueName":"search_term_string"}}],"inLanguage":"es-AR"},{"@type":"Organization","@id":"http:\/\/www.radiohorizonte.fm\/radio\/#organization","name":"Horizonte","url":"http:\/\/www.radiohorizonte.fm\/radio\/","logo":{"@type":"ImageObject","inLanguage":"es-AR","@id":"http:\/\/www.radiohorizonte.fm\/radio\/#\/schema\/logo\/image\/","url":"http:\/\/www.radiohorizonte.fm\/radio\/wp-content\/uploads\/2025\/06\/Portada-FM-Horizonte_modelo-imagen-scaled.jpg","contentUrl":"http:\/\/www.radiohorizonte.fm\/radio\/wp-content\/uploads\/2025\/06\/Portada-FM-Horizonte_modelo-imagen-scaled.jpg","width":2560,"height":1056,"caption":"Horizonte"},"image":{"@id":"http:\/\/www.radiohorizonte.fm\/radio\/#\/schema\/logo\/image\/"},"sameAs":["http:\/\/www.facebook.com\/HORIZONTE106.1","https:\/\/x.com\/fmhorizonte1061"]},{"@type":"Person","@id":"http:\/\/www.radiohorizonte.fm\/radio\/#\/schema\/person\/f8fa003a405bb86729fd87d15d0ddafa","name":"Cristian Galarza","image":{"@type":"ImageObject","inLanguage":"es-AR","@id":"https:\/\/secure.gravatar.com\/avatar\/fad34bc2c773209c05d7d53b08a69b680eeb55f3be014e52b31643d20ab65925?s=96&d=mm&r=g","url":"https:\/\/secure.gravatar.com\/avatar\/fad34bc2c773209c05d7d53b08a69b680eeb55f3be014e52b31643d20ab65925?s=96&d=mm&r=g","contentUrl":"https:\/\/secure.gravatar.com\/avatar\/fad34bc2c773209c05d7d53b08a69b680eeb55f3be014e52b31643d20ab65925?s=96&d=mm&r=g","caption":"Cristian Galarza"},"url":"http:\/\/www.radiohorizonte.fm\/radio\/author\/cristian\/"}]}},"_links":{"self":[{"href":"http:\/\/www.radiohorizonte.fm\/radio\/wp-json\/wp\/v2\/posts\/42223","targetHints":{"allow":["GET"]}}],"collection":[{"href":"http:\/\/www.radiohorizonte.fm\/radio\/wp-json\/wp\/v2\/posts"}],"about":[{"href":"http:\/\/www.radiohorizonte.fm\/radio\/wp-json\/wp\/v2\/types\/post"}],"author":[{"embeddable":true,"href":"http:\/\/www.radiohorizonte.fm\/radio\/wp-json\/wp\/v2\/users\/2"}],"replies":[{"embeddable":true,"href":"http:\/\/www.radiohorizonte.fm\/radio\/wp-json\/wp\/v2\/comments?post=42223"}],"version-history":[{"count":1,"href":"http:\/\/www.radiohorizonte.fm\/radio\/wp-json\/wp\/v2\/posts\/42223\/revisions"}],"predecessor-version":[{"id":42225,"href":"http:\/\/www.radiohorizonte.fm\/radio\/wp-json\/wp\/v2\/posts\/42223\/revisions\/42225"}],"wp:featuredmedia":[{"embeddable":true,"href":"http:\/\/www.radiohorizonte.fm\/radio\/wp-json\/wp\/v2\/media\/42224"}],"wp:attachment":[{"href":"http:\/\/www.radiohorizonte.fm\/radio\/wp-json\/wp\/v2\/media?parent=42223"}],"wp:term":[{"taxonomy":"category","embeddable":true,"href":"http:\/\/www.radiohorizonte.fm\/radio\/wp-json\/wp\/v2\/categories?post=42223"},{"taxonomy":"post_tag","embeddable":true,"href":"http:\/\/www.radiohorizonte.fm\/radio\/wp-json\/wp\/v2\/tags?post=42223"}],"curies":[{"name":"wp","href":"https:\/\/api.w.org\/{rel}","templated":true}]}}