{"id":42226,"date":"2023-10-04T07:20:09","date_gmt":"2023-10-04T10:20:09","guid":{"rendered":"http:\/\/www.radiohorizonte.fm\/radio\/?p=42226"},"modified":"2023-10-04T07:20:09","modified_gmt":"2023-10-04T10:20:09","slug":"jorge-capitanich-aseguro-que-se-aleja-de-los-cargos-publicos-y-esta-buscando-trabajo","status":"publish","type":"post","link":"http:\/\/www.radiohorizonte.fm\/radio\/2023\/10\/04\/jorge-capitanich-aseguro-que-se-aleja-de-los-cargos-publicos-y-esta-buscando-trabajo\/","title":{"rendered":"Jorge Capitanich asegur\u00f3 que se aleja de los cargos p\u00fablicos y est\u00e1 buscando trabajo"},"content":{"rendered":"<p>El todav\u00eda gobernador del Chaco,\u00a0 cay\u00f3 en las elecciones PASO ante el radical Leandro Zdero y explic\u00f3 c\u00f3mo seguir\u00e1 su vida despu\u00e9s de diciembre.<\/p>\n<p><img loading=\"lazy\" decoding=\"async\" class=\"alignnone size-full wp-image-26938\" src=\"http:\/\/www.radiohorizonte.fm\/radio\/wp-content\/uploads\/2020\/03\/capitanich_1-700x395.jpg\" alt=\"\" width=\"710\" height=\"401\" srcset=\"http:\/\/www.radiohorizonte.fm\/radio\/wp-content\/uploads\/2020\/03\/capitanich_1-700x395.jpg 710w, http:\/\/www.radiohorizonte.fm\/radio\/wp-content\/uploads\/2020\/03\/capitanich_1-700x395-300x169.jpg 300w, http:\/\/www.radiohorizonte.fm\/radio\/wp-content\/uploads\/2020\/03\/capitanich_1-700x395-65x37.jpg 65w, http:\/\/www.radiohorizonte.fm\/radio\/wp-content\/uploads\/2020\/03\/capitanich_1-700x395-320x181.jpg 320w, http:\/\/www.radiohorizonte.fm\/radio\/wp-content\/uploads\/2020\/03\/capitanich_1-700x395-85x48.jpg 85w, http:\/\/www.radiohorizonte.fm\/radio\/wp-content\/uploads\/2020\/03\/capitanich_1-700x395-220x125.jpg 220w, http:\/\/www.radiohorizonte.fm\/radio\/wp-content\/uploads\/2020\/03\/capitanich_1-700x395-90x51.jpg 90w\" sizes=\"auto, (max-width: 710px) 100vw, 710px\" \/><\/p>\n<p>Jorge Capitanich, quien todav\u00eda es gobernador de la provincia de Chaco, volvi\u00f3 de su licencia luego de las elecciones PASO y\u00a0<strong>asegur\u00f3 que dejar\u00e1 la funci\u00f3n p\u00fablica luego de finalizar su mandato el 10 de diciembre y que est\u00e1 buscando trabajo.<\/strong><\/p>\n<p>&#8220;Tengo muchas posibilidades, de acuerdo a mi expertise profesional. Es un tema que lo quiero ver y que me preocupa y me ocupa; es lo que corresponde hacer&#8221;,\u00a0 admiti\u00f3 ante los medios de comunicaci\u00f3n.<\/p>\n<p>&#8220;Me he dedicado 22 a\u00f1os al servicio p\u00fablico, de los cuales fueron 16 al frente del Ejecutivo provincial o municipal. Eso implica una dedicaci\u00f3n a tiempo completo, he entregado lo mejor de m\u00ed,\u00a0ahora corresponde que utilice mis capacidades profesionales en otra actividad&#8221;,\u00a0plante\u00f3 Capitanich.<\/p>\n<p>Adem\u00e1s, confirm\u00f3 que su objetivo actual es seguir con la campa\u00f1a nacional para que Sergio Massa pueda llegar al ballotage en las elecciones del 22 de octubre. &#8220;Hay que poner \u00e9nfasis ahi, acompa\u00f1ar a Massa y a Agust\u00edn Rossi para que entren y ganen las elecciones&#8221;<\/p>\n<p>Al ser consultado sobre qu\u00e9 pasar\u00eda si gana Massa, Capitanich neg\u00f3 que tenga en mente seguir en la funci\u00f3n p\u00fablica.\u00a0<strong>&#8220;No tengo intenciones, es una etapa cumplida.<\/strong>\u00a0\u00a0He hecho un gran esfuerzo porque hay que trabajar todo el tiempo como lo hice y bueno, ya est\u00e1. El veredicto de las urnas es muy claro y cada uno tiene que tomar las decisiones a partir de ese veredicto. Yo tengo muy claro lo que tengo que hacer&#8221;, lanz\u00f3.<\/p>\n<p>Respecto a la idea de seguir vinculado a la pol\u00edtica, el gobernador peronista dudo y dijo: &#8220;No s\u00ed si la pol\u00edtica, no es un tema que me preocupa ni me ocupa hoy. Lo que me preocupa es ver c\u00f3mo llegar a fin de mes a partir de diciembre&#8221;, dijo.<\/p>\n<p>Luego de 16 a\u00f1os de gobernaci\u00f3n, Jorge Capitanich perdi\u00f3 las elecciones en manos de Leandro Zdero, quien ser\u00e1 el pr\u00f3ximo gobernador del Chaco.\u00a0<strong>Un 46,2% obtuvo el candidato de Juntos por el Cambio, mientras que Capitanich lleg\u00f3 al 41,76%.<\/strong>Desde el 2007 no gobierna un partido que no sea peronista.<\/p>\n<p>DataChaco<\/p>\n<p>&nbsp;<\/p>\n","protected":false},"excerpt":{"rendered":"<div class=\"post-excerpt\"><p>El todav\u00eda gobernador del Chaco,\u00a0 cay\u00f3 en las elecciones PASO ante el radical Leandro Zdero y explic\u00f3 c\u00f3mo seguir\u00e1 su vida despu\u00e9s de diciembre. Jorge Capitanich, quien todav\u00eda es gobernador de la provincia de Chaco, volvi\u00f3 de su licencia luego de las elecciones PASO y\u00a0asegur\u00f3 que dejar\u00e1 la funci\u00f3n p\u00fablica luego de finalizar su mandato<\/p>\n<\/div>","protected":false},"author":2,"featured_media":26938,"comment_status":"closed","ping_status":"closed","sticky":false,"template":"","format":"standard","meta":{"_acf_changed":false,"footnotes":""},"categories":[2],"tags":[],"class_list":["post-42226","post","type-post","status-publish","format-standard","has-post-thumbnail","hentry","category-noticias"],"acf":[],"yoast_head":"<!-- This site is optimized with the Yoast SEO plugin v28.1 - https:\/\/yoast.com\/product\/yoast-seo-wordpress\/ -->\n<title>Jorge Capitanich asegur\u00f3 que se aleja de los cargos p\u00fablicos y est\u00e1 buscando trabajo - Horizonte<\/title>\n<meta name=\"robots\" content=\"index, follow, max-snippet:-1, max-image-preview:large, max-video-preview:-1\" \/>\n<link rel=\"canonical\" href=\"http:\/\/www.radiohorizonte.fm\/radio\/2023\/10\/04\/jorge-capitanich-aseguro-que-se-aleja-de-los-cargos-publicos-y-esta-buscando-trabajo\/\" \/>\n<meta property=\"og:locale\" content=\"es_ES\" \/>\n<meta property=\"og:type\" content=\"article\" \/>\n<meta property=\"og:title\" content=\"Jorge Capitanich asegur\u00f3 que se aleja de los cargos p\u00fablicos y est\u00e1 buscando trabajo - Horizonte\" \/>\n<meta property=\"og:description\" content=\"El todav\u00eda gobernador del Chaco,\u00a0 cay\u00f3 en las elecciones PASO ante el radical Leandro Zdero y explic\u00f3 c\u00f3mo seguir\u00e1 su vida despu\u00e9s de diciembre. Jorge Capitanich, quien todav\u00eda es gobernador de la provincia de Chaco, volvi\u00f3 de su licencia luego de las elecciones PASO y\u00a0asegur\u00f3 que dejar\u00e1 la funci\u00f3n p\u00fablica luego de finalizar su mandato\" \/>\n<meta property=\"og:url\" content=\"http:\/\/www.radiohorizonte.fm\/radio\/2023\/10\/04\/jorge-capitanich-aseguro-que-se-aleja-de-los-cargos-publicos-y-esta-buscando-trabajo\/\" \/>\n<meta property=\"og:site_name\" content=\"Horizonte\" \/>\n<meta property=\"article:publisher\" content=\"http:\/\/www.facebook.com\/HORIZONTE106.1\" \/>\n<meta property=\"article:published_time\" content=\"2023-10-04T10:20:09+00:00\" \/>\n<meta property=\"og:image\" content=\"http:\/\/www.radiohorizonte.fm\/radio\/wp-content\/uploads\/2020\/03\/capitanich_1-700x395.jpg\" \/>\n\t<meta property=\"og:image:width\" content=\"710\" \/>\n\t<meta property=\"og:image:height\" content=\"401\" \/>\n\t<meta property=\"og:image:type\" content=\"image\/jpeg\" \/>\n<meta name=\"author\" content=\"Cristian Galarza\" \/>\n<meta name=\"twitter:card\" content=\"summary_large_image\" \/>\n<meta name=\"twitter:creator\" content=\"@fmhorizonte1061\" \/>\n<meta name=\"twitter:site\" content=\"@fmhorizonte1061\" \/>\n<meta name=\"twitter:label1\" content=\"Escrito por\" \/>\n\t<meta name=\"twitter:data1\" content=\"Cristian Galarza\" \/>\n\t<meta name=\"twitter:label2\" content=\"Tiempo de lectura\" \/>\n\t<meta name=\"twitter:data2\" content=\"2 minutos\" \/>\n<script type=\"application\/ld+json\" class=\"yoast-schema-graph\">{\"@context\":\"https:\\\/\\\/schema.org\",\"@graph\":[{\"@type\":\"Article\",\"@id\":\"http:\\\/\\\/www.radiohorizonte.fm\\\/radio\\\/2023\\\/10\\\/04\\\/jorge-capitanich-aseguro-que-se-aleja-de-los-cargos-publicos-y-esta-buscando-trabajo\\\/#article\",\"isPartOf\":{\"@id\":\"http:\\\/\\\/www.radiohorizonte.fm\\\/radio\\\/2023\\\/10\\\/04\\\/jorge-capitanich-aseguro-que-se-aleja-de-los-cargos-publicos-y-esta-buscando-trabajo\\\/\"},\"author\":{\"name\":\"Cristian Galarza\",\"@id\":\"http:\\\/\\\/www.radiohorizonte.fm\\\/radio\\\/#\\\/schema\\\/person\\\/f8fa003a405bb86729fd87d15d0ddafa\"},\"headline\":\"Jorge Capitanich asegur\u00f3 que se aleja de los cargos p\u00fablicos y est\u00e1 buscando trabajo\",\"datePublished\":\"2023-10-04T10:20:09+00:00\",\"mainEntityOfPage\":{\"@id\":\"http:\\\/\\\/www.radiohorizonte.fm\\\/radio\\\/2023\\\/10\\\/04\\\/jorge-capitanich-aseguro-que-se-aleja-de-los-cargos-publicos-y-esta-buscando-trabajo\\\/\"},\"wordCount\":398,\"publisher\":{\"@id\":\"http:\\\/\\\/www.radiohorizonte.fm\\\/radio\\\/#organization\"},\"image\":{\"@id\":\"http:\\\/\\\/www.radiohorizonte.fm\\\/radio\\\/2023\\\/10\\\/04\\\/jorge-capitanich-aseguro-que-se-aleja-de-los-cargos-publicos-y-esta-buscando-trabajo\\\/#primaryimage\"},\"thumbnailUrl\":\"http:\\\/\\\/www.radiohorizonte.fm\\\/radio\\\/wp-content\\\/uploads\\\/2020\\\/03\\\/capitanich_1-700x395.jpg\",\"articleSection\":[\"Noticias\"],\"inLanguage\":\"es-AR\"},{\"@type\":\"WebPage\",\"@id\":\"http:\\\/\\\/www.radiohorizonte.fm\\\/radio\\\/2023\\\/10\\\/04\\\/jorge-capitanich-aseguro-que-se-aleja-de-los-cargos-publicos-y-esta-buscando-trabajo\\\/\",\"url\":\"http:\\\/\\\/www.radiohorizonte.fm\\\/radio\\\/2023\\\/10\\\/04\\\/jorge-capitanich-aseguro-que-se-aleja-de-los-cargos-publicos-y-esta-buscando-trabajo\\\/\",\"name\":\"Jorge Capitanich asegur\u00f3 que se aleja de los cargos p\u00fablicos y est\u00e1 buscando trabajo - Horizonte\",\"isPartOf\":{\"@id\":\"http:\\\/\\\/www.radiohorizonte.fm\\\/radio\\\/#website\"},\"primaryImageOfPage\":{\"@id\":\"http:\\\/\\\/www.radiohorizonte.fm\\\/radio\\\/2023\\\/10\\\/04\\\/jorge-capitanich-aseguro-que-se-aleja-de-los-cargos-publicos-y-esta-buscando-trabajo\\\/#primaryimage\"},\"image\":{\"@id\":\"http:\\\/\\\/www.radiohorizonte.fm\\\/radio\\\/2023\\\/10\\\/04\\\/jorge-capitanich-aseguro-que-se-aleja-de-los-cargos-publicos-y-esta-buscando-trabajo\\\/#primaryimage\"},\"thumbnailUrl\":\"http:\\\/\\\/www.radiohorizonte.fm\\\/radio\\\/wp-content\\\/uploads\\\/2020\\\/03\\\/capitanich_1-700x395.jpg\",\"datePublished\":\"2023-10-04T10:20:09+00:00\",\"breadcrumb\":{\"@id\":\"http:\\\/\\\/www.radiohorizonte.fm\\\/radio\\\/2023\\\/10\\\/04\\\/jorge-capitanich-aseguro-que-se-aleja-de-los-cargos-publicos-y-esta-buscando-trabajo\\\/#breadcrumb\"},\"inLanguage\":\"es-AR\",\"potentialAction\":[{\"@type\":\"ReadAction\",\"target\":[\"http:\\\/\\\/www.radiohorizonte.fm\\\/radio\\\/2023\\\/10\\\/04\\\/jorge-capitanich-aseguro-que-se-aleja-de-los-cargos-publicos-y-esta-buscando-trabajo\\\/\"]}]},{\"@type\":\"ImageObject\",\"inLanguage\":\"es-AR\",\"@id\":\"http:\\\/\\\/www.radiohorizonte.fm\\\/radio\\\/2023\\\/10\\\/04\\\/jorge-capitanich-aseguro-que-se-aleja-de-los-cargos-publicos-y-esta-buscando-trabajo\\\/#primaryimage\",\"url\":\"http:\\\/\\\/www.radiohorizonte.fm\\\/radio\\\/wp-content\\\/uploads\\\/2020\\\/03\\\/capitanich_1-700x395.jpg\",\"contentUrl\":\"http:\\\/\\\/www.radiohorizonte.fm\\\/radio\\\/wp-content\\\/uploads\\\/2020\\\/03\\\/capitanich_1-700x395.jpg\",\"width\":710,\"height\":401},{\"@type\":\"BreadcrumbList\",\"@id\":\"http:\\\/\\\/www.radiohorizonte.fm\\\/radio\\\/2023\\\/10\\\/04\\\/jorge-capitanich-aseguro-que-se-aleja-de-los-cargos-publicos-y-esta-buscando-trabajo\\\/#breadcrumb\",\"itemListElement\":[{\"@type\":\"ListItem\",\"position\":1,\"name\":\"Home\",\"item\":\"http:\\\/\\\/www.radiohorizonte.fm\\\/radio\\\/\"},{\"@type\":\"ListItem\",\"position\":2,\"name\":\"Jorge Capitanich asegur\u00f3 que se aleja de los cargos p\u00fablicos y est\u00e1 buscando trabajo\"}]},{\"@type\":\"WebSite\",\"@id\":\"http:\\\/\\\/www.radiohorizonte.fm\\\/radio\\\/#website\",\"url\":\"http:\\\/\\\/www.radiohorizonte.fm\\\/radio\\\/\",\"name\":\"Horizonte\",\"description\":\"Radio Horizonte 106.1 - Una radio de clasicos\",\"publisher\":{\"@id\":\"http:\\\/\\\/www.radiohorizonte.fm\\\/radio\\\/#organization\"},\"potentialAction\":[{\"@type\":\"SearchAction\",\"target\":{\"@type\":\"EntryPoint\",\"urlTemplate\":\"http:\\\/\\\/www.radiohorizonte.fm\\\/radio\\\/?s={search_term_string}\"},\"query-input\":{\"@type\":\"PropertyValueSpecification\",\"valueRequired\":true,\"valueName\":\"search_term_string\"}}],\"inLanguage\":\"es-AR\"},{\"@type\":\"Organization\",\"@id\":\"http:\\\/\\\/www.radiohorizonte.fm\\\/radio\\\/#organization\",\"name\":\"Horizonte\",\"url\":\"http:\\\/\\\/www.radiohorizonte.fm\\\/radio\\\/\",\"logo\":{\"@type\":\"ImageObject\",\"inLanguage\":\"es-AR\",\"@id\":\"http:\\\/\\\/www.radiohorizonte.fm\\\/radio\\\/#\\\/schema\\\/logo\\\/image\\\/\",\"url\":\"http:\\\/\\\/www.radiohorizonte.fm\\\/radio\\\/wp-content\\\/uploads\\\/2025\\\/06\\\/Portada-FM-Horizonte_modelo-imagen-scaled.jpg\",\"contentUrl\":\"http:\\\/\\\/www.radiohorizonte.fm\\\/radio\\\/wp-content\\\/uploads\\\/2025\\\/06\\\/Portada-FM-Horizonte_modelo-imagen-scaled.jpg\",\"width\":2560,\"height\":1056,\"caption\":\"Horizonte\"},\"image\":{\"@id\":\"http:\\\/\\\/www.radiohorizonte.fm\\\/radio\\\/#\\\/schema\\\/logo\\\/image\\\/\"},\"sameAs\":[\"http:\\\/\\\/www.facebook.com\\\/HORIZONTE106.1\",\"https:\\\/\\\/x.com\\\/fmhorizonte1061\"]},{\"@type\":\"Person\",\"@id\":\"http:\\\/\\\/www.radiohorizonte.fm\\\/radio\\\/#\\\/schema\\\/person\\\/f8fa003a405bb86729fd87d15d0ddafa\",\"name\":\"Cristian Galarza\",\"image\":{\"@type\":\"ImageObject\",\"inLanguage\":\"es-AR\",\"@id\":\"https:\\\/\\\/secure.gravatar.com\\\/avatar\\\/fad34bc2c773209c05d7d53b08a69b680eeb55f3be014e52b31643d20ab65925?s=96&d=mm&r=g\",\"url\":\"https:\\\/\\\/secure.gravatar.com\\\/avatar\\\/fad34bc2c773209c05d7d53b08a69b680eeb55f3be014e52b31643d20ab65925?s=96&d=mm&r=g\",\"contentUrl\":\"https:\\\/\\\/secure.gravatar.com\\\/avatar\\\/fad34bc2c773209c05d7d53b08a69b680eeb55f3be014e52b31643d20ab65925?s=96&d=mm&r=g\",\"caption\":\"Cristian Galarza\"},\"url\":\"http:\\\/\\\/www.radiohorizonte.fm\\\/radio\\\/author\\\/cristian\\\/\"}]}<\/script>\n<!-- \/ Yoast SEO plugin. -->","yoast_head_json":{"title":"Jorge Capitanich asegur\u00f3 que se aleja de los cargos p\u00fablicos y est\u00e1 buscando trabajo - Horizonte","robots":{"index":"index","follow":"follow","max-snippet":"max-snippet:-1","max-image-preview":"max-image-preview:large","max-video-preview":"max-video-preview:-1"},"canonical":"http:\/\/www.radiohorizonte.fm\/radio\/2023\/10\/04\/jorge-capitanich-aseguro-que-se-aleja-de-los-cargos-publicos-y-esta-buscando-trabajo\/","og_locale":"es_ES","og_type":"article","og_title":"Jorge Capitanich asegur\u00f3 que se aleja de los cargos p\u00fablicos y est\u00e1 buscando trabajo - Horizonte","og_description":"El todav\u00eda gobernador del Chaco,\u00a0 cay\u00f3 en las elecciones PASO ante el radical Leandro Zdero y explic\u00f3 c\u00f3mo seguir\u00e1 su vida despu\u00e9s de diciembre. Jorge Capitanich, quien todav\u00eda es gobernador de la provincia de Chaco, volvi\u00f3 de su licencia luego de las elecciones PASO y\u00a0asegur\u00f3 que dejar\u00e1 la funci\u00f3n p\u00fablica luego de finalizar su mandato","og_url":"http:\/\/www.radiohorizonte.fm\/radio\/2023\/10\/04\/jorge-capitanich-aseguro-que-se-aleja-de-los-cargos-publicos-y-esta-buscando-trabajo\/","og_site_name":"Horizonte","article_publisher":"http:\/\/www.facebook.com\/HORIZONTE106.1","article_published_time":"2023-10-04T10:20:09+00:00","og_image":[{"width":710,"height":401,"url":"http:\/\/www.radiohorizonte.fm\/radio\/wp-content\/uploads\/2020\/03\/capitanich_1-700x395.jpg","type":"image\/jpeg"}],"author":"Cristian Galarza","twitter_card":"summary_large_image","twitter_creator":"@fmhorizonte1061","twitter_site":"@fmhorizonte1061","twitter_misc":{"Escrito por":"Cristian Galarza","Tiempo de lectura":"2 minutos"},"schema":{"@context":"https:\/\/schema.org","@graph":[{"@type":"Article","@id":"http:\/\/www.radiohorizonte.fm\/radio\/2023\/10\/04\/jorge-capitanich-aseguro-que-se-aleja-de-los-cargos-publicos-y-esta-buscando-trabajo\/#article","isPartOf":{"@id":"http:\/\/www.radiohorizonte.fm\/radio\/2023\/10\/04\/jorge-capitanich-aseguro-que-se-aleja-de-los-cargos-publicos-y-esta-buscando-trabajo\/"},"author":{"name":"Cristian Galarza","@id":"http:\/\/www.radiohorizonte.fm\/radio\/#\/schema\/person\/f8fa003a405bb86729fd87d15d0ddafa"},"headline":"Jorge Capitanich asegur\u00f3 que se aleja de los cargos p\u00fablicos y est\u00e1 buscando trabajo","datePublished":"2023-10-04T10:20:09+00:00","mainEntityOfPage":{"@id":"http:\/\/www.radiohorizonte.fm\/radio\/2023\/10\/04\/jorge-capitanich-aseguro-que-se-aleja-de-los-cargos-publicos-y-esta-buscando-trabajo\/"},"wordCount":398,"publisher":{"@id":"http:\/\/www.radiohorizonte.fm\/radio\/#organization"},"image":{"@id":"http:\/\/www.radiohorizonte.fm\/radio\/2023\/10\/04\/jorge-capitanich-aseguro-que-se-aleja-de-los-cargos-publicos-y-esta-buscando-trabajo\/#primaryimage"},"thumbnailUrl":"http:\/\/www.radiohorizonte.fm\/radio\/wp-content\/uploads\/2020\/03\/capitanich_1-700x395.jpg","articleSection":["Noticias"],"inLanguage":"es-AR"},{"@type":"WebPage","@id":"http:\/\/www.radiohorizonte.fm\/radio\/2023\/10\/04\/jorge-capitanich-aseguro-que-se-aleja-de-los-cargos-publicos-y-esta-buscando-trabajo\/","url":"http:\/\/www.radiohorizonte.fm\/radio\/2023\/10\/04\/jorge-capitanich-aseguro-que-se-aleja-de-los-cargos-publicos-y-esta-buscando-trabajo\/","name":"Jorge Capitanich asegur\u00f3 que se aleja de los cargos p\u00fablicos y est\u00e1 buscando trabajo - Horizonte","isPartOf":{"@id":"http:\/\/www.radiohorizonte.fm\/radio\/#website"},"primaryImageOfPage":{"@id":"http:\/\/www.radiohorizonte.fm\/radio\/2023\/10\/04\/jorge-capitanich-aseguro-que-se-aleja-de-los-cargos-publicos-y-esta-buscando-trabajo\/#primaryimage"},"image":{"@id":"http:\/\/www.radiohorizonte.fm\/radio\/2023\/10\/04\/jorge-capitanich-aseguro-que-se-aleja-de-los-cargos-publicos-y-esta-buscando-trabajo\/#primaryimage"},"thumbnailUrl":"http:\/\/www.radiohorizonte.fm\/radio\/wp-content\/uploads\/2020\/03\/capitanich_1-700x395.jpg","datePublished":"2023-10-04T10:20:09+00:00","breadcrumb":{"@id":"http:\/\/www.radiohorizonte.fm\/radio\/2023\/10\/04\/jorge-capitanich-aseguro-que-se-aleja-de-los-cargos-publicos-y-esta-buscando-trabajo\/#breadcrumb"},"inLanguage":"es-AR","potentialAction":[{"@type":"ReadAction","target":["http:\/\/www.radiohorizonte.fm\/radio\/2023\/10\/04\/jorge-capitanich-aseguro-que-se-aleja-de-los-cargos-publicos-y-esta-buscando-trabajo\/"]}]},{"@type":"ImageObject","inLanguage":"es-AR","@id":"http:\/\/www.radiohorizonte.fm\/radio\/2023\/10\/04\/jorge-capitanich-aseguro-que-se-aleja-de-los-cargos-publicos-y-esta-buscando-trabajo\/#primaryimage","url":"http:\/\/www.radiohorizonte.fm\/radio\/wp-content\/uploads\/2020\/03\/capitanich_1-700x395.jpg","contentUrl":"http:\/\/www.radiohorizonte.fm\/radio\/wp-content\/uploads\/2020\/03\/capitanich_1-700x395.jpg","width":710,"height":401},{"@type":"BreadcrumbList","@id":"http:\/\/www.radiohorizonte.fm\/radio\/2023\/10\/04\/jorge-capitanich-aseguro-que-se-aleja-de-los-cargos-publicos-y-esta-buscando-trabajo\/#breadcrumb","itemListElement":[{"@type":"ListItem","position":1,"name":"Home","item":"http:\/\/www.radiohorizonte.fm\/radio\/"},{"@type":"ListItem","position":2,"name":"Jorge Capitanich asegur\u00f3 que se aleja de los cargos p\u00fablicos y est\u00e1 buscando trabajo"}]},{"@type":"WebSite","@id":"http:\/\/www.radiohorizonte.fm\/radio\/#website","url":"http:\/\/www.radiohorizonte.fm\/radio\/","name":"Horizonte","description":"Radio Horizonte 106.1 - Una radio de clasicos","publisher":{"@id":"http:\/\/www.radiohorizonte.fm\/radio\/#organization"},"potentialAction":[{"@type":"SearchAction","target":{"@type":"EntryPoint","urlTemplate":"http:\/\/www.radiohorizonte.fm\/radio\/?s={search_term_string}"},"query-input":{"@type":"PropertyValueSpecification","valueRequired":true,"valueName":"search_term_string"}}],"inLanguage":"es-AR"},{"@type":"Organization","@id":"http:\/\/www.radiohorizonte.fm\/radio\/#organization","name":"Horizonte","url":"http:\/\/www.radiohorizonte.fm\/radio\/","logo":{"@type":"ImageObject","inLanguage":"es-AR","@id":"http:\/\/www.radiohorizonte.fm\/radio\/#\/schema\/logo\/image\/","url":"http:\/\/www.radiohorizonte.fm\/radio\/wp-content\/uploads\/2025\/06\/Portada-FM-Horizonte_modelo-imagen-scaled.jpg","contentUrl":"http:\/\/www.radiohorizonte.fm\/radio\/wp-content\/uploads\/2025\/06\/Portada-FM-Horizonte_modelo-imagen-scaled.jpg","width":2560,"height":1056,"caption":"Horizonte"},"image":{"@id":"http:\/\/www.radiohorizonte.fm\/radio\/#\/schema\/logo\/image\/"},"sameAs":["http:\/\/www.facebook.com\/HORIZONTE106.1","https:\/\/x.com\/fmhorizonte1061"]},{"@type":"Person","@id":"http:\/\/www.radiohorizonte.fm\/radio\/#\/schema\/person\/f8fa003a405bb86729fd87d15d0ddafa","name":"Cristian Galarza","image":{"@type":"ImageObject","inLanguage":"es-AR","@id":"https:\/\/secure.gravatar.com\/avatar\/fad34bc2c773209c05d7d53b08a69b680eeb55f3be014e52b31643d20ab65925?s=96&d=mm&r=g","url":"https:\/\/secure.gravatar.com\/avatar\/fad34bc2c773209c05d7d53b08a69b680eeb55f3be014e52b31643d20ab65925?s=96&d=mm&r=g","contentUrl":"https:\/\/secure.gravatar.com\/avatar\/fad34bc2c773209c05d7d53b08a69b680eeb55f3be014e52b31643d20ab65925?s=96&d=mm&r=g","caption":"Cristian Galarza"},"url":"http:\/\/www.radiohorizonte.fm\/radio\/author\/cristian\/"}]}},"_links":{"self":[{"href":"http:\/\/www.radiohorizonte.fm\/radio\/wp-json\/wp\/v2\/posts\/42226","targetHints":{"allow":["GET"]}}],"collection":[{"href":"http:\/\/www.radiohorizonte.fm\/radio\/wp-json\/wp\/v2\/posts"}],"about":[{"href":"http:\/\/www.radiohorizonte.fm\/radio\/wp-json\/wp\/v2\/types\/post"}],"author":[{"embeddable":true,"href":"http:\/\/www.radiohorizonte.fm\/radio\/wp-json\/wp\/v2\/users\/2"}],"replies":[{"embeddable":true,"href":"http:\/\/www.radiohorizonte.fm\/radio\/wp-json\/wp\/v2\/comments?post=42226"}],"version-history":[{"count":1,"href":"http:\/\/www.radiohorizonte.fm\/radio\/wp-json\/wp\/v2\/posts\/42226\/revisions"}],"predecessor-version":[{"id":42227,"href":"http:\/\/www.radiohorizonte.fm\/radio\/wp-json\/wp\/v2\/posts\/42226\/revisions\/42227"}],"wp:featuredmedia":[{"embeddable":true,"href":"http:\/\/www.radiohorizonte.fm\/radio\/wp-json\/wp\/v2\/media\/26938"}],"wp:attachment":[{"href":"http:\/\/www.radiohorizonte.fm\/radio\/wp-json\/wp\/v2\/media?parent=42226"}],"wp:term":[{"taxonomy":"category","embeddable":true,"href":"http:\/\/www.radiohorizonte.fm\/radio\/wp-json\/wp\/v2\/categories?post=42226"},{"taxonomy":"post_tag","embeddable":true,"href":"http:\/\/www.radiohorizonte.fm\/radio\/wp-json\/wp\/v2\/tags?post=42226"}],"curies":[{"name":"wp","href":"https:\/\/api.w.org\/{rel}","templated":true}]}}