{"id":42235,"date":"2023-10-05T07:09:43","date_gmt":"2023-10-05T10:09:43","guid":{"rendered":"http:\/\/www.radiohorizonte.fm\/radio\/?p=42235"},"modified":"2023-10-05T07:09:43","modified_gmt":"2023-10-05T10:09:43","slug":"bullrich-denuncio-penalmente-milei-por-afirmar-que-fue-una-montonera-tira-bombas","status":"publish","type":"post","link":"http:\/\/www.radiohorizonte.fm\/radio\/2023\/10\/05\/bullrich-denuncio-penalmente-milei-por-afirmar-que-fue-una-montonera-tira-bombas\/","title":{"rendered":"Bullrich denunci\u00f3 penalmente a Milei por afirmar que fue &#8220;una montonera tira bombas&#8221;"},"content":{"rendered":"<div class=\"wrapper-header\">\n<div class=\"container-xl\">\n<div class=\"row\">\n<div class=\"col-12\">\n<div class=\"head-content mb-4\">\n<p class=\"speak\">La candidata presidencial de Juntos por el Cambio present\u00f3 en los Tribunales una demanda contra el postulante de La Libertad Avanza y remarc\u00f3 que &#8220;nunca tuve intervenci\u00f3n en alg\u00fan hecho vinculado a la colocaci\u00f3n de explosivos en jardines de infantes&#8221;.<\/p>\n<p><img loading=\"lazy\" decoding=\"async\" class=\"alignnone size-full wp-image-42236\" src=\"http:\/\/www.radiohorizonte.fm\/radio\/wp-content\/uploads\/2023\/10\/651c29c7c70d0_1200.jpg\" alt=\"\" width=\"1200\" height=\"675\" srcset=\"http:\/\/www.radiohorizonte.fm\/radio\/wp-content\/uploads\/2023\/10\/651c29c7c70d0_1200.jpg 1200w, http:\/\/www.radiohorizonte.fm\/radio\/wp-content\/uploads\/2023\/10\/651c29c7c70d0_1200-300x169.jpg 300w, http:\/\/www.radiohorizonte.fm\/radio\/wp-content\/uploads\/2023\/10\/651c29c7c70d0_1200-768x432.jpg 768w, http:\/\/www.radiohorizonte.fm\/radio\/wp-content\/uploads\/2023\/10\/651c29c7c70d0_1200-1024x576.jpg 1024w, http:\/\/www.radiohorizonte.fm\/radio\/wp-content\/uploads\/2023\/10\/651c29c7c70d0_1200-65x37.jpg 65w, http:\/\/www.radiohorizonte.fm\/radio\/wp-content\/uploads\/2023\/10\/651c29c7c70d0_1200-320x180.jpg 320w, http:\/\/www.radiohorizonte.fm\/radio\/wp-content\/uploads\/2023\/10\/651c29c7c70d0_1200-85x48.jpg 85w, http:\/\/www.radiohorizonte.fm\/radio\/wp-content\/uploads\/2023\/10\/651c29c7c70d0_1200-220x125.jpg 220w, http:\/\/www.radiohorizonte.fm\/radio\/wp-content\/uploads\/2023\/10\/651c29c7c70d0_1200-90x51.jpg 90w\" sizes=\"auto, (max-width: 1200px) 100vw, 1200px\" \/><\/p>\n<\/div>\n<\/div>\n<\/div>\n<\/div>\n<\/div>\n<div class=\"wrapper-editable-content\">\u00a0<strong>La candidata presidencial de Juntos por el Cambio (JxC), Patricia Bullrich, present\u00f3 este mi\u00e9rcoles en los Tribunales una demanda por &#8220;calumnias e injurias&#8221; contra el postulante de La Libertad Avanza (LLA), Javier Milei,<\/strong>\u00a0quien la acus\u00f3 de ser &#8220;una montonera tira bombas&#8221; y que &#8220;ha puesto bombas en jardines de infantes&#8221;.<\/p>\n<p>&#8220;Cabe destacar en primer lugar que las acusaciones formuladas por Milei son falsas. La mendacidad de las expresiones es clara y evidente en la medida que no solamente\u00a0<strong>nunca tuve intervenci\u00f3n en alg\u00fan hecho vinculado a la colocaci\u00f3n de explosivos<\/strong>\u00a0en jardines de infantes&#8221;, dijo la candidata en su denuncia.<\/p>\n<p>Y agreg\u00f3 que<strong>\u00a0&#8220;no se registra atentado alguno de tales caracter\u00edsticas en la Rep\u00fablica Argentina<\/strong>, circunstancia que demuestra suficientemente que Milei conoc\u00eda que su acusaci\u00f3n era falsa&#8221;.<\/p>\n<p>En la denuncia distribuida por su equipo de prensa, Bullrich acusa al dirigente libertario por\u00a0<strong>&#8220;la comisi\u00f3n de los delitos de calumnias e injurias&#8221;<\/strong>\u00a0tipificados en los art\u00edculos 109 y 110, del C\u00f3digo Penal de la Naci\u00f3n y 415 y 418, del C\u00f3digo Procesal Penal.<\/p>\n<p>La ley prev\u00e9 para esos delitos\u00a0<strong>penas de multas, ya que a\u00f1os atr\u00e1s fue eliminada la condena a prisi\u00f3n.<\/strong><\/p>\n<p>&#8220;El candidato Milei, a sabiendas de la falsedad de sus afirmaciones, me vincul\u00f3 en forma explicita a la comisi\u00f3n de delitos concretos graves,\u00a0<strong>caracteriz\u00e1ndome falsamente como &#8216;terrorista&#8217;,<\/strong>\u00a0lo que indudablemente pretende excluirme a m\u00ed -y a la alianza de partidos pol\u00edticos que represento- de las reglas de la democracia&#8221;, a\u00f1ade el texto.<\/p>\n<p>Durante una reciente entrevista en el canal A24, el libertario se refiri\u00f3 al pasado de la postulante de JxC y asegur\u00f3 que &#8220;era una montonera tira bombas&#8221;, que &#8220;ha puesto bombas en jardines de infantes&#8221; y que\u00a0<strong>&#8220;era parte de una organizaci\u00f3n terrorista&#8221;.<\/strong><\/p>\n<p>Para Bullrich, estas expresiones &#8220;importan la difusi\u00f3n maliciosa y temeraria de informaci\u00f3n falsa&#8221; sobre su persona y son realizadas por &#8220;un candidato a la Presidencia de la Naci\u00f3n, en el contexto de una campa\u00f1a electoral&#8221;, por lo que -seg\u00fan la denuncia- tiene &#8220;el objetivo e intenci\u00f3n&#8221; de\u00a0<strong>&#8220;desacreditarla&#8221; frente a la ciudadan\u00eda.<\/strong><\/p>\n<div class=\"twitter-tweet twitter-tweet-rendered\"><iframe loading=\"lazy\" id=\"twitter-widget-0\" class=\"\" title=\"Twitter Tweet\" src=\"https:\/\/platform.twitter.com\/embed\/Tweet.html?creatorScreenName=agenciatelam&amp;dnt=false&amp;embedId=twitter-widget-0&amp;features=eyJ0ZndfdGltZWxpbmVfbGlzdCI6eyJidWNrZXQiOltdLCJ2ZXJzaW9uIjpudWxsfSwidGZ3X2ZvbGxvd2VyX2NvdW50X3N1bnNldCI6eyJidWNrZXQiOnRydWUsInZlcnNpb24iOm51bGx9LCJ0ZndfdHdlZXRfZWRpdF9iYWNrZW5kIjp7ImJ1Y2tldCI6Im9uIiwidmVyc2lvbiI6bnVsbH0sInRmd19yZWZzcmNfc2Vzc2lvbiI6eyJidWNrZXQiOiJvbiIsInZlcnNpb24iOm51bGx9LCJ0ZndfZm9zbnJfc29mdF9pbnRlcnZlbnRpb25zX2VuYWJsZWQiOnsiYnVja2V0Ijoib24iLCJ2ZXJzaW9uIjpudWxsfSwidGZ3X21peGVkX21lZGlhXzE1ODk3Ijp7ImJ1Y2tldCI6InRyZWF0bWVudCIsInZlcnNpb24iOm51bGx9LCJ0ZndfZXhwZXJpbWVudHNfY29va2llX2V4cGlyYXRpb24iOnsiYnVja2V0IjoxMjA5NjAwLCJ2ZXJzaW9uIjpudWxsfSwidGZ3X3Nob3dfYmlyZHdhdGNoX3Bpdm90c19lbmFibGVkIjp7ImJ1Y2tldCI6Im9uIiwidmVyc2lvbiI6bnVsbH0sInRmd19kdXBsaWNhdGVfc2NyaWJlc190b19zZXR0aW5ncyI6eyJidWNrZXQiOiJvbiIsInZlcnNpb24iOm51bGx9LCJ0ZndfdXNlX3Byb2ZpbGVfaW1hZ2Vfc2hhcGVfZW5hYmxlZCI6eyJidWNrZXQiOiJvbiIsInZlcnNpb24iOm51bGx9LCJ0ZndfdmlkZW9faGxzX2R5bmFtaWNfbWFuaWZlc3RzXzE1MDgyIjp7ImJ1Y2tldCI6InRydWVfYml0cmF0ZSIsInZlcnNpb24iOm51bGx9LCJ0ZndfbGVnYWN5X3RpbWVsaW5lX3N1bnNldCI6eyJidWNrZXQiOnRydWUsInZlcnNpb24iOm51bGx9LCJ0ZndfdHdlZXRfZWRpdF9mcm9udGVuZCI6eyJidWNrZXQiOiJvbiIsInZlcnNpb24iOm51bGx9fQ%3D%3D&amp;frame=false&amp;hideCard=false&amp;hideThread=false&amp;id=1709641688845558074&amp;lang=es&amp;origin=https%3A%2F%2Fwww.telam.com.ar%2Fnotas%2F202310%2F642438-bullrich-milei-denuncia-penal.html&amp;sessionId=049b270cb5b2eb97ec36dc916b11705d39a94bca&amp;siteScreenName=agenciatelam&amp;theme=light&amp;widgetsVersion=7e31f10ca29dc%3A1696453545681&amp;width=1920px\" width=\"300\" height=\"150\" frameborder=\"0\" scrolling=\"no\" allowfullscreen=\"allowfullscreen\" data-tweet-id=\"1709641688845558074\"><\/iframe><\/div>\n<p><strong>&#8220;Javier Milei excedi\u00f3 el \u00e1mbito del ejercicio del derecho a la libertad de expresi\u00f3n<\/strong>\u00a0pues sus manifestaciones tuvieron por objeto no solamente obtener una ventaja electoral basada en mentiras, sino animar la generaci\u00f3n de odio por razones pol\u00edticas y destruir o alterar el ejercicio de mis derechos pol\u00edticos y, a la vez, la igualdad de trato en la esfera de la discusi\u00f3n democr\u00e1tica&#8221;, se\u00f1ala en el texto.<\/p>\n<p>Como parte de las &#8220;medidas de prueba&#8221; que solicita la defensa de Bullrich, est\u00e1 el expreso pedido de que el Centro de Estudios Legales sobre el Terrorismo y sus V\u00edctimas (Celtyv) -que preside la compa\u00f1era de f\u00f3rmula de Milei, Victoria Villarruel-<strong>\u00a0aporte &#8220;la cantidad de atentados con bombas cometidos en jardines de infantes&#8221;<\/strong>\u00a0en el pa\u00eds entre el per\u00edodo 1969 y 1980.<\/p>\n<p>Entre otros pedidos de prueba, Bullrich tambi\u00e9n inst\u00f3 a que\u00a0<strong>&#8220;se cite a prestar declaraci\u00f3n testimonial&#8221; a Villarruel,<\/strong>\u00a0quien fue coautora del libro &#8220;Los otros muertos. Las v\u00edctimas civiles del terrorismo guerrillero de los 70&#8221;.<\/p>\n<p>Bullrich hab\u00eda anticipado el martes que iba a denunciar penalmente a Milei por sus dichos\u00a0<strong>sobre su pasado militante<\/strong>, del que reconoci\u00f3 haber pertenecido a la Juventud Peronista pero no a Montoneros.<\/p>\n<p>Adem\u00e1s\u00a0<strong>de tildar de &#8220;mentiroso&#8221; a Milei, la exministra macrista<\/strong>\u00a0expres\u00f3 que el candidato ultraliberal le &#8220;acept\u00f3&#8221; en el debate presidencial que &#8220;haya cambiado&#8221; con respecto a su pasado, pero le achac\u00f3 que lo hizo s\u00f3lo para &#8220;justificar&#8221; su acercamiento al hist\u00f3rico sindicalista gastron\u00f3mico Barrionuevo.<\/p>\n<p>&#8220;El otro d\u00eda en el debate, Milei dijo &#8216;si vos cambiaste, te acepto que hayas cambiado, asunto terminado&#8217;. Eso lo hizo para justificar\u00a0<strong>que \u00e9l hab\u00eda convocado a Barrionuevo,<\/strong>\u00a0porque dijo que es un liberal en leyes laborales&#8221;, apunt\u00f3.<\/div>\n","protected":false},"excerpt":{"rendered":"<div class=\"post-excerpt\"><p>La candidata presidencial de Juntos por el Cambio present\u00f3 en los Tribunales una demanda contra el postulante de La Libertad Avanza y remarc\u00f3 que &#8220;nunca tuve intervenci\u00f3n en alg\u00fan hecho vinculado a la colocaci\u00f3n de explosivos en jardines de infantes&#8221;. \u00a0La candidata presidencial de Juntos por el Cambio (JxC), Patricia Bullrich, present\u00f3 este mi\u00e9rcoles en<\/p>\n<\/div>","protected":false},"author":2,"featured_media":42236,"comment_status":"closed","ping_status":"closed","sticky":false,"template":"","format":"standard","meta":{"_acf_changed":false,"footnotes":""},"categories":[2],"tags":[],"class_list":["post-42235","post","type-post","status-publish","format-standard","has-post-thumbnail","hentry","category-noticias"],"acf":[],"yoast_head":"<!-- This site is optimized with the Yoast SEO plugin v28.1 - https:\/\/yoast.com\/product\/yoast-seo-wordpress\/ -->\n<title>Bullrich denunci\u00f3 penalmente a Milei por afirmar que fue &quot;una montonera tira bombas&quot; - Horizonte<\/title>\n<meta name=\"robots\" content=\"index, follow, max-snippet:-1, max-image-preview:large, max-video-preview:-1\" \/>\n<link rel=\"canonical\" href=\"http:\/\/www.radiohorizonte.fm\/radio\/2023\/10\/05\/bullrich-denuncio-penalmente-milei-por-afirmar-que-fue-una-montonera-tira-bombas\/\" \/>\n<meta property=\"og:locale\" content=\"es_ES\" \/>\n<meta property=\"og:type\" content=\"article\" \/>\n<meta property=\"og:title\" content=\"Bullrich denunci\u00f3 penalmente a Milei por afirmar que fue &quot;una montonera tira bombas&quot; - Horizonte\" \/>\n<meta property=\"og:description\" content=\"La candidata presidencial de Juntos por el Cambio present\u00f3 en los Tribunales una demanda contra el postulante de La Libertad Avanza y remarc\u00f3 que &#8220;nunca tuve intervenci\u00f3n en alg\u00fan hecho vinculado a la colocaci\u00f3n de explosivos en jardines de infantes&#8221;. \u00a0La candidata presidencial de Juntos por el Cambio (JxC), Patricia Bullrich, present\u00f3 este mi\u00e9rcoles en\" \/>\n<meta property=\"og:url\" content=\"http:\/\/www.radiohorizonte.fm\/radio\/2023\/10\/05\/bullrich-denuncio-penalmente-milei-por-afirmar-que-fue-una-montonera-tira-bombas\/\" \/>\n<meta property=\"og:site_name\" content=\"Horizonte\" \/>\n<meta property=\"article:publisher\" content=\"http:\/\/www.facebook.com\/HORIZONTE106.1\" \/>\n<meta property=\"article:published_time\" content=\"2023-10-05T10:09:43+00:00\" \/>\n<meta property=\"og:image\" content=\"http:\/\/www.radiohorizonte.fm\/radio\/wp-content\/uploads\/2023\/10\/651c29c7c70d0_1200.jpg\" \/>\n\t<meta property=\"og:image:width\" content=\"1200\" \/>\n\t<meta property=\"og:image:height\" content=\"675\" \/>\n\t<meta property=\"og:image:type\" content=\"image\/jpeg\" \/>\n<meta name=\"author\" content=\"Cristian Galarza\" \/>\n<meta name=\"twitter:card\" content=\"summary_large_image\" \/>\n<meta name=\"twitter:creator\" content=\"@fmhorizonte1061\" \/>\n<meta name=\"twitter:site\" content=\"@fmhorizonte1061\" \/>\n<meta name=\"twitter:label1\" content=\"Escrito por\" \/>\n\t<meta name=\"twitter:data1\" content=\"Cristian Galarza\" \/>\n\t<meta name=\"twitter:label2\" content=\"Tiempo de lectura\" \/>\n\t<meta name=\"twitter:data2\" content=\"4 minutos\" \/>\n<script type=\"application\/ld+json\" class=\"yoast-schema-graph\">{\"@context\":\"https:\\\/\\\/schema.org\",\"@graph\":[{\"@type\":\"Article\",\"@id\":\"http:\\\/\\\/www.radiohorizonte.fm\\\/radio\\\/2023\\\/10\\\/05\\\/bullrich-denuncio-penalmente-milei-por-afirmar-que-fue-una-montonera-tira-bombas\\\/#article\",\"isPartOf\":{\"@id\":\"http:\\\/\\\/www.radiohorizonte.fm\\\/radio\\\/2023\\\/10\\\/05\\\/bullrich-denuncio-penalmente-milei-por-afirmar-que-fue-una-montonera-tira-bombas\\\/\"},\"author\":{\"name\":\"Cristian Galarza\",\"@id\":\"http:\\\/\\\/www.radiohorizonte.fm\\\/radio\\\/#\\\/schema\\\/person\\\/f8fa003a405bb86729fd87d15d0ddafa\"},\"headline\":\"Bullrich denunci\u00f3 penalmente a Milei por afirmar que fue &#8220;una montonera tira bombas&#8221;\",\"datePublished\":\"2023-10-05T10:09:43+00:00\",\"mainEntityOfPage\":{\"@id\":\"http:\\\/\\\/www.radiohorizonte.fm\\\/radio\\\/2023\\\/10\\\/05\\\/bullrich-denuncio-penalmente-milei-por-afirmar-que-fue-una-montonera-tira-bombas\\\/\"},\"wordCount\":718,\"publisher\":{\"@id\":\"http:\\\/\\\/www.radiohorizonte.fm\\\/radio\\\/#organization\"},\"image\":{\"@id\":\"http:\\\/\\\/www.radiohorizonte.fm\\\/radio\\\/2023\\\/10\\\/05\\\/bullrich-denuncio-penalmente-milei-por-afirmar-que-fue-una-montonera-tira-bombas\\\/#primaryimage\"},\"thumbnailUrl\":\"http:\\\/\\\/www.radiohorizonte.fm\\\/radio\\\/wp-content\\\/uploads\\\/2023\\\/10\\\/651c29c7c70d0_1200.jpg\",\"articleSection\":[\"Noticias\"],\"inLanguage\":\"es-AR\"},{\"@type\":\"WebPage\",\"@id\":\"http:\\\/\\\/www.radiohorizonte.fm\\\/radio\\\/2023\\\/10\\\/05\\\/bullrich-denuncio-penalmente-milei-por-afirmar-que-fue-una-montonera-tira-bombas\\\/\",\"url\":\"http:\\\/\\\/www.radiohorizonte.fm\\\/radio\\\/2023\\\/10\\\/05\\\/bullrich-denuncio-penalmente-milei-por-afirmar-que-fue-una-montonera-tira-bombas\\\/\",\"name\":\"Bullrich denunci\u00f3 penalmente a Milei por afirmar que fue \\\"una montonera tira bombas\\\" - Horizonte\",\"isPartOf\":{\"@id\":\"http:\\\/\\\/www.radiohorizonte.fm\\\/radio\\\/#website\"},\"primaryImageOfPage\":{\"@id\":\"http:\\\/\\\/www.radiohorizonte.fm\\\/radio\\\/2023\\\/10\\\/05\\\/bullrich-denuncio-penalmente-milei-por-afirmar-que-fue-una-montonera-tira-bombas\\\/#primaryimage\"},\"image\":{\"@id\":\"http:\\\/\\\/www.radiohorizonte.fm\\\/radio\\\/2023\\\/10\\\/05\\\/bullrich-denuncio-penalmente-milei-por-afirmar-que-fue-una-montonera-tira-bombas\\\/#primaryimage\"},\"thumbnailUrl\":\"http:\\\/\\\/www.radiohorizonte.fm\\\/radio\\\/wp-content\\\/uploads\\\/2023\\\/10\\\/651c29c7c70d0_1200.jpg\",\"datePublished\":\"2023-10-05T10:09:43+00:00\",\"breadcrumb\":{\"@id\":\"http:\\\/\\\/www.radiohorizonte.fm\\\/radio\\\/2023\\\/10\\\/05\\\/bullrich-denuncio-penalmente-milei-por-afirmar-que-fue-una-montonera-tira-bombas\\\/#breadcrumb\"},\"inLanguage\":\"es-AR\",\"potentialAction\":[{\"@type\":\"ReadAction\",\"target\":[\"http:\\\/\\\/www.radiohorizonte.fm\\\/radio\\\/2023\\\/10\\\/05\\\/bullrich-denuncio-penalmente-milei-por-afirmar-que-fue-una-montonera-tira-bombas\\\/\"]}]},{\"@type\":\"ImageObject\",\"inLanguage\":\"es-AR\",\"@id\":\"http:\\\/\\\/www.radiohorizonte.fm\\\/radio\\\/2023\\\/10\\\/05\\\/bullrich-denuncio-penalmente-milei-por-afirmar-que-fue-una-montonera-tira-bombas\\\/#primaryimage\",\"url\":\"http:\\\/\\\/www.radiohorizonte.fm\\\/radio\\\/wp-content\\\/uploads\\\/2023\\\/10\\\/651c29c7c70d0_1200.jpg\",\"contentUrl\":\"http:\\\/\\\/www.radiohorizonte.fm\\\/radio\\\/wp-content\\\/uploads\\\/2023\\\/10\\\/651c29c7c70d0_1200.jpg\",\"width\":1200,\"height\":675},{\"@type\":\"BreadcrumbList\",\"@id\":\"http:\\\/\\\/www.radiohorizonte.fm\\\/radio\\\/2023\\\/10\\\/05\\\/bullrich-denuncio-penalmente-milei-por-afirmar-que-fue-una-montonera-tira-bombas\\\/#breadcrumb\",\"itemListElement\":[{\"@type\":\"ListItem\",\"position\":1,\"name\":\"Home\",\"item\":\"http:\\\/\\\/www.radiohorizonte.fm\\\/radio\\\/\"},{\"@type\":\"ListItem\",\"position\":2,\"name\":\"Bullrich denunci\u00f3 penalmente a Milei por afirmar que fue &#8220;una montonera tira bombas&#8221;\"}]},{\"@type\":\"WebSite\",\"@id\":\"http:\\\/\\\/www.radiohorizonte.fm\\\/radio\\\/#website\",\"url\":\"http:\\\/\\\/www.radiohorizonte.fm\\\/radio\\\/\",\"name\":\"Horizonte\",\"description\":\"Radio Horizonte 106.1 - Una radio de clasicos\",\"publisher\":{\"@id\":\"http:\\\/\\\/www.radiohorizonte.fm\\\/radio\\\/#organization\"},\"potentialAction\":[{\"@type\":\"SearchAction\",\"target\":{\"@type\":\"EntryPoint\",\"urlTemplate\":\"http:\\\/\\\/www.radiohorizonte.fm\\\/radio\\\/?s={search_term_string}\"},\"query-input\":{\"@type\":\"PropertyValueSpecification\",\"valueRequired\":true,\"valueName\":\"search_term_string\"}}],\"inLanguage\":\"es-AR\"},{\"@type\":\"Organization\",\"@id\":\"http:\\\/\\\/www.radiohorizonte.fm\\\/radio\\\/#organization\",\"name\":\"Horizonte\",\"url\":\"http:\\\/\\\/www.radiohorizonte.fm\\\/radio\\\/\",\"logo\":{\"@type\":\"ImageObject\",\"inLanguage\":\"es-AR\",\"@id\":\"http:\\\/\\\/www.radiohorizonte.fm\\\/radio\\\/#\\\/schema\\\/logo\\\/image\\\/\",\"url\":\"http:\\\/\\\/www.radiohorizonte.fm\\\/radio\\\/wp-content\\\/uploads\\\/2025\\\/06\\\/Portada-FM-Horizonte_modelo-imagen-scaled.jpg\",\"contentUrl\":\"http:\\\/\\\/www.radiohorizonte.fm\\\/radio\\\/wp-content\\\/uploads\\\/2025\\\/06\\\/Portada-FM-Horizonte_modelo-imagen-scaled.jpg\",\"width\":2560,\"height\":1056,\"caption\":\"Horizonte\"},\"image\":{\"@id\":\"http:\\\/\\\/www.radiohorizonte.fm\\\/radio\\\/#\\\/schema\\\/logo\\\/image\\\/\"},\"sameAs\":[\"http:\\\/\\\/www.facebook.com\\\/HORIZONTE106.1\",\"https:\\\/\\\/x.com\\\/fmhorizonte1061\"]},{\"@type\":\"Person\",\"@id\":\"http:\\\/\\\/www.radiohorizonte.fm\\\/radio\\\/#\\\/schema\\\/person\\\/f8fa003a405bb86729fd87d15d0ddafa\",\"name\":\"Cristian Galarza\",\"image\":{\"@type\":\"ImageObject\",\"inLanguage\":\"es-AR\",\"@id\":\"https:\\\/\\\/secure.gravatar.com\\\/avatar\\\/fad34bc2c773209c05d7d53b08a69b680eeb55f3be014e52b31643d20ab65925?s=96&d=mm&r=g\",\"url\":\"https:\\\/\\\/secure.gravatar.com\\\/avatar\\\/fad34bc2c773209c05d7d53b08a69b680eeb55f3be014e52b31643d20ab65925?s=96&d=mm&r=g\",\"contentUrl\":\"https:\\\/\\\/secure.gravatar.com\\\/avatar\\\/fad34bc2c773209c05d7d53b08a69b680eeb55f3be014e52b31643d20ab65925?s=96&d=mm&r=g\",\"caption\":\"Cristian Galarza\"},\"url\":\"http:\\\/\\\/www.radiohorizonte.fm\\\/radio\\\/author\\\/cristian\\\/\"}]}<\/script>\n<!-- \/ Yoast SEO plugin. -->","yoast_head_json":{"title":"Bullrich denunci\u00f3 penalmente a Milei por afirmar que fue \"una montonera tira bombas\" - Horizonte","robots":{"index":"index","follow":"follow","max-snippet":"max-snippet:-1","max-image-preview":"max-image-preview:large","max-video-preview":"max-video-preview:-1"},"canonical":"http:\/\/www.radiohorizonte.fm\/radio\/2023\/10\/05\/bullrich-denuncio-penalmente-milei-por-afirmar-que-fue-una-montonera-tira-bombas\/","og_locale":"es_ES","og_type":"article","og_title":"Bullrich denunci\u00f3 penalmente a Milei por afirmar que fue \"una montonera tira bombas\" - Horizonte","og_description":"La candidata presidencial de Juntos por el Cambio present\u00f3 en los Tribunales una demanda contra el postulante de La Libertad Avanza y remarc\u00f3 que &#8220;nunca tuve intervenci\u00f3n en alg\u00fan hecho vinculado a la colocaci\u00f3n de explosivos en jardines de infantes&#8221;. \u00a0La candidata presidencial de Juntos por el Cambio (JxC), Patricia Bullrich, present\u00f3 este mi\u00e9rcoles en","og_url":"http:\/\/www.radiohorizonte.fm\/radio\/2023\/10\/05\/bullrich-denuncio-penalmente-milei-por-afirmar-que-fue-una-montonera-tira-bombas\/","og_site_name":"Horizonte","article_publisher":"http:\/\/www.facebook.com\/HORIZONTE106.1","article_published_time":"2023-10-05T10:09:43+00:00","og_image":[{"width":1200,"height":675,"url":"http:\/\/www.radiohorizonte.fm\/radio\/wp-content\/uploads\/2023\/10\/651c29c7c70d0_1200.jpg","type":"image\/jpeg"}],"author":"Cristian Galarza","twitter_card":"summary_large_image","twitter_creator":"@fmhorizonte1061","twitter_site":"@fmhorizonte1061","twitter_misc":{"Escrito por":"Cristian Galarza","Tiempo de lectura":"4 minutos"},"schema":{"@context":"https:\/\/schema.org","@graph":[{"@type":"Article","@id":"http:\/\/www.radiohorizonte.fm\/radio\/2023\/10\/05\/bullrich-denuncio-penalmente-milei-por-afirmar-que-fue-una-montonera-tira-bombas\/#article","isPartOf":{"@id":"http:\/\/www.radiohorizonte.fm\/radio\/2023\/10\/05\/bullrich-denuncio-penalmente-milei-por-afirmar-que-fue-una-montonera-tira-bombas\/"},"author":{"name":"Cristian Galarza","@id":"http:\/\/www.radiohorizonte.fm\/radio\/#\/schema\/person\/f8fa003a405bb86729fd87d15d0ddafa"},"headline":"Bullrich denunci\u00f3 penalmente a Milei por afirmar que fue &#8220;una montonera tira bombas&#8221;","datePublished":"2023-10-05T10:09:43+00:00","mainEntityOfPage":{"@id":"http:\/\/www.radiohorizonte.fm\/radio\/2023\/10\/05\/bullrich-denuncio-penalmente-milei-por-afirmar-que-fue-una-montonera-tira-bombas\/"},"wordCount":718,"publisher":{"@id":"http:\/\/www.radiohorizonte.fm\/radio\/#organization"},"image":{"@id":"http:\/\/www.radiohorizonte.fm\/radio\/2023\/10\/05\/bullrich-denuncio-penalmente-milei-por-afirmar-que-fue-una-montonera-tira-bombas\/#primaryimage"},"thumbnailUrl":"http:\/\/www.radiohorizonte.fm\/radio\/wp-content\/uploads\/2023\/10\/651c29c7c70d0_1200.jpg","articleSection":["Noticias"],"inLanguage":"es-AR"},{"@type":"WebPage","@id":"http:\/\/www.radiohorizonte.fm\/radio\/2023\/10\/05\/bullrich-denuncio-penalmente-milei-por-afirmar-que-fue-una-montonera-tira-bombas\/","url":"http:\/\/www.radiohorizonte.fm\/radio\/2023\/10\/05\/bullrich-denuncio-penalmente-milei-por-afirmar-que-fue-una-montonera-tira-bombas\/","name":"Bullrich denunci\u00f3 penalmente a Milei por afirmar que fue \"una montonera tira bombas\" - Horizonte","isPartOf":{"@id":"http:\/\/www.radiohorizonte.fm\/radio\/#website"},"primaryImageOfPage":{"@id":"http:\/\/www.radiohorizonte.fm\/radio\/2023\/10\/05\/bullrich-denuncio-penalmente-milei-por-afirmar-que-fue-una-montonera-tira-bombas\/#primaryimage"},"image":{"@id":"http:\/\/www.radiohorizonte.fm\/radio\/2023\/10\/05\/bullrich-denuncio-penalmente-milei-por-afirmar-que-fue-una-montonera-tira-bombas\/#primaryimage"},"thumbnailUrl":"http:\/\/www.radiohorizonte.fm\/radio\/wp-content\/uploads\/2023\/10\/651c29c7c70d0_1200.jpg","datePublished":"2023-10-05T10:09:43+00:00","breadcrumb":{"@id":"http:\/\/www.radiohorizonte.fm\/radio\/2023\/10\/05\/bullrich-denuncio-penalmente-milei-por-afirmar-que-fue-una-montonera-tira-bombas\/#breadcrumb"},"inLanguage":"es-AR","potentialAction":[{"@type":"ReadAction","target":["http:\/\/www.radiohorizonte.fm\/radio\/2023\/10\/05\/bullrich-denuncio-penalmente-milei-por-afirmar-que-fue-una-montonera-tira-bombas\/"]}]},{"@type":"ImageObject","inLanguage":"es-AR","@id":"http:\/\/www.radiohorizonte.fm\/radio\/2023\/10\/05\/bullrich-denuncio-penalmente-milei-por-afirmar-que-fue-una-montonera-tira-bombas\/#primaryimage","url":"http:\/\/www.radiohorizonte.fm\/radio\/wp-content\/uploads\/2023\/10\/651c29c7c70d0_1200.jpg","contentUrl":"http:\/\/www.radiohorizonte.fm\/radio\/wp-content\/uploads\/2023\/10\/651c29c7c70d0_1200.jpg","width":1200,"height":675},{"@type":"BreadcrumbList","@id":"http:\/\/www.radiohorizonte.fm\/radio\/2023\/10\/05\/bullrich-denuncio-penalmente-milei-por-afirmar-que-fue-una-montonera-tira-bombas\/#breadcrumb","itemListElement":[{"@type":"ListItem","position":1,"name":"Home","item":"http:\/\/www.radiohorizonte.fm\/radio\/"},{"@type":"ListItem","position":2,"name":"Bullrich denunci\u00f3 penalmente a Milei por afirmar que fue &#8220;una montonera tira bombas&#8221;"}]},{"@type":"WebSite","@id":"http:\/\/www.radiohorizonte.fm\/radio\/#website","url":"http:\/\/www.radiohorizonte.fm\/radio\/","name":"Horizonte","description":"Radio Horizonte 106.1 - Una radio de clasicos","publisher":{"@id":"http:\/\/www.radiohorizonte.fm\/radio\/#organization"},"potentialAction":[{"@type":"SearchAction","target":{"@type":"EntryPoint","urlTemplate":"http:\/\/www.radiohorizonte.fm\/radio\/?s={search_term_string}"},"query-input":{"@type":"PropertyValueSpecification","valueRequired":true,"valueName":"search_term_string"}}],"inLanguage":"es-AR"},{"@type":"Organization","@id":"http:\/\/www.radiohorizonte.fm\/radio\/#organization","name":"Horizonte","url":"http:\/\/www.radiohorizonte.fm\/radio\/","logo":{"@type":"ImageObject","inLanguage":"es-AR","@id":"http:\/\/www.radiohorizonte.fm\/radio\/#\/schema\/logo\/image\/","url":"http:\/\/www.radiohorizonte.fm\/radio\/wp-content\/uploads\/2025\/06\/Portada-FM-Horizonte_modelo-imagen-scaled.jpg","contentUrl":"http:\/\/www.radiohorizonte.fm\/radio\/wp-content\/uploads\/2025\/06\/Portada-FM-Horizonte_modelo-imagen-scaled.jpg","width":2560,"height":1056,"caption":"Horizonte"},"image":{"@id":"http:\/\/www.radiohorizonte.fm\/radio\/#\/schema\/logo\/image\/"},"sameAs":["http:\/\/www.facebook.com\/HORIZONTE106.1","https:\/\/x.com\/fmhorizonte1061"]},{"@type":"Person","@id":"http:\/\/www.radiohorizonte.fm\/radio\/#\/schema\/person\/f8fa003a405bb86729fd87d15d0ddafa","name":"Cristian Galarza","image":{"@type":"ImageObject","inLanguage":"es-AR","@id":"https:\/\/secure.gravatar.com\/avatar\/fad34bc2c773209c05d7d53b08a69b680eeb55f3be014e52b31643d20ab65925?s=96&d=mm&r=g","url":"https:\/\/secure.gravatar.com\/avatar\/fad34bc2c773209c05d7d53b08a69b680eeb55f3be014e52b31643d20ab65925?s=96&d=mm&r=g","contentUrl":"https:\/\/secure.gravatar.com\/avatar\/fad34bc2c773209c05d7d53b08a69b680eeb55f3be014e52b31643d20ab65925?s=96&d=mm&r=g","caption":"Cristian Galarza"},"url":"http:\/\/www.radiohorizonte.fm\/radio\/author\/cristian\/"}]}},"_links":{"self":[{"href":"http:\/\/www.radiohorizonte.fm\/radio\/wp-json\/wp\/v2\/posts\/42235","targetHints":{"allow":["GET"]}}],"collection":[{"href":"http:\/\/www.radiohorizonte.fm\/radio\/wp-json\/wp\/v2\/posts"}],"about":[{"href":"http:\/\/www.radiohorizonte.fm\/radio\/wp-json\/wp\/v2\/types\/post"}],"author":[{"embeddable":true,"href":"http:\/\/www.radiohorizonte.fm\/radio\/wp-json\/wp\/v2\/users\/2"}],"replies":[{"embeddable":true,"href":"http:\/\/www.radiohorizonte.fm\/radio\/wp-json\/wp\/v2\/comments?post=42235"}],"version-history":[{"count":1,"href":"http:\/\/www.radiohorizonte.fm\/radio\/wp-json\/wp\/v2\/posts\/42235\/revisions"}],"predecessor-version":[{"id":42237,"href":"http:\/\/www.radiohorizonte.fm\/radio\/wp-json\/wp\/v2\/posts\/42235\/revisions\/42237"}],"wp:featuredmedia":[{"embeddable":true,"href":"http:\/\/www.radiohorizonte.fm\/radio\/wp-json\/wp\/v2\/media\/42236"}],"wp:attachment":[{"href":"http:\/\/www.radiohorizonte.fm\/radio\/wp-json\/wp\/v2\/media?parent=42235"}],"wp:term":[{"taxonomy":"category","embeddable":true,"href":"http:\/\/www.radiohorizonte.fm\/radio\/wp-json\/wp\/v2\/categories?post=42235"},{"taxonomy":"post_tag","embeddable":true,"href":"http:\/\/www.radiohorizonte.fm\/radio\/wp-json\/wp\/v2\/tags?post=42235"}],"curies":[{"name":"wp","href":"https:\/\/api.w.org\/{rel}","templated":true}]}}