{"id":42238,"date":"2023-10-05T07:17:58","date_gmt":"2023-10-05T10:17:58","guid":{"rendered":"http:\/\/www.radiohorizonte.fm\/radio\/?p=42238"},"modified":"2023-10-05T07:17:58","modified_gmt":"2023-10-05T10:17:58","slug":"gaston-pauls-adelanto-lennons-la-comedia-sobre-un-supuesto-show-de-john-lennon-en-la-argentina","status":"publish","type":"post","link":"http:\/\/www.radiohorizonte.fm\/radio\/2023\/10\/05\/gaston-pauls-adelanto-lennons-la-comedia-sobre-un-supuesto-show-de-john-lennon-en-la-argentina\/","title":{"rendered":"Gast\u00f3n Pauls adelant\u00f3 \u201cLennons\u201d, la comedia sobre un supuesto show de John Lennon en la Argentina"},"content":{"rendered":"<div data-testid=\"headlines\">\n<p class=\"article__dropline\">El actor habl\u00f3 sobre la pel\u00edcula de Jos\u00e9 Cicala que llega a los cines este jueves.<\/p>\n<\/div>\n<div class=\"article__byline\" data-testid=\"byline\">\u00a0<img loading=\"lazy\" decoding=\"async\" class=\"alignnone size-full wp-image-42239\" src=\"http:\/\/www.radiohorizonte.fm\/radio\/wp-content\/uploads\/2023\/10\/754A3FE8BC8EC4DDCB89950B1BB7A8FD461-1696454778.jpg\" alt=\"\" width=\"1440\" height=\"806\" srcset=\"http:\/\/www.radiohorizonte.fm\/radio\/wp-content\/uploads\/2023\/10\/754A3FE8BC8EC4DDCB89950B1BB7A8FD461-1696454778.jpg 1440w, http:\/\/www.radiohorizonte.fm\/radio\/wp-content\/uploads\/2023\/10\/754A3FE8BC8EC4DDCB89950B1BB7A8FD461-1696454778-300x168.jpg 300w, http:\/\/www.radiohorizonte.fm\/radio\/wp-content\/uploads\/2023\/10\/754A3FE8BC8EC4DDCB89950B1BB7A8FD461-1696454778-768x430.jpg 768w, http:\/\/www.radiohorizonte.fm\/radio\/wp-content\/uploads\/2023\/10\/754A3FE8BC8EC4DDCB89950B1BB7A8FD461-1696454778-1024x573.jpg 1024w, http:\/\/www.radiohorizonte.fm\/radio\/wp-content\/uploads\/2023\/10\/754A3FE8BC8EC4DDCB89950B1BB7A8FD461-1696454778-65x36.jpg 65w, http:\/\/www.radiohorizonte.fm\/radio\/wp-content\/uploads\/2023\/10\/754A3FE8BC8EC4DDCB89950B1BB7A8FD461-1696454778-320x179.jpg 320w, http:\/\/www.radiohorizonte.fm\/radio\/wp-content\/uploads\/2023\/10\/754A3FE8BC8EC4DDCB89950B1BB7A8FD461-1696454778-85x48.jpg 85w, http:\/\/www.radiohorizonte.fm\/radio\/wp-content\/uploads\/2023\/10\/754A3FE8BC8EC4DDCB89950B1BB7A8FD461-1696454778-220x123.jpg 220w, http:\/\/www.radiohorizonte.fm\/radio\/wp-content\/uploads\/2023\/10\/754A3FE8BC8EC4DDCB89950B1BB7A8FD461-1696454778-90x50.jpg 90w\" sizes=\"auto, (max-width: 1440px) 100vw, 1440px\" \/><\/p>\n<p class=\"paragraph\"><b>Gast\u00f3n Pauls\u00a0<\/b>es de esos actores que se anima y entrega a personajes de todo tipo. En esta oportunidad, bajo la\u00a0<b>direcci\u00f3n de Jos\u00e9 Cicala<\/b>, encarna la historia de un buscavidas que monta un supuesto show de\u00a0<b>John Lennon\u00a0<\/b>en la Argentina.<\/p>\n<div id=\"ad-slot-infeed\" class=\"infeed-container\"><\/div>\n<p class=\"paragraph\"><i><b>Lennons<\/b><\/i>\u00a0fue una de las primeras pel\u00edculas en iniciar rodaje despu\u00e9s de la cuarentena por COVID-19 y se convirti\u00f3 en una gran apuesta de seguir haciendo cine a pesar de las adversidades. Su estreno, el 5 de octubre es m\u00e1s que celebrado.<\/p>\n<p class=\"paragraph\">El elenco tambi\u00e9n se destaca por contar con las actuaciones de\u00a0<b>Betiana Blum, Luciano C\u00e1ceres, Luis Mach\u00edn, Griselda S\u00e1nchez, Javier Parisi, Santiago Dominguez, Malena Guinzburg, Guillermo Zapata y Roberto Peloni.\u00a0<\/b>Como tambi\u00e9n por la participaci\u00f3n especial de los m\u00fasicos<b>\u00a0Nito Mestre y David Leb\u00f3n.<\/b><\/p>\n<figure class=\"\" data-testid=\"figure-testid\">\n<div class=\"aspect_ratio__container\"><picture class=\"responsive-image\"><source srcset=\"https:\/\/tn.com.ar\/resizer\/SoUxpJ-ZNMF1AYj6lXFdMGe99w8=\/767x0\/smart\/filters:format(webp)\/cloudfront-us-east-1.images.arcpublishing.com\/artear\/HH3YVN3LTZCMDLXXS5RHJJEHMA.JPG\" type=\"image\/jpg\" media=\"(max-width: 728px)\" \/><source srcset=\"https:\/\/tn.com.ar\/resizer\/4dUATnoXSr99L12pItU5yasivFE=\/1023x0\/smart\/filters:format(webp)\/cloudfront-us-east-1.images.arcpublishing.com\/artear\/HH3YVN3LTZCMDLXXS5RHJJEHMA.JPG\" type=\"image\/jpg\" media=\"(max-width: 1023px)\" \/><source srcset=\"https:\/\/tn.com.ar\/resizer\/1cn1L27hPRmFHEhhkjWe1eoZq5k=\/1440x0\/smart\/filters:format(webp)\/cloudfront-us-east-1.images.arcpublishing.com\/artear\/HH3YVN3LTZCMDLXXS5RHJJEHMA.JPG\" type=\"image\/jpg\" \/><img loading=\"lazy\" decoding=\"async\" class=\"image content-image image_placeholder\" src=\"https:\/\/tn.com.ar\/resizer\/SoUxpJ-ZNMF1AYj6lXFdMGe99w8=\/767x0\/smart\/filters:format(webp)\/cloudfront-us-east-1.images.arcpublishing.com\/artear\/HH3YVN3LTZCMDLXXS5RHJJEHMA.JPG\" alt=\"El elenco est\u00e1 compuesto por Gast\u00f3n Pauls, Betiana Blum, Luciano C\u00e1ceres, Luis Mach\u00edn, Griselda S\u00e1nchez, Javier Parisi, Santiago Dominguez, Malena Guinzburg, Guillermo Zapata y Roberto Peloni. (Foto: Raquel Flotta Prensa &amp; Comunicaciones)\" width=\"767\" height=\"575\" data-testid=\"loading-testid\" \/><\/picture><\/div><figcaption class=\"caption_image\" data-testid=\"figcaption-testid\">\n<div class=\"image_caption\">El elenco est\u00e1 compuesto por Gast\u00f3n Pauls, Betiana Blum, Luciano C\u00e1ceres, Luis Mach\u00edn, Griselda S\u00e1nchez, Javier Parisi, Santiago Dominguez, Malena Guinzburg, Guillermo Zapata y Roberto Peloni. (Foto: Raquel Flotta Prensa &amp; Comunicaciones)<\/div>\n<\/figcaption><\/figure>\n<h2 class=\"font--primary\">De qu\u00e9 trata \u201cLennons\u201d<\/h2>\n<p class=\"paragraph\">En 1980, Canel\u00f3n, un exc\u00e9ntrico buscavidas, convence al famoso productor discogr\u00e1fico Jacobo Cohen, de financiar<b>\u00a0un show de Lennon en la Argentina<\/b>, argumentando ser \u00edntimo amigo del artista. Para eso necesita a Norberto, qui\u00e9n luce igual a John Lennon. Pese a la negativa de Norberto, Canel\u00f3n logra que acepte alegando que el show ser\u00e1 a beneficio del orfanato donde ambos crecieron.<\/p>\n<p class=\"paragraph\">Paralelamente Vanucchi, conductor de TV y fan\u00e1tico de Lennon, descubre el enga\u00f1o y planea desenmascararlo.<\/p>\n<figure class=\"\" data-testid=\"figure-testid\">\n<div class=\"aspect_ratio__container\"><picture class=\"responsive-image\"><source srcset=\"https:\/\/tn.com.ar\/resizer\/o6E6sP_rhKUQS1oLOsG15Oxa51k=\/767x0\/smart\/filters:format(webp)\/cloudfront-us-east-1.images.arcpublishing.com\/artear\/6SSGAUTRBBEKPCWNPBO233OSOE.png\" type=\"image\/jpg\" media=\"(max-width: 728px)\" \/><source srcset=\"https:\/\/tn.com.ar\/resizer\/g_czLDdZL--2xpgFdJB2cpKuBF0=\/1023x0\/smart\/filters:format(webp)\/cloudfront-us-east-1.images.arcpublishing.com\/artear\/6SSGAUTRBBEKPCWNPBO233OSOE.png\" type=\"image\/jpg\" media=\"(max-width: 1023px)\" \/><source srcset=\"https:\/\/tn.com.ar\/resizer\/QfCZQwH-vg8TSLwGauyRmu5h9eM=\/1440x0\/smart\/filters:format(webp)\/cloudfront-us-east-1.images.arcpublishing.com\/artear\/6SSGAUTRBBEKPCWNPBO233OSOE.png\" type=\"image\/jpg\" \/><img loading=\"lazy\" decoding=\"async\" class=\"image content-image image_placeholder\" src=\"https:\/\/tn.com.ar\/resizer\/o6E6sP_rhKUQS1oLOsG15Oxa51k=\/767x0\/smart\/filters:format(webp)\/cloudfront-us-east-1.images.arcpublishing.com\/artear\/6SSGAUTRBBEKPCWNPBO233OSOE.png\" alt=\"Estar\u00e1 en cines a partir del 5 de octubre. (Foto: Raquel Flotta Prensa &amp; Comunicaciones)\" width=\"767\" height=\"1055\" data-testid=\"loading-testid\" \/><\/picture><\/div><figcaption class=\"caption_image\" data-testid=\"figcaption-testid\">\n<div class=\"image_caption\">Estar\u00e1 en cines a partir del 5 de octubre. (Foto: Raquel Flotta Prensa &amp; Comunicaciones)<\/div>\n<\/figcaption><\/figure>\n<h2 class=\"font--primary\">\u00bfQui\u00e9n es Jos\u00e9 Cicala, el director de la pel\u00edcula \u201cLennons\u201d?<\/h2>\n<p class=\"paragraph\"><b>Jos\u00e9 Mar\u00eda Cicala\u00a0<\/b>naci\u00f3 el 15 de agosto de 1965 en Lan\u00fas, ciudad de la Provincia de Buenos Aires. Es licenciado en publicidad, estudi\u00f3 en la Universidad de Lomas de Zamora, donde conoci\u00f3 a\u00a0<b>Gabriel Machado\u00a0<\/b>con quien comparte su pasi\u00f3n por la fotograf\u00eda.<\/p>\n<p class=\"paragraph\">En 1993, decidieron crear su propio estudio,<b>\u00a0Machado Cicala<\/b>\u00a0y con el tiempo, comenzaron a instaurar su sello dentro del mundo art\u00edstico. Convirti\u00e9ndose as\u00ed en los fot\u00f3grafos m\u00e1s prestigiosos de la Argentina.<\/p>\n<p class=\"paragraph\">Despu\u00e9s de 20 a\u00f1os dedic\u00e1ndose a la fotograf\u00eda publicitaria y art\u00edstica, d\u00f3nde la iluminaci\u00f3n y la direcci\u00f3n de arte juegan un rol sumamente importante, generando im\u00e1genes dignas de observar en detalle, Jos\u00e9 le dio un giro a su carrera comenzando a dirigir piezas audiovisuales.\u00a0<b>En los \u00faltimos 12 a\u00f1os ha dirigido videoclips de artistas como La Beriso, David Leb\u00f3n, Miss Bolivia, Piti Fern\u00e1ndez (Las Pastillas del Abuelo), Dak1llah, Gloria Carr\u00e1, y muchos otros.\u00a0<\/b>Tambi\u00e9n numerosas publicidades y cortometrajes, entre los m\u00e1s destacados se encuentra \u2018\u2019Conexi\u00f3n Real\u2019&#8217; corto protagonizado por Guillermo Francella, se estren\u00f3 en el Malba en 2016 y fue al festival de Cannes. Muestra los peligros del uso excesivo del celular y ha sido utilizado en cientos de escuelas y universidades como material de concientizaci\u00f3n.<\/p>\n<p class=\"paragraph\"><b>En 2018 se embarc\u00f3 en la realizaci\u00f3n de su \u00f3pera prima,\u00a0<\/b><i><b>Sola<\/b><\/i><b>, un thriller de \u00e9poca y protagonizado por numerosos actores de renombre como Araceli Gonz\u00e1lez, Miguel Angel Sol\u00e1, Mariano Mart\u00ednez, Luis Mach\u00edn, M\u00f3nica Anton\u00f3pulos, Fabi\u00e1n Mazzei y otros.\u00a0<\/b><i>Sola<\/i>\u00a0se estren\u00f3 en 2021, fue ganadora en los festivales Berlin Art Film Festival de Alemania y Montreal independet Film Festival de Canad\u00e1, tambi\u00e9n fue selecci\u00f3n oficial de los festivales Shock Fest en Estados Unidos y Buenos Aires Rojo Sangre en Argentina. Durante 2022, a\u00fan sigue recorriendo festivales, es selecci\u00f3n oficial del Fright Fest de Glasgow, Escocia.<\/p>\n<p class=\"paragraph\">En 2019 dirigi\u00f3 su segundo largometraje,\u00a0<i><b>La Sombra del Gato<\/b><\/i>, un filme que combina elementos del cine fant\u00e1stico, el suspenso y la comedia. Protagonizado por el reconocido actor internacional, Danny Trejo, y la joven y prometedora\u00a0<b>Maite Lanata<\/b>.<\/p>\n<p class=\"paragraph\">Se estren\u00f3 oficialmente en el Fright Fest de Londres en agosto del 2021, y en diciembre del mismo a\u00f1o en Argentina. Tambi\u00e9n particip\u00f3 de los prestigiosos festivales de cine de g\u00e9nero, Shock Fest y Buenos Aires Rojo Sangre.<\/p>\n<p class=\"paragraph\">En enero de 2021, Jos\u00e9 se puso al frente de su tercera pel\u00edcula,\u00a0<i><b>Lennons<\/b><\/i>. Una comedia protagonizada por Gast\u00f3n Pauls, Luis Mach\u00edn, Luciano C\u00e1ceres y Betiana Blum, que tuvo su desarrollo durante todo el 2020.<\/p>\n<p class=\"paragraph\">As\u00ed mismo, durante 2023, film\u00f3 su cuarta pel\u00edcula, un thriller llamado\u00a0<i><b>Encantador<\/b><\/i>, protagonizado por Rodrigo Noya, Arturo Puig, Mario Alarc\u00f3n, Griselda S\u00e1nchez y Alejo Garc\u00eda Pintos, que ser\u00e1 lanzado en 2024, teniendo su estreno internacional en varios festivales de cine de g\u00e9nero.<\/p>\n<p class=\"paragraph\">Coleccionista de \u00e9pocas y devoto de objetos retro, busca que el espectador deba mirar m\u00e1s de una vez para encontrarle m\u00faltiples sentidos a sus obras. Ese empuje perfeccionista y su cualidad de \u201cni\u00f1o\u201d fluyen en conjunto hacia ideas sumamente originales.<\/p>\n<p>Fuente: TN<\/p>\n<\/div>\n","protected":false},"excerpt":{"rendered":"<div class=\"post-excerpt\"><p>El actor habl\u00f3 sobre la pel\u00edcula de Jos\u00e9 Cicala que llega a los cines este jueves. \u00a0 Gast\u00f3n Pauls\u00a0es de esos actores que se anima y entrega a personajes de todo tipo. En esta oportunidad, bajo la\u00a0direcci\u00f3n de Jos\u00e9 Cicala, encarna la historia de un buscavidas que monta un supuesto show de\u00a0John Lennon\u00a0en la Argentina.<\/p>\n<\/div>","protected":false},"author":2,"featured_media":42239,"comment_status":"closed","ping_status":"closed","sticky":false,"template":"","format":"standard","meta":{"_acf_changed":false,"footnotes":""},"categories":[3],"tags":[],"class_list":["post-42238","post","type-post","status-publish","format-standard","has-post-thumbnail","hentry","category-infomusic"],"acf":[],"yoast_head":"<!-- This site is optimized with the Yoast SEO plugin v28.1 - https:\/\/yoast.com\/product\/yoast-seo-wordpress\/ -->\n<title>Gast\u00f3n Pauls adelant\u00f3 \u201cLennons\u201d, la comedia sobre un supuesto show de John Lennon en la Argentina - Horizonte<\/title>\n<meta name=\"robots\" content=\"index, follow, max-snippet:-1, max-image-preview:large, max-video-preview:-1\" \/>\n<link rel=\"canonical\" href=\"http:\/\/www.radiohorizonte.fm\/radio\/2023\/10\/05\/gaston-pauls-adelanto-lennons-la-comedia-sobre-un-supuesto-show-de-john-lennon-en-la-argentina\/\" \/>\n<meta property=\"og:locale\" content=\"es_ES\" \/>\n<meta property=\"og:type\" content=\"article\" \/>\n<meta property=\"og:title\" content=\"Gast\u00f3n Pauls adelant\u00f3 \u201cLennons\u201d, la comedia sobre un supuesto show de John Lennon en la Argentina - Horizonte\" \/>\n<meta property=\"og:description\" content=\"El actor habl\u00f3 sobre la pel\u00edcula de Jos\u00e9 Cicala que llega a los cines este jueves. \u00a0 Gast\u00f3n Pauls\u00a0es de esos actores que se anima y entrega a personajes de todo tipo. En esta oportunidad, bajo la\u00a0direcci\u00f3n de Jos\u00e9 Cicala, encarna la historia de un buscavidas que monta un supuesto show de\u00a0John Lennon\u00a0en la Argentina.\" \/>\n<meta property=\"og:url\" content=\"http:\/\/www.radiohorizonte.fm\/radio\/2023\/10\/05\/gaston-pauls-adelanto-lennons-la-comedia-sobre-un-supuesto-show-de-john-lennon-en-la-argentina\/\" \/>\n<meta property=\"og:site_name\" content=\"Horizonte\" \/>\n<meta property=\"article:publisher\" content=\"http:\/\/www.facebook.com\/HORIZONTE106.1\" \/>\n<meta property=\"article:published_time\" content=\"2023-10-05T10:17:58+00:00\" \/>\n<meta property=\"og:image\" content=\"http:\/\/www.radiohorizonte.fm\/radio\/wp-content\/uploads\/2023\/10\/754A3FE8BC8EC4DDCB89950B1BB7A8FD461-1696454778.jpg\" \/>\n\t<meta property=\"og:image:width\" content=\"1440\" \/>\n\t<meta property=\"og:image:height\" content=\"806\" \/>\n\t<meta property=\"og:image:type\" content=\"image\/jpeg\" \/>\n<meta name=\"author\" content=\"Cristian Galarza\" \/>\n<meta name=\"twitter:card\" content=\"summary_large_image\" \/>\n<meta name=\"twitter:creator\" content=\"@fmhorizonte1061\" \/>\n<meta name=\"twitter:site\" content=\"@fmhorizonte1061\" \/>\n<meta name=\"twitter:label1\" content=\"Escrito por\" \/>\n\t<meta name=\"twitter:data1\" content=\"Cristian Galarza\" \/>\n\t<meta name=\"twitter:label2\" content=\"Tiempo de lectura\" \/>\n\t<meta name=\"twitter:data2\" content=\"4 minutos\" \/>\n<script type=\"application\/ld+json\" class=\"yoast-schema-graph\">{\"@context\":\"https:\\\/\\\/schema.org\",\"@graph\":[{\"@type\":\"Article\",\"@id\":\"http:\\\/\\\/www.radiohorizonte.fm\\\/radio\\\/2023\\\/10\\\/05\\\/gaston-pauls-adelanto-lennons-la-comedia-sobre-un-supuesto-show-de-john-lennon-en-la-argentina\\\/#article\",\"isPartOf\":{\"@id\":\"http:\\\/\\\/www.radiohorizonte.fm\\\/radio\\\/2023\\\/10\\\/05\\\/gaston-pauls-adelanto-lennons-la-comedia-sobre-un-supuesto-show-de-john-lennon-en-la-argentina\\\/\"},\"author\":{\"name\":\"Cristian Galarza\",\"@id\":\"http:\\\/\\\/www.radiohorizonte.fm\\\/radio\\\/#\\\/schema\\\/person\\\/f8fa003a405bb86729fd87d15d0ddafa\"},\"headline\":\"Gast\u00f3n Pauls adelant\u00f3 \u201cLennons\u201d, la comedia sobre un supuesto show de John Lennon en la Argentina\",\"datePublished\":\"2023-10-05T10:17:58+00:00\",\"mainEntityOfPage\":{\"@id\":\"http:\\\/\\\/www.radiohorizonte.fm\\\/radio\\\/2023\\\/10\\\/05\\\/gaston-pauls-adelanto-lennons-la-comedia-sobre-un-supuesto-show-de-john-lennon-en-la-argentina\\\/\"},\"wordCount\":853,\"publisher\":{\"@id\":\"http:\\\/\\\/www.radiohorizonte.fm\\\/radio\\\/#organization\"},\"image\":{\"@id\":\"http:\\\/\\\/www.radiohorizonte.fm\\\/radio\\\/2023\\\/10\\\/05\\\/gaston-pauls-adelanto-lennons-la-comedia-sobre-un-supuesto-show-de-john-lennon-en-la-argentina\\\/#primaryimage\"},\"thumbnailUrl\":\"http:\\\/\\\/www.radiohorizonte.fm\\\/radio\\\/wp-content\\\/uploads\\\/2023\\\/10\\\/754A3FE8BC8EC4DDCB89950B1BB7A8FD461-1696454778.jpg\",\"articleSection\":[\"Infomusic\"],\"inLanguage\":\"es-AR\"},{\"@type\":\"WebPage\",\"@id\":\"http:\\\/\\\/www.radiohorizonte.fm\\\/radio\\\/2023\\\/10\\\/05\\\/gaston-pauls-adelanto-lennons-la-comedia-sobre-un-supuesto-show-de-john-lennon-en-la-argentina\\\/\",\"url\":\"http:\\\/\\\/www.radiohorizonte.fm\\\/radio\\\/2023\\\/10\\\/05\\\/gaston-pauls-adelanto-lennons-la-comedia-sobre-un-supuesto-show-de-john-lennon-en-la-argentina\\\/\",\"name\":\"Gast\u00f3n Pauls adelant\u00f3 \u201cLennons\u201d, la comedia sobre un supuesto show de John Lennon en la Argentina - Horizonte\",\"isPartOf\":{\"@id\":\"http:\\\/\\\/www.radiohorizonte.fm\\\/radio\\\/#website\"},\"primaryImageOfPage\":{\"@id\":\"http:\\\/\\\/www.radiohorizonte.fm\\\/radio\\\/2023\\\/10\\\/05\\\/gaston-pauls-adelanto-lennons-la-comedia-sobre-un-supuesto-show-de-john-lennon-en-la-argentina\\\/#primaryimage\"},\"image\":{\"@id\":\"http:\\\/\\\/www.radiohorizonte.fm\\\/radio\\\/2023\\\/10\\\/05\\\/gaston-pauls-adelanto-lennons-la-comedia-sobre-un-supuesto-show-de-john-lennon-en-la-argentina\\\/#primaryimage\"},\"thumbnailUrl\":\"http:\\\/\\\/www.radiohorizonte.fm\\\/radio\\\/wp-content\\\/uploads\\\/2023\\\/10\\\/754A3FE8BC8EC4DDCB89950B1BB7A8FD461-1696454778.jpg\",\"datePublished\":\"2023-10-05T10:17:58+00:00\",\"breadcrumb\":{\"@id\":\"http:\\\/\\\/www.radiohorizonte.fm\\\/radio\\\/2023\\\/10\\\/05\\\/gaston-pauls-adelanto-lennons-la-comedia-sobre-un-supuesto-show-de-john-lennon-en-la-argentina\\\/#breadcrumb\"},\"inLanguage\":\"es-AR\",\"potentialAction\":[{\"@type\":\"ReadAction\",\"target\":[\"http:\\\/\\\/www.radiohorizonte.fm\\\/radio\\\/2023\\\/10\\\/05\\\/gaston-pauls-adelanto-lennons-la-comedia-sobre-un-supuesto-show-de-john-lennon-en-la-argentina\\\/\"]}]},{\"@type\":\"ImageObject\",\"inLanguage\":\"es-AR\",\"@id\":\"http:\\\/\\\/www.radiohorizonte.fm\\\/radio\\\/2023\\\/10\\\/05\\\/gaston-pauls-adelanto-lennons-la-comedia-sobre-un-supuesto-show-de-john-lennon-en-la-argentina\\\/#primaryimage\",\"url\":\"http:\\\/\\\/www.radiohorizonte.fm\\\/radio\\\/wp-content\\\/uploads\\\/2023\\\/10\\\/754A3FE8BC8EC4DDCB89950B1BB7A8FD461-1696454778.jpg\",\"contentUrl\":\"http:\\\/\\\/www.radiohorizonte.fm\\\/radio\\\/wp-content\\\/uploads\\\/2023\\\/10\\\/754A3FE8BC8EC4DDCB89950B1BB7A8FD461-1696454778.jpg\",\"width\":1440,\"height\":806},{\"@type\":\"BreadcrumbList\",\"@id\":\"http:\\\/\\\/www.radiohorizonte.fm\\\/radio\\\/2023\\\/10\\\/05\\\/gaston-pauls-adelanto-lennons-la-comedia-sobre-un-supuesto-show-de-john-lennon-en-la-argentina\\\/#breadcrumb\",\"itemListElement\":[{\"@type\":\"ListItem\",\"position\":1,\"name\":\"Home\",\"item\":\"http:\\\/\\\/www.radiohorizonte.fm\\\/radio\\\/\"},{\"@type\":\"ListItem\",\"position\":2,\"name\":\"Gast\u00f3n Pauls adelant\u00f3 \u201cLennons\u201d, la comedia sobre un supuesto show de John Lennon en la Argentina\"}]},{\"@type\":\"WebSite\",\"@id\":\"http:\\\/\\\/www.radiohorizonte.fm\\\/radio\\\/#website\",\"url\":\"http:\\\/\\\/www.radiohorizonte.fm\\\/radio\\\/\",\"name\":\"Horizonte\",\"description\":\"Radio Horizonte 106.1 - Una radio de clasicos\",\"publisher\":{\"@id\":\"http:\\\/\\\/www.radiohorizonte.fm\\\/radio\\\/#organization\"},\"potentialAction\":[{\"@type\":\"SearchAction\",\"target\":{\"@type\":\"EntryPoint\",\"urlTemplate\":\"http:\\\/\\\/www.radiohorizonte.fm\\\/radio\\\/?s={search_term_string}\"},\"query-input\":{\"@type\":\"PropertyValueSpecification\",\"valueRequired\":true,\"valueName\":\"search_term_string\"}}],\"inLanguage\":\"es-AR\"},{\"@type\":\"Organization\",\"@id\":\"http:\\\/\\\/www.radiohorizonte.fm\\\/radio\\\/#organization\",\"name\":\"Horizonte\",\"url\":\"http:\\\/\\\/www.radiohorizonte.fm\\\/radio\\\/\",\"logo\":{\"@type\":\"ImageObject\",\"inLanguage\":\"es-AR\",\"@id\":\"http:\\\/\\\/www.radiohorizonte.fm\\\/radio\\\/#\\\/schema\\\/logo\\\/image\\\/\",\"url\":\"http:\\\/\\\/www.radiohorizonte.fm\\\/radio\\\/wp-content\\\/uploads\\\/2025\\\/06\\\/Portada-FM-Horizonte_modelo-imagen-scaled.jpg\",\"contentUrl\":\"http:\\\/\\\/www.radiohorizonte.fm\\\/radio\\\/wp-content\\\/uploads\\\/2025\\\/06\\\/Portada-FM-Horizonte_modelo-imagen-scaled.jpg\",\"width\":2560,\"height\":1056,\"caption\":\"Horizonte\"},\"image\":{\"@id\":\"http:\\\/\\\/www.radiohorizonte.fm\\\/radio\\\/#\\\/schema\\\/logo\\\/image\\\/\"},\"sameAs\":[\"http:\\\/\\\/www.facebook.com\\\/HORIZONTE106.1\",\"https:\\\/\\\/x.com\\\/fmhorizonte1061\"]},{\"@type\":\"Person\",\"@id\":\"http:\\\/\\\/www.radiohorizonte.fm\\\/radio\\\/#\\\/schema\\\/person\\\/f8fa003a405bb86729fd87d15d0ddafa\",\"name\":\"Cristian Galarza\",\"image\":{\"@type\":\"ImageObject\",\"inLanguage\":\"es-AR\",\"@id\":\"https:\\\/\\\/secure.gravatar.com\\\/avatar\\\/fad34bc2c773209c05d7d53b08a69b680eeb55f3be014e52b31643d20ab65925?s=96&d=mm&r=g\",\"url\":\"https:\\\/\\\/secure.gravatar.com\\\/avatar\\\/fad34bc2c773209c05d7d53b08a69b680eeb55f3be014e52b31643d20ab65925?s=96&d=mm&r=g\",\"contentUrl\":\"https:\\\/\\\/secure.gravatar.com\\\/avatar\\\/fad34bc2c773209c05d7d53b08a69b680eeb55f3be014e52b31643d20ab65925?s=96&d=mm&r=g\",\"caption\":\"Cristian Galarza\"},\"url\":\"http:\\\/\\\/www.radiohorizonte.fm\\\/radio\\\/author\\\/cristian\\\/\"}]}<\/script>\n<!-- \/ Yoast SEO plugin. -->","yoast_head_json":{"title":"Gast\u00f3n Pauls adelant\u00f3 \u201cLennons\u201d, la comedia sobre un supuesto show de John Lennon en la Argentina - Horizonte","robots":{"index":"index","follow":"follow","max-snippet":"max-snippet:-1","max-image-preview":"max-image-preview:large","max-video-preview":"max-video-preview:-1"},"canonical":"http:\/\/www.radiohorizonte.fm\/radio\/2023\/10\/05\/gaston-pauls-adelanto-lennons-la-comedia-sobre-un-supuesto-show-de-john-lennon-en-la-argentina\/","og_locale":"es_ES","og_type":"article","og_title":"Gast\u00f3n Pauls adelant\u00f3 \u201cLennons\u201d, la comedia sobre un supuesto show de John Lennon en la Argentina - Horizonte","og_description":"El actor habl\u00f3 sobre la pel\u00edcula de Jos\u00e9 Cicala que llega a los cines este jueves. \u00a0 Gast\u00f3n Pauls\u00a0es de esos actores que se anima y entrega a personajes de todo tipo. En esta oportunidad, bajo la\u00a0direcci\u00f3n de Jos\u00e9 Cicala, encarna la historia de un buscavidas que monta un supuesto show de\u00a0John Lennon\u00a0en la Argentina.","og_url":"http:\/\/www.radiohorizonte.fm\/radio\/2023\/10\/05\/gaston-pauls-adelanto-lennons-la-comedia-sobre-un-supuesto-show-de-john-lennon-en-la-argentina\/","og_site_name":"Horizonte","article_publisher":"http:\/\/www.facebook.com\/HORIZONTE106.1","article_published_time":"2023-10-05T10:17:58+00:00","og_image":[{"width":1440,"height":806,"url":"http:\/\/www.radiohorizonte.fm\/radio\/wp-content\/uploads\/2023\/10\/754A3FE8BC8EC4DDCB89950B1BB7A8FD461-1696454778.jpg","type":"image\/jpeg"}],"author":"Cristian Galarza","twitter_card":"summary_large_image","twitter_creator":"@fmhorizonte1061","twitter_site":"@fmhorizonte1061","twitter_misc":{"Escrito por":"Cristian Galarza","Tiempo de lectura":"4 minutos"},"schema":{"@context":"https:\/\/schema.org","@graph":[{"@type":"Article","@id":"http:\/\/www.radiohorizonte.fm\/radio\/2023\/10\/05\/gaston-pauls-adelanto-lennons-la-comedia-sobre-un-supuesto-show-de-john-lennon-en-la-argentina\/#article","isPartOf":{"@id":"http:\/\/www.radiohorizonte.fm\/radio\/2023\/10\/05\/gaston-pauls-adelanto-lennons-la-comedia-sobre-un-supuesto-show-de-john-lennon-en-la-argentina\/"},"author":{"name":"Cristian Galarza","@id":"http:\/\/www.radiohorizonte.fm\/radio\/#\/schema\/person\/f8fa003a405bb86729fd87d15d0ddafa"},"headline":"Gast\u00f3n Pauls adelant\u00f3 \u201cLennons\u201d, la comedia sobre un supuesto show de John Lennon en la Argentina","datePublished":"2023-10-05T10:17:58+00:00","mainEntityOfPage":{"@id":"http:\/\/www.radiohorizonte.fm\/radio\/2023\/10\/05\/gaston-pauls-adelanto-lennons-la-comedia-sobre-un-supuesto-show-de-john-lennon-en-la-argentina\/"},"wordCount":853,"publisher":{"@id":"http:\/\/www.radiohorizonte.fm\/radio\/#organization"},"image":{"@id":"http:\/\/www.radiohorizonte.fm\/radio\/2023\/10\/05\/gaston-pauls-adelanto-lennons-la-comedia-sobre-un-supuesto-show-de-john-lennon-en-la-argentina\/#primaryimage"},"thumbnailUrl":"http:\/\/www.radiohorizonte.fm\/radio\/wp-content\/uploads\/2023\/10\/754A3FE8BC8EC4DDCB89950B1BB7A8FD461-1696454778.jpg","articleSection":["Infomusic"],"inLanguage":"es-AR"},{"@type":"WebPage","@id":"http:\/\/www.radiohorizonte.fm\/radio\/2023\/10\/05\/gaston-pauls-adelanto-lennons-la-comedia-sobre-un-supuesto-show-de-john-lennon-en-la-argentina\/","url":"http:\/\/www.radiohorizonte.fm\/radio\/2023\/10\/05\/gaston-pauls-adelanto-lennons-la-comedia-sobre-un-supuesto-show-de-john-lennon-en-la-argentina\/","name":"Gast\u00f3n Pauls adelant\u00f3 \u201cLennons\u201d, la comedia sobre un supuesto show de John Lennon en la Argentina - Horizonte","isPartOf":{"@id":"http:\/\/www.radiohorizonte.fm\/radio\/#website"},"primaryImageOfPage":{"@id":"http:\/\/www.radiohorizonte.fm\/radio\/2023\/10\/05\/gaston-pauls-adelanto-lennons-la-comedia-sobre-un-supuesto-show-de-john-lennon-en-la-argentina\/#primaryimage"},"image":{"@id":"http:\/\/www.radiohorizonte.fm\/radio\/2023\/10\/05\/gaston-pauls-adelanto-lennons-la-comedia-sobre-un-supuesto-show-de-john-lennon-en-la-argentina\/#primaryimage"},"thumbnailUrl":"http:\/\/www.radiohorizonte.fm\/radio\/wp-content\/uploads\/2023\/10\/754A3FE8BC8EC4DDCB89950B1BB7A8FD461-1696454778.jpg","datePublished":"2023-10-05T10:17:58+00:00","breadcrumb":{"@id":"http:\/\/www.radiohorizonte.fm\/radio\/2023\/10\/05\/gaston-pauls-adelanto-lennons-la-comedia-sobre-un-supuesto-show-de-john-lennon-en-la-argentina\/#breadcrumb"},"inLanguage":"es-AR","potentialAction":[{"@type":"ReadAction","target":["http:\/\/www.radiohorizonte.fm\/radio\/2023\/10\/05\/gaston-pauls-adelanto-lennons-la-comedia-sobre-un-supuesto-show-de-john-lennon-en-la-argentina\/"]}]},{"@type":"ImageObject","inLanguage":"es-AR","@id":"http:\/\/www.radiohorizonte.fm\/radio\/2023\/10\/05\/gaston-pauls-adelanto-lennons-la-comedia-sobre-un-supuesto-show-de-john-lennon-en-la-argentina\/#primaryimage","url":"http:\/\/www.radiohorizonte.fm\/radio\/wp-content\/uploads\/2023\/10\/754A3FE8BC8EC4DDCB89950B1BB7A8FD461-1696454778.jpg","contentUrl":"http:\/\/www.radiohorizonte.fm\/radio\/wp-content\/uploads\/2023\/10\/754A3FE8BC8EC4DDCB89950B1BB7A8FD461-1696454778.jpg","width":1440,"height":806},{"@type":"BreadcrumbList","@id":"http:\/\/www.radiohorizonte.fm\/radio\/2023\/10\/05\/gaston-pauls-adelanto-lennons-la-comedia-sobre-un-supuesto-show-de-john-lennon-en-la-argentina\/#breadcrumb","itemListElement":[{"@type":"ListItem","position":1,"name":"Home","item":"http:\/\/www.radiohorizonte.fm\/radio\/"},{"@type":"ListItem","position":2,"name":"Gast\u00f3n Pauls adelant\u00f3 \u201cLennons\u201d, la comedia sobre un supuesto show de John Lennon en la Argentina"}]},{"@type":"WebSite","@id":"http:\/\/www.radiohorizonte.fm\/radio\/#website","url":"http:\/\/www.radiohorizonte.fm\/radio\/","name":"Horizonte","description":"Radio Horizonte 106.1 - Una radio de clasicos","publisher":{"@id":"http:\/\/www.radiohorizonte.fm\/radio\/#organization"},"potentialAction":[{"@type":"SearchAction","target":{"@type":"EntryPoint","urlTemplate":"http:\/\/www.radiohorizonte.fm\/radio\/?s={search_term_string}"},"query-input":{"@type":"PropertyValueSpecification","valueRequired":true,"valueName":"search_term_string"}}],"inLanguage":"es-AR"},{"@type":"Organization","@id":"http:\/\/www.radiohorizonte.fm\/radio\/#organization","name":"Horizonte","url":"http:\/\/www.radiohorizonte.fm\/radio\/","logo":{"@type":"ImageObject","inLanguage":"es-AR","@id":"http:\/\/www.radiohorizonte.fm\/radio\/#\/schema\/logo\/image\/","url":"http:\/\/www.radiohorizonte.fm\/radio\/wp-content\/uploads\/2025\/06\/Portada-FM-Horizonte_modelo-imagen-scaled.jpg","contentUrl":"http:\/\/www.radiohorizonte.fm\/radio\/wp-content\/uploads\/2025\/06\/Portada-FM-Horizonte_modelo-imagen-scaled.jpg","width":2560,"height":1056,"caption":"Horizonte"},"image":{"@id":"http:\/\/www.radiohorizonte.fm\/radio\/#\/schema\/logo\/image\/"},"sameAs":["http:\/\/www.facebook.com\/HORIZONTE106.1","https:\/\/x.com\/fmhorizonte1061"]},{"@type":"Person","@id":"http:\/\/www.radiohorizonte.fm\/radio\/#\/schema\/person\/f8fa003a405bb86729fd87d15d0ddafa","name":"Cristian Galarza","image":{"@type":"ImageObject","inLanguage":"es-AR","@id":"https:\/\/secure.gravatar.com\/avatar\/fad34bc2c773209c05d7d53b08a69b680eeb55f3be014e52b31643d20ab65925?s=96&d=mm&r=g","url":"https:\/\/secure.gravatar.com\/avatar\/fad34bc2c773209c05d7d53b08a69b680eeb55f3be014e52b31643d20ab65925?s=96&d=mm&r=g","contentUrl":"https:\/\/secure.gravatar.com\/avatar\/fad34bc2c773209c05d7d53b08a69b680eeb55f3be014e52b31643d20ab65925?s=96&d=mm&r=g","caption":"Cristian Galarza"},"url":"http:\/\/www.radiohorizonte.fm\/radio\/author\/cristian\/"}]}},"_links":{"self":[{"href":"http:\/\/www.radiohorizonte.fm\/radio\/wp-json\/wp\/v2\/posts\/42238","targetHints":{"allow":["GET"]}}],"collection":[{"href":"http:\/\/www.radiohorizonte.fm\/radio\/wp-json\/wp\/v2\/posts"}],"about":[{"href":"http:\/\/www.radiohorizonte.fm\/radio\/wp-json\/wp\/v2\/types\/post"}],"author":[{"embeddable":true,"href":"http:\/\/www.radiohorizonte.fm\/radio\/wp-json\/wp\/v2\/users\/2"}],"replies":[{"embeddable":true,"href":"http:\/\/www.radiohorizonte.fm\/radio\/wp-json\/wp\/v2\/comments?post=42238"}],"version-history":[{"count":1,"href":"http:\/\/www.radiohorizonte.fm\/radio\/wp-json\/wp\/v2\/posts\/42238\/revisions"}],"predecessor-version":[{"id":42240,"href":"http:\/\/www.radiohorizonte.fm\/radio\/wp-json\/wp\/v2\/posts\/42238\/revisions\/42240"}],"wp:featuredmedia":[{"embeddable":true,"href":"http:\/\/www.radiohorizonte.fm\/radio\/wp-json\/wp\/v2\/media\/42239"}],"wp:attachment":[{"href":"http:\/\/www.radiohorizonte.fm\/radio\/wp-json\/wp\/v2\/media?parent=42238"}],"wp:term":[{"taxonomy":"category","embeddable":true,"href":"http:\/\/www.radiohorizonte.fm\/radio\/wp-json\/wp\/v2\/categories?post=42238"},{"taxonomy":"post_tag","embeddable":true,"href":"http:\/\/www.radiohorizonte.fm\/radio\/wp-json\/wp\/v2\/tags?post=42238"}],"curies":[{"name":"wp","href":"https:\/\/api.w.org\/{rel}","templated":true}]}}