{"id":42252,"date":"2023-10-05T11:19:44","date_gmt":"2023-10-05T14:19:44","guid":{"rendered":"http:\/\/www.radiohorizonte.fm\/radio\/?p=42252"},"modified":"2023-10-05T11:19:44","modified_gmt":"2023-10-05T14:19:44","slug":"segundo-debate-presidencial-2023-fecha-hora-donde-es-y-como-verlo","status":"publish","type":"post","link":"http:\/\/www.radiohorizonte.fm\/radio\/2023\/10\/05\/segundo-debate-presidencial-2023-fecha-hora-donde-es-y-como-verlo\/","title":{"rendered":"Segundo debate presidencial 2023: fecha, hora, d\u00f3nde es y c\u00f3mo verlo"},"content":{"rendered":"<header class=\"article-header-wrapper\">\n<div class=\"article-header \">\n<p class=\"article-subheadline left \">Los candidatos volver\u00e1n a enfrentarse para intercambiar sobre sus propuestas e ideas de cara al electorado<\/p>\n<p><img loading=\"lazy\" decoding=\"async\" class=\"alignnone size-full wp-image-42184\" src=\"http:\/\/www.radiohorizonte.fm\/radio\/wp-content\/uploads\/2023\/10\/651a279ea63d5_1200.jpg\" alt=\"\" width=\"900\" height=\"506\" srcset=\"http:\/\/www.radiohorizonte.fm\/radio\/wp-content\/uploads\/2023\/10\/651a279ea63d5_1200.jpg 900w, http:\/\/www.radiohorizonte.fm\/radio\/wp-content\/uploads\/2023\/10\/651a279ea63d5_1200-300x169.jpg 300w, http:\/\/www.radiohorizonte.fm\/radio\/wp-content\/uploads\/2023\/10\/651a279ea63d5_1200-768x432.jpg 768w, http:\/\/www.radiohorizonte.fm\/radio\/wp-content\/uploads\/2023\/10\/651a279ea63d5_1200-65x37.jpg 65w, http:\/\/www.radiohorizonte.fm\/radio\/wp-content\/uploads\/2023\/10\/651a279ea63d5_1200-320x180.jpg 320w, http:\/\/www.radiohorizonte.fm\/radio\/wp-content\/uploads\/2023\/10\/651a279ea63d5_1200-85x48.jpg 85w, http:\/\/www.radiohorizonte.fm\/radio\/wp-content\/uploads\/2023\/10\/651a279ea63d5_1200-220x125.jpg 220w, http:\/\/www.radiohorizonte.fm\/radio\/wp-content\/uploads\/2023\/10\/651a279ea63d5_1200-90x51.jpg 90w\" sizes=\"auto, (max-width: 900px) 100vw, 900px\" \/><\/p>\n<\/div>\n<\/header>\n<article class=\"article\">\n<p class=\"sharebar-container\">\u00a0El calendario electoral 2023 incluye\u00a0<b>otra fecha clave antes de las elecciones del 22 de octubre:\u00a0<\/b><b>el segundo debate presidencial<\/b>. Tras la primera instancia de debate el pasado 1 de octubre, los candidatos a jefe de Estado se volver\u00e1n a reunir para intercambiar de cara al electorado sus propuestas e ideas para gobernar el pa\u00eds.<\/p>\n<p class=\"paragraph\" data-mrf-recirculation=\"Links inline\"><b>Javier Milei, Sergio Massa, Patricia Bullrich, Juan Schiaretti y Myriam Bregman<\/b>\u00a0se ver\u00e1n las caras nuevamente para debatir sobre distintos temas definidos por la C\u00e1mara Nacional Electora y el Consejo Asesor, en discusi\u00f3n con los distintos partidos pol\u00edticos que representan.<\/p>\n<h2 class=\"header headline-class-h2\">Fecha, hora y lugar del segundo debate presidencial 2023<\/h2>\n<p><b>El segundo debate presidencial ser\u00e1 el 8 de octubre a partir de las 21h en la\u00a0<\/b><b>Facultad de Derecho de la UBA<\/b><b>, en CABA<\/b>. La instituci\u00f3n ya hab\u00eda sido sede del segundo debate presidencial de 2019, ocasi\u00f3n en la que participaron\u00a0 Mauricio Macri, Roberto Lavagna, Nicol\u00e1s del Ca\u00f1o, Jos\u00e9 Luis Espert y Juan Jos\u00e9 G\u00f3mez Centuri\u00f3n. Daniel Scioli, el sexto candidato, se ausent\u00f3 en aquella ocasi\u00f3n.<\/p>\n<p class=\"paragraph\" data-mrf-recirculation=\"Links inline\">\u201cEl pasado 4 de septiembre, en el Sal\u00f3n de Consejo, Ricardo Gelpi, rector de la Universidad de Buenos Aires, Alberto R. Dalla Via, presidente de la C\u00e1mara Electoral y el decano de la Facultad de Derecho Leandro Vergara firmaron el convenio de colaboraci\u00f3n que establece a la Facultad como sede del segundo Debate Presidencial 2023\u2033, dice un comunicado difundido por esa casa de estudios.<\/p>\n<div class=\"visual__image\"><img loading=\"lazy\" decoding=\"async\" class=\" lazyload\" src=\"https:\/\/www.infobae.com\/new-resizer\/896nYwD9FaM7ecHs5KQ3IitKrEY=\/arc-anglerfish-arc2-prod-infobae\/public\/YAQVWG6I3FGANL6EVYUHI6MT4A.jpg\" sizes=\"auto, (min-width: 800px) 50vw, 90vw\" srcset=\"https:\/\/www.infobae.com\/new-resizer\/IrxrUF3PzbffBxnVi6i6zFhGn54=\/420x236\/filters:format(webp):quality(85)\/cloudfront-us-east-1.images.arcpublishing.com\/infobae\/YAQVWG6I3FGANL6EVYUHI6MT4A.jpg 420w,https:\/\/www.infobae.com\/new-resizer\/LIcwK6kYyEmWNPQC96o22jaYQ2Q=\/768x432\/filters:format(webp):quality(85)\/cloudfront-us-east-1.images.arcpublishing.com\/infobae\/YAQVWG6I3FGANL6EVYUHI6MT4A.jpg 768w,https:\/\/www.infobae.com\/new-resizer\/4NW-uXKUW24kFq1I8VMnmUK31QU=\/992x558\/filters:format(webp):quality(85)\/cloudfront-us-east-1.images.arcpublishing.com\/infobae\/YAQVWG6I3FGANL6EVYUHI6MT4A.jpg 992w,https:\/\/www.infobae.com\/new-resizer\/isGYH3bvWdmxnbcs9QoczGyJ-Hw=\/1200x675\/filters:format(webp):quality(85)\/cloudfront-us-east-1.images.arcpublishing.com\/infobae\/YAQVWG6I3FGANL6EVYUHI6MT4A.jpg 1200w,https:\/\/www.infobae.com\/new-resizer\/Q_y34ezWmvFu256bX1df6WPolZw=\/1440x810\/filters:format(webp):quality(85)\/cloudfront-us-east-1.images.arcpublishing.com\/infobae\/YAQVWG6I3FGANL6EVYUHI6MT4A.jpg 1440w\" alt=\"El segundo debate presidencial 2023 se realizar\u00e1 en la Facultad de Derecho de la UBA\" width=\"1920\" height=\"1080\" data-src=\"https:\/\/www.infobae.com\/new-resizer\/896nYwD9FaM7ecHs5KQ3IitKrEY=\/arc-anglerfish-arc2-prod-infobae\/public\/YAQVWG6I3FGANL6EVYUHI6MT4A.jpg\" \/>El segundo debate presidencial 2023 se realizar\u00e1 en la Facultad de Derecho de la UBA<\/div>\n<h2 class=\"header headline-class-h2\">Los temas del segundo debate presidencial<\/h2>\n<p class=\"paragraph\" data-mrf-recirculation=\"Links inline\">Los\u00a0<a href=\"https:\/\/www.infobae.com\/politica\/2023\/10\/04\/cuales-son-los-temas-del-segundo-debate-presidencial-2023\/\" target=\"_blank\" rel=\"noopener noreferrer\" data-mrf-link=\"https:\/\/www.infobae.com\/politica\/2023\/10\/04\/cuales-son-los-temas-del-segundo-debate-presidencial-2023\/\">temas del segundo debate presidencial 2023<\/a>\u00a0ser\u00e1n:<\/p>\n<ul class=\"list\" data-icon=\"\u2b24\">\n<li data-icon=\"\u2b24\">Seguridad<\/li>\n<li data-icon=\"\u2b24\">Trabajo y producci\u00f3n<\/li>\n<li data-icon=\"\u2b24\">Desarrollo humano, vivienda y protecci\u00f3n ambiental<\/li>\n<\/ul>\n<p class=\"paragraph\" data-mrf-recirculation=\"Links inline\">Cabe se\u00f1alar que en el primer debate presidencial los temas a tratar fueron: Econom\u00eda, Educaci\u00f3n, y Derechos Humanos y convivencia democr\u00e1tica.<\/p>\n<h2 class=\"header headline-class-h2\">\u00bfQui\u00e9nes son los candidatos a presidente que participan?<\/h2>\n<p class=\"paragraph\" data-mrf-recirculation=\"Links inline\">Los candidatos a presidente que participan son:<\/p>\n<ul class=\"list\" data-icon=\"\u2b24\">\n<li data-icon=\"\u2b24\"><b>Javier Milei\u00a0<\/b>(La Libertad Avanza)<\/li>\n<li data-icon=\"\u2b24\"><b>Sergio Massa<\/b>\u00a0(Uni\u00f3n por la Patria)<\/li>\n<li data-icon=\"\u2b24\"><b>Patricia Bullrich<\/b>\u00a0(Juntos por el Cambio)<\/li>\n<li data-icon=\"\u2b24\"><b>Juan Schiaretti\u00a0<\/b>(Hacemos por Nuestro Pa\u00eds)<\/li>\n<li data-icon=\"\u2b24\"><b>Myriam Bregman<\/b>\u00a0(Frente de Izquierda y de los Trabajadores)<\/li>\n<\/ul>\n<div class=\"visual__image\"><img loading=\"lazy\" decoding=\"async\" class=\" lazyload\" src=\"https:\/\/www.infobae.com\/new-resizer\/qbVUzZ3-1P4oQQDlhAcfK_-xx8o=\/arc-anglerfish-arc2-prod-infobae\/public\/FTLSIITXMPB7PM6NQUXEKSBGIU.jpg\" sizes=\"auto, (min-width: 800px) 50vw, 90vw\" srcset=\"https:\/\/www.infobae.com\/new-resizer\/bX7RaDx0tgzWNrkhBa2uo242gh4=\/420x280\/filters:format(webp):quality(85)\/cloudfront-us-east-1.images.arcpublishing.com\/infobae\/FTLSIITXMPB7PM6NQUXEKSBGIU.jpg 420w,https:\/\/www.infobae.com\/new-resizer\/o6Z-uHSs6vBuYtY3jXE6HDPbouI=\/768x512\/filters:format(webp):quality(85)\/cloudfront-us-east-1.images.arcpublishing.com\/infobae\/FTLSIITXMPB7PM6NQUXEKSBGIU.jpg 768w,https:\/\/www.infobae.com\/new-resizer\/nU4lpuE__I6uSCYuafYXRztfD0A=\/992x661\/filters:format(webp):quality(85)\/cloudfront-us-east-1.images.arcpublishing.com\/infobae\/FTLSIITXMPB7PM6NQUXEKSBGIU.jpg 992w,https:\/\/www.infobae.com\/new-resizer\/4TBanYn5vYpJa5ihgsHpAk4Hlgs=\/1200x800\/filters:format(webp):quality(85)\/cloudfront-us-east-1.images.arcpublishing.com\/infobae\/FTLSIITXMPB7PM6NQUXEKSBGIU.jpg 1200w,https:\/\/www.infobae.com\/new-resizer\/V0D9byG8Ijone-urPp69A9uNcJE=\/1440x960\/filters:format(webp):quality(85)\/cloudfront-us-east-1.images.arcpublishing.com\/infobae\/FTLSIITXMPB7PM6NQUXEKSBGIU.jpg 1440w\" alt=\"La ubicaci\u00f3n de los candidatos durante el primer debate presidencial fue, de izquierda a derecha: Bregman, Massa, Schiaretti, Bullrich y Milei\" width=\"800\" height=\"533\" data-src=\"https:\/\/www.infobae.com\/new-resizer\/qbVUzZ3-1P4oQQDlhAcfK_-xx8o=\/arc-anglerfish-arc2-prod-infobae\/public\/FTLSIITXMPB7PM6NQUXEKSBGIU.jpg\" \/>La ubicaci\u00f3n de los candidatos durante el primer debate presidencial fue, de izquierda a derecha: Bregman, Massa, Schiaretti, Bullrich y Milei<\/div>\n<h2 class=\"header headline-class-h2\">\u00bfCu\u00e1l ser\u00e1 la ubicaci\u00f3n de los candidatos en el segundo debate presidencial 2023?<\/h2>\n<p class=\"paragraph\" data-mrf-recirculation=\"Links inline\">La ubicaci\u00f3n de los candidatos sobre el escenario ser\u00e1, de izquierda a derecha:\u00a0<b>Juan Schiaretti, Patricia Bullrich, Javier Milei, Myriam Bregman y Sergio Massa<\/b>.<\/p>\n<div class=\"recommended-card__info\"><span class=\"recommended-card__info-interest-you\">Te puede interesar:<\/span><span class=\"recommended-card__info-title\">Debate presidencial 2023: c\u00f3mo ser\u00e1 el ensayo general que se realizar\u00e1 hoy en Santiago del Estero<\/span><\/div>\n<p class=\"paragraph\" data-mrf-recirculation=\"Links inline\">Vale recordar, que el domingo pasado estaban ubicados de izquierda a derecha Bregman, Massa, Bullrich, Schiaretti y Milei.<\/p>\n<h2 class=\"header headline-class-h2\">\u00bfQui\u00e9nes ser\u00e1n los primeros en hablar en cada bloque en el debate?<\/h2>\n<p class=\"paragraph\" data-mrf-recirculation=\"Links inline\">De acuerdo al sorteo realizado por autoridades de la CNE, el bloque de apertura ser\u00e1 comenzado por\u00a0<b>Javier Milei.<\/b><\/p>\n<p class=\"paragraph\" data-mrf-recirculation=\"Links inline\">En cuanto al bloque sobre Seguridad, la primera en intervenir ser\u00e1\u00a0<b>Patricia Bullrich<\/b>. Luego, en el bloque de Trabajo y Producci\u00f3n, el primero en tener la palabra ser\u00e1\u00a0<b>Juan Schiaretti<\/b>. Por otro lado, en el \u00faltimo bloque tem\u00e1tico (Desarrollo humano, vivienda y protecci\u00f3n del ambiente), quien comenzar\u00e1 ser\u00e1<b>\u00a0Sergio Massa<\/b>.<\/p>\n<p class=\"paragraph\" data-mrf-recirculation=\"Links inline\">Hay 4 rondas de\u00a0<b>preguntas cruzadas<\/b>, que, a su vez, tienen 5 turnos. De esta manera, todos los candidatos podr\u00e1n hacerle una pregunta a cada uno de sus oponentes. Seg\u00fan el reglamento, las preguntas no pueden durar m\u00e1s de 15 segundos y las respuestas, m\u00e1s de 45.<\/p>\n<p class=\"paragraph\" data-mrf-recirculation=\"Links inline\">Por \u00faltimo, el cierre de 1 minuto comenzar\u00e1 con la intervenci\u00f3n de\u00a0<b>Myriam Bregman<\/b>, y el \u00faltimo en exponer ser\u00e1 Sergio Massa.<\/p>\n<p class=\"paragraph\" data-mrf-recirculation=\"Links inline\">Adem\u00e1s, tambi\u00e9n volver\u00e1 a implementarse en el segundo debate presidencial el<a href=\"https:\/\/www.infobae.com\/politica\/2023\/10\/04\/debate-presidencial-2023-que-es-el-derecho-a-replica-y-como-puede-usarlo-cada-candidato\/#:~:text=De%20acuerdo%20al%20reglamento%20difundido,determinado%20tema%2C%20al%20sentirse%20interpelados.\" target=\"_blank\" rel=\"noopener noreferrer\" data-mrf-link=\"https:\/\/www.infobae.com\/politica\/2023\/10\/04\/debate-presidencial-2023-que-es-el-derecho-a-replica-y-como-puede-usarlo-cada-candidato\/\">\u00a0derecho a r\u00e9plica<\/a>, que fue la novedad del primer encuentro en Santiago del Estero. Esta herramienta puede ser utilizada hasta 5 veces por cada candidato a lo largo del debate para contestar a uno de sus oponentes al sentirse interpelado por su alocuci\u00f3n.<\/p>\n<div class=\"jwplayer-ctn\">\n<div>\n<div id=\"YZDUWJXLQNAM3IGPC6PKQQWHSE\" class=\"jwplayer jw-reset jw-state-idle jw-stretch-uniform jw-flag-aspect-mode jw-breakpoint-5 jw-floating-dismissible jw-flag-user-inactive\" tabindex=\"0\" role=\"application\" aria-label=\"Reproductor de Video\" aria-describedby=\"jw-YZDUWJXLQNAM3IGPC6PKQQWHSE-shortcuts-tooltip-explanation\" data-compass-listening=\"true\">\n<div class=\"jw-wrapper jw-reset\">\n<div class=\"jw-hidden-accessibility\"><span class=\"jw-time-update\" aria-live=\"assertive\">0 seconds of 5 minutes, 15 seconds<\/span><span class=\"jw-volume-update\" aria-live=\"assertive\">Volume 90%<\/span><\/div>\n<\/div>\n<\/div>\n<\/div>\n<p>El derecho a r\u00e9plica fue la novedad durante el primer debate presidencial 2023<\/p><\/div>\n<h2 class=\"header headline-class-h2\">\u00bfQui\u00e9nes moderar\u00e1n el segundo debate presidencial 2023?<\/h2>\n<p class=\"paragraph\" data-mrf-recirculation=\"Links inline\">Los periodistas encargados de moderar el segundo debate en CABA ser\u00e1n:\u00a0<b>Mariana Ver\u00f3n<\/b>\u00a0(El Nueve),\u00a0<b>Marcelo Bonelli<\/b>\u00a0(Canal 13),\u00a0<b>Sergio Roulier<\/b>\u00a0(El Tres TV de Rosario) y\u00a0<b>Soledad Larghi<\/b>\u00a0(Am\u00e9rica), quienes guiar\u00e1n las discusiones durante el segundo encuentro.<\/p>\n<p class=\"paragraph\" data-mrf-recirculation=\"Links inline\">En el primer debate presidencial, los periodistas encargados de moderar las intervenciones de los candidatos fueron:\u00a0<b>Rodolfo Barili (Telefe), Esteban Mirol (El Nueve), Evangelina Ramallo (Canal 9 de Paran\u00e1) y Lucila Trujillo (TV P\u00fablica)<\/b>.<\/p>\n<div class=\"visual__image\"><img loading=\"lazy\" decoding=\"async\" class=\" lazyload\" src=\"https:\/\/www.infobae.com\/new-resizer\/SMluj8ykLen8QmPp1MxFewluQwY=\/arc-anglerfish-arc2-prod-infobae\/public\/CXRZIJ7PSZBYPNFLQ7T33ZSRCI.jpg\" sizes=\"auto, (min-width: 800px) 50vw, 90vw\" srcset=\"https:\/\/www.infobae.com\/new-resizer\/WP55H1o9J6u8dv72OmMJto4DiM0=\/420x236\/filters:format(webp):quality(85)\/cloudfront-us-east-1.images.arcpublishing.com\/infobae\/CXRZIJ7PSZBYPNFLQ7T33ZSRCI.jpg 420w,https:\/\/www.infobae.com\/new-resizer\/pOy9c9I_agD2nTK10OrRhMcztbM=\/768x432\/filters:format(webp):quality(85)\/cloudfront-us-east-1.images.arcpublishing.com\/infobae\/CXRZIJ7PSZBYPNFLQ7T33ZSRCI.jpg 768w,https:\/\/www.infobae.com\/new-resizer\/pszEqHRy4aZncz1n65IZR06YVzo=\/992x558\/filters:format(webp):quality(85)\/cloudfront-us-east-1.images.arcpublishing.com\/infobae\/CXRZIJ7PSZBYPNFLQ7T33ZSRCI.jpg 992w,https:\/\/www.infobae.com\/new-resizer\/G66g-vRGG7MHBAi8gNMO41FuWws=\/1200x675\/filters:format(webp):quality(85)\/cloudfront-us-east-1.images.arcpublishing.com\/infobae\/CXRZIJ7PSZBYPNFLQ7T33ZSRCI.jpg 1200w,https:\/\/www.infobae.com\/new-resizer\/yRadXPtoSnu1eiFAAwJcoc8Dbyk=\/1440x810\/filters:format(webp):quality(85)\/cloudfront-us-east-1.images.arcpublishing.com\/infobae\/CXRZIJ7PSZBYPNFLQ7T33ZSRCI.jpg 1440w\" alt=\"Mariana Ver\u00f3n, Marcelo Bonelli, Sergio Roulier, Soledad Larghi, periodistas segundo debate presidencial 2023\" width=\"1920\" height=\"1080\" data-src=\"https:\/\/www.infobae.com\/new-resizer\/SMluj8ykLen8QmPp1MxFewluQwY=\/arc-anglerfish-arc2-prod-infobae\/public\/CXRZIJ7PSZBYPNFLQ7T33ZSRCI.jpg\" \/>Mariana Ver\u00f3n, Marcelo Bonelli, Sergio Roulier, Soledad Larghi, periodistas segundo debate presidencial 2023<\/div>\n<h2 class=\"header headline-class-h2\">\u00bfC\u00f3mo ver el segundo debate presidencial en vivo?<\/h2>\n<p class=\"paragraph\" data-mrf-recirculation=\"Links inline\">Al igual que el domingo pasado,\u00a0<b>vas a poder seguir el segundo debate presidencial en vivo por\u00a0<\/b><a href=\"https:\/\/www.infobae.com\/tag\/debate-presidencial\/\" rel=\"noopener noreferrer\" data-mrf-link=\"https:\/\/www.infobae.com\/tag\/debate-presidencial\/\"><b>Infobae<\/b><\/a>, con una cobertura exclusiva minuto a minuto con analistas de primer nivel y todos los detalles en tiempo real.<\/p>\n<p class=\"paragraph\" data-mrf-recirculation=\"Links inline\">Adem\u00e1s, el debate ser\u00e1 transmitidos en vivo por la\u00a0Televisi\u00f3n P\u00fablica (TVP), a las 21 hs, y con la posibilidad de retransmisi\u00f3n por otros canales, emisoras y sitios web de todo el pa\u00eds. La producci\u00f3n audiovisual estar\u00e1 a cargo de la C\u00e1mara Argentina de Productores Independientes de Televisi\u00f3n (CAPIT). Por otra parte, durante la transmisi\u00f3n se suspender\u00e1 la publicidad electoral en los servicios de comunicaci\u00f3n audiovisual, y los anuncios p\u00fablicos de los actos de gobierno nacional, provincial y municipal.<\/p>\n<div class=\"visual__image\"><img loading=\"lazy\" decoding=\"async\" class=\" lazyload\" src=\"https:\/\/www.infobae.com\/new-resizer\/22n9wq8Md9suJmxM75yq5o3jFMg=\/arc-anglerfish-arc2-prod-infobae\/public\/2ISDTJQ6DVFUVPHG5JAMBCXDZQ.jpg\" sizes=\"auto, (min-width: 800px) 50vw, 90vw\" srcset=\"https:\/\/www.infobae.com\/new-resizer\/MNGbI5PM9U7BFPfom47c6o0U59U=\/420x236\/filters:format(webp):quality(85)\/cloudfront-us-east-1.images.arcpublishing.com\/infobae\/2ISDTJQ6DVFUVPHG5JAMBCXDZQ.jpg 420w,https:\/\/www.infobae.com\/new-resizer\/EP-Ve6EzAB-YxFU7huOjM1yghu0=\/768x432\/filters:format(webp):quality(85)\/cloudfront-us-east-1.images.arcpublishing.com\/infobae\/2ISDTJQ6DVFUVPHG5JAMBCXDZQ.jpg 768w,https:\/\/www.infobae.com\/new-resizer\/6TDBlucWa0Duob8g-KbO5Fh0pxY=\/992x558\/filters:format(webp):quality(85)\/cloudfront-us-east-1.images.arcpublishing.com\/infobae\/2ISDTJQ6DVFUVPHG5JAMBCXDZQ.jpg 992w,https:\/\/www.infobae.com\/new-resizer\/UMBI7K6msE6yphqtbty6u1q_kQY=\/1200x675\/filters:format(webp):quality(85)\/cloudfront-us-east-1.images.arcpublishing.com\/infobae\/2ISDTJQ6DVFUVPHG5JAMBCXDZQ.jpg 1200w,https:\/\/www.infobae.com\/new-resizer\/NJBX0Z1YgVcpu8LbTj31SRqJwH4=\/1440x810\/filters:format(webp):quality(85)\/cloudfront-us-east-1.images.arcpublishing.com\/infobae\/2ISDTJQ6DVFUVPHG5JAMBCXDZQ.jpg 1440w\" alt=\"Carlos Maslat\u00f3n y Mar\u00eda Laura Santill\u00e1n fueron parte del staff de analistas de Infobae del primer debate presidencial 2023 (Gustavo Gavotti)\" width=\"1920\" height=\"1079\" data-src=\"https:\/\/www.infobae.com\/new-resizer\/22n9wq8Md9suJmxM75yq5o3jFMg=\/arc-anglerfish-arc2-prod-infobae\/public\/2ISDTJQ6DVFUVPHG5JAMBCXDZQ.jpg\" \/><\/div>\n<\/article>\n<div>Fuente Infobae<\/div>\n","protected":false},"excerpt":{"rendered":"<div class=\"post-excerpt\"><p>Los candidatos volver\u00e1n a enfrentarse para intercambiar sobre sus propuestas e ideas de cara al electorado \u00a0El calendario electoral 2023 incluye\u00a0otra fecha clave antes de las elecciones del 22 de octubre:\u00a0el segundo debate presidencial. Tras la primera instancia de debate el pasado 1 de octubre, los candidatos a jefe de Estado se volver\u00e1n a reunir<\/p>\n<\/div>","protected":false},"author":2,"featured_media":42184,"comment_status":"closed","ping_status":"closed","sticky":false,"template":"","format":"standard","meta":{"_acf_changed":false,"footnotes":""},"categories":[2],"tags":[],"class_list":["post-42252","post","type-post","status-publish","format-standard","has-post-thumbnail","hentry","category-noticias"],"acf":[],"yoast_head":"<!-- This site is optimized with the Yoast SEO plugin v28.1 - https:\/\/yoast.com\/product\/yoast-seo-wordpress\/ -->\n<title>Segundo debate presidencial 2023: fecha, hora, d\u00f3nde es y c\u00f3mo verlo - Horizonte<\/title>\n<meta name=\"robots\" content=\"index, follow, max-snippet:-1, max-image-preview:large, max-video-preview:-1\" \/>\n<link rel=\"canonical\" href=\"http:\/\/www.radiohorizonte.fm\/radio\/2023\/10\/05\/segundo-debate-presidencial-2023-fecha-hora-donde-es-y-como-verlo\/\" \/>\n<meta property=\"og:locale\" content=\"es_ES\" \/>\n<meta property=\"og:type\" content=\"article\" \/>\n<meta property=\"og:title\" content=\"Segundo debate presidencial 2023: fecha, hora, d\u00f3nde es y c\u00f3mo verlo - Horizonte\" \/>\n<meta property=\"og:description\" content=\"Los candidatos volver\u00e1n a enfrentarse para intercambiar sobre sus propuestas e ideas de cara al electorado \u00a0El calendario electoral 2023 incluye\u00a0otra fecha clave antes de las elecciones del 22 de octubre:\u00a0el segundo debate presidencial. Tras la primera instancia de debate el pasado 1 de octubre, los candidatos a jefe de Estado se volver\u00e1n a reunir\" \/>\n<meta property=\"og:url\" content=\"http:\/\/www.radiohorizonte.fm\/radio\/2023\/10\/05\/segundo-debate-presidencial-2023-fecha-hora-donde-es-y-como-verlo\/\" \/>\n<meta property=\"og:site_name\" content=\"Horizonte\" \/>\n<meta property=\"article:publisher\" content=\"http:\/\/www.facebook.com\/HORIZONTE106.1\" \/>\n<meta property=\"article:published_time\" content=\"2023-10-05T14:19:44+00:00\" \/>\n<meta property=\"og:image\" content=\"http:\/\/www.radiohorizonte.fm\/radio\/wp-content\/uploads\/2023\/10\/651a279ea63d5_1200.jpg\" \/>\n\t<meta property=\"og:image:width\" content=\"900\" \/>\n\t<meta property=\"og:image:height\" content=\"506\" \/>\n\t<meta property=\"og:image:type\" content=\"image\/jpeg\" \/>\n<meta name=\"author\" content=\"Cristian Galarza\" \/>\n<meta name=\"twitter:card\" content=\"summary_large_image\" \/>\n<meta name=\"twitter:creator\" content=\"@fmhorizonte1061\" \/>\n<meta name=\"twitter:site\" content=\"@fmhorizonte1061\" \/>\n<meta name=\"twitter:label1\" content=\"Escrito por\" \/>\n\t<meta name=\"twitter:data1\" content=\"Cristian Galarza\" \/>\n\t<meta name=\"twitter:label2\" content=\"Tiempo de lectura\" \/>\n\t<meta name=\"twitter:data2\" content=\"5 minutos\" \/>\n<script type=\"application\/ld+json\" class=\"yoast-schema-graph\">{\"@context\":\"https:\\\/\\\/schema.org\",\"@graph\":[{\"@type\":\"Article\",\"@id\":\"http:\\\/\\\/www.radiohorizonte.fm\\\/radio\\\/2023\\\/10\\\/05\\\/segundo-debate-presidencial-2023-fecha-hora-donde-es-y-como-verlo\\\/#article\",\"isPartOf\":{\"@id\":\"http:\\\/\\\/www.radiohorizonte.fm\\\/radio\\\/2023\\\/10\\\/05\\\/segundo-debate-presidencial-2023-fecha-hora-donde-es-y-como-verlo\\\/\"},\"author\":{\"name\":\"Cristian Galarza\",\"@id\":\"http:\\\/\\\/www.radiohorizonte.fm\\\/radio\\\/#\\\/schema\\\/person\\\/f8fa003a405bb86729fd87d15d0ddafa\"},\"headline\":\"Segundo debate presidencial 2023: fecha, hora, d\u00f3nde es y c\u00f3mo verlo\",\"datePublished\":\"2023-10-05T14:19:44+00:00\",\"mainEntityOfPage\":{\"@id\":\"http:\\\/\\\/www.radiohorizonte.fm\\\/radio\\\/2023\\\/10\\\/05\\\/segundo-debate-presidencial-2023-fecha-hora-donde-es-y-como-verlo\\\/\"},\"wordCount\":948,\"publisher\":{\"@id\":\"http:\\\/\\\/www.radiohorizonte.fm\\\/radio\\\/#organization\"},\"image\":{\"@id\":\"http:\\\/\\\/www.radiohorizonte.fm\\\/radio\\\/2023\\\/10\\\/05\\\/segundo-debate-presidencial-2023-fecha-hora-donde-es-y-como-verlo\\\/#primaryimage\"},\"thumbnailUrl\":\"http:\\\/\\\/www.radiohorizonte.fm\\\/radio\\\/wp-content\\\/uploads\\\/2023\\\/10\\\/651a279ea63d5_1200.jpg\",\"articleSection\":[\"Noticias\"],\"inLanguage\":\"es-AR\"},{\"@type\":\"WebPage\",\"@id\":\"http:\\\/\\\/www.radiohorizonte.fm\\\/radio\\\/2023\\\/10\\\/05\\\/segundo-debate-presidencial-2023-fecha-hora-donde-es-y-como-verlo\\\/\",\"url\":\"http:\\\/\\\/www.radiohorizonte.fm\\\/radio\\\/2023\\\/10\\\/05\\\/segundo-debate-presidencial-2023-fecha-hora-donde-es-y-como-verlo\\\/\",\"name\":\"Segundo debate presidencial 2023: fecha, hora, d\u00f3nde es y c\u00f3mo verlo - Horizonte\",\"isPartOf\":{\"@id\":\"http:\\\/\\\/www.radiohorizonte.fm\\\/radio\\\/#website\"},\"primaryImageOfPage\":{\"@id\":\"http:\\\/\\\/www.radiohorizonte.fm\\\/radio\\\/2023\\\/10\\\/05\\\/segundo-debate-presidencial-2023-fecha-hora-donde-es-y-como-verlo\\\/#primaryimage\"},\"image\":{\"@id\":\"http:\\\/\\\/www.radiohorizonte.fm\\\/radio\\\/2023\\\/10\\\/05\\\/segundo-debate-presidencial-2023-fecha-hora-donde-es-y-como-verlo\\\/#primaryimage\"},\"thumbnailUrl\":\"http:\\\/\\\/www.radiohorizonte.fm\\\/radio\\\/wp-content\\\/uploads\\\/2023\\\/10\\\/651a279ea63d5_1200.jpg\",\"datePublished\":\"2023-10-05T14:19:44+00:00\",\"breadcrumb\":{\"@id\":\"http:\\\/\\\/www.radiohorizonte.fm\\\/radio\\\/2023\\\/10\\\/05\\\/segundo-debate-presidencial-2023-fecha-hora-donde-es-y-como-verlo\\\/#breadcrumb\"},\"inLanguage\":\"es-AR\",\"potentialAction\":[{\"@type\":\"ReadAction\",\"target\":[\"http:\\\/\\\/www.radiohorizonte.fm\\\/radio\\\/2023\\\/10\\\/05\\\/segundo-debate-presidencial-2023-fecha-hora-donde-es-y-como-verlo\\\/\"]}]},{\"@type\":\"ImageObject\",\"inLanguage\":\"es-AR\",\"@id\":\"http:\\\/\\\/www.radiohorizonte.fm\\\/radio\\\/2023\\\/10\\\/05\\\/segundo-debate-presidencial-2023-fecha-hora-donde-es-y-como-verlo\\\/#primaryimage\",\"url\":\"http:\\\/\\\/www.radiohorizonte.fm\\\/radio\\\/wp-content\\\/uploads\\\/2023\\\/10\\\/651a279ea63d5_1200.jpg\",\"contentUrl\":\"http:\\\/\\\/www.radiohorizonte.fm\\\/radio\\\/wp-content\\\/uploads\\\/2023\\\/10\\\/651a279ea63d5_1200.jpg\",\"width\":900,\"height\":506},{\"@type\":\"BreadcrumbList\",\"@id\":\"http:\\\/\\\/www.radiohorizonte.fm\\\/radio\\\/2023\\\/10\\\/05\\\/segundo-debate-presidencial-2023-fecha-hora-donde-es-y-como-verlo\\\/#breadcrumb\",\"itemListElement\":[{\"@type\":\"ListItem\",\"position\":1,\"name\":\"Home\",\"item\":\"http:\\\/\\\/www.radiohorizonte.fm\\\/radio\\\/\"},{\"@type\":\"ListItem\",\"position\":2,\"name\":\"Segundo debate presidencial 2023: fecha, hora, d\u00f3nde es y c\u00f3mo verlo\"}]},{\"@type\":\"WebSite\",\"@id\":\"http:\\\/\\\/www.radiohorizonte.fm\\\/radio\\\/#website\",\"url\":\"http:\\\/\\\/www.radiohorizonte.fm\\\/radio\\\/\",\"name\":\"Horizonte\",\"description\":\"Radio Horizonte 106.1 - Una radio de clasicos\",\"publisher\":{\"@id\":\"http:\\\/\\\/www.radiohorizonte.fm\\\/radio\\\/#organization\"},\"potentialAction\":[{\"@type\":\"SearchAction\",\"target\":{\"@type\":\"EntryPoint\",\"urlTemplate\":\"http:\\\/\\\/www.radiohorizonte.fm\\\/radio\\\/?s={search_term_string}\"},\"query-input\":{\"@type\":\"PropertyValueSpecification\",\"valueRequired\":true,\"valueName\":\"search_term_string\"}}],\"inLanguage\":\"es-AR\"},{\"@type\":\"Organization\",\"@id\":\"http:\\\/\\\/www.radiohorizonte.fm\\\/radio\\\/#organization\",\"name\":\"Horizonte\",\"url\":\"http:\\\/\\\/www.radiohorizonte.fm\\\/radio\\\/\",\"logo\":{\"@type\":\"ImageObject\",\"inLanguage\":\"es-AR\",\"@id\":\"http:\\\/\\\/www.radiohorizonte.fm\\\/radio\\\/#\\\/schema\\\/logo\\\/image\\\/\",\"url\":\"http:\\\/\\\/www.radiohorizonte.fm\\\/radio\\\/wp-content\\\/uploads\\\/2025\\\/06\\\/Portada-FM-Horizonte_modelo-imagen-scaled.jpg\",\"contentUrl\":\"http:\\\/\\\/www.radiohorizonte.fm\\\/radio\\\/wp-content\\\/uploads\\\/2025\\\/06\\\/Portada-FM-Horizonte_modelo-imagen-scaled.jpg\",\"width\":2560,\"height\":1056,\"caption\":\"Horizonte\"},\"image\":{\"@id\":\"http:\\\/\\\/www.radiohorizonte.fm\\\/radio\\\/#\\\/schema\\\/logo\\\/image\\\/\"},\"sameAs\":[\"http:\\\/\\\/www.facebook.com\\\/HORIZONTE106.1\",\"https:\\\/\\\/x.com\\\/fmhorizonte1061\"]},{\"@type\":\"Person\",\"@id\":\"http:\\\/\\\/www.radiohorizonte.fm\\\/radio\\\/#\\\/schema\\\/person\\\/f8fa003a405bb86729fd87d15d0ddafa\",\"name\":\"Cristian Galarza\",\"image\":{\"@type\":\"ImageObject\",\"inLanguage\":\"es-AR\",\"@id\":\"https:\\\/\\\/secure.gravatar.com\\\/avatar\\\/fad34bc2c773209c05d7d53b08a69b680eeb55f3be014e52b31643d20ab65925?s=96&d=mm&r=g\",\"url\":\"https:\\\/\\\/secure.gravatar.com\\\/avatar\\\/fad34bc2c773209c05d7d53b08a69b680eeb55f3be014e52b31643d20ab65925?s=96&d=mm&r=g\",\"contentUrl\":\"https:\\\/\\\/secure.gravatar.com\\\/avatar\\\/fad34bc2c773209c05d7d53b08a69b680eeb55f3be014e52b31643d20ab65925?s=96&d=mm&r=g\",\"caption\":\"Cristian Galarza\"},\"url\":\"http:\\\/\\\/www.radiohorizonte.fm\\\/radio\\\/author\\\/cristian\\\/\"}]}<\/script>\n<!-- \/ Yoast SEO plugin. -->","yoast_head_json":{"title":"Segundo debate presidencial 2023: fecha, hora, d\u00f3nde es y c\u00f3mo verlo - Horizonte","robots":{"index":"index","follow":"follow","max-snippet":"max-snippet:-1","max-image-preview":"max-image-preview:large","max-video-preview":"max-video-preview:-1"},"canonical":"http:\/\/www.radiohorizonte.fm\/radio\/2023\/10\/05\/segundo-debate-presidencial-2023-fecha-hora-donde-es-y-como-verlo\/","og_locale":"es_ES","og_type":"article","og_title":"Segundo debate presidencial 2023: fecha, hora, d\u00f3nde es y c\u00f3mo verlo - Horizonte","og_description":"Los candidatos volver\u00e1n a enfrentarse para intercambiar sobre sus propuestas e ideas de cara al electorado \u00a0El calendario electoral 2023 incluye\u00a0otra fecha clave antes de las elecciones del 22 de octubre:\u00a0el segundo debate presidencial. Tras la primera instancia de debate el pasado 1 de octubre, los candidatos a jefe de Estado se volver\u00e1n a reunir","og_url":"http:\/\/www.radiohorizonte.fm\/radio\/2023\/10\/05\/segundo-debate-presidencial-2023-fecha-hora-donde-es-y-como-verlo\/","og_site_name":"Horizonte","article_publisher":"http:\/\/www.facebook.com\/HORIZONTE106.1","article_published_time":"2023-10-05T14:19:44+00:00","og_image":[{"width":900,"height":506,"url":"http:\/\/www.radiohorizonte.fm\/radio\/wp-content\/uploads\/2023\/10\/651a279ea63d5_1200.jpg","type":"image\/jpeg"}],"author":"Cristian Galarza","twitter_card":"summary_large_image","twitter_creator":"@fmhorizonte1061","twitter_site":"@fmhorizonte1061","twitter_misc":{"Escrito por":"Cristian Galarza","Tiempo de lectura":"5 minutos"},"schema":{"@context":"https:\/\/schema.org","@graph":[{"@type":"Article","@id":"http:\/\/www.radiohorizonte.fm\/radio\/2023\/10\/05\/segundo-debate-presidencial-2023-fecha-hora-donde-es-y-como-verlo\/#article","isPartOf":{"@id":"http:\/\/www.radiohorizonte.fm\/radio\/2023\/10\/05\/segundo-debate-presidencial-2023-fecha-hora-donde-es-y-como-verlo\/"},"author":{"name":"Cristian Galarza","@id":"http:\/\/www.radiohorizonte.fm\/radio\/#\/schema\/person\/f8fa003a405bb86729fd87d15d0ddafa"},"headline":"Segundo debate presidencial 2023: fecha, hora, d\u00f3nde es y c\u00f3mo verlo","datePublished":"2023-10-05T14:19:44+00:00","mainEntityOfPage":{"@id":"http:\/\/www.radiohorizonte.fm\/radio\/2023\/10\/05\/segundo-debate-presidencial-2023-fecha-hora-donde-es-y-como-verlo\/"},"wordCount":948,"publisher":{"@id":"http:\/\/www.radiohorizonte.fm\/radio\/#organization"},"image":{"@id":"http:\/\/www.radiohorizonte.fm\/radio\/2023\/10\/05\/segundo-debate-presidencial-2023-fecha-hora-donde-es-y-como-verlo\/#primaryimage"},"thumbnailUrl":"http:\/\/www.radiohorizonte.fm\/radio\/wp-content\/uploads\/2023\/10\/651a279ea63d5_1200.jpg","articleSection":["Noticias"],"inLanguage":"es-AR"},{"@type":"WebPage","@id":"http:\/\/www.radiohorizonte.fm\/radio\/2023\/10\/05\/segundo-debate-presidencial-2023-fecha-hora-donde-es-y-como-verlo\/","url":"http:\/\/www.radiohorizonte.fm\/radio\/2023\/10\/05\/segundo-debate-presidencial-2023-fecha-hora-donde-es-y-como-verlo\/","name":"Segundo debate presidencial 2023: fecha, hora, d\u00f3nde es y c\u00f3mo verlo - Horizonte","isPartOf":{"@id":"http:\/\/www.radiohorizonte.fm\/radio\/#website"},"primaryImageOfPage":{"@id":"http:\/\/www.radiohorizonte.fm\/radio\/2023\/10\/05\/segundo-debate-presidencial-2023-fecha-hora-donde-es-y-como-verlo\/#primaryimage"},"image":{"@id":"http:\/\/www.radiohorizonte.fm\/radio\/2023\/10\/05\/segundo-debate-presidencial-2023-fecha-hora-donde-es-y-como-verlo\/#primaryimage"},"thumbnailUrl":"http:\/\/www.radiohorizonte.fm\/radio\/wp-content\/uploads\/2023\/10\/651a279ea63d5_1200.jpg","datePublished":"2023-10-05T14:19:44+00:00","breadcrumb":{"@id":"http:\/\/www.radiohorizonte.fm\/radio\/2023\/10\/05\/segundo-debate-presidencial-2023-fecha-hora-donde-es-y-como-verlo\/#breadcrumb"},"inLanguage":"es-AR","potentialAction":[{"@type":"ReadAction","target":["http:\/\/www.radiohorizonte.fm\/radio\/2023\/10\/05\/segundo-debate-presidencial-2023-fecha-hora-donde-es-y-como-verlo\/"]}]},{"@type":"ImageObject","inLanguage":"es-AR","@id":"http:\/\/www.radiohorizonte.fm\/radio\/2023\/10\/05\/segundo-debate-presidencial-2023-fecha-hora-donde-es-y-como-verlo\/#primaryimage","url":"http:\/\/www.radiohorizonte.fm\/radio\/wp-content\/uploads\/2023\/10\/651a279ea63d5_1200.jpg","contentUrl":"http:\/\/www.radiohorizonte.fm\/radio\/wp-content\/uploads\/2023\/10\/651a279ea63d5_1200.jpg","width":900,"height":506},{"@type":"BreadcrumbList","@id":"http:\/\/www.radiohorizonte.fm\/radio\/2023\/10\/05\/segundo-debate-presidencial-2023-fecha-hora-donde-es-y-como-verlo\/#breadcrumb","itemListElement":[{"@type":"ListItem","position":1,"name":"Home","item":"http:\/\/www.radiohorizonte.fm\/radio\/"},{"@type":"ListItem","position":2,"name":"Segundo debate presidencial 2023: fecha, hora, d\u00f3nde es y c\u00f3mo verlo"}]},{"@type":"WebSite","@id":"http:\/\/www.radiohorizonte.fm\/radio\/#website","url":"http:\/\/www.radiohorizonte.fm\/radio\/","name":"Horizonte","description":"Radio Horizonte 106.1 - Una radio de clasicos","publisher":{"@id":"http:\/\/www.radiohorizonte.fm\/radio\/#organization"},"potentialAction":[{"@type":"SearchAction","target":{"@type":"EntryPoint","urlTemplate":"http:\/\/www.radiohorizonte.fm\/radio\/?s={search_term_string}"},"query-input":{"@type":"PropertyValueSpecification","valueRequired":true,"valueName":"search_term_string"}}],"inLanguage":"es-AR"},{"@type":"Organization","@id":"http:\/\/www.radiohorizonte.fm\/radio\/#organization","name":"Horizonte","url":"http:\/\/www.radiohorizonte.fm\/radio\/","logo":{"@type":"ImageObject","inLanguage":"es-AR","@id":"http:\/\/www.radiohorizonte.fm\/radio\/#\/schema\/logo\/image\/","url":"http:\/\/www.radiohorizonte.fm\/radio\/wp-content\/uploads\/2025\/06\/Portada-FM-Horizonte_modelo-imagen-scaled.jpg","contentUrl":"http:\/\/www.radiohorizonte.fm\/radio\/wp-content\/uploads\/2025\/06\/Portada-FM-Horizonte_modelo-imagen-scaled.jpg","width":2560,"height":1056,"caption":"Horizonte"},"image":{"@id":"http:\/\/www.radiohorizonte.fm\/radio\/#\/schema\/logo\/image\/"},"sameAs":["http:\/\/www.facebook.com\/HORIZONTE106.1","https:\/\/x.com\/fmhorizonte1061"]},{"@type":"Person","@id":"http:\/\/www.radiohorizonte.fm\/radio\/#\/schema\/person\/f8fa003a405bb86729fd87d15d0ddafa","name":"Cristian Galarza","image":{"@type":"ImageObject","inLanguage":"es-AR","@id":"https:\/\/secure.gravatar.com\/avatar\/fad34bc2c773209c05d7d53b08a69b680eeb55f3be014e52b31643d20ab65925?s=96&d=mm&r=g","url":"https:\/\/secure.gravatar.com\/avatar\/fad34bc2c773209c05d7d53b08a69b680eeb55f3be014e52b31643d20ab65925?s=96&d=mm&r=g","contentUrl":"https:\/\/secure.gravatar.com\/avatar\/fad34bc2c773209c05d7d53b08a69b680eeb55f3be014e52b31643d20ab65925?s=96&d=mm&r=g","caption":"Cristian Galarza"},"url":"http:\/\/www.radiohorizonte.fm\/radio\/author\/cristian\/"}]}},"_links":{"self":[{"href":"http:\/\/www.radiohorizonte.fm\/radio\/wp-json\/wp\/v2\/posts\/42252","targetHints":{"allow":["GET"]}}],"collection":[{"href":"http:\/\/www.radiohorizonte.fm\/radio\/wp-json\/wp\/v2\/posts"}],"about":[{"href":"http:\/\/www.radiohorizonte.fm\/radio\/wp-json\/wp\/v2\/types\/post"}],"author":[{"embeddable":true,"href":"http:\/\/www.radiohorizonte.fm\/radio\/wp-json\/wp\/v2\/users\/2"}],"replies":[{"embeddable":true,"href":"http:\/\/www.radiohorizonte.fm\/radio\/wp-json\/wp\/v2\/comments?post=42252"}],"version-history":[{"count":1,"href":"http:\/\/www.radiohorizonte.fm\/radio\/wp-json\/wp\/v2\/posts\/42252\/revisions"}],"predecessor-version":[{"id":42253,"href":"http:\/\/www.radiohorizonte.fm\/radio\/wp-json\/wp\/v2\/posts\/42252\/revisions\/42253"}],"wp:featuredmedia":[{"embeddable":true,"href":"http:\/\/www.radiohorizonte.fm\/radio\/wp-json\/wp\/v2\/media\/42184"}],"wp:attachment":[{"href":"http:\/\/www.radiohorizonte.fm\/radio\/wp-json\/wp\/v2\/media?parent=42252"}],"wp:term":[{"taxonomy":"category","embeddable":true,"href":"http:\/\/www.radiohorizonte.fm\/radio\/wp-json\/wp\/v2\/categories?post=42252"},{"taxonomy":"post_tag","embeddable":true,"href":"http:\/\/www.radiohorizonte.fm\/radio\/wp-json\/wp\/v2\/tags?post=42252"}],"curies":[{"name":"wp","href":"https:\/\/api.w.org\/{rel}","templated":true}]}}