{"id":42255,"date":"2023-10-06T07:21:59","date_gmt":"2023-10-06T10:21:59","guid":{"rendered":"http:\/\/www.radiohorizonte.fm\/radio\/?p=42255"},"modified":"2023-10-06T07:22:57","modified_gmt":"2023-10-06T10:22:57","slug":"condenaron-al-ginecologo-dahse-7-anos-de-prision-pero-seguira-libre","status":"publish","type":"post","link":"http:\/\/www.radiohorizonte.fm\/radio\/2023\/10\/06\/condenaron-al-ginecologo-dahse-7-anos-de-prision-pero-seguira-libre\/","title":{"rendered":"Condenaron al ginec\u00f3logo Dahse a 7 a\u00f1os de prisi\u00f3n pero seguir\u00e1 libre"},"content":{"rendered":"<p>Los jueces del TOP N\u00b01 tambi\u00e9n lo inhabilitaron para ejercer la medicina a perpetuidad, aunque no le revocaron por el momento el beneficio de la libertad, hasta tanto la condena quede firme. Hubo festejos y disturbios fuera del tribunal.<\/p>\n<p><img loading=\"lazy\" decoding=\"async\" class=\"alignnone size-full wp-image-42256\" src=\"http:\/\/www.radiohorizonte.fm\/radio\/wp-content\/uploads\/2023\/10\/1323511w762h431c.jpg.jpg\" alt=\"\" width=\"762\" height=\"431\" srcset=\"http:\/\/www.radiohorizonte.fm\/radio\/wp-content\/uploads\/2023\/10\/1323511w762h431c.jpg.jpg 762w, http:\/\/www.radiohorizonte.fm\/radio\/wp-content\/uploads\/2023\/10\/1323511w762h431c.jpg-300x170.jpg 300w, http:\/\/www.radiohorizonte.fm\/radio\/wp-content\/uploads\/2023\/10\/1323511w762h431c.jpg-65x37.jpg 65w, http:\/\/www.radiohorizonte.fm\/radio\/wp-content\/uploads\/2023\/10\/1323511w762h431c.jpg-320x181.jpg 320w, http:\/\/www.radiohorizonte.fm\/radio\/wp-content\/uploads\/2023\/10\/1323511w762h431c.jpg-85x48.jpg 85w, http:\/\/www.radiohorizonte.fm\/radio\/wp-content\/uploads\/2023\/10\/1323511w762h431c.jpg-220x125.jpg 220w, http:\/\/www.radiohorizonte.fm\/radio\/wp-content\/uploads\/2023\/10\/1323511w762h431c.jpg-90x51.jpg 90w\" sizes=\"auto, (max-width: 762px) 100vw, 762px\" \/><\/p>\n<p>El tribunal Oral Penal N\u00b01 conden\u00f3 ayer a siete a\u00f1os de prisi\u00f3n al ginec\u00f3logo Gerardo Dahse, al encontrarlo penalmente responsable de abuso &#8220;sexual gravemente ultrajante&#8221;, veredicto que adem\u00e1s le quit\u00f3 la posibilidad de seguir ejerciendo la medicina a perpetuidad; sin embargo, continuar\u00e1 en libertad hasta que la condena quede firme. Fuera del tribunal hubo incidentes con la Polic\u00eda cuando fue retirado el condenado, pero tambi\u00e9n satisfacci\u00f3n por el sentimiento de haber logrado algo de justicia para una de las v\u00edctimas. El m\u00e9dico debi\u00f3 salir fuertemente custodiado por efectivos de la Polic\u00eda de Corrientes, quienes desde temprano montaron un vallado de seguridad en el ingreso al edificio judicial.<\/p>\n<p>Puntualmente a las 16, encabezado por la doctora Ana del Carmen Figueredo con la vocal\u00eda de los doctores Cynthia Teresa Godoy Prats y Ra\u00fal Juan Carlos Guer\u00edn, dieron inicio a los alegatos primero la querella, luego la fiscal\u00eda y finalmente la defensa que ocuparon entre ambos abogados alrededor de tres horas de exposici\u00f3n. Fuera del recinto, en la calle, un importante n\u00famero de personas y movimientos feministas ya hac\u00edan sentir su bronca contra el m\u00e9dico que lleg\u00f3 temprano justamente para evitar cualquier tipo de enfrentamiento. &#8220;Estamos ac\u00e1 para acompa\u00f1ar, visibilizar y principalmente para reclamar, porque lo que le pas\u00f3 a estas chicas, nos pudo pasar a cualquiera. Ya no puede haber m\u00e1s Dahse ejerciendo la medicina para aprovecharse y abusar de sus pacientes de esa manera&#8221;, dijo una de las oradoras que arengaba al resto de quienes fuera del recinto, hac\u00eda en aguante.<\/p>\n<div class=\"center medium m_image\">\n<figure><picture><source srcset=\"https:\/\/www.diarioepoca.com\/content\/bucket\/2\/1323512w380h241c.jpg.webp\" type=\"image\/webp\" media=\"(min-width: 640px)\" \/><source srcset=\"https:\/\/www.diarioepoca.com\/content\/bucket\/2\/1323512w440h279c.jpg.webp\" type=\"image\/webp\" media=\"(min-width: 300px)\" \/><source srcset=\"https:\/\/www.diarioepoca.com\/content\/bucket\/2\/1323512w380h241c.jpg\" media=\"(min-width: 300px)\" \/><img loading=\"lazy\" decoding=\"async\" class=\"pic\" src=\"https:\/\/www.diarioepoca.com\/content\/bucket\/2\/1323512w380h241c.jpg.webp\" alt=\"\" width=\"380\" height=\"241\" \/><\/picture><\/figure>\n<\/div>\n<p>Durante los alegatos y por casi hora y media, la abogada querellante Sof\u00eda Dom\u00ednguez expuso las pruebas en contra del m\u00e9dico, pero sobre todo haciendo hincapi\u00e9 en el da\u00f1o que causa a las v\u00edctimas, resaltando que se trata de un m\u00e9dico que debe velar por la seguridad de las pacientes. La querella pidi\u00f3 el m\u00e1ximo de la pena para hechos de estas caracter\u00edsticas, solicit\u00e1ndole al tribunal 10 a\u00f1os de prisi\u00f3n por abuso sexual gravemente ultrajante.<\/p>\n<p>Posteriormente, fue el turno del fiscal adjunto del Poder Judicial doctor Jorge Omar Semhan, quien coincidi\u00f3 en varios puntos marcado por la querella a excepci\u00f3n de que a la hora de exigir condena, solicit\u00f3 siete a\u00f1os de prisi\u00f3n efectiva, inhabilitaci\u00f3n perpetua para ejercer la medicina y adem\u00e1s la revocaci\u00f3n del beneficio de la libertad y detenci\u00f3n inmediata del condenado.<\/p>\n<p>Finalmente, la defensa t\u00e9cnica de Dahse, aleg\u00f3 por casi tres horas. En primer t\u00e9rmino lo hizo el doctor Arrieta y posteriormente el doctor Sass\u00f3n, quienes utilizaron todo el plazo otorgado por el tribunal, para desacreditar todas las pruebas presentadas durante el juicio, incluso los informes periciales psicol\u00f3gicos de la v\u00edctima; cuestionando adem\u00e1s un presunto trasfondo pol\u00edtico en las denuncias, los escraches sociales y adem\u00e1s la mediatizaci\u00f3n que tuvo el caso. Finalmente, pidieron la absoluci\u00f3n del imputado.<\/p>\n<h2>Nuevo juicio en puerta<\/h2>\n<p>Sof\u00eda Dom\u00ednguez, abogada de &#8220;Violeta&#8221;, la v\u00edctima por la cual se lleg\u00f3 a juicio, mostr\u00f3 su satisfacci\u00f3n al salir del tribunal y recibi\u00f3, como era de esperarse, el aplauso y los v\u00edtores de quienes hicieron el aguante por horas frente a los estados. &#8220;Hab\u00eda suficientes elementos probatorios para esta condena, los valoramos durante todo el alegato. Sobre todo los testimonios de las propias v\u00edctimas, de la de este caso en particular y de las otras mujeres&#8221;, coment\u00f3 la abogada.<\/p>\n<p>Tanto la abogada como las referentes de los movimientos feministas coincidieron en que se pudo hacer justicia, pese a que la pena otorgada, no fue el m\u00e1ximo que prev\u00e9 la ley.<\/p>\n<p>Con respecto a pr\u00f3ximas causas, Dom\u00ednguez puntualiz\u00f3 que hay en estos momentos una causa que est\u00e1 en la C\u00e1mara de Apelaciones, a resolver el Auto de elevaci\u00f3n a juicio enviado por el Juzgado de Instrucci\u00f3n N 3 de la doctora Gonz\u00e1lez Caba\u00f1as, que tiene que ver con un caso de una v\u00edctima en el a\u00f1o 2008 y que en ese momento era menor de edad, por lo cual no aplica la prescripci\u00f3n de la causa, justamente por la condici\u00f3n de la denunciante. Una vez que la medida est\u00e9 resuelta, podr\u00eda haber un nuevo juicio oral contra Dahse a comienzos del pr\u00f3ximo a\u00f1o.<\/p>\n<h2>&#8220;Sent\u00ed que escucharon&#8221;<\/h2>\n<p>Carolina Morello, la primera de las v\u00edctimas que hace 15 a\u00f1os denunci\u00f3 al ginec\u00f3logo, acompa\u00f1\u00f3 ayer toda la instancia de alegatos y sentencia desde la calle, con sus compa\u00f1eras. &#8220;Ac\u00e1 nos estamos acompa\u00f1ando todas. Somos 22 las que pudimos identificarnos y que padecimos los ataques de Dahse. Tuve la posibilidad de declarar como testigo y sent\u00ed que tanto el fiscal, como los jueces finalmente me escucharon y pude contar todo lo que a mi me toc\u00f3 vivir hace 15 a\u00f1os atr\u00e1s. Siento que me pude sacar una gran mochila de encima al relatar lo que padec\u00ed&#8221;.<\/p>\n<p>&#8220;No podemos seguir reclamando algo que deber\u00eda hacerse m\u00e1s f\u00e1cil para las v\u00edctimas de abusos sexuales, de que la justicia haga su trabajo y se mueva&#8221;, sentenci\u00f3 Carolina, quien pas\u00f3 por todas las instancias judiciales, pero su caso finalmente prescribi\u00f3.<\/p>\n<p>Debido a los nuevos casos, la mujer pidi\u00f3 la apelaci\u00f3n de aquella medida, lo que le fue rechazado, por lo que junto a su abogada fueron a instancia de Casaci\u00f3n donde finalmente fueron aceptados sus argumentos y est\u00e1n a la espera de la reapertura de la causa. Caso contrario, confirm\u00f3 que solo queda iniciar desde cero el proceso.<\/p>\n<div class=\"center medium m_image\">\n<figure><picture><source srcset=\"https:\/\/www.diarioepoca.com\/content\/bucket\/2\/1323522w380h307c.jpg.webp\" type=\"image\/webp\" media=\"(min-width: 640px)\" \/><source srcset=\"https:\/\/www.diarioepoca.com\/content\/bucket\/2\/1323522w440h356c.jpg.webp\" type=\"image\/webp\" media=\"(min-width: 300px)\" \/><source srcset=\"https:\/\/www.diarioepoca.com\/content\/bucket\/2\/1323522w380h307c.jpg\" media=\"(min-width: 300px)\" \/><img loading=\"lazy\" decoding=\"async\" class=\"pic\" src=\"https:\/\/www.diarioepoca.com\/content\/bucket\/2\/1323522w380h307c.jpg.webp\" alt=\"\" width=\"380\" height=\"307\" \/><\/picture><\/figure>\n<\/div>\n<p>&nbsp;<\/p>\n<h2>La causa<\/h2>\n<p>La causa por la que Dahse fue detenido y lleg\u00f3 a juicio parti\u00f3 de una denuncia formulada en junio del 2021, por una joven que inicialmente lo &#8220;escrach\u00f3&#8221; por redes sociales bajo el seud\u00f3nimo de &#8220;Violeta&#8221;. En su publicaci\u00f3n, la v\u00edctima ventilaba lo sucedido en el consultorio del ginec\u00f3logo, durante un estudio de rutina. Durante la revisi\u00f3n en su zona vaginal, &#8220;Violeta&#8221; sinti\u00f3 que le m\u00e9dico estaba tocando de m\u00e1s, hasta que en un momento el m\u00e9dico le lami\u00f3 su vagina y esta situaci\u00f3n dej\u00f3 en shock a la paciente, quien solo atin\u00f3 a retirar al m\u00e9dico de entre sus piernas y advirti\u00f3 que la puerta del consultorio estaba bajo llave. Luego de irse del consultorio sin cruzar palabras con el m\u00e9dico, la joven hizo su descargo en redes sociales y en cuesti\u00f3n de horas el caso se ventil\u00f3 y tom\u00f3 estado p\u00fablico. La denuncia la formul\u00f3 d\u00edas m\u00e1s tarde, con asesor\u00eda legal.<\/p>\n<div class=\"center medium m_image\">\n<figure><picture><source srcset=\"https:\/\/www.diarioepoca.com\/content\/bucket\/3\/1323523w380h307c.jpg.webp\" type=\"image\/webp\" media=\"(min-width: 640px)\" \/><source srcset=\"https:\/\/www.diarioepoca.com\/content\/bucket\/3\/1323523w440h356c.jpg.webp\" type=\"image\/webp\" media=\"(min-width: 300px)\" \/><source srcset=\"https:\/\/www.diarioepoca.com\/content\/bucket\/3\/1323523w380h307c.jpg\" media=\"(min-width: 300px)\" \/><img loading=\"lazy\" decoding=\"async\" class=\"pic\" src=\"https:\/\/www.diarioepoca.com\/content\/bucket\/3\/1323523w380h307c.jpg.webp\" alt=\"\" width=\"380\" height=\"307\" \/><\/picture><\/figure>\n<\/div>\n<p>La causa llev\u00f3 casi dos a\u00f1os en instrucci\u00f3n. En el medio, y a un a\u00f1o del ataque. Dahse fue detenido por orden de la jueza Gonz\u00e1lez Caba\u00f1as, luego de protagonizar un incidente en la v\u00eda p\u00fablica, con otra de sus v\u00edctimas, quien lo hab\u00eda denunciado d\u00e9cadas atr\u00e1s y cuyo caso finalmente se cerr\u00f3 por falta de investigaci\u00f3n. Tras cuatro meses preso, un tribunal le concedi\u00f3 la libertad condicional y en esa circunstancia lleg\u00f3 a juicio.<\/p>\n<h2>Periodista agredida<\/h2>\n<p>Durante toda la jornada no se registr\u00f3 ning\u00fan tipo de incidente, hasta el momento en el que una custodia polic\u00eda retiraba a Dahse del lugar. Sin aviso previo y de forma totalmente imprudente y poco profesional, la Polic\u00eda comenz\u00f3 a rociar gas pimienta, que afect\u00f3 de forma directa a la colega de \u00e9poca Gabriela Villordo, quien debi\u00f3 ser retirada, lastimada y muy afectada. Nada justific\u00f3 esta reacci\u00f3n, ya que hasta all\u00ed todo fue en el marco del respeto de ambas partes, durante las casi siete horas de espera.<\/p>\n<p>Fuente: Diario \u00c9poca<\/p>\n","protected":false},"excerpt":{"rendered":"<div class=\"post-excerpt\"><p>Los jueces del TOP N\u00b01 tambi\u00e9n lo inhabilitaron para ejercer la medicina a perpetuidad, aunque no le revocaron por el momento el beneficio de la libertad, hasta tanto la condena quede firme. Hubo festejos y disturbios fuera del tribunal. El tribunal Oral Penal N\u00b01 conden\u00f3 ayer a siete a\u00f1os de prisi\u00f3n al ginec\u00f3logo Gerardo Dahse,<\/p>\n<\/div>","protected":false},"author":2,"featured_media":42256,"comment_status":"closed","ping_status":"closed","sticky":false,"template":"","format":"standard","meta":{"_acf_changed":false,"footnotes":""},"categories":[2],"tags":[],"class_list":["post-42255","post","type-post","status-publish","format-standard","has-post-thumbnail","hentry","category-noticias"],"acf":[],"yoast_head":"<!-- This site is optimized with the Yoast SEO plugin v28.1 - https:\/\/yoast.com\/product\/yoast-seo-wordpress\/ -->\n<title>Condenaron al ginec\u00f3logo Dahse a 7 a\u00f1os de prisi\u00f3n pero seguir\u00e1 libre - Horizonte<\/title>\n<meta name=\"robots\" content=\"index, follow, max-snippet:-1, max-image-preview:large, max-video-preview:-1\" \/>\n<link rel=\"canonical\" href=\"http:\/\/www.radiohorizonte.fm\/radio\/2023\/10\/06\/condenaron-al-ginecologo-dahse-7-anos-de-prision-pero-seguira-libre\/\" \/>\n<meta property=\"og:locale\" content=\"es_ES\" \/>\n<meta property=\"og:type\" content=\"article\" \/>\n<meta property=\"og:title\" content=\"Condenaron al ginec\u00f3logo Dahse a 7 a\u00f1os de prisi\u00f3n pero seguir\u00e1 libre - Horizonte\" \/>\n<meta property=\"og:description\" content=\"Los jueces del TOP N\u00b01 tambi\u00e9n lo inhabilitaron para ejercer la medicina a perpetuidad, aunque no le revocaron por el momento el beneficio de la libertad, hasta tanto la condena quede firme. Hubo festejos y disturbios fuera del tribunal. El tribunal Oral Penal N\u00b01 conden\u00f3 ayer a siete a\u00f1os de prisi\u00f3n al ginec\u00f3logo Gerardo Dahse,\" \/>\n<meta property=\"og:url\" content=\"http:\/\/www.radiohorizonte.fm\/radio\/2023\/10\/06\/condenaron-al-ginecologo-dahse-7-anos-de-prision-pero-seguira-libre\/\" \/>\n<meta property=\"og:site_name\" content=\"Horizonte\" \/>\n<meta property=\"article:publisher\" content=\"http:\/\/www.facebook.com\/HORIZONTE106.1\" \/>\n<meta property=\"article:published_time\" content=\"2023-10-06T10:21:59+00:00\" \/>\n<meta property=\"article:modified_time\" content=\"2023-10-06T10:22:57+00:00\" \/>\n<meta property=\"og:image\" content=\"http:\/\/www.radiohorizonte.fm\/radio\/wp-content\/uploads\/2023\/10\/1323511w762h431c.jpg.jpg\" \/>\n\t<meta property=\"og:image:width\" content=\"762\" \/>\n\t<meta property=\"og:image:height\" content=\"431\" \/>\n\t<meta property=\"og:image:type\" content=\"image\/jpeg\" \/>\n<meta name=\"author\" content=\"Cristian Galarza\" \/>\n<meta name=\"twitter:card\" content=\"summary_large_image\" \/>\n<meta name=\"twitter:creator\" content=\"@fmhorizonte1061\" \/>\n<meta name=\"twitter:site\" content=\"@fmhorizonte1061\" \/>\n<meta name=\"twitter:label1\" content=\"Escrito por\" \/>\n\t<meta name=\"twitter:data1\" content=\"Cristian Galarza\" \/>\n\t<meta name=\"twitter:label2\" content=\"Tiempo de lectura\" \/>\n\t<meta name=\"twitter:data2\" content=\"7 minutos\" \/>\n<script type=\"application\/ld+json\" class=\"yoast-schema-graph\">{\"@context\":\"https:\\\/\\\/schema.org\",\"@graph\":[{\"@type\":\"Article\",\"@id\":\"http:\\\/\\\/www.radiohorizonte.fm\\\/radio\\\/2023\\\/10\\\/06\\\/condenaron-al-ginecologo-dahse-7-anos-de-prision-pero-seguira-libre\\\/#article\",\"isPartOf\":{\"@id\":\"http:\\\/\\\/www.radiohorizonte.fm\\\/radio\\\/2023\\\/10\\\/06\\\/condenaron-al-ginecologo-dahse-7-anos-de-prision-pero-seguira-libre\\\/\"},\"author\":{\"name\":\"Cristian Galarza\",\"@id\":\"http:\\\/\\\/www.radiohorizonte.fm\\\/radio\\\/#\\\/schema\\\/person\\\/f8fa003a405bb86729fd87d15d0ddafa\"},\"headline\":\"Condenaron al ginec\u00f3logo Dahse a 7 a\u00f1os de prisi\u00f3n pero seguir\u00e1 libre\",\"datePublished\":\"2023-10-06T10:21:59+00:00\",\"dateModified\":\"2023-10-06T10:22:57+00:00\",\"mainEntityOfPage\":{\"@id\":\"http:\\\/\\\/www.radiohorizonte.fm\\\/radio\\\/2023\\\/10\\\/06\\\/condenaron-al-ginecologo-dahse-7-anos-de-prision-pero-seguira-libre\\\/\"},\"wordCount\":1360,\"publisher\":{\"@id\":\"http:\\\/\\\/www.radiohorizonte.fm\\\/radio\\\/#organization\"},\"image\":{\"@id\":\"http:\\\/\\\/www.radiohorizonte.fm\\\/radio\\\/2023\\\/10\\\/06\\\/condenaron-al-ginecologo-dahse-7-anos-de-prision-pero-seguira-libre\\\/#primaryimage\"},\"thumbnailUrl\":\"http:\\\/\\\/www.radiohorizonte.fm\\\/radio\\\/wp-content\\\/uploads\\\/2023\\\/10\\\/1323511w762h431c.jpg.jpg\",\"articleSection\":[\"Noticias\"],\"inLanguage\":\"es-AR\"},{\"@type\":\"WebPage\",\"@id\":\"http:\\\/\\\/www.radiohorizonte.fm\\\/radio\\\/2023\\\/10\\\/06\\\/condenaron-al-ginecologo-dahse-7-anos-de-prision-pero-seguira-libre\\\/\",\"url\":\"http:\\\/\\\/www.radiohorizonte.fm\\\/radio\\\/2023\\\/10\\\/06\\\/condenaron-al-ginecologo-dahse-7-anos-de-prision-pero-seguira-libre\\\/\",\"name\":\"Condenaron al ginec\u00f3logo Dahse a 7 a\u00f1os de prisi\u00f3n pero seguir\u00e1 libre - Horizonte\",\"isPartOf\":{\"@id\":\"http:\\\/\\\/www.radiohorizonte.fm\\\/radio\\\/#website\"},\"primaryImageOfPage\":{\"@id\":\"http:\\\/\\\/www.radiohorizonte.fm\\\/radio\\\/2023\\\/10\\\/06\\\/condenaron-al-ginecologo-dahse-7-anos-de-prision-pero-seguira-libre\\\/#primaryimage\"},\"image\":{\"@id\":\"http:\\\/\\\/www.radiohorizonte.fm\\\/radio\\\/2023\\\/10\\\/06\\\/condenaron-al-ginecologo-dahse-7-anos-de-prision-pero-seguira-libre\\\/#primaryimage\"},\"thumbnailUrl\":\"http:\\\/\\\/www.radiohorizonte.fm\\\/radio\\\/wp-content\\\/uploads\\\/2023\\\/10\\\/1323511w762h431c.jpg.jpg\",\"datePublished\":\"2023-10-06T10:21:59+00:00\",\"dateModified\":\"2023-10-06T10:22:57+00:00\",\"breadcrumb\":{\"@id\":\"http:\\\/\\\/www.radiohorizonte.fm\\\/radio\\\/2023\\\/10\\\/06\\\/condenaron-al-ginecologo-dahse-7-anos-de-prision-pero-seguira-libre\\\/#breadcrumb\"},\"inLanguage\":\"es-AR\",\"potentialAction\":[{\"@type\":\"ReadAction\",\"target\":[\"http:\\\/\\\/www.radiohorizonte.fm\\\/radio\\\/2023\\\/10\\\/06\\\/condenaron-al-ginecologo-dahse-7-anos-de-prision-pero-seguira-libre\\\/\"]}]},{\"@type\":\"ImageObject\",\"inLanguage\":\"es-AR\",\"@id\":\"http:\\\/\\\/www.radiohorizonte.fm\\\/radio\\\/2023\\\/10\\\/06\\\/condenaron-al-ginecologo-dahse-7-anos-de-prision-pero-seguira-libre\\\/#primaryimage\",\"url\":\"http:\\\/\\\/www.radiohorizonte.fm\\\/radio\\\/wp-content\\\/uploads\\\/2023\\\/10\\\/1323511w762h431c.jpg.jpg\",\"contentUrl\":\"http:\\\/\\\/www.radiohorizonte.fm\\\/radio\\\/wp-content\\\/uploads\\\/2023\\\/10\\\/1323511w762h431c.jpg.jpg\",\"width\":762,\"height\":431},{\"@type\":\"BreadcrumbList\",\"@id\":\"http:\\\/\\\/www.radiohorizonte.fm\\\/radio\\\/2023\\\/10\\\/06\\\/condenaron-al-ginecologo-dahse-7-anos-de-prision-pero-seguira-libre\\\/#breadcrumb\",\"itemListElement\":[{\"@type\":\"ListItem\",\"position\":1,\"name\":\"Home\",\"item\":\"http:\\\/\\\/www.radiohorizonte.fm\\\/radio\\\/\"},{\"@type\":\"ListItem\",\"position\":2,\"name\":\"Condenaron al ginec\u00f3logo Dahse a 7 a\u00f1os de prisi\u00f3n pero seguir\u00e1 libre\"}]},{\"@type\":\"WebSite\",\"@id\":\"http:\\\/\\\/www.radiohorizonte.fm\\\/radio\\\/#website\",\"url\":\"http:\\\/\\\/www.radiohorizonte.fm\\\/radio\\\/\",\"name\":\"Horizonte\",\"description\":\"Radio Horizonte 106.1 - Una radio de clasicos\",\"publisher\":{\"@id\":\"http:\\\/\\\/www.radiohorizonte.fm\\\/radio\\\/#organization\"},\"potentialAction\":[{\"@type\":\"SearchAction\",\"target\":{\"@type\":\"EntryPoint\",\"urlTemplate\":\"http:\\\/\\\/www.radiohorizonte.fm\\\/radio\\\/?s={search_term_string}\"},\"query-input\":{\"@type\":\"PropertyValueSpecification\",\"valueRequired\":true,\"valueName\":\"search_term_string\"}}],\"inLanguage\":\"es-AR\"},{\"@type\":\"Organization\",\"@id\":\"http:\\\/\\\/www.radiohorizonte.fm\\\/radio\\\/#organization\",\"name\":\"Horizonte\",\"url\":\"http:\\\/\\\/www.radiohorizonte.fm\\\/radio\\\/\",\"logo\":{\"@type\":\"ImageObject\",\"inLanguage\":\"es-AR\",\"@id\":\"http:\\\/\\\/www.radiohorizonte.fm\\\/radio\\\/#\\\/schema\\\/logo\\\/image\\\/\",\"url\":\"http:\\\/\\\/www.radiohorizonte.fm\\\/radio\\\/wp-content\\\/uploads\\\/2025\\\/06\\\/Portada-FM-Horizonte_modelo-imagen-scaled.jpg\",\"contentUrl\":\"http:\\\/\\\/www.radiohorizonte.fm\\\/radio\\\/wp-content\\\/uploads\\\/2025\\\/06\\\/Portada-FM-Horizonte_modelo-imagen-scaled.jpg\",\"width\":2560,\"height\":1056,\"caption\":\"Horizonte\"},\"image\":{\"@id\":\"http:\\\/\\\/www.radiohorizonte.fm\\\/radio\\\/#\\\/schema\\\/logo\\\/image\\\/\"},\"sameAs\":[\"http:\\\/\\\/www.facebook.com\\\/HORIZONTE106.1\",\"https:\\\/\\\/x.com\\\/fmhorizonte1061\"]},{\"@type\":\"Person\",\"@id\":\"http:\\\/\\\/www.radiohorizonte.fm\\\/radio\\\/#\\\/schema\\\/person\\\/f8fa003a405bb86729fd87d15d0ddafa\",\"name\":\"Cristian Galarza\",\"image\":{\"@type\":\"ImageObject\",\"inLanguage\":\"es-AR\",\"@id\":\"https:\\\/\\\/secure.gravatar.com\\\/avatar\\\/fad34bc2c773209c05d7d53b08a69b680eeb55f3be014e52b31643d20ab65925?s=96&d=mm&r=g\",\"url\":\"https:\\\/\\\/secure.gravatar.com\\\/avatar\\\/fad34bc2c773209c05d7d53b08a69b680eeb55f3be014e52b31643d20ab65925?s=96&d=mm&r=g\",\"contentUrl\":\"https:\\\/\\\/secure.gravatar.com\\\/avatar\\\/fad34bc2c773209c05d7d53b08a69b680eeb55f3be014e52b31643d20ab65925?s=96&d=mm&r=g\",\"caption\":\"Cristian Galarza\"},\"url\":\"http:\\\/\\\/www.radiohorizonte.fm\\\/radio\\\/author\\\/cristian\\\/\"}]}<\/script>\n<!-- \/ Yoast SEO plugin. -->","yoast_head_json":{"title":"Condenaron al ginec\u00f3logo Dahse a 7 a\u00f1os de prisi\u00f3n pero seguir\u00e1 libre - Horizonte","robots":{"index":"index","follow":"follow","max-snippet":"max-snippet:-1","max-image-preview":"max-image-preview:large","max-video-preview":"max-video-preview:-1"},"canonical":"http:\/\/www.radiohorizonte.fm\/radio\/2023\/10\/06\/condenaron-al-ginecologo-dahse-7-anos-de-prision-pero-seguira-libre\/","og_locale":"es_ES","og_type":"article","og_title":"Condenaron al ginec\u00f3logo Dahse a 7 a\u00f1os de prisi\u00f3n pero seguir\u00e1 libre - Horizonte","og_description":"Los jueces del TOP N\u00b01 tambi\u00e9n lo inhabilitaron para ejercer la medicina a perpetuidad, aunque no le revocaron por el momento el beneficio de la libertad, hasta tanto la condena quede firme. Hubo festejos y disturbios fuera del tribunal. El tribunal Oral Penal N\u00b01 conden\u00f3 ayer a siete a\u00f1os de prisi\u00f3n al ginec\u00f3logo Gerardo Dahse,","og_url":"http:\/\/www.radiohorizonte.fm\/radio\/2023\/10\/06\/condenaron-al-ginecologo-dahse-7-anos-de-prision-pero-seguira-libre\/","og_site_name":"Horizonte","article_publisher":"http:\/\/www.facebook.com\/HORIZONTE106.1","article_published_time":"2023-10-06T10:21:59+00:00","article_modified_time":"2023-10-06T10:22:57+00:00","og_image":[{"width":762,"height":431,"url":"http:\/\/www.radiohorizonte.fm\/radio\/wp-content\/uploads\/2023\/10\/1323511w762h431c.jpg.jpg","type":"image\/jpeg"}],"author":"Cristian Galarza","twitter_card":"summary_large_image","twitter_creator":"@fmhorizonte1061","twitter_site":"@fmhorizonte1061","twitter_misc":{"Escrito por":"Cristian Galarza","Tiempo de lectura":"7 minutos"},"schema":{"@context":"https:\/\/schema.org","@graph":[{"@type":"Article","@id":"http:\/\/www.radiohorizonte.fm\/radio\/2023\/10\/06\/condenaron-al-ginecologo-dahse-7-anos-de-prision-pero-seguira-libre\/#article","isPartOf":{"@id":"http:\/\/www.radiohorizonte.fm\/radio\/2023\/10\/06\/condenaron-al-ginecologo-dahse-7-anos-de-prision-pero-seguira-libre\/"},"author":{"name":"Cristian Galarza","@id":"http:\/\/www.radiohorizonte.fm\/radio\/#\/schema\/person\/f8fa003a405bb86729fd87d15d0ddafa"},"headline":"Condenaron al ginec\u00f3logo Dahse a 7 a\u00f1os de prisi\u00f3n pero seguir\u00e1 libre","datePublished":"2023-10-06T10:21:59+00:00","dateModified":"2023-10-06T10:22:57+00:00","mainEntityOfPage":{"@id":"http:\/\/www.radiohorizonte.fm\/radio\/2023\/10\/06\/condenaron-al-ginecologo-dahse-7-anos-de-prision-pero-seguira-libre\/"},"wordCount":1360,"publisher":{"@id":"http:\/\/www.radiohorizonte.fm\/radio\/#organization"},"image":{"@id":"http:\/\/www.radiohorizonte.fm\/radio\/2023\/10\/06\/condenaron-al-ginecologo-dahse-7-anos-de-prision-pero-seguira-libre\/#primaryimage"},"thumbnailUrl":"http:\/\/www.radiohorizonte.fm\/radio\/wp-content\/uploads\/2023\/10\/1323511w762h431c.jpg.jpg","articleSection":["Noticias"],"inLanguage":"es-AR"},{"@type":"WebPage","@id":"http:\/\/www.radiohorizonte.fm\/radio\/2023\/10\/06\/condenaron-al-ginecologo-dahse-7-anos-de-prision-pero-seguira-libre\/","url":"http:\/\/www.radiohorizonte.fm\/radio\/2023\/10\/06\/condenaron-al-ginecologo-dahse-7-anos-de-prision-pero-seguira-libre\/","name":"Condenaron al ginec\u00f3logo Dahse a 7 a\u00f1os de prisi\u00f3n pero seguir\u00e1 libre - Horizonte","isPartOf":{"@id":"http:\/\/www.radiohorizonte.fm\/radio\/#website"},"primaryImageOfPage":{"@id":"http:\/\/www.radiohorizonte.fm\/radio\/2023\/10\/06\/condenaron-al-ginecologo-dahse-7-anos-de-prision-pero-seguira-libre\/#primaryimage"},"image":{"@id":"http:\/\/www.radiohorizonte.fm\/radio\/2023\/10\/06\/condenaron-al-ginecologo-dahse-7-anos-de-prision-pero-seguira-libre\/#primaryimage"},"thumbnailUrl":"http:\/\/www.radiohorizonte.fm\/radio\/wp-content\/uploads\/2023\/10\/1323511w762h431c.jpg.jpg","datePublished":"2023-10-06T10:21:59+00:00","dateModified":"2023-10-06T10:22:57+00:00","breadcrumb":{"@id":"http:\/\/www.radiohorizonte.fm\/radio\/2023\/10\/06\/condenaron-al-ginecologo-dahse-7-anos-de-prision-pero-seguira-libre\/#breadcrumb"},"inLanguage":"es-AR","potentialAction":[{"@type":"ReadAction","target":["http:\/\/www.radiohorizonte.fm\/radio\/2023\/10\/06\/condenaron-al-ginecologo-dahse-7-anos-de-prision-pero-seguira-libre\/"]}]},{"@type":"ImageObject","inLanguage":"es-AR","@id":"http:\/\/www.radiohorizonte.fm\/radio\/2023\/10\/06\/condenaron-al-ginecologo-dahse-7-anos-de-prision-pero-seguira-libre\/#primaryimage","url":"http:\/\/www.radiohorizonte.fm\/radio\/wp-content\/uploads\/2023\/10\/1323511w762h431c.jpg.jpg","contentUrl":"http:\/\/www.radiohorizonte.fm\/radio\/wp-content\/uploads\/2023\/10\/1323511w762h431c.jpg.jpg","width":762,"height":431},{"@type":"BreadcrumbList","@id":"http:\/\/www.radiohorizonte.fm\/radio\/2023\/10\/06\/condenaron-al-ginecologo-dahse-7-anos-de-prision-pero-seguira-libre\/#breadcrumb","itemListElement":[{"@type":"ListItem","position":1,"name":"Home","item":"http:\/\/www.radiohorizonte.fm\/radio\/"},{"@type":"ListItem","position":2,"name":"Condenaron al ginec\u00f3logo Dahse a 7 a\u00f1os de prisi\u00f3n pero seguir\u00e1 libre"}]},{"@type":"WebSite","@id":"http:\/\/www.radiohorizonte.fm\/radio\/#website","url":"http:\/\/www.radiohorizonte.fm\/radio\/","name":"Horizonte","description":"Radio Horizonte 106.1 - Una radio de clasicos","publisher":{"@id":"http:\/\/www.radiohorizonte.fm\/radio\/#organization"},"potentialAction":[{"@type":"SearchAction","target":{"@type":"EntryPoint","urlTemplate":"http:\/\/www.radiohorizonte.fm\/radio\/?s={search_term_string}"},"query-input":{"@type":"PropertyValueSpecification","valueRequired":true,"valueName":"search_term_string"}}],"inLanguage":"es-AR"},{"@type":"Organization","@id":"http:\/\/www.radiohorizonte.fm\/radio\/#organization","name":"Horizonte","url":"http:\/\/www.radiohorizonte.fm\/radio\/","logo":{"@type":"ImageObject","inLanguage":"es-AR","@id":"http:\/\/www.radiohorizonte.fm\/radio\/#\/schema\/logo\/image\/","url":"http:\/\/www.radiohorizonte.fm\/radio\/wp-content\/uploads\/2025\/06\/Portada-FM-Horizonte_modelo-imagen-scaled.jpg","contentUrl":"http:\/\/www.radiohorizonte.fm\/radio\/wp-content\/uploads\/2025\/06\/Portada-FM-Horizonte_modelo-imagen-scaled.jpg","width":2560,"height":1056,"caption":"Horizonte"},"image":{"@id":"http:\/\/www.radiohorizonte.fm\/radio\/#\/schema\/logo\/image\/"},"sameAs":["http:\/\/www.facebook.com\/HORIZONTE106.1","https:\/\/x.com\/fmhorizonte1061"]},{"@type":"Person","@id":"http:\/\/www.radiohorizonte.fm\/radio\/#\/schema\/person\/f8fa003a405bb86729fd87d15d0ddafa","name":"Cristian Galarza","image":{"@type":"ImageObject","inLanguage":"es-AR","@id":"https:\/\/secure.gravatar.com\/avatar\/fad34bc2c773209c05d7d53b08a69b680eeb55f3be014e52b31643d20ab65925?s=96&d=mm&r=g","url":"https:\/\/secure.gravatar.com\/avatar\/fad34bc2c773209c05d7d53b08a69b680eeb55f3be014e52b31643d20ab65925?s=96&d=mm&r=g","contentUrl":"https:\/\/secure.gravatar.com\/avatar\/fad34bc2c773209c05d7d53b08a69b680eeb55f3be014e52b31643d20ab65925?s=96&d=mm&r=g","caption":"Cristian Galarza"},"url":"http:\/\/www.radiohorizonte.fm\/radio\/author\/cristian\/"}]}},"_links":{"self":[{"href":"http:\/\/www.radiohorizonte.fm\/radio\/wp-json\/wp\/v2\/posts\/42255","targetHints":{"allow":["GET"]}}],"collection":[{"href":"http:\/\/www.radiohorizonte.fm\/radio\/wp-json\/wp\/v2\/posts"}],"about":[{"href":"http:\/\/www.radiohorizonte.fm\/radio\/wp-json\/wp\/v2\/types\/post"}],"author":[{"embeddable":true,"href":"http:\/\/www.radiohorizonte.fm\/radio\/wp-json\/wp\/v2\/users\/2"}],"replies":[{"embeddable":true,"href":"http:\/\/www.radiohorizonte.fm\/radio\/wp-json\/wp\/v2\/comments?post=42255"}],"version-history":[{"count":2,"href":"http:\/\/www.radiohorizonte.fm\/radio\/wp-json\/wp\/v2\/posts\/42255\/revisions"}],"predecessor-version":[{"id":42258,"href":"http:\/\/www.radiohorizonte.fm\/radio\/wp-json\/wp\/v2\/posts\/42255\/revisions\/42258"}],"wp:featuredmedia":[{"embeddable":true,"href":"http:\/\/www.radiohorizonte.fm\/radio\/wp-json\/wp\/v2\/media\/42256"}],"wp:attachment":[{"href":"http:\/\/www.radiohorizonte.fm\/radio\/wp-json\/wp\/v2\/media?parent=42255"}],"wp:term":[{"taxonomy":"category","embeddable":true,"href":"http:\/\/www.radiohorizonte.fm\/radio\/wp-json\/wp\/v2\/categories?post=42255"},{"taxonomy":"post_tag","embeddable":true,"href":"http:\/\/www.radiohorizonte.fm\/radio\/wp-json\/wp\/v2\/tags?post=42255"}],"curies":[{"name":"wp","href":"https:\/\/api.w.org\/{rel}","templated":true}]}}