{"id":42260,"date":"2023-10-06T11:31:45","date_gmt":"2023-10-06T14:31:45","guid":{"rendered":"http:\/\/www.radiohorizonte.fm\/radio\/?p=42260"},"modified":"2023-10-06T11:31:45","modified_gmt":"2023-10-06T14:31:45","slug":"alumnos-de-la-escuela-beltran-representaran-corrientes-en-la-3-cumbre-mundial-de-jovenes","status":"publish","type":"post","link":"http:\/\/www.radiohorizonte.fm\/radio\/2023\/10\/06\/alumnos-de-la-escuela-beltran-representaran-corrientes-en-la-3-cumbre-mundial-de-jovenes\/","title":{"rendered":"Alumnos de la Escuela Beltr\u00e1n representar\u00e1n a Corrientes en la 3\u00b0 Cumbre Mundial de J\u00f3venes"},"content":{"rendered":"<p>La ministra de Educaci\u00f3n Pr\u00e1xedes L\u00f3pez recibi\u00f3 esta ma\u00f1ana a los alumnos y docentes de la Escuela T\u00e9cnica Fray Luis Beltr\u00e1n que el lunes viajaran a Ecuador para representar a Corrientes en la 3\u00b0 Cumbre Mundial de J\u00f3venes. El proyecto que expondr\u00e1n se titula Registro Pedag\u00f3gico.<\/p>\n<p><img loading=\"lazy\" decoding=\"async\" class=\"alignnone size-full wp-image-42261\" src=\"http:\/\/www.radiohorizonte.fm\/radio\/wp-content\/uploads\/2023\/10\/imagen-50892.jpg\" alt=\"\" width=\"716\" height=\"475\" srcset=\"http:\/\/www.radiohorizonte.fm\/radio\/wp-content\/uploads\/2023\/10\/imagen-50892.jpg 716w, http:\/\/www.radiohorizonte.fm\/radio\/wp-content\/uploads\/2023\/10\/imagen-50892-300x199.jpg 300w, http:\/\/www.radiohorizonte.fm\/radio\/wp-content\/uploads\/2023\/10\/imagen-50892-65x43.jpg 65w, http:\/\/www.radiohorizonte.fm\/radio\/wp-content\/uploads\/2023\/10\/imagen-50892-301x200.jpg 301w, http:\/\/www.radiohorizonte.fm\/radio\/wp-content\/uploads\/2023\/10\/imagen-50892-85x56.jpg 85w, http:\/\/www.radiohorizonte.fm\/radio\/wp-content\/uploads\/2023\/10\/imagen-50892-188x125.jpg 188w, http:\/\/www.radiohorizonte.fm\/radio\/wp-content\/uploads\/2023\/10\/imagen-50892-90x60.jpg 90w\" sizes=\"auto, (max-width: 716px) 100vw, 716px\" \/><\/p>\n<p>El grupo que viajar\u00e1 a Ecuador est\u00e1 conformado por las docentes Ofelia Arm\u00faa y Teresita Gonz\u00e1lez Azcoaga y los alumnos Ana Milagros, Esteban Fern\u00e1ndez, Octavio Fleitas y Sebasti\u00e1n Garc\u00eda.<\/p>\n<p>Durante la reuni\u00f3n de esta ma\u00f1ana, la ministra Pr\u00e1xedes L\u00f3pez resalt\u00f3 la importancia de contaron con docentes calificados y comprometidos, \u201csabemos que detr\u00e1s de cada logro de los alumnos hay docentes que estimulan y acompa\u00f1an\u201d, dijo y agreg\u00f3 que en estos cert\u00e1menes el aprendizaje mayor es el que se construye en el aula, \u201ces muy importante animarse a empezar un proyecto y tambi\u00e9n es importante equivocarse durante el proceso\u201d, marc\u00f3 en tanto ponder\u00f3 la tarea que realizan las escuelas t\u00e9cnicas y especialmente destac\u00f3 el crecimiento de la Escuela Beltr\u00e1n, \u201cesta escuela comenz\u00f3 siendo un centro de formaci\u00f3n profesional\u201d record\u00f3.<\/p>\n","protected":false},"excerpt":{"rendered":"<div class=\"post-excerpt\"><p>La ministra de Educaci\u00f3n Pr\u00e1xedes L\u00f3pez recibi\u00f3 esta ma\u00f1ana a los alumnos y docentes de la Escuela T\u00e9cnica Fray Luis Beltr\u00e1n que el lunes viajaran a Ecuador para representar a Corrientes en la 3\u00b0 Cumbre Mundial de J\u00f3venes. El proyecto que expondr\u00e1n se titula Registro Pedag\u00f3gico. El grupo que viajar\u00e1 a Ecuador est\u00e1 conformado por<\/p>\n<\/div>","protected":false},"author":2,"featured_media":42261,"comment_status":"closed","ping_status":"closed","sticky":false,"template":"","format":"standard","meta":{"_acf_changed":false,"footnotes":""},"categories":[2],"tags":[],"class_list":["post-42260","post","type-post","status-publish","format-standard","has-post-thumbnail","hentry","category-noticias"],"acf":[],"yoast_head":"<!-- This site is optimized with the Yoast SEO plugin v28.1 - https:\/\/yoast.com\/product\/yoast-seo-wordpress\/ -->\n<title>Alumnos de la Escuela Beltr\u00e1n representar\u00e1n a Corrientes en la 3\u00b0 Cumbre Mundial de J\u00f3venes - Horizonte<\/title>\n<meta name=\"robots\" content=\"index, follow, max-snippet:-1, max-image-preview:large, max-video-preview:-1\" \/>\n<link rel=\"canonical\" href=\"http:\/\/www.radiohorizonte.fm\/radio\/2023\/10\/06\/alumnos-de-la-escuela-beltran-representaran-corrientes-en-la-3-cumbre-mundial-de-jovenes\/\" \/>\n<meta property=\"og:locale\" content=\"es_ES\" \/>\n<meta property=\"og:type\" content=\"article\" \/>\n<meta property=\"og:title\" content=\"Alumnos de la Escuela Beltr\u00e1n representar\u00e1n a Corrientes en la 3\u00b0 Cumbre Mundial de J\u00f3venes - Horizonte\" \/>\n<meta property=\"og:description\" content=\"La ministra de Educaci\u00f3n Pr\u00e1xedes L\u00f3pez recibi\u00f3 esta ma\u00f1ana a los alumnos y docentes de la Escuela T\u00e9cnica Fray Luis Beltr\u00e1n que el lunes viajaran a Ecuador para representar a Corrientes en la 3\u00b0 Cumbre Mundial de J\u00f3venes. El proyecto que expondr\u00e1n se titula Registro Pedag\u00f3gico. El grupo que viajar\u00e1 a Ecuador est\u00e1 conformado por\" \/>\n<meta property=\"og:url\" content=\"http:\/\/www.radiohorizonte.fm\/radio\/2023\/10\/06\/alumnos-de-la-escuela-beltran-representaran-corrientes-en-la-3-cumbre-mundial-de-jovenes\/\" \/>\n<meta property=\"og:site_name\" content=\"Horizonte\" \/>\n<meta property=\"article:publisher\" content=\"http:\/\/www.facebook.com\/HORIZONTE106.1\" \/>\n<meta property=\"article:published_time\" content=\"2023-10-06T14:31:45+00:00\" \/>\n<meta property=\"og:image\" content=\"http:\/\/www.radiohorizonte.fm\/radio\/wp-content\/uploads\/2023\/10\/imagen-50892.jpg\" \/>\n\t<meta property=\"og:image:width\" content=\"716\" \/>\n\t<meta property=\"og:image:height\" content=\"475\" \/>\n\t<meta property=\"og:image:type\" content=\"image\/jpeg\" \/>\n<meta name=\"author\" content=\"Cristian Galarza\" \/>\n<meta name=\"twitter:card\" content=\"summary_large_image\" \/>\n<meta name=\"twitter:creator\" content=\"@fmhorizonte1061\" \/>\n<meta name=\"twitter:site\" content=\"@fmhorizonte1061\" \/>\n<meta name=\"twitter:label1\" content=\"Escrito por\" \/>\n\t<meta name=\"twitter:data1\" content=\"Cristian Galarza\" \/>\n\t<meta name=\"twitter:label2\" content=\"Tiempo de lectura\" \/>\n\t<meta name=\"twitter:data2\" content=\"1 minuto\" \/>\n<script type=\"application\/ld+json\" class=\"yoast-schema-graph\">{\"@context\":\"https:\\\/\\\/schema.org\",\"@graph\":[{\"@type\":\"Article\",\"@id\":\"http:\\\/\\\/www.radiohorizonte.fm\\\/radio\\\/2023\\\/10\\\/06\\\/alumnos-de-la-escuela-beltran-representaran-corrientes-en-la-3-cumbre-mundial-de-jovenes\\\/#article\",\"isPartOf\":{\"@id\":\"http:\\\/\\\/www.radiohorizonte.fm\\\/radio\\\/2023\\\/10\\\/06\\\/alumnos-de-la-escuela-beltran-representaran-corrientes-en-la-3-cumbre-mundial-de-jovenes\\\/\"},\"author\":{\"name\":\"Cristian Galarza\",\"@id\":\"http:\\\/\\\/www.radiohorizonte.fm\\\/radio\\\/#\\\/schema\\\/person\\\/f8fa003a405bb86729fd87d15d0ddafa\"},\"headline\":\"Alumnos de la Escuela Beltr\u00e1n representar\u00e1n a Corrientes en la 3\u00b0 Cumbre Mundial de J\u00f3venes\",\"datePublished\":\"2023-10-06T14:31:45+00:00\",\"mainEntityOfPage\":{\"@id\":\"http:\\\/\\\/www.radiohorizonte.fm\\\/radio\\\/2023\\\/10\\\/06\\\/alumnos-de-la-escuela-beltran-representaran-corrientes-en-la-3-cumbre-mundial-de-jovenes\\\/\"},\"wordCount\":215,\"publisher\":{\"@id\":\"http:\\\/\\\/www.radiohorizonte.fm\\\/radio\\\/#organization\"},\"image\":{\"@id\":\"http:\\\/\\\/www.radiohorizonte.fm\\\/radio\\\/2023\\\/10\\\/06\\\/alumnos-de-la-escuela-beltran-representaran-corrientes-en-la-3-cumbre-mundial-de-jovenes\\\/#primaryimage\"},\"thumbnailUrl\":\"http:\\\/\\\/www.radiohorizonte.fm\\\/radio\\\/wp-content\\\/uploads\\\/2023\\\/10\\\/imagen-50892.jpg\",\"articleSection\":[\"Noticias\"],\"inLanguage\":\"es-AR\"},{\"@type\":\"WebPage\",\"@id\":\"http:\\\/\\\/www.radiohorizonte.fm\\\/radio\\\/2023\\\/10\\\/06\\\/alumnos-de-la-escuela-beltran-representaran-corrientes-en-la-3-cumbre-mundial-de-jovenes\\\/\",\"url\":\"http:\\\/\\\/www.radiohorizonte.fm\\\/radio\\\/2023\\\/10\\\/06\\\/alumnos-de-la-escuela-beltran-representaran-corrientes-en-la-3-cumbre-mundial-de-jovenes\\\/\",\"name\":\"Alumnos de la Escuela Beltr\u00e1n representar\u00e1n a Corrientes en la 3\u00b0 Cumbre Mundial de J\u00f3venes - Horizonte\",\"isPartOf\":{\"@id\":\"http:\\\/\\\/www.radiohorizonte.fm\\\/radio\\\/#website\"},\"primaryImageOfPage\":{\"@id\":\"http:\\\/\\\/www.radiohorizonte.fm\\\/radio\\\/2023\\\/10\\\/06\\\/alumnos-de-la-escuela-beltran-representaran-corrientes-en-la-3-cumbre-mundial-de-jovenes\\\/#primaryimage\"},\"image\":{\"@id\":\"http:\\\/\\\/www.radiohorizonte.fm\\\/radio\\\/2023\\\/10\\\/06\\\/alumnos-de-la-escuela-beltran-representaran-corrientes-en-la-3-cumbre-mundial-de-jovenes\\\/#primaryimage\"},\"thumbnailUrl\":\"http:\\\/\\\/www.radiohorizonte.fm\\\/radio\\\/wp-content\\\/uploads\\\/2023\\\/10\\\/imagen-50892.jpg\",\"datePublished\":\"2023-10-06T14:31:45+00:00\",\"breadcrumb\":{\"@id\":\"http:\\\/\\\/www.radiohorizonte.fm\\\/radio\\\/2023\\\/10\\\/06\\\/alumnos-de-la-escuela-beltran-representaran-corrientes-en-la-3-cumbre-mundial-de-jovenes\\\/#breadcrumb\"},\"inLanguage\":\"es-AR\",\"potentialAction\":[{\"@type\":\"ReadAction\",\"target\":[\"http:\\\/\\\/www.radiohorizonte.fm\\\/radio\\\/2023\\\/10\\\/06\\\/alumnos-de-la-escuela-beltran-representaran-corrientes-en-la-3-cumbre-mundial-de-jovenes\\\/\"]}]},{\"@type\":\"ImageObject\",\"inLanguage\":\"es-AR\",\"@id\":\"http:\\\/\\\/www.radiohorizonte.fm\\\/radio\\\/2023\\\/10\\\/06\\\/alumnos-de-la-escuela-beltran-representaran-corrientes-en-la-3-cumbre-mundial-de-jovenes\\\/#primaryimage\",\"url\":\"http:\\\/\\\/www.radiohorizonte.fm\\\/radio\\\/wp-content\\\/uploads\\\/2023\\\/10\\\/imagen-50892.jpg\",\"contentUrl\":\"http:\\\/\\\/www.radiohorizonte.fm\\\/radio\\\/wp-content\\\/uploads\\\/2023\\\/10\\\/imagen-50892.jpg\",\"width\":716,\"height\":475},{\"@type\":\"BreadcrumbList\",\"@id\":\"http:\\\/\\\/www.radiohorizonte.fm\\\/radio\\\/2023\\\/10\\\/06\\\/alumnos-de-la-escuela-beltran-representaran-corrientes-en-la-3-cumbre-mundial-de-jovenes\\\/#breadcrumb\",\"itemListElement\":[{\"@type\":\"ListItem\",\"position\":1,\"name\":\"Home\",\"item\":\"http:\\\/\\\/www.radiohorizonte.fm\\\/radio\\\/\"},{\"@type\":\"ListItem\",\"position\":2,\"name\":\"Alumnos de la Escuela Beltr\u00e1n representar\u00e1n a Corrientes en la 3\u00b0 Cumbre Mundial de J\u00f3venes\"}]},{\"@type\":\"WebSite\",\"@id\":\"http:\\\/\\\/www.radiohorizonte.fm\\\/radio\\\/#website\",\"url\":\"http:\\\/\\\/www.radiohorizonte.fm\\\/radio\\\/\",\"name\":\"Horizonte\",\"description\":\"Radio Horizonte 106.1 - Una radio de clasicos\",\"publisher\":{\"@id\":\"http:\\\/\\\/www.radiohorizonte.fm\\\/radio\\\/#organization\"},\"potentialAction\":[{\"@type\":\"SearchAction\",\"target\":{\"@type\":\"EntryPoint\",\"urlTemplate\":\"http:\\\/\\\/www.radiohorizonte.fm\\\/radio\\\/?s={search_term_string}\"},\"query-input\":{\"@type\":\"PropertyValueSpecification\",\"valueRequired\":true,\"valueName\":\"search_term_string\"}}],\"inLanguage\":\"es-AR\"},{\"@type\":\"Organization\",\"@id\":\"http:\\\/\\\/www.radiohorizonte.fm\\\/radio\\\/#organization\",\"name\":\"Horizonte\",\"url\":\"http:\\\/\\\/www.radiohorizonte.fm\\\/radio\\\/\",\"logo\":{\"@type\":\"ImageObject\",\"inLanguage\":\"es-AR\",\"@id\":\"http:\\\/\\\/www.radiohorizonte.fm\\\/radio\\\/#\\\/schema\\\/logo\\\/image\\\/\",\"url\":\"http:\\\/\\\/www.radiohorizonte.fm\\\/radio\\\/wp-content\\\/uploads\\\/2025\\\/06\\\/Portada-FM-Horizonte_modelo-imagen-scaled.jpg\",\"contentUrl\":\"http:\\\/\\\/www.radiohorizonte.fm\\\/radio\\\/wp-content\\\/uploads\\\/2025\\\/06\\\/Portada-FM-Horizonte_modelo-imagen-scaled.jpg\",\"width\":2560,\"height\":1056,\"caption\":\"Horizonte\"},\"image\":{\"@id\":\"http:\\\/\\\/www.radiohorizonte.fm\\\/radio\\\/#\\\/schema\\\/logo\\\/image\\\/\"},\"sameAs\":[\"http:\\\/\\\/www.facebook.com\\\/HORIZONTE106.1\",\"https:\\\/\\\/x.com\\\/fmhorizonte1061\"]},{\"@type\":\"Person\",\"@id\":\"http:\\\/\\\/www.radiohorizonte.fm\\\/radio\\\/#\\\/schema\\\/person\\\/f8fa003a405bb86729fd87d15d0ddafa\",\"name\":\"Cristian Galarza\",\"image\":{\"@type\":\"ImageObject\",\"inLanguage\":\"es-AR\",\"@id\":\"https:\\\/\\\/secure.gravatar.com\\\/avatar\\\/fad34bc2c773209c05d7d53b08a69b680eeb55f3be014e52b31643d20ab65925?s=96&d=mm&r=g\",\"url\":\"https:\\\/\\\/secure.gravatar.com\\\/avatar\\\/fad34bc2c773209c05d7d53b08a69b680eeb55f3be014e52b31643d20ab65925?s=96&d=mm&r=g\",\"contentUrl\":\"https:\\\/\\\/secure.gravatar.com\\\/avatar\\\/fad34bc2c773209c05d7d53b08a69b680eeb55f3be014e52b31643d20ab65925?s=96&d=mm&r=g\",\"caption\":\"Cristian Galarza\"},\"url\":\"http:\\\/\\\/www.radiohorizonte.fm\\\/radio\\\/author\\\/cristian\\\/\"}]}<\/script>\n<!-- \/ Yoast SEO plugin. -->","yoast_head_json":{"title":"Alumnos de la Escuela Beltr\u00e1n representar\u00e1n a Corrientes en la 3\u00b0 Cumbre Mundial de J\u00f3venes - Horizonte","robots":{"index":"index","follow":"follow","max-snippet":"max-snippet:-1","max-image-preview":"max-image-preview:large","max-video-preview":"max-video-preview:-1"},"canonical":"http:\/\/www.radiohorizonte.fm\/radio\/2023\/10\/06\/alumnos-de-la-escuela-beltran-representaran-corrientes-en-la-3-cumbre-mundial-de-jovenes\/","og_locale":"es_ES","og_type":"article","og_title":"Alumnos de la Escuela Beltr\u00e1n representar\u00e1n a Corrientes en la 3\u00b0 Cumbre Mundial de J\u00f3venes - Horizonte","og_description":"La ministra de Educaci\u00f3n Pr\u00e1xedes L\u00f3pez recibi\u00f3 esta ma\u00f1ana a los alumnos y docentes de la Escuela T\u00e9cnica Fray Luis Beltr\u00e1n que el lunes viajaran a Ecuador para representar a Corrientes en la 3\u00b0 Cumbre Mundial de J\u00f3venes. El proyecto que expondr\u00e1n se titula Registro Pedag\u00f3gico. El grupo que viajar\u00e1 a Ecuador est\u00e1 conformado por","og_url":"http:\/\/www.radiohorizonte.fm\/radio\/2023\/10\/06\/alumnos-de-la-escuela-beltran-representaran-corrientes-en-la-3-cumbre-mundial-de-jovenes\/","og_site_name":"Horizonte","article_publisher":"http:\/\/www.facebook.com\/HORIZONTE106.1","article_published_time":"2023-10-06T14:31:45+00:00","og_image":[{"width":716,"height":475,"url":"http:\/\/www.radiohorizonte.fm\/radio\/wp-content\/uploads\/2023\/10\/imagen-50892.jpg","type":"image\/jpeg"}],"author":"Cristian Galarza","twitter_card":"summary_large_image","twitter_creator":"@fmhorizonte1061","twitter_site":"@fmhorizonte1061","twitter_misc":{"Escrito por":"Cristian Galarza","Tiempo de lectura":"1 minuto"},"schema":{"@context":"https:\/\/schema.org","@graph":[{"@type":"Article","@id":"http:\/\/www.radiohorizonte.fm\/radio\/2023\/10\/06\/alumnos-de-la-escuela-beltran-representaran-corrientes-en-la-3-cumbre-mundial-de-jovenes\/#article","isPartOf":{"@id":"http:\/\/www.radiohorizonte.fm\/radio\/2023\/10\/06\/alumnos-de-la-escuela-beltran-representaran-corrientes-en-la-3-cumbre-mundial-de-jovenes\/"},"author":{"name":"Cristian Galarza","@id":"http:\/\/www.radiohorizonte.fm\/radio\/#\/schema\/person\/f8fa003a405bb86729fd87d15d0ddafa"},"headline":"Alumnos de la Escuela Beltr\u00e1n representar\u00e1n a Corrientes en la 3\u00b0 Cumbre Mundial de J\u00f3venes","datePublished":"2023-10-06T14:31:45+00:00","mainEntityOfPage":{"@id":"http:\/\/www.radiohorizonte.fm\/radio\/2023\/10\/06\/alumnos-de-la-escuela-beltran-representaran-corrientes-en-la-3-cumbre-mundial-de-jovenes\/"},"wordCount":215,"publisher":{"@id":"http:\/\/www.radiohorizonte.fm\/radio\/#organization"},"image":{"@id":"http:\/\/www.radiohorizonte.fm\/radio\/2023\/10\/06\/alumnos-de-la-escuela-beltran-representaran-corrientes-en-la-3-cumbre-mundial-de-jovenes\/#primaryimage"},"thumbnailUrl":"http:\/\/www.radiohorizonte.fm\/radio\/wp-content\/uploads\/2023\/10\/imagen-50892.jpg","articleSection":["Noticias"],"inLanguage":"es-AR"},{"@type":"WebPage","@id":"http:\/\/www.radiohorizonte.fm\/radio\/2023\/10\/06\/alumnos-de-la-escuela-beltran-representaran-corrientes-en-la-3-cumbre-mundial-de-jovenes\/","url":"http:\/\/www.radiohorizonte.fm\/radio\/2023\/10\/06\/alumnos-de-la-escuela-beltran-representaran-corrientes-en-la-3-cumbre-mundial-de-jovenes\/","name":"Alumnos de la Escuela Beltr\u00e1n representar\u00e1n a Corrientes en la 3\u00b0 Cumbre Mundial de J\u00f3venes - Horizonte","isPartOf":{"@id":"http:\/\/www.radiohorizonte.fm\/radio\/#website"},"primaryImageOfPage":{"@id":"http:\/\/www.radiohorizonte.fm\/radio\/2023\/10\/06\/alumnos-de-la-escuela-beltran-representaran-corrientes-en-la-3-cumbre-mundial-de-jovenes\/#primaryimage"},"image":{"@id":"http:\/\/www.radiohorizonte.fm\/radio\/2023\/10\/06\/alumnos-de-la-escuela-beltran-representaran-corrientes-en-la-3-cumbre-mundial-de-jovenes\/#primaryimage"},"thumbnailUrl":"http:\/\/www.radiohorizonte.fm\/radio\/wp-content\/uploads\/2023\/10\/imagen-50892.jpg","datePublished":"2023-10-06T14:31:45+00:00","breadcrumb":{"@id":"http:\/\/www.radiohorizonte.fm\/radio\/2023\/10\/06\/alumnos-de-la-escuela-beltran-representaran-corrientes-en-la-3-cumbre-mundial-de-jovenes\/#breadcrumb"},"inLanguage":"es-AR","potentialAction":[{"@type":"ReadAction","target":["http:\/\/www.radiohorizonte.fm\/radio\/2023\/10\/06\/alumnos-de-la-escuela-beltran-representaran-corrientes-en-la-3-cumbre-mundial-de-jovenes\/"]}]},{"@type":"ImageObject","inLanguage":"es-AR","@id":"http:\/\/www.radiohorizonte.fm\/radio\/2023\/10\/06\/alumnos-de-la-escuela-beltran-representaran-corrientes-en-la-3-cumbre-mundial-de-jovenes\/#primaryimage","url":"http:\/\/www.radiohorizonte.fm\/radio\/wp-content\/uploads\/2023\/10\/imagen-50892.jpg","contentUrl":"http:\/\/www.radiohorizonte.fm\/radio\/wp-content\/uploads\/2023\/10\/imagen-50892.jpg","width":716,"height":475},{"@type":"BreadcrumbList","@id":"http:\/\/www.radiohorizonte.fm\/radio\/2023\/10\/06\/alumnos-de-la-escuela-beltran-representaran-corrientes-en-la-3-cumbre-mundial-de-jovenes\/#breadcrumb","itemListElement":[{"@type":"ListItem","position":1,"name":"Home","item":"http:\/\/www.radiohorizonte.fm\/radio\/"},{"@type":"ListItem","position":2,"name":"Alumnos de la Escuela Beltr\u00e1n representar\u00e1n a Corrientes en la 3\u00b0 Cumbre Mundial de J\u00f3venes"}]},{"@type":"WebSite","@id":"http:\/\/www.radiohorizonte.fm\/radio\/#website","url":"http:\/\/www.radiohorizonte.fm\/radio\/","name":"Horizonte","description":"Radio Horizonte 106.1 - Una radio de clasicos","publisher":{"@id":"http:\/\/www.radiohorizonte.fm\/radio\/#organization"},"potentialAction":[{"@type":"SearchAction","target":{"@type":"EntryPoint","urlTemplate":"http:\/\/www.radiohorizonte.fm\/radio\/?s={search_term_string}"},"query-input":{"@type":"PropertyValueSpecification","valueRequired":true,"valueName":"search_term_string"}}],"inLanguage":"es-AR"},{"@type":"Organization","@id":"http:\/\/www.radiohorizonte.fm\/radio\/#organization","name":"Horizonte","url":"http:\/\/www.radiohorizonte.fm\/radio\/","logo":{"@type":"ImageObject","inLanguage":"es-AR","@id":"http:\/\/www.radiohorizonte.fm\/radio\/#\/schema\/logo\/image\/","url":"http:\/\/www.radiohorizonte.fm\/radio\/wp-content\/uploads\/2025\/06\/Portada-FM-Horizonte_modelo-imagen-scaled.jpg","contentUrl":"http:\/\/www.radiohorizonte.fm\/radio\/wp-content\/uploads\/2025\/06\/Portada-FM-Horizonte_modelo-imagen-scaled.jpg","width":2560,"height":1056,"caption":"Horizonte"},"image":{"@id":"http:\/\/www.radiohorizonte.fm\/radio\/#\/schema\/logo\/image\/"},"sameAs":["http:\/\/www.facebook.com\/HORIZONTE106.1","https:\/\/x.com\/fmhorizonte1061"]},{"@type":"Person","@id":"http:\/\/www.radiohorizonte.fm\/radio\/#\/schema\/person\/f8fa003a405bb86729fd87d15d0ddafa","name":"Cristian Galarza","image":{"@type":"ImageObject","inLanguage":"es-AR","@id":"https:\/\/secure.gravatar.com\/avatar\/fad34bc2c773209c05d7d53b08a69b680eeb55f3be014e52b31643d20ab65925?s=96&d=mm&r=g","url":"https:\/\/secure.gravatar.com\/avatar\/fad34bc2c773209c05d7d53b08a69b680eeb55f3be014e52b31643d20ab65925?s=96&d=mm&r=g","contentUrl":"https:\/\/secure.gravatar.com\/avatar\/fad34bc2c773209c05d7d53b08a69b680eeb55f3be014e52b31643d20ab65925?s=96&d=mm&r=g","caption":"Cristian Galarza"},"url":"http:\/\/www.radiohorizonte.fm\/radio\/author\/cristian\/"}]}},"_links":{"self":[{"href":"http:\/\/www.radiohorizonte.fm\/radio\/wp-json\/wp\/v2\/posts\/42260","targetHints":{"allow":["GET"]}}],"collection":[{"href":"http:\/\/www.radiohorizonte.fm\/radio\/wp-json\/wp\/v2\/posts"}],"about":[{"href":"http:\/\/www.radiohorizonte.fm\/radio\/wp-json\/wp\/v2\/types\/post"}],"author":[{"embeddable":true,"href":"http:\/\/www.radiohorizonte.fm\/radio\/wp-json\/wp\/v2\/users\/2"}],"replies":[{"embeddable":true,"href":"http:\/\/www.radiohorizonte.fm\/radio\/wp-json\/wp\/v2\/comments?post=42260"}],"version-history":[{"count":1,"href":"http:\/\/www.radiohorizonte.fm\/radio\/wp-json\/wp\/v2\/posts\/42260\/revisions"}],"predecessor-version":[{"id":42262,"href":"http:\/\/www.radiohorizonte.fm\/radio\/wp-json\/wp\/v2\/posts\/42260\/revisions\/42262"}],"wp:featuredmedia":[{"embeddable":true,"href":"http:\/\/www.radiohorizonte.fm\/radio\/wp-json\/wp\/v2\/media\/42261"}],"wp:attachment":[{"href":"http:\/\/www.radiohorizonte.fm\/radio\/wp-json\/wp\/v2\/media?parent=42260"}],"wp:term":[{"taxonomy":"category","embeddable":true,"href":"http:\/\/www.radiohorizonte.fm\/radio\/wp-json\/wp\/v2\/categories?post=42260"},{"taxonomy":"post_tag","embeddable":true,"href":"http:\/\/www.radiohorizonte.fm\/radio\/wp-json\/wp\/v2\/tags?post=42260"}],"curies":[{"name":"wp","href":"https:\/\/api.w.org\/{rel}","templated":true}]}}